{"id":70030,"date":"2021-03-25T16:45:33","date_gmt":"2021-03-25T20:45:33","guid":{"rendered":"https:\/\/recursing-golick.147-182-135-0.plesk.page\/?p=70030"},"modified":"2021-03-25T21:18:02","modified_gmt":"2021-03-26T01:18:02","slug":"luis-a-bolivar-destacado-predicador-adventista-durante-la-violencia-intensa-en-colombia","status":"publish","type":"post","link":"https:\/\/interamerica.org\/es\/2021\/03\/luis-a-bolivar-destacado-predicador-adventista-durante-la-violencia-intensa-en-colombia\/","title":{"rendered":"Luis A. Bol\u00edvar, destacado predicador adventista durante la violencia intensa en Colombia"},"content":{"rendered":"<p>25 de marzo de 2021 | Silver Spring, Maryland, Estados Unidos | Por: Enoc Iglesias<\/p>\n<p><em>Este art\u00edculo fue extra\u00eddo de The Encyclopedia of Seventh-day Adventists [La enciclopedia de los adventistas del s\u00e9ptimo d\u00eda] (ESDA) a la que se puede acceder gratuitamente en <a href=\"https:\/\/encyclopedia.adventist.org\/\">encyclopedia.adventist.org<\/a>.<\/em><\/p>\n<p>Luis A. Bol\u00edvar fue uno de los m\u00e1s destacados obreros tempranos adventistas junto con Gilberto Bustamente, Tirso y Jorge Escand\u00f3n, y Samuel Camacho. Se distingui\u00f3 como predicador, administrador y cantante. Al igual que Bustamante, us\u00f3 su voz maravillosa en en el ministerio y el evangelismo.<a id=\"fnref1\" class=\"footnoteRef\" href=\"https:\/\/encyclopedia.adventist.org\/article?id=AHF5#fn1\"><sup>1<\/sup><\/a><\/p>\n<h3>Primeros a\u00f1os<\/h3>\n<p>Originario de Medell\u00edn, Colombia, Bol\u00edvar estudi\u00f3 en el Colegio Industrial Coloveno de Medell\u00edn, y fue uno de los doce estudiantes originales que comenzaron sus estudios en ese centro educativo. A menudo entreten\u00eda a sus compa\u00f1eros con su voz resonante y natural. Para pagarse los estudios, \u201cLuisito\u201d, como lo llamaban sus compa\u00f1eros, fabricaba chaquetas abrigadas para protegerse del fr\u00edo.<a id=\"fnref2\" class=\"footnoteRef\" href=\"https:\/\/encyclopedia.adventist.org\/article?id=AHF5#fn2\"><sup>2<\/sup><\/a><\/p>\n<h3>Matrimonio<\/h3>\n<p>Bol\u00edvar contrajo matrimonio con Orfa Rave, tambi\u00e9n de Medell\u00edn, y juntos tuvieron cuatro hijos: David, \u00c1lvaro y Samuel, todo ellos prestigiosos m\u00e9dicos; y Fernando, psic\u00f3logo. Adem\u00e1s tuvieron una hija, Loida, que tambi\u00e9n se capacit\u00f3 en un \u00e1rea relacionada con las ciencias m\u00e9dicas.<\/p>\n<h3>Carrera<\/h3>\n<p>Despu\u00e9s de completar sus estudios acad\u00e9micos, Bol\u00edvar pas\u00f3 su vida predicando la Palabra de Dios. Fue presidente de una misi\u00f3n, pastor de iglesia, y ocup\u00f3 otros cargos de la Iglesia Adventista del S\u00e9ptimo D\u00eda. Como presidente de la Misi\u00f3n del Pac\u00edfico con sede en Cali, Colombia, llev\u00f3 a la regi\u00f3n occidental del pa\u00eds a partir de 1942. Palmira, en Valle del Cauca, fue uno de los lugares que se benefici\u00f3 con sus labores. Su influencia cristiana tambi\u00e9n lleg\u00f3 hasta la Zona Cafetera.<\/p>\n<p>Bol\u00edvar enfrent\u00f3 una de las verdaderas pruebas de fuego en Bucaramanga, donde estaba pastoreando, \u201ccuando llovieron las balas y la violencia era intensa\u201d.<a id=\"fnref3\" class=\"footnoteRef\" href=\"https:\/\/encyclopedia.adventist.org\/article?id=AHF5#fn3\"><sup>3<\/sup><\/a> Bol\u00edvar precedi\u00f3 a John Griswell como pastor de la iglesia adventista de Bucaramanga (1950). Griswell cont\u00f3 una historia que revel\u00f3 a Bol\u00edvar como hombre de fe. Bol\u00edvar estableci\u00f3 un objetivo de bautismos, e insisti\u00f3 que pod\u00eda ser alcanzado. En efecto, hacia el fin de 1957, logr\u00f3 bautizar a 315 personas, una m\u00e1s que objetivo propuesto. Un exultante Griswell observ\u00f3: \u201cNo deber\u00edamos ser gobernados por blancos, pero estos nos ofrecen desaf\u00edos por los cuales orar y luchar\u201d.<a id=\"fnref4\" class=\"footnoteRef\" href=\"https:\/\/encyclopedia.adventist.org\/article?id=AHF5#fn4\"><sup>4<\/sup><\/a> En esa misma ciudad, Bol\u00edvar adquiri\u00f3 una casa para el colegio adventista en 1956. Fue presidente de la Misi\u00f3n del Alto Magdalena de noviembre de 1956 a mayo de 1957.<a id=\"fnref5\" class=\"footnoteRef\" href=\"https:\/\/encyclopedia.adventist.org\/article?id=AHF5#fn5\"><sup>5<\/sup><\/a><\/p>\n<p>Bol\u00edvar fue tambi\u00e9n presidente de la Misi\u00f3n del Pac\u00edfico, con sede en Santiago de Cali, Colombia, entre 1962 y 1966.<a id=\"fnref6\" class=\"footnoteRef\" href=\"https:\/\/encyclopedia.adventist.org\/article?id=AHF5#fn6\"><sup>6<\/sup><\/a> Su obra all\u00ed contribuy\u00f3 al progreso de la obra adventista en Colombia.<\/p>\n<p>Luis A. Bol\u00edvar falleci\u00f3 el 10 de julio de 1994 en Riverside, California.<a id=\"fnref7\" class=\"footnoteRef\" href=\"https:\/\/encyclopedia.adventist.org\/article?id=AHF5#fn7\"><sup>7<\/sup><\/a><\/p>\n<h3>Legacy<\/h3>\n<p>Bol\u00edvar y su esposa fueron defensores de toda la vida de la educaci\u00f3n adventista; todos sus hijos estudiaron en instituciones adventistas. Transmitieron a sus hijos un sentido de compassion y aor por otros, as\u00ed como un esp\u00edritu generoso de contribuir con causas educacionales: El Centro Acad\u00e9mico Bol\u00edvar Rave de la Universidad Adventista de Colombia que ahora opera en Medell\u00edn lleva ese hombre en honor de esta familia, que patrocin\u00f3 proyectos de construcci\u00f3n, y el Instituto Educativo Escand\u00f3n, ubicado en Quibd\u00f3, Choc\u00f3, Colombia, tambi\u00e9n demuestra el entusiasmo que ten\u00edan por mantener viva la educaci\u00f3n cristiana. Luis Bol\u00edvar y Tirso Escand\u00f3n vivieron \u201cvidas paralelas\u201d como predicadores de la verdad y padres de generaciones que siguen cumpliendo la misi\u00f3n de salvaci\u00f3n en los diversos campos en los que se desempe\u00f1an.<a id=\"fnref8\" class=\"footnoteRef\" href=\"https:\/\/encyclopedia.adventist.org\/article?id=AHF5#fn8\"><sup>8<\/sup><\/a><\/p>\n<p>En 1994, la Universidad Adventista de Colombia le confiri\u00f3 a Luis A. Bol\u00edvar el t\u00edtulo de Doctor en Teolog\u00eda <em>honoris causa<\/em>, en reconocimiento por su destacada carrera en la formaci\u00f3n de pastores de iglesia, consejero asesor de la Iglesia Adventista y campe\u00f3n de evangelismo b\u00edblico, en medio de las condiciones m\u00e1s dif\u00edciles. Ese t\u00edtulo fue el primero de su tipo que emiti\u00f3 la instituci\u00f3n en el \u00e1rea de teolog\u00eda.<a id=\"fnref9\" class=\"footnoteRef\" href=\"https:\/\/encyclopedia.adventist.org\/article?id=AHF5#fn9\"><sup>9<\/sup><\/a><\/p>\n<p>Para conocer las fuentes, ingrese AQU\u00cd<\/p>\n<p>Traducci\u00f3n de Marcos Paseggi<\/p>\n","protected":false},"excerpt":{"rendered":"<p>25 de marzo de 2021 | Silver Spring, Maryland, Estados Unidos | Por: Enoc Iglesias Este art\u00edculo fue extra\u00eddo de The Encyclopedia of Seventh-day Adventists [La enciclopedia de los adventistas&#8230;<\/p>\n","protected":false},"author":3,"featured_media":70023,"comment_status":"closed","ping_status":"closed","sticky":false,"template":"","format":"standard","meta":{"_acf_changed":false,"footnotes":""},"categories":[14,15],"tags":[],"class_list":["post-70030","post","type-post","status-publish","format-standard","has-post-thumbnail","hentry","category-de-la-iglesia-mundial","category-rss-espanol"],"acf":[],"yoast_head":"<!-- This site is optimized with the Yoast SEO plugin v27.3 - https:\/\/yoast.com\/product\/yoast-seo-wordpress\/ -->\n<title>Luis A. Bol\u00edvar, destacado predicador adventista durante la violencia intensa en Colombia - Iglesia Adventista del S\u00e9ptimo D\u00eda - Divisi\u00f3n Interamericana<\/title>\n<meta name=\"robots\" content=\"index, follow, max-snippet:-1, max-image-preview:large, max-video-preview:-1\" \/>\n<link rel=\"canonical\" href=\"https:\/\/interamerica.org\/es\/2021\/03\/luis-a-bolivar-destacado-predicador-adventista-durante-la-violencia-intensa-en-colombia\/\" \/>\n<meta property=\"og:locale\" content=\"es_ES\" \/>\n<meta property=\"og:type\" content=\"article\" \/>\n<meta property=\"og:title\" content=\"Luis A. Bol\u00edvar, destacado predicador adventista durante la violencia intensa en Colombia - Iglesia Adventista del S\u00e9ptimo D\u00eda - Divisi\u00f3n Interamericana\" \/>\n<meta property=\"og:description\" content=\"25 de marzo de 2021 | Silver Spring, Maryland, Estados Unidos | Por: Enoc Iglesias Este art\u00edculo fue extra\u00eddo de The Encyclopedia of Seventh-day Adventists [La enciclopedia de los adventistas...\" \/>\n<meta property=\"og:url\" content=\"https:\/\/interamerica.org\/es\/2021\/03\/luis-a-bolivar-destacado-predicador-adventista-durante-la-violencia-intensa-en-colombia\/\" \/>\n<meta property=\"og:site_name\" content=\"Iglesia Adventista del S\u00e9ptimo D\u00eda - Divisi\u00f3n Interamericana\" \/>\n<meta property=\"article:published_time\" content=\"2021-03-25T20:45:33+00:00\" \/>\n<meta property=\"article:modified_time\" content=\"2021-03-26T01:18:02+00:00\" \/>\n<meta property=\"og:image\" content=\"https:\/\/interamerica.org\/wp-content\/uploads\/2021\/03\/colombia-flavia-carpio-p3pfi8thbus-unsplash.jpg\" \/>\n\t<meta property=\"og:image:width\" content=\"1000\" \/>\n\t<meta property=\"og:image:height\" content=\"625\" \/>\n\t<meta property=\"og:image:type\" content=\"image\/jpeg\" \/>\n<meta name=\"author\" content=\"libna\" \/>\n<meta name=\"twitter:card\" content=\"summary_large_image\" \/>\n<meta name=\"twitter:label1\" content=\"Escrito por\" \/>\n\t<meta name=\"twitter:data1\" content=\"libna\" \/>\n\t<meta name=\"twitter:label2\" content=\"Tiempo de lectura\" \/>\n\t<meta name=\"twitter:data2\" content=\"3 minutos\" \/>\n<script type=\"application\/ld+json\" class=\"yoast-schema-graph\">{\"@context\":\"https:\\\/\\\/schema.org\",\"@graph\":[{\"@type\":\"Article\",\"@id\":\"https:\\\/\\\/interamerica.org\\\/es\\\/2021\\\/03\\\/luis-a-bolivar-destacado-predicador-adventista-durante-la-violencia-intensa-en-colombia\\\/#article\",\"isPartOf\":{\"@id\":\"https:\\\/\\\/interamerica.org\\\/es\\\/2021\\\/03\\\/luis-a-bolivar-destacado-predicador-adventista-durante-la-violencia-intensa-en-colombia\\\/\"},\"author\":{\"name\":\"libna\",\"@id\":\"https:\\\/\\\/interamerica.org\\\/es\\\/#\\\/schema\\\/person\\\/29998f2bc2d8bd0d38662909289b54f1\"},\"headline\":\"Luis A. Bol\u00edvar, destacado predicador adventista durante la violencia intensa en Colombia\",\"datePublished\":\"2021-03-25T20:45:33+00:00\",\"dateModified\":\"2021-03-26T01:18:02+00:00\",\"mainEntityOfPage\":{\"@id\":\"https:\\\/\\\/interamerica.org\\\/es\\\/2021\\\/03\\\/luis-a-bolivar-destacado-predicador-adventista-durante-la-violencia-intensa-en-colombia\\\/\"},\"wordCount\":731,\"image\":{\"@id\":\"https:\\\/\\\/interamerica.org\\\/es\\\/2021\\\/03\\\/luis-a-bolivar-destacado-predicador-adventista-durante-la-violencia-intensa-en-colombia\\\/#primaryimage\"},\"thumbnailUrl\":\"https:\\\/\\\/interamerica.org\\\/wp-content\\\/uploads\\\/2021\\\/03\\\/colombia-flavia-carpio-p3pfi8thbus-unsplash.jpg\",\"articleSection\":[\"Desde la iglesia mundial\",\"RSS Espa\u00f1ol\"],\"inLanguage\":\"es\"},{\"@type\":\"WebPage\",\"@id\":\"https:\\\/\\\/interamerica.org\\\/es\\\/2021\\\/03\\\/luis-a-bolivar-destacado-predicador-adventista-durante-la-violencia-intensa-en-colombia\\\/\",\"url\":\"https:\\\/\\\/interamerica.org\\\/es\\\/2021\\\/03\\\/luis-a-bolivar-destacado-predicador-adventista-durante-la-violencia-intensa-en-colombia\\\/\",\"name\":\"Luis A. Bol\u00edvar, destacado predicador adventista durante la violencia intensa en Colombia - Iglesia Adventista del S\u00e9ptimo D\u00eda - Divisi\u00f3n Interamericana\",\"isPartOf\":{\"@id\":\"https:\\\/\\\/interamerica.org\\\/es\\\/#website\"},\"primaryImageOfPage\":{\"@id\":\"https:\\\/\\\/interamerica.org\\\/es\\\/2021\\\/03\\\/luis-a-bolivar-destacado-predicador-adventista-durante-la-violencia-intensa-en-colombia\\\/#primaryimage\"},\"image\":{\"@id\":\"https:\\\/\\\/interamerica.org\\\/es\\\/2021\\\/03\\\/luis-a-bolivar-destacado-predicador-adventista-durante-la-violencia-intensa-en-colombia\\\/#primaryimage\"},\"thumbnailUrl\":\"https:\\\/\\\/interamerica.org\\\/wp-content\\\/uploads\\\/2021\\\/03\\\/colombia-flavia-carpio-p3pfi8thbus-unsplash.jpg\",\"datePublished\":\"2021-03-25T20:45:33+00:00\",\"dateModified\":\"2021-03-26T01:18:02+00:00\",\"author\":{\"@id\":\"https:\\\/\\\/interamerica.org\\\/es\\\/#\\\/schema\\\/person\\\/29998f2bc2d8bd0d38662909289b54f1\"},\"breadcrumb\":{\"@id\":\"https:\\\/\\\/interamerica.org\\\/es\\\/2021\\\/03\\\/luis-a-bolivar-destacado-predicador-adventista-durante-la-violencia-intensa-en-colombia\\\/#breadcrumb\"},\"inLanguage\":\"es\",\"potentialAction\":[{\"@type\":\"ReadAction\",\"target\":[\"https:\\\/\\\/interamerica.org\\\/es\\\/2021\\\/03\\\/luis-a-bolivar-destacado-predicador-adventista-durante-la-violencia-intensa-en-colombia\\\/\"]}]},{\"@type\":\"ImageObject\",\"inLanguage\":\"es\",\"@id\":\"https:\\\/\\\/interamerica.org\\\/es\\\/2021\\\/03\\\/luis-a-bolivar-destacado-predicador-adventista-durante-la-violencia-intensa-en-colombia\\\/#primaryimage\",\"url\":\"https:\\\/\\\/interamerica.org\\\/wp-content\\\/uploads\\\/2021\\\/03\\\/colombia-flavia-carpio-p3pfi8thbus-unsplash.jpg\",\"contentUrl\":\"https:\\\/\\\/interamerica.org\\\/wp-content\\\/uploads\\\/2021\\\/03\\\/colombia-flavia-carpio-p3pfi8thbus-unsplash.jpg\",\"width\":1000,\"height\":625,\"caption\":\"[Fotograf\u00eda: Flavia Carpio \\\/ Unsplash]\"},{\"@type\":\"BreadcrumbList\",\"@id\":\"https:\\\/\\\/interamerica.org\\\/es\\\/2021\\\/03\\\/luis-a-bolivar-destacado-predicador-adventista-durante-la-violencia-intensa-en-colombia\\\/#breadcrumb\",\"itemListElement\":[{\"@type\":\"ListItem\",\"position\":1,\"name\":\"Home\",\"item\":\"https:\\\/\\\/interamerica.org\\\/es\\\/\"},{\"@type\":\"ListItem\",\"position\":2,\"name\":\"Luis A. Bol\u00edvar, destacado predicador adventista durante la violencia intensa en Colombia\"}]},{\"@type\":\"WebSite\",\"@id\":\"https:\\\/\\\/interamerica.org\\\/es\\\/#website\",\"url\":\"https:\\\/\\\/interamerica.org\\\/es\\\/\",\"name\":\"Iglesia Adventista del S\u00e9ptimo D\u00eda - Divisi\u00f3n Interamericana\",\"description\":\"\",\"potentialAction\":[{\"@type\":\"SearchAction\",\"target\":{\"@type\":\"EntryPoint\",\"urlTemplate\":\"https:\\\/\\\/interamerica.org\\\/es\\\/?s={search_term_string}\"},\"query-input\":{\"@type\":\"PropertyValueSpecification\",\"valueRequired\":true,\"valueName\":\"search_term_string\"}}],\"inLanguage\":\"es\"},{\"@type\":\"Person\",\"@id\":\"https:\\\/\\\/interamerica.org\\\/es\\\/#\\\/schema\\\/person\\\/29998f2bc2d8bd0d38662909289b54f1\",\"name\":\"libna\",\"image\":{\"@type\":\"ImageObject\",\"inLanguage\":\"es\",\"@id\":\"https:\\\/\\\/secure.gravatar.com\\\/avatar\\\/7c5bd30ae4b47a9ba3c856590957fd1d96dc588bf3ac05719d247e126840331f?s=96&d=mm&r=g\",\"url\":\"https:\\\/\\\/secure.gravatar.com\\\/avatar\\\/7c5bd30ae4b47a9ba3c856590957fd1d96dc588bf3ac05719d247e126840331f?s=96&d=mm&r=g\",\"contentUrl\":\"https:\\\/\\\/secure.gravatar.com\\\/avatar\\\/7c5bd30ae4b47a9ba3c856590957fd1d96dc588bf3ac05719d247e126840331f?s=96&d=mm&r=g\",\"caption\":\"libna\"}}]}<\/script>\n<!-- \/ Yoast SEO plugin. -->","yoast_head_json":{"title":"Luis A. Bol\u00edvar, destacado predicador adventista durante la violencia intensa en Colombia - Iglesia Adventista del S\u00e9ptimo D\u00eda - Divisi\u00f3n Interamericana","robots":{"index":"index","follow":"follow","max-snippet":"max-snippet:-1","max-image-preview":"max-image-preview:large","max-video-preview":"max-video-preview:-1"},"canonical":"https:\/\/interamerica.org\/es\/2021\/03\/luis-a-bolivar-destacado-predicador-adventista-durante-la-violencia-intensa-en-colombia\/","og_locale":"es_ES","og_type":"article","og_title":"Luis A. Bol\u00edvar, destacado predicador adventista durante la violencia intensa en Colombia - Iglesia Adventista del S\u00e9ptimo D\u00eda - Divisi\u00f3n Interamericana","og_description":"25 de marzo de 2021 | Silver Spring, Maryland, Estados Unidos | Por: Enoc Iglesias Este art\u00edculo fue extra\u00eddo de The Encyclopedia of Seventh-day Adventists [La enciclopedia de los adventistas...","og_url":"https:\/\/interamerica.org\/es\/2021\/03\/luis-a-bolivar-destacado-predicador-adventista-durante-la-violencia-intensa-en-colombia\/","og_site_name":"Iglesia Adventista del S\u00e9ptimo D\u00eda - Divisi\u00f3n Interamericana","article_published_time":"2021-03-25T20:45:33+00:00","article_modified_time":"2021-03-26T01:18:02+00:00","og_image":[{"width":1000,"height":625,"url":"https:\/\/interamerica.org\/wp-content\/uploads\/2021\/03\/colombia-flavia-carpio-p3pfi8thbus-unsplash.jpg","type":"image\/jpeg"}],"author":"libna","twitter_card":"summary_large_image","twitter_misc":{"Escrito por":"libna","Tiempo de lectura":"3 minutos"},"schema":{"@context":"https:\/\/schema.org","@graph":[{"@type":"Article","@id":"https:\/\/interamerica.org\/es\/2021\/03\/luis-a-bolivar-destacado-predicador-adventista-durante-la-violencia-intensa-en-colombia\/#article","isPartOf":{"@id":"https:\/\/interamerica.org\/es\/2021\/03\/luis-a-bolivar-destacado-predicador-adventista-durante-la-violencia-intensa-en-colombia\/"},"author":{"name":"libna","@id":"https:\/\/interamerica.org\/es\/#\/schema\/person\/29998f2bc2d8bd0d38662909289b54f1"},"headline":"Luis A. Bol\u00edvar, destacado predicador adventista durante la violencia intensa en Colombia","datePublished":"2021-03-25T20:45:33+00:00","dateModified":"2021-03-26T01:18:02+00:00","mainEntityOfPage":{"@id":"https:\/\/interamerica.org\/es\/2021\/03\/luis-a-bolivar-destacado-predicador-adventista-durante-la-violencia-intensa-en-colombia\/"},"wordCount":731,"image":{"@id":"https:\/\/interamerica.org\/es\/2021\/03\/luis-a-bolivar-destacado-predicador-adventista-durante-la-violencia-intensa-en-colombia\/#primaryimage"},"thumbnailUrl":"https:\/\/interamerica.org\/wp-content\/uploads\/2021\/03\/colombia-flavia-carpio-p3pfi8thbus-unsplash.jpg","articleSection":["Desde la iglesia mundial","RSS Espa\u00f1ol"],"inLanguage":"es"},{"@type":"WebPage","@id":"https:\/\/interamerica.org\/es\/2021\/03\/luis-a-bolivar-destacado-predicador-adventista-durante-la-violencia-intensa-en-colombia\/","url":"https:\/\/interamerica.org\/es\/2021\/03\/luis-a-bolivar-destacado-predicador-adventista-durante-la-violencia-intensa-en-colombia\/","name":"Luis A. Bol\u00edvar, destacado predicador adventista durante la violencia intensa en Colombia - Iglesia Adventista del S\u00e9ptimo D\u00eda - Divisi\u00f3n Interamericana","isPartOf":{"@id":"https:\/\/interamerica.org\/es\/#website"},"primaryImageOfPage":{"@id":"https:\/\/interamerica.org\/es\/2021\/03\/luis-a-bolivar-destacado-predicador-adventista-durante-la-violencia-intensa-en-colombia\/#primaryimage"},"image":{"@id":"https:\/\/interamerica.org\/es\/2021\/03\/luis-a-bolivar-destacado-predicador-adventista-durante-la-violencia-intensa-en-colombia\/#primaryimage"},"thumbnailUrl":"https:\/\/interamerica.org\/wp-content\/uploads\/2021\/03\/colombia-flavia-carpio-p3pfi8thbus-unsplash.jpg","datePublished":"2021-03-25T20:45:33+00:00","dateModified":"2021-03-26T01:18:02+00:00","author":{"@id":"https:\/\/interamerica.org\/es\/#\/schema\/person\/29998f2bc2d8bd0d38662909289b54f1"},"breadcrumb":{"@id":"https:\/\/interamerica.org\/es\/2021\/03\/luis-a-bolivar-destacado-predicador-adventista-durante-la-violencia-intensa-en-colombia\/#breadcrumb"},"inLanguage":"es","potentialAction":[{"@type":"ReadAction","target":["https:\/\/interamerica.org\/es\/2021\/03\/luis-a-bolivar-destacado-predicador-adventista-durante-la-violencia-intensa-en-colombia\/"]}]},{"@type":"ImageObject","inLanguage":"es","@id":"https:\/\/interamerica.org\/es\/2021\/03\/luis-a-bolivar-destacado-predicador-adventista-durante-la-violencia-intensa-en-colombia\/#primaryimage","url":"https:\/\/interamerica.org\/wp-content\/uploads\/2021\/03\/colombia-flavia-carpio-p3pfi8thbus-unsplash.jpg","contentUrl":"https:\/\/interamerica.org\/wp-content\/uploads\/2021\/03\/colombia-flavia-carpio-p3pfi8thbus-unsplash.jpg","width":1000,"height":625,"caption":"[Fotograf\u00eda: Flavia Carpio \/ Unsplash]"},{"@type":"BreadcrumbList","@id":"https:\/\/interamerica.org\/es\/2021\/03\/luis-a-bolivar-destacado-predicador-adventista-durante-la-violencia-intensa-en-colombia\/#breadcrumb","itemListElement":[{"@type":"ListItem","position":1,"name":"Home","item":"https:\/\/interamerica.org\/es\/"},{"@type":"ListItem","position":2,"name":"Luis A. Bol\u00edvar, destacado predicador adventista durante la violencia intensa en Colombia"}]},{"@type":"WebSite","@id":"https:\/\/interamerica.org\/es\/#website","url":"https:\/\/interamerica.org\/es\/","name":"Iglesia Adventista del S\u00e9ptimo D\u00eda - Divisi\u00f3n Interamericana","description":"","potentialAction":[{"@type":"SearchAction","target":{"@type":"EntryPoint","urlTemplate":"https:\/\/interamerica.org\/es\/?s={search_term_string}"},"query-input":{"@type":"PropertyValueSpecification","valueRequired":true,"valueName":"search_term_string"}}],"inLanguage":"es"},{"@type":"Person","@id":"https:\/\/interamerica.org\/es\/#\/schema\/person\/29998f2bc2d8bd0d38662909289b54f1","name":"libna","image":{"@type":"ImageObject","inLanguage":"es","@id":"https:\/\/secure.gravatar.com\/avatar\/7c5bd30ae4b47a9ba3c856590957fd1d96dc588bf3ac05719d247e126840331f?s=96&d=mm&r=g","url":"https:\/\/secure.gravatar.com\/avatar\/7c5bd30ae4b47a9ba3c856590957fd1d96dc588bf3ac05719d247e126840331f?s=96&d=mm&r=g","contentUrl":"https:\/\/secure.gravatar.com\/avatar\/7c5bd30ae4b47a9ba3c856590957fd1d96dc588bf3ac05719d247e126840331f?s=96&d=mm&r=g","caption":"libna"}}]}},"_links":{"self":[{"href":"https:\/\/interamerica.org\/es\/wp-json\/wp\/v2\/posts\/70030","targetHints":{"allow":["GET"]}}],"collection":[{"href":"https:\/\/interamerica.org\/es\/wp-json\/wp\/v2\/posts"}],"about":[{"href":"https:\/\/interamerica.org\/es\/wp-json\/wp\/v2\/types\/post"}],"author":[{"embeddable":true,"href":"https:\/\/interamerica.org\/es\/wp-json\/wp\/v2\/users\/3"}],"replies":[{"embeddable":true,"href":"https:\/\/interamerica.org\/es\/wp-json\/wp\/v2\/comments?post=70030"}],"version-history":[{"count":0,"href":"https:\/\/interamerica.org\/es\/wp-json\/wp\/v2\/posts\/70030\/revisions"}],"wp:featuredmedia":[{"embeddable":true,"href":"https:\/\/interamerica.org\/es\/wp-json\/wp\/v2\/media\/70023"}],"wp:attachment":[{"href":"https:\/\/interamerica.org\/es\/wp-json\/wp\/v2\/media?parent=70030"}],"wp:term":[{"taxonomy":"category","embeddable":true,"href":"https:\/\/interamerica.org\/es\/wp-json\/wp\/v2\/categories?post=70030"},{"taxonomy":"post_tag","embeddable":true,"href":"https:\/\/interamerica.org\/es\/wp-json\/wp\/v2\/tags?post=70030"}],"curies":[{"name":"wp","href":"https:\/\/api.w.org\/{rel}","templated":true}]}}