{"id":70096,"date":"2021-03-25T21:47:07","date_gmt":"2021-03-26T01:47:07","guid":{"rendered":"https:\/\/recursing-golick.147-182-135-0.plesk.page\/?p=70096"},"modified":"2021-03-26T10:14:22","modified_gmt":"2021-03-26T14:14:22","slug":"como-podemos-considerar-las-ofrendas-como-una-promesa-a-dios","status":"publish","type":"post","link":"https:\/\/interamerica.org\/es\/2021\/03\/como-podemos-considerar-las-ofrendas-como-una-promesa-a-dios\/","title":{"rendered":"\u00bfC\u00f3mo podemos considerar las ofrendas como una promesa a Dios?"},"content":{"rendered":"<p>25\u00a0 de marzo de 2021 | Silver Spring, Maryland, Estados Unidos | Ted N.C. Wilson, President de la Asociaci\u00f3n General de los Adventistas del S\u00e9ptimo D\u00eda<\/p>\n<p><span style=\"font-weight: 400;\">\u00a1Hola amigos! \u00a1Espero que hayan tenido una semana maravillosa y est\u00e9n listos para disfrutar de otro s\u00e1bado de bendiciones!<\/span><\/p>\n<p><span style=\"font-weight: 400;\">Ustedes deben recordar que hace un par de semanas, en nuestro tiempo juntos, vimos la asombrosa historia de Abraham, el hombre Masai en Tanzania que decidi\u00f3 devolver el diezmo dando una d\u00e9cima parte de todo su ganado, y Dios lo bendijo de una manera asombrosa, mientras su ganado y ovejas se multiplicaron en gran manera. \u00a1Qu\u00e9 testimonio tan poderoso de c\u00f3mo Dios cumple su promesa de derramar bendiciones desde las ventanas de los cielos cuando le somos fieles!<\/span><\/p>\n<p><span style=\"font-weight: 400;\">La devoluci\u00f3n del diezmo y la entrega de ofrendas son pr\u00e1cticas antiguas establecidas por Dios mismo. Est\u00e1n destinados a ser una bendici\u00f3n incre\u00edble para nosotros, ya que conectan nuestro coraz\u00f3n con el coraz\u00f3n de Dios. Jes\u00fas mismo, nos dice en <\/span><b>Mateo 6:19-21\u201c No os hag\u00e1is tesoros en la tierra, donde la polilla y el or\u00edn corrompen, y donde ladrones minan y hurtan;\u00a0 sino haceos tesoros en el cielo, donde ni la polilla ni el or\u00edn corrompen, y donde ladrones no minan ni hurtan.\u00a0 Porque donde est\u00e9 vuestro tesoro, all\u00ed estar\u00e1 tambi\u00e9n vuestro coraz\u00f3n..\u201d<\/b><\/p>\n<p><span style=\"font-weight: 400;\">\u00a1Qu\u00e9 pensamiento tan incre\u00edble y hermoso es que hoy, a trav\u00e9s de la devoluci\u00f3n del diezmo y la entrega de ofrendas, nuestros corazones puedan estar en el cielo! Dios ama al dador alegre y anhela unir nuestro coraz\u00f3n con el suyo. Si bien nos pide que le devolvamos el diezmo, el diez por ciento de todos nuestros ingresos, tambi\u00e9n nos pide que demos ofrendas regulares y sistem\u00e1ticas para apoyar la misi\u00f3n de Su Iglesia. Esto es diferente a las ofrendas voluntarias, que se dan ocasionalmente, s\u00f3lo cuando uno se siente impresionado por dar.<\/span><\/p>\n<p><span style=\"font-weight: 400;\">De acuerdo a la Biblia, as\u00ed como recibimos, debemos de dar. En<\/span><b> Proverbios 3:9 <\/b><span style=\"font-weight: 400;\">leemos,<\/span><b> \u201cHonra a Jehov\u00e1 con tus bienes,Y con las primicias de todos tus frutos.\u201d<\/b><span style=\"font-weight: 400;\"> Y la Biblia tambi\u00e9n nos dice que debemos ser sistem\u00e1ticos en nuestras ofrendas, lo que significa que debemos determinar con anticipaci\u00f3n qu\u00e9 porcentaje de nuestros ingresos daremos como ofrendas de manera regular.<\/span><\/p>\n<p><span style=\"font-weight: 400;\">Una forma de identificar estas ofertas sistem\u00e1ticas y regulares es mediante la palabra \u00abPromesa\u00bb. Este concepto de \u00abPromesa\u00bb se explica con m\u00e1s detalle en el siguiente video producido por el departamento de Mayordom\u00eda de la Iglesia Adventista del S\u00e9ptimo D\u00eda.<\/span><\/p>\n<p><span style=\"font-weight: 400;\">Amigos, (hablando de generosidad), \u00a1nunca podremos superar al Se\u00f1or! \u00a1\u00c9l solo est\u00e1 esperando derramar Sus bendiciones sobre ti! Si deseas obtener m\u00e1s informaci\u00f3n sobre \u00abPromesas\u00bb y poner a Dios en primer lugar, te animo a visitar: stewardship.adventist.org\/what-is-promise<\/span><\/p>\n<p><span style=\"font-weight: 400;\">Perm\u00edtanme tener una palabra de oraci\u00f3n con ustedes ahora mismo. Padre celestial, te agradecemos que nos hayas dado tantas cosas, incluidos nuestros talentos, nuestras habilidades, nuestro tiempo y nuestros recursos. As\u00ed que, Se\u00f1or, confiamos en que todo esto est\u00e9 en tus manos, danos una idea de lo hermosa que es tu maravillosa receta, para devolverte los diezmos, son tuyos y acabamos de devolver ese 10% y luego las ofrendas sistem\u00e1ticas adicionales. Ayuda a cada uno a determinar, en consulta contigo, qu\u00e9 es apropiado para que ellos te entreguen como ofrenda preciosa, Se\u00f1or, gracias por las bendiciones que brindas, gracias por haber prometido derramar bendiciones por las ventanas de el cielo m\u00e1s de lo que jam\u00e1s podremos recibir, Se\u00f1or, testifico el hecho de que has hecho eso por m\u00ed, por mi familia, Se\u00f1or, que ese sea el caso para todos los que est\u00e1n viendo hoy. Nos has dicho que te probemos y veamos si no lo har\u00e1s, gracias. En el nombre de Jes\u00fas, am\u00e9n.<\/span><\/p>\n<p><iframe title=\"Mayordom\u00eda como una promesa \/ Pastor Ted Wilson\" src=\"https:\/\/player.vimeo.com\/video\/529054608?dnt=1&amp;app_id=122963\" width=\"500\" height=\"281\" frameborder=\"0\" allow=\"autoplay; fullscreen; picture-in-picture; clipboard-write\"><\/iframe><\/p>\n","protected":false},"excerpt":{"rendered":"<p>25\u00a0 de marzo de 2021 | Silver Spring, Maryland, Estados Unidos | Ted N.C. Wilson, President de la Asociaci\u00f3n General de los Adventistas del S\u00e9ptimo D\u00eda \u00a1Hola amigos! \u00a1Espero que&#8230;<\/p>\n","protected":false},"author":3,"featured_media":70100,"comment_status":"closed","ping_status":"closed","sticky":false,"template":"","format":"standard","meta":{"_acf_changed":false,"footnotes":""},"categories":[14,15],"tags":[],"class_list":["post-70096","post","type-post","status-publish","format-standard","has-post-thumbnail","hentry","category-de-la-iglesia-mundial","category-rss-espanol"],"acf":[],"yoast_head":"<!-- This site is optimized with the Yoast SEO plugin v27.3 - https:\/\/yoast.com\/product\/yoast-seo-wordpress\/ -->\n<title>\u00bfC\u00f3mo podemos considerar las ofrendas como una promesa a Dios? - Iglesia Adventista del S\u00e9ptimo D\u00eda - Divisi\u00f3n Interamericana<\/title>\n<meta name=\"robots\" content=\"index, follow, max-snippet:-1, max-image-preview:large, max-video-preview:-1\" \/>\n<link rel=\"canonical\" href=\"https:\/\/interamerica.org\/es\/2021\/03\/como-podemos-considerar-las-ofrendas-como-una-promesa-a-dios\/\" \/>\n<meta property=\"og:locale\" content=\"es_ES\" \/>\n<meta property=\"og:type\" content=\"article\" \/>\n<meta property=\"og:title\" content=\"\u00bfC\u00f3mo podemos considerar las ofrendas como una promesa a Dios? - Iglesia Adventista del S\u00e9ptimo D\u00eda - Divisi\u00f3n Interamericana\" \/>\n<meta property=\"og:description\" content=\"25\u00a0 de marzo de 2021 | Silver Spring, Maryland, Estados Unidos | Ted N.C. Wilson, President de la Asociaci\u00f3n General de los Adventistas del S\u00e9ptimo D\u00eda \u00a1Hola amigos! \u00a1Espero que...\" \/>\n<meta property=\"og:url\" content=\"https:\/\/interamerica.org\/es\/2021\/03\/como-podemos-considerar-las-ofrendas-como-una-promesa-a-dios\/\" \/>\n<meta property=\"og:site_name\" content=\"Iglesia Adventista del S\u00e9ptimo D\u00eda - Divisi\u00f3n Interamericana\" \/>\n<meta property=\"article:published_time\" content=\"2021-03-26T01:47:07+00:00\" \/>\n<meta property=\"article:modified_time\" content=\"2021-03-26T14:14:22+00:00\" \/>\n<meta property=\"og:image\" content=\"https:\/\/interamerica.org\/wp-content\/uploads\/2021\/03\/wilson-mar25-spanish.jpg\" \/>\n\t<meta property=\"og:image:width\" content=\"1000\" \/>\n\t<meta property=\"og:image:height\" content=\"563\" \/>\n\t<meta property=\"og:image:type\" content=\"image\/jpeg\" \/>\n<meta name=\"author\" content=\"libna\" \/>\n<meta name=\"twitter:card\" content=\"summary_large_image\" \/>\n<meta name=\"twitter:label1\" content=\"Escrito por\" \/>\n\t<meta name=\"twitter:data1\" content=\"libna\" \/>\n\t<meta name=\"twitter:label2\" content=\"Tiempo de lectura\" \/>\n\t<meta name=\"twitter:data2\" content=\"3 minutos\" \/>\n<script type=\"application\/ld+json\" class=\"yoast-schema-graph\">{\"@context\":\"https:\\\/\\\/schema.org\",\"@graph\":[{\"@type\":\"Article\",\"@id\":\"https:\\\/\\\/interamerica.org\\\/es\\\/2021\\\/03\\\/como-podemos-considerar-las-ofrendas-como-una-promesa-a-dios\\\/#article\",\"isPartOf\":{\"@id\":\"https:\\\/\\\/interamerica.org\\\/es\\\/2021\\\/03\\\/como-podemos-considerar-las-ofrendas-como-una-promesa-a-dios\\\/\"},\"author\":{\"name\":\"libna\",\"@id\":\"https:\\\/\\\/interamerica.org\\\/es\\\/#\\\/schema\\\/person\\\/29998f2bc2d8bd0d38662909289b54f1\"},\"headline\":\"\u00bfC\u00f3mo podemos considerar las ofrendas como una promesa a Dios?\",\"datePublished\":\"2021-03-26T01:47:07+00:00\",\"dateModified\":\"2021-03-26T14:14:22+00:00\",\"mainEntityOfPage\":{\"@id\":\"https:\\\/\\\/interamerica.org\\\/es\\\/2021\\\/03\\\/como-podemos-considerar-las-ofrendas-como-una-promesa-a-dios\\\/\"},\"wordCount\":676,\"image\":{\"@id\":\"https:\\\/\\\/interamerica.org\\\/es\\\/2021\\\/03\\\/como-podemos-considerar-las-ofrendas-como-una-promesa-a-dios\\\/#primaryimage\"},\"thumbnailUrl\":\"https:\\\/\\\/interamerica.org\\\/wp-content\\\/uploads\\\/2021\\\/03\\\/wilson-mar25-spanish.jpg\",\"articleSection\":[\"Desde la iglesia mundial\",\"RSS Espa\u00f1ol\"],\"inLanguage\":\"es\"},{\"@type\":\"WebPage\",\"@id\":\"https:\\\/\\\/interamerica.org\\\/es\\\/2021\\\/03\\\/como-podemos-considerar-las-ofrendas-como-una-promesa-a-dios\\\/\",\"url\":\"https:\\\/\\\/interamerica.org\\\/es\\\/2021\\\/03\\\/como-podemos-considerar-las-ofrendas-como-una-promesa-a-dios\\\/\",\"name\":\"\u00bfC\u00f3mo podemos considerar las ofrendas como una promesa a Dios? - Iglesia Adventista del S\u00e9ptimo D\u00eda - Divisi\u00f3n Interamericana\",\"isPartOf\":{\"@id\":\"https:\\\/\\\/interamerica.org\\\/es\\\/#website\"},\"primaryImageOfPage\":{\"@id\":\"https:\\\/\\\/interamerica.org\\\/es\\\/2021\\\/03\\\/como-podemos-considerar-las-ofrendas-como-una-promesa-a-dios\\\/#primaryimage\"},\"image\":{\"@id\":\"https:\\\/\\\/interamerica.org\\\/es\\\/2021\\\/03\\\/como-podemos-considerar-las-ofrendas-como-una-promesa-a-dios\\\/#primaryimage\"},\"thumbnailUrl\":\"https:\\\/\\\/interamerica.org\\\/wp-content\\\/uploads\\\/2021\\\/03\\\/wilson-mar25-spanish.jpg\",\"datePublished\":\"2021-03-26T01:47:07+00:00\",\"dateModified\":\"2021-03-26T14:14:22+00:00\",\"author\":{\"@id\":\"https:\\\/\\\/interamerica.org\\\/es\\\/#\\\/schema\\\/person\\\/29998f2bc2d8bd0d38662909289b54f1\"},\"breadcrumb\":{\"@id\":\"https:\\\/\\\/interamerica.org\\\/es\\\/2021\\\/03\\\/como-podemos-considerar-las-ofrendas-como-una-promesa-a-dios\\\/#breadcrumb\"},\"inLanguage\":\"es\",\"potentialAction\":[{\"@type\":\"ReadAction\",\"target\":[\"https:\\\/\\\/interamerica.org\\\/es\\\/2021\\\/03\\\/como-podemos-considerar-las-ofrendas-como-una-promesa-a-dios\\\/\"]}]},{\"@type\":\"ImageObject\",\"inLanguage\":\"es\",\"@id\":\"https:\\\/\\\/interamerica.org\\\/es\\\/2021\\\/03\\\/como-podemos-considerar-las-ofrendas-como-una-promesa-a-dios\\\/#primaryimage\",\"url\":\"https:\\\/\\\/interamerica.org\\\/wp-content\\\/uploads\\\/2021\\\/03\\\/wilson-mar25-spanish.jpg\",\"contentUrl\":\"https:\\\/\\\/interamerica.org\\\/wp-content\\\/uploads\\\/2021\\\/03\\\/wilson-mar25-spanish.jpg\",\"width\":1000,\"height\":563},{\"@type\":\"BreadcrumbList\",\"@id\":\"https:\\\/\\\/interamerica.org\\\/es\\\/2021\\\/03\\\/como-podemos-considerar-las-ofrendas-como-una-promesa-a-dios\\\/#breadcrumb\",\"itemListElement\":[{\"@type\":\"ListItem\",\"position\":1,\"name\":\"Home\",\"item\":\"https:\\\/\\\/interamerica.org\\\/es\\\/\"},{\"@type\":\"ListItem\",\"position\":2,\"name\":\"\u00bfC\u00f3mo podemos considerar las ofrendas como una promesa a Dios?\"}]},{\"@type\":\"WebSite\",\"@id\":\"https:\\\/\\\/interamerica.org\\\/es\\\/#website\",\"url\":\"https:\\\/\\\/interamerica.org\\\/es\\\/\",\"name\":\"Iglesia Adventista del S\u00e9ptimo D\u00eda - Divisi\u00f3n Interamericana\",\"description\":\"\",\"potentialAction\":[{\"@type\":\"SearchAction\",\"target\":{\"@type\":\"EntryPoint\",\"urlTemplate\":\"https:\\\/\\\/interamerica.org\\\/es\\\/?s={search_term_string}\"},\"query-input\":{\"@type\":\"PropertyValueSpecification\",\"valueRequired\":true,\"valueName\":\"search_term_string\"}}],\"inLanguage\":\"es\"},{\"@type\":\"Person\",\"@id\":\"https:\\\/\\\/interamerica.org\\\/es\\\/#\\\/schema\\\/person\\\/29998f2bc2d8bd0d38662909289b54f1\",\"name\":\"libna\",\"image\":{\"@type\":\"ImageObject\",\"inLanguage\":\"es\",\"@id\":\"https:\\\/\\\/secure.gravatar.com\\\/avatar\\\/7c5bd30ae4b47a9ba3c856590957fd1d96dc588bf3ac05719d247e126840331f?s=96&d=mm&r=g\",\"url\":\"https:\\\/\\\/secure.gravatar.com\\\/avatar\\\/7c5bd30ae4b47a9ba3c856590957fd1d96dc588bf3ac05719d247e126840331f?s=96&d=mm&r=g\",\"contentUrl\":\"https:\\\/\\\/secure.gravatar.com\\\/avatar\\\/7c5bd30ae4b47a9ba3c856590957fd1d96dc588bf3ac05719d247e126840331f?s=96&d=mm&r=g\",\"caption\":\"libna\"}}]}<\/script>\n<!-- \/ Yoast SEO plugin. -->","yoast_head_json":{"title":"\u00bfC\u00f3mo podemos considerar las ofrendas como una promesa a Dios? - Iglesia Adventista del S\u00e9ptimo D\u00eda - Divisi\u00f3n Interamericana","robots":{"index":"index","follow":"follow","max-snippet":"max-snippet:-1","max-image-preview":"max-image-preview:large","max-video-preview":"max-video-preview:-1"},"canonical":"https:\/\/interamerica.org\/es\/2021\/03\/como-podemos-considerar-las-ofrendas-como-una-promesa-a-dios\/","og_locale":"es_ES","og_type":"article","og_title":"\u00bfC\u00f3mo podemos considerar las ofrendas como una promesa a Dios? - Iglesia Adventista del S\u00e9ptimo D\u00eda - Divisi\u00f3n Interamericana","og_description":"25\u00a0 de marzo de 2021 | Silver Spring, Maryland, Estados Unidos | Ted N.C. Wilson, President de la Asociaci\u00f3n General de los Adventistas del S\u00e9ptimo D\u00eda \u00a1Hola amigos! \u00a1Espero que...","og_url":"https:\/\/interamerica.org\/es\/2021\/03\/como-podemos-considerar-las-ofrendas-como-una-promesa-a-dios\/","og_site_name":"Iglesia Adventista del S\u00e9ptimo D\u00eda - Divisi\u00f3n Interamericana","article_published_time":"2021-03-26T01:47:07+00:00","article_modified_time":"2021-03-26T14:14:22+00:00","og_image":[{"width":1000,"height":563,"url":"https:\/\/interamerica.org\/wp-content\/uploads\/2021\/03\/wilson-mar25-spanish.jpg","type":"image\/jpeg"}],"author":"libna","twitter_card":"summary_large_image","twitter_misc":{"Escrito por":"libna","Tiempo de lectura":"3 minutos"},"schema":{"@context":"https:\/\/schema.org","@graph":[{"@type":"Article","@id":"https:\/\/interamerica.org\/es\/2021\/03\/como-podemos-considerar-las-ofrendas-como-una-promesa-a-dios\/#article","isPartOf":{"@id":"https:\/\/interamerica.org\/es\/2021\/03\/como-podemos-considerar-las-ofrendas-como-una-promesa-a-dios\/"},"author":{"name":"libna","@id":"https:\/\/interamerica.org\/es\/#\/schema\/person\/29998f2bc2d8bd0d38662909289b54f1"},"headline":"\u00bfC\u00f3mo podemos considerar las ofrendas como una promesa a Dios?","datePublished":"2021-03-26T01:47:07+00:00","dateModified":"2021-03-26T14:14:22+00:00","mainEntityOfPage":{"@id":"https:\/\/interamerica.org\/es\/2021\/03\/como-podemos-considerar-las-ofrendas-como-una-promesa-a-dios\/"},"wordCount":676,"image":{"@id":"https:\/\/interamerica.org\/es\/2021\/03\/como-podemos-considerar-las-ofrendas-como-una-promesa-a-dios\/#primaryimage"},"thumbnailUrl":"https:\/\/interamerica.org\/wp-content\/uploads\/2021\/03\/wilson-mar25-spanish.jpg","articleSection":["Desde la iglesia mundial","RSS Espa\u00f1ol"],"inLanguage":"es"},{"@type":"WebPage","@id":"https:\/\/interamerica.org\/es\/2021\/03\/como-podemos-considerar-las-ofrendas-como-una-promesa-a-dios\/","url":"https:\/\/interamerica.org\/es\/2021\/03\/como-podemos-considerar-las-ofrendas-como-una-promesa-a-dios\/","name":"\u00bfC\u00f3mo podemos considerar las ofrendas como una promesa a Dios? - Iglesia Adventista del S\u00e9ptimo D\u00eda - Divisi\u00f3n Interamericana","isPartOf":{"@id":"https:\/\/interamerica.org\/es\/#website"},"primaryImageOfPage":{"@id":"https:\/\/interamerica.org\/es\/2021\/03\/como-podemos-considerar-las-ofrendas-como-una-promesa-a-dios\/#primaryimage"},"image":{"@id":"https:\/\/interamerica.org\/es\/2021\/03\/como-podemos-considerar-las-ofrendas-como-una-promesa-a-dios\/#primaryimage"},"thumbnailUrl":"https:\/\/interamerica.org\/wp-content\/uploads\/2021\/03\/wilson-mar25-spanish.jpg","datePublished":"2021-03-26T01:47:07+00:00","dateModified":"2021-03-26T14:14:22+00:00","author":{"@id":"https:\/\/interamerica.org\/es\/#\/schema\/person\/29998f2bc2d8bd0d38662909289b54f1"},"breadcrumb":{"@id":"https:\/\/interamerica.org\/es\/2021\/03\/como-podemos-considerar-las-ofrendas-como-una-promesa-a-dios\/#breadcrumb"},"inLanguage":"es","potentialAction":[{"@type":"ReadAction","target":["https:\/\/interamerica.org\/es\/2021\/03\/como-podemos-considerar-las-ofrendas-como-una-promesa-a-dios\/"]}]},{"@type":"ImageObject","inLanguage":"es","@id":"https:\/\/interamerica.org\/es\/2021\/03\/como-podemos-considerar-las-ofrendas-como-una-promesa-a-dios\/#primaryimage","url":"https:\/\/interamerica.org\/wp-content\/uploads\/2021\/03\/wilson-mar25-spanish.jpg","contentUrl":"https:\/\/interamerica.org\/wp-content\/uploads\/2021\/03\/wilson-mar25-spanish.jpg","width":1000,"height":563},{"@type":"BreadcrumbList","@id":"https:\/\/interamerica.org\/es\/2021\/03\/como-podemos-considerar-las-ofrendas-como-una-promesa-a-dios\/#breadcrumb","itemListElement":[{"@type":"ListItem","position":1,"name":"Home","item":"https:\/\/interamerica.org\/es\/"},{"@type":"ListItem","position":2,"name":"\u00bfC\u00f3mo podemos considerar las ofrendas como una promesa a Dios?"}]},{"@type":"WebSite","@id":"https:\/\/interamerica.org\/es\/#website","url":"https:\/\/interamerica.org\/es\/","name":"Iglesia Adventista del S\u00e9ptimo D\u00eda - Divisi\u00f3n Interamericana","description":"","potentialAction":[{"@type":"SearchAction","target":{"@type":"EntryPoint","urlTemplate":"https:\/\/interamerica.org\/es\/?s={search_term_string}"},"query-input":{"@type":"PropertyValueSpecification","valueRequired":true,"valueName":"search_term_string"}}],"inLanguage":"es"},{"@type":"Person","@id":"https:\/\/interamerica.org\/es\/#\/schema\/person\/29998f2bc2d8bd0d38662909289b54f1","name":"libna","image":{"@type":"ImageObject","inLanguage":"es","@id":"https:\/\/secure.gravatar.com\/avatar\/7c5bd30ae4b47a9ba3c856590957fd1d96dc588bf3ac05719d247e126840331f?s=96&d=mm&r=g","url":"https:\/\/secure.gravatar.com\/avatar\/7c5bd30ae4b47a9ba3c856590957fd1d96dc588bf3ac05719d247e126840331f?s=96&d=mm&r=g","contentUrl":"https:\/\/secure.gravatar.com\/avatar\/7c5bd30ae4b47a9ba3c856590957fd1d96dc588bf3ac05719d247e126840331f?s=96&d=mm&r=g","caption":"libna"}}]}},"_links":{"self":[{"href":"https:\/\/interamerica.org\/es\/wp-json\/wp\/v2\/posts\/70096","targetHints":{"allow":["GET"]}}],"collection":[{"href":"https:\/\/interamerica.org\/es\/wp-json\/wp\/v2\/posts"}],"about":[{"href":"https:\/\/interamerica.org\/es\/wp-json\/wp\/v2\/types\/post"}],"author":[{"embeddable":true,"href":"https:\/\/interamerica.org\/es\/wp-json\/wp\/v2\/users\/3"}],"replies":[{"embeddable":true,"href":"https:\/\/interamerica.org\/es\/wp-json\/wp\/v2\/comments?post=70096"}],"version-history":[{"count":0,"href":"https:\/\/interamerica.org\/es\/wp-json\/wp\/v2\/posts\/70096\/revisions"}],"wp:featuredmedia":[{"embeddable":true,"href":"https:\/\/interamerica.org\/es\/wp-json\/wp\/v2\/media\/70100"}],"wp:attachment":[{"href":"https:\/\/interamerica.org\/es\/wp-json\/wp\/v2\/media?parent=70096"}],"wp:term":[{"taxonomy":"category","embeddable":true,"href":"https:\/\/interamerica.org\/es\/wp-json\/wp\/v2\/categories?post=70096"},{"taxonomy":"post_tag","embeddable":true,"href":"https:\/\/interamerica.org\/es\/wp-json\/wp\/v2\/tags?post=70096"}],"curies":[{"name":"wp","href":"https:\/\/api.w.org\/{rel}","templated":true}]}}