{"id":70230,"date":"2021-03-31T08:02:16","date_gmt":"2021-03-31T12:02:16","guid":{"rendered":"https:\/\/recursing-golick.147-182-135-0.plesk.page\/?p=70230"},"modified":"2021-03-31T09:20:19","modified_gmt":"2021-03-31T13:20:19","slug":"adra-apoya-el-programa-the-birds-and-bees-talk-para-adolescentes","status":"publish","type":"post","link":"https:\/\/interamerica.org\/es\/2021\/03\/adra-apoya-el-programa-the-birds-and-bees-talk-para-adolescentes\/","title":{"rendered":"ADRA apoya charlas para adolescentes sobre salud y sexo"},"content":{"rendered":"<p>30 de marzo de 2021 | Silver Spring, Maryland, Estados Unidos | Por Agencia Adventista de Desarrollo y Recursos Asistenciales y <em>Adventist Review<\/em><\/p>\n<p>La Agencia Adventista de Desarrollo y Recursos Asistenciales (ADRA), en India, con el apoyo de Reckitt Benckiser (RB), una compa\u00f1\u00eda de bienes de consumo y fabricante de productos de salud, higiene y productos para el hogar, se dispone a lanzar un programa de dos a\u00f1os de duraci\u00f3n para jovencitos de 10 a 19 a\u00f1os, llamado <em>The Birds and Bees Talk<\/em>. La expresi\u00f3n en el idioma ingl\u00e9s \u201cthe birds and the bees\u201d (los pajaritos y las abejas) es un eufemismo muy com\u00fan que en ese idioma se usa para referirse a la discusi\u00f3n de los factores b\u00e1sicos acerca de sexo y reproducci\u00f3n al explic\u00e1rselos a los ni\u00f1os.<\/p>\n<p>\u201cEl prop\u00f3sito del programa es ayudar a los jovencitos a tomar decisiones bien informadas acerca de su salud y dotaros de habilidades y conocimientos b\u00e1sicos de la vida diaria\u201d, dijo Rajan Pydimalla, director del programa para la agencia ADRA en India. \u201cADRA ayuda a las personas necesitadas, especialmente a las m\u00e1s vulnerables, tales como mujeres, adultos mayores y comunidades minoritarias. Los ni\u00f1os no son la excepci\u00f3n. El sostener conversaciones abiertas a trav\u00e9s del programa <em>The Birds and Bees Talk, <\/em>les permite a los jovencitos hacer preguntas, entender qu\u00e9 resultados pueden tener en la vida bas\u00e1ndose en las decisiones que tomen y actuar en forma apropiada al llegar a tener m\u00e1s edad. La agencia ADRA agradece mucho el apoyo de RB en esta tan necesitada iniciativa y por hacer avanzar una causa que va a beneficiar a las generaciones futuras\u201d.<\/p>\n<p>El programa consta de 27 cursos dentro de un curr\u00edculo innovador y atractivo, dise\u00f1ado para atender este vac\u00edo de informaci\u00f3n en torno a la salud y derechos reproductivos y sexuales, a fin de proveerles un amplio y cabal m\u00f3dulo de conocimientos y habilidades de la vida diaria que tiene que ver con poder, protecci\u00f3n y placer.<\/p>\n<p>Para el 2023, el programa se propone alcanzar a dos millones de ni\u00f1os de escuelas del gobierno y privadas, en seis estados del noreste de India: Arunachal Pradesh, Manipur, Sikkim, Mizoram, Meghalaya y Nagaland.<\/p>\n<p><div id=\"attachment_70225\" style=\"width: 810px\" class=\"wp-caption aligncenter\"><img fetchpriority=\"high\" decoding=\"async\" aria-describedby=\"caption-attachment-70225\" class=\"wp-image-70225\" src=\"https:\/\/recursing-golick.147-182-135-0.plesk.page\/wp-content\/uploads\/2021\/03\/adra-india-img-20210318-wa0036.jpeg\" alt=\"\" width=\"800\" height=\"600\" srcset=\"https:\/\/interamerica.org\/wp-content\/uploads\/2021\/03\/adra-india-img-20210318-wa0036.jpeg 1000w, https:\/\/interamerica.org\/wp-content\/uploads\/2021\/03\/adra-india-img-20210318-wa0036-300x225.jpeg 300w, https:\/\/interamerica.org\/wp-content\/uploads\/2021\/03\/adra-india-img-20210318-wa0036-768x576.jpeg 768w\" sizes=\"(max-width: 800px) 100vw, 800px\" \/><p id=\"caption-attachment-70225\" class=\"wp-caption-text\">En el noreste de India, el grupo de los que participaron en las charlas posan al comienzo del evento. [Imagen: Priyadarshika Rai, ADRA]<\/p><\/div>A fin de obtener el apoyo de la comunidad, ADRA y RB organizaron una demostraci\u00f3n y jornada ciclista, en colaboraci\u00f3n con el Royal Motors Group, en Imphal, Manipur, en la que participaron m\u00e1s de 50 ciclistas. Los ciclistas participantes vest\u00edan una camiseta de color azul rey, con el logo <em>The Birds and Bees Talk<\/em>\u00a0y recorrieron en su bicicleta casi 110 kil\u00f3metros, desde Imphal East hasta \u00a0Bishnapur, para enfatizar la importancia de la toma de decisiones, el consentimiento y los conocimientos y habilidades pr\u00e1cticos en la vida de los adolescentes.<\/p>\n<p>Las autoridades gubernamentales, incluyendo el ministro de Recursos Hidr\u00e1ulicos, Asuntos Juveniles, Deportes, y el vicesecretario de Gesti\u00f3n Inversa y de Desastres, estuvieron presentes al inicio del evento cicl\u00edstico. Otros dignatarios estuvieron tambi\u00e9n presentes y elogiaron los esfuerzos combinados de RB y ADRA para ayudar a los adolescentes en ese Estado.<\/p>\n<p>\u201cLa adolescencia es una edad crucial en el desarrollo y comprensi\u00f3n de la salud y habilidades y conocimientos pr\u00e1cticos de vida de la persona\u201d, dijo Ravi Bhatnagar, director de asuntos externos y colaboraci\u00f3n en sociedad con otras entidades, de RB Health. \u201cCon el programa <em>The Birds and Bees Talk<\/em>, hemos elaborado formas muy atractivas para empoderar a los adolescentes con elementos esenciales de toma de decisiones, conocimientos, actitudes y valores. Nos proponemos promover conductas saludables, de tal manera que los adolescentes en los estados del noreste se desarrollen hasta llegar a ser adultos responsables y sanos\u201d.<\/p>\n<p>\u201cEsta concertaci\u00f3n entre ambas entidades tiene el fin de educar a los adolescentes respecto a su cuerpo, respecto a su salud y bienestar y hacerse responsables por su vida\u201d, dijo Weston Davis, director ADRA en el pa\u00eds de India. \u201cEstamos agradecidos a los maestros, los dirigentes de la comunidad y las autoridades del gobierno que han apoyado este programa. Estamos especialmente agradecidos a RB, que ha formado parte tan integral de la realizaci\u00f3n de este evento\u201d.<\/p>\n<p>India tiene el \u00edndice m\u00e1s alto de poblaci\u00f3n en el mundo, con m\u00e1s de 253 millones de adolescentes de entre 10 a 19 a\u00f1os, de acuerdo a <a href=\"https:\/\/data.unicef.org\/resources\/the-state-of-the-worlds-children-2011-adolescents-an-age-of-opportunity\/\">UNICEF<\/a>. Este rango de edad se compone de personas que atraviesan por una fase transicional de su vida que requiere de nutrici\u00f3n y educaci\u00f3n apropiada, concientizaci\u00f3n sexual, asesoramiento y orientaci\u00f3n, para asegurarnos de que se desarrollar\u00e1n como adultos saludables.<\/p>\n<p>Debido a varios desaf\u00edos socioecon\u00f3micos, muchos adolescentes en India no tienen acceso a informaci\u00f3n precisa y apropiada para su edad, sobre asuntos que ejercen fuerte impacto en su vida, de acuerdo a\u00a0<a href=\"https:\/\/www.ncbi.nlm.nih.gov\/pmc\/articles\/PMC4413087\/\"> un estudio en 2015<\/a>. Las jovencitas adolescentes, especialmente, son altamente vulnerables debido a la desigualdad de g\u00e9nero prevaleciente, lo que trae como resultado el abandono de los estudios, el estigma social en torno a t\u00f3picos tales como sexo y menstruaci\u00f3n, adem\u00e1s de matrimonios tempranos y embarazos.<\/p>\n<p>Adem\u00e1s, los estados de la regi\u00f3n noreste de India tienen, <a href=\"http:\/\/naco.gov.in\/hiv-facts-figures\">seg\u00fan informes<\/a>,\u00a0una prevalencia muy alta de VIH en adultos, incluyendo Mizoram (2.32 por ciento), Manipur (1.18 por ciento) y Nagaland (1.45 por ciento), que son porcentajes m\u00e1s altos que la prevalencia nacional promedio \u00a0(0.22 por ciento) en India. In Manipur, el rango de edad m\u00e1s productivo (15 a 39 a\u00f1os), cuenta con el \u00edndice m\u00e1ximo de defunciones debidas al VIH. La poblaci\u00f3n m\u00e1s joven de esta regi\u00f3n es vulnerable en el contexto de la infecci\u00f3n de VIH, particularmente los consumidores de drogas.<\/p>\n<p><em>La <\/em><a href=\"https:\/\/adra.org\/adras-birds-and-bees-project-to-help-children-in-india-make-smart-choices-about-health-and-life-skills\"><em>versi\u00f3n original <\/em><\/a><em>de esta noticia la public\u00f3 la\u00a0<\/em><a href=\"https:\/\/adra.org\/\"><em>Agencia Adventist de Desarrollo y Recursos Asistenciales<\/em><\/a><em>.<\/em><\/p>\n<p>Traducci\u00f3n \u2013 Gloria A. Castrej\u00f3n<\/p>\n<p>&nbsp;<\/p>\n","protected":false},"excerpt":{"rendered":"<p>30 de marzo de 2021 | Silver Spring, Maryland, Estados Unidos | Por Agencia Adventista de Desarrollo y Recursos Asistenciales y Adventist Review La Agencia Adventista de Desarrollo y Recursos&#8230;<\/p>\n","protected":false},"author":3,"featured_media":70221,"comment_status":"closed","ping_status":"closed","sticky":false,"template":"","format":"standard","meta":{"_acf_changed":false,"footnotes":""},"categories":[14,15],"tags":[],"class_list":["post-70230","post","type-post","status-publish","format-standard","has-post-thumbnail","hentry","category-de-la-iglesia-mundial","category-rss-espanol"],"acf":[],"yoast_head":"<!-- This site is optimized with the Yoast SEO plugin v27.3 - https:\/\/yoast.com\/product\/yoast-seo-wordpress\/ -->\n<title>ADRA apoya charlas para adolescentes sobre salud y sexo - Iglesia Adventista del S\u00e9ptimo D\u00eda - Divisi\u00f3n Interamericana<\/title>\n<meta name=\"robots\" content=\"index, follow, max-snippet:-1, max-image-preview:large, max-video-preview:-1\" \/>\n<link rel=\"canonical\" href=\"https:\/\/interamerica.org\/es\/2021\/03\/adra-apoya-el-programa-the-birds-and-bees-talk-para-adolescentes\/\" \/>\n<meta property=\"og:locale\" content=\"es_ES\" \/>\n<meta property=\"og:type\" content=\"article\" \/>\n<meta property=\"og:title\" content=\"ADRA apoya charlas para adolescentes sobre salud y sexo - Iglesia Adventista del S\u00e9ptimo D\u00eda - Divisi\u00f3n Interamericana\" \/>\n<meta property=\"og:description\" content=\"30 de marzo de 2021 | Silver Spring, Maryland, Estados Unidos | Por Agencia Adventista de Desarrollo y Recursos Asistenciales y Adventist Review La Agencia Adventista de Desarrollo y Recursos...\" \/>\n<meta property=\"og:url\" content=\"https:\/\/interamerica.org\/es\/2021\/03\/adra-apoya-el-programa-the-birds-and-bees-talk-para-adolescentes\/\" \/>\n<meta property=\"og:site_name\" content=\"Iglesia Adventista del S\u00e9ptimo D\u00eda - Divisi\u00f3n Interamericana\" \/>\n<meta property=\"article:published_time\" content=\"2021-03-31T12:02:16+00:00\" \/>\n<meta property=\"article:modified_time\" content=\"2021-03-31T13:20:19+00:00\" \/>\n<meta property=\"og:image\" content=\"https:\/\/interamerica.org\/wp-content\/uploads\/2021\/03\/adra-supports-the-birds-and-bees-talk-for-teens1280.jpg\" \/>\n\t<meta property=\"og:image:width\" content=\"1280\" \/>\n\t<meta property=\"og:image:height\" content=\"800\" \/>\n\t<meta property=\"og:image:type\" content=\"image\/jpeg\" \/>\n<meta name=\"author\" content=\"libna\" \/>\n<meta name=\"twitter:card\" content=\"summary_large_image\" \/>\n<meta name=\"twitter:label1\" content=\"Escrito por\" \/>\n\t<meta name=\"twitter:data1\" content=\"libna\" \/>\n\t<meta name=\"twitter:label2\" content=\"Tiempo de lectura\" \/>\n\t<meta name=\"twitter:data2\" content=\"5 minutos\" \/>\n<script type=\"application\/ld+json\" class=\"yoast-schema-graph\">{\"@context\":\"https:\\\/\\\/schema.org\",\"@graph\":[{\"@type\":\"Article\",\"@id\":\"https:\\\/\\\/interamerica.org\\\/es\\\/2021\\\/03\\\/adra-apoya-el-programa-the-birds-and-bees-talk-para-adolescentes\\\/#article\",\"isPartOf\":{\"@id\":\"https:\\\/\\\/interamerica.org\\\/es\\\/2021\\\/03\\\/adra-apoya-el-programa-the-birds-and-bees-talk-para-adolescentes\\\/\"},\"author\":{\"name\":\"libna\",\"@id\":\"https:\\\/\\\/interamerica.org\\\/es\\\/#\\\/schema\\\/person\\\/29998f2bc2d8bd0d38662909289b54f1\"},\"headline\":\"ADRA apoya charlas para adolescentes sobre salud y sexo\",\"datePublished\":\"2021-03-31T12:02:16+00:00\",\"dateModified\":\"2021-03-31T13:20:19+00:00\",\"mainEntityOfPage\":{\"@id\":\"https:\\\/\\\/interamerica.org\\\/es\\\/2021\\\/03\\\/adra-apoya-el-programa-the-birds-and-bees-talk-para-adolescentes\\\/\"},\"wordCount\":1020,\"image\":{\"@id\":\"https:\\\/\\\/interamerica.org\\\/es\\\/2021\\\/03\\\/adra-apoya-el-programa-the-birds-and-bees-talk-para-adolescentes\\\/#primaryimage\"},\"thumbnailUrl\":\"https:\\\/\\\/interamerica.org\\\/wp-content\\\/uploads\\\/2021\\\/03\\\/adra-supports-the-birds-and-bees-talk-for-teens1280.jpg\",\"articleSection\":[\"Desde la iglesia mundial\",\"RSS Espa\u00f1ol\"],\"inLanguage\":\"es\"},{\"@type\":\"WebPage\",\"@id\":\"https:\\\/\\\/interamerica.org\\\/es\\\/2021\\\/03\\\/adra-apoya-el-programa-the-birds-and-bees-talk-para-adolescentes\\\/\",\"url\":\"https:\\\/\\\/interamerica.org\\\/es\\\/2021\\\/03\\\/adra-apoya-el-programa-the-birds-and-bees-talk-para-adolescentes\\\/\",\"name\":\"ADRA apoya charlas para adolescentes sobre salud y sexo - Iglesia Adventista del S\u00e9ptimo D\u00eda - Divisi\u00f3n Interamericana\",\"isPartOf\":{\"@id\":\"https:\\\/\\\/interamerica.org\\\/es\\\/#website\"},\"primaryImageOfPage\":{\"@id\":\"https:\\\/\\\/interamerica.org\\\/es\\\/2021\\\/03\\\/adra-apoya-el-programa-the-birds-and-bees-talk-para-adolescentes\\\/#primaryimage\"},\"image\":{\"@id\":\"https:\\\/\\\/interamerica.org\\\/es\\\/2021\\\/03\\\/adra-apoya-el-programa-the-birds-and-bees-talk-para-adolescentes\\\/#primaryimage\"},\"thumbnailUrl\":\"https:\\\/\\\/interamerica.org\\\/wp-content\\\/uploads\\\/2021\\\/03\\\/adra-supports-the-birds-and-bees-talk-for-teens1280.jpg\",\"datePublished\":\"2021-03-31T12:02:16+00:00\",\"dateModified\":\"2021-03-31T13:20:19+00:00\",\"author\":{\"@id\":\"https:\\\/\\\/interamerica.org\\\/es\\\/#\\\/schema\\\/person\\\/29998f2bc2d8bd0d38662909289b54f1\"},\"breadcrumb\":{\"@id\":\"https:\\\/\\\/interamerica.org\\\/es\\\/2021\\\/03\\\/adra-apoya-el-programa-the-birds-and-bees-talk-para-adolescentes\\\/#breadcrumb\"},\"inLanguage\":\"es\",\"potentialAction\":[{\"@type\":\"ReadAction\",\"target\":[\"https:\\\/\\\/interamerica.org\\\/es\\\/2021\\\/03\\\/adra-apoya-el-programa-the-birds-and-bees-talk-para-adolescentes\\\/\"]}]},{\"@type\":\"ImageObject\",\"inLanguage\":\"es\",\"@id\":\"https:\\\/\\\/interamerica.org\\\/es\\\/2021\\\/03\\\/adra-apoya-el-programa-the-birds-and-bees-talk-para-adolescentes\\\/#primaryimage\",\"url\":\"https:\\\/\\\/interamerica.org\\\/wp-content\\\/uploads\\\/2021\\\/03\\\/adra-supports-the-birds-and-bees-talk-for-teens1280.jpg\",\"contentUrl\":\"https:\\\/\\\/interamerica.org\\\/wp-content\\\/uploads\\\/2021\\\/03\\\/adra-supports-the-birds-and-bees-talk-for-teens1280.jpg\",\"width\":1280,\"height\":800},{\"@type\":\"BreadcrumbList\",\"@id\":\"https:\\\/\\\/interamerica.org\\\/es\\\/2021\\\/03\\\/adra-apoya-el-programa-the-birds-and-bees-talk-para-adolescentes\\\/#breadcrumb\",\"itemListElement\":[{\"@type\":\"ListItem\",\"position\":1,\"name\":\"Home\",\"item\":\"https:\\\/\\\/interamerica.org\\\/es\\\/\"},{\"@type\":\"ListItem\",\"position\":2,\"name\":\"ADRA apoya charlas para adolescentes sobre salud y sexo\"}]},{\"@type\":\"WebSite\",\"@id\":\"https:\\\/\\\/interamerica.org\\\/es\\\/#website\",\"url\":\"https:\\\/\\\/interamerica.org\\\/es\\\/\",\"name\":\"Iglesia Adventista del S\u00e9ptimo D\u00eda - Divisi\u00f3n Interamericana\",\"description\":\"\",\"potentialAction\":[{\"@type\":\"SearchAction\",\"target\":{\"@type\":\"EntryPoint\",\"urlTemplate\":\"https:\\\/\\\/interamerica.org\\\/es\\\/?s={search_term_string}\"},\"query-input\":{\"@type\":\"PropertyValueSpecification\",\"valueRequired\":true,\"valueName\":\"search_term_string\"}}],\"inLanguage\":\"es\"},{\"@type\":\"Person\",\"@id\":\"https:\\\/\\\/interamerica.org\\\/es\\\/#\\\/schema\\\/person\\\/29998f2bc2d8bd0d38662909289b54f1\",\"name\":\"libna\",\"image\":{\"@type\":\"ImageObject\",\"inLanguage\":\"es\",\"@id\":\"https:\\\/\\\/secure.gravatar.com\\\/avatar\\\/7c5bd30ae4b47a9ba3c856590957fd1d96dc588bf3ac05719d247e126840331f?s=96&d=mm&r=g\",\"url\":\"https:\\\/\\\/secure.gravatar.com\\\/avatar\\\/7c5bd30ae4b47a9ba3c856590957fd1d96dc588bf3ac05719d247e126840331f?s=96&d=mm&r=g\",\"contentUrl\":\"https:\\\/\\\/secure.gravatar.com\\\/avatar\\\/7c5bd30ae4b47a9ba3c856590957fd1d96dc588bf3ac05719d247e126840331f?s=96&d=mm&r=g\",\"caption\":\"libna\"}}]}<\/script>\n<!-- \/ Yoast SEO plugin. -->","yoast_head_json":{"title":"ADRA apoya charlas para adolescentes sobre salud y sexo - Iglesia Adventista del S\u00e9ptimo D\u00eda - Divisi\u00f3n Interamericana","robots":{"index":"index","follow":"follow","max-snippet":"max-snippet:-1","max-image-preview":"max-image-preview:large","max-video-preview":"max-video-preview:-1"},"canonical":"https:\/\/interamerica.org\/es\/2021\/03\/adra-apoya-el-programa-the-birds-and-bees-talk-para-adolescentes\/","og_locale":"es_ES","og_type":"article","og_title":"ADRA apoya charlas para adolescentes sobre salud y sexo - Iglesia Adventista del S\u00e9ptimo D\u00eda - Divisi\u00f3n Interamericana","og_description":"30 de marzo de 2021 | Silver Spring, Maryland, Estados Unidos | Por Agencia Adventista de Desarrollo y Recursos Asistenciales y Adventist Review La Agencia Adventista de Desarrollo y Recursos...","og_url":"https:\/\/interamerica.org\/es\/2021\/03\/adra-apoya-el-programa-the-birds-and-bees-talk-para-adolescentes\/","og_site_name":"Iglesia Adventista del S\u00e9ptimo D\u00eda - Divisi\u00f3n Interamericana","article_published_time":"2021-03-31T12:02:16+00:00","article_modified_time":"2021-03-31T13:20:19+00:00","og_image":[{"width":1280,"height":800,"url":"https:\/\/interamerica.org\/wp-content\/uploads\/2021\/03\/adra-supports-the-birds-and-bees-talk-for-teens1280.jpg","type":"image\/jpeg"}],"author":"libna","twitter_card":"summary_large_image","twitter_misc":{"Escrito por":"libna","Tiempo de lectura":"5 minutos"},"schema":{"@context":"https:\/\/schema.org","@graph":[{"@type":"Article","@id":"https:\/\/interamerica.org\/es\/2021\/03\/adra-apoya-el-programa-the-birds-and-bees-talk-para-adolescentes\/#article","isPartOf":{"@id":"https:\/\/interamerica.org\/es\/2021\/03\/adra-apoya-el-programa-the-birds-and-bees-talk-para-adolescentes\/"},"author":{"name":"libna","@id":"https:\/\/interamerica.org\/es\/#\/schema\/person\/29998f2bc2d8bd0d38662909289b54f1"},"headline":"ADRA apoya charlas para adolescentes sobre salud y sexo","datePublished":"2021-03-31T12:02:16+00:00","dateModified":"2021-03-31T13:20:19+00:00","mainEntityOfPage":{"@id":"https:\/\/interamerica.org\/es\/2021\/03\/adra-apoya-el-programa-the-birds-and-bees-talk-para-adolescentes\/"},"wordCount":1020,"image":{"@id":"https:\/\/interamerica.org\/es\/2021\/03\/adra-apoya-el-programa-the-birds-and-bees-talk-para-adolescentes\/#primaryimage"},"thumbnailUrl":"https:\/\/interamerica.org\/wp-content\/uploads\/2021\/03\/adra-supports-the-birds-and-bees-talk-for-teens1280.jpg","articleSection":["Desde la iglesia mundial","RSS Espa\u00f1ol"],"inLanguage":"es"},{"@type":"WebPage","@id":"https:\/\/interamerica.org\/es\/2021\/03\/adra-apoya-el-programa-the-birds-and-bees-talk-para-adolescentes\/","url":"https:\/\/interamerica.org\/es\/2021\/03\/adra-apoya-el-programa-the-birds-and-bees-talk-para-adolescentes\/","name":"ADRA apoya charlas para adolescentes sobre salud y sexo - Iglesia Adventista del S\u00e9ptimo D\u00eda - Divisi\u00f3n Interamericana","isPartOf":{"@id":"https:\/\/interamerica.org\/es\/#website"},"primaryImageOfPage":{"@id":"https:\/\/interamerica.org\/es\/2021\/03\/adra-apoya-el-programa-the-birds-and-bees-talk-para-adolescentes\/#primaryimage"},"image":{"@id":"https:\/\/interamerica.org\/es\/2021\/03\/adra-apoya-el-programa-the-birds-and-bees-talk-para-adolescentes\/#primaryimage"},"thumbnailUrl":"https:\/\/interamerica.org\/wp-content\/uploads\/2021\/03\/adra-supports-the-birds-and-bees-talk-for-teens1280.jpg","datePublished":"2021-03-31T12:02:16+00:00","dateModified":"2021-03-31T13:20:19+00:00","author":{"@id":"https:\/\/interamerica.org\/es\/#\/schema\/person\/29998f2bc2d8bd0d38662909289b54f1"},"breadcrumb":{"@id":"https:\/\/interamerica.org\/es\/2021\/03\/adra-apoya-el-programa-the-birds-and-bees-talk-para-adolescentes\/#breadcrumb"},"inLanguage":"es","potentialAction":[{"@type":"ReadAction","target":["https:\/\/interamerica.org\/es\/2021\/03\/adra-apoya-el-programa-the-birds-and-bees-talk-para-adolescentes\/"]}]},{"@type":"ImageObject","inLanguage":"es","@id":"https:\/\/interamerica.org\/es\/2021\/03\/adra-apoya-el-programa-the-birds-and-bees-talk-para-adolescentes\/#primaryimage","url":"https:\/\/interamerica.org\/wp-content\/uploads\/2021\/03\/adra-supports-the-birds-and-bees-talk-for-teens1280.jpg","contentUrl":"https:\/\/interamerica.org\/wp-content\/uploads\/2021\/03\/adra-supports-the-birds-and-bees-talk-for-teens1280.jpg","width":1280,"height":800},{"@type":"BreadcrumbList","@id":"https:\/\/interamerica.org\/es\/2021\/03\/adra-apoya-el-programa-the-birds-and-bees-talk-para-adolescentes\/#breadcrumb","itemListElement":[{"@type":"ListItem","position":1,"name":"Home","item":"https:\/\/interamerica.org\/es\/"},{"@type":"ListItem","position":2,"name":"ADRA apoya charlas para adolescentes sobre salud y sexo"}]},{"@type":"WebSite","@id":"https:\/\/interamerica.org\/es\/#website","url":"https:\/\/interamerica.org\/es\/","name":"Iglesia Adventista del S\u00e9ptimo D\u00eda - Divisi\u00f3n Interamericana","description":"","potentialAction":[{"@type":"SearchAction","target":{"@type":"EntryPoint","urlTemplate":"https:\/\/interamerica.org\/es\/?s={search_term_string}"},"query-input":{"@type":"PropertyValueSpecification","valueRequired":true,"valueName":"search_term_string"}}],"inLanguage":"es"},{"@type":"Person","@id":"https:\/\/interamerica.org\/es\/#\/schema\/person\/29998f2bc2d8bd0d38662909289b54f1","name":"libna","image":{"@type":"ImageObject","inLanguage":"es","@id":"https:\/\/secure.gravatar.com\/avatar\/7c5bd30ae4b47a9ba3c856590957fd1d96dc588bf3ac05719d247e126840331f?s=96&d=mm&r=g","url":"https:\/\/secure.gravatar.com\/avatar\/7c5bd30ae4b47a9ba3c856590957fd1d96dc588bf3ac05719d247e126840331f?s=96&d=mm&r=g","contentUrl":"https:\/\/secure.gravatar.com\/avatar\/7c5bd30ae4b47a9ba3c856590957fd1d96dc588bf3ac05719d247e126840331f?s=96&d=mm&r=g","caption":"libna"}}]}},"_links":{"self":[{"href":"https:\/\/interamerica.org\/es\/wp-json\/wp\/v2\/posts\/70230","targetHints":{"allow":["GET"]}}],"collection":[{"href":"https:\/\/interamerica.org\/es\/wp-json\/wp\/v2\/posts"}],"about":[{"href":"https:\/\/interamerica.org\/es\/wp-json\/wp\/v2\/types\/post"}],"author":[{"embeddable":true,"href":"https:\/\/interamerica.org\/es\/wp-json\/wp\/v2\/users\/3"}],"replies":[{"embeddable":true,"href":"https:\/\/interamerica.org\/es\/wp-json\/wp\/v2\/comments?post=70230"}],"version-history":[{"count":0,"href":"https:\/\/interamerica.org\/es\/wp-json\/wp\/v2\/posts\/70230\/revisions"}],"wp:featuredmedia":[{"embeddable":true,"href":"https:\/\/interamerica.org\/es\/wp-json\/wp\/v2\/media\/70221"}],"wp:attachment":[{"href":"https:\/\/interamerica.org\/es\/wp-json\/wp\/v2\/media?parent=70230"}],"wp:term":[{"taxonomy":"category","embeddable":true,"href":"https:\/\/interamerica.org\/es\/wp-json\/wp\/v2\/categories?post=70230"},{"taxonomy":"post_tag","embeddable":true,"href":"https:\/\/interamerica.org\/es\/wp-json\/wp\/v2\/tags?post=70230"}],"curies":[{"name":"wp","href":"https:\/\/api.w.org\/{rel}","templated":true}]}}