{"id":70263,"date":"2021-03-31T10:15:11","date_gmt":"2021-03-31T14:15:11","guid":{"rendered":"https:\/\/recursing-golick.147-182-135-0.plesk.page\/?p=70263"},"modified":"2021-04-05T19:01:51","modified_gmt":"2021-04-05T23:01:51","slug":"en-guatemala-escuela-adventista-remota-duplica-numero-de-estudiantes-despues-de-instalar-laboratorio-de-computacion","status":"publish","type":"post","link":"https:\/\/interamerica.org\/es\/2021\/03\/en-guatemala-escuela-adventista-remota-duplica-numero-de-estudiantes-despues-de-instalar-laboratorio-de-computacion\/","title":{"rendered":"En Guatemala, escuela adventista remota duplica n\u00famero de estudiantes despu\u00e9s de instalar laboratorio de computaci\u00f3n"},"content":{"rendered":"<p><div id=\"attachment_70249\" style=\"width: 812px\" class=\"wp-caption aligncenter\"><img fetchpriority=\"high\" decoding=\"async\" aria-describedby=\"caption-attachment-70249\" class=\" wp-image-70249\" src=\"https:\/\/recursing-golick.147-182-135-0.plesk.page\/wp-content\/uploads\/2021\/03\/guatemala-salacuim-school.jpg\" alt=\"\" width=\"802\" height=\"501\" srcset=\"https:\/\/interamerica.org\/wp-content\/uploads\/2021\/03\/guatemala-salacuim-school.jpg 1000w, https:\/\/interamerica.org\/wp-content\/uploads\/2021\/03\/guatemala-salacuim-school-300x188.jpg 300w, https:\/\/interamerica.org\/wp-content\/uploads\/2021\/03\/guatemala-salacuim-school-768x480.jpg 768w\" sizes=\"(max-width: 802px) 100vw, 802px\" \/><p id=\"caption-attachment-70249\" class=\"wp-caption-text\">La Iglesia Adventista de Salacuim est\u00e1 ubicada en una aldea remota en la regi\u00f3n monta\u00f1osa cerca de Cob\u00e1n, Alta Verapaz, en la regi\u00f3n Central de Guatemala. La escuela duplic\u00f3 el n\u00famero de estudiantes despu\u00e9s de que instalaron un laboratorio de computaci\u00f3n en el campus a fines de febrero, semanas despu\u00e9s del comienzo del nuevo a\u00f1o escolar. Es el primer laboratorio de computaci\u00f3n que est\u00e1 a disposici\u00f3n de los estudiantes en las escuelas del pueblo de Salacuim. [Fotograf\u00eda: Uni\u00f3n Guatemalteca]<\/p><\/div>31 de marzo de 2021 | Cob\u00e1n, Alta Verapaz, Guatemala | Libna Stevens, Divisi\u00f3n Interamericana<\/p>\n<p>La Escuela Adventista de Salacium duplic\u00f3 hace poco el n\u00famero de estudiantes, gracias a un laboratorio de computaci\u00f3n en el campus. La escuela primaria es la primera en la peque\u00f1a aldea de Salacium, ubicada en una regi\u00f3n monta\u00f1osa y cafetera de la regi\u00f3n Central de Guatemala, en tener computadoras para sus estudiantes.<\/p>\n<p>El nuevo laboratorio tiene veinte computadoras de escritorio y port\u00e1tiles que fueron adquiridas con fondos especiales recaudados por la misi\u00f3n del norte y el departamento de educaci\u00f3n de la Iglesia Adventista en Guatemala.<\/p>\n<p>\u201cHay muchas necesidades aqu\u00ed, y la mayor\u00eda de los estudiantes jam\u00e1s hab\u00eda tocado una computadora, ni siquiera sab\u00eda c\u00f3mo encenderla, por lo que hubo un gran entusiasmo entre los estudiantes, docentes, padres y la comunidad\u201d, dijo Boris Max, director de la escuela.<\/p>\n<p><div id=\"attachment_70240\" style=\"width: 810px\" class=\"wp-caption aligncenter\"><img decoding=\"async\" aria-describedby=\"caption-attachment-70240\" class=\" wp-image-70240\" src=\"https:\/\/recursing-golick.147-182-135-0.plesk.page\/wp-content\/uploads\/2021\/03\/guatemala-salacuim-computer-lab.jpg\" alt=\"\" width=\"800\" height=\"599\" srcset=\"https:\/\/interamerica.org\/wp-content\/uploads\/2021\/03\/guatemala-salacuim-computer-lab.jpg 950w, https:\/\/interamerica.org\/wp-content\/uploads\/2021\/03\/guatemala-salacuim-computer-lab-300x225.jpg 300w, https:\/\/interamerica.org\/wp-content\/uploads\/2021\/03\/guatemala-salacuim-computer-lab-768x575.jpg 768w\" sizes=\"(max-width: 800px) 100vw, 800px\" \/><p id=\"caption-attachment-70240\" class=\"wp-caption-text\">Los l\u00edderes de la iglesia trajeron nuevas computadoras de escritorio y port\u00e1tiles durante una ceremonia especial en la escuela el 18 de febrero de 2021. [Fotograf\u00eda: Uni\u00f3n Guatemalteca]<\/p><\/div>Max dijo que la noticia se esparci\u00f3 r\u00e1pidamente por toda la comunidad, lo que result\u00f3 en un mayor n\u00famero de estudiantes matriculados en la escuela.<\/p>\n<p>\u201cPasamos de 53 estudiantes el a\u00f1o pasado a 108, y de cinco a seis maestros, y estamos necesitando otro [maestro]\u201d, dijo Max. Seg\u00fan Max, que tambi\u00e9n ense\u00f1a el quinto y sexto a\u00f1os, la matriculaci\u00f3n nunca hab\u00eda superado los 90 estudiantes en los 42 a\u00f1os desde que se estableci\u00f3 la escuela.<\/p>\n<p>Las nuevas computadoras fueron presentadas durante una ceremonia especial en el campus el pasado 18 de febrero, a la que asistieron los l\u00edderes de la iglesia. Los l\u00edderes tambi\u00e9n trajeron bolsas de comida, libros y tela para ayudar a fabricar los uniformes de los ni\u00f1os.<\/p>\n<p><div id=\"attachment_70243\" style=\"width: 812px\" class=\"wp-caption aligncenter\"><img decoding=\"async\" aria-describedby=\"caption-attachment-70243\" class=\" wp-image-70243\" src=\"https:\/\/recursing-golick.147-182-135-0.plesk.page\/wp-content\/uploads\/2021\/03\/guatemala-salacuim-kids-ceremony.jpg\" alt=\"\" width=\"802\" height=\"602\" srcset=\"https:\/\/interamerica.org\/wp-content\/uploads\/2021\/03\/guatemala-salacuim-kids-ceremony.jpg 950w, https:\/\/interamerica.org\/wp-content\/uploads\/2021\/03\/guatemala-salacuim-kids-ceremony-300x225.jpg 300w, https:\/\/interamerica.org\/wp-content\/uploads\/2021\/03\/guatemala-salacuim-kids-ceremony-768x576.jpg 768w\" sizes=\"(max-width: 802px) 100vw, 802px\" \/><p id=\"caption-attachment-70243\" class=\"wp-caption-text\">Un grupo de estudiantes j\u00f3venes exhibe sus nuevos libros, durante un programa especial llevado a cabo para agradecer a los l\u00edderes de la iglesia de Guatemala, en medio de los padres y amigos de la comunidad, el pasado 18 de febrero de 2021. [Fotograf\u00eda: Uni\u00f3n Guatemalteca]<\/p><\/div>\u201cLa Uni\u00f3n Guatemalteca se sinti\u00f3 muy feliz de donar diez computadoras, junto con las diez que don\u00f3 la misi\u00f3n, para ayudar a que la escuela crezca y contin\u00fae marcando una diferencia en la vida de los estudiantes, los padres y la comunidad\u201d, dijo Yanet Cima, directora de educaci\u00f3n de la Iglesia Adventista en Guatemala. Solo el 45 por ciento de sus estudiantes son adventistas del s\u00e9ptimo d\u00eda, por lo que es una gran oportunidad de tener un impacto con el mensaje del amor de Jes\u00fas en el pueblo\u201d, dijo Cima.<\/p>\n<p>Tres peque\u00f1as iglesias adventistas en Salacuim recaudaron suficientes fondos para apoyar a diez estudiantes necesitados de la comunidad, haciendo que fuera posible para ellos asistir a la escuela. La iglesia tambi\u00e9n ha estado distribuyendo cajas de comida y art\u00edculos para ayudar a los afectados por los huracanes que azotaron la regi\u00f3n el a\u00f1o pasado, dijo Max.<\/p>\n<p>Max dijo que la pandemia ha sido un desaf\u00edo para la Escuela Adventista de Salacium. Los maestros han estado visitando a los estudiantes en sus hogares para asegurarse de que est\u00e9n al d\u00eda con las lecciones.<\/p>\n<p><div id=\"attachment_70252\" style=\"width: 812px\" class=\"wp-caption aligncenter\"><img loading=\"lazy\" decoding=\"async\" aria-describedby=\"caption-attachment-70252\" class=\" wp-image-70252\" src=\"https:\/\/recursing-golick.147-182-135-0.plesk.page\/wp-content\/uploads\/2021\/03\/guatemala-salacuim-uniform-fabric.jpg\" alt=\"\" width=\"802\" height=\"602\" srcset=\"https:\/\/interamerica.org\/wp-content\/uploads\/2021\/03\/guatemala-salacuim-uniform-fabric.jpg 950w, https:\/\/interamerica.org\/wp-content\/uploads\/2021\/03\/guatemala-salacuim-uniform-fabric-300x225.jpg 300w, https:\/\/interamerica.org\/wp-content\/uploads\/2021\/03\/guatemala-salacuim-uniform-fabric-768x576.jpg 768w\" sizes=\"(max-width: 802px) 100vw, 802px\" \/><p id=\"caption-attachment-70252\" class=\"wp-caption-text\">La madre de un estudiante de la escuela recibe tela para el uniforme de manos del pastor Guenther Garc\u00eda (derecha), presidente de la Iglesia Adventista en Guatemala, durante la ceremonia. [Fotograf\u00eda: Uni\u00f3n Guatemalteca]<\/p><\/div>\u201cHa sido un desaf\u00edo, pero un buen desaf\u00edo\u201d, a\u00f1adi\u00f3 Max. \u201cHay mayores oportunidades ahora de alcanzar a m\u00e1s hogares con el amor de Dios\u201d. Max, que ha sido maestro por siete a\u00f1os, lo que incluye el comienzo de su segundo a\u00f1o en Salacium, dijo que aunque se han reanudado las clases presenciales, los salones de clase pueden recibir a solo ocho estudiantes por d\u00eda, lo que representa un ajuste que los maestros est\u00e1n llevando a cabo y respetando de la mejor manera posible.<\/p>\n<p>Max sue\u00f1a con ver que la escuela se expanda con al menos un sal\u00f3n de clases adicional, para que cada clase pueda tener su sal\u00f3n y maestro. \u201cQueremos que m\u00e1s estudiantes y familias acepten el amor de Jes\u00fas y tengan un impacto positivo doquiera vayan\u201d, dijo.<\/p>\n<p>La Iglesia Adventista de Salacuim cuenta con casi cuatrocientos miembros en tres congregaciones.<\/p>\n<p><div id=\"attachment_70237\" style=\"width: 623px\" class=\"wp-caption aligncenter\"><img loading=\"lazy\" decoding=\"async\" aria-describedby=\"caption-attachment-70237\" class=\" wp-image-70237\" src=\"https:\/\/recursing-golick.147-182-135-0.plesk.page\/wp-content\/uploads\/2021\/03\/guatemala-salacuim-classroom-day-of-prayer.jpg\" alt=\"\" width=\"613\" height=\"644\" srcset=\"https:\/\/interamerica.org\/wp-content\/uploads\/2021\/03\/guatemala-salacuim-classroom-day-of-prayer.jpg 800w, https:\/\/interamerica.org\/wp-content\/uploads\/2021\/03\/guatemala-salacuim-classroom-day-of-prayer-285x300.jpg 285w, https:\/\/interamerica.org\/wp-content\/uploads\/2021\/03\/guatemala-salacuim-classroom-day-of-prayer-768x807.jpg 768w\" sizes=\"(max-width: 613px) 100vw, 613px\" \/><p id=\"caption-attachment-70237\" class=\"wp-caption-text\">Los estudiantes observan el programa especial en l\u00ednea el 10 de marzo de 2021, durante el d\u00eda de oraci\u00f3n de la iglesia en las escuelas adventistas de la Divisi\u00f3n Interamericana. [Fotograf\u00eda: Uni\u00f3n Guatemalteca]<\/p><\/div>Para saber m\u00e1s de la Iglesia Adventista en Guatemala, ingrese <a href=\"http:\/\/adventistas.org.gt\/\">AQU\u00cd<\/a><\/p>\n<p>Traducci\u00f3n de Marcos Paseggi<\/p>\n","protected":false},"excerpt":{"rendered":"<p>31 de marzo de 2021 | Cob\u00e1n, Alta Verapaz, Guatemala | Libna Stevens, Divisi\u00f3n Interamericana La Escuela Adventista de Salacium duplic\u00f3 hace poco el n\u00famero de estudiantes, gracias a un&#8230;<\/p>\n","protected":false},"author":3,"featured_media":70249,"comment_status":"closed","ping_status":"closed","sticky":false,"template":"","format":"standard","meta":{"_acf_changed":false,"footnotes":""},"categories":[17,15],"tags":[],"class_list":["post-70263","post","type-post","status-publish","format-standard","has-post-thumbnail","hentry","category-desde-el-campo","category-rss-espanol"],"acf":[],"yoast_head":"<!-- This site is optimized with the Yoast SEO plugin v27.3 - https:\/\/yoast.com\/product\/yoast-seo-wordpress\/ -->\n<title>En Guatemala, escuela adventista remota duplica n\u00famero de estudiantes despu\u00e9s de instalar laboratorio de computaci\u00f3n - Iglesia Adventista del S\u00e9ptimo D\u00eda - Divisi\u00f3n Interamericana<\/title>\n<meta name=\"robots\" content=\"index, follow, max-snippet:-1, max-image-preview:large, max-video-preview:-1\" \/>\n<link rel=\"canonical\" href=\"https:\/\/interamerica.org\/es\/2021\/03\/en-guatemala-escuela-adventista-remota-duplica-numero-de-estudiantes-despues-de-instalar-laboratorio-de-computacion\/\" \/>\n<meta property=\"og:locale\" content=\"es_ES\" \/>\n<meta property=\"og:type\" content=\"article\" \/>\n<meta property=\"og:title\" content=\"En Guatemala, escuela adventista remota duplica n\u00famero de estudiantes despu\u00e9s de instalar laboratorio de computaci\u00f3n - Iglesia Adventista del S\u00e9ptimo D\u00eda - Divisi\u00f3n Interamericana\" \/>\n<meta property=\"og:description\" content=\"31 de marzo de 2021 | Cob\u00e1n, Alta Verapaz, Guatemala | Libna Stevens, Divisi\u00f3n Interamericana La Escuela Adventista de Salacium duplic\u00f3 hace poco el n\u00famero de estudiantes, gracias a un...\" \/>\n<meta property=\"og:url\" content=\"https:\/\/interamerica.org\/es\/2021\/03\/en-guatemala-escuela-adventista-remota-duplica-numero-de-estudiantes-despues-de-instalar-laboratorio-de-computacion\/\" \/>\n<meta property=\"og:site_name\" content=\"Iglesia Adventista del S\u00e9ptimo D\u00eda - Divisi\u00f3n Interamericana\" \/>\n<meta property=\"article:published_time\" content=\"2021-03-31T14:15:11+00:00\" \/>\n<meta property=\"article:modified_time\" content=\"2021-04-05T23:01:51+00:00\" \/>\n<meta property=\"og:image\" content=\"https:\/\/interamerica.org\/wp-content\/uploads\/2021\/03\/guatemala-salacuim-school.jpg\" \/>\n\t<meta property=\"og:image:width\" content=\"1000\" \/>\n\t<meta property=\"og:image:height\" content=\"625\" \/>\n\t<meta property=\"og:image:type\" content=\"image\/jpeg\" \/>\n<meta name=\"author\" content=\"libna\" \/>\n<meta name=\"twitter:card\" content=\"summary_large_image\" \/>\n<meta name=\"twitter:label1\" content=\"Escrito por\" \/>\n\t<meta name=\"twitter:data1\" content=\"libna\" \/>\n\t<meta name=\"twitter:label2\" content=\"Tiempo de lectura\" \/>\n\t<meta name=\"twitter:data2\" content=\"5 minutos\" \/>\n<script type=\"application\/ld+json\" class=\"yoast-schema-graph\">{\"@context\":\"https:\\\/\\\/schema.org\",\"@graph\":[{\"@type\":\"Article\",\"@id\":\"https:\\\/\\\/interamerica.org\\\/es\\\/2021\\\/03\\\/en-guatemala-escuela-adventista-remota-duplica-numero-de-estudiantes-despues-de-instalar-laboratorio-de-computacion\\\/#article\",\"isPartOf\":{\"@id\":\"https:\\\/\\\/interamerica.org\\\/es\\\/2021\\\/03\\\/en-guatemala-escuela-adventista-remota-duplica-numero-de-estudiantes-despues-de-instalar-laboratorio-de-computacion\\\/\"},\"author\":{\"name\":\"libna\",\"@id\":\"https:\\\/\\\/interamerica.org\\\/es\\\/#\\\/schema\\\/person\\\/29998f2bc2d8bd0d38662909289b54f1\"},\"headline\":\"En Guatemala, escuela adventista remota duplica n\u00famero de estudiantes despu\u00e9s de instalar laboratorio de computaci\u00f3n\",\"datePublished\":\"2021-03-31T14:15:11+00:00\",\"dateModified\":\"2021-04-05T23:01:51+00:00\",\"mainEntityOfPage\":{\"@id\":\"https:\\\/\\\/interamerica.org\\\/es\\\/2021\\\/03\\\/en-guatemala-escuela-adventista-remota-duplica-numero-de-estudiantes-despues-de-instalar-laboratorio-de-computacion\\\/\"},\"wordCount\":947,\"image\":{\"@id\":\"https:\\\/\\\/interamerica.org\\\/es\\\/2021\\\/03\\\/en-guatemala-escuela-adventista-remota-duplica-numero-de-estudiantes-despues-de-instalar-laboratorio-de-computacion\\\/#primaryimage\"},\"thumbnailUrl\":\"https:\\\/\\\/interamerica.org\\\/wp-content\\\/uploads\\\/2021\\\/03\\\/guatemala-salacuim-school.jpg\",\"articleSection\":[\"Desde el campo\",\"RSS Espa\u00f1ol\"],\"inLanguage\":\"es\"},{\"@type\":\"WebPage\",\"@id\":\"https:\\\/\\\/interamerica.org\\\/es\\\/2021\\\/03\\\/en-guatemala-escuela-adventista-remota-duplica-numero-de-estudiantes-despues-de-instalar-laboratorio-de-computacion\\\/\",\"url\":\"https:\\\/\\\/interamerica.org\\\/es\\\/2021\\\/03\\\/en-guatemala-escuela-adventista-remota-duplica-numero-de-estudiantes-despues-de-instalar-laboratorio-de-computacion\\\/\",\"name\":\"En Guatemala, escuela adventista remota duplica n\u00famero de estudiantes despu\u00e9s de instalar laboratorio de computaci\u00f3n - Iglesia Adventista del S\u00e9ptimo D\u00eda - Divisi\u00f3n Interamericana\",\"isPartOf\":{\"@id\":\"https:\\\/\\\/interamerica.org\\\/es\\\/#website\"},\"primaryImageOfPage\":{\"@id\":\"https:\\\/\\\/interamerica.org\\\/es\\\/2021\\\/03\\\/en-guatemala-escuela-adventista-remota-duplica-numero-de-estudiantes-despues-de-instalar-laboratorio-de-computacion\\\/#primaryimage\"},\"image\":{\"@id\":\"https:\\\/\\\/interamerica.org\\\/es\\\/2021\\\/03\\\/en-guatemala-escuela-adventista-remota-duplica-numero-de-estudiantes-despues-de-instalar-laboratorio-de-computacion\\\/#primaryimage\"},\"thumbnailUrl\":\"https:\\\/\\\/interamerica.org\\\/wp-content\\\/uploads\\\/2021\\\/03\\\/guatemala-salacuim-school.jpg\",\"datePublished\":\"2021-03-31T14:15:11+00:00\",\"dateModified\":\"2021-04-05T23:01:51+00:00\",\"author\":{\"@id\":\"https:\\\/\\\/interamerica.org\\\/es\\\/#\\\/schema\\\/person\\\/29998f2bc2d8bd0d38662909289b54f1\"},\"breadcrumb\":{\"@id\":\"https:\\\/\\\/interamerica.org\\\/es\\\/2021\\\/03\\\/en-guatemala-escuela-adventista-remota-duplica-numero-de-estudiantes-despues-de-instalar-laboratorio-de-computacion\\\/#breadcrumb\"},\"inLanguage\":\"es\",\"potentialAction\":[{\"@type\":\"ReadAction\",\"target\":[\"https:\\\/\\\/interamerica.org\\\/es\\\/2021\\\/03\\\/en-guatemala-escuela-adventista-remota-duplica-numero-de-estudiantes-despues-de-instalar-laboratorio-de-computacion\\\/\"]}]},{\"@type\":\"ImageObject\",\"inLanguage\":\"es\",\"@id\":\"https:\\\/\\\/interamerica.org\\\/es\\\/2021\\\/03\\\/en-guatemala-escuela-adventista-remota-duplica-numero-de-estudiantes-despues-de-instalar-laboratorio-de-computacion\\\/#primaryimage\",\"url\":\"https:\\\/\\\/interamerica.org\\\/wp-content\\\/uploads\\\/2021\\\/03\\\/guatemala-salacuim-school.jpg\",\"contentUrl\":\"https:\\\/\\\/interamerica.org\\\/wp-content\\\/uploads\\\/2021\\\/03\\\/guatemala-salacuim-school.jpg\",\"width\":1000,\"height\":625,\"caption\":\"[Fotograf\u00eda: Uni\u00f3n Guatemalteca]\"},{\"@type\":\"BreadcrumbList\",\"@id\":\"https:\\\/\\\/interamerica.org\\\/es\\\/2021\\\/03\\\/en-guatemala-escuela-adventista-remota-duplica-numero-de-estudiantes-despues-de-instalar-laboratorio-de-computacion\\\/#breadcrumb\",\"itemListElement\":[{\"@type\":\"ListItem\",\"position\":1,\"name\":\"Home\",\"item\":\"https:\\\/\\\/interamerica.org\\\/es\\\/\"},{\"@type\":\"ListItem\",\"position\":2,\"name\":\"En Guatemala, escuela adventista remota duplica n\u00famero de estudiantes despu\u00e9s de instalar laboratorio de computaci\u00f3n\"}]},{\"@type\":\"WebSite\",\"@id\":\"https:\\\/\\\/interamerica.org\\\/es\\\/#website\",\"url\":\"https:\\\/\\\/interamerica.org\\\/es\\\/\",\"name\":\"Iglesia Adventista del S\u00e9ptimo D\u00eda - Divisi\u00f3n Interamericana\",\"description\":\"\",\"potentialAction\":[{\"@type\":\"SearchAction\",\"target\":{\"@type\":\"EntryPoint\",\"urlTemplate\":\"https:\\\/\\\/interamerica.org\\\/es\\\/?s={search_term_string}\"},\"query-input\":{\"@type\":\"PropertyValueSpecification\",\"valueRequired\":true,\"valueName\":\"search_term_string\"}}],\"inLanguage\":\"es\"},{\"@type\":\"Person\",\"@id\":\"https:\\\/\\\/interamerica.org\\\/es\\\/#\\\/schema\\\/person\\\/29998f2bc2d8bd0d38662909289b54f1\",\"name\":\"libna\",\"image\":{\"@type\":\"ImageObject\",\"inLanguage\":\"es\",\"@id\":\"https:\\\/\\\/secure.gravatar.com\\\/avatar\\\/7c5bd30ae4b47a9ba3c856590957fd1d96dc588bf3ac05719d247e126840331f?s=96&d=mm&r=g\",\"url\":\"https:\\\/\\\/secure.gravatar.com\\\/avatar\\\/7c5bd30ae4b47a9ba3c856590957fd1d96dc588bf3ac05719d247e126840331f?s=96&d=mm&r=g\",\"contentUrl\":\"https:\\\/\\\/secure.gravatar.com\\\/avatar\\\/7c5bd30ae4b47a9ba3c856590957fd1d96dc588bf3ac05719d247e126840331f?s=96&d=mm&r=g\",\"caption\":\"libna\"}}]}<\/script>\n<!-- \/ Yoast SEO plugin. -->","yoast_head_json":{"title":"En Guatemala, escuela adventista remota duplica n\u00famero de estudiantes despu\u00e9s de instalar laboratorio de computaci\u00f3n - Iglesia Adventista del S\u00e9ptimo D\u00eda - Divisi\u00f3n Interamericana","robots":{"index":"index","follow":"follow","max-snippet":"max-snippet:-1","max-image-preview":"max-image-preview:large","max-video-preview":"max-video-preview:-1"},"canonical":"https:\/\/interamerica.org\/es\/2021\/03\/en-guatemala-escuela-adventista-remota-duplica-numero-de-estudiantes-despues-de-instalar-laboratorio-de-computacion\/","og_locale":"es_ES","og_type":"article","og_title":"En Guatemala, escuela adventista remota duplica n\u00famero de estudiantes despu\u00e9s de instalar laboratorio de computaci\u00f3n - Iglesia Adventista del S\u00e9ptimo D\u00eda - Divisi\u00f3n Interamericana","og_description":"31 de marzo de 2021 | Cob\u00e1n, Alta Verapaz, Guatemala | Libna Stevens, Divisi\u00f3n Interamericana La Escuela Adventista de Salacium duplic\u00f3 hace poco el n\u00famero de estudiantes, gracias a un...","og_url":"https:\/\/interamerica.org\/es\/2021\/03\/en-guatemala-escuela-adventista-remota-duplica-numero-de-estudiantes-despues-de-instalar-laboratorio-de-computacion\/","og_site_name":"Iglesia Adventista del S\u00e9ptimo D\u00eda - Divisi\u00f3n Interamericana","article_published_time":"2021-03-31T14:15:11+00:00","article_modified_time":"2021-04-05T23:01:51+00:00","og_image":[{"width":1000,"height":625,"url":"https:\/\/interamerica.org\/wp-content\/uploads\/2021\/03\/guatemala-salacuim-school.jpg","type":"image\/jpeg"}],"author":"libna","twitter_card":"summary_large_image","twitter_misc":{"Escrito por":"libna","Tiempo de lectura":"5 minutos"},"schema":{"@context":"https:\/\/schema.org","@graph":[{"@type":"Article","@id":"https:\/\/interamerica.org\/es\/2021\/03\/en-guatemala-escuela-adventista-remota-duplica-numero-de-estudiantes-despues-de-instalar-laboratorio-de-computacion\/#article","isPartOf":{"@id":"https:\/\/interamerica.org\/es\/2021\/03\/en-guatemala-escuela-adventista-remota-duplica-numero-de-estudiantes-despues-de-instalar-laboratorio-de-computacion\/"},"author":{"name":"libna","@id":"https:\/\/interamerica.org\/es\/#\/schema\/person\/29998f2bc2d8bd0d38662909289b54f1"},"headline":"En Guatemala, escuela adventista remota duplica n\u00famero de estudiantes despu\u00e9s de instalar laboratorio de computaci\u00f3n","datePublished":"2021-03-31T14:15:11+00:00","dateModified":"2021-04-05T23:01:51+00:00","mainEntityOfPage":{"@id":"https:\/\/interamerica.org\/es\/2021\/03\/en-guatemala-escuela-adventista-remota-duplica-numero-de-estudiantes-despues-de-instalar-laboratorio-de-computacion\/"},"wordCount":947,"image":{"@id":"https:\/\/interamerica.org\/es\/2021\/03\/en-guatemala-escuela-adventista-remota-duplica-numero-de-estudiantes-despues-de-instalar-laboratorio-de-computacion\/#primaryimage"},"thumbnailUrl":"https:\/\/interamerica.org\/wp-content\/uploads\/2021\/03\/guatemala-salacuim-school.jpg","articleSection":["Desde el campo","RSS Espa\u00f1ol"],"inLanguage":"es"},{"@type":"WebPage","@id":"https:\/\/interamerica.org\/es\/2021\/03\/en-guatemala-escuela-adventista-remota-duplica-numero-de-estudiantes-despues-de-instalar-laboratorio-de-computacion\/","url":"https:\/\/interamerica.org\/es\/2021\/03\/en-guatemala-escuela-adventista-remota-duplica-numero-de-estudiantes-despues-de-instalar-laboratorio-de-computacion\/","name":"En Guatemala, escuela adventista remota duplica n\u00famero de estudiantes despu\u00e9s de instalar laboratorio de computaci\u00f3n - Iglesia Adventista del S\u00e9ptimo D\u00eda - Divisi\u00f3n Interamericana","isPartOf":{"@id":"https:\/\/interamerica.org\/es\/#website"},"primaryImageOfPage":{"@id":"https:\/\/interamerica.org\/es\/2021\/03\/en-guatemala-escuela-adventista-remota-duplica-numero-de-estudiantes-despues-de-instalar-laboratorio-de-computacion\/#primaryimage"},"image":{"@id":"https:\/\/interamerica.org\/es\/2021\/03\/en-guatemala-escuela-adventista-remota-duplica-numero-de-estudiantes-despues-de-instalar-laboratorio-de-computacion\/#primaryimage"},"thumbnailUrl":"https:\/\/interamerica.org\/wp-content\/uploads\/2021\/03\/guatemala-salacuim-school.jpg","datePublished":"2021-03-31T14:15:11+00:00","dateModified":"2021-04-05T23:01:51+00:00","author":{"@id":"https:\/\/interamerica.org\/es\/#\/schema\/person\/29998f2bc2d8bd0d38662909289b54f1"},"breadcrumb":{"@id":"https:\/\/interamerica.org\/es\/2021\/03\/en-guatemala-escuela-adventista-remota-duplica-numero-de-estudiantes-despues-de-instalar-laboratorio-de-computacion\/#breadcrumb"},"inLanguage":"es","potentialAction":[{"@type":"ReadAction","target":["https:\/\/interamerica.org\/es\/2021\/03\/en-guatemala-escuela-adventista-remota-duplica-numero-de-estudiantes-despues-de-instalar-laboratorio-de-computacion\/"]}]},{"@type":"ImageObject","inLanguage":"es","@id":"https:\/\/interamerica.org\/es\/2021\/03\/en-guatemala-escuela-adventista-remota-duplica-numero-de-estudiantes-despues-de-instalar-laboratorio-de-computacion\/#primaryimage","url":"https:\/\/interamerica.org\/wp-content\/uploads\/2021\/03\/guatemala-salacuim-school.jpg","contentUrl":"https:\/\/interamerica.org\/wp-content\/uploads\/2021\/03\/guatemala-salacuim-school.jpg","width":1000,"height":625,"caption":"[Fotograf\u00eda: Uni\u00f3n Guatemalteca]"},{"@type":"BreadcrumbList","@id":"https:\/\/interamerica.org\/es\/2021\/03\/en-guatemala-escuela-adventista-remota-duplica-numero-de-estudiantes-despues-de-instalar-laboratorio-de-computacion\/#breadcrumb","itemListElement":[{"@type":"ListItem","position":1,"name":"Home","item":"https:\/\/interamerica.org\/es\/"},{"@type":"ListItem","position":2,"name":"En Guatemala, escuela adventista remota duplica n\u00famero de estudiantes despu\u00e9s de instalar laboratorio de computaci\u00f3n"}]},{"@type":"WebSite","@id":"https:\/\/interamerica.org\/es\/#website","url":"https:\/\/interamerica.org\/es\/","name":"Iglesia Adventista del S\u00e9ptimo D\u00eda - Divisi\u00f3n Interamericana","description":"","potentialAction":[{"@type":"SearchAction","target":{"@type":"EntryPoint","urlTemplate":"https:\/\/interamerica.org\/es\/?s={search_term_string}"},"query-input":{"@type":"PropertyValueSpecification","valueRequired":true,"valueName":"search_term_string"}}],"inLanguage":"es"},{"@type":"Person","@id":"https:\/\/interamerica.org\/es\/#\/schema\/person\/29998f2bc2d8bd0d38662909289b54f1","name":"libna","image":{"@type":"ImageObject","inLanguage":"es","@id":"https:\/\/secure.gravatar.com\/avatar\/7c5bd30ae4b47a9ba3c856590957fd1d96dc588bf3ac05719d247e126840331f?s=96&d=mm&r=g","url":"https:\/\/secure.gravatar.com\/avatar\/7c5bd30ae4b47a9ba3c856590957fd1d96dc588bf3ac05719d247e126840331f?s=96&d=mm&r=g","contentUrl":"https:\/\/secure.gravatar.com\/avatar\/7c5bd30ae4b47a9ba3c856590957fd1d96dc588bf3ac05719d247e126840331f?s=96&d=mm&r=g","caption":"libna"}}]}},"_links":{"self":[{"href":"https:\/\/interamerica.org\/es\/wp-json\/wp\/v2\/posts\/70263","targetHints":{"allow":["GET"]}}],"collection":[{"href":"https:\/\/interamerica.org\/es\/wp-json\/wp\/v2\/posts"}],"about":[{"href":"https:\/\/interamerica.org\/es\/wp-json\/wp\/v2\/types\/post"}],"author":[{"embeddable":true,"href":"https:\/\/interamerica.org\/es\/wp-json\/wp\/v2\/users\/3"}],"replies":[{"embeddable":true,"href":"https:\/\/interamerica.org\/es\/wp-json\/wp\/v2\/comments?post=70263"}],"version-history":[{"count":0,"href":"https:\/\/interamerica.org\/es\/wp-json\/wp\/v2\/posts\/70263\/revisions"}],"wp:featuredmedia":[{"embeddable":true,"href":"https:\/\/interamerica.org\/es\/wp-json\/wp\/v2\/media\/70249"}],"wp:attachment":[{"href":"https:\/\/interamerica.org\/es\/wp-json\/wp\/v2\/media?parent=70263"}],"wp:term":[{"taxonomy":"category","embeddable":true,"href":"https:\/\/interamerica.org\/es\/wp-json\/wp\/v2\/categories?post=70263"},{"taxonomy":"post_tag","embeddable":true,"href":"https:\/\/interamerica.org\/es\/wp-json\/wp\/v2\/tags?post=70263"}],"curies":[{"name":"wp","href":"https:\/\/api.w.org\/{rel}","templated":true}]}}