{"id":70322,"date":"2021-03-31T16:24:47","date_gmt":"2021-03-31T20:24:47","guid":{"rendered":"https:\/\/recursing-golick.147-182-135-0.plesk.page\/?p=70322"},"modified":"2021-04-01T09:46:56","modified_gmt":"2021-04-01T13:46:56","slug":"en-mexico-adra-ayuda-a-trabajadores-que-luchan-contra-los-incendios-forestales-en-la-sierra-madre-oriental","status":"publish","type":"post","link":"https:\/\/interamerica.org\/es\/2021\/03\/en-mexico-adra-ayuda-a-trabajadores-que-luchan-contra-los-incendios-forestales-en-la-sierra-madre-oriental\/","title":{"rendered":"En M\u00e9xico, ADRA ayuda a trabajadores que luchan contra los incendios forestales en la Sierra Madre Oriental"},"content":{"rendered":"<p><div id=\"attachment_70279\" style=\"width: 809px\" class=\"wp-caption aligncenter\"><img fetchpriority=\"high\" decoding=\"async\" aria-describedby=\"caption-attachment-70279\" class=\" wp-image-70279\" src=\"https:\/\/recursing-golick.147-182-135-0.plesk.page\/wp-content\/uploads\/2021\/03\/nomu-adra-initial-response-water.jpg\" alt=\"\" width=\"799\" height=\"599\" srcset=\"https:\/\/interamerica.org\/wp-content\/uploads\/2021\/03\/nomu-adra-initial-response-water.jpg 900w, https:\/\/interamerica.org\/wp-content\/uploads\/2021\/03\/nomu-adra-initial-response-water-300x225.jpg 300w, https:\/\/interamerica.org\/wp-content\/uploads\/2021\/03\/nomu-adra-initial-response-water-768x576.jpg 768w\" sizes=\"(max-width: 799px) 100vw, 799px\" \/><p id=\"caption-attachment-70279\" class=\"wp-caption-text\">Voluntarios de ADRA, junto con Protecci\u00f3n Civil, preparan agua y donaciones para los trabajadores de emergencia y desplazados como resultado de los incendios en la regi\u00f3n de la Sierra Madre Oriental a mediados de mes. [Fotograf\u00eda: Asociaci\u00f3n Mexicana del Noreste]<\/p><\/div>31 de marzo de 2021 | Montemorelos, Nuevo Le\u00f3n, M\u00e9xico | Keila Urbano y Libna Stevens, Noticias de la Divisi\u00f3n Interamericana<\/p>\n<p>La Agencia Adventista de Desarrollo y Recursos Asistenciales (ADRA) en la regi\u00f3n Mexicana del Norte comenz\u00f3 a ayudar a cientos de trabajadores de emergencia de Protecci\u00f3n Civil de Nuevo Le\u00f3n que han estado arriesgando sus vidas mientras luchan contra los incendios forestales en las Monta\u00f1as de la Sierra Madre Oriental este mes.<\/p>\n<p>Durante m\u00e1s de dos semanas, los incendios han destruido cientos de hogares, desplazados a m\u00e1s de 1600 personas y arruinado m\u00e1s de siete mil hect\u00e1reas en los estados de Coahuila y Nuevo Le\u00f3n.<\/p>\n<p><div id=\"attachment_70276\" style=\"width: 818px\" class=\"wp-caption aligncenter\"><img decoding=\"async\" aria-describedby=\"caption-attachment-70276\" class=\" wp-image-70276\" src=\"https:\/\/recursing-golick.147-182-135-0.plesk.page\/wp-content\/uploads\/2021\/03\/nomu-adra-emergency-responders-sierramadreoriental.jpg\" alt=\"\" width=\"808\" height=\"474\" srcset=\"https:\/\/interamerica.org\/wp-content\/uploads\/2021\/03\/nomu-adra-emergency-responders-sierramadreoriental.jpg 994w, https:\/\/interamerica.org\/wp-content\/uploads\/2021\/03\/nomu-adra-emergency-responders-sierramadreoriental-300x176.jpg 300w, https:\/\/interamerica.org\/wp-content\/uploads\/2021\/03\/nomu-adra-emergency-responders-sierramadreoriental-768x450.jpg 768w\" sizes=\"(max-width: 808px) 100vw, 808px\" \/><p id=\"caption-attachment-70276\" class=\"wp-caption-text\">Trabajadores de emergencia trabajan para contener el fuego en la regi\u00f3n de la Sierra Madre Oriental en la regi\u00f3n Mexicana del Norte. [Fotograf\u00eda: Asociaci\u00f3n Mexicana del Noreste]<\/p><\/div><strong>Respuesta inicial regional<\/strong><\/p>\n<p>ADRA ha estado distribuyendo agua y bebidas hidratantes, barras de prote\u00edna, art\u00edculos de higiene personal, sopas instant\u00e1neas, zapatos especiales, prendas de vestir, mangueras y tanques de agua para bomberos y trabajadores de emergencia en la regi\u00f3n.<\/p>\n<p>\u201cNuestras oficinas regionales en el Noreste y en la Regi\u00f3n Monta\u00f1a se movilizaron inmediatamente despu\u00e9s de que comenzaron los incendios el pasado 13 de marzo, para brindar ayuda inicial a los que luchaban contra los incendios y a los cientos de evacuados en refugios m\u00e1s all\u00e1 del punto cero\u201d, dijo David Maldonado, director de ADRA en la regi\u00f3n Mexicana del Norte. Se estableci\u00f3 un centro de recolecci\u00f3n en la propiedad de la iglesia adventista Maranatha y en el centro comunitario adyacente en Coahuila, que no fue da\u00f1ado, explic\u00f3 Maldonado.<\/p>\n<p>Los l\u00edderes y los voluntarios de ADRA evaluaron las zonas afectadas la semana pasada y distribuyeron herramientas tales como palas, picos y motosierras, para ayudar a los que est\u00e1n removiendo los escombros, a\u00f1adi\u00f3 Maldonado. \u201cTenemos un grupo de j\u00f3venes que estar\u00e1 ayudando para comenzar a limpiar decenas de hogares este pr\u00f3ximo fin de semana\u201d, expres\u00f3.<\/p>\n<p><div id=\"attachment_70291\" style=\"width: 812px\" class=\"wp-caption aligncenter\"><img decoding=\"async\" aria-describedby=\"caption-attachment-70291\" class=\" wp-image-70291\" src=\"https:\/\/recursing-golick.147-182-135-0.plesk.page\/wp-content\/uploads\/2021\/03\/nomu-adra-volunteers-helicopter-fires.jpg\" alt=\"\" width=\"802\" height=\"535\" srcset=\"https:\/\/interamerica.org\/wp-content\/uploads\/2021\/03\/nomu-adra-volunteers-helicopter-fires.jpg 1000w, https:\/\/interamerica.org\/wp-content\/uploads\/2021\/03\/nomu-adra-volunteers-helicopter-fires-300x200.jpg 300w, https:\/\/interamerica.org\/wp-content\/uploads\/2021\/03\/nomu-adra-volunteers-helicopter-fires-768x512.jpg 768w\" sizes=\"(max-width: 802px) 100vw, 802px\" \/><p id=\"caption-attachment-70291\" class=\"wp-caption-text\">Grupo de trabajadores de emergencia y voluntarios de ADRA en la regi\u00f3n Mexicana del Norte posan en frente del helic\u00f3ptero que ayud\u00f3 a controlar el incendio. [Fotograf\u00eda: Cortes\u00eda de Manolo Acevedo]<\/p><\/div><strong>Se prepara una respuesta a gran escala<\/strong><\/p>\n<p>ADRA M\u00e9xico comenz\u00f3 su evaluaci\u00f3n inicial hace poco, y est\u00e1 trabajando en una propuesta espec\u00edfica que busca seguir brindando asistencia a una escala mayor, dijo Jorge Garc\u00eda, director de ADRA M\u00e9xico.<\/p>\n<p>Protecci\u00f3n Civil de Nuevo Le\u00f3n estima que podr\u00eda llevar m\u00e1s de un mes extinguir por completo los incendios, y el Secretario de Medio Ambiente de Coahuila advirti\u00f3 que podr\u00eda llevar m\u00e1s de cincuenta a\u00f1os recuperar la vegetaci\u00f3n perdida.<\/p>\n<p>Los trabajadores de emergencia est\u00e1n trabajando en la primera fase de la extinci\u00f3n de los incendios y est\u00e1n conteni\u00e9ndolos, explic\u00f3 Roberto Zambrano, coordinador de ADRA en la regi\u00f3n Noreste. Una vez que se complete la primera fase, continuar\u00e1n con el trabajo para garantizar que la regi\u00f3n sea segura antes de que los evacuados regresen a sus hogares, dijo.<\/p>\n<p><div id=\"attachment_70288\" style=\"width: 490px\" class=\"wp-caption aligncenter\"><img loading=\"lazy\" decoding=\"async\" aria-describedby=\"caption-attachment-70288\" class=\" wp-image-70288\" src=\"https:\/\/recursing-golick.147-182-135-0.plesk.page\/wp-content\/uploads\/2021\/03\/nomu-adra-juan-angel-leal.jpg\" alt=\"\" width=\"480\" height=\"733\" srcset=\"https:\/\/interamerica.org\/wp-content\/uploads\/2021\/03\/nomu-adra-juan-angel-leal.jpg 650w, https:\/\/interamerica.org\/wp-content\/uploads\/2021\/03\/nomu-adra-juan-angel-leal-197x300.jpg 197w\" sizes=\"(max-width: 480px) 100vw, 480px\" \/><p id=\"caption-attachment-70288\" class=\"wp-caption-text\">Juan \u00c1ngel Leal, miembro de iglesia de San Jos\u00e9 de las Boquillas, en Nuevo Le\u00f3n, posa frente a un tanque de gas junto a su hogar, que se salv\u00f3 del incendio forestal en la regi\u00f3n de la Sierra Madre Oriental. [Fotograf\u00eda: David Maldonado]<\/p><\/div>La oficina regional se ha sumado a un grupo de cuarenta voluntarios denominados \u201cJeeperos\u201d, que han estado transportando alimentos y art\u00edculos asistenciales cerca de los campamentos donde se encuentran los trabajadores de emergencia, dijo Manolo Acevedo, coordinador de proyectos de ADRA en la regi\u00f3n del Noreste.<\/p>\n<p><strong>Miembros de iglesia afectados<\/strong><\/p>\n<p>Varias familias adventistas perdieron sus hogares, y otras decenas fueron evacuados a refugios o a casa de parientes en las cercanas Monterrey y Montemorelos, explic\u00f3 Maldonado.<\/p>\n<p>\u201cEste no fue un incendio forestal normal\u201d, dijo Juan \u00c1ngel Leal, miembro de iglesia de San Jos\u00e9 de las Boquillas, en Nuevo Le\u00f3n. \u201cPod\u00edamos ver que el fuego avanzaba r\u00e1pidamente, como de diez a quince kil\u00f3metros en media hora\u201d. Dijo que fue un milagro que el fuego no destruy\u00f3 su casa. \u201cTodos los pinares de los alrededores quedaron carbonizados, pero el fuego se detuvo justo frente a mi tanque de gas y la casa. Si el fuego hubiera tocado el tanque y la caldera de la casa, toda la casa habr\u00eda explotado\u201d, dijo.<\/p>\n<p><div id=\"attachment_70285\" style=\"width: 811px\" class=\"wp-caption aligncenter\"><img loading=\"lazy\" decoding=\"async\" aria-describedby=\"caption-attachment-70285\" class=\" wp-image-70285\" src=\"https:\/\/recursing-golick.147-182-135-0.plesk.page\/wp-content\/uploads\/2021\/03\/nomu-adra-jesus-jimenez-house-burnt.jpg\" alt=\"\" width=\"801\" height=\"601\" srcset=\"https:\/\/interamerica.org\/wp-content\/uploads\/2021\/03\/nomu-adra-jesus-jimenez-house-burnt.jpg 900w, https:\/\/interamerica.org\/wp-content\/uploads\/2021\/03\/nomu-adra-jesus-jimenez-house-burnt-300x225.jpg 300w, https:\/\/interamerica.org\/wp-content\/uploads\/2021\/03\/nomu-adra-jesus-jimenez-house-burnt-768x576.jpg 768w\" sizes=\"(max-width: 801px) 100vw, 801px\" \/><p id=\"caption-attachment-70285\" class=\"wp-caption-text\">Lo que qued\u00f3 de la casa de Jes\u00fas Jim\u00e9nez despu\u00e9s de que el fuego arras\u00f3 la regi\u00f3n de la Sierra Madre Oriental. [Fotograf\u00eda: Iglesia Adventista Maranatha]<\/p><\/div>Jes\u00fas Jim\u00e9nez y su familia <span style=\"text-decoration: line-through;\">no fueron tan afortunados: su casa fue destruida, y \u00e9l y su familia tuvieron que ser evacuados.<\/span><\/p>\n<p>Muchos como la familia Jim\u00e9nez permanecer\u00e1n en los refugios por tiempo indefinido, y los l\u00edderes de la iglesia est\u00e1n esperando tener luz verde de las autoridades para distribuir alimentos y art\u00edculos b\u00e1sicos mientras ellos sigan desplazados, dijo el pastor Israel Hern\u00e1ndez, pastor distrital en Coahuila. \u201cNuestros miembros del distrito de Provivienda respondieron inmediatamente donando art\u00edculos no solo para apoyar a los dem\u00e1s hermanos y hermanas sino tambi\u00e9n a la comunidad\u201d, dijo.<\/p>\n<p><div id=\"attachment_70316\" style=\"width: 808px\" class=\"wp-caption aligncenter\"><img loading=\"lazy\" decoding=\"async\" aria-describedby=\"caption-attachment-70316\" class=\" wp-image-70314\" src=\"https:\/\/recursing-golick.147-182-135-0.plesk.page\/wp-content\/uploads\/2021\/03\/nomu-maranatha-adventist-church-1024x535.jpg\" alt=\"\" width=\"798\" height=\"417\" srcset=\"https:\/\/interamerica.org\/wp-content\/uploads\/2021\/03\/nomu-maranatha-adventist-church-1024x535.jpg 1024w, https:\/\/interamerica.org\/wp-content\/uploads\/2021\/03\/nomu-maranatha-adventist-church-300x157.jpg 300w, https:\/\/interamerica.org\/wp-content\/uploads\/2021\/03\/nomu-maranatha-adventist-church-768x401.jpg 768w, https:\/\/interamerica.org\/wp-content\/uploads\/2021\/03\/nomu-maranatha-adventist-church.jpg 1139w\" sizes=\"(max-width: 798px) 100vw, 798px\" \/><p id=\"caption-attachment-70316\" class=\"wp-caption-text\">La iglesia adventista Maranatha y su centro comunitario se salvaron de los incendios que consumieron bosques y hogares en su paso por la regi\u00f3n de la Sierra Madre Oriental, en la regi\u00f3n Mexicana del Norte. [Fotograf\u00eda: Iglesia Adventista Maranatha]<\/p><\/div>Para saber m\u00e1s sobre las iniciativas de respuesta de ADRA en la Monta\u00f1a de La Sierra Madre Oriental, ingrese <a href=\"https:\/\/www.facebook.com\/adramexico\">AQU\u00cd<\/a><\/p>\n<p>Traducci\u00f3n de Marcos Paseggi<\/p>\n","protected":false},"excerpt":{"rendered":"<p>31 de marzo de 2021 | Montemorelos, Nuevo Le\u00f3n, M\u00e9xico | Keila Urbano y Libna Stevens, Noticias de la Divisi\u00f3n Interamericana La Agencia Adventista de Desarrollo y Recursos Asistenciales (ADRA)&#8230;<\/p>\n","protected":false},"author":3,"featured_media":70279,"comment_status":"closed","ping_status":"closed","sticky":false,"template":"","format":"standard","meta":{"_acf_changed":false,"footnotes":""},"categories":[17,15],"tags":[],"class_list":["post-70322","post","type-post","status-publish","format-standard","has-post-thumbnail","hentry","category-desde-el-campo","category-rss-espanol"],"acf":[],"yoast_head":"<!-- This site is optimized with the Yoast SEO plugin v27.3 - https:\/\/yoast.com\/product\/yoast-seo-wordpress\/ -->\n<title>En M\u00e9xico, ADRA ayuda a trabajadores que luchan contra los incendios forestales en la Sierra Madre Oriental - Iglesia Adventista del S\u00e9ptimo D\u00eda - Divisi\u00f3n Interamericana<\/title>\n<meta name=\"robots\" content=\"index, follow, max-snippet:-1, max-image-preview:large, max-video-preview:-1\" \/>\n<link rel=\"canonical\" href=\"https:\/\/interamerica.org\/es\/2021\/03\/en-mexico-adra-ayuda-a-trabajadores-que-luchan-contra-los-incendios-forestales-en-la-sierra-madre-oriental\/\" \/>\n<meta property=\"og:locale\" content=\"es_ES\" \/>\n<meta property=\"og:type\" content=\"article\" \/>\n<meta property=\"og:title\" content=\"En M\u00e9xico, ADRA ayuda a trabajadores que luchan contra los incendios forestales en la Sierra Madre Oriental - Iglesia Adventista del S\u00e9ptimo D\u00eda - Divisi\u00f3n Interamericana\" \/>\n<meta property=\"og:description\" content=\"31 de marzo de 2021 | Montemorelos, Nuevo Le\u00f3n, M\u00e9xico | Keila Urbano y Libna Stevens, Noticias de la Divisi\u00f3n Interamericana La Agencia Adventista de Desarrollo y Recursos Asistenciales (ADRA)...\" \/>\n<meta property=\"og:url\" content=\"https:\/\/interamerica.org\/es\/2021\/03\/en-mexico-adra-ayuda-a-trabajadores-que-luchan-contra-los-incendios-forestales-en-la-sierra-madre-oriental\/\" \/>\n<meta property=\"og:site_name\" content=\"Iglesia Adventista del S\u00e9ptimo D\u00eda - Divisi\u00f3n Interamericana\" \/>\n<meta property=\"article:published_time\" content=\"2021-03-31T20:24:47+00:00\" \/>\n<meta property=\"article:modified_time\" content=\"2021-04-01T13:46:56+00:00\" \/>\n<meta property=\"og:image\" content=\"https:\/\/interamerica.org\/wp-content\/uploads\/2021\/03\/nomu-adra-initial-response-water.jpg\" \/>\n\t<meta property=\"og:image:width\" content=\"900\" \/>\n\t<meta property=\"og:image:height\" content=\"675\" \/>\n\t<meta property=\"og:image:type\" content=\"image\/jpeg\" \/>\n<meta name=\"author\" content=\"libna\" \/>\n<meta name=\"twitter:card\" content=\"summary_large_image\" \/>\n<meta name=\"twitter:label1\" content=\"Escrito por\" \/>\n\t<meta name=\"twitter:data1\" content=\"libna\" \/>\n\t<meta name=\"twitter:label2\" content=\"Tiempo de lectura\" \/>\n\t<meta name=\"twitter:data2\" content=\"6 minutos\" \/>\n<script type=\"application\/ld+json\" class=\"yoast-schema-graph\">{\"@context\":\"https:\\\/\\\/schema.org\",\"@graph\":[{\"@type\":\"Article\",\"@id\":\"https:\\\/\\\/interamerica.org\\\/es\\\/2021\\\/03\\\/en-mexico-adra-ayuda-a-trabajadores-que-luchan-contra-los-incendios-forestales-en-la-sierra-madre-oriental\\\/#article\",\"isPartOf\":{\"@id\":\"https:\\\/\\\/interamerica.org\\\/es\\\/2021\\\/03\\\/en-mexico-adra-ayuda-a-trabajadores-que-luchan-contra-los-incendios-forestales-en-la-sierra-madre-oriental\\\/\"},\"author\":{\"name\":\"libna\",\"@id\":\"https:\\\/\\\/interamerica.org\\\/es\\\/#\\\/schema\\\/person\\\/29998f2bc2d8bd0d38662909289b54f1\"},\"headline\":\"En M\u00e9xico, ADRA ayuda a trabajadores que luchan contra los incendios forestales en la Sierra Madre Oriental\",\"datePublished\":\"2021-03-31T20:24:47+00:00\",\"dateModified\":\"2021-04-01T13:46:56+00:00\",\"mainEntityOfPage\":{\"@id\":\"https:\\\/\\\/interamerica.org\\\/es\\\/2021\\\/03\\\/en-mexico-adra-ayuda-a-trabajadores-que-luchan-contra-los-incendios-forestales-en-la-sierra-madre-oriental\\\/\"},\"wordCount\":1062,\"image\":{\"@id\":\"https:\\\/\\\/interamerica.org\\\/es\\\/2021\\\/03\\\/en-mexico-adra-ayuda-a-trabajadores-que-luchan-contra-los-incendios-forestales-en-la-sierra-madre-oriental\\\/#primaryimage\"},\"thumbnailUrl\":\"https:\\\/\\\/interamerica.org\\\/wp-content\\\/uploads\\\/2021\\\/03\\\/nomu-adra-initial-response-water.jpg\",\"articleSection\":[\"Desde el campo\",\"RSS Espa\u00f1ol\"],\"inLanguage\":\"es\"},{\"@type\":\"WebPage\",\"@id\":\"https:\\\/\\\/interamerica.org\\\/es\\\/2021\\\/03\\\/en-mexico-adra-ayuda-a-trabajadores-que-luchan-contra-los-incendios-forestales-en-la-sierra-madre-oriental\\\/\",\"url\":\"https:\\\/\\\/interamerica.org\\\/es\\\/2021\\\/03\\\/en-mexico-adra-ayuda-a-trabajadores-que-luchan-contra-los-incendios-forestales-en-la-sierra-madre-oriental\\\/\",\"name\":\"En M\u00e9xico, ADRA ayuda a trabajadores que luchan contra los incendios forestales en la Sierra Madre Oriental - Iglesia Adventista del S\u00e9ptimo D\u00eda - Divisi\u00f3n Interamericana\",\"isPartOf\":{\"@id\":\"https:\\\/\\\/interamerica.org\\\/es\\\/#website\"},\"primaryImageOfPage\":{\"@id\":\"https:\\\/\\\/interamerica.org\\\/es\\\/2021\\\/03\\\/en-mexico-adra-ayuda-a-trabajadores-que-luchan-contra-los-incendios-forestales-en-la-sierra-madre-oriental\\\/#primaryimage\"},\"image\":{\"@id\":\"https:\\\/\\\/interamerica.org\\\/es\\\/2021\\\/03\\\/en-mexico-adra-ayuda-a-trabajadores-que-luchan-contra-los-incendios-forestales-en-la-sierra-madre-oriental\\\/#primaryimage\"},\"thumbnailUrl\":\"https:\\\/\\\/interamerica.org\\\/wp-content\\\/uploads\\\/2021\\\/03\\\/nomu-adra-initial-response-water.jpg\",\"datePublished\":\"2021-03-31T20:24:47+00:00\",\"dateModified\":\"2021-04-01T13:46:56+00:00\",\"author\":{\"@id\":\"https:\\\/\\\/interamerica.org\\\/es\\\/#\\\/schema\\\/person\\\/29998f2bc2d8bd0d38662909289b54f1\"},\"breadcrumb\":{\"@id\":\"https:\\\/\\\/interamerica.org\\\/es\\\/2021\\\/03\\\/en-mexico-adra-ayuda-a-trabajadores-que-luchan-contra-los-incendios-forestales-en-la-sierra-madre-oriental\\\/#breadcrumb\"},\"inLanguage\":\"es\",\"potentialAction\":[{\"@type\":\"ReadAction\",\"target\":[\"https:\\\/\\\/interamerica.org\\\/es\\\/2021\\\/03\\\/en-mexico-adra-ayuda-a-trabajadores-que-luchan-contra-los-incendios-forestales-en-la-sierra-madre-oriental\\\/\"]}]},{\"@type\":\"ImageObject\",\"inLanguage\":\"es\",\"@id\":\"https:\\\/\\\/interamerica.org\\\/es\\\/2021\\\/03\\\/en-mexico-adra-ayuda-a-trabajadores-que-luchan-contra-los-incendios-forestales-en-la-sierra-madre-oriental\\\/#primaryimage\",\"url\":\"https:\\\/\\\/interamerica.org\\\/wp-content\\\/uploads\\\/2021\\\/03\\\/nomu-adra-initial-response-water.jpg\",\"contentUrl\":\"https:\\\/\\\/interamerica.org\\\/wp-content\\\/uploads\\\/2021\\\/03\\\/nomu-adra-initial-response-water.jpg\",\"width\":900,\"height\":675,\"caption\":\"Voluntarios de ADRA, junto con Protecci\u00f3n Civil, preparan agua y donaciones para los trabajadores de emergencia y desplazados como resultado de los incendios en la regi\u00f3n de la Sierra Madre Oriental a mediados de mes. [Fotograf\u00eda: Asociaci\u00f3n Mexicana del Noreste]\"},{\"@type\":\"BreadcrumbList\",\"@id\":\"https:\\\/\\\/interamerica.org\\\/es\\\/2021\\\/03\\\/en-mexico-adra-ayuda-a-trabajadores-que-luchan-contra-los-incendios-forestales-en-la-sierra-madre-oriental\\\/#breadcrumb\",\"itemListElement\":[{\"@type\":\"ListItem\",\"position\":1,\"name\":\"Home\",\"item\":\"https:\\\/\\\/interamerica.org\\\/es\\\/\"},{\"@type\":\"ListItem\",\"position\":2,\"name\":\"En M\u00e9xico, ADRA ayuda a trabajadores que luchan contra los incendios forestales en la Sierra Madre Oriental\"}]},{\"@type\":\"WebSite\",\"@id\":\"https:\\\/\\\/interamerica.org\\\/es\\\/#website\",\"url\":\"https:\\\/\\\/interamerica.org\\\/es\\\/\",\"name\":\"Iglesia Adventista del S\u00e9ptimo D\u00eda - Divisi\u00f3n Interamericana\",\"description\":\"\",\"potentialAction\":[{\"@type\":\"SearchAction\",\"target\":{\"@type\":\"EntryPoint\",\"urlTemplate\":\"https:\\\/\\\/interamerica.org\\\/es\\\/?s={search_term_string}\"},\"query-input\":{\"@type\":\"PropertyValueSpecification\",\"valueRequired\":true,\"valueName\":\"search_term_string\"}}],\"inLanguage\":\"es\"},{\"@type\":\"Person\",\"@id\":\"https:\\\/\\\/interamerica.org\\\/es\\\/#\\\/schema\\\/person\\\/29998f2bc2d8bd0d38662909289b54f1\",\"name\":\"libna\",\"image\":{\"@type\":\"ImageObject\",\"inLanguage\":\"es\",\"@id\":\"https:\\\/\\\/secure.gravatar.com\\\/avatar\\\/7c5bd30ae4b47a9ba3c856590957fd1d96dc588bf3ac05719d247e126840331f?s=96&d=mm&r=g\",\"url\":\"https:\\\/\\\/secure.gravatar.com\\\/avatar\\\/7c5bd30ae4b47a9ba3c856590957fd1d96dc588bf3ac05719d247e126840331f?s=96&d=mm&r=g\",\"contentUrl\":\"https:\\\/\\\/secure.gravatar.com\\\/avatar\\\/7c5bd30ae4b47a9ba3c856590957fd1d96dc588bf3ac05719d247e126840331f?s=96&d=mm&r=g\",\"caption\":\"libna\"}}]}<\/script>\n<!-- \/ Yoast SEO plugin. -->","yoast_head_json":{"title":"En M\u00e9xico, ADRA ayuda a trabajadores que luchan contra los incendios forestales en la Sierra Madre Oriental - Iglesia Adventista del S\u00e9ptimo D\u00eda - Divisi\u00f3n Interamericana","robots":{"index":"index","follow":"follow","max-snippet":"max-snippet:-1","max-image-preview":"max-image-preview:large","max-video-preview":"max-video-preview:-1"},"canonical":"https:\/\/interamerica.org\/es\/2021\/03\/en-mexico-adra-ayuda-a-trabajadores-que-luchan-contra-los-incendios-forestales-en-la-sierra-madre-oriental\/","og_locale":"es_ES","og_type":"article","og_title":"En M\u00e9xico, ADRA ayuda a trabajadores que luchan contra los incendios forestales en la Sierra Madre Oriental - Iglesia Adventista del S\u00e9ptimo D\u00eda - Divisi\u00f3n Interamericana","og_description":"31 de marzo de 2021 | Montemorelos, Nuevo Le\u00f3n, M\u00e9xico | Keila Urbano y Libna Stevens, Noticias de la Divisi\u00f3n Interamericana La Agencia Adventista de Desarrollo y Recursos Asistenciales (ADRA)...","og_url":"https:\/\/interamerica.org\/es\/2021\/03\/en-mexico-adra-ayuda-a-trabajadores-que-luchan-contra-los-incendios-forestales-en-la-sierra-madre-oriental\/","og_site_name":"Iglesia Adventista del S\u00e9ptimo D\u00eda - Divisi\u00f3n Interamericana","article_published_time":"2021-03-31T20:24:47+00:00","article_modified_time":"2021-04-01T13:46:56+00:00","og_image":[{"width":900,"height":675,"url":"https:\/\/interamerica.org\/wp-content\/uploads\/2021\/03\/nomu-adra-initial-response-water.jpg","type":"image\/jpeg"}],"author":"libna","twitter_card":"summary_large_image","twitter_misc":{"Escrito por":"libna","Tiempo de lectura":"6 minutos"},"schema":{"@context":"https:\/\/schema.org","@graph":[{"@type":"Article","@id":"https:\/\/interamerica.org\/es\/2021\/03\/en-mexico-adra-ayuda-a-trabajadores-que-luchan-contra-los-incendios-forestales-en-la-sierra-madre-oriental\/#article","isPartOf":{"@id":"https:\/\/interamerica.org\/es\/2021\/03\/en-mexico-adra-ayuda-a-trabajadores-que-luchan-contra-los-incendios-forestales-en-la-sierra-madre-oriental\/"},"author":{"name":"libna","@id":"https:\/\/interamerica.org\/es\/#\/schema\/person\/29998f2bc2d8bd0d38662909289b54f1"},"headline":"En M\u00e9xico, ADRA ayuda a trabajadores que luchan contra los incendios forestales en la Sierra Madre Oriental","datePublished":"2021-03-31T20:24:47+00:00","dateModified":"2021-04-01T13:46:56+00:00","mainEntityOfPage":{"@id":"https:\/\/interamerica.org\/es\/2021\/03\/en-mexico-adra-ayuda-a-trabajadores-que-luchan-contra-los-incendios-forestales-en-la-sierra-madre-oriental\/"},"wordCount":1062,"image":{"@id":"https:\/\/interamerica.org\/es\/2021\/03\/en-mexico-adra-ayuda-a-trabajadores-que-luchan-contra-los-incendios-forestales-en-la-sierra-madre-oriental\/#primaryimage"},"thumbnailUrl":"https:\/\/interamerica.org\/wp-content\/uploads\/2021\/03\/nomu-adra-initial-response-water.jpg","articleSection":["Desde el campo","RSS Espa\u00f1ol"],"inLanguage":"es"},{"@type":"WebPage","@id":"https:\/\/interamerica.org\/es\/2021\/03\/en-mexico-adra-ayuda-a-trabajadores-que-luchan-contra-los-incendios-forestales-en-la-sierra-madre-oriental\/","url":"https:\/\/interamerica.org\/es\/2021\/03\/en-mexico-adra-ayuda-a-trabajadores-que-luchan-contra-los-incendios-forestales-en-la-sierra-madre-oriental\/","name":"En M\u00e9xico, ADRA ayuda a trabajadores que luchan contra los incendios forestales en la Sierra Madre Oriental - Iglesia Adventista del S\u00e9ptimo D\u00eda - Divisi\u00f3n Interamericana","isPartOf":{"@id":"https:\/\/interamerica.org\/es\/#website"},"primaryImageOfPage":{"@id":"https:\/\/interamerica.org\/es\/2021\/03\/en-mexico-adra-ayuda-a-trabajadores-que-luchan-contra-los-incendios-forestales-en-la-sierra-madre-oriental\/#primaryimage"},"image":{"@id":"https:\/\/interamerica.org\/es\/2021\/03\/en-mexico-adra-ayuda-a-trabajadores-que-luchan-contra-los-incendios-forestales-en-la-sierra-madre-oriental\/#primaryimage"},"thumbnailUrl":"https:\/\/interamerica.org\/wp-content\/uploads\/2021\/03\/nomu-adra-initial-response-water.jpg","datePublished":"2021-03-31T20:24:47+00:00","dateModified":"2021-04-01T13:46:56+00:00","author":{"@id":"https:\/\/interamerica.org\/es\/#\/schema\/person\/29998f2bc2d8bd0d38662909289b54f1"},"breadcrumb":{"@id":"https:\/\/interamerica.org\/es\/2021\/03\/en-mexico-adra-ayuda-a-trabajadores-que-luchan-contra-los-incendios-forestales-en-la-sierra-madre-oriental\/#breadcrumb"},"inLanguage":"es","potentialAction":[{"@type":"ReadAction","target":["https:\/\/interamerica.org\/es\/2021\/03\/en-mexico-adra-ayuda-a-trabajadores-que-luchan-contra-los-incendios-forestales-en-la-sierra-madre-oriental\/"]}]},{"@type":"ImageObject","inLanguage":"es","@id":"https:\/\/interamerica.org\/es\/2021\/03\/en-mexico-adra-ayuda-a-trabajadores-que-luchan-contra-los-incendios-forestales-en-la-sierra-madre-oriental\/#primaryimage","url":"https:\/\/interamerica.org\/wp-content\/uploads\/2021\/03\/nomu-adra-initial-response-water.jpg","contentUrl":"https:\/\/interamerica.org\/wp-content\/uploads\/2021\/03\/nomu-adra-initial-response-water.jpg","width":900,"height":675,"caption":"Voluntarios de ADRA, junto con Protecci\u00f3n Civil, preparan agua y donaciones para los trabajadores de emergencia y desplazados como resultado de los incendios en la regi\u00f3n de la Sierra Madre Oriental a mediados de mes. [Fotograf\u00eda: Asociaci\u00f3n Mexicana del Noreste]"},{"@type":"BreadcrumbList","@id":"https:\/\/interamerica.org\/es\/2021\/03\/en-mexico-adra-ayuda-a-trabajadores-que-luchan-contra-los-incendios-forestales-en-la-sierra-madre-oriental\/#breadcrumb","itemListElement":[{"@type":"ListItem","position":1,"name":"Home","item":"https:\/\/interamerica.org\/es\/"},{"@type":"ListItem","position":2,"name":"En M\u00e9xico, ADRA ayuda a trabajadores que luchan contra los incendios forestales en la Sierra Madre Oriental"}]},{"@type":"WebSite","@id":"https:\/\/interamerica.org\/es\/#website","url":"https:\/\/interamerica.org\/es\/","name":"Iglesia Adventista del S\u00e9ptimo D\u00eda - Divisi\u00f3n Interamericana","description":"","potentialAction":[{"@type":"SearchAction","target":{"@type":"EntryPoint","urlTemplate":"https:\/\/interamerica.org\/es\/?s={search_term_string}"},"query-input":{"@type":"PropertyValueSpecification","valueRequired":true,"valueName":"search_term_string"}}],"inLanguage":"es"},{"@type":"Person","@id":"https:\/\/interamerica.org\/es\/#\/schema\/person\/29998f2bc2d8bd0d38662909289b54f1","name":"libna","image":{"@type":"ImageObject","inLanguage":"es","@id":"https:\/\/secure.gravatar.com\/avatar\/7c5bd30ae4b47a9ba3c856590957fd1d96dc588bf3ac05719d247e126840331f?s=96&d=mm&r=g","url":"https:\/\/secure.gravatar.com\/avatar\/7c5bd30ae4b47a9ba3c856590957fd1d96dc588bf3ac05719d247e126840331f?s=96&d=mm&r=g","contentUrl":"https:\/\/secure.gravatar.com\/avatar\/7c5bd30ae4b47a9ba3c856590957fd1d96dc588bf3ac05719d247e126840331f?s=96&d=mm&r=g","caption":"libna"}}]}},"_links":{"self":[{"href":"https:\/\/interamerica.org\/es\/wp-json\/wp\/v2\/posts\/70322","targetHints":{"allow":["GET"]}}],"collection":[{"href":"https:\/\/interamerica.org\/es\/wp-json\/wp\/v2\/posts"}],"about":[{"href":"https:\/\/interamerica.org\/es\/wp-json\/wp\/v2\/types\/post"}],"author":[{"embeddable":true,"href":"https:\/\/interamerica.org\/es\/wp-json\/wp\/v2\/users\/3"}],"replies":[{"embeddable":true,"href":"https:\/\/interamerica.org\/es\/wp-json\/wp\/v2\/comments?post=70322"}],"version-history":[{"count":0,"href":"https:\/\/interamerica.org\/es\/wp-json\/wp\/v2\/posts\/70322\/revisions"}],"wp:featuredmedia":[{"embeddable":true,"href":"https:\/\/interamerica.org\/es\/wp-json\/wp\/v2\/media\/70279"}],"wp:attachment":[{"href":"https:\/\/interamerica.org\/es\/wp-json\/wp\/v2\/media?parent=70322"}],"wp:term":[{"taxonomy":"category","embeddable":true,"href":"https:\/\/interamerica.org\/es\/wp-json\/wp\/v2\/categories?post=70322"},{"taxonomy":"post_tag","embeddable":true,"href":"https:\/\/interamerica.org\/es\/wp-json\/wp\/v2\/tags?post=70322"}],"curies":[{"name":"wp","href":"https:\/\/api.w.org\/{rel}","templated":true}]}}