{"id":70439,"date":"2021-04-03T22:46:56","date_gmt":"2021-04-04T02:46:56","guid":{"rendered":"https:\/\/recursing-golick.147-182-135-0.plesk.page\/?p=70439"},"modified":"2021-04-04T13:58:14","modified_gmt":"2021-04-04T17:58:14","slug":"g-t-ng-secretario-de-la-iglesia-adventista-anuncia-su-jubilacion","status":"publish","type":"post","link":"https:\/\/interamerica.org\/es\/2021\/04\/g-t-ng-secretario-de-la-iglesia-adventista-anuncia-su-jubilacion\/","title":{"rendered":"G. T. Ng, secretario de la Iglesia Adventista, anuncia su jubilaci\u00f3n"},"content":{"rendered":"<h3 class=\"subtitle\">Experimentado misionero y administrador dejar\u00e1 su cargo el 1 de junio de 2021.<\/h3>\n<p><span class=\"byline-news\">2 de abril de 2021 | Silver Spring, Maryland, Estados Unidos | Por: Marcos Paseggi, <\/span><em><span class=\"byline-news\">Adventist Review<\/span><\/em><\/p>\n<p><span class=\"cap\">G. T. Ng. un experimentado pastor, misionero y administrador adventista ha anunciado que se jubilar\u00e1 el 1 de junio de 2021. La jubilaci\u00f3n de Ng se produce despu\u00e9s de casi once a\u00f1os como secretario ejecutivo de la Asociaci\u00f3n General de la Iglesia Adventista del S\u00e9ptimo D\u00eda y muchos a\u00f1os en diversos puestos de liderazgo.<\/span><\/p>\n<p>El 30 de marzo de 2021, en una carta a los directivos regionales de las divisiones de la Iglesia Adventista en el mundo, Ng anunci\u00f3 su jubilaci\u00f3n \u201ccon profunda tristeza\u201d. A\u00f1adi\u00f3, sin embargo, que ha sido un privilegio destacado trabajar con personas de diversos trasfondos para contribuir al crecimiento del reino de Dios. \u201cNos [hemos complementado] mutuamente, y eso es algo especial\u201d, expres\u00f3.<\/p>\n<p>En comentarios a la <em>Adventist Review<\/em>, Ng explic\u00f3 algunos de sus sentimientos encontrados en lo que respecta a su decisi\u00f3n de jubilarse. \u201c[A partir del] 1 de junio, quedar\u00e9 con solo una jefa: mi esposa\u201d, brome\u00f3 Ng con su humor marca registrada, y a\u00f1adi\u00f3: \u201cEs una agon\u00eda inenarrable tener que dejar el trabajo que amo y los colegas y amigos que atesoro. Pero para m\u00ed, la misi\u00f3n contin\u00faa aun despu\u00e9s de la jubilaci\u00f3n\u201d.<\/p>\n<p><strong>D\u00e9cadas de servicio fiel<\/strong><\/p>\n<p>Ha sido una larga traves\u00eda para el oriundo de Singapur Ng, desde que sinti\u00f3 el llamado al ministerio pastoral a los 18 a\u00f1os. \u201cComenc\u00e9 mi traves\u00eda [de trabajar para] el Se\u00f1or hace casi medio siglo en la l\u00ednea de vanguardia de la misi\u00f3n, y ahora el viaje ha sido completado en el coraz\u00f3n de la misi\u00f3n\u201d, dijo Ng. \u201cEl Se\u00f1or ha sido sumamente bondadoso conmigo durante toda mi vida. Es su gracia maravillosa la que me ha sustentado y ha sustentado mi ministerio en las buenas y en las malas. He hallado que \u00e9l es fiel y plenamente digno de confianza\u201d.<\/p>\n<p>Ng analiz\u00f3 su extensa experiencia en diversos cargos y campos de servicio en lo que denomin\u00f3 \u201cmis traves\u00edas con Dios\u201d. Entre ellas, se refiri\u00f3 a sus comienzos junto con su esposa Ivy, cuando fueron como joven pareja a trabajar como misioneros en Phnom Penh, Camboya, en 1973, hasta que tuvieron que ser repentinamente evacuados en 1975, antes de que el pa\u00eds cayera ante el r\u00e9gimen Khmer Rouge. A esto le sigui\u00f3 el tiempo que pasaron en el \u201cministerio en el desierto\u201d en Tailandia y Malasia. \u201cLa iglesia nos puso aqu\u00ed y all\u00e1 temporariamente, sin saber cu\u00e1ndo enviarnos de regreso a Camboya\u201d, record\u00f3.<\/p>\n<p>El servicio de los Ng continu\u00f3 en su nativa Singapur, donde fue capell\u00e1n del Hospital Adventista Youngberg Memorial y m\u00e1s tarde director de ministerios j\u00f3venes de la Uni\u00f3n del Sudeste Asi\u00e1tico. A\u00f1os despu\u00e9s, fue profesor en el seminario teol\u00f3gico del Instituto Adventista Internacional de Estudios Avanzados (AIIAS) en las Filipinas, hasta que fue elegido como secretario ejecutivo de la Divisi\u00f3n de Asia Pac\u00edfico Sur, con sede cerca de la universidad en las Filipinas. En 2005, fue elegido como secretario asociado de la Asociaci\u00f3n General, y en 2010, en el Congreso de la Asociaci\u00f3n General en Atlanta, fue votado como secretario ejecutivo de la Asociaci\u00f3n General.<\/p>\n<p><strong>Como secretario de la Asociaci\u00f3n General<\/strong><\/p>\n<p>Como secretario ejecutivo de la Iglesia Adventista, Ng ha enfatizado la importancia de mantener registros exactos de los miembros en todo el mundo. Combinado con la necesidad de tener registros exactos, Ng ha puesto especial \u00e9nfasis en la retenci\u00f3n de miembros. Su secretar\u00eda tambi\u00e9n coordina el extensivo programa misionero de la iglesia.<\/p>\n<p>Para Ng, \u201cLa misi\u00f3n es la orden de marcha de la iglesia\u201d. En ese sentido, ha enfatizado vez tras vez que el desaf\u00edo m\u00e1s grande que enfrenta la iglesia es cambiar la cultura de que los miembros sean meros espectadores, en la que los pastores hacen la mayor parte del trabajo, a una cultura en que se abrace y practique el sacerdocio de todos los creyentes. \u201cCada miembro es un evangelista\u201d, ha expresado a menudo.<\/p>\n<p>Al reflexionar en el servicio de Ng a la iglesia, Ted N. C. Wilson, presidente de la Asociaci\u00f3n General de la Iglesia Adventista, dijo: \u201cEl pastor Ng ha sido una bendici\u00f3n enorme a la familia de la iglesia mundial de Dios. Su \u00e9nfasis constante en la misi\u00f3n y su \u00e9nfasis en el liderazgo cristiano han sido apreciados grandemente. Se extra\u00f1ar\u00e1 su esp\u00edritu positivo y agradable. Ha sido un gran privilegio trabajar con \u00e9l estos a\u00f1os, y le deseamos a \u00e9l y a su esposa Ivy las bendiciones m\u00e1s ricas de Dios en su testificaci\u00f3n continua por el Se\u00f1or y su pronto regreso\u201d.<\/p>\n<p>Al repasar sus d\u00e9cadas de servicio, Ng se mostr\u00f3 reacio a hablar de sus logros (\u201cLos logros humanos est\u00e1n en el polvo; toda la gloria es para el Se\u00f1or\u201d, expres\u00f3). Al mismo tiempo, Ng reflexion\u00f3 en su traves\u00eda: \u201cTodos los planes que el Se\u00f1or me inspir\u00f3 para que hiciera, he tratado de cumplirlos con lo mejor de mi capacidad\u201d. Y, a\u00f1adi\u00f3, \u201cmi servicio a la iglesia es un privilegio destacado y no un derecho. Siento una profunda humildad\u201d.<\/p>\n<p>Traducci\u00f3n de Marcos Paseggi<\/p>\n","protected":false},"excerpt":{"rendered":"<p>Experimentado misionero y administrador dejar\u00e1 su cargo el 1 de junio de 2021. 2 de abril de 2021 | Silver Spring, Maryland, Estados Unidos | Por: Marcos Paseggi, Adventist Review&#8230;<\/p>\n","protected":false},"author":3,"featured_media":70429,"comment_status":"closed","ping_status":"closed","sticky":false,"template":"","format":"standard","meta":{"_acf_changed":false,"footnotes":""},"categories":[14,15],"tags":[],"class_list":["post-70439","post","type-post","status-publish","format-standard","has-post-thumbnail","hentry","category-de-la-iglesia-mundial","category-rss-espanol"],"acf":[],"yoast_head":"<!-- This site is optimized with the Yoast SEO plugin v27.3 - https:\/\/yoast.com\/product\/yoast-seo-wordpress\/ -->\n<title>G. T. Ng, secretario de la Iglesia Adventista, anuncia su jubilaci\u00f3n - Iglesia Adventista del S\u00e9ptimo D\u00eda - Divisi\u00f3n Interamericana<\/title>\n<meta name=\"robots\" content=\"index, follow, max-snippet:-1, max-image-preview:large, max-video-preview:-1\" \/>\n<link rel=\"canonical\" href=\"https:\/\/interamerica.org\/es\/2021\/04\/g-t-ng-secretario-de-la-iglesia-adventista-anuncia-su-jubilacion\/\" \/>\n<meta property=\"og:locale\" content=\"es_ES\" \/>\n<meta property=\"og:type\" content=\"article\" \/>\n<meta property=\"og:title\" content=\"G. T. Ng, secretario de la Iglesia Adventista, anuncia su jubilaci\u00f3n - Iglesia Adventista del S\u00e9ptimo D\u00eda - Divisi\u00f3n Interamericana\" \/>\n<meta property=\"og:description\" content=\"Experimentado misionero y administrador dejar\u00e1 su cargo el 1 de junio de 2021. 2 de abril de 2021 | Silver Spring, Maryland, Estados Unidos | Por: Marcos Paseggi, Adventist Review...\" \/>\n<meta property=\"og:url\" content=\"https:\/\/interamerica.org\/es\/2021\/04\/g-t-ng-secretario-de-la-iglesia-adventista-anuncia-su-jubilacion\/\" \/>\n<meta property=\"og:site_name\" content=\"Iglesia Adventista del S\u00e9ptimo D\u00eda - Divisi\u00f3n Interamericana\" \/>\n<meta property=\"article:published_time\" content=\"2021-04-04T02:46:56+00:00\" \/>\n<meta property=\"article:modified_time\" content=\"2021-04-04T17:58:14+00:00\" \/>\n<meta property=\"og:image\" content=\"https:\/\/interamerica.org\/wp-content\/uploads\/2021\/04\/adventist-church-secretary-gt-ng-announces-retirement1.jpeg\" \/>\n\t<meta property=\"og:image:width\" content=\"1000\" \/>\n\t<meta property=\"og:image:height\" content=\"500\" \/>\n\t<meta property=\"og:image:type\" content=\"image\/jpeg\" \/>\n<meta name=\"author\" content=\"libna\" \/>\n<meta name=\"twitter:card\" content=\"summary_large_image\" \/>\n<meta name=\"twitter:label1\" content=\"Escrito por\" \/>\n\t<meta name=\"twitter:data1\" content=\"libna\" \/>\n\t<meta name=\"twitter:label2\" content=\"Tiempo de lectura\" \/>\n\t<meta name=\"twitter:data2\" content=\"4 minutos\" \/>\n<script type=\"application\/ld+json\" class=\"yoast-schema-graph\">{\"@context\":\"https:\\\/\\\/schema.org\",\"@graph\":[{\"@type\":\"Article\",\"@id\":\"https:\\\/\\\/interamerica.org\\\/es\\\/2021\\\/04\\\/g-t-ng-secretario-de-la-iglesia-adventista-anuncia-su-jubilacion\\\/#article\",\"isPartOf\":{\"@id\":\"https:\\\/\\\/interamerica.org\\\/es\\\/2021\\\/04\\\/g-t-ng-secretario-de-la-iglesia-adventista-anuncia-su-jubilacion\\\/\"},\"author\":{\"name\":\"libna\",\"@id\":\"https:\\\/\\\/interamerica.org\\\/es\\\/#\\\/schema\\\/person\\\/29998f2bc2d8bd0d38662909289b54f1\"},\"headline\":\"G. T. Ng, secretario de la Iglesia Adventista, anuncia su jubilaci\u00f3n\",\"datePublished\":\"2021-04-04T02:46:56+00:00\",\"dateModified\":\"2021-04-04T17:58:14+00:00\",\"mainEntityOfPage\":{\"@id\":\"https:\\\/\\\/interamerica.org\\\/es\\\/2021\\\/04\\\/g-t-ng-secretario-de-la-iglesia-adventista-anuncia-su-jubilacion\\\/\"},\"wordCount\":911,\"image\":{\"@id\":\"https:\\\/\\\/interamerica.org\\\/es\\\/2021\\\/04\\\/g-t-ng-secretario-de-la-iglesia-adventista-anuncia-su-jubilacion\\\/#primaryimage\"},\"thumbnailUrl\":\"https:\\\/\\\/interamerica.org\\\/wp-content\\\/uploads\\\/2021\\\/04\\\/adventist-church-secretary-gt-ng-announces-retirement1.jpeg\",\"articleSection\":[\"Desde la iglesia mundial\",\"RSS Espa\u00f1ol\"],\"inLanguage\":\"es\"},{\"@type\":\"WebPage\",\"@id\":\"https:\\\/\\\/interamerica.org\\\/es\\\/2021\\\/04\\\/g-t-ng-secretario-de-la-iglesia-adventista-anuncia-su-jubilacion\\\/\",\"url\":\"https:\\\/\\\/interamerica.org\\\/es\\\/2021\\\/04\\\/g-t-ng-secretario-de-la-iglesia-adventista-anuncia-su-jubilacion\\\/\",\"name\":\"G. T. Ng, secretario de la Iglesia Adventista, anuncia su jubilaci\u00f3n - Iglesia Adventista del S\u00e9ptimo D\u00eda - Divisi\u00f3n Interamericana\",\"isPartOf\":{\"@id\":\"https:\\\/\\\/interamerica.org\\\/es\\\/#website\"},\"primaryImageOfPage\":{\"@id\":\"https:\\\/\\\/interamerica.org\\\/es\\\/2021\\\/04\\\/g-t-ng-secretario-de-la-iglesia-adventista-anuncia-su-jubilacion\\\/#primaryimage\"},\"image\":{\"@id\":\"https:\\\/\\\/interamerica.org\\\/es\\\/2021\\\/04\\\/g-t-ng-secretario-de-la-iglesia-adventista-anuncia-su-jubilacion\\\/#primaryimage\"},\"thumbnailUrl\":\"https:\\\/\\\/interamerica.org\\\/wp-content\\\/uploads\\\/2021\\\/04\\\/adventist-church-secretary-gt-ng-announces-retirement1.jpeg\",\"datePublished\":\"2021-04-04T02:46:56+00:00\",\"dateModified\":\"2021-04-04T17:58:14+00:00\",\"author\":{\"@id\":\"https:\\\/\\\/interamerica.org\\\/es\\\/#\\\/schema\\\/person\\\/29998f2bc2d8bd0d38662909289b54f1\"},\"breadcrumb\":{\"@id\":\"https:\\\/\\\/interamerica.org\\\/es\\\/2021\\\/04\\\/g-t-ng-secretario-de-la-iglesia-adventista-anuncia-su-jubilacion\\\/#breadcrumb\"},\"inLanguage\":\"es\",\"potentialAction\":[{\"@type\":\"ReadAction\",\"target\":[\"https:\\\/\\\/interamerica.org\\\/es\\\/2021\\\/04\\\/g-t-ng-secretario-de-la-iglesia-adventista-anuncia-su-jubilacion\\\/\"]}]},{\"@type\":\"ImageObject\",\"inLanguage\":\"es\",\"@id\":\"https:\\\/\\\/interamerica.org\\\/es\\\/2021\\\/04\\\/g-t-ng-secretario-de-la-iglesia-adventista-anuncia-su-jubilacion\\\/#primaryimage\",\"url\":\"https:\\\/\\\/interamerica.org\\\/wp-content\\\/uploads\\\/2021\\\/04\\\/adventist-church-secretary-gt-ng-announces-retirement1.jpeg\",\"contentUrl\":\"https:\\\/\\\/interamerica.org\\\/wp-content\\\/uploads\\\/2021\\\/04\\\/adventist-church-secretary-gt-ng-announces-retirement1.jpeg\",\"width\":1000,\"height\":500},{\"@type\":\"BreadcrumbList\",\"@id\":\"https:\\\/\\\/interamerica.org\\\/es\\\/2021\\\/04\\\/g-t-ng-secretario-de-la-iglesia-adventista-anuncia-su-jubilacion\\\/#breadcrumb\",\"itemListElement\":[{\"@type\":\"ListItem\",\"position\":1,\"name\":\"Home\",\"item\":\"https:\\\/\\\/interamerica.org\\\/es\\\/\"},{\"@type\":\"ListItem\",\"position\":2,\"name\":\"G. T. Ng, secretario de la Iglesia Adventista, anuncia su jubilaci\u00f3n\"}]},{\"@type\":\"WebSite\",\"@id\":\"https:\\\/\\\/interamerica.org\\\/es\\\/#website\",\"url\":\"https:\\\/\\\/interamerica.org\\\/es\\\/\",\"name\":\"Iglesia Adventista del S\u00e9ptimo D\u00eda - Divisi\u00f3n Interamericana\",\"description\":\"\",\"potentialAction\":[{\"@type\":\"SearchAction\",\"target\":{\"@type\":\"EntryPoint\",\"urlTemplate\":\"https:\\\/\\\/interamerica.org\\\/es\\\/?s={search_term_string}\"},\"query-input\":{\"@type\":\"PropertyValueSpecification\",\"valueRequired\":true,\"valueName\":\"search_term_string\"}}],\"inLanguage\":\"es\"},{\"@type\":\"Person\",\"@id\":\"https:\\\/\\\/interamerica.org\\\/es\\\/#\\\/schema\\\/person\\\/29998f2bc2d8bd0d38662909289b54f1\",\"name\":\"libna\",\"image\":{\"@type\":\"ImageObject\",\"inLanguage\":\"es\",\"@id\":\"https:\\\/\\\/secure.gravatar.com\\\/avatar\\\/7c5bd30ae4b47a9ba3c856590957fd1d96dc588bf3ac05719d247e126840331f?s=96&d=mm&r=g\",\"url\":\"https:\\\/\\\/secure.gravatar.com\\\/avatar\\\/7c5bd30ae4b47a9ba3c856590957fd1d96dc588bf3ac05719d247e126840331f?s=96&d=mm&r=g\",\"contentUrl\":\"https:\\\/\\\/secure.gravatar.com\\\/avatar\\\/7c5bd30ae4b47a9ba3c856590957fd1d96dc588bf3ac05719d247e126840331f?s=96&d=mm&r=g\",\"caption\":\"libna\"}}]}<\/script>\n<!-- \/ Yoast SEO plugin. -->","yoast_head_json":{"title":"G. T. Ng, secretario de la Iglesia Adventista, anuncia su jubilaci\u00f3n - Iglesia Adventista del S\u00e9ptimo D\u00eda - Divisi\u00f3n Interamericana","robots":{"index":"index","follow":"follow","max-snippet":"max-snippet:-1","max-image-preview":"max-image-preview:large","max-video-preview":"max-video-preview:-1"},"canonical":"https:\/\/interamerica.org\/es\/2021\/04\/g-t-ng-secretario-de-la-iglesia-adventista-anuncia-su-jubilacion\/","og_locale":"es_ES","og_type":"article","og_title":"G. T. Ng, secretario de la Iglesia Adventista, anuncia su jubilaci\u00f3n - Iglesia Adventista del S\u00e9ptimo D\u00eda - Divisi\u00f3n Interamericana","og_description":"Experimentado misionero y administrador dejar\u00e1 su cargo el 1 de junio de 2021. 2 de abril de 2021 | Silver Spring, Maryland, Estados Unidos | Por: Marcos Paseggi, Adventist Review...","og_url":"https:\/\/interamerica.org\/es\/2021\/04\/g-t-ng-secretario-de-la-iglesia-adventista-anuncia-su-jubilacion\/","og_site_name":"Iglesia Adventista del S\u00e9ptimo D\u00eda - Divisi\u00f3n Interamericana","article_published_time":"2021-04-04T02:46:56+00:00","article_modified_time":"2021-04-04T17:58:14+00:00","og_image":[{"width":1000,"height":500,"url":"https:\/\/interamerica.org\/wp-content\/uploads\/2021\/04\/adventist-church-secretary-gt-ng-announces-retirement1.jpeg","type":"image\/jpeg"}],"author":"libna","twitter_card":"summary_large_image","twitter_misc":{"Escrito por":"libna","Tiempo de lectura":"4 minutos"},"schema":{"@context":"https:\/\/schema.org","@graph":[{"@type":"Article","@id":"https:\/\/interamerica.org\/es\/2021\/04\/g-t-ng-secretario-de-la-iglesia-adventista-anuncia-su-jubilacion\/#article","isPartOf":{"@id":"https:\/\/interamerica.org\/es\/2021\/04\/g-t-ng-secretario-de-la-iglesia-adventista-anuncia-su-jubilacion\/"},"author":{"name":"libna","@id":"https:\/\/interamerica.org\/es\/#\/schema\/person\/29998f2bc2d8bd0d38662909289b54f1"},"headline":"G. T. Ng, secretario de la Iglesia Adventista, anuncia su jubilaci\u00f3n","datePublished":"2021-04-04T02:46:56+00:00","dateModified":"2021-04-04T17:58:14+00:00","mainEntityOfPage":{"@id":"https:\/\/interamerica.org\/es\/2021\/04\/g-t-ng-secretario-de-la-iglesia-adventista-anuncia-su-jubilacion\/"},"wordCount":911,"image":{"@id":"https:\/\/interamerica.org\/es\/2021\/04\/g-t-ng-secretario-de-la-iglesia-adventista-anuncia-su-jubilacion\/#primaryimage"},"thumbnailUrl":"https:\/\/interamerica.org\/wp-content\/uploads\/2021\/04\/adventist-church-secretary-gt-ng-announces-retirement1.jpeg","articleSection":["Desde la iglesia mundial","RSS Espa\u00f1ol"],"inLanguage":"es"},{"@type":"WebPage","@id":"https:\/\/interamerica.org\/es\/2021\/04\/g-t-ng-secretario-de-la-iglesia-adventista-anuncia-su-jubilacion\/","url":"https:\/\/interamerica.org\/es\/2021\/04\/g-t-ng-secretario-de-la-iglesia-adventista-anuncia-su-jubilacion\/","name":"G. T. Ng, secretario de la Iglesia Adventista, anuncia su jubilaci\u00f3n - Iglesia Adventista del S\u00e9ptimo D\u00eda - Divisi\u00f3n Interamericana","isPartOf":{"@id":"https:\/\/interamerica.org\/es\/#website"},"primaryImageOfPage":{"@id":"https:\/\/interamerica.org\/es\/2021\/04\/g-t-ng-secretario-de-la-iglesia-adventista-anuncia-su-jubilacion\/#primaryimage"},"image":{"@id":"https:\/\/interamerica.org\/es\/2021\/04\/g-t-ng-secretario-de-la-iglesia-adventista-anuncia-su-jubilacion\/#primaryimage"},"thumbnailUrl":"https:\/\/interamerica.org\/wp-content\/uploads\/2021\/04\/adventist-church-secretary-gt-ng-announces-retirement1.jpeg","datePublished":"2021-04-04T02:46:56+00:00","dateModified":"2021-04-04T17:58:14+00:00","author":{"@id":"https:\/\/interamerica.org\/es\/#\/schema\/person\/29998f2bc2d8bd0d38662909289b54f1"},"breadcrumb":{"@id":"https:\/\/interamerica.org\/es\/2021\/04\/g-t-ng-secretario-de-la-iglesia-adventista-anuncia-su-jubilacion\/#breadcrumb"},"inLanguage":"es","potentialAction":[{"@type":"ReadAction","target":["https:\/\/interamerica.org\/es\/2021\/04\/g-t-ng-secretario-de-la-iglesia-adventista-anuncia-su-jubilacion\/"]}]},{"@type":"ImageObject","inLanguage":"es","@id":"https:\/\/interamerica.org\/es\/2021\/04\/g-t-ng-secretario-de-la-iglesia-adventista-anuncia-su-jubilacion\/#primaryimage","url":"https:\/\/interamerica.org\/wp-content\/uploads\/2021\/04\/adventist-church-secretary-gt-ng-announces-retirement1.jpeg","contentUrl":"https:\/\/interamerica.org\/wp-content\/uploads\/2021\/04\/adventist-church-secretary-gt-ng-announces-retirement1.jpeg","width":1000,"height":500},{"@type":"BreadcrumbList","@id":"https:\/\/interamerica.org\/es\/2021\/04\/g-t-ng-secretario-de-la-iglesia-adventista-anuncia-su-jubilacion\/#breadcrumb","itemListElement":[{"@type":"ListItem","position":1,"name":"Home","item":"https:\/\/interamerica.org\/es\/"},{"@type":"ListItem","position":2,"name":"G. T. Ng, secretario de la Iglesia Adventista, anuncia su jubilaci\u00f3n"}]},{"@type":"WebSite","@id":"https:\/\/interamerica.org\/es\/#website","url":"https:\/\/interamerica.org\/es\/","name":"Iglesia Adventista del S\u00e9ptimo D\u00eda - Divisi\u00f3n Interamericana","description":"","potentialAction":[{"@type":"SearchAction","target":{"@type":"EntryPoint","urlTemplate":"https:\/\/interamerica.org\/es\/?s={search_term_string}"},"query-input":{"@type":"PropertyValueSpecification","valueRequired":true,"valueName":"search_term_string"}}],"inLanguage":"es"},{"@type":"Person","@id":"https:\/\/interamerica.org\/es\/#\/schema\/person\/29998f2bc2d8bd0d38662909289b54f1","name":"libna","image":{"@type":"ImageObject","inLanguage":"es","@id":"https:\/\/secure.gravatar.com\/avatar\/7c5bd30ae4b47a9ba3c856590957fd1d96dc588bf3ac05719d247e126840331f?s=96&d=mm&r=g","url":"https:\/\/secure.gravatar.com\/avatar\/7c5bd30ae4b47a9ba3c856590957fd1d96dc588bf3ac05719d247e126840331f?s=96&d=mm&r=g","contentUrl":"https:\/\/secure.gravatar.com\/avatar\/7c5bd30ae4b47a9ba3c856590957fd1d96dc588bf3ac05719d247e126840331f?s=96&d=mm&r=g","caption":"libna"}}]}},"_links":{"self":[{"href":"https:\/\/interamerica.org\/es\/wp-json\/wp\/v2\/posts\/70439","targetHints":{"allow":["GET"]}}],"collection":[{"href":"https:\/\/interamerica.org\/es\/wp-json\/wp\/v2\/posts"}],"about":[{"href":"https:\/\/interamerica.org\/es\/wp-json\/wp\/v2\/types\/post"}],"author":[{"embeddable":true,"href":"https:\/\/interamerica.org\/es\/wp-json\/wp\/v2\/users\/3"}],"replies":[{"embeddable":true,"href":"https:\/\/interamerica.org\/es\/wp-json\/wp\/v2\/comments?post=70439"}],"version-history":[{"count":0,"href":"https:\/\/interamerica.org\/es\/wp-json\/wp\/v2\/posts\/70439\/revisions"}],"wp:featuredmedia":[{"embeddable":true,"href":"https:\/\/interamerica.org\/es\/wp-json\/wp\/v2\/media\/70429"}],"wp:attachment":[{"href":"https:\/\/interamerica.org\/es\/wp-json\/wp\/v2\/media?parent=70439"}],"wp:term":[{"taxonomy":"category","embeddable":true,"href":"https:\/\/interamerica.org\/es\/wp-json\/wp\/v2\/categories?post=70439"},{"taxonomy":"post_tag","embeddable":true,"href":"https:\/\/interamerica.org\/es\/wp-json\/wp\/v2\/tags?post=70439"}],"curies":[{"name":"wp","href":"https:\/\/api.w.org\/{rel}","templated":true}]}}