{"id":70557,"date":"2021-04-07T19:30:03","date_gmt":"2021-04-07T23:30:03","guid":{"rendered":"https:\/\/recursing-golick.147-182-135-0.plesk.page\/?p=70557"},"modified":"2021-04-07T20:27:21","modified_gmt":"2021-04-08T00:27:21","slug":"adventist-risk-management-nombra-presidente-interino-hasta-que-se-encuentre-un-remplazo","status":"publish","type":"post","link":"https:\/\/interamerica.org\/es\/2021\/04\/adventist-risk-management-nombra-presidente-interino-hasta-que-se-encuentre-un-remplazo\/","title":{"rendered":"Adventist Risk Management nombra presidente interino hasta que se encuentre un remplazo"},"content":{"rendered":"<div id=\"attachment_70553\" style=\"width: 808px\" class=\"wp-caption aligncenter\"><img fetchpriority=\"high\" decoding=\"async\" aria-describedby=\"caption-attachment-70553\" class=\" wp-image-70551\" src=\"https:\/\/recursing-golick.147-182-135-0.plesk.page\/wp-content\/uploads\/2021\/04\/adventist-risk-management-names-interim-president-until-replacement-is-found-1280-1024x640.jpg\" alt=\"\" width=\"798\" height=\"499\" srcset=\"https:\/\/interamerica.org\/wp-content\/uploads\/2021\/04\/adventist-risk-management-names-interim-president-until-replacement-is-found-1280-1024x640.jpg 1024w, https:\/\/interamerica.org\/wp-content\/uploads\/2021\/04\/adventist-risk-management-names-interim-president-until-replacement-is-found-1280-300x188.jpg 300w, https:\/\/interamerica.org\/wp-content\/uploads\/2021\/04\/adventist-risk-management-names-interim-president-until-replacement-is-found-1280-768x480.jpg 768w, https:\/\/interamerica.org\/wp-content\/uploads\/2021\/04\/adventist-risk-management-names-interim-president-until-replacement-is-found-1280.jpg 1280w\" sizes=\"(max-width: 798px) 100vw, 798px\" \/><p id=\"caption-attachment-70553\" class=\"wp-caption-text\">Karnik Doukmetzian fue designado presidente interino de Adventist Risk Management y Gencon Insurance Company of Vermont (GICV) el 1 de abril de 2021. Una comisi\u00f3n de b\u00fasqueda trabajar\u00e1 para hallar un remplazo permanente despu\u00e9s de la renuncia del presidente y gerente general Tim Northrop. [Fotograf\u00eda: cortes\u00eda de Karnik Doukmetzian]<\/p><\/div>\n<h3 class=\"subtitle\">El presidente y gerente general Tim Northrop present\u00f3 su renuncia con efecto inmediato.<\/h3>\n<p><span class=\"byline-news\">7 de abril de 2021 | Silver Spring, Maryland, Estados Unidos | Por: Adventist Risk Management<\/span><\/p>\n<p><span class=\"cap\"> Adventist Risk Management, Inc. (ARM) anunci\u00f3 la designaci\u00f3n de Karnik Doukmetzian como presidente interino tanto de ARM como de la aseguradora Gencon Insurance Company of Vermont (GICV) el 1 de abril de 2021. La designaci\u00f3n de la Junta Directiva se produjo despu\u00e9s de que el presidente y gerente general Tim Northrop presentara su renuncia con efecto inmediato. El anuncio fue llevado a cabo por Juan Prestol-Pues\u00e1n, presidente de la junta.<\/span><\/p>\n<p>Doukmetzian trabaj\u00f3 antes para ARM durante doce a\u00f1os, lo que incluy\u00f3 tres a\u00f1os como asesor de reclamos y nueve a\u00f1os como vicepresidente de Coberturas, Reclamos y Servicios Legales. Mientras ocupe el cargo de presidente interino, Doukmetzian continuar\u00e1 en su cargo actual de Asesor Legal General de la Asociaci\u00f3n General de los Adventistas del S\u00e9ptimo D\u00eda.<\/p>\n<p>Prestol-Pues\u00e1n expres\u00f3 su aprecio por los muchos a\u00f1os de servicio que Northrop ha brindado a ARM. La comisi\u00f3n de b\u00fasqueda que se ha formado para hallar a un remplazo permanente ser\u00e1 presidida por G. Alexander Bryant, presidente de la Divisi\u00f3n Norteamericana y vicepresidente de las juntas de ARM y GICV.<\/p>\n<p>Adventist Risk Management, Inc. es la compa\u00f1\u00eda de gesti\u00f3n de riesgos y de seguros de la Iglesia Adventista del S\u00e9ptimo D\u00eda. La compa\u00f1\u00eda ofrece servicios de gesti\u00f3n del riesgo y soluciones de productos de seguro para ayudar a que la Iglesia Adventista elimine omisiones que pueden llevar a costosos accidentes. ARM tiene su sede corporative en Silver Spring, Maryland, Estados Unidos, y filiales en St. Albans, Inglaterra, y Brasilia, Brasil.<\/p>\n<p>Traducci\u00f3n de Marcos Paseggi<\/p>\n","protected":false},"excerpt":{"rendered":"<p>El presidente y gerente general Tim Northrop present\u00f3 su renuncia con efecto inmediato. 7 de abril de 2021 | Silver Spring, Maryland, Estados Unidos | Por: Adventist Risk Management Adventist&#8230;<\/p>\n","protected":false},"author":3,"featured_media":70550,"comment_status":"closed","ping_status":"closed","sticky":false,"template":"","format":"standard","meta":{"_acf_changed":false,"footnotes":""},"categories":[14,15],"tags":[],"class_list":["post-70557","post","type-post","status-publish","format-standard","has-post-thumbnail","hentry","category-de-la-iglesia-mundial","category-rss-espanol"],"acf":[],"yoast_head":"<!-- This site is optimized with the Yoast SEO plugin v27.3 - https:\/\/yoast.com\/product\/yoast-seo-wordpress\/ -->\n<title>Adventist Risk Management nombra presidente interino hasta que se encuentre un remplazo - Iglesia Adventista del S\u00e9ptimo D\u00eda - Divisi\u00f3n Interamericana<\/title>\n<meta name=\"robots\" content=\"index, follow, max-snippet:-1, max-image-preview:large, max-video-preview:-1\" \/>\n<link rel=\"canonical\" href=\"https:\/\/interamerica.org\/es\/2021\/04\/adventist-risk-management-nombra-presidente-interino-hasta-que-se-encuentre-un-remplazo\/\" \/>\n<meta property=\"og:locale\" content=\"es_ES\" \/>\n<meta property=\"og:type\" content=\"article\" \/>\n<meta property=\"og:title\" content=\"Adventist Risk Management nombra presidente interino hasta que se encuentre un remplazo - Iglesia Adventista del S\u00e9ptimo D\u00eda - Divisi\u00f3n Interamericana\" \/>\n<meta property=\"og:description\" content=\"El presidente y gerente general Tim Northrop present\u00f3 su renuncia con efecto inmediato. 7 de abril de 2021 | Silver Spring, Maryland, Estados Unidos | Por: Adventist Risk Management Adventist...\" \/>\n<meta property=\"og:url\" content=\"https:\/\/interamerica.org\/es\/2021\/04\/adventist-risk-management-nombra-presidente-interino-hasta-que-se-encuentre-un-remplazo\/\" \/>\n<meta property=\"og:site_name\" content=\"Iglesia Adventista del S\u00e9ptimo D\u00eda - Divisi\u00f3n Interamericana\" \/>\n<meta property=\"article:published_time\" content=\"2021-04-07T23:30:03+00:00\" \/>\n<meta property=\"article:modified_time\" content=\"2021-04-08T00:27:21+00:00\" \/>\n<meta property=\"og:image\" content=\"https:\/\/interamerica.org\/wp-content\/uploads\/2021\/04\/adventist-risk-management-names-interim-president-until-replacement-is-found1.jpeg\" \/>\n\t<meta property=\"og:image:width\" content=\"1000\" \/>\n\t<meta property=\"og:image:height\" content=\"500\" \/>\n\t<meta property=\"og:image:type\" content=\"image\/jpeg\" \/>\n<meta name=\"author\" content=\"libna\" \/>\n<meta name=\"twitter:card\" content=\"summary_large_image\" \/>\n<meta name=\"twitter:label1\" content=\"Escrito por\" \/>\n\t<meta name=\"twitter:data1\" content=\"libna\" \/>\n\t<meta name=\"twitter:label2\" content=\"Tiempo de lectura\" \/>\n\t<meta name=\"twitter:data2\" content=\"2 minutos\" \/>\n<script type=\"application\/ld+json\" class=\"yoast-schema-graph\">{\"@context\":\"https:\\\/\\\/schema.org\",\"@graph\":[{\"@type\":\"Article\",\"@id\":\"https:\\\/\\\/interamerica.org\\\/es\\\/2021\\\/04\\\/adventist-risk-management-nombra-presidente-interino-hasta-que-se-encuentre-un-remplazo\\\/#article\",\"isPartOf\":{\"@id\":\"https:\\\/\\\/interamerica.org\\\/es\\\/2021\\\/04\\\/adventist-risk-management-nombra-presidente-interino-hasta-que-se-encuentre-un-remplazo\\\/\"},\"author\":{\"name\":\"libna\",\"@id\":\"https:\\\/\\\/interamerica.org\\\/es\\\/#\\\/schema\\\/person\\\/29998f2bc2d8bd0d38662909289b54f1\"},\"headline\":\"Adventist Risk Management nombra presidente interino hasta que se encuentre un remplazo\",\"datePublished\":\"2021-04-07T23:30:03+00:00\",\"dateModified\":\"2021-04-08T00:27:21+00:00\",\"mainEntityOfPage\":{\"@id\":\"https:\\\/\\\/interamerica.org\\\/es\\\/2021\\\/04\\\/adventist-risk-management-nombra-presidente-interino-hasta-que-se-encuentre-un-remplazo\\\/\"},\"wordCount\":365,\"image\":{\"@id\":\"https:\\\/\\\/interamerica.org\\\/es\\\/2021\\\/04\\\/adventist-risk-management-nombra-presidente-interino-hasta-que-se-encuentre-un-remplazo\\\/#primaryimage\"},\"thumbnailUrl\":\"https:\\\/\\\/interamerica.org\\\/wp-content\\\/uploads\\\/2021\\\/04\\\/adventist-risk-management-names-interim-president-until-replacement-is-found1.jpeg\",\"articleSection\":[\"Desde la iglesia mundial\",\"RSS Espa\u00f1ol\"],\"inLanguage\":\"es\"},{\"@type\":\"WebPage\",\"@id\":\"https:\\\/\\\/interamerica.org\\\/es\\\/2021\\\/04\\\/adventist-risk-management-nombra-presidente-interino-hasta-que-se-encuentre-un-remplazo\\\/\",\"url\":\"https:\\\/\\\/interamerica.org\\\/es\\\/2021\\\/04\\\/adventist-risk-management-nombra-presidente-interino-hasta-que-se-encuentre-un-remplazo\\\/\",\"name\":\"Adventist Risk Management nombra presidente interino hasta que se encuentre un remplazo - Iglesia Adventista del S\u00e9ptimo D\u00eda - Divisi\u00f3n Interamericana\",\"isPartOf\":{\"@id\":\"https:\\\/\\\/interamerica.org\\\/es\\\/#website\"},\"primaryImageOfPage\":{\"@id\":\"https:\\\/\\\/interamerica.org\\\/es\\\/2021\\\/04\\\/adventist-risk-management-nombra-presidente-interino-hasta-que-se-encuentre-un-remplazo\\\/#primaryimage\"},\"image\":{\"@id\":\"https:\\\/\\\/interamerica.org\\\/es\\\/2021\\\/04\\\/adventist-risk-management-nombra-presidente-interino-hasta-que-se-encuentre-un-remplazo\\\/#primaryimage\"},\"thumbnailUrl\":\"https:\\\/\\\/interamerica.org\\\/wp-content\\\/uploads\\\/2021\\\/04\\\/adventist-risk-management-names-interim-president-until-replacement-is-found1.jpeg\",\"datePublished\":\"2021-04-07T23:30:03+00:00\",\"dateModified\":\"2021-04-08T00:27:21+00:00\",\"author\":{\"@id\":\"https:\\\/\\\/interamerica.org\\\/es\\\/#\\\/schema\\\/person\\\/29998f2bc2d8bd0d38662909289b54f1\"},\"breadcrumb\":{\"@id\":\"https:\\\/\\\/interamerica.org\\\/es\\\/2021\\\/04\\\/adventist-risk-management-nombra-presidente-interino-hasta-que-se-encuentre-un-remplazo\\\/#breadcrumb\"},\"inLanguage\":\"es\",\"potentialAction\":[{\"@type\":\"ReadAction\",\"target\":[\"https:\\\/\\\/interamerica.org\\\/es\\\/2021\\\/04\\\/adventist-risk-management-nombra-presidente-interino-hasta-que-se-encuentre-un-remplazo\\\/\"]}]},{\"@type\":\"ImageObject\",\"inLanguage\":\"es\",\"@id\":\"https:\\\/\\\/interamerica.org\\\/es\\\/2021\\\/04\\\/adventist-risk-management-nombra-presidente-interino-hasta-que-se-encuentre-un-remplazo\\\/#primaryimage\",\"url\":\"https:\\\/\\\/interamerica.org\\\/wp-content\\\/uploads\\\/2021\\\/04\\\/adventist-risk-management-names-interim-president-until-replacement-is-found1.jpeg\",\"contentUrl\":\"https:\\\/\\\/interamerica.org\\\/wp-content\\\/uploads\\\/2021\\\/04\\\/adventist-risk-management-names-interim-president-until-replacement-is-found1.jpeg\",\"width\":1000,\"height\":500,\"caption\":\"Karnik Doukmetzian fue designado presidente interino de Adventist Risk Management y Gencon Insurance Company of Vermont (GICV) el 1 de abril de 2021. Una comisi\u00f3n de b\u00fasqueda trabajar\u00e1 para hallar un remplazo permanente despu\u00e9s de la renuncia del presidente y gerente general Tim Northrop. [Fotograf\u00eda: cortes\u00eda de Karnik Doukmetzian]\"},{\"@type\":\"BreadcrumbList\",\"@id\":\"https:\\\/\\\/interamerica.org\\\/es\\\/2021\\\/04\\\/adventist-risk-management-nombra-presidente-interino-hasta-que-se-encuentre-un-remplazo\\\/#breadcrumb\",\"itemListElement\":[{\"@type\":\"ListItem\",\"position\":1,\"name\":\"Home\",\"item\":\"https:\\\/\\\/interamerica.org\\\/es\\\/\"},{\"@type\":\"ListItem\",\"position\":2,\"name\":\"Adventist Risk Management nombra presidente interino hasta que se encuentre un remplazo\"}]},{\"@type\":\"WebSite\",\"@id\":\"https:\\\/\\\/interamerica.org\\\/es\\\/#website\",\"url\":\"https:\\\/\\\/interamerica.org\\\/es\\\/\",\"name\":\"Iglesia Adventista del S\u00e9ptimo D\u00eda - Divisi\u00f3n Interamericana\",\"description\":\"\",\"potentialAction\":[{\"@type\":\"SearchAction\",\"target\":{\"@type\":\"EntryPoint\",\"urlTemplate\":\"https:\\\/\\\/interamerica.org\\\/es\\\/?s={search_term_string}\"},\"query-input\":{\"@type\":\"PropertyValueSpecification\",\"valueRequired\":true,\"valueName\":\"search_term_string\"}}],\"inLanguage\":\"es\"},{\"@type\":\"Person\",\"@id\":\"https:\\\/\\\/interamerica.org\\\/es\\\/#\\\/schema\\\/person\\\/29998f2bc2d8bd0d38662909289b54f1\",\"name\":\"libna\",\"image\":{\"@type\":\"ImageObject\",\"inLanguage\":\"es\",\"@id\":\"https:\\\/\\\/secure.gravatar.com\\\/avatar\\\/7c5bd30ae4b47a9ba3c856590957fd1d96dc588bf3ac05719d247e126840331f?s=96&d=mm&r=g\",\"url\":\"https:\\\/\\\/secure.gravatar.com\\\/avatar\\\/7c5bd30ae4b47a9ba3c856590957fd1d96dc588bf3ac05719d247e126840331f?s=96&d=mm&r=g\",\"contentUrl\":\"https:\\\/\\\/secure.gravatar.com\\\/avatar\\\/7c5bd30ae4b47a9ba3c856590957fd1d96dc588bf3ac05719d247e126840331f?s=96&d=mm&r=g\",\"caption\":\"libna\"}}]}<\/script>\n<!-- \/ Yoast SEO plugin. -->","yoast_head_json":{"title":"Adventist Risk Management nombra presidente interino hasta que se encuentre un remplazo - Iglesia Adventista del S\u00e9ptimo D\u00eda - Divisi\u00f3n Interamericana","robots":{"index":"index","follow":"follow","max-snippet":"max-snippet:-1","max-image-preview":"max-image-preview:large","max-video-preview":"max-video-preview:-1"},"canonical":"https:\/\/interamerica.org\/es\/2021\/04\/adventist-risk-management-nombra-presidente-interino-hasta-que-se-encuentre-un-remplazo\/","og_locale":"es_ES","og_type":"article","og_title":"Adventist Risk Management nombra presidente interino hasta que se encuentre un remplazo - Iglesia Adventista del S\u00e9ptimo D\u00eda - Divisi\u00f3n Interamericana","og_description":"El presidente y gerente general Tim Northrop present\u00f3 su renuncia con efecto inmediato. 7 de abril de 2021 | Silver Spring, Maryland, Estados Unidos | Por: Adventist Risk Management Adventist...","og_url":"https:\/\/interamerica.org\/es\/2021\/04\/adventist-risk-management-nombra-presidente-interino-hasta-que-se-encuentre-un-remplazo\/","og_site_name":"Iglesia Adventista del S\u00e9ptimo D\u00eda - Divisi\u00f3n Interamericana","article_published_time":"2021-04-07T23:30:03+00:00","article_modified_time":"2021-04-08T00:27:21+00:00","og_image":[{"width":1000,"height":500,"url":"https:\/\/interamerica.org\/wp-content\/uploads\/2021\/04\/adventist-risk-management-names-interim-president-until-replacement-is-found1.jpeg","type":"image\/jpeg"}],"author":"libna","twitter_card":"summary_large_image","twitter_misc":{"Escrito por":"libna","Tiempo de lectura":"2 minutos"},"schema":{"@context":"https:\/\/schema.org","@graph":[{"@type":"Article","@id":"https:\/\/interamerica.org\/es\/2021\/04\/adventist-risk-management-nombra-presidente-interino-hasta-que-se-encuentre-un-remplazo\/#article","isPartOf":{"@id":"https:\/\/interamerica.org\/es\/2021\/04\/adventist-risk-management-nombra-presidente-interino-hasta-que-se-encuentre-un-remplazo\/"},"author":{"name":"libna","@id":"https:\/\/interamerica.org\/es\/#\/schema\/person\/29998f2bc2d8bd0d38662909289b54f1"},"headline":"Adventist Risk Management nombra presidente interino hasta que se encuentre un remplazo","datePublished":"2021-04-07T23:30:03+00:00","dateModified":"2021-04-08T00:27:21+00:00","mainEntityOfPage":{"@id":"https:\/\/interamerica.org\/es\/2021\/04\/adventist-risk-management-nombra-presidente-interino-hasta-que-se-encuentre-un-remplazo\/"},"wordCount":365,"image":{"@id":"https:\/\/interamerica.org\/es\/2021\/04\/adventist-risk-management-nombra-presidente-interino-hasta-que-se-encuentre-un-remplazo\/#primaryimage"},"thumbnailUrl":"https:\/\/interamerica.org\/wp-content\/uploads\/2021\/04\/adventist-risk-management-names-interim-president-until-replacement-is-found1.jpeg","articleSection":["Desde la iglesia mundial","RSS Espa\u00f1ol"],"inLanguage":"es"},{"@type":"WebPage","@id":"https:\/\/interamerica.org\/es\/2021\/04\/adventist-risk-management-nombra-presidente-interino-hasta-que-se-encuentre-un-remplazo\/","url":"https:\/\/interamerica.org\/es\/2021\/04\/adventist-risk-management-nombra-presidente-interino-hasta-que-se-encuentre-un-remplazo\/","name":"Adventist Risk Management nombra presidente interino hasta que se encuentre un remplazo - Iglesia Adventista del S\u00e9ptimo D\u00eda - Divisi\u00f3n Interamericana","isPartOf":{"@id":"https:\/\/interamerica.org\/es\/#website"},"primaryImageOfPage":{"@id":"https:\/\/interamerica.org\/es\/2021\/04\/adventist-risk-management-nombra-presidente-interino-hasta-que-se-encuentre-un-remplazo\/#primaryimage"},"image":{"@id":"https:\/\/interamerica.org\/es\/2021\/04\/adventist-risk-management-nombra-presidente-interino-hasta-que-se-encuentre-un-remplazo\/#primaryimage"},"thumbnailUrl":"https:\/\/interamerica.org\/wp-content\/uploads\/2021\/04\/adventist-risk-management-names-interim-president-until-replacement-is-found1.jpeg","datePublished":"2021-04-07T23:30:03+00:00","dateModified":"2021-04-08T00:27:21+00:00","author":{"@id":"https:\/\/interamerica.org\/es\/#\/schema\/person\/29998f2bc2d8bd0d38662909289b54f1"},"breadcrumb":{"@id":"https:\/\/interamerica.org\/es\/2021\/04\/adventist-risk-management-nombra-presidente-interino-hasta-que-se-encuentre-un-remplazo\/#breadcrumb"},"inLanguage":"es","potentialAction":[{"@type":"ReadAction","target":["https:\/\/interamerica.org\/es\/2021\/04\/adventist-risk-management-nombra-presidente-interino-hasta-que-se-encuentre-un-remplazo\/"]}]},{"@type":"ImageObject","inLanguage":"es","@id":"https:\/\/interamerica.org\/es\/2021\/04\/adventist-risk-management-nombra-presidente-interino-hasta-que-se-encuentre-un-remplazo\/#primaryimage","url":"https:\/\/interamerica.org\/wp-content\/uploads\/2021\/04\/adventist-risk-management-names-interim-president-until-replacement-is-found1.jpeg","contentUrl":"https:\/\/interamerica.org\/wp-content\/uploads\/2021\/04\/adventist-risk-management-names-interim-president-until-replacement-is-found1.jpeg","width":1000,"height":500,"caption":"Karnik Doukmetzian fue designado presidente interino de Adventist Risk Management y Gencon Insurance Company of Vermont (GICV) el 1 de abril de 2021. Una comisi\u00f3n de b\u00fasqueda trabajar\u00e1 para hallar un remplazo permanente despu\u00e9s de la renuncia del presidente y gerente general Tim Northrop. [Fotograf\u00eda: cortes\u00eda de Karnik Doukmetzian]"},{"@type":"BreadcrumbList","@id":"https:\/\/interamerica.org\/es\/2021\/04\/adventist-risk-management-nombra-presidente-interino-hasta-que-se-encuentre-un-remplazo\/#breadcrumb","itemListElement":[{"@type":"ListItem","position":1,"name":"Home","item":"https:\/\/interamerica.org\/es\/"},{"@type":"ListItem","position":2,"name":"Adventist Risk Management nombra presidente interino hasta que se encuentre un remplazo"}]},{"@type":"WebSite","@id":"https:\/\/interamerica.org\/es\/#website","url":"https:\/\/interamerica.org\/es\/","name":"Iglesia Adventista del S\u00e9ptimo D\u00eda - Divisi\u00f3n Interamericana","description":"","potentialAction":[{"@type":"SearchAction","target":{"@type":"EntryPoint","urlTemplate":"https:\/\/interamerica.org\/es\/?s={search_term_string}"},"query-input":{"@type":"PropertyValueSpecification","valueRequired":true,"valueName":"search_term_string"}}],"inLanguage":"es"},{"@type":"Person","@id":"https:\/\/interamerica.org\/es\/#\/schema\/person\/29998f2bc2d8bd0d38662909289b54f1","name":"libna","image":{"@type":"ImageObject","inLanguage":"es","@id":"https:\/\/secure.gravatar.com\/avatar\/7c5bd30ae4b47a9ba3c856590957fd1d96dc588bf3ac05719d247e126840331f?s=96&d=mm&r=g","url":"https:\/\/secure.gravatar.com\/avatar\/7c5bd30ae4b47a9ba3c856590957fd1d96dc588bf3ac05719d247e126840331f?s=96&d=mm&r=g","contentUrl":"https:\/\/secure.gravatar.com\/avatar\/7c5bd30ae4b47a9ba3c856590957fd1d96dc588bf3ac05719d247e126840331f?s=96&d=mm&r=g","caption":"libna"}}]}},"_links":{"self":[{"href":"https:\/\/interamerica.org\/es\/wp-json\/wp\/v2\/posts\/70557","targetHints":{"allow":["GET"]}}],"collection":[{"href":"https:\/\/interamerica.org\/es\/wp-json\/wp\/v2\/posts"}],"about":[{"href":"https:\/\/interamerica.org\/es\/wp-json\/wp\/v2\/types\/post"}],"author":[{"embeddable":true,"href":"https:\/\/interamerica.org\/es\/wp-json\/wp\/v2\/users\/3"}],"replies":[{"embeddable":true,"href":"https:\/\/interamerica.org\/es\/wp-json\/wp\/v2\/comments?post=70557"}],"version-history":[{"count":0,"href":"https:\/\/interamerica.org\/es\/wp-json\/wp\/v2\/posts\/70557\/revisions"}],"wp:featuredmedia":[{"embeddable":true,"href":"https:\/\/interamerica.org\/es\/wp-json\/wp\/v2\/media\/70550"}],"wp:attachment":[{"href":"https:\/\/interamerica.org\/es\/wp-json\/wp\/v2\/media?parent=70557"}],"wp:term":[{"taxonomy":"category","embeddable":true,"href":"https:\/\/interamerica.org\/es\/wp-json\/wp\/v2\/categories?post=70557"},{"taxonomy":"post_tag","embeddable":true,"href":"https:\/\/interamerica.org\/es\/wp-json\/wp\/v2\/tags?post=70557"}],"curies":[{"name":"wp","href":"https:\/\/api.w.org\/{rel}","templated":true}]}}