{"id":70564,"date":"2021-04-07T11:47:08","date_gmt":"2021-04-07T15:47:08","guid":{"rendered":"https:\/\/recursing-golick.147-182-135-0.plesk.page\/?p=70564"},"modified":"2021-04-08T08:28:06","modified_gmt":"2021-04-08T12:28:06","slug":"cambio-de-editor-en-proyecto-de-publicacion-sin-precedentes-sobre-herencia-adventista","status":"publish","type":"post","link":"https:\/\/interamerica.org\/es\/2021\/04\/cambio-de-editor-en-proyecto-de-publicacion-sin-precedentes-sobre-herencia-adventista\/","title":{"rendered":"Cambio de editor en proyecto de publicaci\u00f3n sin precedentes sobre Herencia Adventista"},"content":{"rendered":"<p><strong>Denis Kaiser reemplaza a George Knight en la Serie de Biograf\u00edas Adventistas <\/strong><\/p>\n<p>7 de abril de 2021 | Berrien Springs, Michigan, Estados Unidos | Por Noticias de la Divisi\u00f3n Norteamericana y <em>Adventist Review<\/em><\/p>\n<p>Denis Kaiser ha sido nombrado como el nuevo editor de la presente <a href=\"http:\/\/www.adventistbookcenter.com\/aps\">Serie de Biograf\u00edas Adventistas<\/a>, uno de los proyectos de publicaci\u00f3n m\u00e1s ambiciosos en la historia de la Iglesia Adventista del S\u00e9ptimo D\u00eda. Denis Kaiser es un especialista en historia adventista y profesor en el Seminario Teol\u00f3gico Adventista del S\u00e9ptimo D\u00eda en Berrien Springs, M\u00edchigan, Estados Unidos. Asumir\u00e1 su liderazgo en esta serie despu\u00e9s del retiro de ese cargo, de\u00a0 George Knight, quien ha prestado sus servicios como editor desde los \u00faltimos 20 a\u00f1os.<\/p>\n<p>De acuerdo con el equipo responsable del proyecto, la Serie de Biograf\u00edas Adventistas es un paso significativo hacia la comprensi\u00f3n de la historia adventista del s\u00e9ptimo d\u00eda a trav\u00e9s de biograf\u00edas de hombres y mujeres prominentes que han moldeado la iglesia a trav\u00e9s de los a\u00f1os, desde sus mismos comienzos. El primer tomo de la serie (2003) present\u00f3 a Jaime White y, el \u00faltimo (2019) trat\u00f3 sobre J. N. Andrews. Otros tomos de la serie incluyen la biograf\u00eda de Joseph Bates, J. H. Kellogg, A. T. Jones, E. J. Waggoner, Uriah Smith y A. G. Daniels; por nombrar algunos. Se tienen planificadas futuras biograf\u00edas, tales como las de Joshua V. Himes, William Miller y W. C. White, as\u00ed como de figuras m\u00e1s recientes, incluyendo a Edward Heppenstall, Anna Knight y L. R. Conradi.<\/p>\n<p>La Serie de Biograf\u00edas Adventistas se inici\u00f3 en la Review and Herald Publishing Association y contin\u00faa ahora public\u00e1ndose a trav\u00e9s de la Pacific Press Publishing Association.<\/p>\n<p><strong>Un proyecto sin precedentes<\/strong><\/p>\n<p>Esta serie no tiene precedentes en cuanto a su amplitud y alcance, de acuerdo con las personas familiarizadas con el proyecto. Cada tomo se basa en cuidadosa investigaci\u00f3n por parte de los principales historiadores de la denominaci\u00f3n, por lo cual cada biograf\u00eda puede tardar a\u00f1os en producirse.<\/p>\n<p>\u201cLas biograf\u00edas presentan a las personas sobre las que tratan, como gente real que vivi\u00f3 y ministr\u00f3 en el \u00e1mbito complejo de una iglesia en desarrollo en un mundo mucho menos que perfecto\u201d, dijeron los encargados. \u201cEstos tomos exploran tambi\u00e9n las relaciones de estas personas con otras muy determinadas y decididas que ten\u00edan su forma de pensar en cuanto a c\u00f3mo deb\u00edan verse o hacerse las cosas. A trav\u00e9s de la vida de esas personas impulsoras e influyentes, los lectores pueden obtener nuevas percepciones en cuanto a lo que significaba, en el nivel personal, vivir y trabajar como adventista durante diferentes eras de evoluci\u00f3n de la iglesia\u201d.<\/p>\n<p>La declaraci\u00f3n de Dale Galusha, presidente of Pacific Press Publishing Association, coincide tambi\u00e9n con lo anterior.<\/p>\n<p>\u201cLa Serie de Biograf\u00edas Adventistas es importante no solamente como registro hist\u00f3rico del pasado de nuestra iglesia\u201d, dijo. Es tambi\u00e9n un retrato fascinante de hombres y mujeres reales que se esforzaron, como nosotros, en encontrar su camino a trav\u00e9s de circunstancias dif\u00edciles y a encontrar la mejor forma de entenderse con los hermanos y hermanas de la iglesia\u201d.<\/p>\n<p>El presidente Galusha dijo que al penetrar los lectores en la vida y experiencias de los pioneros adventistas, pueden aprender lecciones importantes para su vida y acerca de la misi\u00f3n de la iglesia.<\/p>\n<p>\u201cLa lectura de esta serie es crucial para los miembros y dirigentes de la iglesia de hoy al procurar una mejor comprensi\u00f3n del mensaje peculiar que nuestra iglesia tiene para el mundo\u201d, dijo.<\/p>\n<p><em>La <\/em><a href=\"https:\/\/www.nadadventist.org\/news\/adventist-biography-series-unprecedented-publishing-project-changes-editors\"><em>versi\u00f3n original<\/em><\/a><em>\u00a0de esta noticia se public\u00f3 en el <\/em><a href=\"https:\/\/www.nadadventist.org\/news\"><em>sitio de noticias<\/em><\/a> <em>de la Divisi\u00f3n Norteamericana.<\/em><\/p>\n<p>Traducci\u00f3n \u2013 Gloria A. Castrej\u00f3n<\/p>\n<h3 class=\"subhead\"><\/h3>\n","protected":false},"excerpt":{"rendered":"<p>Denis Kaiser reemplaza a George Knight en la Serie de Biograf\u00edas Adventistas 7 de abril de 2021 | Berrien Springs, Michigan, Estados Unidos | Por Noticias de la Divisi\u00f3n Norteamericana&#8230;<\/p>\n","protected":false},"author":3,"featured_media":70508,"comment_status":"closed","ping_status":"closed","sticky":false,"template":"","format":"standard","meta":{"_acf_changed":false,"footnotes":""},"categories":[14,15],"tags":[],"class_list":["post-70564","post","type-post","status-publish","format-standard","has-post-thumbnail","hentry","category-de-la-iglesia-mundial","category-rss-espanol"],"acf":[],"yoast_head":"<!-- This site is optimized with the Yoast SEO plugin v27.3 - https:\/\/yoast.com\/product\/yoast-seo-wordpress\/ -->\n<title>Cambio de editor en proyecto de publicaci\u00f3n sin precedentes sobre Herencia Adventista - Iglesia Adventista del S\u00e9ptimo D\u00eda - Divisi\u00f3n Interamericana<\/title>\n<meta name=\"robots\" content=\"index, follow, max-snippet:-1, max-image-preview:large, max-video-preview:-1\" \/>\n<link rel=\"canonical\" href=\"https:\/\/interamerica.org\/es\/2021\/04\/cambio-de-editor-en-proyecto-de-publicacion-sin-precedentes-sobre-herencia-adventista\/\" \/>\n<meta property=\"og:locale\" content=\"es_ES\" \/>\n<meta property=\"og:type\" content=\"article\" \/>\n<meta property=\"og:title\" content=\"Cambio de editor en proyecto de publicaci\u00f3n sin precedentes sobre Herencia Adventista - Iglesia Adventista del S\u00e9ptimo D\u00eda - Divisi\u00f3n Interamericana\" \/>\n<meta property=\"og:description\" content=\"Denis Kaiser reemplaza a George Knight en la Serie de Biograf\u00edas Adventistas 7 de abril de 2021 | Berrien Springs, Michigan, Estados Unidos | Por Noticias de la Divisi\u00f3n Norteamericana...\" \/>\n<meta property=\"og:url\" content=\"https:\/\/interamerica.org\/es\/2021\/04\/cambio-de-editor-en-proyecto-de-publicacion-sin-precedentes-sobre-herencia-adventista\/\" \/>\n<meta property=\"og:site_name\" content=\"Iglesia Adventista del S\u00e9ptimo D\u00eda - Divisi\u00f3n Interamericana\" \/>\n<meta property=\"article:published_time\" content=\"2021-04-07T15:47:08+00:00\" \/>\n<meta property=\"article:modified_time\" content=\"2021-04-08T12:28:06+00:00\" \/>\n<meta property=\"og:image\" content=\"https:\/\/interamerica.org\/wp-content\/uploads\/2021\/04\/unprecedented-adventist-heritage-publishing-project-changes-editors1.jpeg\" \/>\n\t<meta property=\"og:image:width\" content=\"1000\" \/>\n\t<meta property=\"og:image:height\" content=\"500\" \/>\n\t<meta property=\"og:image:type\" content=\"image\/jpeg\" \/>\n<meta name=\"author\" content=\"libna\" \/>\n<meta name=\"twitter:card\" content=\"summary_large_image\" \/>\n<meta name=\"twitter:label1\" content=\"Escrito por\" \/>\n\t<meta name=\"twitter:data1\" content=\"libna\" \/>\n\t<meta name=\"twitter:label2\" content=\"Tiempo de lectura\" \/>\n\t<meta name=\"twitter:data2\" content=\"3 minutos\" \/>\n<script type=\"application\/ld+json\" class=\"yoast-schema-graph\">{\"@context\":\"https:\\\/\\\/schema.org\",\"@graph\":[{\"@type\":\"Article\",\"@id\":\"https:\\\/\\\/interamerica.org\\\/es\\\/2021\\\/04\\\/cambio-de-editor-en-proyecto-de-publicacion-sin-precedentes-sobre-herencia-adventista\\\/#article\",\"isPartOf\":{\"@id\":\"https:\\\/\\\/interamerica.org\\\/es\\\/2021\\\/04\\\/cambio-de-editor-en-proyecto-de-publicacion-sin-precedentes-sobre-herencia-adventista\\\/\"},\"author\":{\"name\":\"libna\",\"@id\":\"https:\\\/\\\/interamerica.org\\\/es\\\/#\\\/schema\\\/person\\\/29998f2bc2d8bd0d38662909289b54f1\"},\"headline\":\"Cambio de editor en proyecto de publicaci\u00f3n sin precedentes sobre Herencia Adventista\",\"datePublished\":\"2021-04-07T15:47:08+00:00\",\"dateModified\":\"2021-04-08T12:28:06+00:00\",\"mainEntityOfPage\":{\"@id\":\"https:\\\/\\\/interamerica.org\\\/es\\\/2021\\\/04\\\/cambio-de-editor-en-proyecto-de-publicacion-sin-precedentes-sobre-herencia-adventista\\\/\"},\"wordCount\":654,\"image\":{\"@id\":\"https:\\\/\\\/interamerica.org\\\/es\\\/2021\\\/04\\\/cambio-de-editor-en-proyecto-de-publicacion-sin-precedentes-sobre-herencia-adventista\\\/#primaryimage\"},\"thumbnailUrl\":\"https:\\\/\\\/interamerica.org\\\/wp-content\\\/uploads\\\/2021\\\/04\\\/unprecedented-adventist-heritage-publishing-project-changes-editors1.jpeg\",\"articleSection\":[\"Desde la iglesia mundial\",\"RSS Espa\u00f1ol\"],\"inLanguage\":\"es\"},{\"@type\":\"WebPage\",\"@id\":\"https:\\\/\\\/interamerica.org\\\/es\\\/2021\\\/04\\\/cambio-de-editor-en-proyecto-de-publicacion-sin-precedentes-sobre-herencia-adventista\\\/\",\"url\":\"https:\\\/\\\/interamerica.org\\\/es\\\/2021\\\/04\\\/cambio-de-editor-en-proyecto-de-publicacion-sin-precedentes-sobre-herencia-adventista\\\/\",\"name\":\"Cambio de editor en proyecto de publicaci\u00f3n sin precedentes sobre Herencia Adventista - Iglesia Adventista del S\u00e9ptimo D\u00eda - Divisi\u00f3n Interamericana\",\"isPartOf\":{\"@id\":\"https:\\\/\\\/interamerica.org\\\/es\\\/#website\"},\"primaryImageOfPage\":{\"@id\":\"https:\\\/\\\/interamerica.org\\\/es\\\/2021\\\/04\\\/cambio-de-editor-en-proyecto-de-publicacion-sin-precedentes-sobre-herencia-adventista\\\/#primaryimage\"},\"image\":{\"@id\":\"https:\\\/\\\/interamerica.org\\\/es\\\/2021\\\/04\\\/cambio-de-editor-en-proyecto-de-publicacion-sin-precedentes-sobre-herencia-adventista\\\/#primaryimage\"},\"thumbnailUrl\":\"https:\\\/\\\/interamerica.org\\\/wp-content\\\/uploads\\\/2021\\\/04\\\/unprecedented-adventist-heritage-publishing-project-changes-editors1.jpeg\",\"datePublished\":\"2021-04-07T15:47:08+00:00\",\"dateModified\":\"2021-04-08T12:28:06+00:00\",\"author\":{\"@id\":\"https:\\\/\\\/interamerica.org\\\/es\\\/#\\\/schema\\\/person\\\/29998f2bc2d8bd0d38662909289b54f1\"},\"breadcrumb\":{\"@id\":\"https:\\\/\\\/interamerica.org\\\/es\\\/2021\\\/04\\\/cambio-de-editor-en-proyecto-de-publicacion-sin-precedentes-sobre-herencia-adventista\\\/#breadcrumb\"},\"inLanguage\":\"es\",\"potentialAction\":[{\"@type\":\"ReadAction\",\"target\":[\"https:\\\/\\\/interamerica.org\\\/es\\\/2021\\\/04\\\/cambio-de-editor-en-proyecto-de-publicacion-sin-precedentes-sobre-herencia-adventista\\\/\"]}]},{\"@type\":\"ImageObject\",\"inLanguage\":\"es\",\"@id\":\"https:\\\/\\\/interamerica.org\\\/es\\\/2021\\\/04\\\/cambio-de-editor-en-proyecto-de-publicacion-sin-precedentes-sobre-herencia-adventista\\\/#primaryimage\",\"url\":\"https:\\\/\\\/interamerica.org\\\/wp-content\\\/uploads\\\/2021\\\/04\\\/unprecedented-adventist-heritage-publishing-project-changes-editors1.jpeg\",\"contentUrl\":\"https:\\\/\\\/interamerica.org\\\/wp-content\\\/uploads\\\/2021\\\/04\\\/unprecedented-adventist-heritage-publishing-project-changes-editors1.jpeg\",\"width\":1000,\"height\":500,\"caption\":\"[Imagen: Pacific Press Publishing Association]\"},{\"@type\":\"BreadcrumbList\",\"@id\":\"https:\\\/\\\/interamerica.org\\\/es\\\/2021\\\/04\\\/cambio-de-editor-en-proyecto-de-publicacion-sin-precedentes-sobre-herencia-adventista\\\/#breadcrumb\",\"itemListElement\":[{\"@type\":\"ListItem\",\"position\":1,\"name\":\"Home\",\"item\":\"https:\\\/\\\/interamerica.org\\\/es\\\/\"},{\"@type\":\"ListItem\",\"position\":2,\"name\":\"Cambio de editor en proyecto de publicaci\u00f3n sin precedentes sobre Herencia Adventista\"}]},{\"@type\":\"WebSite\",\"@id\":\"https:\\\/\\\/interamerica.org\\\/es\\\/#website\",\"url\":\"https:\\\/\\\/interamerica.org\\\/es\\\/\",\"name\":\"Iglesia Adventista del S\u00e9ptimo D\u00eda - Divisi\u00f3n Interamericana\",\"description\":\"\",\"potentialAction\":[{\"@type\":\"SearchAction\",\"target\":{\"@type\":\"EntryPoint\",\"urlTemplate\":\"https:\\\/\\\/interamerica.org\\\/es\\\/?s={search_term_string}\"},\"query-input\":{\"@type\":\"PropertyValueSpecification\",\"valueRequired\":true,\"valueName\":\"search_term_string\"}}],\"inLanguage\":\"es\"},{\"@type\":\"Person\",\"@id\":\"https:\\\/\\\/interamerica.org\\\/es\\\/#\\\/schema\\\/person\\\/29998f2bc2d8bd0d38662909289b54f1\",\"name\":\"libna\",\"image\":{\"@type\":\"ImageObject\",\"inLanguage\":\"es\",\"@id\":\"https:\\\/\\\/secure.gravatar.com\\\/avatar\\\/7c5bd30ae4b47a9ba3c856590957fd1d96dc588bf3ac05719d247e126840331f?s=96&d=mm&r=g\",\"url\":\"https:\\\/\\\/secure.gravatar.com\\\/avatar\\\/7c5bd30ae4b47a9ba3c856590957fd1d96dc588bf3ac05719d247e126840331f?s=96&d=mm&r=g\",\"contentUrl\":\"https:\\\/\\\/secure.gravatar.com\\\/avatar\\\/7c5bd30ae4b47a9ba3c856590957fd1d96dc588bf3ac05719d247e126840331f?s=96&d=mm&r=g\",\"caption\":\"libna\"}}]}<\/script>\n<!-- \/ Yoast SEO plugin. -->","yoast_head_json":{"title":"Cambio de editor en proyecto de publicaci\u00f3n sin precedentes sobre Herencia Adventista - Iglesia Adventista del S\u00e9ptimo D\u00eda - Divisi\u00f3n Interamericana","robots":{"index":"index","follow":"follow","max-snippet":"max-snippet:-1","max-image-preview":"max-image-preview:large","max-video-preview":"max-video-preview:-1"},"canonical":"https:\/\/interamerica.org\/es\/2021\/04\/cambio-de-editor-en-proyecto-de-publicacion-sin-precedentes-sobre-herencia-adventista\/","og_locale":"es_ES","og_type":"article","og_title":"Cambio de editor en proyecto de publicaci\u00f3n sin precedentes sobre Herencia Adventista - Iglesia Adventista del S\u00e9ptimo D\u00eda - Divisi\u00f3n Interamericana","og_description":"Denis Kaiser reemplaza a George Knight en la Serie de Biograf\u00edas Adventistas 7 de abril de 2021 | Berrien Springs, Michigan, Estados Unidos | Por Noticias de la Divisi\u00f3n Norteamericana...","og_url":"https:\/\/interamerica.org\/es\/2021\/04\/cambio-de-editor-en-proyecto-de-publicacion-sin-precedentes-sobre-herencia-adventista\/","og_site_name":"Iglesia Adventista del S\u00e9ptimo D\u00eda - Divisi\u00f3n Interamericana","article_published_time":"2021-04-07T15:47:08+00:00","article_modified_time":"2021-04-08T12:28:06+00:00","og_image":[{"width":1000,"height":500,"url":"https:\/\/interamerica.org\/wp-content\/uploads\/2021\/04\/unprecedented-adventist-heritage-publishing-project-changes-editors1.jpeg","type":"image\/jpeg"}],"author":"libna","twitter_card":"summary_large_image","twitter_misc":{"Escrito por":"libna","Tiempo de lectura":"3 minutos"},"schema":{"@context":"https:\/\/schema.org","@graph":[{"@type":"Article","@id":"https:\/\/interamerica.org\/es\/2021\/04\/cambio-de-editor-en-proyecto-de-publicacion-sin-precedentes-sobre-herencia-adventista\/#article","isPartOf":{"@id":"https:\/\/interamerica.org\/es\/2021\/04\/cambio-de-editor-en-proyecto-de-publicacion-sin-precedentes-sobre-herencia-adventista\/"},"author":{"name":"libna","@id":"https:\/\/interamerica.org\/es\/#\/schema\/person\/29998f2bc2d8bd0d38662909289b54f1"},"headline":"Cambio de editor en proyecto de publicaci\u00f3n sin precedentes sobre Herencia Adventista","datePublished":"2021-04-07T15:47:08+00:00","dateModified":"2021-04-08T12:28:06+00:00","mainEntityOfPage":{"@id":"https:\/\/interamerica.org\/es\/2021\/04\/cambio-de-editor-en-proyecto-de-publicacion-sin-precedentes-sobre-herencia-adventista\/"},"wordCount":654,"image":{"@id":"https:\/\/interamerica.org\/es\/2021\/04\/cambio-de-editor-en-proyecto-de-publicacion-sin-precedentes-sobre-herencia-adventista\/#primaryimage"},"thumbnailUrl":"https:\/\/interamerica.org\/wp-content\/uploads\/2021\/04\/unprecedented-adventist-heritage-publishing-project-changes-editors1.jpeg","articleSection":["Desde la iglesia mundial","RSS Espa\u00f1ol"],"inLanguage":"es"},{"@type":"WebPage","@id":"https:\/\/interamerica.org\/es\/2021\/04\/cambio-de-editor-en-proyecto-de-publicacion-sin-precedentes-sobre-herencia-adventista\/","url":"https:\/\/interamerica.org\/es\/2021\/04\/cambio-de-editor-en-proyecto-de-publicacion-sin-precedentes-sobre-herencia-adventista\/","name":"Cambio de editor en proyecto de publicaci\u00f3n sin precedentes sobre Herencia Adventista - Iglesia Adventista del S\u00e9ptimo D\u00eda - Divisi\u00f3n Interamericana","isPartOf":{"@id":"https:\/\/interamerica.org\/es\/#website"},"primaryImageOfPage":{"@id":"https:\/\/interamerica.org\/es\/2021\/04\/cambio-de-editor-en-proyecto-de-publicacion-sin-precedentes-sobre-herencia-adventista\/#primaryimage"},"image":{"@id":"https:\/\/interamerica.org\/es\/2021\/04\/cambio-de-editor-en-proyecto-de-publicacion-sin-precedentes-sobre-herencia-adventista\/#primaryimage"},"thumbnailUrl":"https:\/\/interamerica.org\/wp-content\/uploads\/2021\/04\/unprecedented-adventist-heritage-publishing-project-changes-editors1.jpeg","datePublished":"2021-04-07T15:47:08+00:00","dateModified":"2021-04-08T12:28:06+00:00","author":{"@id":"https:\/\/interamerica.org\/es\/#\/schema\/person\/29998f2bc2d8bd0d38662909289b54f1"},"breadcrumb":{"@id":"https:\/\/interamerica.org\/es\/2021\/04\/cambio-de-editor-en-proyecto-de-publicacion-sin-precedentes-sobre-herencia-adventista\/#breadcrumb"},"inLanguage":"es","potentialAction":[{"@type":"ReadAction","target":["https:\/\/interamerica.org\/es\/2021\/04\/cambio-de-editor-en-proyecto-de-publicacion-sin-precedentes-sobre-herencia-adventista\/"]}]},{"@type":"ImageObject","inLanguage":"es","@id":"https:\/\/interamerica.org\/es\/2021\/04\/cambio-de-editor-en-proyecto-de-publicacion-sin-precedentes-sobre-herencia-adventista\/#primaryimage","url":"https:\/\/interamerica.org\/wp-content\/uploads\/2021\/04\/unprecedented-adventist-heritage-publishing-project-changes-editors1.jpeg","contentUrl":"https:\/\/interamerica.org\/wp-content\/uploads\/2021\/04\/unprecedented-adventist-heritage-publishing-project-changes-editors1.jpeg","width":1000,"height":500,"caption":"[Imagen: Pacific Press Publishing Association]"},{"@type":"BreadcrumbList","@id":"https:\/\/interamerica.org\/es\/2021\/04\/cambio-de-editor-en-proyecto-de-publicacion-sin-precedentes-sobre-herencia-adventista\/#breadcrumb","itemListElement":[{"@type":"ListItem","position":1,"name":"Home","item":"https:\/\/interamerica.org\/es\/"},{"@type":"ListItem","position":2,"name":"Cambio de editor en proyecto de publicaci\u00f3n sin precedentes sobre Herencia Adventista"}]},{"@type":"WebSite","@id":"https:\/\/interamerica.org\/es\/#website","url":"https:\/\/interamerica.org\/es\/","name":"Iglesia Adventista del S\u00e9ptimo D\u00eda - Divisi\u00f3n Interamericana","description":"","potentialAction":[{"@type":"SearchAction","target":{"@type":"EntryPoint","urlTemplate":"https:\/\/interamerica.org\/es\/?s={search_term_string}"},"query-input":{"@type":"PropertyValueSpecification","valueRequired":true,"valueName":"search_term_string"}}],"inLanguage":"es"},{"@type":"Person","@id":"https:\/\/interamerica.org\/es\/#\/schema\/person\/29998f2bc2d8bd0d38662909289b54f1","name":"libna","image":{"@type":"ImageObject","inLanguage":"es","@id":"https:\/\/secure.gravatar.com\/avatar\/7c5bd30ae4b47a9ba3c856590957fd1d96dc588bf3ac05719d247e126840331f?s=96&d=mm&r=g","url":"https:\/\/secure.gravatar.com\/avatar\/7c5bd30ae4b47a9ba3c856590957fd1d96dc588bf3ac05719d247e126840331f?s=96&d=mm&r=g","contentUrl":"https:\/\/secure.gravatar.com\/avatar\/7c5bd30ae4b47a9ba3c856590957fd1d96dc588bf3ac05719d247e126840331f?s=96&d=mm&r=g","caption":"libna"}}]}},"_links":{"self":[{"href":"https:\/\/interamerica.org\/es\/wp-json\/wp\/v2\/posts\/70564","targetHints":{"allow":["GET"]}}],"collection":[{"href":"https:\/\/interamerica.org\/es\/wp-json\/wp\/v2\/posts"}],"about":[{"href":"https:\/\/interamerica.org\/es\/wp-json\/wp\/v2\/types\/post"}],"author":[{"embeddable":true,"href":"https:\/\/interamerica.org\/es\/wp-json\/wp\/v2\/users\/3"}],"replies":[{"embeddable":true,"href":"https:\/\/interamerica.org\/es\/wp-json\/wp\/v2\/comments?post=70564"}],"version-history":[{"count":0,"href":"https:\/\/interamerica.org\/es\/wp-json\/wp\/v2\/posts\/70564\/revisions"}],"wp:featuredmedia":[{"embeddable":true,"href":"https:\/\/interamerica.org\/es\/wp-json\/wp\/v2\/media\/70508"}],"wp:attachment":[{"href":"https:\/\/interamerica.org\/es\/wp-json\/wp\/v2\/media?parent=70564"}],"wp:term":[{"taxonomy":"category","embeddable":true,"href":"https:\/\/interamerica.org\/es\/wp-json\/wp\/v2\/categories?post=70564"},{"taxonomy":"post_tag","embeddable":true,"href":"https:\/\/interamerica.org\/es\/wp-json\/wp\/v2\/tags?post=70564"}],"curies":[{"name":"wp","href":"https:\/\/api.w.org\/{rel}","templated":true}]}}