{"id":70569,"date":"2021-04-07T17:32:58","date_gmt":"2021-04-07T21:32:58","guid":{"rendered":"https:\/\/recursing-golick.147-182-135-0.plesk.page\/?p=70569"},"modified":"2021-04-15T11:18:07","modified_gmt":"2021-04-15T15:18:07","slug":"afrentas-en-medios-sociales-en-torno-a-covid-19-una-combinacion-peligrosa","status":"publish","type":"post","link":"https:\/\/interamerica.org\/es\/2021\/04\/afrentas-en-medios-sociales-en-torno-a-covid-19-una-combinacion-peligrosa\/","title":{"rendered":"Afrentas en medios sociales en torno a COVID-19 \u2014una combinaci\u00f3n peligrosa"},"content":{"rendered":"<div class=\"c-block__category u-text-transform--upper\">\n<p>7 de abril de 2021 | Loma Linda, California, Estados Unidos | Janelle Ringer, Universidad Loma Linda<\/p>\n<p>El hecho de afrentar a alguien a trav\u00e9s de los medios sociales, no es nuevo de ninguna manera; pero con el incremento del tiempo utilizado por las personas en las redes sociales durante el a\u00f1o pasado, ha habido tambi\u00e9n un incremento de acoso y estigmatizaci\u00f3n en l\u00ednea, de acuerdo con Statista. En muchos casos esto se debe en parte a la ira y agresi\u00f3n que algunos sienten hacia las acciones de otros durante la pandemia.<\/p>\n<p>\u00abEs una situaci\u00f3n por dem\u00e1s desafiante y desafortunadamente ha atra\u00eddo m\u00e1s que antes la atenci\u00f3n hacia la estigmatizaci\u00f3n\u201d dijo <a href=\"https:\/\/lluh.org\/provider\/lalas-serafin\">Serafin Lalas, MD<\/a>, un siquiatra de ni\u00f1os y adolescentes de salud conductual de la Universidad Loma Linda. \u00abCuando las personas se sienten amenazadas por algo, tratan con frecuencia de estigmatizar o desvirtuar aquello que las asusta\u201d, contin\u00faa diciendo, \u201ceso puede ayudarlas a pensar que tienen una mejor comprensi\u00f3n de lo que est\u00e1 ocurriendo\u201d.<\/p>\n<p>Cada uno con acceso a la Internet tiene la habilidad de transmitir su voz como nunca se hab\u00eda visto antes, teniendo con ello la enorme oportunidad de afectar a las personas. Desde el principio de la pandemia ha habido incontables historias de personas que publican fotograf\u00edas de s\u00ed mismas respondiendo a requerimientos.<\/p>\n<p>\u00abLas personas que se expresan en contra de usar mascarilla de protecci\u00f3n o de vacunarse, podr\u00edan muy bien publicar m\u00e1s tarde que el virus las ha infectado; y otros se han apresurado a avergonzarlas en l\u00ednea o a se\u00f1alar sus errores, en vez de ofrecerles consuelo o apoyo\u201d, dijo el Dr. Lalas. \u00abNo siempre podemos saber la historia \u201ctras bambalinas\u201d de las personas y el juzgar r\u00e1pidamente puede causarles gran dolor a personas que ya de por s\u00ed est\u00e1n sufriendo mucho\u201d, a\u00f1adi\u00f3.<\/p>\n<p>El Dr. Lalas recomienda considerar c\u00f3mo tratar\u00edamos a una persona si la vi\u00e9ramos cara a cara. \u201cCon frecuencia, los medios sociales proveen una falsa sensaci\u00f3n de confianza y perdemos la habilidad de captar pistas o indicadores sociales que nos podr\u00edan ayudar a navegar dentro de una situaci\u00f3n en la forma m\u00e1s apropiada\u201d, dijo.<\/p>\n<p>Los medios sociales est\u00e1n aqu\u00ed para quedarse, pero el Dr. Lalas afirma que tenemos el poder de controlar c\u00f3mo vamos a usarlos. \u00abEn vez de juzgar en forma inmediata o de seguir la tendencia popular, usa tu presencia en los medios sociales para luchar contra la estigmatizaci\u00f3n, en vez de alimentar el fuego\u201d.<\/p>\n<p>Hay todav\u00eda un gran porcentaje de misterio en torno del virus y tal vez tenga que pasar mucho tiempo antes de que sepamos todo lo que necesitamos saber. Mientras tanto, El Dr. Lalas recomienda enfocar la atenci\u00f3n en lo que s\u00ed sabemos. \u201cLa comunidad nos hace m\u00e1s fuertes, m\u00e1s saludables y m\u00e1s felices\u201d, dijo. \u201cAun cuando te sientas lastimado por la decisi\u00f3n de alguien m\u00e1s, el mostrar empat\u00eda a los dem\u00e1s puede ser bueno para ambas partes. Busca conectarte con alguien para enterarte de c\u00f3mo le est\u00e1 yendo aun cuando no est\u00e9s de acuerdo con sus decisiones. Esto puede unir a las personas en forma m\u00e1s saludable que el aliarse contra alguien. Haz todo lo que puedas en favor de hacer que este mundo est\u00e9 un poquito menos dividido\u201d.<\/p>\n<p>Visita nuestro sitio web sobre <a href=\"https:\/\/lluh.org\/behavioral-health\/our-services\/substance-use-programs?utm_campaign=substanceuse&amp;utm_medium=PRStory\">servicios de salud conductual<\/a>\u00a0y ent\u00e9rate mejor acerca de c\u00f3mo el \u00a0\u00a0<a href=\"https:\/\/lluh.org\/locations\/loma-linda-university-behavioral-medicine-center-bmc\">Centro de Medicina Conductual de la Universidad Loma Linda <\/a>te puede ayudar.\u00a0<a href=\"http:\/\/llubmc.org\/info\">Solicita informaci\u00f3n <\/a>respecto a diagnosis o tratamiento de cualquier problema de salud conductual y uno de nuestros coordinadores se pondr\u00e1 en contacto contigo.<\/p>\n<p><a href=\"https:\/\/news.llu.edu\/health-wellness\/covid-19-shaming-and-social-media-dangerous-combination\">Este art\u00edculo <\/a>\u00a0se public\u00f3 originalmente en el <a href=\"https:\/\/news.llu.edu\/?keywords=&amp;category=&amp;month=&amp;page=1\">sitio de noticias de Loma Linda University Health <\/a><\/p>\n<p>Traducci\u00f3n \u2013 Gloria A Castrej\u00f3n<\/p>\n<\/div>\n","protected":false},"excerpt":{"rendered":"<p>7 de abril de 2021 | Loma Linda, California, Estados Unidos | Janelle Ringer, Universidad Loma Linda El hecho de afrentar a alguien a trav\u00e9s de los medios sociales, no&#8230;<\/p>\n","protected":false},"author":3,"featured_media":70520,"comment_status":"closed","ping_status":"closed","sticky":false,"template":"","format":"standard","meta":{"_acf_changed":false,"footnotes":""},"categories":[14,15],"tags":[],"class_list":["post-70569","post","type-post","status-publish","format-standard","has-post-thumbnail","hentry","category-de-la-iglesia-mundial","category-rss-espanol"],"acf":[],"yoast_head":"<!-- This site is optimized with the Yoast SEO plugin v27.3 - https:\/\/yoast.com\/product\/yoast-seo-wordpress\/ -->\n<title>Afrentas en medios sociales en torno a COVID-19 \u2014una combinaci\u00f3n peligrosa - Iglesia Adventista del S\u00e9ptimo D\u00eda - Divisi\u00f3n Interamericana<\/title>\n<meta name=\"robots\" content=\"index, follow, max-snippet:-1, max-image-preview:large, max-video-preview:-1\" \/>\n<link rel=\"canonical\" href=\"https:\/\/interamerica.org\/es\/2021\/04\/afrentas-en-medios-sociales-en-torno-a-covid-19-una-combinacion-peligrosa\/\" \/>\n<meta property=\"og:locale\" content=\"es_ES\" \/>\n<meta property=\"og:type\" content=\"article\" \/>\n<meta property=\"og:title\" content=\"Afrentas en medios sociales en torno a COVID-19 \u2014una combinaci\u00f3n peligrosa - Iglesia Adventista del S\u00e9ptimo D\u00eda - Divisi\u00f3n Interamericana\" \/>\n<meta property=\"og:description\" content=\"7 de abril de 2021 | Loma Linda, California, Estados Unidos | Janelle Ringer, Universidad Loma Linda El hecho de afrentar a alguien a trav\u00e9s de los medios sociales, no...\" \/>\n<meta property=\"og:url\" content=\"https:\/\/interamerica.org\/es\/2021\/04\/afrentas-en-medios-sociales-en-torno-a-covid-19-una-combinacion-peligrosa\/\" \/>\n<meta property=\"og:site_name\" content=\"Iglesia Adventista del S\u00e9ptimo D\u00eda - Divisi\u00f3n Interamericana\" \/>\n<meta property=\"article:published_time\" content=\"2021-04-07T21:32:58+00:00\" \/>\n<meta property=\"article:modified_time\" content=\"2021-04-15T15:18:07+00:00\" \/>\n<meta property=\"og:image\" content=\"https:\/\/interamerica.org\/wp-content\/uploads\/2021\/04\/social-media-becca-tapert-qofjunxy9ly-unsplash.jpg\" \/>\n\t<meta property=\"og:image:width\" content=\"1280\" \/>\n\t<meta property=\"og:image:height\" content=\"800\" \/>\n\t<meta property=\"og:image:type\" content=\"image\/jpeg\" \/>\n<meta name=\"author\" content=\"libna\" \/>\n<meta name=\"twitter:card\" content=\"summary_large_image\" \/>\n<meta name=\"twitter:label1\" content=\"Escrito por\" \/>\n\t<meta name=\"twitter:data1\" content=\"libna\" \/>\n\t<meta name=\"twitter:label2\" content=\"Tiempo de lectura\" \/>\n\t<meta name=\"twitter:data2\" content=\"3 minutos\" \/>\n<script type=\"application\/ld+json\" class=\"yoast-schema-graph\">{\"@context\":\"https:\\\/\\\/schema.org\",\"@graph\":[{\"@type\":\"Article\",\"@id\":\"https:\\\/\\\/interamerica.org\\\/es\\\/2021\\\/04\\\/afrentas-en-medios-sociales-en-torno-a-covid-19-una-combinacion-peligrosa\\\/#article\",\"isPartOf\":{\"@id\":\"https:\\\/\\\/interamerica.org\\\/es\\\/2021\\\/04\\\/afrentas-en-medios-sociales-en-torno-a-covid-19-una-combinacion-peligrosa\\\/\"},\"author\":{\"name\":\"libna\",\"@id\":\"https:\\\/\\\/interamerica.org\\\/es\\\/#\\\/schema\\\/person\\\/29998f2bc2d8bd0d38662909289b54f1\"},\"headline\":\"Afrentas en medios sociales en torno a COVID-19 \u2014una combinaci\u00f3n peligrosa\",\"datePublished\":\"2021-04-07T21:32:58+00:00\",\"dateModified\":\"2021-04-15T15:18:07+00:00\",\"mainEntityOfPage\":{\"@id\":\"https:\\\/\\\/interamerica.org\\\/es\\\/2021\\\/04\\\/afrentas-en-medios-sociales-en-torno-a-covid-19-una-combinacion-peligrosa\\\/\"},\"wordCount\":664,\"image\":{\"@id\":\"https:\\\/\\\/interamerica.org\\\/es\\\/2021\\\/04\\\/afrentas-en-medios-sociales-en-torno-a-covid-19-una-combinacion-peligrosa\\\/#primaryimage\"},\"thumbnailUrl\":\"https:\\\/\\\/interamerica.org\\\/wp-content\\\/uploads\\\/2021\\\/04\\\/social-media-becca-tapert-qofjunxy9ly-unsplash.jpg\",\"articleSection\":[\"Desde la iglesia mundial\",\"RSS Espa\u00f1ol\"],\"inLanguage\":\"es\"},{\"@type\":\"WebPage\",\"@id\":\"https:\\\/\\\/interamerica.org\\\/es\\\/2021\\\/04\\\/afrentas-en-medios-sociales-en-torno-a-covid-19-una-combinacion-peligrosa\\\/\",\"url\":\"https:\\\/\\\/interamerica.org\\\/es\\\/2021\\\/04\\\/afrentas-en-medios-sociales-en-torno-a-covid-19-una-combinacion-peligrosa\\\/\",\"name\":\"Afrentas en medios sociales en torno a COVID-19 \u2014una combinaci\u00f3n peligrosa - Iglesia Adventista del S\u00e9ptimo D\u00eda - Divisi\u00f3n Interamericana\",\"isPartOf\":{\"@id\":\"https:\\\/\\\/interamerica.org\\\/es\\\/#website\"},\"primaryImageOfPage\":{\"@id\":\"https:\\\/\\\/interamerica.org\\\/es\\\/2021\\\/04\\\/afrentas-en-medios-sociales-en-torno-a-covid-19-una-combinacion-peligrosa\\\/#primaryimage\"},\"image\":{\"@id\":\"https:\\\/\\\/interamerica.org\\\/es\\\/2021\\\/04\\\/afrentas-en-medios-sociales-en-torno-a-covid-19-una-combinacion-peligrosa\\\/#primaryimage\"},\"thumbnailUrl\":\"https:\\\/\\\/interamerica.org\\\/wp-content\\\/uploads\\\/2021\\\/04\\\/social-media-becca-tapert-qofjunxy9ly-unsplash.jpg\",\"datePublished\":\"2021-04-07T21:32:58+00:00\",\"dateModified\":\"2021-04-15T15:18:07+00:00\",\"author\":{\"@id\":\"https:\\\/\\\/interamerica.org\\\/es\\\/#\\\/schema\\\/person\\\/29998f2bc2d8bd0d38662909289b54f1\"},\"breadcrumb\":{\"@id\":\"https:\\\/\\\/interamerica.org\\\/es\\\/2021\\\/04\\\/afrentas-en-medios-sociales-en-torno-a-covid-19-una-combinacion-peligrosa\\\/#breadcrumb\"},\"inLanguage\":\"es\",\"potentialAction\":[{\"@type\":\"ReadAction\",\"target\":[\"https:\\\/\\\/interamerica.org\\\/es\\\/2021\\\/04\\\/afrentas-en-medios-sociales-en-torno-a-covid-19-una-combinacion-peligrosa\\\/\"]}]},{\"@type\":\"ImageObject\",\"inLanguage\":\"es\",\"@id\":\"https:\\\/\\\/interamerica.org\\\/es\\\/2021\\\/04\\\/afrentas-en-medios-sociales-en-torno-a-covid-19-una-combinacion-peligrosa\\\/#primaryimage\",\"url\":\"https:\\\/\\\/interamerica.org\\\/wp-content\\\/uploads\\\/2021\\\/04\\\/social-media-becca-tapert-qofjunxy9ly-unsplash.jpg\",\"contentUrl\":\"https:\\\/\\\/interamerica.org\\\/wp-content\\\/uploads\\\/2021\\\/04\\\/social-media-becca-tapert-qofjunxy9ly-unsplash.jpg\",\"width\":1280,\"height\":800,\"caption\":\"[Imaagen: Becca Tapert \\\/ Unsplash]\"},{\"@type\":\"BreadcrumbList\",\"@id\":\"https:\\\/\\\/interamerica.org\\\/es\\\/2021\\\/04\\\/afrentas-en-medios-sociales-en-torno-a-covid-19-una-combinacion-peligrosa\\\/#breadcrumb\",\"itemListElement\":[{\"@type\":\"ListItem\",\"position\":1,\"name\":\"Home\",\"item\":\"https:\\\/\\\/interamerica.org\\\/es\\\/\"},{\"@type\":\"ListItem\",\"position\":2,\"name\":\"Afrentas en medios sociales en torno a COVID-19 \u2014una combinaci\u00f3n peligrosa\"}]},{\"@type\":\"WebSite\",\"@id\":\"https:\\\/\\\/interamerica.org\\\/es\\\/#website\",\"url\":\"https:\\\/\\\/interamerica.org\\\/es\\\/\",\"name\":\"Iglesia Adventista del S\u00e9ptimo D\u00eda - Divisi\u00f3n Interamericana\",\"description\":\"\",\"potentialAction\":[{\"@type\":\"SearchAction\",\"target\":{\"@type\":\"EntryPoint\",\"urlTemplate\":\"https:\\\/\\\/interamerica.org\\\/es\\\/?s={search_term_string}\"},\"query-input\":{\"@type\":\"PropertyValueSpecification\",\"valueRequired\":true,\"valueName\":\"search_term_string\"}}],\"inLanguage\":\"es\"},{\"@type\":\"Person\",\"@id\":\"https:\\\/\\\/interamerica.org\\\/es\\\/#\\\/schema\\\/person\\\/29998f2bc2d8bd0d38662909289b54f1\",\"name\":\"libna\",\"image\":{\"@type\":\"ImageObject\",\"inLanguage\":\"es\",\"@id\":\"https:\\\/\\\/secure.gravatar.com\\\/avatar\\\/7c5bd30ae4b47a9ba3c856590957fd1d96dc588bf3ac05719d247e126840331f?s=96&d=mm&r=g\",\"url\":\"https:\\\/\\\/secure.gravatar.com\\\/avatar\\\/7c5bd30ae4b47a9ba3c856590957fd1d96dc588bf3ac05719d247e126840331f?s=96&d=mm&r=g\",\"contentUrl\":\"https:\\\/\\\/secure.gravatar.com\\\/avatar\\\/7c5bd30ae4b47a9ba3c856590957fd1d96dc588bf3ac05719d247e126840331f?s=96&d=mm&r=g\",\"caption\":\"libna\"}}]}<\/script>\n<!-- \/ Yoast SEO plugin. -->","yoast_head_json":{"title":"Afrentas en medios sociales en torno a COVID-19 \u2014una combinaci\u00f3n peligrosa - Iglesia Adventista del S\u00e9ptimo D\u00eda - Divisi\u00f3n Interamericana","robots":{"index":"index","follow":"follow","max-snippet":"max-snippet:-1","max-image-preview":"max-image-preview:large","max-video-preview":"max-video-preview:-1"},"canonical":"https:\/\/interamerica.org\/es\/2021\/04\/afrentas-en-medios-sociales-en-torno-a-covid-19-una-combinacion-peligrosa\/","og_locale":"es_ES","og_type":"article","og_title":"Afrentas en medios sociales en torno a COVID-19 \u2014una combinaci\u00f3n peligrosa - Iglesia Adventista del S\u00e9ptimo D\u00eda - Divisi\u00f3n Interamericana","og_description":"7 de abril de 2021 | Loma Linda, California, Estados Unidos | Janelle Ringer, Universidad Loma Linda El hecho de afrentar a alguien a trav\u00e9s de los medios sociales, no...","og_url":"https:\/\/interamerica.org\/es\/2021\/04\/afrentas-en-medios-sociales-en-torno-a-covid-19-una-combinacion-peligrosa\/","og_site_name":"Iglesia Adventista del S\u00e9ptimo D\u00eda - Divisi\u00f3n Interamericana","article_published_time":"2021-04-07T21:32:58+00:00","article_modified_time":"2021-04-15T15:18:07+00:00","og_image":[{"width":1280,"height":800,"url":"https:\/\/interamerica.org\/wp-content\/uploads\/2021\/04\/social-media-becca-tapert-qofjunxy9ly-unsplash.jpg","type":"image\/jpeg"}],"author":"libna","twitter_card":"summary_large_image","twitter_misc":{"Escrito por":"libna","Tiempo de lectura":"3 minutos"},"schema":{"@context":"https:\/\/schema.org","@graph":[{"@type":"Article","@id":"https:\/\/interamerica.org\/es\/2021\/04\/afrentas-en-medios-sociales-en-torno-a-covid-19-una-combinacion-peligrosa\/#article","isPartOf":{"@id":"https:\/\/interamerica.org\/es\/2021\/04\/afrentas-en-medios-sociales-en-torno-a-covid-19-una-combinacion-peligrosa\/"},"author":{"name":"libna","@id":"https:\/\/interamerica.org\/es\/#\/schema\/person\/29998f2bc2d8bd0d38662909289b54f1"},"headline":"Afrentas en medios sociales en torno a COVID-19 \u2014una combinaci\u00f3n peligrosa","datePublished":"2021-04-07T21:32:58+00:00","dateModified":"2021-04-15T15:18:07+00:00","mainEntityOfPage":{"@id":"https:\/\/interamerica.org\/es\/2021\/04\/afrentas-en-medios-sociales-en-torno-a-covid-19-una-combinacion-peligrosa\/"},"wordCount":664,"image":{"@id":"https:\/\/interamerica.org\/es\/2021\/04\/afrentas-en-medios-sociales-en-torno-a-covid-19-una-combinacion-peligrosa\/#primaryimage"},"thumbnailUrl":"https:\/\/interamerica.org\/wp-content\/uploads\/2021\/04\/social-media-becca-tapert-qofjunxy9ly-unsplash.jpg","articleSection":["Desde la iglesia mundial","RSS Espa\u00f1ol"],"inLanguage":"es"},{"@type":"WebPage","@id":"https:\/\/interamerica.org\/es\/2021\/04\/afrentas-en-medios-sociales-en-torno-a-covid-19-una-combinacion-peligrosa\/","url":"https:\/\/interamerica.org\/es\/2021\/04\/afrentas-en-medios-sociales-en-torno-a-covid-19-una-combinacion-peligrosa\/","name":"Afrentas en medios sociales en torno a COVID-19 \u2014una combinaci\u00f3n peligrosa - Iglesia Adventista del S\u00e9ptimo D\u00eda - Divisi\u00f3n Interamericana","isPartOf":{"@id":"https:\/\/interamerica.org\/es\/#website"},"primaryImageOfPage":{"@id":"https:\/\/interamerica.org\/es\/2021\/04\/afrentas-en-medios-sociales-en-torno-a-covid-19-una-combinacion-peligrosa\/#primaryimage"},"image":{"@id":"https:\/\/interamerica.org\/es\/2021\/04\/afrentas-en-medios-sociales-en-torno-a-covid-19-una-combinacion-peligrosa\/#primaryimage"},"thumbnailUrl":"https:\/\/interamerica.org\/wp-content\/uploads\/2021\/04\/social-media-becca-tapert-qofjunxy9ly-unsplash.jpg","datePublished":"2021-04-07T21:32:58+00:00","dateModified":"2021-04-15T15:18:07+00:00","author":{"@id":"https:\/\/interamerica.org\/es\/#\/schema\/person\/29998f2bc2d8bd0d38662909289b54f1"},"breadcrumb":{"@id":"https:\/\/interamerica.org\/es\/2021\/04\/afrentas-en-medios-sociales-en-torno-a-covid-19-una-combinacion-peligrosa\/#breadcrumb"},"inLanguage":"es","potentialAction":[{"@type":"ReadAction","target":["https:\/\/interamerica.org\/es\/2021\/04\/afrentas-en-medios-sociales-en-torno-a-covid-19-una-combinacion-peligrosa\/"]}]},{"@type":"ImageObject","inLanguage":"es","@id":"https:\/\/interamerica.org\/es\/2021\/04\/afrentas-en-medios-sociales-en-torno-a-covid-19-una-combinacion-peligrosa\/#primaryimage","url":"https:\/\/interamerica.org\/wp-content\/uploads\/2021\/04\/social-media-becca-tapert-qofjunxy9ly-unsplash.jpg","contentUrl":"https:\/\/interamerica.org\/wp-content\/uploads\/2021\/04\/social-media-becca-tapert-qofjunxy9ly-unsplash.jpg","width":1280,"height":800,"caption":"[Imaagen: Becca Tapert \/ Unsplash]"},{"@type":"BreadcrumbList","@id":"https:\/\/interamerica.org\/es\/2021\/04\/afrentas-en-medios-sociales-en-torno-a-covid-19-una-combinacion-peligrosa\/#breadcrumb","itemListElement":[{"@type":"ListItem","position":1,"name":"Home","item":"https:\/\/interamerica.org\/es\/"},{"@type":"ListItem","position":2,"name":"Afrentas en medios sociales en torno a COVID-19 \u2014una combinaci\u00f3n peligrosa"}]},{"@type":"WebSite","@id":"https:\/\/interamerica.org\/es\/#website","url":"https:\/\/interamerica.org\/es\/","name":"Iglesia Adventista del S\u00e9ptimo D\u00eda - Divisi\u00f3n Interamericana","description":"","potentialAction":[{"@type":"SearchAction","target":{"@type":"EntryPoint","urlTemplate":"https:\/\/interamerica.org\/es\/?s={search_term_string}"},"query-input":{"@type":"PropertyValueSpecification","valueRequired":true,"valueName":"search_term_string"}}],"inLanguage":"es"},{"@type":"Person","@id":"https:\/\/interamerica.org\/es\/#\/schema\/person\/29998f2bc2d8bd0d38662909289b54f1","name":"libna","image":{"@type":"ImageObject","inLanguage":"es","@id":"https:\/\/secure.gravatar.com\/avatar\/7c5bd30ae4b47a9ba3c856590957fd1d96dc588bf3ac05719d247e126840331f?s=96&d=mm&r=g","url":"https:\/\/secure.gravatar.com\/avatar\/7c5bd30ae4b47a9ba3c856590957fd1d96dc588bf3ac05719d247e126840331f?s=96&d=mm&r=g","contentUrl":"https:\/\/secure.gravatar.com\/avatar\/7c5bd30ae4b47a9ba3c856590957fd1d96dc588bf3ac05719d247e126840331f?s=96&d=mm&r=g","caption":"libna"}}]}},"_links":{"self":[{"href":"https:\/\/interamerica.org\/es\/wp-json\/wp\/v2\/posts\/70569","targetHints":{"allow":["GET"]}}],"collection":[{"href":"https:\/\/interamerica.org\/es\/wp-json\/wp\/v2\/posts"}],"about":[{"href":"https:\/\/interamerica.org\/es\/wp-json\/wp\/v2\/types\/post"}],"author":[{"embeddable":true,"href":"https:\/\/interamerica.org\/es\/wp-json\/wp\/v2\/users\/3"}],"replies":[{"embeddable":true,"href":"https:\/\/interamerica.org\/es\/wp-json\/wp\/v2\/comments?post=70569"}],"version-history":[{"count":0,"href":"https:\/\/interamerica.org\/es\/wp-json\/wp\/v2\/posts\/70569\/revisions"}],"wp:featuredmedia":[{"embeddable":true,"href":"https:\/\/interamerica.org\/es\/wp-json\/wp\/v2\/media\/70520"}],"wp:attachment":[{"href":"https:\/\/interamerica.org\/es\/wp-json\/wp\/v2\/media?parent=70569"}],"wp:term":[{"taxonomy":"category","embeddable":true,"href":"https:\/\/interamerica.org\/es\/wp-json\/wp\/v2\/categories?post=70569"},{"taxonomy":"post_tag","embeddable":true,"href":"https:\/\/interamerica.org\/es\/wp-json\/wp\/v2\/tags?post=70569"}],"curies":[{"name":"wp","href":"https:\/\/api.w.org\/{rel}","templated":true}]}}