{"id":70673,"date":"2021-04-12T18:03:08","date_gmt":"2021-04-12T22:03:08","guid":{"rendered":"https:\/\/recursing-golick.147-182-135-0.plesk.page\/?p=70673"},"modified":"2021-04-12T20:24:06","modified_gmt":"2021-04-13T00:24:06","slug":"adra-responde-para-brindar-ayuda-esencial-a-san-vicente-y-las-granadinas-despues-de-erupcion-de-volcan","status":"publish","type":"post","link":"https:\/\/interamerica.org\/es\/2021\/04\/adra-responde-para-brindar-ayuda-esencial-a-san-vicente-y-las-granadinas-despues-de-erupcion-de-volcan\/","title":{"rendered":"ADRA responde para brindar ayuda esencial a San Vicente y las Granadinas despu\u00e9s de erupci\u00f3n de volc\u00e1n"},"content":{"rendered":"<p>12 de abril de 2021 | Silver Spring, Maryland, Estados Unidos | Por: ADRA Internacional<\/p>\n<p style=\"font-weight: 400;\">El viernes 9 de abril, La Soufri\u00e8re, el pico monta\u00f1oso m\u00e1s elevado en la isla de San Vicente y las Granadinas, erupcion\u00f3, forzando la evacuaci\u00f3n de m\u00e1s de veinte mil personas. Las cenizas y el humo llenaron por completo el cielo, cubriendo los vecindarios y las calles de la isla el s\u00e1bado, y extendi\u00e9ndose hasta otras islas como Barbados. Se espera que las cenizas caigan en los pr\u00f3ximos d\u00edas y posiblemente semanas, y que lleguen hasta Jamaica y partes de Sudam\u00e9rica, seg\u00fan los funcionarios locales. Los funcionarios tambi\u00e9n esperaban que se produzca otra gran erupci\u00f3n.<\/p>\n<p style=\"font-weight: 400;\">La Agencia Adventista de Desarrollo y Recursos Asistenciales (ADRA) est\u00e1 trabajando con las autoridades locales en el Caribe para coordinar los esfuerzos asistenciales.<\/p>\n<p style=\"font-weight: 400;\">\u201cHemos descubierto que hay grandes faltantes en las necesidades b\u00e1sicas, lo que incluye alimentos, agua, art\u00edculos de higiene y juegos de art\u00edculos de limpieza y equipos de protecci\u00f3n individual\u201d, dice Alexander Isaacs, director de ADRA en la Uni\u00f3n del Caribe. \u201cLas necesidades son amplias, y estamos trabajando sin descanso para hacer que estos art\u00edculos lleguen a los afectados\u201d.<\/p>\n<p style=\"font-weight: 400;\">ADRA ha estado trabajando con las iglesias adventistas locales de la Uni\u00f3n Caribe\u00f1a y las autoridades locales para establecer refugios y distribuir de 200 a 300 comidas por d\u00eda. Al menos diez escuelas e iglesias adventistas han sido designadas como refugios oficiales para albergar a los evacuados. Debido a la demanda creciente, las distribuciones de alimentos se duplicar\u00e1n en los pr\u00f3ximos d\u00edas como parte de los esfuerzos de respuesta.<\/p>\n<p style=\"font-weight: 400;\">\u201cLa erupci\u00f3n impact\u00f3 severamente las cosechas y los \u00e1rboles y clausur\u00f3 el suministro de agua y las l\u00edneas de electricidad de toda la isla. Una gran preocupaci\u00f3n es la calidad del aire en la isla, lo que podr\u00eda tener un impacto sobre las personas que sufren problemas respiratorios. Otra cuesti\u00f3n es tener que hacer frente tambi\u00e9n a las infecciones de COVID-19, lo que sigue siendo una amenaza para los que est\u00e1n vi\u00e9ndose forzados a evacuarse y congregarse en refugios\u201d, dice Isaacs.<\/p>\n<p style=\"font-weight: 400;\">La erupci\u00f3n m\u00e1s letal del volc\u00e1n La Soufri\u00e8re de la que se tenga registro se produjo el 6 de mayo de 1902, provocando la muerte de casi 1600 personas, seg\u00fan un informe de noticias. La \u00faltima erupci\u00f3n en producirse en la isla tuvo lugar en abril de 1979, pero no se reportaron muertos.<\/p>\n<p style=\"font-weight: 400;\">Para colaborar con la respuesta de emergencia de ADRA en la isla de San Vicente y las Granadinas, visite <a href=\"http:\/\/adra.org\/disasters\" data-saferedirecturl=\"https:\/\/www.google.com\/url?q=http:\/\/adra.org\/disasters&amp;source=gmail&amp;ust=1618345240341000&amp;usg=AFQjCNFosX4E-2IfTJC7KZQlncWw_t4Nqw\">ADRA.org\/Disasters<\/a>.<\/p>\n<p>Traducci\u00f3n de Marcos Paseggi<\/p>\n","protected":false},"excerpt":{"rendered":"<p>12 de abril de 2021 | Silver Spring, Maryland, Estados Unidos | Por: ADRA Internacional El viernes 9 de abril, La Soufri\u00e8re, el pico monta\u00f1oso m\u00e1s elevado en la isla&#8230;<\/p>\n","protected":false},"author":3,"featured_media":70677,"comment_status":"closed","ping_status":"closed","sticky":false,"template":"","format":"standard","meta":{"_acf_changed":false,"footnotes":""},"categories":[14,15],"tags":[],"class_list":["post-70673","post","type-post","status-publish","format-standard","has-post-thumbnail","hentry","category-de-la-iglesia-mundial","category-rss-espanol"],"acf":[],"yoast_head":"<!-- This site is optimized with the Yoast SEO plugin v27.3 - https:\/\/yoast.com\/product\/yoast-seo-wordpress\/ -->\n<title>ADRA responde para brindar ayuda esencial a San Vicente y las Granadinas despu\u00e9s de erupci\u00f3n de volc\u00e1n - Iglesia Adventista del S\u00e9ptimo D\u00eda - Divisi\u00f3n Interamericana<\/title>\n<meta name=\"robots\" content=\"index, follow, max-snippet:-1, max-image-preview:large, max-video-preview:-1\" \/>\n<link rel=\"canonical\" href=\"https:\/\/interamerica.org\/es\/2021\/04\/adra-responde-para-brindar-ayuda-esencial-a-san-vicente-y-las-granadinas-despues-de-erupcion-de-volcan\/\" \/>\n<meta property=\"og:locale\" content=\"es_ES\" \/>\n<meta property=\"og:type\" content=\"article\" \/>\n<meta property=\"og:title\" content=\"ADRA responde para brindar ayuda esencial a San Vicente y las Granadinas despu\u00e9s de erupci\u00f3n de volc\u00e1n - Iglesia Adventista del S\u00e9ptimo D\u00eda - Divisi\u00f3n Interamericana\" \/>\n<meta property=\"og:description\" content=\"12 de abril de 2021 | Silver Spring, Maryland, Estados Unidos | Por: ADRA Internacional El viernes 9 de abril, La Soufri\u00e8re, el pico monta\u00f1oso m\u00e1s elevado en la isla...\" \/>\n<meta property=\"og:url\" content=\"https:\/\/interamerica.org\/es\/2021\/04\/adra-responde-para-brindar-ayuda-esencial-a-san-vicente-y-las-granadinas-despues-de-erupcion-de-volcan\/\" \/>\n<meta property=\"og:site_name\" content=\"Iglesia Adventista del S\u00e9ptimo D\u00eda - Divisi\u00f3n Interamericana\" \/>\n<meta property=\"article:published_time\" content=\"2021-04-12T22:03:08+00:00\" \/>\n<meta property=\"article:modified_time\" content=\"2021-04-13T00:24:06+00:00\" \/>\n<meta property=\"og:image\" content=\"https:\/\/interamerica.org\/wp-content\/uploads\/2021\/04\/stvincent-adra.jpg\" \/>\n\t<meta property=\"og:image:width\" content=\"1280\" \/>\n\t<meta property=\"og:image:height\" content=\"800\" \/>\n\t<meta property=\"og:image:type\" content=\"image\/jpeg\" \/>\n<meta name=\"author\" content=\"libna\" \/>\n<meta name=\"twitter:card\" content=\"summary_large_image\" \/>\n<meta name=\"twitter:label1\" content=\"Escrito por\" \/>\n\t<meta name=\"twitter:data1\" content=\"libna\" \/>\n\t<meta name=\"twitter:label2\" content=\"Tiempo de lectura\" \/>\n\t<meta name=\"twitter:data2\" content=\"2 minutos\" \/>\n<script type=\"application\/ld+json\" class=\"yoast-schema-graph\">{\"@context\":\"https:\\\/\\\/schema.org\",\"@graph\":[{\"@type\":\"Article\",\"@id\":\"https:\\\/\\\/interamerica.org\\\/es\\\/2021\\\/04\\\/adra-responde-para-brindar-ayuda-esencial-a-san-vicente-y-las-granadinas-despues-de-erupcion-de-volcan\\\/#article\",\"isPartOf\":{\"@id\":\"https:\\\/\\\/interamerica.org\\\/es\\\/2021\\\/04\\\/adra-responde-para-brindar-ayuda-esencial-a-san-vicente-y-las-granadinas-despues-de-erupcion-de-volcan\\\/\"},\"author\":{\"name\":\"libna\",\"@id\":\"https:\\\/\\\/interamerica.org\\\/es\\\/#\\\/schema\\\/person\\\/29998f2bc2d8bd0d38662909289b54f1\"},\"headline\":\"ADRA responde para brindar ayuda esencial a San Vicente y las Granadinas despu\u00e9s de erupci\u00f3n de volc\u00e1n\",\"datePublished\":\"2021-04-12T22:03:08+00:00\",\"dateModified\":\"2021-04-13T00:24:06+00:00\",\"mainEntityOfPage\":{\"@id\":\"https:\\\/\\\/interamerica.org\\\/es\\\/2021\\\/04\\\/adra-responde-para-brindar-ayuda-esencial-a-san-vicente-y-las-granadinas-despues-de-erupcion-de-volcan\\\/\"},\"wordCount\":469,\"image\":{\"@id\":\"https:\\\/\\\/interamerica.org\\\/es\\\/2021\\\/04\\\/adra-responde-para-brindar-ayuda-esencial-a-san-vicente-y-las-granadinas-despues-de-erupcion-de-volcan\\\/#primaryimage\"},\"thumbnailUrl\":\"https:\\\/\\\/interamerica.org\\\/wp-content\\\/uploads\\\/2021\\\/04\\\/stvincent-adra.jpg\",\"articleSection\":[\"Desde la iglesia mundial\",\"RSS Espa\u00f1ol\"],\"inLanguage\":\"es\"},{\"@type\":\"WebPage\",\"@id\":\"https:\\\/\\\/interamerica.org\\\/es\\\/2021\\\/04\\\/adra-responde-para-brindar-ayuda-esencial-a-san-vicente-y-las-granadinas-despues-de-erupcion-de-volcan\\\/\",\"url\":\"https:\\\/\\\/interamerica.org\\\/es\\\/2021\\\/04\\\/adra-responde-para-brindar-ayuda-esencial-a-san-vicente-y-las-granadinas-despues-de-erupcion-de-volcan\\\/\",\"name\":\"ADRA responde para brindar ayuda esencial a San Vicente y las Granadinas despu\u00e9s de erupci\u00f3n de volc\u00e1n - Iglesia Adventista del S\u00e9ptimo D\u00eda - Divisi\u00f3n Interamericana\",\"isPartOf\":{\"@id\":\"https:\\\/\\\/interamerica.org\\\/es\\\/#website\"},\"primaryImageOfPage\":{\"@id\":\"https:\\\/\\\/interamerica.org\\\/es\\\/2021\\\/04\\\/adra-responde-para-brindar-ayuda-esencial-a-san-vicente-y-las-granadinas-despues-de-erupcion-de-volcan\\\/#primaryimage\"},\"image\":{\"@id\":\"https:\\\/\\\/interamerica.org\\\/es\\\/2021\\\/04\\\/adra-responde-para-brindar-ayuda-esencial-a-san-vicente-y-las-granadinas-despues-de-erupcion-de-volcan\\\/#primaryimage\"},\"thumbnailUrl\":\"https:\\\/\\\/interamerica.org\\\/wp-content\\\/uploads\\\/2021\\\/04\\\/stvincent-adra.jpg\",\"datePublished\":\"2021-04-12T22:03:08+00:00\",\"dateModified\":\"2021-04-13T00:24:06+00:00\",\"author\":{\"@id\":\"https:\\\/\\\/interamerica.org\\\/es\\\/#\\\/schema\\\/person\\\/29998f2bc2d8bd0d38662909289b54f1\"},\"breadcrumb\":{\"@id\":\"https:\\\/\\\/interamerica.org\\\/es\\\/2021\\\/04\\\/adra-responde-para-brindar-ayuda-esencial-a-san-vicente-y-las-granadinas-despues-de-erupcion-de-volcan\\\/#breadcrumb\"},\"inLanguage\":\"es\",\"potentialAction\":[{\"@type\":\"ReadAction\",\"target\":[\"https:\\\/\\\/interamerica.org\\\/es\\\/2021\\\/04\\\/adra-responde-para-brindar-ayuda-esencial-a-san-vicente-y-las-granadinas-despues-de-erupcion-de-volcan\\\/\"]}]},{\"@type\":\"ImageObject\",\"inLanguage\":\"es\",\"@id\":\"https:\\\/\\\/interamerica.org\\\/es\\\/2021\\\/04\\\/adra-responde-para-brindar-ayuda-esencial-a-san-vicente-y-las-granadinas-despues-de-erupcion-de-volcan\\\/#primaryimage\",\"url\":\"https:\\\/\\\/interamerica.org\\\/wp-content\\\/uploads\\\/2021\\\/04\\\/stvincent-adra.jpg\",\"contentUrl\":\"https:\\\/\\\/interamerica.org\\\/wp-content\\\/uploads\\\/2021\\\/04\\\/stvincent-adra.jpg\",\"width\":1280,\"height\":800,\"caption\":\"[Photo:\"},{\"@type\":\"BreadcrumbList\",\"@id\":\"https:\\\/\\\/interamerica.org\\\/es\\\/2021\\\/04\\\/adra-responde-para-brindar-ayuda-esencial-a-san-vicente-y-las-granadinas-despues-de-erupcion-de-volcan\\\/#breadcrumb\",\"itemListElement\":[{\"@type\":\"ListItem\",\"position\":1,\"name\":\"Home\",\"item\":\"https:\\\/\\\/interamerica.org\\\/es\\\/\"},{\"@type\":\"ListItem\",\"position\":2,\"name\":\"ADRA responde para brindar ayuda esencial a San Vicente y las Granadinas despu\u00e9s de erupci\u00f3n de volc\u00e1n\"}]},{\"@type\":\"WebSite\",\"@id\":\"https:\\\/\\\/interamerica.org\\\/es\\\/#website\",\"url\":\"https:\\\/\\\/interamerica.org\\\/es\\\/\",\"name\":\"Iglesia Adventista del S\u00e9ptimo D\u00eda - Divisi\u00f3n Interamericana\",\"description\":\"\",\"potentialAction\":[{\"@type\":\"SearchAction\",\"target\":{\"@type\":\"EntryPoint\",\"urlTemplate\":\"https:\\\/\\\/interamerica.org\\\/es\\\/?s={search_term_string}\"},\"query-input\":{\"@type\":\"PropertyValueSpecification\",\"valueRequired\":true,\"valueName\":\"search_term_string\"}}],\"inLanguage\":\"es\"},{\"@type\":\"Person\",\"@id\":\"https:\\\/\\\/interamerica.org\\\/es\\\/#\\\/schema\\\/person\\\/29998f2bc2d8bd0d38662909289b54f1\",\"name\":\"libna\",\"image\":{\"@type\":\"ImageObject\",\"inLanguage\":\"es\",\"@id\":\"https:\\\/\\\/secure.gravatar.com\\\/avatar\\\/7c5bd30ae4b47a9ba3c856590957fd1d96dc588bf3ac05719d247e126840331f?s=96&d=mm&r=g\",\"url\":\"https:\\\/\\\/secure.gravatar.com\\\/avatar\\\/7c5bd30ae4b47a9ba3c856590957fd1d96dc588bf3ac05719d247e126840331f?s=96&d=mm&r=g\",\"contentUrl\":\"https:\\\/\\\/secure.gravatar.com\\\/avatar\\\/7c5bd30ae4b47a9ba3c856590957fd1d96dc588bf3ac05719d247e126840331f?s=96&d=mm&r=g\",\"caption\":\"libna\"}}]}<\/script>\n<!-- \/ Yoast SEO plugin. -->","yoast_head_json":{"title":"ADRA responde para brindar ayuda esencial a San Vicente y las Granadinas despu\u00e9s de erupci\u00f3n de volc\u00e1n - Iglesia Adventista del S\u00e9ptimo D\u00eda - Divisi\u00f3n Interamericana","robots":{"index":"index","follow":"follow","max-snippet":"max-snippet:-1","max-image-preview":"max-image-preview:large","max-video-preview":"max-video-preview:-1"},"canonical":"https:\/\/interamerica.org\/es\/2021\/04\/adra-responde-para-brindar-ayuda-esencial-a-san-vicente-y-las-granadinas-despues-de-erupcion-de-volcan\/","og_locale":"es_ES","og_type":"article","og_title":"ADRA responde para brindar ayuda esencial a San Vicente y las Granadinas despu\u00e9s de erupci\u00f3n de volc\u00e1n - Iglesia Adventista del S\u00e9ptimo D\u00eda - Divisi\u00f3n Interamericana","og_description":"12 de abril de 2021 | Silver Spring, Maryland, Estados Unidos | Por: ADRA Internacional El viernes 9 de abril, La Soufri\u00e8re, el pico monta\u00f1oso m\u00e1s elevado en la isla...","og_url":"https:\/\/interamerica.org\/es\/2021\/04\/adra-responde-para-brindar-ayuda-esencial-a-san-vicente-y-las-granadinas-despues-de-erupcion-de-volcan\/","og_site_name":"Iglesia Adventista del S\u00e9ptimo D\u00eda - Divisi\u00f3n Interamericana","article_published_time":"2021-04-12T22:03:08+00:00","article_modified_time":"2021-04-13T00:24:06+00:00","og_image":[{"width":1280,"height":800,"url":"https:\/\/interamerica.org\/wp-content\/uploads\/2021\/04\/stvincent-adra.jpg","type":"image\/jpeg"}],"author":"libna","twitter_card":"summary_large_image","twitter_misc":{"Escrito por":"libna","Tiempo de lectura":"2 minutos"},"schema":{"@context":"https:\/\/schema.org","@graph":[{"@type":"Article","@id":"https:\/\/interamerica.org\/es\/2021\/04\/adra-responde-para-brindar-ayuda-esencial-a-san-vicente-y-las-granadinas-despues-de-erupcion-de-volcan\/#article","isPartOf":{"@id":"https:\/\/interamerica.org\/es\/2021\/04\/adra-responde-para-brindar-ayuda-esencial-a-san-vicente-y-las-granadinas-despues-de-erupcion-de-volcan\/"},"author":{"name":"libna","@id":"https:\/\/interamerica.org\/es\/#\/schema\/person\/29998f2bc2d8bd0d38662909289b54f1"},"headline":"ADRA responde para brindar ayuda esencial a San Vicente y las Granadinas despu\u00e9s de erupci\u00f3n de volc\u00e1n","datePublished":"2021-04-12T22:03:08+00:00","dateModified":"2021-04-13T00:24:06+00:00","mainEntityOfPage":{"@id":"https:\/\/interamerica.org\/es\/2021\/04\/adra-responde-para-brindar-ayuda-esencial-a-san-vicente-y-las-granadinas-despues-de-erupcion-de-volcan\/"},"wordCount":469,"image":{"@id":"https:\/\/interamerica.org\/es\/2021\/04\/adra-responde-para-brindar-ayuda-esencial-a-san-vicente-y-las-granadinas-despues-de-erupcion-de-volcan\/#primaryimage"},"thumbnailUrl":"https:\/\/interamerica.org\/wp-content\/uploads\/2021\/04\/stvincent-adra.jpg","articleSection":["Desde la iglesia mundial","RSS Espa\u00f1ol"],"inLanguage":"es"},{"@type":"WebPage","@id":"https:\/\/interamerica.org\/es\/2021\/04\/adra-responde-para-brindar-ayuda-esencial-a-san-vicente-y-las-granadinas-despues-de-erupcion-de-volcan\/","url":"https:\/\/interamerica.org\/es\/2021\/04\/adra-responde-para-brindar-ayuda-esencial-a-san-vicente-y-las-granadinas-despues-de-erupcion-de-volcan\/","name":"ADRA responde para brindar ayuda esencial a San Vicente y las Granadinas despu\u00e9s de erupci\u00f3n de volc\u00e1n - Iglesia Adventista del S\u00e9ptimo D\u00eda - Divisi\u00f3n Interamericana","isPartOf":{"@id":"https:\/\/interamerica.org\/es\/#website"},"primaryImageOfPage":{"@id":"https:\/\/interamerica.org\/es\/2021\/04\/adra-responde-para-brindar-ayuda-esencial-a-san-vicente-y-las-granadinas-despues-de-erupcion-de-volcan\/#primaryimage"},"image":{"@id":"https:\/\/interamerica.org\/es\/2021\/04\/adra-responde-para-brindar-ayuda-esencial-a-san-vicente-y-las-granadinas-despues-de-erupcion-de-volcan\/#primaryimage"},"thumbnailUrl":"https:\/\/interamerica.org\/wp-content\/uploads\/2021\/04\/stvincent-adra.jpg","datePublished":"2021-04-12T22:03:08+00:00","dateModified":"2021-04-13T00:24:06+00:00","author":{"@id":"https:\/\/interamerica.org\/es\/#\/schema\/person\/29998f2bc2d8bd0d38662909289b54f1"},"breadcrumb":{"@id":"https:\/\/interamerica.org\/es\/2021\/04\/adra-responde-para-brindar-ayuda-esencial-a-san-vicente-y-las-granadinas-despues-de-erupcion-de-volcan\/#breadcrumb"},"inLanguage":"es","potentialAction":[{"@type":"ReadAction","target":["https:\/\/interamerica.org\/es\/2021\/04\/adra-responde-para-brindar-ayuda-esencial-a-san-vicente-y-las-granadinas-despues-de-erupcion-de-volcan\/"]}]},{"@type":"ImageObject","inLanguage":"es","@id":"https:\/\/interamerica.org\/es\/2021\/04\/adra-responde-para-brindar-ayuda-esencial-a-san-vicente-y-las-granadinas-despues-de-erupcion-de-volcan\/#primaryimage","url":"https:\/\/interamerica.org\/wp-content\/uploads\/2021\/04\/stvincent-adra.jpg","contentUrl":"https:\/\/interamerica.org\/wp-content\/uploads\/2021\/04\/stvincent-adra.jpg","width":1280,"height":800,"caption":"[Photo:"},{"@type":"BreadcrumbList","@id":"https:\/\/interamerica.org\/es\/2021\/04\/adra-responde-para-brindar-ayuda-esencial-a-san-vicente-y-las-granadinas-despues-de-erupcion-de-volcan\/#breadcrumb","itemListElement":[{"@type":"ListItem","position":1,"name":"Home","item":"https:\/\/interamerica.org\/es\/"},{"@type":"ListItem","position":2,"name":"ADRA responde para brindar ayuda esencial a San Vicente y las Granadinas despu\u00e9s de erupci\u00f3n de volc\u00e1n"}]},{"@type":"WebSite","@id":"https:\/\/interamerica.org\/es\/#website","url":"https:\/\/interamerica.org\/es\/","name":"Iglesia Adventista del S\u00e9ptimo D\u00eda - Divisi\u00f3n Interamericana","description":"","potentialAction":[{"@type":"SearchAction","target":{"@type":"EntryPoint","urlTemplate":"https:\/\/interamerica.org\/es\/?s={search_term_string}"},"query-input":{"@type":"PropertyValueSpecification","valueRequired":true,"valueName":"search_term_string"}}],"inLanguage":"es"},{"@type":"Person","@id":"https:\/\/interamerica.org\/es\/#\/schema\/person\/29998f2bc2d8bd0d38662909289b54f1","name":"libna","image":{"@type":"ImageObject","inLanguage":"es","@id":"https:\/\/secure.gravatar.com\/avatar\/7c5bd30ae4b47a9ba3c856590957fd1d96dc588bf3ac05719d247e126840331f?s=96&d=mm&r=g","url":"https:\/\/secure.gravatar.com\/avatar\/7c5bd30ae4b47a9ba3c856590957fd1d96dc588bf3ac05719d247e126840331f?s=96&d=mm&r=g","contentUrl":"https:\/\/secure.gravatar.com\/avatar\/7c5bd30ae4b47a9ba3c856590957fd1d96dc588bf3ac05719d247e126840331f?s=96&d=mm&r=g","caption":"libna"}}]}},"_links":{"self":[{"href":"https:\/\/interamerica.org\/es\/wp-json\/wp\/v2\/posts\/70673","targetHints":{"allow":["GET"]}}],"collection":[{"href":"https:\/\/interamerica.org\/es\/wp-json\/wp\/v2\/posts"}],"about":[{"href":"https:\/\/interamerica.org\/es\/wp-json\/wp\/v2\/types\/post"}],"author":[{"embeddable":true,"href":"https:\/\/interamerica.org\/es\/wp-json\/wp\/v2\/users\/3"}],"replies":[{"embeddable":true,"href":"https:\/\/interamerica.org\/es\/wp-json\/wp\/v2\/comments?post=70673"}],"version-history":[{"count":0,"href":"https:\/\/interamerica.org\/es\/wp-json\/wp\/v2\/posts\/70673\/revisions"}],"wp:featuredmedia":[{"embeddable":true,"href":"https:\/\/interamerica.org\/es\/wp-json\/wp\/v2\/media\/70677"}],"wp:attachment":[{"href":"https:\/\/interamerica.org\/es\/wp-json\/wp\/v2\/media?parent=70673"}],"wp:term":[{"taxonomy":"category","embeddable":true,"href":"https:\/\/interamerica.org\/es\/wp-json\/wp\/v2\/categories?post=70673"},{"taxonomy":"post_tag","embeddable":true,"href":"https:\/\/interamerica.org\/es\/wp-json\/wp\/v2\/tags?post=70673"}],"curies":[{"name":"wp","href":"https:\/\/api.w.org\/{rel}","templated":true}]}}