{"id":70726,"date":"2021-04-14T07:00:02","date_gmt":"2021-04-14T11:00:02","guid":{"rendered":"https:\/\/recursing-golick.147-182-135-0.plesk.page\/?p=70726"},"modified":"2021-04-14T16:41:21","modified_gmt":"2021-04-14T20:41:21","slug":"el-tesorero-de-la-iglesia-adventista-juan-prestol-puesan-anuncio-su-jubilacion","status":"publish","type":"post","link":"https:\/\/interamerica.org\/es\/2021\/04\/el-tesorero-de-la-iglesia-adventista-juan-prestol-puesan-anuncio-su-jubilacion\/","title":{"rendered":"El tesorero de la Iglesia Adventista Juan Prestol-Pues\u00e1n anunci\u00f3 su jubilaci\u00f3n"},"content":{"rendered":"<p><em> Experimentado administrador prest\u00f3 servicios durante d\u00e9cadas en varios continentes y cargos.<\/em><\/p>\n<p>13 de abril de 2021 | Silver Spring, Maryland, Estados Unidos | Por: Marcos Paseggi, <em>Adventist Review<\/em><\/p>\n<p>Juan Rafael Prestol-Pues\u00e1n, tesorero de la Asociaci\u00f3n General de la Iglesia Adventista del S\u00e9ptimo D\u00eda desde 2015, anunci\u00f3 que se jubilar\u00e1 a partir del 1 de agosto de 2021. Su servicio a la denominaci\u00f3n abarc\u00f3 durante los cuales prest\u00f3 servicios en tres continentes. Ted N. C. Wilson, el presidente de la Iglesia Adventista, comparti\u00f3 la noticia con cientos de miembros de la Junta Directiva de la Asociaci\u00f3n General el 13 de abril de 2021, en el primer d\u00eda del Concilio de Primavera, una de las dos asambleas administrativas anuales de la iglesia mundial.<\/p>\n<p>\u201cEs con una mezcla de convicci\u00f3n y tristeza que les comunico mi intenci\u00f3n de realizar la transici\u00f3n hacia la jubilaci\u00f3n a partir del 1 de agosto de 2021\u201d, escribi\u00f3 solo unas horas antes de que Wilson oficializara el anuncio. Ahora ayudar\u00e1 a coordinar un per\u00edodo de transici\u00f3n y colaborar\u00e1 con su eventual reemplazante, anunci\u00f3 Wilson.<\/p>\n<p><div id=\"attachment_70719\" style=\"width: 812px\" class=\"wp-caption aligncenter\"><img fetchpriority=\"high\" decoding=\"async\" aria-describedby=\"caption-attachment-70719\" class=\" wp-image-70719\" src=\"https:\/\/recursing-golick.147-182-135-0.plesk.page\/wp-content\/uploads\/2021\/04\/adventist-church-treasurer-juan-prestol-puesan-announces-retirement1.jpg\" alt=\"\" width=\"802\" height=\"502\" srcset=\"https:\/\/interamerica.org\/wp-content\/uploads\/2021\/04\/adventist-church-treasurer-juan-prestol-puesan-announces-retirement1.jpg 1000w, https:\/\/interamerica.org\/wp-content\/uploads\/2021\/04\/adventist-church-treasurer-juan-prestol-puesan-announces-retirement1-300x188.jpg 300w, https:\/\/interamerica.org\/wp-content\/uploads\/2021\/04\/adventist-church-treasurer-juan-prestol-puesan-announces-retirement1-768x480.jpg 768w\" sizes=\"(max-width: 802px) 100vw, 802px\" \/><p id=\"caption-attachment-70719\" class=\"wp-caption-text\">Juan Prestol-Pues\u00e1n, tesorero de la Iglesia Adventista mundial desde 2015, anunci\u00f3 que se jubilar\u00e1 el 1 de agosto de 2021. [Fotograf\u00eda: Adventist Media Exchange]<\/p><\/div>Prestol-Pues\u00e1n cumpli\u00f3 funciones en puestos de tesorer\u00eda de la Iglesia Adventista desde que se gradu\u00f3 de estudios terciarios hacia fines de la d\u00e9cada de 1960. Naci\u00f3 en Santo Domingo, Rep\u00fablica Dominicana, y comenz\u00f3 a trabajar para la Iglesia Adventista en 1969 como contador para la Asociaci\u00f3n Dominicana. En 1972 comenz\u00f3 sus servicios como tesorero de la Misi\u00f3n Dominicana del Norte. El 17 de diciembre de 1976 fue ordenado al ministerio, y continu\u00f3 sirviendo a la misi\u00f3n hasta 1977, cuando se tom\u00f3 un tiempo para completar una Maestr\u00eda en Administraci\u00f3n de Empresas en la Universidad Andrews en Berrien Springs, M\u00edchigan, Estados Unidos.<\/p>\n<p>Despu\u00e9s de completar su Maestr\u00eda en Administraci\u00f3n de Empresas en 1980, Prestol-Pues\u00e1n fue tesorero de la Asociaci\u00f3n del Gran Nueva York en Manhasset, Nueva York. En 1987, fue elegido subtesorero de la Uni\u00f3n Asociaci\u00f3n del Atl\u00e1ntico en South Lancaster, Massachusetts, y m\u00e1s tarde fue tesorero de la regi\u00f3n.<\/p>\n<p>En 1993, Prestol-Pues\u00e1n se traslad\u00f3 a Mosc\u00fa, Rusia, para servir como tesorero de la Divisi\u00f3n Euroasi\u00e1tica. Despu\u00e9s de un per\u00edodo en Rusia, Prestol-Pues\u00e1n se mud\u00f3 a Silver Spring, M\u00edchigan, Estados Unidos, en 1996, donde fue tesorero asociado y entonces tesorero de la Divisi\u00f3n Norteamericana. antes de sumarse a la Asociaci\u00f3n General como subtesorero en 2007. Fue elegido subtesorero de la Asociaci\u00f3n General en 2007. Mientras cumpl\u00eda funciones en la Asociaci\u00f3n General, complet\u00f3 un doctorado en liderazgo de la Facultad de Educaci\u00f3n de la Universidad Andrews en junio de 2014.<\/p>\n<p>Prestol-Pues\u00e1n est\u00e1 Casado con Belkis Dom\u00ednguez y tienen dos hijas adultas y dos nietos.<\/p>\n<p>Al dar la noticia a cientos de l\u00edderes de la iglesia, Wilson enfatiz\u00f3 las cualidades destacadas de Prestol-Pues\u00e1n en su servicio a la iglesia. \u201cEs un profesional hecho y derecho\u201d, dijo Wilson, \u201ca tesorero sumamente cuidadoso y una persona considerada\u201d.<\/p>\n<p>Wilson destac\u00f3 el s\u00f3lido \u00e9nfasis de Prestol-Pues\u00e1n en el liderazgo y su impecable servicio. \u201cEs una persona sumamente \u00e9tica y muy enfocada en la misi\u00f3n\u201d, dijo Wilson. \u201cUna persona muy espiritual y un gran predicador\u201d.<\/p>\n<p>El presidente de la iglesia tambi\u00e9n dijo que Prestol-Pues\u00e1n siempre ha mostrado gran inter\u00e9s en c\u00f3mo Dios provee para su pueblo. \u201cHa sido un enorme privilegio trabajar contigo\u201d, concluy\u00f3 Wilson.<\/p>\n<p>En reacci\u00f3n a los comentarios de Wilson, Prestol-Pues\u00e1n enfatiz\u00f3 su trasfondo y la conducci\u00f3n divina en su vida a lo largo de los a\u00f1os. Como hijo de un capit\u00e1n de barco que creci\u00f3 cerca del mar en un ambiente hispanohablante, jam\u00e1s imagin\u00f3 que terminar\u00e1 traslad\u00e1ndose con su familia para seguir estudiando y sirviendo. \u201cAprend\u00ed ingl\u00e9s cuando llegu\u00e9 a los Estados Unidos hace 44 a\u00f1os\u201d, cont\u00f3. \u201cJam\u00e1s pens\u00e9 que trabajar\u00eda hasta el punto de servir a la iglesia en la Asociaci\u00f3n General\u201d.<\/p>\n<p>Prestol-Pues\u00e1n agradeci\u00f3 a su equipo del departamento financiero de la Asociaci\u00f3n General y a Wilson por su continuo apoyo. \u201cLe deseo las bendiciones del Se\u00f1or en la continuaci\u00f3n de su liderazgo\u201d, le dijo a Wilson. Al mismo tiempo, dedic\u00f3 su expresi\u00f3n de gratitud m\u00e1s sincera a la conducci\u00f3n de Dios en su vida a lo largo de los a\u00f1os. \u201cQuiero dar toda la gloria al Se\u00f1or\u201d, dijo. \u201cPara m\u00ed, ha sido un privilegio servir\u201d.<\/p>\n<p>Traducci\u00f3n de Marcos Paseggi<\/p>\n","protected":false},"excerpt":{"rendered":"<p>Experimentado administrador prest\u00f3 servicios durante d\u00e9cadas en varios continentes y cargos. 13 de abril de 2021 | Silver Spring, Maryland, Estados Unidos | Por: Marcos Paseggi, Adventist Review Juan Rafael&#8230;<\/p>\n","protected":false},"author":3,"featured_media":70719,"comment_status":"closed","ping_status":"closed","sticky":false,"template":"","format":"standard","meta":{"_acf_changed":false,"footnotes":""},"categories":[14,15],"tags":[],"class_list":["post-70726","post","type-post","status-publish","format-standard","has-post-thumbnail","hentry","category-de-la-iglesia-mundial","category-rss-espanol"],"acf":[],"yoast_head":"<!-- This site is optimized with the Yoast SEO plugin v27.3 - https:\/\/yoast.com\/product\/yoast-seo-wordpress\/ -->\n<title>El tesorero de la Iglesia Adventista Juan Prestol-Pues\u00e1n anunci\u00f3 su jubilaci\u00f3n - Iglesia Adventista del S\u00e9ptimo D\u00eda - Divisi\u00f3n Interamericana<\/title>\n<meta name=\"robots\" content=\"index, follow, max-snippet:-1, max-image-preview:large, max-video-preview:-1\" \/>\n<link rel=\"canonical\" href=\"https:\/\/interamerica.org\/es\/2021\/04\/el-tesorero-de-la-iglesia-adventista-juan-prestol-puesan-anuncio-su-jubilacion\/\" \/>\n<meta property=\"og:locale\" content=\"es_ES\" \/>\n<meta property=\"og:type\" content=\"article\" \/>\n<meta property=\"og:title\" content=\"El tesorero de la Iglesia Adventista Juan Prestol-Pues\u00e1n anunci\u00f3 su jubilaci\u00f3n - Iglesia Adventista del S\u00e9ptimo D\u00eda - Divisi\u00f3n Interamericana\" \/>\n<meta property=\"og:description\" content=\"Experimentado administrador prest\u00f3 servicios durante d\u00e9cadas en varios continentes y cargos. 13 de abril de 2021 | Silver Spring, Maryland, Estados Unidos | Por: Marcos Paseggi, Adventist Review Juan Rafael...\" \/>\n<meta property=\"og:url\" content=\"https:\/\/interamerica.org\/es\/2021\/04\/el-tesorero-de-la-iglesia-adventista-juan-prestol-puesan-anuncio-su-jubilacion\/\" \/>\n<meta property=\"og:site_name\" content=\"Iglesia Adventista del S\u00e9ptimo D\u00eda - Divisi\u00f3n Interamericana\" \/>\n<meta property=\"article:published_time\" content=\"2021-04-14T11:00:02+00:00\" \/>\n<meta property=\"article:modified_time\" content=\"2021-04-14T20:41:21+00:00\" \/>\n<meta property=\"og:image\" content=\"https:\/\/interamerica.org\/wp-content\/uploads\/2021\/04\/adventist-church-treasurer-juan-prestol-puesan-announces-retirement1.jpg\" \/>\n\t<meta property=\"og:image:width\" content=\"1000\" \/>\n\t<meta property=\"og:image:height\" content=\"625\" \/>\n\t<meta property=\"og:image:type\" content=\"image\/jpeg\" \/>\n<meta name=\"author\" content=\"libna\" \/>\n<meta name=\"twitter:card\" content=\"summary_large_image\" \/>\n<meta name=\"twitter:label1\" content=\"Escrito por\" \/>\n\t<meta name=\"twitter:data1\" content=\"libna\" \/>\n\t<meta name=\"twitter:label2\" content=\"Tiempo de lectura\" \/>\n\t<meta name=\"twitter:data2\" content=\"4 minutos\" \/>\n<script type=\"application\/ld+json\" class=\"yoast-schema-graph\">{\"@context\":\"https:\\\/\\\/schema.org\",\"@graph\":[{\"@type\":\"Article\",\"@id\":\"https:\\\/\\\/interamerica.org\\\/es\\\/2021\\\/04\\\/el-tesorero-de-la-iglesia-adventista-juan-prestol-puesan-anuncio-su-jubilacion\\\/#article\",\"isPartOf\":{\"@id\":\"https:\\\/\\\/interamerica.org\\\/es\\\/2021\\\/04\\\/el-tesorero-de-la-iglesia-adventista-juan-prestol-puesan-anuncio-su-jubilacion\\\/\"},\"author\":{\"name\":\"libna\",\"@id\":\"https:\\\/\\\/interamerica.org\\\/es\\\/#\\\/schema\\\/person\\\/29998f2bc2d8bd0d38662909289b54f1\"},\"headline\":\"El tesorero de la Iglesia Adventista Juan Prestol-Pues\u00e1n anunci\u00f3 su jubilaci\u00f3n\",\"datePublished\":\"2021-04-14T11:00:02+00:00\",\"dateModified\":\"2021-04-14T20:41:21+00:00\",\"mainEntityOfPage\":{\"@id\":\"https:\\\/\\\/interamerica.org\\\/es\\\/2021\\\/04\\\/el-tesorero-de-la-iglesia-adventista-juan-prestol-puesan-anuncio-su-jubilacion\\\/\"},\"wordCount\":790,\"image\":{\"@id\":\"https:\\\/\\\/interamerica.org\\\/es\\\/2021\\\/04\\\/el-tesorero-de-la-iglesia-adventista-juan-prestol-puesan-anuncio-su-jubilacion\\\/#primaryimage\"},\"thumbnailUrl\":\"https:\\\/\\\/interamerica.org\\\/wp-content\\\/uploads\\\/2021\\\/04\\\/adventist-church-treasurer-juan-prestol-puesan-announces-retirement1.jpg\",\"articleSection\":[\"Desde la iglesia mundial\",\"RSS Espa\u00f1ol\"],\"inLanguage\":\"es\"},{\"@type\":\"WebPage\",\"@id\":\"https:\\\/\\\/interamerica.org\\\/es\\\/2021\\\/04\\\/el-tesorero-de-la-iglesia-adventista-juan-prestol-puesan-anuncio-su-jubilacion\\\/\",\"url\":\"https:\\\/\\\/interamerica.org\\\/es\\\/2021\\\/04\\\/el-tesorero-de-la-iglesia-adventista-juan-prestol-puesan-anuncio-su-jubilacion\\\/\",\"name\":\"El tesorero de la Iglesia Adventista Juan Prestol-Pues\u00e1n anunci\u00f3 su jubilaci\u00f3n - Iglesia Adventista del S\u00e9ptimo D\u00eda - Divisi\u00f3n Interamericana\",\"isPartOf\":{\"@id\":\"https:\\\/\\\/interamerica.org\\\/es\\\/#website\"},\"primaryImageOfPage\":{\"@id\":\"https:\\\/\\\/interamerica.org\\\/es\\\/2021\\\/04\\\/el-tesorero-de-la-iglesia-adventista-juan-prestol-puesan-anuncio-su-jubilacion\\\/#primaryimage\"},\"image\":{\"@id\":\"https:\\\/\\\/interamerica.org\\\/es\\\/2021\\\/04\\\/el-tesorero-de-la-iglesia-adventista-juan-prestol-puesan-anuncio-su-jubilacion\\\/#primaryimage\"},\"thumbnailUrl\":\"https:\\\/\\\/interamerica.org\\\/wp-content\\\/uploads\\\/2021\\\/04\\\/adventist-church-treasurer-juan-prestol-puesan-announces-retirement1.jpg\",\"datePublished\":\"2021-04-14T11:00:02+00:00\",\"dateModified\":\"2021-04-14T20:41:21+00:00\",\"author\":{\"@id\":\"https:\\\/\\\/interamerica.org\\\/es\\\/#\\\/schema\\\/person\\\/29998f2bc2d8bd0d38662909289b54f1\"},\"breadcrumb\":{\"@id\":\"https:\\\/\\\/interamerica.org\\\/es\\\/2021\\\/04\\\/el-tesorero-de-la-iglesia-adventista-juan-prestol-puesan-anuncio-su-jubilacion\\\/#breadcrumb\"},\"inLanguage\":\"es\",\"potentialAction\":[{\"@type\":\"ReadAction\",\"target\":[\"https:\\\/\\\/interamerica.org\\\/es\\\/2021\\\/04\\\/el-tesorero-de-la-iglesia-adventista-juan-prestol-puesan-anuncio-su-jubilacion\\\/\"]}]},{\"@type\":\"ImageObject\",\"inLanguage\":\"es\",\"@id\":\"https:\\\/\\\/interamerica.org\\\/es\\\/2021\\\/04\\\/el-tesorero-de-la-iglesia-adventista-juan-prestol-puesan-anuncio-su-jubilacion\\\/#primaryimage\",\"url\":\"https:\\\/\\\/interamerica.org\\\/wp-content\\\/uploads\\\/2021\\\/04\\\/adventist-church-treasurer-juan-prestol-puesan-announces-retirement1.jpg\",\"contentUrl\":\"https:\\\/\\\/interamerica.org\\\/wp-content\\\/uploads\\\/2021\\\/04\\\/adventist-church-treasurer-juan-prestol-puesan-announces-retirement1.jpg\",\"width\":1000,\"height\":625,\"caption\":\"Juan Prestol-Pues\u00e1n, tesorero de la Iglesia Adventista mundial desde 2015, anunci\u00f3 que se jubilar\u00e1 el 1 de agosto de 2021. [Fotograf\u00eda: Adventist Media Exchange]\"},{\"@type\":\"BreadcrumbList\",\"@id\":\"https:\\\/\\\/interamerica.org\\\/es\\\/2021\\\/04\\\/el-tesorero-de-la-iglesia-adventista-juan-prestol-puesan-anuncio-su-jubilacion\\\/#breadcrumb\",\"itemListElement\":[{\"@type\":\"ListItem\",\"position\":1,\"name\":\"Home\",\"item\":\"https:\\\/\\\/interamerica.org\\\/es\\\/\"},{\"@type\":\"ListItem\",\"position\":2,\"name\":\"El tesorero de la Iglesia Adventista Juan Prestol-Pues\u00e1n anunci\u00f3 su jubilaci\u00f3n\"}]},{\"@type\":\"WebSite\",\"@id\":\"https:\\\/\\\/interamerica.org\\\/es\\\/#website\",\"url\":\"https:\\\/\\\/interamerica.org\\\/es\\\/\",\"name\":\"Iglesia Adventista del S\u00e9ptimo D\u00eda - Divisi\u00f3n Interamericana\",\"description\":\"\",\"potentialAction\":[{\"@type\":\"SearchAction\",\"target\":{\"@type\":\"EntryPoint\",\"urlTemplate\":\"https:\\\/\\\/interamerica.org\\\/es\\\/?s={search_term_string}\"},\"query-input\":{\"@type\":\"PropertyValueSpecification\",\"valueRequired\":true,\"valueName\":\"search_term_string\"}}],\"inLanguage\":\"es\"},{\"@type\":\"Person\",\"@id\":\"https:\\\/\\\/interamerica.org\\\/es\\\/#\\\/schema\\\/person\\\/29998f2bc2d8bd0d38662909289b54f1\",\"name\":\"libna\",\"image\":{\"@type\":\"ImageObject\",\"inLanguage\":\"es\",\"@id\":\"https:\\\/\\\/secure.gravatar.com\\\/avatar\\\/7c5bd30ae4b47a9ba3c856590957fd1d96dc588bf3ac05719d247e126840331f?s=96&d=mm&r=g\",\"url\":\"https:\\\/\\\/secure.gravatar.com\\\/avatar\\\/7c5bd30ae4b47a9ba3c856590957fd1d96dc588bf3ac05719d247e126840331f?s=96&d=mm&r=g\",\"contentUrl\":\"https:\\\/\\\/secure.gravatar.com\\\/avatar\\\/7c5bd30ae4b47a9ba3c856590957fd1d96dc588bf3ac05719d247e126840331f?s=96&d=mm&r=g\",\"caption\":\"libna\"}}]}<\/script>\n<!-- \/ Yoast SEO plugin. -->","yoast_head_json":{"title":"El tesorero de la Iglesia Adventista Juan Prestol-Pues\u00e1n anunci\u00f3 su jubilaci\u00f3n - Iglesia Adventista del S\u00e9ptimo D\u00eda - Divisi\u00f3n Interamericana","robots":{"index":"index","follow":"follow","max-snippet":"max-snippet:-1","max-image-preview":"max-image-preview:large","max-video-preview":"max-video-preview:-1"},"canonical":"https:\/\/interamerica.org\/es\/2021\/04\/el-tesorero-de-la-iglesia-adventista-juan-prestol-puesan-anuncio-su-jubilacion\/","og_locale":"es_ES","og_type":"article","og_title":"El tesorero de la Iglesia Adventista Juan Prestol-Pues\u00e1n anunci\u00f3 su jubilaci\u00f3n - Iglesia Adventista del S\u00e9ptimo D\u00eda - Divisi\u00f3n Interamericana","og_description":"Experimentado administrador prest\u00f3 servicios durante d\u00e9cadas en varios continentes y cargos. 13 de abril de 2021 | Silver Spring, Maryland, Estados Unidos | Por: Marcos Paseggi, Adventist Review Juan Rafael...","og_url":"https:\/\/interamerica.org\/es\/2021\/04\/el-tesorero-de-la-iglesia-adventista-juan-prestol-puesan-anuncio-su-jubilacion\/","og_site_name":"Iglesia Adventista del S\u00e9ptimo D\u00eda - Divisi\u00f3n Interamericana","article_published_time":"2021-04-14T11:00:02+00:00","article_modified_time":"2021-04-14T20:41:21+00:00","og_image":[{"width":1000,"height":625,"url":"https:\/\/interamerica.org\/wp-content\/uploads\/2021\/04\/adventist-church-treasurer-juan-prestol-puesan-announces-retirement1.jpg","type":"image\/jpeg"}],"author":"libna","twitter_card":"summary_large_image","twitter_misc":{"Escrito por":"libna","Tiempo de lectura":"4 minutos"},"schema":{"@context":"https:\/\/schema.org","@graph":[{"@type":"Article","@id":"https:\/\/interamerica.org\/es\/2021\/04\/el-tesorero-de-la-iglesia-adventista-juan-prestol-puesan-anuncio-su-jubilacion\/#article","isPartOf":{"@id":"https:\/\/interamerica.org\/es\/2021\/04\/el-tesorero-de-la-iglesia-adventista-juan-prestol-puesan-anuncio-su-jubilacion\/"},"author":{"name":"libna","@id":"https:\/\/interamerica.org\/es\/#\/schema\/person\/29998f2bc2d8bd0d38662909289b54f1"},"headline":"El tesorero de la Iglesia Adventista Juan Prestol-Pues\u00e1n anunci\u00f3 su jubilaci\u00f3n","datePublished":"2021-04-14T11:00:02+00:00","dateModified":"2021-04-14T20:41:21+00:00","mainEntityOfPage":{"@id":"https:\/\/interamerica.org\/es\/2021\/04\/el-tesorero-de-la-iglesia-adventista-juan-prestol-puesan-anuncio-su-jubilacion\/"},"wordCount":790,"image":{"@id":"https:\/\/interamerica.org\/es\/2021\/04\/el-tesorero-de-la-iglesia-adventista-juan-prestol-puesan-anuncio-su-jubilacion\/#primaryimage"},"thumbnailUrl":"https:\/\/interamerica.org\/wp-content\/uploads\/2021\/04\/adventist-church-treasurer-juan-prestol-puesan-announces-retirement1.jpg","articleSection":["Desde la iglesia mundial","RSS Espa\u00f1ol"],"inLanguage":"es"},{"@type":"WebPage","@id":"https:\/\/interamerica.org\/es\/2021\/04\/el-tesorero-de-la-iglesia-adventista-juan-prestol-puesan-anuncio-su-jubilacion\/","url":"https:\/\/interamerica.org\/es\/2021\/04\/el-tesorero-de-la-iglesia-adventista-juan-prestol-puesan-anuncio-su-jubilacion\/","name":"El tesorero de la Iglesia Adventista Juan Prestol-Pues\u00e1n anunci\u00f3 su jubilaci\u00f3n - Iglesia Adventista del S\u00e9ptimo D\u00eda - Divisi\u00f3n Interamericana","isPartOf":{"@id":"https:\/\/interamerica.org\/es\/#website"},"primaryImageOfPage":{"@id":"https:\/\/interamerica.org\/es\/2021\/04\/el-tesorero-de-la-iglesia-adventista-juan-prestol-puesan-anuncio-su-jubilacion\/#primaryimage"},"image":{"@id":"https:\/\/interamerica.org\/es\/2021\/04\/el-tesorero-de-la-iglesia-adventista-juan-prestol-puesan-anuncio-su-jubilacion\/#primaryimage"},"thumbnailUrl":"https:\/\/interamerica.org\/wp-content\/uploads\/2021\/04\/adventist-church-treasurer-juan-prestol-puesan-announces-retirement1.jpg","datePublished":"2021-04-14T11:00:02+00:00","dateModified":"2021-04-14T20:41:21+00:00","author":{"@id":"https:\/\/interamerica.org\/es\/#\/schema\/person\/29998f2bc2d8bd0d38662909289b54f1"},"breadcrumb":{"@id":"https:\/\/interamerica.org\/es\/2021\/04\/el-tesorero-de-la-iglesia-adventista-juan-prestol-puesan-anuncio-su-jubilacion\/#breadcrumb"},"inLanguage":"es","potentialAction":[{"@type":"ReadAction","target":["https:\/\/interamerica.org\/es\/2021\/04\/el-tesorero-de-la-iglesia-adventista-juan-prestol-puesan-anuncio-su-jubilacion\/"]}]},{"@type":"ImageObject","inLanguage":"es","@id":"https:\/\/interamerica.org\/es\/2021\/04\/el-tesorero-de-la-iglesia-adventista-juan-prestol-puesan-anuncio-su-jubilacion\/#primaryimage","url":"https:\/\/interamerica.org\/wp-content\/uploads\/2021\/04\/adventist-church-treasurer-juan-prestol-puesan-announces-retirement1.jpg","contentUrl":"https:\/\/interamerica.org\/wp-content\/uploads\/2021\/04\/adventist-church-treasurer-juan-prestol-puesan-announces-retirement1.jpg","width":1000,"height":625,"caption":"Juan Prestol-Pues\u00e1n, tesorero de la Iglesia Adventista mundial desde 2015, anunci\u00f3 que se jubilar\u00e1 el 1 de agosto de 2021. [Fotograf\u00eda: Adventist Media Exchange]"},{"@type":"BreadcrumbList","@id":"https:\/\/interamerica.org\/es\/2021\/04\/el-tesorero-de-la-iglesia-adventista-juan-prestol-puesan-anuncio-su-jubilacion\/#breadcrumb","itemListElement":[{"@type":"ListItem","position":1,"name":"Home","item":"https:\/\/interamerica.org\/es\/"},{"@type":"ListItem","position":2,"name":"El tesorero de la Iglesia Adventista Juan Prestol-Pues\u00e1n anunci\u00f3 su jubilaci\u00f3n"}]},{"@type":"WebSite","@id":"https:\/\/interamerica.org\/es\/#website","url":"https:\/\/interamerica.org\/es\/","name":"Iglesia Adventista del S\u00e9ptimo D\u00eda - Divisi\u00f3n Interamericana","description":"","potentialAction":[{"@type":"SearchAction","target":{"@type":"EntryPoint","urlTemplate":"https:\/\/interamerica.org\/es\/?s={search_term_string}"},"query-input":{"@type":"PropertyValueSpecification","valueRequired":true,"valueName":"search_term_string"}}],"inLanguage":"es"},{"@type":"Person","@id":"https:\/\/interamerica.org\/es\/#\/schema\/person\/29998f2bc2d8bd0d38662909289b54f1","name":"libna","image":{"@type":"ImageObject","inLanguage":"es","@id":"https:\/\/secure.gravatar.com\/avatar\/7c5bd30ae4b47a9ba3c856590957fd1d96dc588bf3ac05719d247e126840331f?s=96&d=mm&r=g","url":"https:\/\/secure.gravatar.com\/avatar\/7c5bd30ae4b47a9ba3c856590957fd1d96dc588bf3ac05719d247e126840331f?s=96&d=mm&r=g","contentUrl":"https:\/\/secure.gravatar.com\/avatar\/7c5bd30ae4b47a9ba3c856590957fd1d96dc588bf3ac05719d247e126840331f?s=96&d=mm&r=g","caption":"libna"}}]}},"_links":{"self":[{"href":"https:\/\/interamerica.org\/es\/wp-json\/wp\/v2\/posts\/70726","targetHints":{"allow":["GET"]}}],"collection":[{"href":"https:\/\/interamerica.org\/es\/wp-json\/wp\/v2\/posts"}],"about":[{"href":"https:\/\/interamerica.org\/es\/wp-json\/wp\/v2\/types\/post"}],"author":[{"embeddable":true,"href":"https:\/\/interamerica.org\/es\/wp-json\/wp\/v2\/users\/3"}],"replies":[{"embeddable":true,"href":"https:\/\/interamerica.org\/es\/wp-json\/wp\/v2\/comments?post=70726"}],"version-history":[{"count":0,"href":"https:\/\/interamerica.org\/es\/wp-json\/wp\/v2\/posts\/70726\/revisions"}],"wp:featuredmedia":[{"embeddable":true,"href":"https:\/\/interamerica.org\/es\/wp-json\/wp\/v2\/media\/70719"}],"wp:attachment":[{"href":"https:\/\/interamerica.org\/es\/wp-json\/wp\/v2\/media?parent=70726"}],"wp:term":[{"taxonomy":"category","embeddable":true,"href":"https:\/\/interamerica.org\/es\/wp-json\/wp\/v2\/categories?post=70726"},{"taxonomy":"post_tag","embeddable":true,"href":"https:\/\/interamerica.org\/es\/wp-json\/wp\/v2\/tags?post=70726"}],"curies":[{"name":"wp","href":"https:\/\/api.w.org\/{rel}","templated":true}]}}