{"id":70773,"date":"2021-04-14T15:26:35","date_gmt":"2021-04-14T19:26:35","guid":{"rendered":"https:\/\/recursing-golick.147-182-135-0.plesk.page\/?p=70773"},"modified":"2021-04-14T17:14:38","modified_gmt":"2021-04-14T21:14:38","slug":"lideres-de-la-iglesia-adventista-eligen-a-erton-kohler-como-nuevo-secretario","status":"publish","type":"post","link":"https:\/\/interamerica.org\/es\/2021\/04\/lideres-de-la-iglesia-adventista-eligen-a-erton-kohler-como-nuevo-secretario\/","title":{"rendered":"L\u00edderes de la Iglesia Adventista eligen a Erton K\u00f6hler como nuevo secretario"},"content":{"rendered":"<div id=\"fence-content-col1\">\n<div class=\"innerfence\">\n<div class=\"col1 col1-page\">\n<article class=\"story nobucket\">\n<div class=\"txt\">\n<h3 class=\"subtitle\">El presidente de la Divisi\u00f3n Sudamericana remplazar\u00e1 a G. T. Ng, quien se jubila.<\/h3>\n<p><span class=\"byline-news\">14 de abril de 2021 | Por: Marcos Paseggi, <\/span><em><span class=\"byline-news\">Adventist Review<\/span><\/em><\/p>\n<p><span class=\"cap\">Los miembros de la Junta Directiva de la Asociaci\u00f3n General (GC EXCOM) eligieron al presidente de la Divisi\u00f3n Sudamericana Erton K\u00f6hler como nuevo secretario de la Asociaci\u00f3n General de la Iglesia Adventista el 14 de abril de 2021. La votaci\u00f3n se llev\u00f3 a cabo despu\u00e9s de una recomendaci\u00f3n de la Comisi\u00f3n de Nombramientos, en el \u00faltimo d\u00eda del Concilio Anual, una de las dos asambleas administrativas de la iglesia mundial.<\/span><\/p>\n<p>\u201cMe siento humilde y honrado por la confianza depositada\u201d, dijo K\u00f6hler poco minutos despu\u00e9s de la votaci\u00f3n a los cientos de l\u00edderes de la iglesia que se reunieron este a\u00f1o por medio de Zoom. \u201cOro para que Dios me d\u00e9 las habilidades que necesito\u201d.<\/p>\n<p>K\u00f6hler naci\u00f3 en el sur de Brasil y creci\u00f3 con el deseo de seguir en los pasos de su padre, que prest\u00f3 servicios como pastor adventista. K\u00f6hler complet\u00f3 un t\u00edtulo de grado en teolog\u00eda en el Instituto Pedag\u00f3gico Adventista (ahora Centro Universitario Adventista de Brasil) en 1989, y se gradu\u00f3 de la misma instituci\u00f3n en 2008 con un t\u00edtulo de maestr\u00eda en teolog\u00eda pastoral. En la actualidad, cursa estudios del Doctorado en Ministerio de la Universidad Andrews.<\/p>\n<p>Entre 1990 y 1994, K\u00f6hler fue pastor de la iglesia local en San Pablo. Entonces fue elegido director de Ministerios J\u00f3venes de la Asociaci\u00f3n de R\u00edo Grande del Sur en 1995, y en 1998 lleg\u00f3 a ser director de Ministerios J\u00f3venes de la Uni\u00f3n del Nordeste Brasile\u00f1o. En julio de 2002, K\u00f6hler regres\u00f3 a la Asociaci\u00f3n de R\u00edo Grande del Sur, donde hab\u00eda estado antes, para prestar servicios como secretario ejecutivo. Al a\u00f1o siguiente fue elegido director de Ministerios J\u00f3venes de los ocho pa\u00edses que conforman la Divisi\u00f3n Sudamericana. Despu\u00e9s de prestar servicios durante cuatro a\u00f1os como director de j\u00f3venes, lleg\u00f3 a ser presidente de la Divisi\u00f3n Sudamericana en 2007.<\/p>\n<p>K\u00f6hler est\u00e1 Casado con Adriene Marques, que es enfermera, y el matrimonio tiene dos hijos.<\/p>\n<p>Ted N. C. Wilson, presidente de la Iglesia Adventista, destac\u00f3 algunas de las caracter\u00edsticas de K\u00f6hler como l\u00edder. \u201cEs una persona sumamente profesional, y una persona muy enfocada en la misi\u00f3n, un administrador muy habilidoso\u201d, dijo Wilson a los miembros de la Junta Directiva. \u201cEs un visionario, un planificador muy cuidadoso, y un especialista de los sistemas. Sabe c\u00f3mo aproximarse a las cosas de una manera sumamente articulada y sistem\u00e1tica\u201d.<\/p>\n<p>Despu\u00e9s de que una votaci\u00f3n de 197 a 16 confirm\u00f3 a K\u00f6hler como nuevo secretario, con efecto inmediato, \u00e9l dijo que cree en que Dios gu\u00eda a su iglesia. \u201cCreo en el liderazgo de Dios [por medio del] uso de seres humanos\u201d, a\u00f1adi\u00f3. \u201cY creo que Dios est\u00e1 en control de todo, y que Dios dirige mi vida\u201d.<\/p>\n<p>K\u00f6hler agradeci\u00f3 a su predecesor G. T. Ng, <a href=\"https:\/\/www.adventistreview.org\/church-news\/story16201-adventist-church-secretary-gt-ng-announces-retirement\" target=\"_blank\" rel=\"noopener\">quien hace poco anunci\u00f3 su<\/a> jubilaci\u00f3n, y se comprometi\u00f3 a hacer lo mejor para aprender del \u201cgran y magn\u00edfico trabajo\u201d de Ng. A\u00f1adi\u00f3 que, a pesar de los desaf\u00edos, no conoce otra manera que avanzar. \u201cDios dirige a mi familia, y Dios tambi\u00e9n dirige mi ministerio\u201d, dijo K\u00f6hler. \u201cEn consecuencia, mi \u00fanica respuesta necesita ser: \u2018S\u00ed, ir\u00e9\u2019\u201d.<\/p>\n<p>Por \u00faltimo, K\u00f6hler se comprometi\u00f3 a estar disponible, sirviendo con un coraz\u00f3n \u201cenfocado completamente\u201d en la misi\u00f3n de la iglesia. \u201cEstar\u00e9 abierto a [escuchar] y a aprender\u201d, expres\u00f3. \u201cMi trabajo es construir puentes, no muros\u201d.<\/p>\n<p><em>Felipe Lemos y Jefferson Paradello, de Noticias de la Divisi\u00f3n Sudamericana, colaboraron con este informe.<\/em><\/p>\n<\/div>\n<\/article>\n<\/div>\n<\/div>\n<\/div>\n<p>Traducci\u00f3n de Marcos Paseggi<\/p>\n","protected":false},"excerpt":{"rendered":"<p>El presidente de la Divisi\u00f3n Sudamericana remplazar\u00e1 a G. T. Ng, quien se jubila. 14 de abril de 2021 | Por: Marcos Paseggi, Adventist Review Los miembros de la Junta&#8230;<\/p>\n","protected":false},"author":3,"featured_media":70768,"comment_status":"closed","ping_status":"closed","sticky":false,"template":"","format":"standard","meta":{"_acf_changed":false,"footnotes":""},"categories":[14,15],"tags":[],"class_list":["post-70773","post","type-post","status-publish","format-standard","has-post-thumbnail","hentry","category-de-la-iglesia-mundial","category-rss-espanol"],"acf":[],"yoast_head":"<!-- This site is optimized with the Yoast SEO plugin v27.3 - https:\/\/yoast.com\/product\/yoast-seo-wordpress\/ -->\n<title>L\u00edderes de la Iglesia Adventista eligen a Erton K\u00f6hler como nuevo secretario - Iglesia Adventista del S\u00e9ptimo D\u00eda - Divisi\u00f3n Interamericana<\/title>\n<meta name=\"robots\" content=\"index, follow, max-snippet:-1, max-image-preview:large, max-video-preview:-1\" \/>\n<link rel=\"canonical\" href=\"https:\/\/interamerica.org\/es\/2021\/04\/lideres-de-la-iglesia-adventista-eligen-a-erton-kohler-como-nuevo-secretario\/\" \/>\n<meta property=\"og:locale\" content=\"es_ES\" \/>\n<meta property=\"og:type\" content=\"article\" \/>\n<meta property=\"og:title\" content=\"L\u00edderes de la Iglesia Adventista eligen a Erton K\u00f6hler como nuevo secretario - Iglesia Adventista del S\u00e9ptimo D\u00eda - Divisi\u00f3n Interamericana\" \/>\n<meta property=\"og:description\" content=\"El presidente de la Divisi\u00f3n Sudamericana remplazar\u00e1 a G. T. Ng, quien se jubila. 14 de abril de 2021 | Por: Marcos Paseggi, Adventist Review Los miembros de la Junta...\" \/>\n<meta property=\"og:url\" content=\"https:\/\/interamerica.org\/es\/2021\/04\/lideres-de-la-iglesia-adventista-eligen-a-erton-kohler-como-nuevo-secretario\/\" \/>\n<meta property=\"og:site_name\" content=\"Iglesia Adventista del S\u00e9ptimo D\u00eda - Divisi\u00f3n Interamericana\" \/>\n<meta property=\"article:published_time\" content=\"2021-04-14T19:26:35+00:00\" \/>\n<meta property=\"article:modified_time\" content=\"2021-04-14T21:14:38+00:00\" \/>\n<meta property=\"og:image\" content=\"https:\/\/interamerica.org\/wp-content\/uploads\/2021\/04\/adventist-church-leaders-elect-erton-kohler1280.jpg\" \/>\n\t<meta property=\"og:image:width\" content=\"1280\" \/>\n\t<meta property=\"og:image:height\" content=\"800\" \/>\n\t<meta property=\"og:image:type\" content=\"image\/jpeg\" \/>\n<meta name=\"author\" content=\"libna\" \/>\n<meta name=\"twitter:card\" content=\"summary_large_image\" \/>\n<meta name=\"twitter:label1\" content=\"Escrito por\" \/>\n\t<meta name=\"twitter:data1\" content=\"libna\" \/>\n\t<meta name=\"twitter:label2\" content=\"Tiempo de lectura\" \/>\n\t<meta name=\"twitter:data2\" content=\"3 minutos\" \/>\n<script type=\"application\/ld+json\" class=\"yoast-schema-graph\">{\"@context\":\"https:\\\/\\\/schema.org\",\"@graph\":[{\"@type\":\"Article\",\"@id\":\"https:\\\/\\\/interamerica.org\\\/es\\\/2021\\\/04\\\/lideres-de-la-iglesia-adventista-eligen-a-erton-kohler-como-nuevo-secretario\\\/#article\",\"isPartOf\":{\"@id\":\"https:\\\/\\\/interamerica.org\\\/es\\\/2021\\\/04\\\/lideres-de-la-iglesia-adventista-eligen-a-erton-kohler-como-nuevo-secretario\\\/\"},\"author\":{\"name\":\"libna\",\"@id\":\"https:\\\/\\\/interamerica.org\\\/es\\\/#\\\/schema\\\/person\\\/29998f2bc2d8bd0d38662909289b54f1\"},\"headline\":\"L\u00edderes de la Iglesia Adventista eligen a Erton K\u00f6hler como nuevo secretario\",\"datePublished\":\"2021-04-14T19:26:35+00:00\",\"dateModified\":\"2021-04-14T21:14:38+00:00\",\"mainEntityOfPage\":{\"@id\":\"https:\\\/\\\/interamerica.org\\\/es\\\/2021\\\/04\\\/lideres-de-la-iglesia-adventista-eligen-a-erton-kohler-como-nuevo-secretario\\\/\"},\"wordCount\":654,\"image\":{\"@id\":\"https:\\\/\\\/interamerica.org\\\/es\\\/2021\\\/04\\\/lideres-de-la-iglesia-adventista-eligen-a-erton-kohler-como-nuevo-secretario\\\/#primaryimage\"},\"thumbnailUrl\":\"https:\\\/\\\/interamerica.org\\\/wp-content\\\/uploads\\\/2021\\\/04\\\/adventist-church-leaders-elect-erton-kohler1280.jpg\",\"articleSection\":[\"Desde la iglesia mundial\",\"RSS Espa\u00f1ol\"],\"inLanguage\":\"es\"},{\"@type\":\"WebPage\",\"@id\":\"https:\\\/\\\/interamerica.org\\\/es\\\/2021\\\/04\\\/lideres-de-la-iglesia-adventista-eligen-a-erton-kohler-como-nuevo-secretario\\\/\",\"url\":\"https:\\\/\\\/interamerica.org\\\/es\\\/2021\\\/04\\\/lideres-de-la-iglesia-adventista-eligen-a-erton-kohler-como-nuevo-secretario\\\/\",\"name\":\"L\u00edderes de la Iglesia Adventista eligen a Erton K\u00f6hler como nuevo secretario - Iglesia Adventista del S\u00e9ptimo D\u00eda - Divisi\u00f3n Interamericana\",\"isPartOf\":{\"@id\":\"https:\\\/\\\/interamerica.org\\\/es\\\/#website\"},\"primaryImageOfPage\":{\"@id\":\"https:\\\/\\\/interamerica.org\\\/es\\\/2021\\\/04\\\/lideres-de-la-iglesia-adventista-eligen-a-erton-kohler-como-nuevo-secretario\\\/#primaryimage\"},\"image\":{\"@id\":\"https:\\\/\\\/interamerica.org\\\/es\\\/2021\\\/04\\\/lideres-de-la-iglesia-adventista-eligen-a-erton-kohler-como-nuevo-secretario\\\/#primaryimage\"},\"thumbnailUrl\":\"https:\\\/\\\/interamerica.org\\\/wp-content\\\/uploads\\\/2021\\\/04\\\/adventist-church-leaders-elect-erton-kohler1280.jpg\",\"datePublished\":\"2021-04-14T19:26:35+00:00\",\"dateModified\":\"2021-04-14T21:14:38+00:00\",\"author\":{\"@id\":\"https:\\\/\\\/interamerica.org\\\/es\\\/#\\\/schema\\\/person\\\/29998f2bc2d8bd0d38662909289b54f1\"},\"breadcrumb\":{\"@id\":\"https:\\\/\\\/interamerica.org\\\/es\\\/2021\\\/04\\\/lideres-de-la-iglesia-adventista-eligen-a-erton-kohler-como-nuevo-secretario\\\/#breadcrumb\"},\"inLanguage\":\"es\",\"potentialAction\":[{\"@type\":\"ReadAction\",\"target\":[\"https:\\\/\\\/interamerica.org\\\/es\\\/2021\\\/04\\\/lideres-de-la-iglesia-adventista-eligen-a-erton-kohler-como-nuevo-secretario\\\/\"]}]},{\"@type\":\"ImageObject\",\"inLanguage\":\"es\",\"@id\":\"https:\\\/\\\/interamerica.org\\\/es\\\/2021\\\/04\\\/lideres-de-la-iglesia-adventista-eligen-a-erton-kohler-como-nuevo-secretario\\\/#primaryimage\",\"url\":\"https:\\\/\\\/interamerica.org\\\/wp-content\\\/uploads\\\/2021\\\/04\\\/adventist-church-leaders-elect-erton-kohler1280.jpg\",\"contentUrl\":\"https:\\\/\\\/interamerica.org\\\/wp-content\\\/uploads\\\/2021\\\/04\\\/adventist-church-leaders-elect-erton-kohler1280.jpg\",\"width\":1280,\"height\":800,\"caption\":\"Erton K\u00f6hler, presidente de la Divisi\u00f3n Sudamericana, fue elegido secretario de la Iglesia Adventista por la Junta Directiva de la Asociaci\u00f3n General el 14 de abril de 2021. Remplazar\u00e1 a G. T. Ng, que anunci\u00f3 que se jubila. [Fotograf\u00eda: Tor Tjeransen \\\/ Adventist Media Exchange (CC BY 4.0)]\"},{\"@type\":\"BreadcrumbList\",\"@id\":\"https:\\\/\\\/interamerica.org\\\/es\\\/2021\\\/04\\\/lideres-de-la-iglesia-adventista-eligen-a-erton-kohler-como-nuevo-secretario\\\/#breadcrumb\",\"itemListElement\":[{\"@type\":\"ListItem\",\"position\":1,\"name\":\"Home\",\"item\":\"https:\\\/\\\/interamerica.org\\\/es\\\/\"},{\"@type\":\"ListItem\",\"position\":2,\"name\":\"L\u00edderes de la Iglesia Adventista eligen a Erton K\u00f6hler como nuevo secretario\"}]},{\"@type\":\"WebSite\",\"@id\":\"https:\\\/\\\/interamerica.org\\\/es\\\/#website\",\"url\":\"https:\\\/\\\/interamerica.org\\\/es\\\/\",\"name\":\"Iglesia Adventista del S\u00e9ptimo D\u00eda - Divisi\u00f3n Interamericana\",\"description\":\"\",\"potentialAction\":[{\"@type\":\"SearchAction\",\"target\":{\"@type\":\"EntryPoint\",\"urlTemplate\":\"https:\\\/\\\/interamerica.org\\\/es\\\/?s={search_term_string}\"},\"query-input\":{\"@type\":\"PropertyValueSpecification\",\"valueRequired\":true,\"valueName\":\"search_term_string\"}}],\"inLanguage\":\"es\"},{\"@type\":\"Person\",\"@id\":\"https:\\\/\\\/interamerica.org\\\/es\\\/#\\\/schema\\\/person\\\/29998f2bc2d8bd0d38662909289b54f1\",\"name\":\"libna\",\"image\":{\"@type\":\"ImageObject\",\"inLanguage\":\"es\",\"@id\":\"https:\\\/\\\/secure.gravatar.com\\\/avatar\\\/7c5bd30ae4b47a9ba3c856590957fd1d96dc588bf3ac05719d247e126840331f?s=96&d=mm&r=g\",\"url\":\"https:\\\/\\\/secure.gravatar.com\\\/avatar\\\/7c5bd30ae4b47a9ba3c856590957fd1d96dc588bf3ac05719d247e126840331f?s=96&d=mm&r=g\",\"contentUrl\":\"https:\\\/\\\/secure.gravatar.com\\\/avatar\\\/7c5bd30ae4b47a9ba3c856590957fd1d96dc588bf3ac05719d247e126840331f?s=96&d=mm&r=g\",\"caption\":\"libna\"}}]}<\/script>\n<!-- \/ Yoast SEO plugin. -->","yoast_head_json":{"title":"L\u00edderes de la Iglesia Adventista eligen a Erton K\u00f6hler como nuevo secretario - Iglesia Adventista del S\u00e9ptimo D\u00eda - Divisi\u00f3n Interamericana","robots":{"index":"index","follow":"follow","max-snippet":"max-snippet:-1","max-image-preview":"max-image-preview:large","max-video-preview":"max-video-preview:-1"},"canonical":"https:\/\/interamerica.org\/es\/2021\/04\/lideres-de-la-iglesia-adventista-eligen-a-erton-kohler-como-nuevo-secretario\/","og_locale":"es_ES","og_type":"article","og_title":"L\u00edderes de la Iglesia Adventista eligen a Erton K\u00f6hler como nuevo secretario - Iglesia Adventista del S\u00e9ptimo D\u00eda - Divisi\u00f3n Interamericana","og_description":"El presidente de la Divisi\u00f3n Sudamericana remplazar\u00e1 a G. T. Ng, quien se jubila. 14 de abril de 2021 | Por: Marcos Paseggi, Adventist Review Los miembros de la Junta...","og_url":"https:\/\/interamerica.org\/es\/2021\/04\/lideres-de-la-iglesia-adventista-eligen-a-erton-kohler-como-nuevo-secretario\/","og_site_name":"Iglesia Adventista del S\u00e9ptimo D\u00eda - Divisi\u00f3n Interamericana","article_published_time":"2021-04-14T19:26:35+00:00","article_modified_time":"2021-04-14T21:14:38+00:00","og_image":[{"width":1280,"height":800,"url":"https:\/\/interamerica.org\/wp-content\/uploads\/2021\/04\/adventist-church-leaders-elect-erton-kohler1280.jpg","type":"image\/jpeg"}],"author":"libna","twitter_card":"summary_large_image","twitter_misc":{"Escrito por":"libna","Tiempo de lectura":"3 minutos"},"schema":{"@context":"https:\/\/schema.org","@graph":[{"@type":"Article","@id":"https:\/\/interamerica.org\/es\/2021\/04\/lideres-de-la-iglesia-adventista-eligen-a-erton-kohler-como-nuevo-secretario\/#article","isPartOf":{"@id":"https:\/\/interamerica.org\/es\/2021\/04\/lideres-de-la-iglesia-adventista-eligen-a-erton-kohler-como-nuevo-secretario\/"},"author":{"name":"libna","@id":"https:\/\/interamerica.org\/es\/#\/schema\/person\/29998f2bc2d8bd0d38662909289b54f1"},"headline":"L\u00edderes de la Iglesia Adventista eligen a Erton K\u00f6hler como nuevo secretario","datePublished":"2021-04-14T19:26:35+00:00","dateModified":"2021-04-14T21:14:38+00:00","mainEntityOfPage":{"@id":"https:\/\/interamerica.org\/es\/2021\/04\/lideres-de-la-iglesia-adventista-eligen-a-erton-kohler-como-nuevo-secretario\/"},"wordCount":654,"image":{"@id":"https:\/\/interamerica.org\/es\/2021\/04\/lideres-de-la-iglesia-adventista-eligen-a-erton-kohler-como-nuevo-secretario\/#primaryimage"},"thumbnailUrl":"https:\/\/interamerica.org\/wp-content\/uploads\/2021\/04\/adventist-church-leaders-elect-erton-kohler1280.jpg","articleSection":["Desde la iglesia mundial","RSS Espa\u00f1ol"],"inLanguage":"es"},{"@type":"WebPage","@id":"https:\/\/interamerica.org\/es\/2021\/04\/lideres-de-la-iglesia-adventista-eligen-a-erton-kohler-como-nuevo-secretario\/","url":"https:\/\/interamerica.org\/es\/2021\/04\/lideres-de-la-iglesia-adventista-eligen-a-erton-kohler-como-nuevo-secretario\/","name":"L\u00edderes de la Iglesia Adventista eligen a Erton K\u00f6hler como nuevo secretario - Iglesia Adventista del S\u00e9ptimo D\u00eda - Divisi\u00f3n Interamericana","isPartOf":{"@id":"https:\/\/interamerica.org\/es\/#website"},"primaryImageOfPage":{"@id":"https:\/\/interamerica.org\/es\/2021\/04\/lideres-de-la-iglesia-adventista-eligen-a-erton-kohler-como-nuevo-secretario\/#primaryimage"},"image":{"@id":"https:\/\/interamerica.org\/es\/2021\/04\/lideres-de-la-iglesia-adventista-eligen-a-erton-kohler-como-nuevo-secretario\/#primaryimage"},"thumbnailUrl":"https:\/\/interamerica.org\/wp-content\/uploads\/2021\/04\/adventist-church-leaders-elect-erton-kohler1280.jpg","datePublished":"2021-04-14T19:26:35+00:00","dateModified":"2021-04-14T21:14:38+00:00","author":{"@id":"https:\/\/interamerica.org\/es\/#\/schema\/person\/29998f2bc2d8bd0d38662909289b54f1"},"breadcrumb":{"@id":"https:\/\/interamerica.org\/es\/2021\/04\/lideres-de-la-iglesia-adventista-eligen-a-erton-kohler-como-nuevo-secretario\/#breadcrumb"},"inLanguage":"es","potentialAction":[{"@type":"ReadAction","target":["https:\/\/interamerica.org\/es\/2021\/04\/lideres-de-la-iglesia-adventista-eligen-a-erton-kohler-como-nuevo-secretario\/"]}]},{"@type":"ImageObject","inLanguage":"es","@id":"https:\/\/interamerica.org\/es\/2021\/04\/lideres-de-la-iglesia-adventista-eligen-a-erton-kohler-como-nuevo-secretario\/#primaryimage","url":"https:\/\/interamerica.org\/wp-content\/uploads\/2021\/04\/adventist-church-leaders-elect-erton-kohler1280.jpg","contentUrl":"https:\/\/interamerica.org\/wp-content\/uploads\/2021\/04\/adventist-church-leaders-elect-erton-kohler1280.jpg","width":1280,"height":800,"caption":"Erton K\u00f6hler, presidente de la Divisi\u00f3n Sudamericana, fue elegido secretario de la Iglesia Adventista por la Junta Directiva de la Asociaci\u00f3n General el 14 de abril de 2021. Remplazar\u00e1 a G. T. Ng, que anunci\u00f3 que se jubila. [Fotograf\u00eda: Tor Tjeransen \/ Adventist Media Exchange (CC BY 4.0)]"},{"@type":"BreadcrumbList","@id":"https:\/\/interamerica.org\/es\/2021\/04\/lideres-de-la-iglesia-adventista-eligen-a-erton-kohler-como-nuevo-secretario\/#breadcrumb","itemListElement":[{"@type":"ListItem","position":1,"name":"Home","item":"https:\/\/interamerica.org\/es\/"},{"@type":"ListItem","position":2,"name":"L\u00edderes de la Iglesia Adventista eligen a Erton K\u00f6hler como nuevo secretario"}]},{"@type":"WebSite","@id":"https:\/\/interamerica.org\/es\/#website","url":"https:\/\/interamerica.org\/es\/","name":"Iglesia Adventista del S\u00e9ptimo D\u00eda - Divisi\u00f3n Interamericana","description":"","potentialAction":[{"@type":"SearchAction","target":{"@type":"EntryPoint","urlTemplate":"https:\/\/interamerica.org\/es\/?s={search_term_string}"},"query-input":{"@type":"PropertyValueSpecification","valueRequired":true,"valueName":"search_term_string"}}],"inLanguage":"es"},{"@type":"Person","@id":"https:\/\/interamerica.org\/es\/#\/schema\/person\/29998f2bc2d8bd0d38662909289b54f1","name":"libna","image":{"@type":"ImageObject","inLanguage":"es","@id":"https:\/\/secure.gravatar.com\/avatar\/7c5bd30ae4b47a9ba3c856590957fd1d96dc588bf3ac05719d247e126840331f?s=96&d=mm&r=g","url":"https:\/\/secure.gravatar.com\/avatar\/7c5bd30ae4b47a9ba3c856590957fd1d96dc588bf3ac05719d247e126840331f?s=96&d=mm&r=g","contentUrl":"https:\/\/secure.gravatar.com\/avatar\/7c5bd30ae4b47a9ba3c856590957fd1d96dc588bf3ac05719d247e126840331f?s=96&d=mm&r=g","caption":"libna"}}]}},"_links":{"self":[{"href":"https:\/\/interamerica.org\/es\/wp-json\/wp\/v2\/posts\/70773","targetHints":{"allow":["GET"]}}],"collection":[{"href":"https:\/\/interamerica.org\/es\/wp-json\/wp\/v2\/posts"}],"about":[{"href":"https:\/\/interamerica.org\/es\/wp-json\/wp\/v2\/types\/post"}],"author":[{"embeddable":true,"href":"https:\/\/interamerica.org\/es\/wp-json\/wp\/v2\/users\/3"}],"replies":[{"embeddable":true,"href":"https:\/\/interamerica.org\/es\/wp-json\/wp\/v2\/comments?post=70773"}],"version-history":[{"count":0,"href":"https:\/\/interamerica.org\/es\/wp-json\/wp\/v2\/posts\/70773\/revisions"}],"wp:featuredmedia":[{"embeddable":true,"href":"https:\/\/interamerica.org\/es\/wp-json\/wp\/v2\/media\/70768"}],"wp:attachment":[{"href":"https:\/\/interamerica.org\/es\/wp-json\/wp\/v2\/media?parent=70773"}],"wp:term":[{"taxonomy":"category","embeddable":true,"href":"https:\/\/interamerica.org\/es\/wp-json\/wp\/v2\/categories?post=70773"},{"taxonomy":"post_tag","embeddable":true,"href":"https:\/\/interamerica.org\/es\/wp-json\/wp\/v2\/tags?post=70773"}],"curies":[{"name":"wp","href":"https:\/\/api.w.org\/{rel}","templated":true}]}}