{"id":70795,"date":"2021-04-16T11:00:21","date_gmt":"2021-04-16T15:00:21","guid":{"rendered":"https:\/\/recursing-golick.147-182-135-0.plesk.page\/?p=70795"},"modified":"2021-04-16T11:07:27","modified_gmt":"2021-04-16T15:07:27","slug":"iglesia-adventista-de-interamerica-celebrara-el-dia-de-los-ministerios-de-posibilidades-el-24-de-abril","status":"publish","type":"post","link":"https:\/\/interamerica.org\/es\/2021\/04\/iglesia-adventista-de-interamerica-celebrara-el-dia-de-los-ministerios-de-posibilidades-el-24-de-abril\/","title":{"rendered":"Iglesia Adventista de Interam\u00e9rica celebrar\u00e1 el D\u00eda de los Ministerios de Posibilidades el 24 de abril"},"content":{"rendered":"<p>15 de abril de 2021 | Miami, Florida, Estados Unidos | Libna Stevens, Noticias de la Divisi\u00f3n Interamericana<\/p>\n<p>El s\u00e1bado 24 de abril de 2021, la Iglesia Adventista de Interam\u00e9rica celebrar\u00e1 los dones especiales de miles de sus miembros y familiares que tienen necesidades especiales. El evento, que es llamado D\u00eda del Ministerio de las Posibilidades, tambi\u00e9n est\u00e1 siendo observado en toda la iglesia mundial, y tiene por prop\u00f3sito brindar una mayor visibilidad a las personas con discapacidades, dijeron los organizadores de la iglesia.<\/p>\n<p>\u201cEste un festival alegre que est\u00e1 dedicado a facultar, afirmar y ayudar a las personas con discapacidades para que usen sus capacidades naturales, habilidades adquiridas y dones espirituales para dar gloria a Dios\u201d, dijo el pastor Samuel Telemaque, director de ministerios de las posibilidades de la Iglesia Adventista en Interam\u00e9rica.<\/p>\n<p>Bajo el lema \u201cEn Jes\u00fas, todos son dotados y todos son aceptados\u201d, el culto de adoraci\u00f3n de la ma\u00f1ana contar\u00e1 con siete grupos \u00fanicos de individuos, lo que incluye a los sordos, los ciegos, los que padecen inmovilidad f\u00edsica, los que tienen problemas de salud mental, los hu\u00e9rfanos, los que est\u00e1n de duelo por la muerte de un c\u00f3nyuge, y los que cuidadores de esas personas, como as\u00ed tambi\u00e9n los que viven y trabajan con ellos.<\/p>\n<p><div id=\"attachment_70476\" style=\"width: 569px\" class=\"wp-caption aligncenter\"><img fetchpriority=\"high\" decoding=\"async\" aria-describedby=\"caption-attachment-70476\" class=\" wp-image-70476\" src=\"https:\/\/recursing-golick.147-182-135-0.plesk.page\/wp-content\/uploads\/2021\/02\/whatsapp-image-2021-04-01-at-45204-pm-768x1024.jpeg\" alt=\"\" width=\"559\" height=\"746\" srcset=\"https:\/\/interamerica.org\/wp-content\/uploads\/2021\/02\/whatsapp-image-2021-04-01-at-45204-pm-768x1024.jpeg 768w, https:\/\/interamerica.org\/wp-content\/uploads\/2021\/02\/whatsapp-image-2021-04-01-at-45204-pm-225x300.jpeg 225w, https:\/\/interamerica.org\/wp-content\/uploads\/2021\/02\/whatsapp-image-2021-04-01-at-45204-pm.jpeg 960w\" sizes=\"(max-width: 559px) 100vw, 559px\" \/><p id=\"caption-attachment-70476\" class=\"wp-caption-text\">[Imagen: Divisi\u00f3n Interamericana]<\/p><\/div>El senador de Jamaica doctor Floyd Morris ser\u00e1 el orador destacado para el culto de adoraci\u00f3n de la ma\u00f1ana. La se\u00f1ora Juliana Santos de los Ministerios Adventistas de las Posibilidades de la Asociaci\u00f3n General ser\u00e1 la oradora principal del programa de la tarde.<\/p>\n<p>Los l\u00edderes de la Divisi\u00f3n Interamericana (IAD) tambi\u00e9n participar\u00e1n en el programa para responder a los l\u00edderes de los ministerios de las posibilidades y a cientos de individuos que participar\u00e1n de los c\u00e1nticos, las representaciones y que se conectar\u00e1n durante el festival en l\u00ednea de las posibilidades.<\/p>\n<p>El programa contar\u00e1 con int\u00e9rpretes del lenguaje de se\u00f1as de 18 pa\u00edses para los que sufren problemas para escuchar. \u201cPodr\u00e1n ingresar a la plataforma de Zoom para ver al int\u00e9rprete correspondiente de cada pa\u00eds identificado con la bandera\u201d, dijo el pastor Telemaque. El resto de la audiencia en l\u00ednea podr\u00e1 ver el programa en ingl\u00e9s, espa\u00f1ol y franc\u00e9s.<\/p>\n<p>El programa del d\u00eda se desarrollar\u00e1 desde las 9.00 hasta las 12.00 y de las 14.00 a las 18.00, hora de Miami.<\/p>\n<p>El evento tambi\u00e9n contar\u00e1 con una capacitaci\u00f3n para l\u00edderes sobre c\u00f3mo adaptar la ense\u00f1anza a las personas que tienen necesidades especiales, una presentaci\u00f3n de cada uno de los equipos de l\u00edderes de los grupos de tares de las uniones que supervisan los ministerios de las posibilidades en sus regiones, y as\u00ed como los puntos destacados y las iniciativas que se est\u00e1n llevando a cabo en todo el territorio, adem\u00e1s de otros temas.<\/p>\n<p>Para ver la Celebraci\u00f3n del Festival del D\u00eda de los Ministerios de Posibilidades el pr\u00f3ximo 24 de abril de 2021, ingrese en los siguientes enlaces:<\/p>\n<p><strong>Ingl\u00e9s<\/strong>: Canal de YouTube de Conectividad de la DIA, <a href=\"https:\/\/www.youtube.com\/channel\/UCmmSViewmBZOIO4HVliq71A\">AQU\u00cd<\/a><\/p>\n<p><strong>Espa\u00f1ol<\/strong>: Connectividad DIA, <a href=\"https:\/\/www.youtube.com\/channel\/UC4njn4nUKcOCOddvmSvQTgA\/featured\"> AQU\u00cd<\/a><\/p>\n<p><strong>Franc\u00e9s:<\/strong> Connectivit\u00e9 DIA, <a href=\"https:\/\/www.youtube.com\/channel\/UCvJvpEcwLRtyufY6Zmfh1cQ\">AQU\u00cd<\/a><\/p>\n<p>Traducci\u00f3n de Marcos Paseggi<\/p>\n","protected":false},"excerpt":{"rendered":"<p>15 de abril de 2021 | Miami, Florida, Estados Unidos | Libna Stevens, Noticias de la Divisi\u00f3n Interamericana El s\u00e1bado 24 de abril de 2021, la Iglesia Adventista de Interam\u00e9rica&#8230;<\/p>\n","protected":false},"author":3,"featured_media":69246,"comment_status":"closed","ping_status":"closed","sticky":false,"template":"","format":"standard","meta":{"_acf_changed":false,"footnotes":""},"categories":[16,15],"tags":[],"class_list":["post-70795","post","type-post","status-publish","format-standard","has-post-thumbnail","hentry","category-desde-la-sede","category-rss-espanol"],"acf":[],"yoast_head":"<!-- This site is optimized with the Yoast SEO plugin v27.3 - https:\/\/yoast.com\/product\/yoast-seo-wordpress\/ -->\n<title>Iglesia Adventista de Interam\u00e9rica celebrar\u00e1 el D\u00eda de los Ministerios de Posibilidades el 24 de abril - Iglesia Adventista del S\u00e9ptimo D\u00eda - Divisi\u00f3n Interamericana<\/title>\n<meta name=\"robots\" content=\"index, follow, max-snippet:-1, max-image-preview:large, max-video-preview:-1\" \/>\n<link rel=\"canonical\" href=\"https:\/\/interamerica.org\/es\/2021\/04\/iglesia-adventista-de-interamerica-celebrara-el-dia-de-los-ministerios-de-posibilidades-el-24-de-abril\/\" \/>\n<meta property=\"og:locale\" content=\"es_ES\" \/>\n<meta property=\"og:type\" content=\"article\" \/>\n<meta property=\"og:title\" content=\"Iglesia Adventista de Interam\u00e9rica celebrar\u00e1 el D\u00eda de los Ministerios de Posibilidades el 24 de abril - Iglesia Adventista del S\u00e9ptimo D\u00eda - Divisi\u00f3n Interamericana\" \/>\n<meta property=\"og:description\" content=\"15 de abril de 2021 | Miami, Florida, Estados Unidos | Libna Stevens, Noticias de la Divisi\u00f3n Interamericana El s\u00e1bado 24 de abril de 2021, la Iglesia Adventista de Interam\u00e9rica...\" \/>\n<meta property=\"og:url\" content=\"https:\/\/interamerica.org\/es\/2021\/04\/iglesia-adventista-de-interamerica-celebrara-el-dia-de-los-ministerios-de-posibilidades-el-24-de-abril\/\" \/>\n<meta property=\"og:site_name\" content=\"Iglesia Adventista del S\u00e9ptimo D\u00eda - Divisi\u00f3n Interamericana\" \/>\n<meta property=\"article:published_time\" content=\"2021-04-16T15:00:21+00:00\" \/>\n<meta property=\"article:modified_time\" content=\"2021-04-16T15:07:27+00:00\" \/>\n<meta property=\"og:image\" content=\"https:\/\/interamerica.org\/wp-content\/uploads\/2021\/02\/untitled-design-8.jpg\" \/>\n\t<meta property=\"og:image:width\" content=\"1280\" \/>\n\t<meta property=\"og:image:height\" content=\"800\" \/>\n\t<meta property=\"og:image:type\" content=\"image\/jpeg\" \/>\n<meta name=\"author\" content=\"libna\" \/>\n<meta name=\"twitter:card\" content=\"summary_large_image\" \/>\n<meta name=\"twitter:label1\" content=\"Escrito por\" \/>\n\t<meta name=\"twitter:data1\" content=\"libna\" \/>\n\t<meta name=\"twitter:label2\" content=\"Tiempo de lectura\" \/>\n\t<meta name=\"twitter:data2\" content=\"3 minutos\" \/>\n<script type=\"application\/ld+json\" class=\"yoast-schema-graph\">{\"@context\":\"https:\\\/\\\/schema.org\",\"@graph\":[{\"@type\":\"Article\",\"@id\":\"https:\\\/\\\/interamerica.org\\\/es\\\/2021\\\/04\\\/iglesia-adventista-de-interamerica-celebrara-el-dia-de-los-ministerios-de-posibilidades-el-24-de-abril\\\/#article\",\"isPartOf\":{\"@id\":\"https:\\\/\\\/interamerica.org\\\/es\\\/2021\\\/04\\\/iglesia-adventista-de-interamerica-celebrara-el-dia-de-los-ministerios-de-posibilidades-el-24-de-abril\\\/\"},\"author\":{\"name\":\"libna\",\"@id\":\"https:\\\/\\\/interamerica.org\\\/es\\\/#\\\/schema\\\/person\\\/29998f2bc2d8bd0d38662909289b54f1\"},\"headline\":\"Iglesia Adventista de Interam\u00e9rica celebrar\u00e1 el D\u00eda de los Ministerios de Posibilidades el 24 de abril\",\"datePublished\":\"2021-04-16T15:00:21+00:00\",\"dateModified\":\"2021-04-16T15:07:27+00:00\",\"mainEntityOfPage\":{\"@id\":\"https:\\\/\\\/interamerica.org\\\/es\\\/2021\\\/04\\\/iglesia-adventista-de-interamerica-celebrara-el-dia-de-los-ministerios-de-posibilidades-el-24-de-abril\\\/\"},\"wordCount\":569,\"image\":{\"@id\":\"https:\\\/\\\/interamerica.org\\\/es\\\/2021\\\/04\\\/iglesia-adventista-de-interamerica-celebrara-el-dia-de-los-ministerios-de-posibilidades-el-24-de-abril\\\/#primaryimage\"},\"thumbnailUrl\":\"https:\\\/\\\/interamerica.org\\\/wp-content\\\/uploads\\\/2021\\\/02\\\/untitled-design-8.jpg\",\"articleSection\":[\"Desde la sede\",\"RSS Espa\u00f1ol\"],\"inLanguage\":\"es\"},{\"@type\":\"WebPage\",\"@id\":\"https:\\\/\\\/interamerica.org\\\/es\\\/2021\\\/04\\\/iglesia-adventista-de-interamerica-celebrara-el-dia-de-los-ministerios-de-posibilidades-el-24-de-abril\\\/\",\"url\":\"https:\\\/\\\/interamerica.org\\\/es\\\/2021\\\/04\\\/iglesia-adventista-de-interamerica-celebrara-el-dia-de-los-ministerios-de-posibilidades-el-24-de-abril\\\/\",\"name\":\"Iglesia Adventista de Interam\u00e9rica celebrar\u00e1 el D\u00eda de los Ministerios de Posibilidades el 24 de abril - Iglesia Adventista del S\u00e9ptimo D\u00eda - Divisi\u00f3n Interamericana\",\"isPartOf\":{\"@id\":\"https:\\\/\\\/interamerica.org\\\/es\\\/#website\"},\"primaryImageOfPage\":{\"@id\":\"https:\\\/\\\/interamerica.org\\\/es\\\/2021\\\/04\\\/iglesia-adventista-de-interamerica-celebrara-el-dia-de-los-ministerios-de-posibilidades-el-24-de-abril\\\/#primaryimage\"},\"image\":{\"@id\":\"https:\\\/\\\/interamerica.org\\\/es\\\/2021\\\/04\\\/iglesia-adventista-de-interamerica-celebrara-el-dia-de-los-ministerios-de-posibilidades-el-24-de-abril\\\/#primaryimage\"},\"thumbnailUrl\":\"https:\\\/\\\/interamerica.org\\\/wp-content\\\/uploads\\\/2021\\\/02\\\/untitled-design-8.jpg\",\"datePublished\":\"2021-04-16T15:00:21+00:00\",\"dateModified\":\"2021-04-16T15:07:27+00:00\",\"author\":{\"@id\":\"https:\\\/\\\/interamerica.org\\\/es\\\/#\\\/schema\\\/person\\\/29998f2bc2d8bd0d38662909289b54f1\"},\"breadcrumb\":{\"@id\":\"https:\\\/\\\/interamerica.org\\\/es\\\/2021\\\/04\\\/iglesia-adventista-de-interamerica-celebrara-el-dia-de-los-ministerios-de-posibilidades-el-24-de-abril\\\/#breadcrumb\"},\"inLanguage\":\"es\",\"potentialAction\":[{\"@type\":\"ReadAction\",\"target\":[\"https:\\\/\\\/interamerica.org\\\/es\\\/2021\\\/04\\\/iglesia-adventista-de-interamerica-celebrara-el-dia-de-los-ministerios-de-posibilidades-el-24-de-abril\\\/\"]}]},{\"@type\":\"ImageObject\",\"inLanguage\":\"es\",\"@id\":\"https:\\\/\\\/interamerica.org\\\/es\\\/2021\\\/04\\\/iglesia-adventista-de-interamerica-celebrara-el-dia-de-los-ministerios-de-posibilidades-el-24-de-abril\\\/#primaryimage\",\"url\":\"https:\\\/\\\/interamerica.org\\\/wp-content\\\/uploads\\\/2021\\\/02\\\/untitled-design-8.jpg\",\"contentUrl\":\"https:\\\/\\\/interamerica.org\\\/wp-content\\\/uploads\\\/2021\\\/02\\\/untitled-design-8.jpg\",\"width\":1280,\"height\":800,\"caption\":\"[Imagen: Divisi\u00f3n Interamericana]\"},{\"@type\":\"BreadcrumbList\",\"@id\":\"https:\\\/\\\/interamerica.org\\\/es\\\/2021\\\/04\\\/iglesia-adventista-de-interamerica-celebrara-el-dia-de-los-ministerios-de-posibilidades-el-24-de-abril\\\/#breadcrumb\",\"itemListElement\":[{\"@type\":\"ListItem\",\"position\":1,\"name\":\"Home\",\"item\":\"https:\\\/\\\/interamerica.org\\\/es\\\/\"},{\"@type\":\"ListItem\",\"position\":2,\"name\":\"Iglesia Adventista de Interam\u00e9rica celebrar\u00e1 el D\u00eda de los Ministerios de Posibilidades el 24 de abril\"}]},{\"@type\":\"WebSite\",\"@id\":\"https:\\\/\\\/interamerica.org\\\/es\\\/#website\",\"url\":\"https:\\\/\\\/interamerica.org\\\/es\\\/\",\"name\":\"Iglesia Adventista del S\u00e9ptimo D\u00eda - Divisi\u00f3n Interamericana\",\"description\":\"\",\"potentialAction\":[{\"@type\":\"SearchAction\",\"target\":{\"@type\":\"EntryPoint\",\"urlTemplate\":\"https:\\\/\\\/interamerica.org\\\/es\\\/?s={search_term_string}\"},\"query-input\":{\"@type\":\"PropertyValueSpecification\",\"valueRequired\":true,\"valueName\":\"search_term_string\"}}],\"inLanguage\":\"es\"},{\"@type\":\"Person\",\"@id\":\"https:\\\/\\\/interamerica.org\\\/es\\\/#\\\/schema\\\/person\\\/29998f2bc2d8bd0d38662909289b54f1\",\"name\":\"libna\",\"image\":{\"@type\":\"ImageObject\",\"inLanguage\":\"es\",\"@id\":\"https:\\\/\\\/secure.gravatar.com\\\/avatar\\\/7c5bd30ae4b47a9ba3c856590957fd1d96dc588bf3ac05719d247e126840331f?s=96&d=mm&r=g\",\"url\":\"https:\\\/\\\/secure.gravatar.com\\\/avatar\\\/7c5bd30ae4b47a9ba3c856590957fd1d96dc588bf3ac05719d247e126840331f?s=96&d=mm&r=g\",\"contentUrl\":\"https:\\\/\\\/secure.gravatar.com\\\/avatar\\\/7c5bd30ae4b47a9ba3c856590957fd1d96dc588bf3ac05719d247e126840331f?s=96&d=mm&r=g\",\"caption\":\"libna\"}}]}<\/script>\n<!-- \/ Yoast SEO plugin. -->","yoast_head_json":{"title":"Iglesia Adventista de Interam\u00e9rica celebrar\u00e1 el D\u00eda de los Ministerios de Posibilidades el 24 de abril - Iglesia Adventista del S\u00e9ptimo D\u00eda - Divisi\u00f3n Interamericana","robots":{"index":"index","follow":"follow","max-snippet":"max-snippet:-1","max-image-preview":"max-image-preview:large","max-video-preview":"max-video-preview:-1"},"canonical":"https:\/\/interamerica.org\/es\/2021\/04\/iglesia-adventista-de-interamerica-celebrara-el-dia-de-los-ministerios-de-posibilidades-el-24-de-abril\/","og_locale":"es_ES","og_type":"article","og_title":"Iglesia Adventista de Interam\u00e9rica celebrar\u00e1 el D\u00eda de los Ministerios de Posibilidades el 24 de abril - Iglesia Adventista del S\u00e9ptimo D\u00eda - Divisi\u00f3n Interamericana","og_description":"15 de abril de 2021 | Miami, Florida, Estados Unidos | Libna Stevens, Noticias de la Divisi\u00f3n Interamericana El s\u00e1bado 24 de abril de 2021, la Iglesia Adventista de Interam\u00e9rica...","og_url":"https:\/\/interamerica.org\/es\/2021\/04\/iglesia-adventista-de-interamerica-celebrara-el-dia-de-los-ministerios-de-posibilidades-el-24-de-abril\/","og_site_name":"Iglesia Adventista del S\u00e9ptimo D\u00eda - Divisi\u00f3n Interamericana","article_published_time":"2021-04-16T15:00:21+00:00","article_modified_time":"2021-04-16T15:07:27+00:00","og_image":[{"width":1280,"height":800,"url":"https:\/\/interamerica.org\/wp-content\/uploads\/2021\/02\/untitled-design-8.jpg","type":"image\/jpeg"}],"author":"libna","twitter_card":"summary_large_image","twitter_misc":{"Escrito por":"libna","Tiempo de lectura":"3 minutos"},"schema":{"@context":"https:\/\/schema.org","@graph":[{"@type":"Article","@id":"https:\/\/interamerica.org\/es\/2021\/04\/iglesia-adventista-de-interamerica-celebrara-el-dia-de-los-ministerios-de-posibilidades-el-24-de-abril\/#article","isPartOf":{"@id":"https:\/\/interamerica.org\/es\/2021\/04\/iglesia-adventista-de-interamerica-celebrara-el-dia-de-los-ministerios-de-posibilidades-el-24-de-abril\/"},"author":{"name":"libna","@id":"https:\/\/interamerica.org\/es\/#\/schema\/person\/29998f2bc2d8bd0d38662909289b54f1"},"headline":"Iglesia Adventista de Interam\u00e9rica celebrar\u00e1 el D\u00eda de los Ministerios de Posibilidades el 24 de abril","datePublished":"2021-04-16T15:00:21+00:00","dateModified":"2021-04-16T15:07:27+00:00","mainEntityOfPage":{"@id":"https:\/\/interamerica.org\/es\/2021\/04\/iglesia-adventista-de-interamerica-celebrara-el-dia-de-los-ministerios-de-posibilidades-el-24-de-abril\/"},"wordCount":569,"image":{"@id":"https:\/\/interamerica.org\/es\/2021\/04\/iglesia-adventista-de-interamerica-celebrara-el-dia-de-los-ministerios-de-posibilidades-el-24-de-abril\/#primaryimage"},"thumbnailUrl":"https:\/\/interamerica.org\/wp-content\/uploads\/2021\/02\/untitled-design-8.jpg","articleSection":["Desde la sede","RSS Espa\u00f1ol"],"inLanguage":"es"},{"@type":"WebPage","@id":"https:\/\/interamerica.org\/es\/2021\/04\/iglesia-adventista-de-interamerica-celebrara-el-dia-de-los-ministerios-de-posibilidades-el-24-de-abril\/","url":"https:\/\/interamerica.org\/es\/2021\/04\/iglesia-adventista-de-interamerica-celebrara-el-dia-de-los-ministerios-de-posibilidades-el-24-de-abril\/","name":"Iglesia Adventista de Interam\u00e9rica celebrar\u00e1 el D\u00eda de los Ministerios de Posibilidades el 24 de abril - Iglesia Adventista del S\u00e9ptimo D\u00eda - Divisi\u00f3n Interamericana","isPartOf":{"@id":"https:\/\/interamerica.org\/es\/#website"},"primaryImageOfPage":{"@id":"https:\/\/interamerica.org\/es\/2021\/04\/iglesia-adventista-de-interamerica-celebrara-el-dia-de-los-ministerios-de-posibilidades-el-24-de-abril\/#primaryimage"},"image":{"@id":"https:\/\/interamerica.org\/es\/2021\/04\/iglesia-adventista-de-interamerica-celebrara-el-dia-de-los-ministerios-de-posibilidades-el-24-de-abril\/#primaryimage"},"thumbnailUrl":"https:\/\/interamerica.org\/wp-content\/uploads\/2021\/02\/untitled-design-8.jpg","datePublished":"2021-04-16T15:00:21+00:00","dateModified":"2021-04-16T15:07:27+00:00","author":{"@id":"https:\/\/interamerica.org\/es\/#\/schema\/person\/29998f2bc2d8bd0d38662909289b54f1"},"breadcrumb":{"@id":"https:\/\/interamerica.org\/es\/2021\/04\/iglesia-adventista-de-interamerica-celebrara-el-dia-de-los-ministerios-de-posibilidades-el-24-de-abril\/#breadcrumb"},"inLanguage":"es","potentialAction":[{"@type":"ReadAction","target":["https:\/\/interamerica.org\/es\/2021\/04\/iglesia-adventista-de-interamerica-celebrara-el-dia-de-los-ministerios-de-posibilidades-el-24-de-abril\/"]}]},{"@type":"ImageObject","inLanguage":"es","@id":"https:\/\/interamerica.org\/es\/2021\/04\/iglesia-adventista-de-interamerica-celebrara-el-dia-de-los-ministerios-de-posibilidades-el-24-de-abril\/#primaryimage","url":"https:\/\/interamerica.org\/wp-content\/uploads\/2021\/02\/untitled-design-8.jpg","contentUrl":"https:\/\/interamerica.org\/wp-content\/uploads\/2021\/02\/untitled-design-8.jpg","width":1280,"height":800,"caption":"[Imagen: Divisi\u00f3n Interamericana]"},{"@type":"BreadcrumbList","@id":"https:\/\/interamerica.org\/es\/2021\/04\/iglesia-adventista-de-interamerica-celebrara-el-dia-de-los-ministerios-de-posibilidades-el-24-de-abril\/#breadcrumb","itemListElement":[{"@type":"ListItem","position":1,"name":"Home","item":"https:\/\/interamerica.org\/es\/"},{"@type":"ListItem","position":2,"name":"Iglesia Adventista de Interam\u00e9rica celebrar\u00e1 el D\u00eda de los Ministerios de Posibilidades el 24 de abril"}]},{"@type":"WebSite","@id":"https:\/\/interamerica.org\/es\/#website","url":"https:\/\/interamerica.org\/es\/","name":"Iglesia Adventista del S\u00e9ptimo D\u00eda - Divisi\u00f3n Interamericana","description":"","potentialAction":[{"@type":"SearchAction","target":{"@type":"EntryPoint","urlTemplate":"https:\/\/interamerica.org\/es\/?s={search_term_string}"},"query-input":{"@type":"PropertyValueSpecification","valueRequired":true,"valueName":"search_term_string"}}],"inLanguage":"es"},{"@type":"Person","@id":"https:\/\/interamerica.org\/es\/#\/schema\/person\/29998f2bc2d8bd0d38662909289b54f1","name":"libna","image":{"@type":"ImageObject","inLanguage":"es","@id":"https:\/\/secure.gravatar.com\/avatar\/7c5bd30ae4b47a9ba3c856590957fd1d96dc588bf3ac05719d247e126840331f?s=96&d=mm&r=g","url":"https:\/\/secure.gravatar.com\/avatar\/7c5bd30ae4b47a9ba3c856590957fd1d96dc588bf3ac05719d247e126840331f?s=96&d=mm&r=g","contentUrl":"https:\/\/secure.gravatar.com\/avatar\/7c5bd30ae4b47a9ba3c856590957fd1d96dc588bf3ac05719d247e126840331f?s=96&d=mm&r=g","caption":"libna"}}]}},"_links":{"self":[{"href":"https:\/\/interamerica.org\/es\/wp-json\/wp\/v2\/posts\/70795","targetHints":{"allow":["GET"]}}],"collection":[{"href":"https:\/\/interamerica.org\/es\/wp-json\/wp\/v2\/posts"}],"about":[{"href":"https:\/\/interamerica.org\/es\/wp-json\/wp\/v2\/types\/post"}],"author":[{"embeddable":true,"href":"https:\/\/interamerica.org\/es\/wp-json\/wp\/v2\/users\/3"}],"replies":[{"embeddable":true,"href":"https:\/\/interamerica.org\/es\/wp-json\/wp\/v2\/comments?post=70795"}],"version-history":[{"count":0,"href":"https:\/\/interamerica.org\/es\/wp-json\/wp\/v2\/posts\/70795\/revisions"}],"wp:featuredmedia":[{"embeddable":true,"href":"https:\/\/interamerica.org\/es\/wp-json\/wp\/v2\/media\/69246"}],"wp:attachment":[{"href":"https:\/\/interamerica.org\/es\/wp-json\/wp\/v2\/media?parent=70795"}],"wp:term":[{"taxonomy":"category","embeddable":true,"href":"https:\/\/interamerica.org\/es\/wp-json\/wp\/v2\/categories?post=70795"},{"taxonomy":"post_tag","embeddable":true,"href":"https:\/\/interamerica.org\/es\/wp-json\/wp\/v2\/tags?post=70795"}],"curies":[{"name":"wp","href":"https:\/\/api.w.org\/{rel}","templated":true}]}}