{"id":70978,"date":"2021-04-21T18:47:45","date_gmt":"2021-04-21T22:47:45","guid":{"rendered":"https:\/\/recursing-golick.147-182-135-0.plesk.page\/?p=70978"},"modified":"2021-04-22T10:41:11","modified_gmt":"2021-04-22T14:41:11","slug":"como-vivir-bajo-un-volcan-en-erupcion","status":"publish","type":"post","link":"https:\/\/interamerica.org\/es\/2021\/04\/como-vivir-bajo-un-volcan-en-erupcion\/","title":{"rendered":"C\u00f3mo vivir bajo un volc\u00e1n en erupci\u00f3n"},"content":{"rendered":"<p><strong>Lo que las recientes erupciones de La Soufri\u00e8re me hicieron recordar acerca de nuestra jornada espiritual. <\/strong><\/p>\n<p>21 de abril de 2021 | San Vicente y las Granadinas | Por Mineva Glasgow, para <em>Adventist Review<\/em><\/p>\n<p>El 9 de abril, de 2021, la airada, llameante, rugiente y abrasadora bestia salvaje del volc\u00e1n La Soufri\u00e8re, despert\u00f3 violentamente despu\u00e9s de un sue\u00f1o m\u00e1s bien tranquilo a trav\u00e9s de los pasados 40 a\u00f1os. De pronto y casi sin advertencia, amenazantes y estruendosos truenos sobrecogieron mi hogar isle\u00f1o en San Vicente. Centellantes rel\u00e1mpagos envolvieron la atm\u00f3sfera, iluminando el cielo, mientras arroyos de abrasadora, ardiente, explosiva, mortal y t\u00f3xica magma del volc\u00e1n La Soufri\u00e8re, se precipitaban monta\u00f1a abajo. Como si esto no fuera poco, colosales columnas de embravecido humo gris, negro y anaranjado, se elevaron disparadas desde el cr\u00e1ter, cubriendo luego la isla de cenizas.<\/p>\n<p>Para aquellos demasiado j\u00f3venes para recordar 1979, las espectaculares nubes de ceniza en forma de hongo, despleg\u00e1ndose en el aire, eran todo un espect\u00e1culo. Pero para aquellos que entendieron las implicaciones, aquello se\u00f1alaba severos peligros de salud, p\u00e9rdidas econ\u00f3micas, destrucci\u00f3n de nuestro ecosistema y da\u00f1os en nuestras viviendas, infraestructura, agricultura, tierra y carreteras. M\u00e1s aun, la erupci\u00f3n en esta ocasi\u00f3n agrava cruelmente la ya de por s\u00ed terrible situaci\u00f3n por la actual pandemia mundial.<\/p>\n<p>Los riesgos econ\u00f3micos y de salud se complican y agravan por el desplazamiento de las personas que viven en los lados noreste y noroeste de la isla, en las inmediaciones del volc\u00e1n se\u00f1aladas como \u00a0zona \u201croja\u201d o de \u201cpeligro\u201d. A pesar de las preliminares advertencias dirigidas a las personas en esas zonas durante el estado eruptivo del volc\u00e1n, muchas personas no atendieron las advertencias de prepararse. Como consecuencia, el jueves 8 de abril, justamente un d\u00eda antes de la explosiva erupci\u00f3n, cuando se lanz\u00f3 la orden oficial de evacuaci\u00f3n, muchas personas se encontraban \u201cdurmiendo\u201d mientras eran forzadas a abandonar la comodidad de sus hogares a fin de buscar refugio en zonas m\u00e1s seguras. Una amiga m\u00eda en Chateubelair, un pueblo norte\u00f1o en las laderas del volc\u00e1n, me cont\u00f3 su historia:<\/p>\n<p>\u201cMe encontraba en la monta\u00f1a, atendiendo mis animales, cuando escuch\u00e9 truenos. Pensaba que iba a llover, pero cuando mir\u00e9 hacia arriba, inmediatamente vino a mi mente la experiencia de 1979. Me apresur\u00e9 a regresar al pueblo. Al llegar ah\u00ed, el lugar parec\u00eda un pueblo fantasma. Muchos de los residentes se hab\u00edan ya retirado la noche anterior en embarcaciones que el gobierno hab\u00eda enviado para evacuarnos. La gente saque\u00f3, rob\u00f3 nuestros animales y entr\u00f3 a nuestras casas. Yo decid\u00ed que eso no deber\u00eda pasarme nunca m\u00e1s a m\u00ed, as\u00ed que me qued\u00e9 por un tiempo. Afortunadamente para m\u00ed, fui capaz de abordar un autob\u00fas escolar que regres\u00f3 para \u00a0llevar a cualquier residente que hubiera quedado rezagado. Sub\u00ed al autob\u00fas con solamente una bolsa en mi mano, pero gracias a Dios, estoy viva para contar la historia. Dios es bueno\u201d.<\/p>\n<p>A pesar de su confianza en la bondad de nuestro Dios, me he quedado con una interrogante. Si te gustan las par\u00e1bolas, tal vez sepas a la que me refiero. Estoy pensando en una que Jes\u00fas cont\u00f3 acerca de 10 damas de honor. Todas las v\u00edrgenes sab\u00edan que ven\u00eda el esposo \u2014similarmente a los habitantes de San Vicente que sab\u00edan que La Soufri\u00e8re no iba a dormir por siempre. Sin embargo, algunos de nosotros, como algunas de esas damas de honor, est\u00e1bamos m\u00e1s preparados que otros al presentarse el drama real. Y aunque Dios es misericordioso y no desea que ninguno de nosotros se pierda la eternidad con \u00e9l, (<strong><a href=\"https:\/\/biblia.com\/bible\/nkjv\/2%20Pet%203.9\">2 Pedro 3:9<\/a>), no hay ninguna garant\u00eda de que vendr\u00e1n embarcaciones a recoger a los dejad<\/strong>os atr\u00e1s despu\u00e9s de que arribe Cristo, el Esposo, y el cortejo nupcial se aleje. No habr\u00e1 tales embarcaciones; o nos iremos con \u00e9l cuando venga, o nos quedaremos rezagados para siempre: \u201cPor lo tanto, mant\u00e9nganse despiertos, porque no saben qu\u00e9 d\u00eda vendr\u00e1 su Se\u00f1or\u201d (<a href=\"https:\/\/biblia.com\/bible\/nkjv\/Matt%2024.42\">Mateo 24:42<\/a>).<\/p>\n<p>Y ese consejo es una advertencia que no solamente tiene que ver con elecci\u00f3n del tiempo oportuno; tiene que ver tambi\u00e9n con actitud. Algunos de entre los poco m\u00e1s de 110,000 habitantes de mi pa\u00eds isle\u00f1o, viven en la \u201czona de peligro\u201d, llamada tambi\u00e9n \u201czona roja\u201d. Mi amiga de Chateaubelair se niega a mudarse, lo cual en gran manera pone en peligro su vida, siendo que no puede predecir en forma precisa los ritmos de la monta\u00f1a. Ser\u00eda muy bueno poder saber cu\u00e1ndo su reloj de tiempo va a tocar alarma la siguiente vez. Pero una actitud de atenci\u00f3n constante es mucho m\u00e1s \u00fatil.<\/p>\n<p>Y una verdad m\u00e1s en cuanto a poner nombre a las diferentes zonas. Si San Vicente tiene una \u201czona de peligro\u201d, \u00bfsignifica eso que tiene tambi\u00e9n \u201czonas se seguridad\u201d? Si las cenizas arrojadas por La Soufri\u00e8re caen d\u00eda y noche sobre Barbados, a unos 180 kil\u00f3metros de San Vicente, \u00bfen d\u00f3nde es \u201cseguro\u201d en San Vicente, en donde ninguna poblaci\u00f3n se encuentra a m\u00e1s de 32 kil\u00f3metros del volc\u00e1n? Y si Satan\u00e1s, el enemigo de Jes\u00fas y de nosotros, se describe a s\u00ed mismo como \u201crondando la tierra y recorri\u00e9ndola de un extremo al otro\u201d (<a href=\"https:\/\/biblia.com\/bible\/niv\/Job%201.7\">Job 1:7<\/a>), \u201cbuscando a qui\u00e9n devorar\u201d (<a href=\"https:\/\/biblia.com\/bible\/niv\/1%20Pet%205.8\">1 Pedro 5:8<\/a>); entonces, \u00bfqu\u00e9 tipo de personas debemos ser todos nosotros? Deber\u00edamos vivir \u201ccomo Dios manda, siguiendo una conducta intachable y esperando ansiosamente la venida del d\u00eda de Dios\u201d <a href=\"https:\/\/biblia.com\/bible\/nkjv\/2%20Pet%203.11\">2 Pedro 3:11<\/a>,\u00a0<a href=\"https:\/\/biblia.com\/bible\/nkjv\/2%20Peter%203.12\">12<\/a>) y anunciando su venida.<\/p>\n<p>Creo que el vivir bajo la amenaza de La Soufri\u00e8re me ha ense\u00f1ado algunas cosas.<\/p>\n<p><em>Mineva C. Glasgow, ex subdirectora de National Insurance Services, en San Vicente y las Granadinas, es autora y profesora universitaria adventista del s\u00e9ptimo d\u00eda, que ha prestado sus servicios a la iglesia tanto localmente, como en todo el Caribe. <\/em><\/p>\n<p>Traducci\u00f3n \u2013 Gloria A. Castrej\u00f3n<\/p>\n<h2 class=\"subhead\"><\/h2>\n","protected":false},"excerpt":{"rendered":"<p>Lo que las recientes erupciones de La Soufri\u00e8re me hicieron recordar acerca de nuestra jornada espiritual. 21 de abril de 2021 | San Vicente y las Granadinas | Por Mineva&#8230;<\/p>\n","protected":false},"author":3,"featured_media":70954,"comment_status":"closed","ping_status":"closed","sticky":false,"template":"","format":"standard","meta":{"_acf_changed":false,"footnotes":""},"categories":[14,15],"tags":[],"class_list":["post-70978","post","type-post","status-publish","format-standard","has-post-thumbnail","hentry","category-de-la-iglesia-mundial","category-rss-espanol"],"acf":[],"yoast_head":"<!-- This site is optimized with the Yoast SEO plugin v27.3 - https:\/\/yoast.com\/product\/yoast-seo-wordpress\/ -->\n<title>C\u00f3mo vivir bajo un volc\u00e1n en erupci\u00f3n - Iglesia Adventista del S\u00e9ptimo D\u00eda - Divisi\u00f3n Interamericana<\/title>\n<meta name=\"robots\" content=\"index, follow, max-snippet:-1, max-image-preview:large, max-video-preview:-1\" \/>\n<link rel=\"canonical\" href=\"https:\/\/interamerica.org\/es\/2021\/04\/como-vivir-bajo-un-volcan-en-erupcion\/\" \/>\n<meta property=\"og:locale\" content=\"es_ES\" \/>\n<meta property=\"og:type\" content=\"article\" \/>\n<meta property=\"og:title\" content=\"C\u00f3mo vivir bajo un volc\u00e1n en erupci\u00f3n - Iglesia Adventista del S\u00e9ptimo D\u00eda - Divisi\u00f3n Interamericana\" \/>\n<meta property=\"og:description\" content=\"Lo que las recientes erupciones de La Soufri\u00e8re me hicieron recordar acerca de nuestra jornada espiritual. 21 de abril de 2021 | San Vicente y las Granadinas | Por Mineva...\" \/>\n<meta property=\"og:url\" content=\"https:\/\/interamerica.org\/es\/2021\/04\/como-vivir-bajo-un-volcan-en-erupcion\/\" \/>\n<meta property=\"og:site_name\" content=\"Iglesia Adventista del S\u00e9ptimo D\u00eda - Divisi\u00f3n Interamericana\" \/>\n<meta property=\"article:published_time\" content=\"2021-04-21T22:47:45+00:00\" \/>\n<meta property=\"article:modified_time\" content=\"2021-04-22T14:41:11+00:00\" \/>\n<meta property=\"og:image\" content=\"https:\/\/interamerica.org\/wp-content\/uploads\/2021\/04\/lasoufriere-st-vincent-ruff-samuel.jpg\" \/>\n\t<meta property=\"og:image:width\" content=\"1280\" \/>\n\t<meta property=\"og:image:height\" content=\"800\" \/>\n\t<meta property=\"og:image:type\" content=\"image\/jpeg\" \/>\n<meta name=\"author\" content=\"libna\" \/>\n<meta name=\"twitter:card\" content=\"summary_large_image\" \/>\n<meta name=\"twitter:label1\" content=\"Escrito por\" \/>\n\t<meta name=\"twitter:data1\" content=\"libna\" \/>\n\t<meta name=\"twitter:label2\" content=\"Tiempo de lectura\" \/>\n\t<meta name=\"twitter:data2\" content=\"5 minutos\" \/>\n<script type=\"application\/ld+json\" class=\"yoast-schema-graph\">{\"@context\":\"https:\\\/\\\/schema.org\",\"@graph\":[{\"@type\":\"Article\",\"@id\":\"https:\\\/\\\/interamerica.org\\\/es\\\/2021\\\/04\\\/como-vivir-bajo-un-volcan-en-erupcion\\\/#article\",\"isPartOf\":{\"@id\":\"https:\\\/\\\/interamerica.org\\\/es\\\/2021\\\/04\\\/como-vivir-bajo-un-volcan-en-erupcion\\\/\"},\"author\":{\"name\":\"libna\",\"@id\":\"https:\\\/\\\/interamerica.org\\\/es\\\/#\\\/schema\\\/person\\\/29998f2bc2d8bd0d38662909289b54f1\"},\"headline\":\"C\u00f3mo vivir bajo un volc\u00e1n en erupci\u00f3n\",\"datePublished\":\"2021-04-21T22:47:45+00:00\",\"dateModified\":\"2021-04-22T14:41:11+00:00\",\"mainEntityOfPage\":{\"@id\":\"https:\\\/\\\/interamerica.org\\\/es\\\/2021\\\/04\\\/como-vivir-bajo-un-volcan-en-erupcion\\\/\"},\"wordCount\":1035,\"image\":{\"@id\":\"https:\\\/\\\/interamerica.org\\\/es\\\/2021\\\/04\\\/como-vivir-bajo-un-volcan-en-erupcion\\\/#primaryimage\"},\"thumbnailUrl\":\"https:\\\/\\\/interamerica.org\\\/wp-content\\\/uploads\\\/2021\\\/04\\\/lasoufriere-st-vincent-ruff-samuel.jpg\",\"articleSection\":[\"Desde la iglesia mundial\",\"RSS Espa\u00f1ol\"],\"inLanguage\":\"es\"},{\"@type\":\"WebPage\",\"@id\":\"https:\\\/\\\/interamerica.org\\\/es\\\/2021\\\/04\\\/como-vivir-bajo-un-volcan-en-erupcion\\\/\",\"url\":\"https:\\\/\\\/interamerica.org\\\/es\\\/2021\\\/04\\\/como-vivir-bajo-un-volcan-en-erupcion\\\/\",\"name\":\"C\u00f3mo vivir bajo un volc\u00e1n en erupci\u00f3n - Iglesia Adventista del S\u00e9ptimo D\u00eda - Divisi\u00f3n Interamericana\",\"isPartOf\":{\"@id\":\"https:\\\/\\\/interamerica.org\\\/es\\\/#website\"},\"primaryImageOfPage\":{\"@id\":\"https:\\\/\\\/interamerica.org\\\/es\\\/2021\\\/04\\\/como-vivir-bajo-un-volcan-en-erupcion\\\/#primaryimage\"},\"image\":{\"@id\":\"https:\\\/\\\/interamerica.org\\\/es\\\/2021\\\/04\\\/como-vivir-bajo-un-volcan-en-erupcion\\\/#primaryimage\"},\"thumbnailUrl\":\"https:\\\/\\\/interamerica.org\\\/wp-content\\\/uploads\\\/2021\\\/04\\\/lasoufriere-st-vincent-ruff-samuel.jpg\",\"datePublished\":\"2021-04-21T22:47:45+00:00\",\"dateModified\":\"2021-04-22T14:41:11+00:00\",\"author\":{\"@id\":\"https:\\\/\\\/interamerica.org\\\/es\\\/#\\\/schema\\\/person\\\/29998f2bc2d8bd0d38662909289b54f1\"},\"breadcrumb\":{\"@id\":\"https:\\\/\\\/interamerica.org\\\/es\\\/2021\\\/04\\\/como-vivir-bajo-un-volcan-en-erupcion\\\/#breadcrumb\"},\"inLanguage\":\"es\",\"potentialAction\":[{\"@type\":\"ReadAction\",\"target\":[\"https:\\\/\\\/interamerica.org\\\/es\\\/2021\\\/04\\\/como-vivir-bajo-un-volcan-en-erupcion\\\/\"]}]},{\"@type\":\"ImageObject\",\"inLanguage\":\"es\",\"@id\":\"https:\\\/\\\/interamerica.org\\\/es\\\/2021\\\/04\\\/como-vivir-bajo-un-volcan-en-erupcion\\\/#primaryimage\",\"url\":\"https:\\\/\\\/interamerica.org\\\/wp-content\\\/uploads\\\/2021\\\/04\\\/lasoufriere-st-vincent-ruff-samuel.jpg\",\"contentUrl\":\"https:\\\/\\\/interamerica.org\\\/wp-content\\\/uploads\\\/2021\\\/04\\\/lasoufriere-st-vincent-ruff-samuel.jpg\",\"width\":1280,\"height\":800,\"caption\":\"Erupci\u00f3n del volc\u00e1n La Soufri\u00e8re en San Vicente. [Imagen: Ruff Samuel]\"},{\"@type\":\"BreadcrumbList\",\"@id\":\"https:\\\/\\\/interamerica.org\\\/es\\\/2021\\\/04\\\/como-vivir-bajo-un-volcan-en-erupcion\\\/#breadcrumb\",\"itemListElement\":[{\"@type\":\"ListItem\",\"position\":1,\"name\":\"Home\",\"item\":\"https:\\\/\\\/interamerica.org\\\/es\\\/\"},{\"@type\":\"ListItem\",\"position\":2,\"name\":\"C\u00f3mo vivir bajo un volc\u00e1n en erupci\u00f3n\"}]},{\"@type\":\"WebSite\",\"@id\":\"https:\\\/\\\/interamerica.org\\\/es\\\/#website\",\"url\":\"https:\\\/\\\/interamerica.org\\\/es\\\/\",\"name\":\"Iglesia Adventista del S\u00e9ptimo D\u00eda - Divisi\u00f3n Interamericana\",\"description\":\"\",\"potentialAction\":[{\"@type\":\"SearchAction\",\"target\":{\"@type\":\"EntryPoint\",\"urlTemplate\":\"https:\\\/\\\/interamerica.org\\\/es\\\/?s={search_term_string}\"},\"query-input\":{\"@type\":\"PropertyValueSpecification\",\"valueRequired\":true,\"valueName\":\"search_term_string\"}}],\"inLanguage\":\"es\"},{\"@type\":\"Person\",\"@id\":\"https:\\\/\\\/interamerica.org\\\/es\\\/#\\\/schema\\\/person\\\/29998f2bc2d8bd0d38662909289b54f1\",\"name\":\"libna\",\"image\":{\"@type\":\"ImageObject\",\"inLanguage\":\"es\",\"@id\":\"https:\\\/\\\/secure.gravatar.com\\\/avatar\\\/7c5bd30ae4b47a9ba3c856590957fd1d96dc588bf3ac05719d247e126840331f?s=96&d=mm&r=g\",\"url\":\"https:\\\/\\\/secure.gravatar.com\\\/avatar\\\/7c5bd30ae4b47a9ba3c856590957fd1d96dc588bf3ac05719d247e126840331f?s=96&d=mm&r=g\",\"contentUrl\":\"https:\\\/\\\/secure.gravatar.com\\\/avatar\\\/7c5bd30ae4b47a9ba3c856590957fd1d96dc588bf3ac05719d247e126840331f?s=96&d=mm&r=g\",\"caption\":\"libna\"}}]}<\/script>\n<!-- \/ Yoast SEO plugin. -->","yoast_head_json":{"title":"C\u00f3mo vivir bajo un volc\u00e1n en erupci\u00f3n - Iglesia Adventista del S\u00e9ptimo D\u00eda - Divisi\u00f3n Interamericana","robots":{"index":"index","follow":"follow","max-snippet":"max-snippet:-1","max-image-preview":"max-image-preview:large","max-video-preview":"max-video-preview:-1"},"canonical":"https:\/\/interamerica.org\/es\/2021\/04\/como-vivir-bajo-un-volcan-en-erupcion\/","og_locale":"es_ES","og_type":"article","og_title":"C\u00f3mo vivir bajo un volc\u00e1n en erupci\u00f3n - Iglesia Adventista del S\u00e9ptimo D\u00eda - Divisi\u00f3n Interamericana","og_description":"Lo que las recientes erupciones de La Soufri\u00e8re me hicieron recordar acerca de nuestra jornada espiritual. 21 de abril de 2021 | San Vicente y las Granadinas | Por Mineva...","og_url":"https:\/\/interamerica.org\/es\/2021\/04\/como-vivir-bajo-un-volcan-en-erupcion\/","og_site_name":"Iglesia Adventista del S\u00e9ptimo D\u00eda - Divisi\u00f3n Interamericana","article_published_time":"2021-04-21T22:47:45+00:00","article_modified_time":"2021-04-22T14:41:11+00:00","og_image":[{"width":1280,"height":800,"url":"https:\/\/interamerica.org\/wp-content\/uploads\/2021\/04\/lasoufriere-st-vincent-ruff-samuel.jpg","type":"image\/jpeg"}],"author":"libna","twitter_card":"summary_large_image","twitter_misc":{"Escrito por":"libna","Tiempo de lectura":"5 minutos"},"schema":{"@context":"https:\/\/schema.org","@graph":[{"@type":"Article","@id":"https:\/\/interamerica.org\/es\/2021\/04\/como-vivir-bajo-un-volcan-en-erupcion\/#article","isPartOf":{"@id":"https:\/\/interamerica.org\/es\/2021\/04\/como-vivir-bajo-un-volcan-en-erupcion\/"},"author":{"name":"libna","@id":"https:\/\/interamerica.org\/es\/#\/schema\/person\/29998f2bc2d8bd0d38662909289b54f1"},"headline":"C\u00f3mo vivir bajo un volc\u00e1n en erupci\u00f3n","datePublished":"2021-04-21T22:47:45+00:00","dateModified":"2021-04-22T14:41:11+00:00","mainEntityOfPage":{"@id":"https:\/\/interamerica.org\/es\/2021\/04\/como-vivir-bajo-un-volcan-en-erupcion\/"},"wordCount":1035,"image":{"@id":"https:\/\/interamerica.org\/es\/2021\/04\/como-vivir-bajo-un-volcan-en-erupcion\/#primaryimage"},"thumbnailUrl":"https:\/\/interamerica.org\/wp-content\/uploads\/2021\/04\/lasoufriere-st-vincent-ruff-samuel.jpg","articleSection":["Desde la iglesia mundial","RSS Espa\u00f1ol"],"inLanguage":"es"},{"@type":"WebPage","@id":"https:\/\/interamerica.org\/es\/2021\/04\/como-vivir-bajo-un-volcan-en-erupcion\/","url":"https:\/\/interamerica.org\/es\/2021\/04\/como-vivir-bajo-un-volcan-en-erupcion\/","name":"C\u00f3mo vivir bajo un volc\u00e1n en erupci\u00f3n - Iglesia Adventista del S\u00e9ptimo D\u00eda - Divisi\u00f3n Interamericana","isPartOf":{"@id":"https:\/\/interamerica.org\/es\/#website"},"primaryImageOfPage":{"@id":"https:\/\/interamerica.org\/es\/2021\/04\/como-vivir-bajo-un-volcan-en-erupcion\/#primaryimage"},"image":{"@id":"https:\/\/interamerica.org\/es\/2021\/04\/como-vivir-bajo-un-volcan-en-erupcion\/#primaryimage"},"thumbnailUrl":"https:\/\/interamerica.org\/wp-content\/uploads\/2021\/04\/lasoufriere-st-vincent-ruff-samuel.jpg","datePublished":"2021-04-21T22:47:45+00:00","dateModified":"2021-04-22T14:41:11+00:00","author":{"@id":"https:\/\/interamerica.org\/es\/#\/schema\/person\/29998f2bc2d8bd0d38662909289b54f1"},"breadcrumb":{"@id":"https:\/\/interamerica.org\/es\/2021\/04\/como-vivir-bajo-un-volcan-en-erupcion\/#breadcrumb"},"inLanguage":"es","potentialAction":[{"@type":"ReadAction","target":["https:\/\/interamerica.org\/es\/2021\/04\/como-vivir-bajo-un-volcan-en-erupcion\/"]}]},{"@type":"ImageObject","inLanguage":"es","@id":"https:\/\/interamerica.org\/es\/2021\/04\/como-vivir-bajo-un-volcan-en-erupcion\/#primaryimage","url":"https:\/\/interamerica.org\/wp-content\/uploads\/2021\/04\/lasoufriere-st-vincent-ruff-samuel.jpg","contentUrl":"https:\/\/interamerica.org\/wp-content\/uploads\/2021\/04\/lasoufriere-st-vincent-ruff-samuel.jpg","width":1280,"height":800,"caption":"Erupci\u00f3n del volc\u00e1n La Soufri\u00e8re en San Vicente. [Imagen: Ruff Samuel]"},{"@type":"BreadcrumbList","@id":"https:\/\/interamerica.org\/es\/2021\/04\/como-vivir-bajo-un-volcan-en-erupcion\/#breadcrumb","itemListElement":[{"@type":"ListItem","position":1,"name":"Home","item":"https:\/\/interamerica.org\/es\/"},{"@type":"ListItem","position":2,"name":"C\u00f3mo vivir bajo un volc\u00e1n en erupci\u00f3n"}]},{"@type":"WebSite","@id":"https:\/\/interamerica.org\/es\/#website","url":"https:\/\/interamerica.org\/es\/","name":"Iglesia Adventista del S\u00e9ptimo D\u00eda - Divisi\u00f3n Interamericana","description":"","potentialAction":[{"@type":"SearchAction","target":{"@type":"EntryPoint","urlTemplate":"https:\/\/interamerica.org\/es\/?s={search_term_string}"},"query-input":{"@type":"PropertyValueSpecification","valueRequired":true,"valueName":"search_term_string"}}],"inLanguage":"es"},{"@type":"Person","@id":"https:\/\/interamerica.org\/es\/#\/schema\/person\/29998f2bc2d8bd0d38662909289b54f1","name":"libna","image":{"@type":"ImageObject","inLanguage":"es","@id":"https:\/\/secure.gravatar.com\/avatar\/7c5bd30ae4b47a9ba3c856590957fd1d96dc588bf3ac05719d247e126840331f?s=96&d=mm&r=g","url":"https:\/\/secure.gravatar.com\/avatar\/7c5bd30ae4b47a9ba3c856590957fd1d96dc588bf3ac05719d247e126840331f?s=96&d=mm&r=g","contentUrl":"https:\/\/secure.gravatar.com\/avatar\/7c5bd30ae4b47a9ba3c856590957fd1d96dc588bf3ac05719d247e126840331f?s=96&d=mm&r=g","caption":"libna"}}]}},"_links":{"self":[{"href":"https:\/\/interamerica.org\/es\/wp-json\/wp\/v2\/posts\/70978","targetHints":{"allow":["GET"]}}],"collection":[{"href":"https:\/\/interamerica.org\/es\/wp-json\/wp\/v2\/posts"}],"about":[{"href":"https:\/\/interamerica.org\/es\/wp-json\/wp\/v2\/types\/post"}],"author":[{"embeddable":true,"href":"https:\/\/interamerica.org\/es\/wp-json\/wp\/v2\/users\/3"}],"replies":[{"embeddable":true,"href":"https:\/\/interamerica.org\/es\/wp-json\/wp\/v2\/comments?post=70978"}],"version-history":[{"count":0,"href":"https:\/\/interamerica.org\/es\/wp-json\/wp\/v2\/posts\/70978\/revisions"}],"wp:featuredmedia":[{"embeddable":true,"href":"https:\/\/interamerica.org\/es\/wp-json\/wp\/v2\/media\/70954"}],"wp:attachment":[{"href":"https:\/\/interamerica.org\/es\/wp-json\/wp\/v2\/media?parent=70978"}],"wp:term":[{"taxonomy":"category","embeddable":true,"href":"https:\/\/interamerica.org\/es\/wp-json\/wp\/v2\/categories?post=70978"},{"taxonomy":"post_tag","embeddable":true,"href":"https:\/\/interamerica.org\/es\/wp-json\/wp\/v2\/tags?post=70978"}],"curies":[{"name":"wp","href":"https:\/\/api.w.org\/{rel}","templated":true}]}}