{"id":71034,"date":"2021-04-22T20:20:29","date_gmt":"2021-04-23T00:20:29","guid":{"rendered":"https:\/\/recursing-golick.147-182-135-0.plesk.page\/?p=71034"},"modified":"2021-04-22T20:34:47","modified_gmt":"2021-04-23T00:34:47","slug":"lideres-de-interamerica-se-preparan-para-las-juntas-de-mitad-de-ano-la-semana-que-viene","status":"publish","type":"post","link":"https:\/\/interamerica.org\/es\/2021\/04\/lideres-de-interamerica-se-preparan-para-las-juntas-de-mitad-de-ano-la-semana-que-viene\/","title":{"rendered":"L\u00edderes de Interam\u00e9rica se preparan para las juntas de mitad de a\u00f1o la semana que viene"},"content":{"rendered":"<p>22 de abril de 2021 | Miami, Florida, Estados Unidos | Libna Stevens, Noticias de la Divisi\u00f3n Interamericana<\/p>\n<p>Los principales l\u00edderes de la Iglesia Adventista del S\u00e9ptimo D\u00eda en la Divisi\u00f3n Interamericana (DIA) han estado participando de reuniones de orientaci\u00f3n esta semana, en preparaci\u00f3n para las juntas de mitad de a\u00f1o de la Junta Directiva de la Iglesia Adventista en la regi\u00f3n programadas del 26-29 de abril de 2021. Las reuniones en l\u00ednea congregar\u00e1n a m\u00e1s de 160 de los principales administradores de la iglesia, l\u00edderes de las instituciones y miembros laicos para votar las iniciativas, proyectos y eventos que fortalecer\u00e1n la direcci\u00f3n de la iglesia bajo la iniciativa misionera <a href=\"https:\/\/urldefense.proofpoint.com\/v2\/url?u=https-3A__www.interamerica.org_project_i-2Dwill-2Dgo-2Dstrategic-2Dplan-2D2020-2D2025_&amp;d=DwMFaQ&amp;c=tjPg1sbLxZ1bjgTYa5hhdw&amp;r=QRxhZ6zzWfakIxmZLcYU5ZN_w8zIA8rJMh2h-7AoibY&amp;m=bYsuArOTvGgCHxGxyL_nNXkI5lOxkn7zhX_tIpqTfgM&amp;s=FarSNA56CbM3eg6BQ0TlFimna2bg_gf36wgvtH0f_nA&amp;e=\" data-saferedirecturl=\"https:\/\/www.google.com\/url?q=https:\/\/urldefense.proofpoint.com\/v2\/url?u%3Dhttps-3A__www.interamerica.org_project_i-2Dwill-2Dgo-2Dstrategic-2Dplan-2D2020-2D2025_%26d%3DDwMFaQ%26c%3DtjPg1sbLxZ1bjgTYa5hhdw%26r%3DQRxhZ6zzWfakIxmZLcYU5ZN_w8zIA8rJMh2h-7AoibY%26m%3DbYsuArOTvGgCHxGxyL_nNXkI5lOxkn7zhX_tIpqTfgM%26s%3DFarSNA56CbM3eg6BQ0TlFimna2bg_gf36wgvtH0f_nA%26e%3D&amp;source=gmail&amp;ust=1619197106581000&amp;usg=AFQjCNHSj06ALH_YzW68jCgov5z_dysoGA\"><em>I Will Go<\/em><\/a> que busca alcanzar a m\u00e1s personas con el mensaje del evangelio.<\/p>\n<p>Los temas dominantes de la agenda incluir\u00e1n la elecci\u00f3n de directores de departamentos en la sede central de la Divisi\u00f3n Interamericana, administradores para las instituciones de la divisi\u00f3n, as\u00ed como la elecci\u00f3n de los principales directivos de trece uniones misiones para los pr\u00f3ximos cuatro a\u00f1os.<\/p>\n<p><div id=\"attachment_71016\" style=\"width: 804px\" class=\"wp-caption aligncenter\"><img fetchpriority=\"high\" decoding=\"async\" aria-describedby=\"caption-attachment-71016\" class=\"wp-image-71014\" src=\"https:\/\/recursing-golick.147-182-135-0.plesk.page\/wp-content\/uploads\/2021\/04\/elie-henry-apr21-1024x624.jpg\" alt=\"\" width=\"794\" height=\"484\" srcset=\"https:\/\/interamerica.org\/wp-content\/uploads\/2021\/04\/elie-henry-apr21-1024x624.jpg 1024w, https:\/\/interamerica.org\/wp-content\/uploads\/2021\/04\/elie-henry-apr21-300x183.jpg 300w, https:\/\/interamerica.org\/wp-content\/uploads\/2021\/04\/elie-henry-apr21-768x468.jpg 768w, https:\/\/interamerica.org\/wp-content\/uploads\/2021\/04\/elie-henry-apr21.jpg 1050w\" sizes=\"(max-width: 794px) 100vw, 794px\" \/><p id=\"caption-attachment-71016\" class=\"wp-caption-text\">El pastor Elie Henry, presidente de la Divisi\u00f3n Interamericana, habla a los directivos de las uniones e instituciones, durante una reuni\u00f3n en l\u00ednea de orientaci\u00f3n el pasado 21 de abril de 2021. [Fotograf\u00eda: captura de pantalla de la DIA]<\/p><\/div>\u201cLas reuniones de la pr\u00f3xima semana nos ver\u00e1n tomar muchos votos que ser\u00e1n claves para la Iglesia Adventista de Interam\u00e9rica\u201d, dijo el pastor Elie Henry, presidente de la Iglesia Adventista en la Divisi\u00f3n Interamericana. \u201cEste es un momento fundamental para que Dios nos gu\u00ede y nos permita avanzar de acuerdo con su voluntad, para que podamos cumplir el prop\u00f3sito que \u00e9l tiene para nosotros\u201d.<\/p>\n<p>Los l\u00edderes dedicaron tiempo a orar pidiendo orientaci\u00f3n espiritual, por los temas de la agenda y por los l\u00edderes y los miembros de la iglesia y familiares que se han enfermado o que han fallecido por el COVID-19.<\/p>\n<p>Los miembros de la junta directiva tambi\u00e9n recibieron informaci\u00f3n sobre el sistema de votaci\u00f3n en l\u00ednea y participaron de una revisi\u00f3n de las reuniones de la semana pr\u00f3xima.<\/p>\n<p>Una comisi\u00f3n especial de nombramientos presentar\u00e1 los nombres para la elecci\u00f3n de los directores de departamento de la Divisi\u00f3n Interamericana el pr\u00f3ximo 27 de abril, a lo que entonces le seguir\u00e1n los votos de parte de los miembros de la junta directiva.<\/p>\n<p><div id=\"attachment_71022\" style=\"width: 811px\" class=\"wp-caption aligncenter\"><img decoding=\"async\" aria-describedby=\"caption-attachment-71022\" class=\" wp-image-71020\" src=\"https:\/\/recursing-golick.147-182-135-0.plesk.page\/wp-content\/uploads\/2021\/04\/iad-leaders-praying-apr21-1024x579.jpg\" alt=\"\" width=\"801\" height=\"453\" srcset=\"https:\/\/interamerica.org\/wp-content\/uploads\/2021\/04\/iad-leaders-praying-apr21-1024x579.jpg 1024w, https:\/\/interamerica.org\/wp-content\/uploads\/2021\/04\/iad-leaders-praying-apr21-300x170.jpg 300w, https:\/\/interamerica.org\/wp-content\/uploads\/2021\/04\/iad-leaders-praying-apr21-768x434.jpg 768w, https:\/\/interamerica.org\/wp-content\/uploads\/2021\/04\/iad-leaders-praying-apr21.jpg 1100w\" sizes=\"(max-width: 801px) 100vw, 801px\" \/><p id=\"caption-attachment-71022\" class=\"wp-caption-text\">Los principales l\u00edderes de las 24 uniones e instituciones de Interam\u00e9rica oran durante un concilio administrativo que se llev\u00f3 a cabo el 21 de abril de 2021. [Fotograf\u00eda: captura de pantalla de la Divisi\u00f3n Interamericana]<\/p><\/div>La elecci\u00f3n de los directores de departamento y l\u00edderes regionales sigue a un <a href=\"https:\/\/urldefense.proofpoint.com\/v2\/url?u=https-3A__www.interamerica.org_2021_01_inter-2Damerican-2Dleadership-2Dto-2Delect-2Ddepartment-2Dheads-2Dand-2Dregional-2Dleaders_&amp;d=DwMFaQ&amp;c=tjPg1sbLxZ1bjgTYa5hhdw&amp;r=QRxhZ6zzWfakIxmZLcYU5ZN_w8zIA8rJMh2h-7AoibY&amp;m=bYsuArOTvGgCHxGxyL_nNXkI5lOxkn7zhX_tIpqTfgM&amp;s=zwylpIt7GaxMgR_oP3f5qFGGrIdOSD5PvJOhKxv5hl0&amp;e=\" data-saferedirecturl=\"https:\/\/www.google.com\/url?q=https:\/\/urldefense.proofpoint.com\/v2\/url?u%3Dhttps-3A__www.interamerica.org_2021_01_inter-2Damerican-2Dleadership-2Dto-2Delect-2Ddepartment-2Dheads-2Dand-2Dregional-2Dleaders_%26d%3DDwMFaQ%26c%3DtjPg1sbLxZ1bjgTYa5hhdw%26r%3DQRxhZ6zzWfakIxmZLcYU5ZN_w8zIA8rJMh2h-7AoibY%26m%3DbYsuArOTvGgCHxGxyL_nNXkI5lOxkn7zhX_tIpqTfgM%26s%3DzwylpIt7GaxMgR_oP3f5qFGGrIdOSD5PvJOhKxv5hl0%26e%3D&amp;source=gmail&amp;ust=1619197106582000&amp;usg=AFQjCNF-9bQDOjKckwYtYrJ8lGPv8jjA8A\">voto tomado por la Junta Directiva el pasado 26 de enero de 2021<\/a>, que ser\u00e1 llevado a cabo durante las sesiones de la Junta Directiva en las juntas de mitad de a\u00f1o de este mes. Los directores de departamento suelen ser elegidos durante cada Congreso de la Asociaci\u00f3n General, pero debido a la pandemia que llev\u00f3 a posponer el congreso de la Iglesia Adventista mundial para junio de 2022, se votaron planes de llevar adelante estos cambios.<\/p>\n<p>El 28 de abril le seguir\u00e1 la elecci\u00f3n de los administradores de las uniones misiones. Las juntas de las instituciones de la divisi\u00f3n designar\u00e1n a sus l\u00edderes administrativos a partir del 26 de abril y continuar\u00e1n durante toda la semana.<\/p>\n<p>Para saber m\u00e1s sobre la Iglesia Adventista del S\u00e9ptimo D\u00eda en la Divisi\u00f3n Interamericana y las pr\u00f3ximas sesiones de mitad de a\u00f1o de su Junta Directiva, ingrese a <a href=\"https:\/\/recursing-golick.147-182-135-0.plesk.page\/news\/\">interamerica.org<\/a><\/p>\n<p>Traducci\u00f3n de Marcos Paseggi<\/p>\n","protected":false},"excerpt":{"rendered":"<p>22 de abril de 2021 | Miami, Florida, Estados Unidos | Libna Stevens, Noticias de la Divisi\u00f3n Interamericana Los principales l\u00edderes de la Iglesia Adventista del S\u00e9ptimo D\u00eda en la&#8230;<\/p>\n","protected":false},"author":3,"featured_media":71016,"comment_status":"closed","ping_status":"closed","sticky":false,"template":"","format":"standard","meta":{"_acf_changed":false,"footnotes":""},"categories":[16,15],"tags":[],"class_list":["post-71034","post","type-post","status-publish","format-standard","has-post-thumbnail","hentry","category-desde-la-sede","category-rss-espanol"],"acf":[],"yoast_head":"<!-- This site is optimized with the Yoast SEO plugin v27.3 - https:\/\/yoast.com\/product\/yoast-seo-wordpress\/ -->\n<title>L\u00edderes de Interam\u00e9rica se preparan para las juntas de mitad de a\u00f1o la semana que viene - Iglesia Adventista del S\u00e9ptimo D\u00eda - Divisi\u00f3n Interamericana<\/title>\n<meta name=\"robots\" content=\"index, follow, max-snippet:-1, max-image-preview:large, max-video-preview:-1\" \/>\n<link rel=\"canonical\" href=\"https:\/\/interamerica.org\/es\/2021\/04\/lideres-de-interamerica-se-preparan-para-las-juntas-de-mitad-de-ano-la-semana-que-viene\/\" \/>\n<meta property=\"og:locale\" content=\"es_ES\" \/>\n<meta property=\"og:type\" content=\"article\" \/>\n<meta property=\"og:title\" content=\"L\u00edderes de Interam\u00e9rica se preparan para las juntas de mitad de a\u00f1o la semana que viene - Iglesia Adventista del S\u00e9ptimo D\u00eda - Divisi\u00f3n Interamericana\" \/>\n<meta property=\"og:description\" content=\"22 de abril de 2021 | Miami, Florida, Estados Unidos | Libna Stevens, Noticias de la Divisi\u00f3n Interamericana Los principales l\u00edderes de la Iglesia Adventista del S\u00e9ptimo D\u00eda en la...\" \/>\n<meta property=\"og:url\" content=\"https:\/\/interamerica.org\/es\/2021\/04\/lideres-de-interamerica-se-preparan-para-las-juntas-de-mitad-de-ano-la-semana-que-viene\/\" \/>\n<meta property=\"og:site_name\" content=\"Iglesia Adventista del S\u00e9ptimo D\u00eda - Divisi\u00f3n Interamericana\" \/>\n<meta property=\"article:published_time\" content=\"2021-04-23T00:20:29+00:00\" \/>\n<meta property=\"article:modified_time\" content=\"2021-04-23T00:34:47+00:00\" \/>\n<meta property=\"og:image\" content=\"https:\/\/interamerica.org\/wp-content\/uploads\/2021\/04\/elie-henry-apr21.jpg\" \/>\n\t<meta property=\"og:image:width\" content=\"1050\" \/>\n\t<meta property=\"og:image:height\" content=\"640\" \/>\n\t<meta property=\"og:image:type\" content=\"image\/jpeg\" \/>\n<meta name=\"author\" content=\"libna\" \/>\n<meta name=\"twitter:card\" content=\"summary_large_image\" \/>\n<meta name=\"twitter:label1\" content=\"Escrito por\" \/>\n\t<meta name=\"twitter:data1\" content=\"libna\" \/>\n\t<meta name=\"twitter:label2\" content=\"Tiempo de lectura\" \/>\n\t<meta name=\"twitter:data2\" content=\"3 minutos\" \/>\n<script type=\"application\/ld+json\" class=\"yoast-schema-graph\">{\"@context\":\"https:\\\/\\\/schema.org\",\"@graph\":[{\"@type\":\"Article\",\"@id\":\"https:\\\/\\\/interamerica.org\\\/es\\\/2021\\\/04\\\/lideres-de-interamerica-se-preparan-para-las-juntas-de-mitad-de-ano-la-semana-que-viene\\\/#article\",\"isPartOf\":{\"@id\":\"https:\\\/\\\/interamerica.org\\\/es\\\/2021\\\/04\\\/lideres-de-interamerica-se-preparan-para-las-juntas-de-mitad-de-ano-la-semana-que-viene\\\/\"},\"author\":{\"name\":\"libna\",\"@id\":\"https:\\\/\\\/interamerica.org\\\/es\\\/#\\\/schema\\\/person\\\/29998f2bc2d8bd0d38662909289b54f1\"},\"headline\":\"L\u00edderes de Interam\u00e9rica se preparan para las juntas de mitad de a\u00f1o la semana que viene\",\"datePublished\":\"2021-04-23T00:20:29+00:00\",\"dateModified\":\"2021-04-23T00:34:47+00:00\",\"mainEntityOfPage\":{\"@id\":\"https:\\\/\\\/interamerica.org\\\/es\\\/2021\\\/04\\\/lideres-de-interamerica-se-preparan-para-las-juntas-de-mitad-de-ano-la-semana-que-viene\\\/\"},\"wordCount\":664,\"image\":{\"@id\":\"https:\\\/\\\/interamerica.org\\\/es\\\/2021\\\/04\\\/lideres-de-interamerica-se-preparan-para-las-juntas-de-mitad-de-ano-la-semana-que-viene\\\/#primaryimage\"},\"thumbnailUrl\":\"https:\\\/\\\/interamerica.org\\\/wp-content\\\/uploads\\\/2021\\\/04\\\/elie-henry-apr21.jpg\",\"articleSection\":[\"Desde la sede\",\"RSS Espa\u00f1ol\"],\"inLanguage\":\"es\"},{\"@type\":\"WebPage\",\"@id\":\"https:\\\/\\\/interamerica.org\\\/es\\\/2021\\\/04\\\/lideres-de-interamerica-se-preparan-para-las-juntas-de-mitad-de-ano-la-semana-que-viene\\\/\",\"url\":\"https:\\\/\\\/interamerica.org\\\/es\\\/2021\\\/04\\\/lideres-de-interamerica-se-preparan-para-las-juntas-de-mitad-de-ano-la-semana-que-viene\\\/\",\"name\":\"L\u00edderes de Interam\u00e9rica se preparan para las juntas de mitad de a\u00f1o la semana que viene - Iglesia Adventista del S\u00e9ptimo D\u00eda - Divisi\u00f3n Interamericana\",\"isPartOf\":{\"@id\":\"https:\\\/\\\/interamerica.org\\\/es\\\/#website\"},\"primaryImageOfPage\":{\"@id\":\"https:\\\/\\\/interamerica.org\\\/es\\\/2021\\\/04\\\/lideres-de-interamerica-se-preparan-para-las-juntas-de-mitad-de-ano-la-semana-que-viene\\\/#primaryimage\"},\"image\":{\"@id\":\"https:\\\/\\\/interamerica.org\\\/es\\\/2021\\\/04\\\/lideres-de-interamerica-se-preparan-para-las-juntas-de-mitad-de-ano-la-semana-que-viene\\\/#primaryimage\"},\"thumbnailUrl\":\"https:\\\/\\\/interamerica.org\\\/wp-content\\\/uploads\\\/2021\\\/04\\\/elie-henry-apr21.jpg\",\"datePublished\":\"2021-04-23T00:20:29+00:00\",\"dateModified\":\"2021-04-23T00:34:47+00:00\",\"author\":{\"@id\":\"https:\\\/\\\/interamerica.org\\\/es\\\/#\\\/schema\\\/person\\\/29998f2bc2d8bd0d38662909289b54f1\"},\"breadcrumb\":{\"@id\":\"https:\\\/\\\/interamerica.org\\\/es\\\/2021\\\/04\\\/lideres-de-interamerica-se-preparan-para-las-juntas-de-mitad-de-ano-la-semana-que-viene\\\/#breadcrumb\"},\"inLanguage\":\"es\",\"potentialAction\":[{\"@type\":\"ReadAction\",\"target\":[\"https:\\\/\\\/interamerica.org\\\/es\\\/2021\\\/04\\\/lideres-de-interamerica-se-preparan-para-las-juntas-de-mitad-de-ano-la-semana-que-viene\\\/\"]}]},{\"@type\":\"ImageObject\",\"inLanguage\":\"es\",\"@id\":\"https:\\\/\\\/interamerica.org\\\/es\\\/2021\\\/04\\\/lideres-de-interamerica-se-preparan-para-las-juntas-de-mitad-de-ano-la-semana-que-viene\\\/#primaryimage\",\"url\":\"https:\\\/\\\/interamerica.org\\\/wp-content\\\/uploads\\\/2021\\\/04\\\/elie-henry-apr21.jpg\",\"contentUrl\":\"https:\\\/\\\/interamerica.org\\\/wp-content\\\/uploads\\\/2021\\\/04\\\/elie-henry-apr21.jpg\",\"width\":1050,\"height\":640},{\"@type\":\"BreadcrumbList\",\"@id\":\"https:\\\/\\\/interamerica.org\\\/es\\\/2021\\\/04\\\/lideres-de-interamerica-se-preparan-para-las-juntas-de-mitad-de-ano-la-semana-que-viene\\\/#breadcrumb\",\"itemListElement\":[{\"@type\":\"ListItem\",\"position\":1,\"name\":\"Home\",\"item\":\"https:\\\/\\\/interamerica.org\\\/es\\\/\"},{\"@type\":\"ListItem\",\"position\":2,\"name\":\"L\u00edderes de Interam\u00e9rica se preparan para las juntas de mitad de a\u00f1o la semana que viene\"}]},{\"@type\":\"WebSite\",\"@id\":\"https:\\\/\\\/interamerica.org\\\/es\\\/#website\",\"url\":\"https:\\\/\\\/interamerica.org\\\/es\\\/\",\"name\":\"Iglesia Adventista del S\u00e9ptimo D\u00eda - Divisi\u00f3n Interamericana\",\"description\":\"\",\"potentialAction\":[{\"@type\":\"SearchAction\",\"target\":{\"@type\":\"EntryPoint\",\"urlTemplate\":\"https:\\\/\\\/interamerica.org\\\/es\\\/?s={search_term_string}\"},\"query-input\":{\"@type\":\"PropertyValueSpecification\",\"valueRequired\":true,\"valueName\":\"search_term_string\"}}],\"inLanguage\":\"es\"},{\"@type\":\"Person\",\"@id\":\"https:\\\/\\\/interamerica.org\\\/es\\\/#\\\/schema\\\/person\\\/29998f2bc2d8bd0d38662909289b54f1\",\"name\":\"libna\",\"image\":{\"@type\":\"ImageObject\",\"inLanguage\":\"es\",\"@id\":\"https:\\\/\\\/secure.gravatar.com\\\/avatar\\\/7c5bd30ae4b47a9ba3c856590957fd1d96dc588bf3ac05719d247e126840331f?s=96&d=mm&r=g\",\"url\":\"https:\\\/\\\/secure.gravatar.com\\\/avatar\\\/7c5bd30ae4b47a9ba3c856590957fd1d96dc588bf3ac05719d247e126840331f?s=96&d=mm&r=g\",\"contentUrl\":\"https:\\\/\\\/secure.gravatar.com\\\/avatar\\\/7c5bd30ae4b47a9ba3c856590957fd1d96dc588bf3ac05719d247e126840331f?s=96&d=mm&r=g\",\"caption\":\"libna\"}}]}<\/script>\n<!-- \/ Yoast SEO plugin. -->","yoast_head_json":{"title":"L\u00edderes de Interam\u00e9rica se preparan para las juntas de mitad de a\u00f1o la semana que viene - Iglesia Adventista del S\u00e9ptimo D\u00eda - Divisi\u00f3n Interamericana","robots":{"index":"index","follow":"follow","max-snippet":"max-snippet:-1","max-image-preview":"max-image-preview:large","max-video-preview":"max-video-preview:-1"},"canonical":"https:\/\/interamerica.org\/es\/2021\/04\/lideres-de-interamerica-se-preparan-para-las-juntas-de-mitad-de-ano-la-semana-que-viene\/","og_locale":"es_ES","og_type":"article","og_title":"L\u00edderes de Interam\u00e9rica se preparan para las juntas de mitad de a\u00f1o la semana que viene - Iglesia Adventista del S\u00e9ptimo D\u00eda - Divisi\u00f3n Interamericana","og_description":"22 de abril de 2021 | Miami, Florida, Estados Unidos | Libna Stevens, Noticias de la Divisi\u00f3n Interamericana Los principales l\u00edderes de la Iglesia Adventista del S\u00e9ptimo D\u00eda en la...","og_url":"https:\/\/interamerica.org\/es\/2021\/04\/lideres-de-interamerica-se-preparan-para-las-juntas-de-mitad-de-ano-la-semana-que-viene\/","og_site_name":"Iglesia Adventista del S\u00e9ptimo D\u00eda - Divisi\u00f3n Interamericana","article_published_time":"2021-04-23T00:20:29+00:00","article_modified_time":"2021-04-23T00:34:47+00:00","og_image":[{"width":1050,"height":640,"url":"https:\/\/interamerica.org\/wp-content\/uploads\/2021\/04\/elie-henry-apr21.jpg","type":"image\/jpeg"}],"author":"libna","twitter_card":"summary_large_image","twitter_misc":{"Escrito por":"libna","Tiempo de lectura":"3 minutos"},"schema":{"@context":"https:\/\/schema.org","@graph":[{"@type":"Article","@id":"https:\/\/interamerica.org\/es\/2021\/04\/lideres-de-interamerica-se-preparan-para-las-juntas-de-mitad-de-ano-la-semana-que-viene\/#article","isPartOf":{"@id":"https:\/\/interamerica.org\/es\/2021\/04\/lideres-de-interamerica-se-preparan-para-las-juntas-de-mitad-de-ano-la-semana-que-viene\/"},"author":{"name":"libna","@id":"https:\/\/interamerica.org\/es\/#\/schema\/person\/29998f2bc2d8bd0d38662909289b54f1"},"headline":"L\u00edderes de Interam\u00e9rica se preparan para las juntas de mitad de a\u00f1o la semana que viene","datePublished":"2021-04-23T00:20:29+00:00","dateModified":"2021-04-23T00:34:47+00:00","mainEntityOfPage":{"@id":"https:\/\/interamerica.org\/es\/2021\/04\/lideres-de-interamerica-se-preparan-para-las-juntas-de-mitad-de-ano-la-semana-que-viene\/"},"wordCount":664,"image":{"@id":"https:\/\/interamerica.org\/es\/2021\/04\/lideres-de-interamerica-se-preparan-para-las-juntas-de-mitad-de-ano-la-semana-que-viene\/#primaryimage"},"thumbnailUrl":"https:\/\/interamerica.org\/wp-content\/uploads\/2021\/04\/elie-henry-apr21.jpg","articleSection":["Desde la sede","RSS Espa\u00f1ol"],"inLanguage":"es"},{"@type":"WebPage","@id":"https:\/\/interamerica.org\/es\/2021\/04\/lideres-de-interamerica-se-preparan-para-las-juntas-de-mitad-de-ano-la-semana-que-viene\/","url":"https:\/\/interamerica.org\/es\/2021\/04\/lideres-de-interamerica-se-preparan-para-las-juntas-de-mitad-de-ano-la-semana-que-viene\/","name":"L\u00edderes de Interam\u00e9rica se preparan para las juntas de mitad de a\u00f1o la semana que viene - Iglesia Adventista del S\u00e9ptimo D\u00eda - Divisi\u00f3n Interamericana","isPartOf":{"@id":"https:\/\/interamerica.org\/es\/#website"},"primaryImageOfPage":{"@id":"https:\/\/interamerica.org\/es\/2021\/04\/lideres-de-interamerica-se-preparan-para-las-juntas-de-mitad-de-ano-la-semana-que-viene\/#primaryimage"},"image":{"@id":"https:\/\/interamerica.org\/es\/2021\/04\/lideres-de-interamerica-se-preparan-para-las-juntas-de-mitad-de-ano-la-semana-que-viene\/#primaryimage"},"thumbnailUrl":"https:\/\/interamerica.org\/wp-content\/uploads\/2021\/04\/elie-henry-apr21.jpg","datePublished":"2021-04-23T00:20:29+00:00","dateModified":"2021-04-23T00:34:47+00:00","author":{"@id":"https:\/\/interamerica.org\/es\/#\/schema\/person\/29998f2bc2d8bd0d38662909289b54f1"},"breadcrumb":{"@id":"https:\/\/interamerica.org\/es\/2021\/04\/lideres-de-interamerica-se-preparan-para-las-juntas-de-mitad-de-ano-la-semana-que-viene\/#breadcrumb"},"inLanguage":"es","potentialAction":[{"@type":"ReadAction","target":["https:\/\/interamerica.org\/es\/2021\/04\/lideres-de-interamerica-se-preparan-para-las-juntas-de-mitad-de-ano-la-semana-que-viene\/"]}]},{"@type":"ImageObject","inLanguage":"es","@id":"https:\/\/interamerica.org\/es\/2021\/04\/lideres-de-interamerica-se-preparan-para-las-juntas-de-mitad-de-ano-la-semana-que-viene\/#primaryimage","url":"https:\/\/interamerica.org\/wp-content\/uploads\/2021\/04\/elie-henry-apr21.jpg","contentUrl":"https:\/\/interamerica.org\/wp-content\/uploads\/2021\/04\/elie-henry-apr21.jpg","width":1050,"height":640},{"@type":"BreadcrumbList","@id":"https:\/\/interamerica.org\/es\/2021\/04\/lideres-de-interamerica-se-preparan-para-las-juntas-de-mitad-de-ano-la-semana-que-viene\/#breadcrumb","itemListElement":[{"@type":"ListItem","position":1,"name":"Home","item":"https:\/\/interamerica.org\/es\/"},{"@type":"ListItem","position":2,"name":"L\u00edderes de Interam\u00e9rica se preparan para las juntas de mitad de a\u00f1o la semana que viene"}]},{"@type":"WebSite","@id":"https:\/\/interamerica.org\/es\/#website","url":"https:\/\/interamerica.org\/es\/","name":"Iglesia Adventista del S\u00e9ptimo D\u00eda - Divisi\u00f3n Interamericana","description":"","potentialAction":[{"@type":"SearchAction","target":{"@type":"EntryPoint","urlTemplate":"https:\/\/interamerica.org\/es\/?s={search_term_string}"},"query-input":{"@type":"PropertyValueSpecification","valueRequired":true,"valueName":"search_term_string"}}],"inLanguage":"es"},{"@type":"Person","@id":"https:\/\/interamerica.org\/es\/#\/schema\/person\/29998f2bc2d8bd0d38662909289b54f1","name":"libna","image":{"@type":"ImageObject","inLanguage":"es","@id":"https:\/\/secure.gravatar.com\/avatar\/7c5bd30ae4b47a9ba3c856590957fd1d96dc588bf3ac05719d247e126840331f?s=96&d=mm&r=g","url":"https:\/\/secure.gravatar.com\/avatar\/7c5bd30ae4b47a9ba3c856590957fd1d96dc588bf3ac05719d247e126840331f?s=96&d=mm&r=g","contentUrl":"https:\/\/secure.gravatar.com\/avatar\/7c5bd30ae4b47a9ba3c856590957fd1d96dc588bf3ac05719d247e126840331f?s=96&d=mm&r=g","caption":"libna"}}]}},"_links":{"self":[{"href":"https:\/\/interamerica.org\/es\/wp-json\/wp\/v2\/posts\/71034","targetHints":{"allow":["GET"]}}],"collection":[{"href":"https:\/\/interamerica.org\/es\/wp-json\/wp\/v2\/posts"}],"about":[{"href":"https:\/\/interamerica.org\/es\/wp-json\/wp\/v2\/types\/post"}],"author":[{"embeddable":true,"href":"https:\/\/interamerica.org\/es\/wp-json\/wp\/v2\/users\/3"}],"replies":[{"embeddable":true,"href":"https:\/\/interamerica.org\/es\/wp-json\/wp\/v2\/comments?post=71034"}],"version-history":[{"count":0,"href":"https:\/\/interamerica.org\/es\/wp-json\/wp\/v2\/posts\/71034\/revisions"}],"wp:featuredmedia":[{"embeddable":true,"href":"https:\/\/interamerica.org\/es\/wp-json\/wp\/v2\/media\/71016"}],"wp:attachment":[{"href":"https:\/\/interamerica.org\/es\/wp-json\/wp\/v2\/media?parent=71034"}],"wp:term":[{"taxonomy":"category","embeddable":true,"href":"https:\/\/interamerica.org\/es\/wp-json\/wp\/v2\/categories?post=71034"},{"taxonomy":"post_tag","embeddable":true,"href":"https:\/\/interamerica.org\/es\/wp-json\/wp\/v2\/tags?post=71034"}],"curies":[{"name":"wp","href":"https:\/\/api.w.org\/{rel}","templated":true}]}}