{"id":71053,"date":"2021-04-22T10:37:52","date_gmt":"2021-04-22T14:37:52","guid":{"rendered":"https:\/\/recursing-golick.147-182-135-0.plesk.page\/?p=71053"},"modified":"2021-04-23T08:53:55","modified_gmt":"2021-04-23T12:53:55","slug":"su-elevada-vocacion-y-fe-personal-son-fuentes-de-resiliencia-para-enfermeras-haitianas-en-un-ambiente-desafiante-dice-un-estudio","status":"publish","type":"post","link":"https:\/\/interamerica.org\/es\/2021\/04\/su-elevada-vocacion-y-fe-personal-son-fuentes-de-resiliencia-para-enfermeras-haitianas-en-un-ambiente-desafiante-dice-un-estudio\/","title":{"rendered":"Su elevada vocaci\u00f3n y fe personal son fuentes de resiliencia para enfermeras haitianas en un ambiente desafiante, dice un estudio"},"content":{"rendered":"<p>22 de abril de 2021 | Loma Linda, California, Estados Unidos | Por Lisa Aubry<\/p>\n<p>Un equipo de la facultad y un estudiante PhD en la <a href=\"https:\/\/nursing.llu.edu\/\">Escuela de Enfermer\u00eda de la Universidad Loma Linda<\/a>,\u00a0descubrieron en qu\u00e9 forma las enfermeras que trabajan en Hait\u00ed logran conservar su resiliencia y manifiestan dedicaci\u00f3n ejemplar hacia el paciente en medio de dif\u00edciles condiciones de trabajo. Las enfermeras haitianas ven la enfermer\u00eda como algo m\u00e1s que un trabajo; lo ven m\u00e1s bien como un \u201cllamado divino\u201d que les proporciona un profundo y arraigado sentido de prop\u00f3sito. La Journal of Christian Nursing (Revista de enfermer\u00eda cristiana) public\u00f3 el <a href=\"https:\/\/journals.lww.com\/journalofchristiannursing\/Fulltext\/2021\/04000\/Dedication_in_a_Difficult_Context__Faith_Based.10.aspx\">estudio<\/a>: \u00a0\u201cDedicaci\u00f3n en un Contexto Dif\u00edcil: Enfermer\u00eda de Base Religiosa en Hait\u00ed\u201d, a principios de este mes.<\/p>\n<p>\u201cSe ven a s\u00ed mismas como misioneras de servicio en favor de sus conciudadanos y comunidad\u201d, dijo la autora principal,\u00a0<a href=\"http:\/\/www.llu.edu\/pages\/faculty\/directory\/faculty.html?uid=lroberts&amp;eid=1a54009\">Lisa Roberts, DrPH, MSN, RN<\/a>, profesora y directora de investigaci\u00f3n en la Escuela de Enfermer\u00eda de LLU. \u201cSiento que esa es precisamente la base de su resiliencia\u201d.<\/p>\n<p>&nbsp;<\/p>\n<p><div id=\"attachment_70983\" style=\"width: 812px\" class=\"wp-caption aligncenter\"><img fetchpriority=\"high\" decoding=\"async\" aria-describedby=\"caption-attachment-70983\" class=\" wp-image-70983\" src=\"https:\/\/recursing-golick.147-182-135-0.plesk.page\/wp-content\/uploads\/2021\/04\/haiti-hospital-llu-piece.jpg\" alt=\"\" width=\"802\" height=\"501\" srcset=\"https:\/\/interamerica.org\/wp-content\/uploads\/2021\/04\/haiti-hospital-llu-piece.jpg 1000w, https:\/\/interamerica.org\/wp-content\/uploads\/2021\/04\/haiti-hospital-llu-piece-300x188.jpg 300w, https:\/\/interamerica.org\/wp-content\/uploads\/2021\/04\/haiti-hospital-llu-piece-768x480.jpg 768w\" sizes=\"(max-width: 802px) 100vw, 802px\" \/><p id=\"caption-attachment-70983\" class=\"wp-caption-text\">Uno de los hospitales en Hait\u00ed a donde los investigadores de la Escuela de Enfermer\u00eda de LLU viajaron para llevar a cabo su recientemente publicada investigaci\u00f3n. [Imagen: Loma Linda University Health]<\/p><\/div>El estudio hizo destacar la esperanza, actitud positiva y el apoyo mutuo de las enfermeras, como caracter\u00edsticas de resiliencia y mecanismo de afrontamiento al enfrentar diariamente persistentes estresores. Muchas expresaron deseos de crecimiento personal, ambiciones profesionales y el valor de la atenci\u00f3n centrada en el paciente.<\/p>\n<p>Y sin embargo, casi cada factor contribuyente al agotamiento y la fatiga existe en ese ambiente de trabajo de las enfermeras. Hait\u00ed es el pa\u00eds m\u00e1s pobre del hemisferio occidental y; debido a su situaci\u00f3n geogr\u00e1fica en el Mar Caribe, es el quinto m\u00e1s propenso a una serie de desastres naturales; tales como tormentas, inundaciones, terremotos y devastadoras secuelas de los mismos, en forma de brotes de infecci\u00f3n, e infecciones de heridas y de la piel.<\/p>\n<p>Tales desaf\u00edos, \u00fanicos en Hait\u00ed, implican m\u00e1s luchas comunes que las experimentadas en otras instituciones y pa\u00edses, incluyendo disparidad econ\u00f3mica y de acceso a servicios de salud, bajos salarios, atenci\u00f3n requerida a pacientes con grandes necesidades, juntamente con escasez y mala distribuci\u00f3n de enfermeras.<\/p>\n<p>Al interesarse en describir las actitudes de las enfermeras haitianas y sus respuestas a tales desaf\u00edos, los investigadores de LLU llevaron a cabo una serie de entrevistas con 17 enfermeras empleadas en dos hospitales de afiliaci\u00f3n religiosa. Los entrevistadores reconocieron varios estresores tales como largos turnos de trabajo, agotamiento, largos recorridos para llegar al trabajo, laborar en trabajos extra, horarios irregulares, inseguridad respecto a alimentaci\u00f3n, dolor emocional, fala de autonom\u00eda y falta de respeto por parte de otros proveedores de atenci\u00f3n a la salud.<\/p>\n<p>\u201cLas circunstancias en las que trabajan son tremendamente dif\u00edciles; y las enfermeras est\u00e1n muy conscientes de esos desaf\u00edos\u201d, dijo la profesora Roberts. \u201cObservamos que hab\u00eda convergencia entre el prop\u00f3sito personal de las enfermeras y los valores y enfoque en la misi\u00f3n de la organizaci\u00f3n religiosa en la que trabajaban, lo cual les permit\u00eda alzarse por encima de las dificultades hasta donde era posible\u201d.<\/p>\n<p>No obstante, las enfermeras perseveran, ligando estrechamente su fe a su profesi\u00f3n. Y acompa\u00f1aron sus respuestas de expresiones de orgullo profesional, considerando la enfermer\u00eda como un deber \u00e9tico o un llamado divino:<\/p>\n<ul>\n<li>\u201cBueno, siendo que hiciste un voto, debes respetar ese voto y cumplir siempre con tu deber\u201d.<\/li>\n<li>\u201cAtiende con amor y con todo lo que has aprendido; hazlo bien\u201d.<\/li>\n<li>\u201cCuando prestamos un servicio, no lo hacemos para nosotros mismos, lo hacemos directamente para Dios\u201d.<\/li>\n<li>\u201cEs una labor que es noble porque podemos ayudar a salvar la vida de alguien\u201d.<\/li>\n<\/ul>\n<p>El analizar las entrevistas con las enfermeras haitianas les dio a los investigadores de LLU una mejor comprensi\u00f3n de c\u00f3mo las enfermeras que trabajan en contextos dif\u00edciles manifiestan formas de afrontamiento y resiliencia. Dijo la directora Roberts que espera que estos hallazgos puedan guiar a futuras recomendaciones e intervenciones que podr\u00edan aplicarse a enfermeras en otros pa\u00edses y organizaciones que experimentan desaf\u00edos similares.<\/p>\n<p>\u201cMuchas de las dificultades que enfrentan sirven como base com\u00fan entre sitios y enfermeras en diferentes partes del mundo\u201d, dijo. \u201cEspero que el subrayar la dedicaci\u00f3n de estas enfermeras sea de inspiraci\u00f3n para otras que se encuentran tambi\u00e9n en circunstancias dif\u00edciles\u201d.<\/p>\n<p>La versi\u00f3n original de esta historia se public\u00f3 en <a href=\"https:\/\/news.llu.edu\/research\/higher-calling-personal-faith-serve-sources-of-resilience-for-haitian-nurses-challenging-environment-study-says\">Sitio de noticias de Loma Linda University Health <\/a><\/p>\n<p>Traducci\u00f3n \u2013 Gloria A. Castrej\u00f3n<\/p>\n<p>&nbsp;<\/p>\n<p>&nbsp;<\/p>\n","protected":false},"excerpt":{"rendered":"<p>22 de abril de 2021 | Loma Linda, California, Estados Unidos | Por Lisa Aubry Un equipo de la facultad y un estudiante PhD en la Escuela de Enfermer\u00eda de&#8230;<\/p>\n","protected":false},"author":3,"featured_media":70996,"comment_status":"closed","ping_status":"closed","sticky":false,"template":"","format":"standard","meta":{"_acf_changed":false,"footnotes":""},"categories":[14,15],"tags":[],"class_list":["post-71053","post","type-post","status-publish","format-standard","has-post-thumbnail","hentry","category-de-la-iglesia-mundial","category-rss-espanol"],"acf":[],"yoast_head":"<!-- This site is optimized with the Yoast SEO plugin v27.3 - https:\/\/yoast.com\/product\/yoast-seo-wordpress\/ -->\n<title>Su elevada vocaci\u00f3n y fe personal son fuentes de resiliencia para enfermeras haitianas en un ambiente desafiante, dice un estudio - Iglesia Adventista del S\u00e9ptimo D\u00eda - Divisi\u00f3n Interamericana<\/title>\n<meta name=\"robots\" content=\"index, follow, max-snippet:-1, max-image-preview:large, max-video-preview:-1\" \/>\n<link rel=\"canonical\" href=\"https:\/\/interamerica.org\/es\/2021\/04\/su-elevada-vocacion-y-fe-personal-son-fuentes-de-resiliencia-para-enfermeras-haitianas-en-un-ambiente-desafiante-dice-un-estudio\/\" \/>\n<meta property=\"og:locale\" content=\"es_ES\" \/>\n<meta property=\"og:type\" content=\"article\" \/>\n<meta property=\"og:title\" content=\"Su elevada vocaci\u00f3n y fe personal son fuentes de resiliencia para enfermeras haitianas en un ambiente desafiante, dice un estudio - Iglesia Adventista del S\u00e9ptimo D\u00eda - Divisi\u00f3n Interamericana\" \/>\n<meta property=\"og:description\" content=\"22 de abril de 2021 | Loma Linda, California, Estados Unidos | Por Lisa Aubry Un equipo de la facultad y un estudiante PhD en la Escuela de Enfermer\u00eda de...\" \/>\n<meta property=\"og:url\" content=\"https:\/\/interamerica.org\/es\/2021\/04\/su-elevada-vocacion-y-fe-personal-son-fuentes-de-resiliencia-para-enfermeras-haitianas-en-un-ambiente-desafiante-dice-un-estudio\/\" \/>\n<meta property=\"og:site_name\" content=\"Iglesia Adventista del S\u00e9ptimo D\u00eda - Divisi\u00f3n Interamericana\" \/>\n<meta property=\"article:published_time\" content=\"2021-04-22T14:37:52+00:00\" \/>\n<meta property=\"article:modified_time\" content=\"2021-04-23T12:53:55+00:00\" \/>\n<meta property=\"og:image\" content=\"https:\/\/interamerica.org\/wp-content\/uploads\/2021\/04\/hush-naidoo-pa0uoltkwao-unsplash-rev.jpg\" \/>\n\t<meta property=\"og:image:width\" content=\"1280\" \/>\n\t<meta property=\"og:image:height\" content=\"800\" \/>\n\t<meta property=\"og:image:type\" content=\"image\/jpeg\" \/>\n<meta name=\"author\" content=\"libna\" \/>\n<meta name=\"twitter:card\" content=\"summary_large_image\" \/>\n<meta name=\"twitter:label1\" content=\"Escrito por\" \/>\n\t<meta name=\"twitter:data1\" content=\"libna\" \/>\n\t<meta name=\"twitter:label2\" content=\"Tiempo de lectura\" \/>\n\t<meta name=\"twitter:data2\" content=\"4 minutos\" \/>\n<script type=\"application\/ld+json\" class=\"yoast-schema-graph\">{\"@context\":\"https:\\\/\\\/schema.org\",\"@graph\":[{\"@type\":\"Article\",\"@id\":\"https:\\\/\\\/interamerica.org\\\/es\\\/2021\\\/04\\\/su-elevada-vocacion-y-fe-personal-son-fuentes-de-resiliencia-para-enfermeras-haitianas-en-un-ambiente-desafiante-dice-un-estudio\\\/#article\",\"isPartOf\":{\"@id\":\"https:\\\/\\\/interamerica.org\\\/es\\\/2021\\\/04\\\/su-elevada-vocacion-y-fe-personal-son-fuentes-de-resiliencia-para-enfermeras-haitianas-en-un-ambiente-desafiante-dice-un-estudio\\\/\"},\"author\":{\"name\":\"libna\",\"@id\":\"https:\\\/\\\/interamerica.org\\\/es\\\/#\\\/schema\\\/person\\\/29998f2bc2d8bd0d38662909289b54f1\"},\"headline\":\"Su elevada vocaci\u00f3n y fe personal son fuentes de resiliencia para enfermeras haitianas en un ambiente desafiante, dice un estudio\",\"datePublished\":\"2021-04-22T14:37:52+00:00\",\"dateModified\":\"2021-04-23T12:53:55+00:00\",\"mainEntityOfPage\":{\"@id\":\"https:\\\/\\\/interamerica.org\\\/es\\\/2021\\\/04\\\/su-elevada-vocacion-y-fe-personal-son-fuentes-de-resiliencia-para-enfermeras-haitianas-en-un-ambiente-desafiante-dice-un-estudio\\\/\"},\"wordCount\":811,\"image\":{\"@id\":\"https:\\\/\\\/interamerica.org\\\/es\\\/2021\\\/04\\\/su-elevada-vocacion-y-fe-personal-son-fuentes-de-resiliencia-para-enfermeras-haitianas-en-un-ambiente-desafiante-dice-un-estudio\\\/#primaryimage\"},\"thumbnailUrl\":\"https:\\\/\\\/interamerica.org\\\/wp-content\\\/uploads\\\/2021\\\/04\\\/hush-naidoo-pa0uoltkwao-unsplash-rev.jpg\",\"articleSection\":[\"Desde la iglesia mundial\",\"RSS Espa\u00f1ol\"],\"inLanguage\":\"es\"},{\"@type\":\"WebPage\",\"@id\":\"https:\\\/\\\/interamerica.org\\\/es\\\/2021\\\/04\\\/su-elevada-vocacion-y-fe-personal-son-fuentes-de-resiliencia-para-enfermeras-haitianas-en-un-ambiente-desafiante-dice-un-estudio\\\/\",\"url\":\"https:\\\/\\\/interamerica.org\\\/es\\\/2021\\\/04\\\/su-elevada-vocacion-y-fe-personal-son-fuentes-de-resiliencia-para-enfermeras-haitianas-en-un-ambiente-desafiante-dice-un-estudio\\\/\",\"name\":\"Su elevada vocaci\u00f3n y fe personal son fuentes de resiliencia para enfermeras haitianas en un ambiente desafiante, dice un estudio - Iglesia Adventista del S\u00e9ptimo D\u00eda - Divisi\u00f3n Interamericana\",\"isPartOf\":{\"@id\":\"https:\\\/\\\/interamerica.org\\\/es\\\/#website\"},\"primaryImageOfPage\":{\"@id\":\"https:\\\/\\\/interamerica.org\\\/es\\\/2021\\\/04\\\/su-elevada-vocacion-y-fe-personal-son-fuentes-de-resiliencia-para-enfermeras-haitianas-en-un-ambiente-desafiante-dice-un-estudio\\\/#primaryimage\"},\"image\":{\"@id\":\"https:\\\/\\\/interamerica.org\\\/es\\\/2021\\\/04\\\/su-elevada-vocacion-y-fe-personal-son-fuentes-de-resiliencia-para-enfermeras-haitianas-en-un-ambiente-desafiante-dice-un-estudio\\\/#primaryimage\"},\"thumbnailUrl\":\"https:\\\/\\\/interamerica.org\\\/wp-content\\\/uploads\\\/2021\\\/04\\\/hush-naidoo-pa0uoltkwao-unsplash-rev.jpg\",\"datePublished\":\"2021-04-22T14:37:52+00:00\",\"dateModified\":\"2021-04-23T12:53:55+00:00\",\"author\":{\"@id\":\"https:\\\/\\\/interamerica.org\\\/es\\\/#\\\/schema\\\/person\\\/29998f2bc2d8bd0d38662909289b54f1\"},\"breadcrumb\":{\"@id\":\"https:\\\/\\\/interamerica.org\\\/es\\\/2021\\\/04\\\/su-elevada-vocacion-y-fe-personal-son-fuentes-de-resiliencia-para-enfermeras-haitianas-en-un-ambiente-desafiante-dice-un-estudio\\\/#breadcrumb\"},\"inLanguage\":\"es\",\"potentialAction\":[{\"@type\":\"ReadAction\",\"target\":[\"https:\\\/\\\/interamerica.org\\\/es\\\/2021\\\/04\\\/su-elevada-vocacion-y-fe-personal-son-fuentes-de-resiliencia-para-enfermeras-haitianas-en-un-ambiente-desafiante-dice-un-estudio\\\/\"]}]},{\"@type\":\"ImageObject\",\"inLanguage\":\"es\",\"@id\":\"https:\\\/\\\/interamerica.org\\\/es\\\/2021\\\/04\\\/su-elevada-vocacion-y-fe-personal-son-fuentes-de-resiliencia-para-enfermeras-haitianas-en-un-ambiente-desafiante-dice-un-estudio\\\/#primaryimage\",\"url\":\"https:\\\/\\\/interamerica.org\\\/wp-content\\\/uploads\\\/2021\\\/04\\\/hush-naidoo-pa0uoltkwao-unsplash-rev.jpg\",\"contentUrl\":\"https:\\\/\\\/interamerica.org\\\/wp-content\\\/uploads\\\/2021\\\/04\\\/hush-naidoo-pa0uoltkwao-unsplash-rev.jpg\",\"width\":1280,\"height\":800,\"caption\":\"[Imagen: Hush Naidoo \\\/ Unsplash]\"},{\"@type\":\"BreadcrumbList\",\"@id\":\"https:\\\/\\\/interamerica.org\\\/es\\\/2021\\\/04\\\/su-elevada-vocacion-y-fe-personal-son-fuentes-de-resiliencia-para-enfermeras-haitianas-en-un-ambiente-desafiante-dice-un-estudio\\\/#breadcrumb\",\"itemListElement\":[{\"@type\":\"ListItem\",\"position\":1,\"name\":\"Home\",\"item\":\"https:\\\/\\\/interamerica.org\\\/es\\\/\"},{\"@type\":\"ListItem\",\"position\":2,\"name\":\"Su elevada vocaci\u00f3n y fe personal son fuentes de resiliencia para enfermeras haitianas en un ambiente desafiante, dice un estudio\"}]},{\"@type\":\"WebSite\",\"@id\":\"https:\\\/\\\/interamerica.org\\\/es\\\/#website\",\"url\":\"https:\\\/\\\/interamerica.org\\\/es\\\/\",\"name\":\"Iglesia Adventista del S\u00e9ptimo D\u00eda - Divisi\u00f3n Interamericana\",\"description\":\"\",\"potentialAction\":[{\"@type\":\"SearchAction\",\"target\":{\"@type\":\"EntryPoint\",\"urlTemplate\":\"https:\\\/\\\/interamerica.org\\\/es\\\/?s={search_term_string}\"},\"query-input\":{\"@type\":\"PropertyValueSpecification\",\"valueRequired\":true,\"valueName\":\"search_term_string\"}}],\"inLanguage\":\"es\"},{\"@type\":\"Person\",\"@id\":\"https:\\\/\\\/interamerica.org\\\/es\\\/#\\\/schema\\\/person\\\/29998f2bc2d8bd0d38662909289b54f1\",\"name\":\"libna\",\"image\":{\"@type\":\"ImageObject\",\"inLanguage\":\"es\",\"@id\":\"https:\\\/\\\/secure.gravatar.com\\\/avatar\\\/7c5bd30ae4b47a9ba3c856590957fd1d96dc588bf3ac05719d247e126840331f?s=96&d=mm&r=g\",\"url\":\"https:\\\/\\\/secure.gravatar.com\\\/avatar\\\/7c5bd30ae4b47a9ba3c856590957fd1d96dc588bf3ac05719d247e126840331f?s=96&d=mm&r=g\",\"contentUrl\":\"https:\\\/\\\/secure.gravatar.com\\\/avatar\\\/7c5bd30ae4b47a9ba3c856590957fd1d96dc588bf3ac05719d247e126840331f?s=96&d=mm&r=g\",\"caption\":\"libna\"}}]}<\/script>\n<!-- \/ Yoast SEO plugin. -->","yoast_head_json":{"title":"Su elevada vocaci\u00f3n y fe personal son fuentes de resiliencia para enfermeras haitianas en un ambiente desafiante, dice un estudio - Iglesia Adventista del S\u00e9ptimo D\u00eda - Divisi\u00f3n Interamericana","robots":{"index":"index","follow":"follow","max-snippet":"max-snippet:-1","max-image-preview":"max-image-preview:large","max-video-preview":"max-video-preview:-1"},"canonical":"https:\/\/interamerica.org\/es\/2021\/04\/su-elevada-vocacion-y-fe-personal-son-fuentes-de-resiliencia-para-enfermeras-haitianas-en-un-ambiente-desafiante-dice-un-estudio\/","og_locale":"es_ES","og_type":"article","og_title":"Su elevada vocaci\u00f3n y fe personal son fuentes de resiliencia para enfermeras haitianas en un ambiente desafiante, dice un estudio - Iglesia Adventista del S\u00e9ptimo D\u00eda - Divisi\u00f3n Interamericana","og_description":"22 de abril de 2021 | Loma Linda, California, Estados Unidos | Por Lisa Aubry Un equipo de la facultad y un estudiante PhD en la Escuela de Enfermer\u00eda de...","og_url":"https:\/\/interamerica.org\/es\/2021\/04\/su-elevada-vocacion-y-fe-personal-son-fuentes-de-resiliencia-para-enfermeras-haitianas-en-un-ambiente-desafiante-dice-un-estudio\/","og_site_name":"Iglesia Adventista del S\u00e9ptimo D\u00eda - Divisi\u00f3n Interamericana","article_published_time":"2021-04-22T14:37:52+00:00","article_modified_time":"2021-04-23T12:53:55+00:00","og_image":[{"width":1280,"height":800,"url":"https:\/\/interamerica.org\/wp-content\/uploads\/2021\/04\/hush-naidoo-pa0uoltkwao-unsplash-rev.jpg","type":"image\/jpeg"}],"author":"libna","twitter_card":"summary_large_image","twitter_misc":{"Escrito por":"libna","Tiempo de lectura":"4 minutos"},"schema":{"@context":"https:\/\/schema.org","@graph":[{"@type":"Article","@id":"https:\/\/interamerica.org\/es\/2021\/04\/su-elevada-vocacion-y-fe-personal-son-fuentes-de-resiliencia-para-enfermeras-haitianas-en-un-ambiente-desafiante-dice-un-estudio\/#article","isPartOf":{"@id":"https:\/\/interamerica.org\/es\/2021\/04\/su-elevada-vocacion-y-fe-personal-son-fuentes-de-resiliencia-para-enfermeras-haitianas-en-un-ambiente-desafiante-dice-un-estudio\/"},"author":{"name":"libna","@id":"https:\/\/interamerica.org\/es\/#\/schema\/person\/29998f2bc2d8bd0d38662909289b54f1"},"headline":"Su elevada vocaci\u00f3n y fe personal son fuentes de resiliencia para enfermeras haitianas en un ambiente desafiante, dice un estudio","datePublished":"2021-04-22T14:37:52+00:00","dateModified":"2021-04-23T12:53:55+00:00","mainEntityOfPage":{"@id":"https:\/\/interamerica.org\/es\/2021\/04\/su-elevada-vocacion-y-fe-personal-son-fuentes-de-resiliencia-para-enfermeras-haitianas-en-un-ambiente-desafiante-dice-un-estudio\/"},"wordCount":811,"image":{"@id":"https:\/\/interamerica.org\/es\/2021\/04\/su-elevada-vocacion-y-fe-personal-son-fuentes-de-resiliencia-para-enfermeras-haitianas-en-un-ambiente-desafiante-dice-un-estudio\/#primaryimage"},"thumbnailUrl":"https:\/\/interamerica.org\/wp-content\/uploads\/2021\/04\/hush-naidoo-pa0uoltkwao-unsplash-rev.jpg","articleSection":["Desde la iglesia mundial","RSS Espa\u00f1ol"],"inLanguage":"es"},{"@type":"WebPage","@id":"https:\/\/interamerica.org\/es\/2021\/04\/su-elevada-vocacion-y-fe-personal-son-fuentes-de-resiliencia-para-enfermeras-haitianas-en-un-ambiente-desafiante-dice-un-estudio\/","url":"https:\/\/interamerica.org\/es\/2021\/04\/su-elevada-vocacion-y-fe-personal-son-fuentes-de-resiliencia-para-enfermeras-haitianas-en-un-ambiente-desafiante-dice-un-estudio\/","name":"Su elevada vocaci\u00f3n y fe personal son fuentes de resiliencia para enfermeras haitianas en un ambiente desafiante, dice un estudio - Iglesia Adventista del S\u00e9ptimo D\u00eda - Divisi\u00f3n Interamericana","isPartOf":{"@id":"https:\/\/interamerica.org\/es\/#website"},"primaryImageOfPage":{"@id":"https:\/\/interamerica.org\/es\/2021\/04\/su-elevada-vocacion-y-fe-personal-son-fuentes-de-resiliencia-para-enfermeras-haitianas-en-un-ambiente-desafiante-dice-un-estudio\/#primaryimage"},"image":{"@id":"https:\/\/interamerica.org\/es\/2021\/04\/su-elevada-vocacion-y-fe-personal-son-fuentes-de-resiliencia-para-enfermeras-haitianas-en-un-ambiente-desafiante-dice-un-estudio\/#primaryimage"},"thumbnailUrl":"https:\/\/interamerica.org\/wp-content\/uploads\/2021\/04\/hush-naidoo-pa0uoltkwao-unsplash-rev.jpg","datePublished":"2021-04-22T14:37:52+00:00","dateModified":"2021-04-23T12:53:55+00:00","author":{"@id":"https:\/\/interamerica.org\/es\/#\/schema\/person\/29998f2bc2d8bd0d38662909289b54f1"},"breadcrumb":{"@id":"https:\/\/interamerica.org\/es\/2021\/04\/su-elevada-vocacion-y-fe-personal-son-fuentes-de-resiliencia-para-enfermeras-haitianas-en-un-ambiente-desafiante-dice-un-estudio\/#breadcrumb"},"inLanguage":"es","potentialAction":[{"@type":"ReadAction","target":["https:\/\/interamerica.org\/es\/2021\/04\/su-elevada-vocacion-y-fe-personal-son-fuentes-de-resiliencia-para-enfermeras-haitianas-en-un-ambiente-desafiante-dice-un-estudio\/"]}]},{"@type":"ImageObject","inLanguage":"es","@id":"https:\/\/interamerica.org\/es\/2021\/04\/su-elevada-vocacion-y-fe-personal-son-fuentes-de-resiliencia-para-enfermeras-haitianas-en-un-ambiente-desafiante-dice-un-estudio\/#primaryimage","url":"https:\/\/interamerica.org\/wp-content\/uploads\/2021\/04\/hush-naidoo-pa0uoltkwao-unsplash-rev.jpg","contentUrl":"https:\/\/interamerica.org\/wp-content\/uploads\/2021\/04\/hush-naidoo-pa0uoltkwao-unsplash-rev.jpg","width":1280,"height":800,"caption":"[Imagen: Hush Naidoo \/ Unsplash]"},{"@type":"BreadcrumbList","@id":"https:\/\/interamerica.org\/es\/2021\/04\/su-elevada-vocacion-y-fe-personal-son-fuentes-de-resiliencia-para-enfermeras-haitianas-en-un-ambiente-desafiante-dice-un-estudio\/#breadcrumb","itemListElement":[{"@type":"ListItem","position":1,"name":"Home","item":"https:\/\/interamerica.org\/es\/"},{"@type":"ListItem","position":2,"name":"Su elevada vocaci\u00f3n y fe personal son fuentes de resiliencia para enfermeras haitianas en un ambiente desafiante, dice un estudio"}]},{"@type":"WebSite","@id":"https:\/\/interamerica.org\/es\/#website","url":"https:\/\/interamerica.org\/es\/","name":"Iglesia Adventista del S\u00e9ptimo D\u00eda - Divisi\u00f3n Interamericana","description":"","potentialAction":[{"@type":"SearchAction","target":{"@type":"EntryPoint","urlTemplate":"https:\/\/interamerica.org\/es\/?s={search_term_string}"},"query-input":{"@type":"PropertyValueSpecification","valueRequired":true,"valueName":"search_term_string"}}],"inLanguage":"es"},{"@type":"Person","@id":"https:\/\/interamerica.org\/es\/#\/schema\/person\/29998f2bc2d8bd0d38662909289b54f1","name":"libna","image":{"@type":"ImageObject","inLanguage":"es","@id":"https:\/\/secure.gravatar.com\/avatar\/7c5bd30ae4b47a9ba3c856590957fd1d96dc588bf3ac05719d247e126840331f?s=96&d=mm&r=g","url":"https:\/\/secure.gravatar.com\/avatar\/7c5bd30ae4b47a9ba3c856590957fd1d96dc588bf3ac05719d247e126840331f?s=96&d=mm&r=g","contentUrl":"https:\/\/secure.gravatar.com\/avatar\/7c5bd30ae4b47a9ba3c856590957fd1d96dc588bf3ac05719d247e126840331f?s=96&d=mm&r=g","caption":"libna"}}]}},"_links":{"self":[{"href":"https:\/\/interamerica.org\/es\/wp-json\/wp\/v2\/posts\/71053","targetHints":{"allow":["GET"]}}],"collection":[{"href":"https:\/\/interamerica.org\/es\/wp-json\/wp\/v2\/posts"}],"about":[{"href":"https:\/\/interamerica.org\/es\/wp-json\/wp\/v2\/types\/post"}],"author":[{"embeddable":true,"href":"https:\/\/interamerica.org\/es\/wp-json\/wp\/v2\/users\/3"}],"replies":[{"embeddable":true,"href":"https:\/\/interamerica.org\/es\/wp-json\/wp\/v2\/comments?post=71053"}],"version-history":[{"count":0,"href":"https:\/\/interamerica.org\/es\/wp-json\/wp\/v2\/posts\/71053\/revisions"}],"wp:featuredmedia":[{"embeddable":true,"href":"https:\/\/interamerica.org\/es\/wp-json\/wp\/v2\/media\/70996"}],"wp:attachment":[{"href":"https:\/\/interamerica.org\/es\/wp-json\/wp\/v2\/media?parent=71053"}],"wp:term":[{"taxonomy":"category","embeddable":true,"href":"https:\/\/interamerica.org\/es\/wp-json\/wp\/v2\/categories?post=71053"},{"taxonomy":"post_tag","embeddable":true,"href":"https:\/\/interamerica.org\/es\/wp-json\/wp\/v2\/tags?post=71053"}],"curies":[{"name":"wp","href":"https:\/\/api.w.org\/{rel}","templated":true}]}}