{"id":71144,"date":"2021-04-26T22:58:06","date_gmt":"2021-04-27T02:58:06","guid":{"rendered":"https:\/\/recursing-golick.147-182-135-0.plesk.page\/?p=71144"},"modified":"2021-04-29T17:22:42","modified_gmt":"2021-04-29T21:22:42","slug":"juntas-institucionales-de-interamerica-presentan-sus-reportes-sobre-crecimiento-y-planes-de-desarrollo","status":"publish","type":"post","link":"https:\/\/interamerica.org\/es\/2021\/04\/juntas-institucionales-de-interamerica-presentan-sus-reportes-sobre-crecimiento-y-planes-de-desarrollo\/","title":{"rendered":"Juntas Institucionales de Interam\u00e9rica presentan sus reportes sobre crecimiento y planes de desarrollo"},"content":{"rendered":"<p>26 de abril de 2021 | Miami, Florida, Estados Unidos | Libna Stevens, Noticias de la Divisi\u00f3n Interamericana<\/p>\n<p>Administradores de varias juntas institucionales de la Divisi\u00f3n Interamericana reportaron sobre crecimiento, desaf\u00edos y su estabilidad financiera durante los \u00faltimos cinco a\u00f1os, en momentos en que decenas de miembros de las juntas de la Iglesia Adventista del S\u00e9ptimo D\u00eda en el territorio se reunieron para sesiones en l\u00ednea en el d\u00eda de la fecha. Los miembros de la junta tambi\u00e9n eligieron administradores que prestar\u00e1n servicios en el pr\u00f3ximo per\u00edodo de cinco a\u00f1os.<\/p>\n<p><strong>Asociaci\u00f3n Publicadora Interamericana<\/strong><\/p>\n<p>La Asociaci\u00f3n Publicadora Interamericana (IADPA), una de las dos casas editoras administradas por la Divisi\u00f3n Interamericana, report\u00f3 que a pesar de la pandemia que llev\u00f3 a cerrar las librer\u00edas por m\u00e1s de seis meses durante 2020, las ventas superaron los 11,3 millones de d\u00f3lares. No se compar\u00f3 con el a\u00f1o excepcional de ventas en 2019, con 13,5 millones de d\u00f3lares, pero el Se\u00f1or bendijo a la casa publicadora en abundancia en sus 88 librer\u00edas y 167 empleados, dijo Sa\u00fal Ortiz, presidente de IADPA.<\/p>\n<p><div id=\"attachment_71120\" style=\"width: 838px\" class=\"wp-caption aligncenter\"><img fetchpriority=\"high\" decoding=\"async\" aria-describedby=\"caption-attachment-71120\" class=\" wp-image-71118\" src=\"https:\/\/recursing-golick.147-182-135-0.plesk.page\/wp-content\/uploads\/2021\/04\/saul-ortiz-iadpa-board-2021-1024x585.jpg\" alt=\"\" width=\"828\" height=\"473\" srcset=\"https:\/\/interamerica.org\/wp-content\/uploads\/2021\/04\/saul-ortiz-iadpa-board-2021-1024x585.jpg 1024w, https:\/\/interamerica.org\/wp-content\/uploads\/2021\/04\/saul-ortiz-iadpa-board-2021-300x171.jpg 300w, https:\/\/interamerica.org\/wp-content\/uploads\/2021\/04\/saul-ortiz-iadpa-board-2021-768x439.jpg 768w, https:\/\/interamerica.org\/wp-content\/uploads\/2021\/04\/saul-ortiz-iadpa-board-2021.jpg 1050w\" sizes=\"(max-width: 828px) 100vw, 828px\" \/><p id=\"caption-attachment-71120\" class=\"wp-caption-text\">Sa\u00fal Ortiz, presidente de IADPA, informa que la casa publicadora termin\u00f3 el a\u00f1o 2020 sin deudas, aun a pesar de los desaf\u00edos producidos por la pandemia. [Fotograf\u00eda: Captura de pantalla de la DIA]<\/p><\/div>\u201cAgradecemos a Dios porque ninguno de nuestros empleados fue despedido o tuvo que tomarse licencia sin goce de sueldo, ni se perdieron salarios\u201d, dijo Ortiz. IADPA efectu\u00f3 una transici\u00f3n a congresos y sesiones de capacitaci\u00f3n en l\u00ednea e increment\u00f3 descuentos en las librer\u00edas y en especial a los colportores, a\u00f1adi\u00f3. La casa publicadora increment\u00f3 su distribuci\u00f3n de libros para ministerios de la mujer, libros de discipulado por medio de ministerios personales, libros para la asociaci\u00f3n ministerial y contenidos adicionales del evangelista Alejandro Bull\u00f3n, por medio de su revista misionera Prioridades, entre otros libros.<\/p>\n<p>\u201cAun en medio de la crisis, Dios nos ha ayudado hasta el momento, y alabamos a Dios porque no terminamos el a\u00f1o [2020] con deudas\u201d, a\u00f1adi\u00f3 Ortiz.<\/p>\n<p>Los l\u00edderes de IADPA reportaron que durante la pandemia el a\u00f1o pasado se distribuyeron m\u00e1s de 29 mil libros de Elena G. White, una de las fundadoras de la Iglesia Adventista del S\u00e9ptimo D\u00eda.<\/p>\n<p>Entre 2016 y 2020 se distribuyeron 16,8 millones de libros misioneros en el territorio de la Divisi\u00f3n Interamericana, inform\u00f3 Ortiz. Los l\u00edderes financieros tambi\u00e9n reportaron sobre las contribuciones de diezmos y ofrendas a la iglesia en los \u00faltimos cinco a\u00f1os, y el progreso de los libros de texto y el \u00e9xito de las librer\u00edas y los pr\u00f3ximos proyectos de publicaci\u00f3n de libros, entre otros.<\/p>\n<p><div id=\"attachment_71124\" style=\"width: 888px\" class=\"wp-caption aligncenter\"><img decoding=\"async\" aria-describedby=\"caption-attachment-71124\" class=\" wp-image-71122\" src=\"https:\/\/recursing-golick.147-182-135-0.plesk.page\/wp-content\/uploads\/2021\/04\/iadpa-board-prayer-1024x584.jpg\" alt=\"\" width=\"878\" height=\"501\" srcset=\"https:\/\/interamerica.org\/wp-content\/uploads\/2021\/04\/iadpa-board-prayer-1024x584.jpg 1024w, https:\/\/interamerica.org\/wp-content\/uploads\/2021\/04\/iadpa-board-prayer-300x171.jpg 300w, https:\/\/interamerica.org\/wp-content\/uploads\/2021\/04\/iadpa-board-prayer-768x438.jpg 768w, https:\/\/interamerica.org\/wp-content\/uploads\/2021\/04\/iadpa-board-prayer.jpg 1050w\" sizes=\"(max-width: 878px) 100vw, 878px\" \/><p id=\"caption-attachment-71124\" class=\"wp-caption-text\">Los miembros de la junta y los l\u00edderes de IADPA en Interam\u00e9rica oran pidiendo las bendiciones de Dios durante 2020 al final de la reuni\u00f3n. [Fotograf\u00eda: Captura de pantalla de la DIA]<\/p><\/div>Los miembros de la junta de IADPA eligieron a Sa\u00fal Ortiz como presidente de la organizaci\u00f3n para otro per\u00edodo, hasta 2025. Ortiz se convirti\u00f3 en presidente en 2018 despu\u00e9s de ser vicepresidente de asuntos financieros entre 2013 y 2018. Tambi\u00e9n elegidos para otro per\u00edodo durante la sesi\u00f3n de la junta del d\u00eda de la fecha resultaron Daniel Medina como vicepresidente de producci\u00f3n, Mois\u00e9 Javier como vicepresidente financiero, Ana Rodr\u00edguez como vicepresidenta de comercializaci\u00f3n y ventas, Neysa L\u00f3pez, vicepresidenta asociada de finanzas, y Cristhel C\u00e1rcamo, vicepresidenta asociada de comercializaci\u00f3n y ventas.<\/p>\n<p>\u201cIADPA es parte de la iglesia; pertenece a la iglesia, por lo que continuaremos en la misi\u00f3n durante este nuevo per\u00edodo de servicio\u201d, dijo Ortiz.<\/p>\n<p>El pastor Elie Henry, presidente de la Divisi\u00f3n Interamericana, quien tambi\u00e9n preside la junta de IADPA, celebr\u00f3 la obra de la casa editora, su compromiso con la misi\u00f3n aun en medio de los desaf\u00edos actuales. \u201cAlabamos a Dios por la s\u00f3lida visi\u00f3n que IADPA ha llevado a cabo en el pasado y por el claro camino hacia un futuro de \u00e9xito para los prop\u00f3sitos de Dios\u201d, dijo el pastor Henry.<\/p>\n<p><strong>Universidad de Montemorelos <\/strong><\/p>\n<p>Los principales directivos de la Universidad de Montemorelos, ubicada en Nuevo Le\u00f3n, en la regi\u00f3n Mexicana del Norte, comenzaron su reporte quinquenal enfoc\u00e1ndose en la declaraci\u00f3n de misi\u00f3n que ha portado a la instituci\u00f3n a alturas m\u00e1s grandes. \u201cLa Universidad de Montemorelos educa para el desarrollo y el bienestar integral, con un modelo educacional sustentable que fomenta la investigaci\u00f3n, el servicio desinteresado y la visi\u00f3n misionera con la esperanza adventista de un mundo nuevo\u201d, ley\u00f3 Ismael Castillo, rector de la Universidad de Montemorelos.<\/p>\n<p><div id=\"attachment_71131\" style=\"width: 819px\" class=\"wp-caption aligncenter\"><img decoding=\"async\" aria-describedby=\"caption-attachment-71131\" class=\" wp-image-71131\" src=\"https:\/\/recursing-golick.147-182-135-0.plesk.page\/wp-content\/uploads\/2021\/04\/um-board-apr26.jpg\" alt=\"\" width=\"809\" height=\"449\" srcset=\"https:\/\/interamerica.org\/wp-content\/uploads\/2021\/04\/um-board-apr26.jpg 1000w, https:\/\/interamerica.org\/wp-content\/uploads\/2021\/04\/um-board-apr26-300x167.jpg 300w, https:\/\/interamerica.org\/wp-content\/uploads\/2021\/04\/um-board-apr26-768x426.jpg 768w\" sizes=\"(max-width: 809px) 100vw, 809px\" \/><p id=\"caption-attachment-71131\" class=\"wp-caption-text\">L\u00edderes de la Universidad de Montemorelos, de izquierda a derecha: Ana de Tello, asistente del rector; Raquel Korniejczuk, vicerrectora de asuntos acad\u00e9micos; Ismael Castillo, rector; Joel Sebastian, vicerrector de asuntos financieros; y Ekel Collins, vicerrector de asuntos estudiantiles, presentan el informe quinquenal para el per\u00edodo de servicio 2021-2026. [Fotograf\u00eda: Captura de pantalla de la DIA]<\/p><\/div>La universidad, que es considerada una instituci\u00f3n de la divisi\u00f3n operada directamente por la Divisi\u00f3n Interamericana, es parte del consejo directo de la federaci\u00f3n mexicana de instituci\u00f3n privadas de educaci\u00f3n superior, acreditada por el sistema educacional, y lidera la red de universidades promotoras de la salud en la naci\u00f3n.<\/p>\n<p>\u201cGracias a las clases virtuales establecidas hace muchos a\u00f1os para estudiantes registrados en campus de extensi\u00f3n en \u00c1frica, Europa y a en toda Interam\u00e9rica, hemos podido hacer una transici\u00f3n inmediata a la educaci\u00f3n a distancia cuando la pandemia nos golpe\u00f3 inicialmente en abril\u201d, dijo Castillo.<\/p>\n<p>Los directivos de la universidad reportaron que el noventa por ciento de los estudiantes encuestados en el programa de formato de clases virtuales se mostraron satisfechos con el modelo de clases. Los estudiantes lograron llevar a cabo sus pr\u00e1cticas de salud en ambientes reales, seg\u00fan los l\u00edderes de la universidad.<\/p>\n<p>Castillo inform\u00f3 que durante el \u00faltimo quinquenio, estudiantes provenientes de ochenta pa\u00edses se han registrado en la Universidad de Montemorelos.<\/p>\n<p><div id=\"attachment_71134\" style=\"width: 815px\" class=\"wp-caption aligncenter\"><img loading=\"lazy\" decoding=\"async\" aria-describedby=\"caption-attachment-71134\" class=\" wp-image-71134\" src=\"https:\/\/recursing-golick.147-182-135-0.plesk.page\/wp-content\/uploads\/2021\/04\/ismael-castillo-um-rector2.jpg\" alt=\"\" width=\"805\" height=\"537\" srcset=\"https:\/\/interamerica.org\/wp-content\/uploads\/2021\/04\/ismael-castillo-um-rector2.jpg 1000w, https:\/\/interamerica.org\/wp-content\/uploads\/2021\/04\/ismael-castillo-um-rector2-300x200.jpg 300w, https:\/\/interamerica.org\/wp-content\/uploads\/2021\/04\/ismael-castillo-um-rector2-768x512.jpg 768w\" sizes=\"(max-width: 805px) 100vw, 805px\" \/><p id=\"caption-attachment-71134\" class=\"wp-caption-text\">Ismael Castillo fue elegido hoy para otro per\u00edodo como rector de la Universidad de Montemorelos en la regi\u00f3n Mexicana del Norte. Castillo ha sido rector de la instituci\u00f3n durante m\u00e1s de 34 a\u00f1os. [Fotograf\u00eda: Universidad de Montemorelos]<\/p><\/div>Los miembros de la junta eligieron a Ismael Castillo como rector de la Universidad de Montemorelos para el per\u00edodo 2021-2026. Castillo ha sido el principal directivo de esa universidad adventista por m\u00e1s de 34 a\u00f1os. Durante ese per\u00edodo, la instituci\u00f3n pas\u00f3 de 16 programas acad\u00e9micos en 1987 a 30 carreras, 26 especialidades, maestr\u00edas y doctorados en la actualidad.<\/p>\n<p>Asimismo, los miembros de la junta eligieron para otro per\u00edodo a Raquel Korniejczuk como vicerrectora de asuntos acad\u00e9micos, Joel\u00a0 Sebasti\u00e1n como vicerrector de asuntos financieros, y a Ekel Collins como vicerrector de asuntos estudiantiles para el per\u00edodo de servicio 2021-2026.<\/p>\n<p>El pastor Henry felicit\u00f3 a Castillo por su compromiso de larga data con el crecimiento de la Universidad de Montemorelos, y le garantiz\u00f3 del continuo apoyo de los miembros de la junta y principales administradores de la Iglesia Adventista en Interam\u00e9rica. \u201cLos l\u00edderes elegidos hoy no les fallar\u00e1n\u201d, dijo el pastor Henry. \u201cHay muchos desaf\u00edos, pero con Dios, podemos vencerlos para su iglesia si colocamos nuestras vidas en sus manos\u201d.<\/p>\n<p>Los miembros de la junta analizar\u00e1n los planes de desarrollo y estrategias que la universidad ha comenzado a implementar para el per\u00edodo 2021-2026 en la pr\u00f3xima sesi\u00f3n de la junta en octubre pr\u00f3ximo, dijo Castillo.<\/p>\n<p><div id=\"attachment_71137\" style=\"width: 824px\" class=\"wp-caption aligncenter\"><img loading=\"lazy\" decoding=\"async\" aria-describedby=\"caption-attachment-71137\" class=\" wp-image-71137\" src=\"https:\/\/recursing-golick.147-182-135-0.plesk.page\/wp-content\/uploads\/2021\/04\/ahsia-board-honor-esh.jpg\" alt=\"\" width=\"814\" height=\"465\" srcset=\"https:\/\/interamerica.org\/wp-content\/uploads\/2021\/04\/ahsia-board-honor-esh.jpg 1000w, https:\/\/interamerica.org\/wp-content\/uploads\/2021\/04\/ahsia-board-honor-esh-300x171.jpg 300w, https:\/\/interamerica.org\/wp-content\/uploads\/2021\/04\/ahsia-board-honor-esh-768x439.jpg 768w\" sizes=\"(max-width: 814px) 100vw, 814px\" \/><p id=\"caption-attachment-71137\" class=\"wp-caption-text\">El doctor Franck Geneus (arriba a la izquierda), presidente de Servicios Adventistas de Salud de Interam\u00e9rica (AHSIA), agradece al doctor Elie Honor\u00e9, quien se jubil\u00f3 hace poco y quien fuera presidente de AHSIA, por su compromiso de larga data con el fortalecimiento de hospitales adventistas en Interam\u00e9rica, mientras que los administradores de la Divisi\u00f3n Interamericana observan y agradecen a Honor\u00e9. [Fotograf\u00eda: Captura de pantalla de la DIA]<\/p><\/div><strong>Servicios Adventistas de Salud de Interam\u00e9rica<\/strong><\/p>\n<p>Durante un breve informe a los miembros de la junta, el doctor Franck Geneus, un m\u00e9dico que es presidente de Servicios Adventistas de Salud de Interam\u00e9rica (AHSIA), organizaci\u00f3n que supervisa las administraciones de catorce hospitales y 21 cl\u00ednicas, hizo un llamado pidiendo garantizar que las instituciones de salud son instituciones saludables. \u201cNecesitamos cambiar nuestro paradigma sobre las instituciones de salud, para que pasen de la supervivencia a ser instituciones florecientes con una mejor calidad de atenci\u00f3n\u201d, dijo el doctor Geneus.<\/p>\n<p>Los miembros de la junta votaron adoptar la visi\u00f3n compartida por todas las instituciones de salud de la Divisi\u00f3n Interamericana sobre la base de cinco declaraciones claves de compromiso, para que sean responsables, resilientes, accesibles, sustentables y seguras, adem\u00e1s de ser instituciones centradas en Cristo.<\/p>\n<p>El doctor Geneus honr\u00f3 a su predecesor, el doctor Elie Honor\u00e9, por su dedicaci\u00f3n de larga data a las instituciones de salud en toda la Divisi\u00f3n Interamericana. En especial, por su papel a la hora de establecer AHSIA, en una b\u00fasqueda por fortalecer y ayudar a las instituciones de salud en colaboraci\u00f3n con la Universidad de Loma Linda, en California, Estados Unidos, para promover la plenitud f\u00edsica, mental, social y espiritual a la vez que las instituciones cumplen la misi\u00f3n de la iglesia.<\/p>\n<p>En los pr\u00f3ximos d\u00edas se reunir\u00e1n m\u00e1s juntas institucionales de la Divisi\u00f3n Interamericana para reportar sobre sus logros y pr\u00f3ximos planes de desarrollo.<\/p>\n<p>Para saber m\u00e1s sobre las sesiones de esta semana de la junta de la Divisi\u00f3n Interamericana, ingrese a <a href=\"https:\/\/recursing-golick.147-182-135-0.plesk.page\/news\/\">interamerica.org<\/a><\/p>\n<p><em>Laura Marrero colabor\u00f3 con este informe.<\/em><\/p>\n<p>Traducci\u00f3n de Marcos Paseggi<\/p>\n","protected":false},"excerpt":{"rendered":"<p>26 de abril de 2021 | Miami, Florida, Estados Unidos | Libna Stevens, Noticias de la Divisi\u00f3n Interamericana Administradores de varias juntas institucionales de la Divisi\u00f3n Interamericana reportaron sobre crecimiento,&#8230;<\/p>\n","protected":false},"author":3,"featured_media":71131,"comment_status":"closed","ping_status":"closed","sticky":false,"template":"","format":"standard","meta":{"_acf_changed":false,"footnotes":""},"categories":[16,15],"tags":[],"class_list":["post-71144","post","type-post","status-publish","format-standard","has-post-thumbnail","hentry","category-desde-la-sede","category-rss-espanol"],"acf":[],"yoast_head":"<!-- This site is optimized with the Yoast SEO plugin v27.3 - https:\/\/yoast.com\/product\/yoast-seo-wordpress\/ -->\n<title>Juntas Institucionales de Interam\u00e9rica presentan sus reportes sobre crecimiento y planes de desarrollo - Iglesia Adventista del S\u00e9ptimo D\u00eda - Divisi\u00f3n Interamericana<\/title>\n<meta name=\"robots\" content=\"index, follow, max-snippet:-1, max-image-preview:large, max-video-preview:-1\" \/>\n<link rel=\"canonical\" href=\"https:\/\/interamerica.org\/es\/2021\/04\/juntas-institucionales-de-interamerica-presentan-sus-reportes-sobre-crecimiento-y-planes-de-desarrollo\/\" \/>\n<meta property=\"og:locale\" content=\"es_ES\" \/>\n<meta property=\"og:type\" content=\"article\" \/>\n<meta property=\"og:title\" content=\"Juntas Institucionales de Interam\u00e9rica presentan sus reportes sobre crecimiento y planes de desarrollo - Iglesia Adventista del S\u00e9ptimo D\u00eda - Divisi\u00f3n Interamericana\" \/>\n<meta property=\"og:description\" content=\"26 de abril de 2021 | Miami, Florida, Estados Unidos | Libna Stevens, Noticias de la Divisi\u00f3n Interamericana Administradores de varias juntas institucionales de la Divisi\u00f3n Interamericana reportaron sobre crecimiento,...\" \/>\n<meta property=\"og:url\" content=\"https:\/\/interamerica.org\/es\/2021\/04\/juntas-institucionales-de-interamerica-presentan-sus-reportes-sobre-crecimiento-y-planes-de-desarrollo\/\" \/>\n<meta property=\"og:site_name\" content=\"Iglesia Adventista del S\u00e9ptimo D\u00eda - Divisi\u00f3n Interamericana\" \/>\n<meta property=\"article:published_time\" content=\"2021-04-27T02:58:06+00:00\" \/>\n<meta property=\"article:modified_time\" content=\"2021-04-29T21:22:42+00:00\" \/>\n<meta property=\"og:image\" content=\"https:\/\/interamerica.org\/wp-content\/uploads\/2021\/04\/um-board-apr26.jpg\" \/>\n\t<meta property=\"og:image:width\" content=\"1000\" \/>\n\t<meta property=\"og:image:height\" content=\"555\" \/>\n\t<meta property=\"og:image:type\" content=\"image\/jpeg\" \/>\n<meta name=\"author\" content=\"libna\" \/>\n<meta name=\"twitter:card\" content=\"summary_large_image\" \/>\n<meta name=\"twitter:label1\" content=\"Escrito por\" \/>\n\t<meta name=\"twitter:data1\" content=\"libna\" \/>\n\t<meta name=\"twitter:label2\" content=\"Tiempo de lectura\" \/>\n\t<meta name=\"twitter:data2\" content=\"8 minutos\" \/>\n<script type=\"application\/ld+json\" class=\"yoast-schema-graph\">{\"@context\":\"https:\\\/\\\/schema.org\",\"@graph\":[{\"@type\":\"Article\",\"@id\":\"https:\\\/\\\/interamerica.org\\\/es\\\/2021\\\/04\\\/juntas-institucionales-de-interamerica-presentan-sus-reportes-sobre-crecimiento-y-planes-de-desarrollo\\\/#article\",\"isPartOf\":{\"@id\":\"https:\\\/\\\/interamerica.org\\\/es\\\/2021\\\/04\\\/juntas-institucionales-de-interamerica-presentan-sus-reportes-sobre-crecimiento-y-planes-de-desarrollo\\\/\"},\"author\":{\"name\":\"libna\",\"@id\":\"https:\\\/\\\/interamerica.org\\\/es\\\/#\\\/schema\\\/person\\\/29998f2bc2d8bd0d38662909289b54f1\"},\"headline\":\"Juntas Institucionales de Interam\u00e9rica presentan sus reportes sobre crecimiento y planes de desarrollo\",\"datePublished\":\"2021-04-27T02:58:06+00:00\",\"dateModified\":\"2021-04-29T21:22:42+00:00\",\"mainEntityOfPage\":{\"@id\":\"https:\\\/\\\/interamerica.org\\\/es\\\/2021\\\/04\\\/juntas-institucionales-de-interamerica-presentan-sus-reportes-sobre-crecimiento-y-planes-de-desarrollo\\\/\"},\"wordCount\":1704,\"image\":{\"@id\":\"https:\\\/\\\/interamerica.org\\\/es\\\/2021\\\/04\\\/juntas-institucionales-de-interamerica-presentan-sus-reportes-sobre-crecimiento-y-planes-de-desarrollo\\\/#primaryimage\"},\"thumbnailUrl\":\"https:\\\/\\\/interamerica.org\\\/wp-content\\\/uploads\\\/2021\\\/04\\\/um-board-apr26.jpg\",\"articleSection\":[\"Desde la sede\",\"RSS Espa\u00f1ol\"],\"inLanguage\":\"es\"},{\"@type\":\"WebPage\",\"@id\":\"https:\\\/\\\/interamerica.org\\\/es\\\/2021\\\/04\\\/juntas-institucionales-de-interamerica-presentan-sus-reportes-sobre-crecimiento-y-planes-de-desarrollo\\\/\",\"url\":\"https:\\\/\\\/interamerica.org\\\/es\\\/2021\\\/04\\\/juntas-institucionales-de-interamerica-presentan-sus-reportes-sobre-crecimiento-y-planes-de-desarrollo\\\/\",\"name\":\"Juntas Institucionales de Interam\u00e9rica presentan sus reportes sobre crecimiento y planes de desarrollo - Iglesia Adventista del S\u00e9ptimo D\u00eda - Divisi\u00f3n Interamericana\",\"isPartOf\":{\"@id\":\"https:\\\/\\\/interamerica.org\\\/es\\\/#website\"},\"primaryImageOfPage\":{\"@id\":\"https:\\\/\\\/interamerica.org\\\/es\\\/2021\\\/04\\\/juntas-institucionales-de-interamerica-presentan-sus-reportes-sobre-crecimiento-y-planes-de-desarrollo\\\/#primaryimage\"},\"image\":{\"@id\":\"https:\\\/\\\/interamerica.org\\\/es\\\/2021\\\/04\\\/juntas-institucionales-de-interamerica-presentan-sus-reportes-sobre-crecimiento-y-planes-de-desarrollo\\\/#primaryimage\"},\"thumbnailUrl\":\"https:\\\/\\\/interamerica.org\\\/wp-content\\\/uploads\\\/2021\\\/04\\\/um-board-apr26.jpg\",\"datePublished\":\"2021-04-27T02:58:06+00:00\",\"dateModified\":\"2021-04-29T21:22:42+00:00\",\"author\":{\"@id\":\"https:\\\/\\\/interamerica.org\\\/es\\\/#\\\/schema\\\/person\\\/29998f2bc2d8bd0d38662909289b54f1\"},\"breadcrumb\":{\"@id\":\"https:\\\/\\\/interamerica.org\\\/es\\\/2021\\\/04\\\/juntas-institucionales-de-interamerica-presentan-sus-reportes-sobre-crecimiento-y-planes-de-desarrollo\\\/#breadcrumb\"},\"inLanguage\":\"es\",\"potentialAction\":[{\"@type\":\"ReadAction\",\"target\":[\"https:\\\/\\\/interamerica.org\\\/es\\\/2021\\\/04\\\/juntas-institucionales-de-interamerica-presentan-sus-reportes-sobre-crecimiento-y-planes-de-desarrollo\\\/\"]}]},{\"@type\":\"ImageObject\",\"inLanguage\":\"es\",\"@id\":\"https:\\\/\\\/interamerica.org\\\/es\\\/2021\\\/04\\\/juntas-institucionales-de-interamerica-presentan-sus-reportes-sobre-crecimiento-y-planes-de-desarrollo\\\/#primaryimage\",\"url\":\"https:\\\/\\\/interamerica.org\\\/wp-content\\\/uploads\\\/2021\\\/04\\\/um-board-apr26.jpg\",\"contentUrl\":\"https:\\\/\\\/interamerica.org\\\/wp-content\\\/uploads\\\/2021\\\/04\\\/um-board-apr26.jpg\",\"width\":1000,\"height\":555,\"caption\":\"[Fotograf\u00eda: Captura de pantalla de la DIA]\"},{\"@type\":\"BreadcrumbList\",\"@id\":\"https:\\\/\\\/interamerica.org\\\/es\\\/2021\\\/04\\\/juntas-institucionales-de-interamerica-presentan-sus-reportes-sobre-crecimiento-y-planes-de-desarrollo\\\/#breadcrumb\",\"itemListElement\":[{\"@type\":\"ListItem\",\"position\":1,\"name\":\"Home\",\"item\":\"https:\\\/\\\/interamerica.org\\\/es\\\/\"},{\"@type\":\"ListItem\",\"position\":2,\"name\":\"Juntas Institucionales de Interam\u00e9rica presentan sus reportes sobre crecimiento y planes de desarrollo\"}]},{\"@type\":\"WebSite\",\"@id\":\"https:\\\/\\\/interamerica.org\\\/es\\\/#website\",\"url\":\"https:\\\/\\\/interamerica.org\\\/es\\\/\",\"name\":\"Iglesia Adventista del S\u00e9ptimo D\u00eda - Divisi\u00f3n Interamericana\",\"description\":\"\",\"potentialAction\":[{\"@type\":\"SearchAction\",\"target\":{\"@type\":\"EntryPoint\",\"urlTemplate\":\"https:\\\/\\\/interamerica.org\\\/es\\\/?s={search_term_string}\"},\"query-input\":{\"@type\":\"PropertyValueSpecification\",\"valueRequired\":true,\"valueName\":\"search_term_string\"}}],\"inLanguage\":\"es\"},{\"@type\":\"Person\",\"@id\":\"https:\\\/\\\/interamerica.org\\\/es\\\/#\\\/schema\\\/person\\\/29998f2bc2d8bd0d38662909289b54f1\",\"name\":\"libna\",\"image\":{\"@type\":\"ImageObject\",\"inLanguage\":\"es\",\"@id\":\"https:\\\/\\\/secure.gravatar.com\\\/avatar\\\/7c5bd30ae4b47a9ba3c856590957fd1d96dc588bf3ac05719d247e126840331f?s=96&d=mm&r=g\",\"url\":\"https:\\\/\\\/secure.gravatar.com\\\/avatar\\\/7c5bd30ae4b47a9ba3c856590957fd1d96dc588bf3ac05719d247e126840331f?s=96&d=mm&r=g\",\"contentUrl\":\"https:\\\/\\\/secure.gravatar.com\\\/avatar\\\/7c5bd30ae4b47a9ba3c856590957fd1d96dc588bf3ac05719d247e126840331f?s=96&d=mm&r=g\",\"caption\":\"libna\"}}]}<\/script>\n<!-- \/ Yoast SEO plugin. -->","yoast_head_json":{"title":"Juntas Institucionales de Interam\u00e9rica presentan sus reportes sobre crecimiento y planes de desarrollo - Iglesia Adventista del S\u00e9ptimo D\u00eda - Divisi\u00f3n Interamericana","robots":{"index":"index","follow":"follow","max-snippet":"max-snippet:-1","max-image-preview":"max-image-preview:large","max-video-preview":"max-video-preview:-1"},"canonical":"https:\/\/interamerica.org\/es\/2021\/04\/juntas-institucionales-de-interamerica-presentan-sus-reportes-sobre-crecimiento-y-planes-de-desarrollo\/","og_locale":"es_ES","og_type":"article","og_title":"Juntas Institucionales de Interam\u00e9rica presentan sus reportes sobre crecimiento y planes de desarrollo - Iglesia Adventista del S\u00e9ptimo D\u00eda - Divisi\u00f3n Interamericana","og_description":"26 de abril de 2021 | Miami, Florida, Estados Unidos | Libna Stevens, Noticias de la Divisi\u00f3n Interamericana Administradores de varias juntas institucionales de la Divisi\u00f3n Interamericana reportaron sobre crecimiento,...","og_url":"https:\/\/interamerica.org\/es\/2021\/04\/juntas-institucionales-de-interamerica-presentan-sus-reportes-sobre-crecimiento-y-planes-de-desarrollo\/","og_site_name":"Iglesia Adventista del S\u00e9ptimo D\u00eda - Divisi\u00f3n Interamericana","article_published_time":"2021-04-27T02:58:06+00:00","article_modified_time":"2021-04-29T21:22:42+00:00","og_image":[{"width":1000,"height":555,"url":"https:\/\/interamerica.org\/wp-content\/uploads\/2021\/04\/um-board-apr26.jpg","type":"image\/jpeg"}],"author":"libna","twitter_card":"summary_large_image","twitter_misc":{"Escrito por":"libna","Tiempo de lectura":"8 minutos"},"schema":{"@context":"https:\/\/schema.org","@graph":[{"@type":"Article","@id":"https:\/\/interamerica.org\/es\/2021\/04\/juntas-institucionales-de-interamerica-presentan-sus-reportes-sobre-crecimiento-y-planes-de-desarrollo\/#article","isPartOf":{"@id":"https:\/\/interamerica.org\/es\/2021\/04\/juntas-institucionales-de-interamerica-presentan-sus-reportes-sobre-crecimiento-y-planes-de-desarrollo\/"},"author":{"name":"libna","@id":"https:\/\/interamerica.org\/es\/#\/schema\/person\/29998f2bc2d8bd0d38662909289b54f1"},"headline":"Juntas Institucionales de Interam\u00e9rica presentan sus reportes sobre crecimiento y planes de desarrollo","datePublished":"2021-04-27T02:58:06+00:00","dateModified":"2021-04-29T21:22:42+00:00","mainEntityOfPage":{"@id":"https:\/\/interamerica.org\/es\/2021\/04\/juntas-institucionales-de-interamerica-presentan-sus-reportes-sobre-crecimiento-y-planes-de-desarrollo\/"},"wordCount":1704,"image":{"@id":"https:\/\/interamerica.org\/es\/2021\/04\/juntas-institucionales-de-interamerica-presentan-sus-reportes-sobre-crecimiento-y-planes-de-desarrollo\/#primaryimage"},"thumbnailUrl":"https:\/\/interamerica.org\/wp-content\/uploads\/2021\/04\/um-board-apr26.jpg","articleSection":["Desde la sede","RSS Espa\u00f1ol"],"inLanguage":"es"},{"@type":"WebPage","@id":"https:\/\/interamerica.org\/es\/2021\/04\/juntas-institucionales-de-interamerica-presentan-sus-reportes-sobre-crecimiento-y-planes-de-desarrollo\/","url":"https:\/\/interamerica.org\/es\/2021\/04\/juntas-institucionales-de-interamerica-presentan-sus-reportes-sobre-crecimiento-y-planes-de-desarrollo\/","name":"Juntas Institucionales de Interam\u00e9rica presentan sus reportes sobre crecimiento y planes de desarrollo - Iglesia Adventista del S\u00e9ptimo D\u00eda - Divisi\u00f3n Interamericana","isPartOf":{"@id":"https:\/\/interamerica.org\/es\/#website"},"primaryImageOfPage":{"@id":"https:\/\/interamerica.org\/es\/2021\/04\/juntas-institucionales-de-interamerica-presentan-sus-reportes-sobre-crecimiento-y-planes-de-desarrollo\/#primaryimage"},"image":{"@id":"https:\/\/interamerica.org\/es\/2021\/04\/juntas-institucionales-de-interamerica-presentan-sus-reportes-sobre-crecimiento-y-planes-de-desarrollo\/#primaryimage"},"thumbnailUrl":"https:\/\/interamerica.org\/wp-content\/uploads\/2021\/04\/um-board-apr26.jpg","datePublished":"2021-04-27T02:58:06+00:00","dateModified":"2021-04-29T21:22:42+00:00","author":{"@id":"https:\/\/interamerica.org\/es\/#\/schema\/person\/29998f2bc2d8bd0d38662909289b54f1"},"breadcrumb":{"@id":"https:\/\/interamerica.org\/es\/2021\/04\/juntas-institucionales-de-interamerica-presentan-sus-reportes-sobre-crecimiento-y-planes-de-desarrollo\/#breadcrumb"},"inLanguage":"es","potentialAction":[{"@type":"ReadAction","target":["https:\/\/interamerica.org\/es\/2021\/04\/juntas-institucionales-de-interamerica-presentan-sus-reportes-sobre-crecimiento-y-planes-de-desarrollo\/"]}]},{"@type":"ImageObject","inLanguage":"es","@id":"https:\/\/interamerica.org\/es\/2021\/04\/juntas-institucionales-de-interamerica-presentan-sus-reportes-sobre-crecimiento-y-planes-de-desarrollo\/#primaryimage","url":"https:\/\/interamerica.org\/wp-content\/uploads\/2021\/04\/um-board-apr26.jpg","contentUrl":"https:\/\/interamerica.org\/wp-content\/uploads\/2021\/04\/um-board-apr26.jpg","width":1000,"height":555,"caption":"[Fotograf\u00eda: Captura de pantalla de la DIA]"},{"@type":"BreadcrumbList","@id":"https:\/\/interamerica.org\/es\/2021\/04\/juntas-institucionales-de-interamerica-presentan-sus-reportes-sobre-crecimiento-y-planes-de-desarrollo\/#breadcrumb","itemListElement":[{"@type":"ListItem","position":1,"name":"Home","item":"https:\/\/interamerica.org\/es\/"},{"@type":"ListItem","position":2,"name":"Juntas Institucionales de Interam\u00e9rica presentan sus reportes sobre crecimiento y planes de desarrollo"}]},{"@type":"WebSite","@id":"https:\/\/interamerica.org\/es\/#website","url":"https:\/\/interamerica.org\/es\/","name":"Iglesia Adventista del S\u00e9ptimo D\u00eda - Divisi\u00f3n Interamericana","description":"","potentialAction":[{"@type":"SearchAction","target":{"@type":"EntryPoint","urlTemplate":"https:\/\/interamerica.org\/es\/?s={search_term_string}"},"query-input":{"@type":"PropertyValueSpecification","valueRequired":true,"valueName":"search_term_string"}}],"inLanguage":"es"},{"@type":"Person","@id":"https:\/\/interamerica.org\/es\/#\/schema\/person\/29998f2bc2d8bd0d38662909289b54f1","name":"libna","image":{"@type":"ImageObject","inLanguage":"es","@id":"https:\/\/secure.gravatar.com\/avatar\/7c5bd30ae4b47a9ba3c856590957fd1d96dc588bf3ac05719d247e126840331f?s=96&d=mm&r=g","url":"https:\/\/secure.gravatar.com\/avatar\/7c5bd30ae4b47a9ba3c856590957fd1d96dc588bf3ac05719d247e126840331f?s=96&d=mm&r=g","contentUrl":"https:\/\/secure.gravatar.com\/avatar\/7c5bd30ae4b47a9ba3c856590957fd1d96dc588bf3ac05719d247e126840331f?s=96&d=mm&r=g","caption":"libna"}}]}},"_links":{"self":[{"href":"https:\/\/interamerica.org\/es\/wp-json\/wp\/v2\/posts\/71144","targetHints":{"allow":["GET"]}}],"collection":[{"href":"https:\/\/interamerica.org\/es\/wp-json\/wp\/v2\/posts"}],"about":[{"href":"https:\/\/interamerica.org\/es\/wp-json\/wp\/v2\/types\/post"}],"author":[{"embeddable":true,"href":"https:\/\/interamerica.org\/es\/wp-json\/wp\/v2\/users\/3"}],"replies":[{"embeddable":true,"href":"https:\/\/interamerica.org\/es\/wp-json\/wp\/v2\/comments?post=71144"}],"version-history":[{"count":0,"href":"https:\/\/interamerica.org\/es\/wp-json\/wp\/v2\/posts\/71144\/revisions"}],"wp:featuredmedia":[{"embeddable":true,"href":"https:\/\/interamerica.org\/es\/wp-json\/wp\/v2\/media\/71131"}],"wp:attachment":[{"href":"https:\/\/interamerica.org\/es\/wp-json\/wp\/v2\/media?parent=71144"}],"wp:term":[{"taxonomy":"category","embeddable":true,"href":"https:\/\/interamerica.org\/es\/wp-json\/wp\/v2\/categories?post=71144"},{"taxonomy":"post_tag","embeddable":true,"href":"https:\/\/interamerica.org\/es\/wp-json\/wp\/v2\/tags?post=71144"}],"curies":[{"name":"wp","href":"https:\/\/api.w.org\/{rel}","templated":true}]}}