{"id":71379,"date":"2021-04-30T12:49:29","date_gmt":"2021-04-30T16:49:29","guid":{"rendered":"https:\/\/recursing-golick.147-182-135-0.plesk.page\/?p=71379"},"modified":"2021-04-30T13:52:07","modified_gmt":"2021-04-30T17:52:07","slug":"las-instituciones-de-la-dia-fueron-golpeadas-duro-por-la-pandemia-pero-les-aguardan-dias-mejores","status":"publish","type":"post","link":"https:\/\/interamerica.org\/es\/2021\/04\/las-instituciones-de-la-dia-fueron-golpeadas-duro-por-la-pandemia-pero-les-aguardan-dias-mejores\/","title":{"rendered":"Las instituciones de la DIA fueron golpeadas duro por la pandemia pero les aguardan d\u00edas mejores"},"content":{"rendered":"<p>29 de abril de 2021 | Miami, Florida, Estados Unidos | Libna Stevens, Noticias de la Divisi\u00f3n Interamericana<\/p>\n<p>Los administradores de las instituciones de la Divisi\u00f3n Interamericana reportaron sobre c\u00f3mo, a pesar de ser golpeadas duro durante la pandemia, las cosas se ven mejores para las instituciones que lideran en el primer trimestre de 2021. Cuatro de las juntas informaron de ajustes presupuestarios, ajustes de gesti\u00f3n, p\u00e9rdida de personal, adem\u00e1s del desarrollo de planes para contribuir al crecimiento de sus instituciones. Varias de las juntas eligieron nuevos l\u00edderes administrativos en una semana plena de sesiones llevadas a cabo el 28 y el 29 de abril.<\/p>\n<p><strong>El SETAI<\/strong><\/p>\n<p>Como la \u00fanica instituci\u00f3n de la divisi\u00f3n acreditada por la Asociaci\u00f3n de Escuelas Teol\u00f3gicas de los Estados Unidos y Canad\u00e1, que ofrece t\u00edtulos de educaci\u00f3n superior en \u00e1reas teol\u00f3gicas, b\u00edblicas y ministeriales para los pastores de Interam\u00e9rica, el Seminario Teol\u00f3gico Adventista Interamericano, efectu\u00f3 una r\u00e1pida transici\u00f3n de la ense\u00f1anza presencial a clases remotas el a\u00f1o pasado, dijo el pastor Efra\u00edn Vel\u00e1zquez, rector del SETAI, al comienzo de las sesiones de la junta el 28 de abril de 2021. El SETAI tambi\u00e9n est\u00e1 acreditado por la Asociaci\u00f3n Adventista de Acreditaci\u00f3n y por el Concilio de Educaci\u00f3n de Puerto Rico.<\/p>\n<p><div id=\"attachment_71356\" style=\"width: 815px\" class=\"wp-caption aligncenter\"><img fetchpriority=\"high\" decoding=\"async\" aria-describedby=\"caption-attachment-71356\" class=\" wp-image-71358\" src=\"https:\/\/recursing-golick.147-182-135-0.plesk.page\/wp-content\/uploads\/2021\/04\/efrain-velazquez-iats-apr28.jpg\" alt=\"\" width=\"805\" height=\"449\" srcset=\"https:\/\/interamerica.org\/wp-content\/uploads\/2021\/04\/efrain-velazquez-iats-apr28.jpg 1000w, https:\/\/interamerica.org\/wp-content\/uploads\/2021\/04\/efrain-velazquez-iats-apr28-300x167.jpg 300w, https:\/\/interamerica.org\/wp-content\/uploads\/2021\/04\/efrain-velazquez-iats-apr28-768x429.jpg 768w\" sizes=\"(max-width: 805px) 100vw, 805px\" \/><p id=\"caption-attachment-71356\" class=\"wp-caption-text\">El pastor Efra\u00edn Vel\u00e1zquez, president del SETAI, informa sobre los logros y los planes de desarrollo, durante la sesi\u00f3n de la junta del 28 de abril de 2021. [Fotograf\u00eda: Captura de pantalla de la DIA]<\/p><\/div>En el 2020 la instituci\u00f3n cont\u00f3 con 404 estudiantes registrados en las diversas carreras de posgrado, un n\u00famero m\u00e1s bajo que en a\u00f1os anteriores, donde el promedio fue de 450. En <a href=\"https:\/\/urldefense.proofpoint.com\/v2\/url?u=https-3A__www.interamerica.org_2021_03_adventist-2Dseminary-2Din-2Dinter-2Damerica-2Dcelebrates-2Dministers-2Dwho-2Dcompleted-2Dpost-2Dgraduate-2Ddegrees-2Din-2D2020_&amp;d=DwMFaQ&amp;c=tjPg1sbLxZ1bjgTYa5hhdw&amp;r=QRxhZ6zzWfakIxmZLcYU5ZN_w8zIA8rJMh2h-7AoibY&amp;m=EoUHQmUCyvB5ijNpeIHeNMvzeeWQ6jZT7dG-odk2DGo&amp;s=l50tBIlPeqPQppgjnxvsXDHMt4Kg68VGVFRuRyqZ6u4&amp;e=\"> una ceremonia de otorgamiento de t\u00edtulos, cien pastores completaron sus t\u00edtulos de posgrado del SETAI<\/a> el 27 de febrero de 2021.<\/p>\n<p>Fue necesario hacer ajustes sustanciales a los presupuestos in 2020 que continuaron con un presupuesto menor para 2021, inform\u00f3 Juan E. Villanueva, vicepresidente de finanzas del SETAI.<\/p>\n<p>Asimismo, la construcci\u00f3n de la nueva sede del SETAI ubicada en el campus de la Universidad Adventista de las Antillas en Mayag\u00fcez, Puerto Rico, ser\u00e1 completada m\u00e1s hacia finales de este a\u00f1o, seg\u00fan Vel\u00e1zquez.<\/p>\n<p>Los miembros de la junta eligieron a sus l\u00edderes administrativos para el pr\u00f3ximo per\u00edodo de cinco a\u00f1os, lo que incluy\u00f3 a Efra\u00edn Vel\u00e1zquez como rector, \u00c1ngel Guzm\u00e1n de la Universidad Adventista Dominicana, como vicerrector de asuntos acad\u00e9micos, Abilio Cima, de la Uni\u00f3n Guatemalteca, como vicerrector de finanzas, Josney Rodr\u00edguez, como vicerrector de asuntos espirituales, Carlos Robles para planificaci\u00f3n estrat\u00e9gica de efectividad institucional, y Ketlie Henry como directora de registros y admisiones. La junta tambi\u00e9n agradeci\u00f3 a los l\u00edderes salientes por su servicio dedicado.<\/p>\n<p><div id=\"attachment_71347\" style=\"width: 833px\" class=\"wp-caption aligncenter\"><img decoding=\"async\" aria-describedby=\"caption-attachment-71347\" class=\" wp-image-71349\" src=\"https:\/\/recursing-golick.147-182-135-0.plesk.page\/wp-content\/uploads\/2021\/04\/iats-building2021.jpg\" alt=\"\" width=\"823\" height=\"463\" srcset=\"https:\/\/interamerica.org\/wp-content\/uploads\/2021\/04\/iats-building2021.jpg 1024w, https:\/\/interamerica.org\/wp-content\/uploads\/2021\/04\/iats-building2021-300x169.jpg 300w, https:\/\/interamerica.org\/wp-content\/uploads\/2021\/04\/iats-building2021-768x432.jpg 768w\" sizes=\"(max-width: 823px) 100vw, 823px\" \/><p id=\"caption-attachment-71347\" class=\"wp-caption-text\">El progreso de la construcci\u00f3n de la nueva sede del SETAI en Mayag\u00fcez, Puerto Rico. Se espera que la nueva sede del seminario se complete m\u00e1s cerca de fin de a\u00f1o. [Fotograf\u00eda: Javier Vega\/SETAI]<\/p><\/div><strong>GEMA Editores<\/strong><\/p>\n<p>Como una de las dos casas publicadoras de la Divisi\u00f3n Interamericana, GEMA Editores brinda publicaciones y recursos a trav\u00e9s de sus 44 librer\u00edas en todo M\u00e9xico. La casa publicadora ofrece libros y materiales para m\u00e1s de setecientos colportores y casi 800 mil miembros esparcidos en las cinco uniones, o principales regiones eclesi\u00e1sticas de M\u00e9xico.<\/p>\n<p>Los administradores de GEMA reportaron que 2020 fue un a\u00f1o en que la casa publicadora luch\u00f3 en las ventas, en especial en los meses de abril y mayo, pero que las ventas comenzaron a repuntar en diciembre. Hubo una ca\u00edda de las ventas en febrero de 2021, pero el mes pasado se produjo un aumento de 1,6 por ciento en las ventas.<\/p>\n<p>\u201cMientras que nuestras ventas bajaron, nuestros costos se incrementaron un diez por ciento o a\u00fan m\u00e1s\u201d, dijo el pastor David Javier, presidente de GEMA Editores. \u201cPero a\u00fan hemos podido ofrecer un 15 por ciento de descuento a los colportores\u201d.<\/p>\n<p>En el per\u00edodo 2016-2020, GEMA Editores report\u00f3 a\u00f1os de ventas excepcionales, gracias a los 198 libros publicados por la iglesia y a 98 libros publicados para el ministerio del colportaje, adem\u00e1s de varias revistas.<\/p>\n<p><div id=\"attachment_71350\" style=\"width: 845px\" class=\"wp-caption aligncenter\"><img decoding=\"async\" aria-describedby=\"caption-attachment-71350\" class=\" wp-image-71352\" src=\"https:\/\/recursing-golick.147-182-135-0.plesk.page\/wp-content\/uploads\/2021\/04\/david-javier-gema-apr29.jpg\" alt=\"\" width=\"835\" height=\"466\" srcset=\"https:\/\/interamerica.org\/wp-content\/uploads\/2021\/04\/david-javier-gema-apr29.jpg 1000w, https:\/\/interamerica.org\/wp-content\/uploads\/2021\/04\/david-javier-gema-apr29-300x167.jpg 300w, https:\/\/interamerica.org\/wp-content\/uploads\/2021\/04\/david-javier-gema-apr29-768x429.jpg 768w\" sizes=\"(max-width: 835px) 100vw, 835px\" \/><p id=\"caption-attachment-71350\" class=\"wp-caption-text\">El pastor David Javier, presidente saliente de GEMA Editores, presenta su informe quinquenal a la junta el 29 de abril de 2021. [Fotograf\u00eda: Captura de pantalla de la DIA]<br \/>La casa publicadora ha remodelado decenas de sus librer\u00edas, abierto dos adicionales, y lanzado su librer\u00eda en l\u00ednea en septiembre de 2020. Asimismo, GEMA est\u00e1 planeando completar la construcci\u00f3n de librer\u00edas adicionales en diversos estados del pa\u00eds.<br \/>\u201cQuiero felicitar a los administradores de GEMA por su excelente desempe\u00f1o financiero, cuidadosa disciplina y gesti\u00f3n estrat\u00e9gica para cumplir su misi\u00f3n en M\u00e9xico y mantener una situaci\u00f3n financiera solvente en medio de la crisis\u201d, dijo Filiberto Verduzco, tesorero de la Iglesia Adventista en Interam\u00e9rica.<br \/>GEMA Editores anunci\u00f3 su \u00faltimo proyecto de historias b\u00edblicas en seis tomos llamado Maravillosas Historias de la Biblia. El nuevo conjunto de libros incluye historias b\u00edblicas del Antiguo Testamento y del Nuevo Testamento, as\u00ed como una gran colecci\u00f3n de ilustraciones originales. Estar\u00e1 disponible en unos meses.<br \/>El pastor Javier agradeci\u00f3 a la junta, a sus colegas administradores y a los miembros de la junta directiva por su apoyo durante los 48 a\u00f1os de servicio a la iglesia. Antes de su servicio en GEMA, Javier fue presidente de uni\u00f3n en la regi\u00f3n Mexicana del Sur durante muchos a\u00f1os. \u201cHe sido miembro de la junta directiva por m\u00e1s de 25 a\u00f1os, y alabo a Dios por ser parte de ella y por su conducci\u00f3n a lo largo de los a\u00f1os\u201d, dijo Javier al anunciar que se jubilar\u00e1 el pr\u00f3ximo 1 de septiembre de 2021.<br \/>[caption id=\"attachment_71353\" align=\"aligncenter\" width=\"885\"]<img loading=\"lazy\" decoding=\"async\" class=\" wp-image-71355\" src=\"https:\/\/recursing-golick.147-182-135-0.plesk.page\/wp-content\/uploads\/2021\/04\/gema-maravillosas-bible-stories.jpg\" alt=\"\" width=\"885\" height=\"509\" srcset=\"https:\/\/interamerica.org\/wp-content\/uploads\/2021\/04\/gema-maravillosas-bible-stories.jpg 1000w, https:\/\/interamerica.org\/wp-content\/uploads\/2021\/04\/gema-maravillosas-bible-stories-300x173.jpg 300w, https:\/\/interamerica.org\/wp-content\/uploads\/2021\/04\/gema-maravillosas-bible-stories-768x442.jpg 768w\" sizes=\"(max-width: 885px) 100vw, 885px\" \/>El \u00faltimo pr\u00f3ximo de historias b\u00edblicas en seis vol\u00famenes de GEMA Editores se titula \u201cMaravillosas Historias de la Biblia\u201d y pronto estar\u00e1 disponible en M\u00e9xico. [Fotograf\u00eda: Captura de pantalla de la DIA]<\/p><\/div>Un grupo de la Junta Directiva de Interam\u00e9rica se reuni\u00f3 para nominar a Mois\u00e9s Reyna, presidente de la Uni\u00f3n Mexicana Interoc\u00e9anica, como presidente de GEMA Editores. Asimismo, Fernando Quir\u00f3z fue elegido vicepresidente de finanzas.<\/p>\n<p><strong>Junta de Educaci\u00f3n Superior<\/strong><\/p>\n<p>En el informe de la Junta de Educaci\u00f3n Superior, que supervisa a las catorce universidades adventistas de Interam\u00e9rica, los l\u00edderes comenzaron a reportar sobre la devastadora p\u00e9rdida de docentes y estudiantes que fallecieron debido a la pandemia del COVID-19.<\/p>\n<p>\u201cEste \u00faltimo a\u00f1o ha sido terrible porque hemos perdido docentes que am\u00e1bamos y al menos un estudiante, pero s\u00e9 que m\u00e1s estudiantes han fallecido\u201d, dijo el pastor Gamaliel Fl\u00f3rez, director de educaci\u00f3n de la Iglesia Adventista de Interam\u00e9rica durante los \u00faltimos once a\u00f1os. Uno a uno, Fl\u00f3rez ley\u00f3 los nombres a la junta y realiz\u00f3 una pausa para orar por las familias y los amigos que dejaron. \u201cHay una gran esperanza de que muy pronto Jes\u00fas vendr\u00e1 y nos encontraremos otra vez\u201d, dijo.<\/p>\n<p>La Junta de Educaci\u00f3n Superior present\u00f3 un nuevo programa inform\u00e1tico para la plataforma web denominado CALED, que ser\u00e1 administrado por el departamento de educaci\u00f3n de la Divisi\u00f3n Interamericana. El programa brindar\u00e1 un registro de datos de las escuelas y universidades relacionados con las acreditaciones y aprobaciones de programas, adem\u00e1s de la administraci\u00f3n de los calendarios de acreditaci\u00f3n para las escuelas y universidades del territorio.<\/p>\n<p><div id=\"attachment_71359\" style=\"width: 912px\" class=\"wp-caption aligncenter\"><img loading=\"lazy\" decoding=\"async\" aria-describedby=\"caption-attachment-71359\" class=\" wp-image-71359\" src=\"https:\/\/recursing-golick.147-182-135-0.plesk.page\/wp-content\/uploads\/2021\/04\/caled-movil-bhe-1024x461.jpg\" alt=\"\" width=\"902\" height=\"406\" srcset=\"https:\/\/interamerica.org\/wp-content\/uploads\/2021\/04\/caled-movil-bhe-1024x461.jpg 1024w, https:\/\/interamerica.org\/wp-content\/uploads\/2021\/04\/caled-movil-bhe-300x135.jpg 300w, https:\/\/interamerica.org\/wp-content\/uploads\/2021\/04\/caled-movil-bhe-768x346.jpg 768w, https:\/\/interamerica.org\/wp-content\/uploads\/2021\/04\/caled-movil-bhe.jpg 1100w\" sizes=\"(max-width: 902px) 100vw, 902px\" \/><p id=\"caption-attachment-71359\" class=\"wp-caption-text\">El pastor Gamaliel Fl\u00f3rez, saliente director de educaci\u00f3n de la Iglesia Adventista en Interam\u00e9rica, muestra a los miembros de la junta la nueva plataforma web que llevar\u00e1 registro de las tareas relacionadas con el proceso de acreditaci\u00f3n y autorizaci\u00f3n de las escuelas y universidades de Interam\u00e9rica. [Fotograf\u00eda: Captura de pantalla de la DIA]<\/p><\/div>La plataforma web ayuda a llevar registro de las tareas relacionadas con el proceso de acreditaci\u00f3n y autorizaci\u00f3n de los programas. Los directores de educaci\u00f3n, los rectores de las universidades, los directores de las escuelas y los miembros de las comisiones de acreditaci\u00f3n tendr\u00e1n la posibilidad de acceder a la plataforma, cargar informaci\u00f3n crucial y tener acceso a documentos y otros recursos pertinentes. CALED est\u00e1 disponible en ingl\u00e9s, espa\u00f1ol y franc\u00e9s. Se ha capacitado a un grupo de individuos para que sepan usarlo, y en los pr\u00f3ximos meses se brindar\u00e1 capacitaci\u00f3n adicional.<\/p>\n<p>Los miembros de la Junta Directiva agradecieron a Fl\u00f3rez por su destacado liderazgo en la educaci\u00f3n y por su apoyo a Interam\u00e9rica a lo largo de los a\u00f1os.<\/p>\n<p>Los miembros de la junta aprobaron un nuevo programa profesional en comercializaci\u00f3n y comunicaci\u00f3n digital que comenzar\u00e1 en la Universidad Adventista de Colombia.<\/p>\n<p><strong>Compa\u00f1\u00eda de Alimentos Saludables de Interam\u00e9rica<\/strong><\/p>\n<p>En su informe, los l\u00edderes de la Compa\u00f1\u00eda de Alimentos Saludables de Interam\u00e9rica compartieron de qu\u00e9 manera las catorce f\u00e1bricas de alimentos ubicadas en ocho pa\u00edses se vieron impactadas durante la pandemia.<\/p>\n<p>\u201cEn medio de las dificultades que enfrentaron nuestras f\u00e1bricas de alimentos, Dios derram\u00f3 suficientes bendiciones como para que sigamos brindando apoyo financiero a la iglesia\u201d, dijo Juan Mart\u00edn Meza, gerente general de la Zona 1 de la empresa, que supervisa las compa\u00f1\u00edas de alimentos en Costa Rica, el Caribe, y Colombia y Venezuela, entre otros.<\/p>\n<p><div id=\"attachment_71364\" style=\"width: 920px\" class=\"wp-caption aligncenter\"><img loading=\"lazy\" decoding=\"async\" aria-describedby=\"caption-attachment-71364\" class=\" wp-image-71364\" src=\"https:\/\/recursing-golick.147-182-135-0.plesk.page\/wp-content\/uploads\/2021\/04\/colpac-iahfc-cooking-class-1024x528.jpg\" alt=\"\" width=\"910\" height=\"469\" srcset=\"https:\/\/interamerica.org\/wp-content\/uploads\/2021\/04\/colpac-iahfc-cooking-class-1024x528.jpg 1024w, https:\/\/interamerica.org\/wp-content\/uploads\/2021\/04\/colpac-iahfc-cooking-class-300x155.jpg 300w, https:\/\/interamerica.org\/wp-content\/uploads\/2021\/04\/colpac-iahfc-cooking-class-768x396.jpg 768w, https:\/\/interamerica.org\/wp-content\/uploads\/2021\/04\/colpac-iahfc-cooking-class.jpg 1100w\" sizes=\"(max-width: 910px) 100vw, 910px\" \/><p id=\"caption-attachment-71364\" class=\"wp-caption-text\">Una clase de cocina en l\u00ednea es dirigida por expertos de Alimentos COLPAC, la compa\u00f1\u00eda de alimentos que supervisa cuatro grandes f\u00e1bricas de alimentos en M\u00e9xico. [Fotograf\u00eda: Captura de pantalla de la DIA]<\/p><\/div>Adolfo Ruiz, gerente general de la Compa\u00f1\u00eda de Alimentos Saludables de Interam\u00e9rica en la Zona 2 que cubre a M\u00e9xico, dijo que Alimentos COLPAC, con sus cuatro grandes f\u00e1bricas de alimentos, luch\u00f3 un poco en 2020 pero continu\u00f3 ofreciendo sus productos en el pa\u00eds y particip\u00f3 de proyectos misioneros para beneficiar a comunidades necesitadas. COLPAC est\u00e1 planeando construir instalaciones m\u00e1s grandes dentro de poco en el campus de la Universidad de Montemorelos, que albergar\u00e1 la f\u00e1brica y oficinas.<\/p>\n<p>Aunque las ventas disminuyeron en 2020, las compa\u00f1\u00edas de alimentos redoblaron sus esfuerzos ofreciendo exposiciones de salud, distribuyendo canastas de alimentos y clases de cocina en l\u00ednea, entre otras cosas.<\/p>\n<p>Filiberto Verduzco, tesorero de la Divisi\u00f3n Interamericana y presidente de la Junta de la Compa\u00f1\u00eda de Alimentos Saludables de Interam\u00e9rica, habl\u00f3 de la importancia de la misi\u00f3n de la instituci\u00f3n de esparcir el evangelio por medio del apoyo financiero que brinda a las uniones para la construcci\u00f3n de iglesias e iniciativas misioneras.<\/p>\n<p>\u201cDurante la \u00e9poca de COVID, han continuado desempe\u00f1ando su trabajo de manera valiente despu\u00e9s de que muchos de sus vendedores fallecieran como resultado de la pandemia\u201d, dijo Verduzco. \u201cPodemos ver que las ventas de este a\u00f1o se est\u00e1n recuperando la nivel del primer trimestre de 2019, por lo que estamos agradecidos\u201d.<\/p>\n<p>Por m\u00e1s actualizaciones sobre las Reuniones de Medio A\u00f1o de la Junta Directiva en Interam\u00e9rica esta semana, ingrese a <a href=\"https:\/\/recursing-golick.147-182-135-0.plesk.page\/news\/\">interamerica.org<\/a><\/p>\n<p>Traducci\u00f3n de Marcos Paseggi<\/p>\n","protected":false},"excerpt":{"rendered":"<p>29 de abril de 2021 | Miami, Florida, Estados Unidos | Libna Stevens, Noticias de la Divisi\u00f3n Interamericana Los administradores de las instituciones de la Divisi\u00f3n Interamericana reportaron sobre c\u00f3mo,&#8230;<\/p>\n","protected":false},"author":3,"featured_media":61012,"comment_status":"closed","ping_status":"closed","sticky":false,"template":"","format":"standard","meta":{"_acf_changed":false,"footnotes":""},"categories":[16,15],"tags":[],"class_list":["post-71379","post","type-post","status-publish","format-standard","has-post-thumbnail","hentry","category-desde-la-sede","category-rss-espanol"],"acf":[],"yoast_head":"<!-- This site is optimized with the Yoast SEO plugin v27.3 - https:\/\/yoast.com\/product\/yoast-seo-wordpress\/ -->\n<title>Las instituciones de la DIA fueron golpeadas duro por la pandemia pero les aguardan d\u00edas mejores - Iglesia Adventista del S\u00e9ptimo D\u00eda - Divisi\u00f3n Interamericana<\/title>\n<meta name=\"robots\" content=\"index, follow, max-snippet:-1, max-image-preview:large, max-video-preview:-1\" \/>\n<link rel=\"canonical\" href=\"https:\/\/interamerica.org\/es\/2021\/04\/las-instituciones-de-la-dia-fueron-golpeadas-duro-por-la-pandemia-pero-les-aguardan-dias-mejores\/\" \/>\n<meta property=\"og:locale\" content=\"es_ES\" \/>\n<meta property=\"og:type\" content=\"article\" \/>\n<meta property=\"og:title\" content=\"Las instituciones de la DIA fueron golpeadas duro por la pandemia pero les aguardan d\u00edas mejores - Iglesia Adventista del S\u00e9ptimo D\u00eda - Divisi\u00f3n Interamericana\" \/>\n<meta property=\"og:description\" content=\"29 de abril de 2021 | Miami, Florida, Estados Unidos | Libna Stevens, Noticias de la Divisi\u00f3n Interamericana Los administradores de las instituciones de la Divisi\u00f3n Interamericana reportaron sobre c\u00f3mo,...\" \/>\n<meta property=\"og:url\" content=\"https:\/\/interamerica.org\/es\/2021\/04\/las-instituciones-de-la-dia-fueron-golpeadas-duro-por-la-pandemia-pero-les-aguardan-dias-mejores\/\" \/>\n<meta property=\"og:site_name\" content=\"Iglesia Adventista del S\u00e9ptimo D\u00eda - Divisi\u00f3n Interamericana\" \/>\n<meta property=\"article:published_time\" content=\"2021-04-30T16:49:29+00:00\" \/>\n<meta property=\"article:modified_time\" content=\"2021-04-30T17:52:07+00:00\" \/>\n<meta property=\"og:image\" content=\"https:\/\/interamerica.org\/wp-content\/uploads\/2020\/07\/iad-front-entrance2020.jpg\" \/>\n\t<meta property=\"og:image:width\" content=\"1280\" \/>\n\t<meta property=\"og:image:height\" content=\"800\" \/>\n\t<meta property=\"og:image:type\" content=\"image\/jpeg\" \/>\n<meta name=\"author\" content=\"libna\" \/>\n<meta name=\"twitter:card\" content=\"summary_large_image\" \/>\n<meta name=\"twitter:label1\" content=\"Escrito por\" \/>\n\t<meta name=\"twitter:data1\" content=\"libna\" \/>\n\t<meta name=\"twitter:label2\" content=\"Tiempo de lectura\" \/>\n\t<meta name=\"twitter:data2\" content=\"10 minutos\" \/>\n<script type=\"application\/ld+json\" class=\"yoast-schema-graph\">{\"@context\":\"https:\\\/\\\/schema.org\",\"@graph\":[{\"@type\":\"Article\",\"@id\":\"https:\\\/\\\/interamerica.org\\\/es\\\/2021\\\/04\\\/las-instituciones-de-la-dia-fueron-golpeadas-duro-por-la-pandemia-pero-les-aguardan-dias-mejores\\\/#article\",\"isPartOf\":{\"@id\":\"https:\\\/\\\/interamerica.org\\\/es\\\/2021\\\/04\\\/las-instituciones-de-la-dia-fueron-golpeadas-duro-por-la-pandemia-pero-les-aguardan-dias-mejores\\\/\"},\"author\":{\"name\":\"libna\",\"@id\":\"https:\\\/\\\/interamerica.org\\\/es\\\/#\\\/schema\\\/person\\\/29998f2bc2d8bd0d38662909289b54f1\"},\"headline\":\"Las instituciones de la DIA fueron golpeadas duro por la pandemia pero les aguardan d\u00edas mejores\",\"datePublished\":\"2021-04-30T16:49:29+00:00\",\"dateModified\":\"2021-04-30T17:52:07+00:00\",\"mainEntityOfPage\":{\"@id\":\"https:\\\/\\\/interamerica.org\\\/es\\\/2021\\\/04\\\/las-instituciones-de-la-dia-fueron-golpeadas-duro-por-la-pandemia-pero-les-aguardan-dias-mejores\\\/\"},\"wordCount\":1944,\"image\":{\"@id\":\"https:\\\/\\\/interamerica.org\\\/es\\\/2021\\\/04\\\/las-instituciones-de-la-dia-fueron-golpeadas-duro-por-la-pandemia-pero-les-aguardan-dias-mejores\\\/#primaryimage\"},\"thumbnailUrl\":\"https:\\\/\\\/interamerica.org\\\/wp-content\\\/uploads\\\/2020\\\/07\\\/iad-front-entrance2020.jpg\",\"articleSection\":[\"Desde la sede\",\"RSS Espa\u00f1ol\"],\"inLanguage\":\"es\"},{\"@type\":\"WebPage\",\"@id\":\"https:\\\/\\\/interamerica.org\\\/es\\\/2021\\\/04\\\/las-instituciones-de-la-dia-fueron-golpeadas-duro-por-la-pandemia-pero-les-aguardan-dias-mejores\\\/\",\"url\":\"https:\\\/\\\/interamerica.org\\\/es\\\/2021\\\/04\\\/las-instituciones-de-la-dia-fueron-golpeadas-duro-por-la-pandemia-pero-les-aguardan-dias-mejores\\\/\",\"name\":\"Las instituciones de la DIA fueron golpeadas duro por la pandemia pero les aguardan d\u00edas mejores - Iglesia Adventista del S\u00e9ptimo D\u00eda - Divisi\u00f3n Interamericana\",\"isPartOf\":{\"@id\":\"https:\\\/\\\/interamerica.org\\\/es\\\/#website\"},\"primaryImageOfPage\":{\"@id\":\"https:\\\/\\\/interamerica.org\\\/es\\\/2021\\\/04\\\/las-instituciones-de-la-dia-fueron-golpeadas-duro-por-la-pandemia-pero-les-aguardan-dias-mejores\\\/#primaryimage\"},\"image\":{\"@id\":\"https:\\\/\\\/interamerica.org\\\/es\\\/2021\\\/04\\\/las-instituciones-de-la-dia-fueron-golpeadas-duro-por-la-pandemia-pero-les-aguardan-dias-mejores\\\/#primaryimage\"},\"thumbnailUrl\":\"https:\\\/\\\/interamerica.org\\\/wp-content\\\/uploads\\\/2020\\\/07\\\/iad-front-entrance2020.jpg\",\"datePublished\":\"2021-04-30T16:49:29+00:00\",\"dateModified\":\"2021-04-30T17:52:07+00:00\",\"author\":{\"@id\":\"https:\\\/\\\/interamerica.org\\\/es\\\/#\\\/schema\\\/person\\\/29998f2bc2d8bd0d38662909289b54f1\"},\"breadcrumb\":{\"@id\":\"https:\\\/\\\/interamerica.org\\\/es\\\/2021\\\/04\\\/las-instituciones-de-la-dia-fueron-golpeadas-duro-por-la-pandemia-pero-les-aguardan-dias-mejores\\\/#breadcrumb\"},\"inLanguage\":\"es\",\"potentialAction\":[{\"@type\":\"ReadAction\",\"target\":[\"https:\\\/\\\/interamerica.org\\\/es\\\/2021\\\/04\\\/las-instituciones-de-la-dia-fueron-golpeadas-duro-por-la-pandemia-pero-les-aguardan-dias-mejores\\\/\"]}]},{\"@type\":\"ImageObject\",\"inLanguage\":\"es\",\"@id\":\"https:\\\/\\\/interamerica.org\\\/es\\\/2021\\\/04\\\/las-instituciones-de-la-dia-fueron-golpeadas-duro-por-la-pandemia-pero-les-aguardan-dias-mejores\\\/#primaryimage\",\"url\":\"https:\\\/\\\/interamerica.org\\\/wp-content\\\/uploads\\\/2020\\\/07\\\/iad-front-entrance2020.jpg\",\"contentUrl\":\"https:\\\/\\\/interamerica.org\\\/wp-content\\\/uploads\\\/2020\\\/07\\\/iad-front-entrance2020.jpg\",\"width\":1280,\"height\":800,\"caption\":\"[Fotograf\u00eda: Libna Stevens\\\/DIA]\"},{\"@type\":\"BreadcrumbList\",\"@id\":\"https:\\\/\\\/interamerica.org\\\/es\\\/2021\\\/04\\\/las-instituciones-de-la-dia-fueron-golpeadas-duro-por-la-pandemia-pero-les-aguardan-dias-mejores\\\/#breadcrumb\",\"itemListElement\":[{\"@type\":\"ListItem\",\"position\":1,\"name\":\"Home\",\"item\":\"https:\\\/\\\/interamerica.org\\\/es\\\/\"},{\"@type\":\"ListItem\",\"position\":2,\"name\":\"Las instituciones de la DIA fueron golpeadas duro por la pandemia pero les aguardan d\u00edas mejores\"}]},{\"@type\":\"WebSite\",\"@id\":\"https:\\\/\\\/interamerica.org\\\/es\\\/#website\",\"url\":\"https:\\\/\\\/interamerica.org\\\/es\\\/\",\"name\":\"Iglesia Adventista del S\u00e9ptimo D\u00eda - Divisi\u00f3n Interamericana\",\"description\":\"\",\"potentialAction\":[{\"@type\":\"SearchAction\",\"target\":{\"@type\":\"EntryPoint\",\"urlTemplate\":\"https:\\\/\\\/interamerica.org\\\/es\\\/?s={search_term_string}\"},\"query-input\":{\"@type\":\"PropertyValueSpecification\",\"valueRequired\":true,\"valueName\":\"search_term_string\"}}],\"inLanguage\":\"es\"},{\"@type\":\"Person\",\"@id\":\"https:\\\/\\\/interamerica.org\\\/es\\\/#\\\/schema\\\/person\\\/29998f2bc2d8bd0d38662909289b54f1\",\"name\":\"libna\",\"image\":{\"@type\":\"ImageObject\",\"inLanguage\":\"es\",\"@id\":\"https:\\\/\\\/secure.gravatar.com\\\/avatar\\\/7c5bd30ae4b47a9ba3c856590957fd1d96dc588bf3ac05719d247e126840331f?s=96&d=mm&r=g\",\"url\":\"https:\\\/\\\/secure.gravatar.com\\\/avatar\\\/7c5bd30ae4b47a9ba3c856590957fd1d96dc588bf3ac05719d247e126840331f?s=96&d=mm&r=g\",\"contentUrl\":\"https:\\\/\\\/secure.gravatar.com\\\/avatar\\\/7c5bd30ae4b47a9ba3c856590957fd1d96dc588bf3ac05719d247e126840331f?s=96&d=mm&r=g\",\"caption\":\"libna\"}}]}<\/script>\n<!-- \/ Yoast SEO plugin. -->","yoast_head_json":{"title":"Las instituciones de la DIA fueron golpeadas duro por la pandemia pero les aguardan d\u00edas mejores - Iglesia Adventista del S\u00e9ptimo D\u00eda - Divisi\u00f3n Interamericana","robots":{"index":"index","follow":"follow","max-snippet":"max-snippet:-1","max-image-preview":"max-image-preview:large","max-video-preview":"max-video-preview:-1"},"canonical":"https:\/\/interamerica.org\/es\/2021\/04\/las-instituciones-de-la-dia-fueron-golpeadas-duro-por-la-pandemia-pero-les-aguardan-dias-mejores\/","og_locale":"es_ES","og_type":"article","og_title":"Las instituciones de la DIA fueron golpeadas duro por la pandemia pero les aguardan d\u00edas mejores - Iglesia Adventista del S\u00e9ptimo D\u00eda - Divisi\u00f3n Interamericana","og_description":"29 de abril de 2021 | Miami, Florida, Estados Unidos | Libna Stevens, Noticias de la Divisi\u00f3n Interamericana Los administradores de las instituciones de la Divisi\u00f3n Interamericana reportaron sobre c\u00f3mo,...","og_url":"https:\/\/interamerica.org\/es\/2021\/04\/las-instituciones-de-la-dia-fueron-golpeadas-duro-por-la-pandemia-pero-les-aguardan-dias-mejores\/","og_site_name":"Iglesia Adventista del S\u00e9ptimo D\u00eda - Divisi\u00f3n Interamericana","article_published_time":"2021-04-30T16:49:29+00:00","article_modified_time":"2021-04-30T17:52:07+00:00","og_image":[{"width":1280,"height":800,"url":"https:\/\/interamerica.org\/wp-content\/uploads\/2020\/07\/iad-front-entrance2020.jpg","type":"image\/jpeg"}],"author":"libna","twitter_card":"summary_large_image","twitter_misc":{"Escrito por":"libna","Tiempo de lectura":"10 minutos"},"schema":{"@context":"https:\/\/schema.org","@graph":[{"@type":"Article","@id":"https:\/\/interamerica.org\/es\/2021\/04\/las-instituciones-de-la-dia-fueron-golpeadas-duro-por-la-pandemia-pero-les-aguardan-dias-mejores\/#article","isPartOf":{"@id":"https:\/\/interamerica.org\/es\/2021\/04\/las-instituciones-de-la-dia-fueron-golpeadas-duro-por-la-pandemia-pero-les-aguardan-dias-mejores\/"},"author":{"name":"libna","@id":"https:\/\/interamerica.org\/es\/#\/schema\/person\/29998f2bc2d8bd0d38662909289b54f1"},"headline":"Las instituciones de la DIA fueron golpeadas duro por la pandemia pero les aguardan d\u00edas mejores","datePublished":"2021-04-30T16:49:29+00:00","dateModified":"2021-04-30T17:52:07+00:00","mainEntityOfPage":{"@id":"https:\/\/interamerica.org\/es\/2021\/04\/las-instituciones-de-la-dia-fueron-golpeadas-duro-por-la-pandemia-pero-les-aguardan-dias-mejores\/"},"wordCount":1944,"image":{"@id":"https:\/\/interamerica.org\/es\/2021\/04\/las-instituciones-de-la-dia-fueron-golpeadas-duro-por-la-pandemia-pero-les-aguardan-dias-mejores\/#primaryimage"},"thumbnailUrl":"https:\/\/interamerica.org\/wp-content\/uploads\/2020\/07\/iad-front-entrance2020.jpg","articleSection":["Desde la sede","RSS Espa\u00f1ol"],"inLanguage":"es"},{"@type":"WebPage","@id":"https:\/\/interamerica.org\/es\/2021\/04\/las-instituciones-de-la-dia-fueron-golpeadas-duro-por-la-pandemia-pero-les-aguardan-dias-mejores\/","url":"https:\/\/interamerica.org\/es\/2021\/04\/las-instituciones-de-la-dia-fueron-golpeadas-duro-por-la-pandemia-pero-les-aguardan-dias-mejores\/","name":"Las instituciones de la DIA fueron golpeadas duro por la pandemia pero les aguardan d\u00edas mejores - Iglesia Adventista del S\u00e9ptimo D\u00eda - Divisi\u00f3n Interamericana","isPartOf":{"@id":"https:\/\/interamerica.org\/es\/#website"},"primaryImageOfPage":{"@id":"https:\/\/interamerica.org\/es\/2021\/04\/las-instituciones-de-la-dia-fueron-golpeadas-duro-por-la-pandemia-pero-les-aguardan-dias-mejores\/#primaryimage"},"image":{"@id":"https:\/\/interamerica.org\/es\/2021\/04\/las-instituciones-de-la-dia-fueron-golpeadas-duro-por-la-pandemia-pero-les-aguardan-dias-mejores\/#primaryimage"},"thumbnailUrl":"https:\/\/interamerica.org\/wp-content\/uploads\/2020\/07\/iad-front-entrance2020.jpg","datePublished":"2021-04-30T16:49:29+00:00","dateModified":"2021-04-30T17:52:07+00:00","author":{"@id":"https:\/\/interamerica.org\/es\/#\/schema\/person\/29998f2bc2d8bd0d38662909289b54f1"},"breadcrumb":{"@id":"https:\/\/interamerica.org\/es\/2021\/04\/las-instituciones-de-la-dia-fueron-golpeadas-duro-por-la-pandemia-pero-les-aguardan-dias-mejores\/#breadcrumb"},"inLanguage":"es","potentialAction":[{"@type":"ReadAction","target":["https:\/\/interamerica.org\/es\/2021\/04\/las-instituciones-de-la-dia-fueron-golpeadas-duro-por-la-pandemia-pero-les-aguardan-dias-mejores\/"]}]},{"@type":"ImageObject","inLanguage":"es","@id":"https:\/\/interamerica.org\/es\/2021\/04\/las-instituciones-de-la-dia-fueron-golpeadas-duro-por-la-pandemia-pero-les-aguardan-dias-mejores\/#primaryimage","url":"https:\/\/interamerica.org\/wp-content\/uploads\/2020\/07\/iad-front-entrance2020.jpg","contentUrl":"https:\/\/interamerica.org\/wp-content\/uploads\/2020\/07\/iad-front-entrance2020.jpg","width":1280,"height":800,"caption":"[Fotograf\u00eda: Libna Stevens\/DIA]"},{"@type":"BreadcrumbList","@id":"https:\/\/interamerica.org\/es\/2021\/04\/las-instituciones-de-la-dia-fueron-golpeadas-duro-por-la-pandemia-pero-les-aguardan-dias-mejores\/#breadcrumb","itemListElement":[{"@type":"ListItem","position":1,"name":"Home","item":"https:\/\/interamerica.org\/es\/"},{"@type":"ListItem","position":2,"name":"Las instituciones de la DIA fueron golpeadas duro por la pandemia pero les aguardan d\u00edas mejores"}]},{"@type":"WebSite","@id":"https:\/\/interamerica.org\/es\/#website","url":"https:\/\/interamerica.org\/es\/","name":"Iglesia Adventista del S\u00e9ptimo D\u00eda - Divisi\u00f3n Interamericana","description":"","potentialAction":[{"@type":"SearchAction","target":{"@type":"EntryPoint","urlTemplate":"https:\/\/interamerica.org\/es\/?s={search_term_string}"},"query-input":{"@type":"PropertyValueSpecification","valueRequired":true,"valueName":"search_term_string"}}],"inLanguage":"es"},{"@type":"Person","@id":"https:\/\/interamerica.org\/es\/#\/schema\/person\/29998f2bc2d8bd0d38662909289b54f1","name":"libna","image":{"@type":"ImageObject","inLanguage":"es","@id":"https:\/\/secure.gravatar.com\/avatar\/7c5bd30ae4b47a9ba3c856590957fd1d96dc588bf3ac05719d247e126840331f?s=96&d=mm&r=g","url":"https:\/\/secure.gravatar.com\/avatar\/7c5bd30ae4b47a9ba3c856590957fd1d96dc588bf3ac05719d247e126840331f?s=96&d=mm&r=g","contentUrl":"https:\/\/secure.gravatar.com\/avatar\/7c5bd30ae4b47a9ba3c856590957fd1d96dc588bf3ac05719d247e126840331f?s=96&d=mm&r=g","caption":"libna"}}]}},"_links":{"self":[{"href":"https:\/\/interamerica.org\/es\/wp-json\/wp\/v2\/posts\/71379","targetHints":{"allow":["GET"]}}],"collection":[{"href":"https:\/\/interamerica.org\/es\/wp-json\/wp\/v2\/posts"}],"about":[{"href":"https:\/\/interamerica.org\/es\/wp-json\/wp\/v2\/types\/post"}],"author":[{"embeddable":true,"href":"https:\/\/interamerica.org\/es\/wp-json\/wp\/v2\/users\/3"}],"replies":[{"embeddable":true,"href":"https:\/\/interamerica.org\/es\/wp-json\/wp\/v2\/comments?post=71379"}],"version-history":[{"count":0,"href":"https:\/\/interamerica.org\/es\/wp-json\/wp\/v2\/posts\/71379\/revisions"}],"wp:featuredmedia":[{"embeddable":true,"href":"https:\/\/interamerica.org\/es\/wp-json\/wp\/v2\/media\/61012"}],"wp:attachment":[{"href":"https:\/\/interamerica.org\/es\/wp-json\/wp\/v2\/media?parent=71379"}],"wp:term":[{"taxonomy":"category","embeddable":true,"href":"https:\/\/interamerica.org\/es\/wp-json\/wp\/v2\/categories?post=71379"},{"taxonomy":"post_tag","embeddable":true,"href":"https:\/\/interamerica.org\/es\/wp-json\/wp\/v2\/tags?post=71379"}],"curies":[{"name":"wp","href":"https:\/\/api.w.org\/{rel}","templated":true}]}}