{"id":71436,"date":"2021-05-02T13:44:32","date_gmt":"2021-05-02T17:44:32","guid":{"rendered":"https:\/\/recursing-golick.147-182-135-0.plesk.page\/?p=71436"},"modified":"2021-05-03T18:05:40","modified_gmt":"2021-05-03T22:05:40","slug":"vimos-actuar-a-dios-en-costa-rica","status":"publish","type":"post","link":"https:\/\/interamerica.org\/es\/2021\/05\/vimos-actuar-a-dios-en-costa-rica\/","title":{"rendered":"Vimos actuar a Dios en Costa Rica"},"content":{"rendered":"<p><strong>El primer viaje misionero It Is Written despu\u00e9s de levantarse las restricciones por causa de la pandemia, produce inspiradores resultados. <\/strong><\/p>\n<p>1 de mayo de 2021 | Greeneville, Tennessee, Estados Unidos | Por Ellen Metcalf, It Is Written<\/p>\n<p>En marzo de 2021, It Is Written (IIW) (Escrito est\u00e1), un ministerio de apoyo de la Iglesia Adventista del S\u00e9ptimo D\u00eda, llev\u00f3 a cabo un viaje misionero a Costa Rica. El grupo se dirigi\u00f3 a un peque\u00f1o poblado rural llamado Las Juntas, en el cant\u00f3n (regi\u00f3n) de Abangares, para construir un templo, prestar servicios m\u00e9dicos y celebrar reuniones de evangelizaci\u00f3n, Miembros de iglesia de Tennessee, California y Washington, en los Estados Unidos, juntamente con maestros y estudiantes de una academia de la iglesia, en Greeneville, Tennessee y aun la propia asistente de evangelizaci\u00f3n de IIW, Mar\u00eda Rayburn y su hija Gabriella, de 12 a\u00f1os, se unieron a esta gira misionera.<\/p>\n<p>Despu\u00e9s de meses de planificaci\u00f3n, los voluntarios estaban m\u00e1s que emocionados al iniciar el viaje. Despu\u00e9s de un vuelo de cuatro horas, los miembros del equipo aterrizaron exitosamente en \u00a0Liberia, Costa Rica y r\u00e1pidamente se quitaron sus su\u00e9teres. De Liberia, el equipo viaj\u00f3 a Las Juntas de Abangares, en donde algunos saraguatos o monos aulladores los saludaron desde los \u00e1rboles en las afueras del hotel.<\/p>\n<p>Amaneci\u00f3 r\u00e1pidamente, por cortes\u00eda de murci\u00e9lagos frug\u00edvoros, o zorros voladores, por fuera de las ventanas del hotel. Poco despu\u00e9s del desayuno, los equipos comenzaron a trabajar en el sitio de la construcci\u00f3n. Algunos acarrearon tierra, mientras otros la distribuyeron y nivelaron. Se nivelaron los cimientos y se comenzaron a levantar las paredes. La labor requiri\u00f3 de una plancha compactadora para terminar los pisos, pero no hubo ninguna disponible para rentar en todo el pa\u00eds. As\u00ed que el equipo se dispuso a orar. El pastor local se dirigi\u00f3 a otro poblado para ver si pod\u00eda encontrar una compactadora, cuando de pronto vio una en el patio de una propiedad. Hizo un alto para preguntarle al due\u00f1o si acaso la rentar\u00eda, \u00a1y acept\u00f3 hacerlo!<\/p>\n<p>Los rayos del sol se sent\u00edan extremadamente calientes, con temperaturas generalmente de m\u00e1s de 32 grados cent\u00edgrados; y el equipo se sent\u00eda agradecido por el diario almuerzo servido en el hogar del anciano de iglesia. Junto a su casa se encuentra una peque\u00f1a choza con un techo de l\u00e1mina que sirve como templo para esa iglesia local. La comunidad de la iglesia local estaba profundamente agradecida por el trabajo realizado por los misioneros voluntarios para construir un edificio de iglesia en ese lugar.<\/p>\n<p>Cada noche, el grupo se divid\u00eda en grupos m\u00e1s peque\u00f1os para hacer labor de evangelizaci\u00f3n, manteniendo la distancia social. Mar\u00eda era la encargada de traducir lo dicho en las reuniones, de ingl\u00e9s a espa\u00f1ol. Los estudiantes voluntarios dieron una pl\u00e1tica sobre salud, contaron una historia a los ni\u00f1os y predicaron un serm\u00f3n que prepararon como resultado de su estudio de <em>El camino a <\/em>Cristo. En una de las reuniones, cuatro ni\u00f1os pasaron al frente en respuesta a un llamado para invitar a Jes\u00fas a entrar en su coraz\u00f3n y en su vida.<\/p>\n<p>Durante el d\u00eda, otra parte del equipo ofrec\u00eda servicios m\u00e9dicos y de optometr\u00eda. Los misioneros pudieron atender a 750 pacientes, otorgaron centenares de pares de anteojos y ayudaron a muchas personas que sufr\u00edan de dolores en las articulaciones y otros desaf\u00edos de salud. A los pacientes se les obsequi\u00f3 el libro <em>El camino a Cristo<\/em> y se les invitaba a asistir a las reuniones celebradas en la noche.<\/p>\n<p>Cierta noche en particular, muy poco despu\u00e9s de terminada la reuni\u00f3n nocturna, una persona, \u00a0miembro de iglesia, se acerc\u00f3 al m\u00e9dico Gordon Guild y le dijo que no se sent\u00eda bien. El m\u00e9dico la examin\u00f3 y crey\u00f3 que tal vez hab\u00eda sufrido un leve ataque cerebral. El m\u00e9dico y el resto del equipo oraron por ella esa noche. Al d\u00eda siguiente, la persona se sent\u00eda mucho mejor y estaba de regreso trabajando en la cocina.<\/p>\n<p>Hacia el final del viaje, se pronostic\u00f3 lluvia justamente antes de echarse el piso de la construcci\u00f3n. Los estudiantes se esforzaron mucho para completar el trabajo de preparaci\u00f3n antes de que cayera la lluvia y entonces se pusieron a orar. Al siguiente d\u00eda, Dios detuvo la lluvia. De hecho, llovi\u00f3 en todo su alrededor, pero no en el sitio de la construcci\u00f3n, hasta que se ech\u00f3 el piso y se terminaron las paredes. Y entonces se solt\u00f3 el aguacero. Mientras descend\u00eda la lluvia, el equipo reflexion\u00f3 en el poder del Esp\u00edritu Santo que tambi\u00e9n hab\u00eda sido derramado durante su tiempo de permanencia en Costa Rica. Las personas que asistieron a las reuniones de la noche tienen ahora un lugar en donde adorar, fueron mitigados sus dolores, se les habilit\u00f3 la vista y hubo corazones que hicieron decisiones para vida eterna.<\/p>\n<p><em>La <\/em><a href=\"https:\/\/blog.itiswritten.com\/blog\/2021\/04\/22\/it-is-written-missions-miracles-answered-prayer-in-costa-rica\/\"><em>versi\u00f3n original<\/em><\/a><em>\u00a0de esta historia de public\u00f3 en el blog <\/em><a href=\"https:\/\/blog.itiswritten.com\/\"><em>It Is Written Updates<\/em><\/a><em>.<\/em><\/p>\n<p>Traducci\u00f3n \u2013 Gloria A. Castrej\u00f3n<\/p>\n<p>&nbsp;<\/p>\n<h4 class=\"subhead\"><\/h4>\n","protected":false},"excerpt":{"rendered":"<p>El primer viaje misionero It Is Written despu\u00e9s de levantarse las restricciones por causa de la pandemia, produce inspiradores resultados. 1 de mayo de 2021 | Greeneville, Tennessee, Estados Unidos&#8230;<\/p>\n","protected":false},"author":3,"featured_media":71430,"comment_status":"closed","ping_status":"closed","sticky":false,"template":"","format":"standard","meta":{"_acf_changed":false,"footnotes":""},"categories":[14,15],"tags":[],"class_list":["post-71436","post","type-post","status-publish","format-standard","has-post-thumbnail","hentry","category-de-la-iglesia-mundial","category-rss-espanol"],"acf":[],"yoast_head":"<!-- This site is optimized with the Yoast SEO plugin v27.3 - https:\/\/yoast.com\/product\/yoast-seo-wordpress\/ -->\n<title>Vimos actuar a Dios en Costa Rica - Iglesia Adventista del S\u00e9ptimo D\u00eda - Divisi\u00f3n Interamericana<\/title>\n<meta name=\"robots\" content=\"index, follow, max-snippet:-1, max-image-preview:large, max-video-preview:-1\" \/>\n<link rel=\"canonical\" href=\"https:\/\/interamerica.org\/es\/2021\/05\/vimos-actuar-a-dios-en-costa-rica\/\" \/>\n<meta property=\"og:locale\" content=\"es_ES\" \/>\n<meta property=\"og:type\" content=\"article\" \/>\n<meta property=\"og:title\" content=\"Vimos actuar a Dios en Costa Rica - Iglesia Adventista del S\u00e9ptimo D\u00eda - Divisi\u00f3n Interamericana\" \/>\n<meta property=\"og:description\" content=\"El primer viaje misionero It Is Written despu\u00e9s de levantarse las restricciones por causa de la pandemia, produce inspiradores resultados. 1 de mayo de 2021 | Greeneville, Tennessee, Estados Unidos...\" \/>\n<meta property=\"og:url\" content=\"https:\/\/interamerica.org\/es\/2021\/05\/vimos-actuar-a-dios-en-costa-rica\/\" \/>\n<meta property=\"og:site_name\" content=\"Iglesia Adventista del S\u00e9ptimo D\u00eda - Divisi\u00f3n Interamericana\" \/>\n<meta property=\"article:published_time\" content=\"2021-05-02T17:44:32+00:00\" \/>\n<meta property=\"article:modified_time\" content=\"2021-05-03T22:05:40+00:00\" \/>\n<meta property=\"og:image\" content=\"https:\/\/interamerica.org\/wp-content\/uploads\/2021\/05\/we-saw-god-in-action-in-costa-rica1-1280.jpg\" \/>\n\t<meta property=\"og:image:width\" content=\"1280\" \/>\n\t<meta property=\"og:image:height\" content=\"800\" \/>\n\t<meta property=\"og:image:type\" content=\"image\/jpeg\" \/>\n<meta name=\"author\" content=\"libna\" \/>\n<meta name=\"twitter:card\" content=\"summary_large_image\" \/>\n<meta name=\"twitter:label1\" content=\"Escrito por\" \/>\n\t<meta name=\"twitter:data1\" content=\"libna\" \/>\n\t<meta name=\"twitter:label2\" content=\"Tiempo de lectura\" \/>\n\t<meta name=\"twitter:data2\" content=\"4 minutos\" \/>\n<script type=\"application\/ld+json\" class=\"yoast-schema-graph\">{\"@context\":\"https:\\\/\\\/schema.org\",\"@graph\":[{\"@type\":\"Article\",\"@id\":\"https:\\\/\\\/interamerica.org\\\/es\\\/2021\\\/05\\\/vimos-actuar-a-dios-en-costa-rica\\\/#article\",\"isPartOf\":{\"@id\":\"https:\\\/\\\/interamerica.org\\\/es\\\/2021\\\/05\\\/vimos-actuar-a-dios-en-costa-rica\\\/\"},\"author\":{\"name\":\"libna\",\"@id\":\"https:\\\/\\\/interamerica.org\\\/es\\\/#\\\/schema\\\/person\\\/29998f2bc2d8bd0d38662909289b54f1\"},\"headline\":\"Vimos actuar a Dios en Costa Rica\",\"datePublished\":\"2021-05-02T17:44:32+00:00\",\"dateModified\":\"2021-05-03T22:05:40+00:00\",\"mainEntityOfPage\":{\"@id\":\"https:\\\/\\\/interamerica.org\\\/es\\\/2021\\\/05\\\/vimos-actuar-a-dios-en-costa-rica\\\/\"},\"wordCount\":883,\"image\":{\"@id\":\"https:\\\/\\\/interamerica.org\\\/es\\\/2021\\\/05\\\/vimos-actuar-a-dios-en-costa-rica\\\/#primaryimage\"},\"thumbnailUrl\":\"https:\\\/\\\/interamerica.org\\\/wp-content\\\/uploads\\\/2021\\\/05\\\/we-saw-god-in-action-in-costa-rica1-1280.jpg\",\"articleSection\":[\"Desde la iglesia mundial\",\"RSS Espa\u00f1ol\"],\"inLanguage\":\"es\"},{\"@type\":\"WebPage\",\"@id\":\"https:\\\/\\\/interamerica.org\\\/es\\\/2021\\\/05\\\/vimos-actuar-a-dios-en-costa-rica\\\/\",\"url\":\"https:\\\/\\\/interamerica.org\\\/es\\\/2021\\\/05\\\/vimos-actuar-a-dios-en-costa-rica\\\/\",\"name\":\"Vimos actuar a Dios en Costa Rica - Iglesia Adventista del S\u00e9ptimo D\u00eda - Divisi\u00f3n Interamericana\",\"isPartOf\":{\"@id\":\"https:\\\/\\\/interamerica.org\\\/es\\\/#website\"},\"primaryImageOfPage\":{\"@id\":\"https:\\\/\\\/interamerica.org\\\/es\\\/2021\\\/05\\\/vimos-actuar-a-dios-en-costa-rica\\\/#primaryimage\"},\"image\":{\"@id\":\"https:\\\/\\\/interamerica.org\\\/es\\\/2021\\\/05\\\/vimos-actuar-a-dios-en-costa-rica\\\/#primaryimage\"},\"thumbnailUrl\":\"https:\\\/\\\/interamerica.org\\\/wp-content\\\/uploads\\\/2021\\\/05\\\/we-saw-god-in-action-in-costa-rica1-1280.jpg\",\"datePublished\":\"2021-05-02T17:44:32+00:00\",\"dateModified\":\"2021-05-03T22:05:40+00:00\",\"author\":{\"@id\":\"https:\\\/\\\/interamerica.org\\\/es\\\/#\\\/schema\\\/person\\\/29998f2bc2d8bd0d38662909289b54f1\"},\"breadcrumb\":{\"@id\":\"https:\\\/\\\/interamerica.org\\\/es\\\/2021\\\/05\\\/vimos-actuar-a-dios-en-costa-rica\\\/#breadcrumb\"},\"inLanguage\":\"es\",\"potentialAction\":[{\"@type\":\"ReadAction\",\"target\":[\"https:\\\/\\\/interamerica.org\\\/es\\\/2021\\\/05\\\/vimos-actuar-a-dios-en-costa-rica\\\/\"]}]},{\"@type\":\"ImageObject\",\"inLanguage\":\"es\",\"@id\":\"https:\\\/\\\/interamerica.org\\\/es\\\/2021\\\/05\\\/vimos-actuar-a-dios-en-costa-rica\\\/#primaryimage\",\"url\":\"https:\\\/\\\/interamerica.org\\\/wp-content\\\/uploads\\\/2021\\\/05\\\/we-saw-god-in-action-in-costa-rica1-1280.jpg\",\"contentUrl\":\"https:\\\/\\\/interamerica.org\\\/wp-content\\\/uploads\\\/2021\\\/05\\\/we-saw-god-in-action-in-costa-rica1-1280.jpg\",\"width\":1280,\"height\":800},{\"@type\":\"BreadcrumbList\",\"@id\":\"https:\\\/\\\/interamerica.org\\\/es\\\/2021\\\/05\\\/vimos-actuar-a-dios-en-costa-rica\\\/#breadcrumb\",\"itemListElement\":[{\"@type\":\"ListItem\",\"position\":1,\"name\":\"Home\",\"item\":\"https:\\\/\\\/interamerica.org\\\/es\\\/\"},{\"@type\":\"ListItem\",\"position\":2,\"name\":\"Vimos actuar a Dios en Costa Rica\"}]},{\"@type\":\"WebSite\",\"@id\":\"https:\\\/\\\/interamerica.org\\\/es\\\/#website\",\"url\":\"https:\\\/\\\/interamerica.org\\\/es\\\/\",\"name\":\"Iglesia Adventista del S\u00e9ptimo D\u00eda - Divisi\u00f3n Interamericana\",\"description\":\"\",\"potentialAction\":[{\"@type\":\"SearchAction\",\"target\":{\"@type\":\"EntryPoint\",\"urlTemplate\":\"https:\\\/\\\/interamerica.org\\\/es\\\/?s={search_term_string}\"},\"query-input\":{\"@type\":\"PropertyValueSpecification\",\"valueRequired\":true,\"valueName\":\"search_term_string\"}}],\"inLanguage\":\"es\"},{\"@type\":\"Person\",\"@id\":\"https:\\\/\\\/interamerica.org\\\/es\\\/#\\\/schema\\\/person\\\/29998f2bc2d8bd0d38662909289b54f1\",\"name\":\"libna\",\"image\":{\"@type\":\"ImageObject\",\"inLanguage\":\"es\",\"@id\":\"https:\\\/\\\/secure.gravatar.com\\\/avatar\\\/7c5bd30ae4b47a9ba3c856590957fd1d96dc588bf3ac05719d247e126840331f?s=96&d=mm&r=g\",\"url\":\"https:\\\/\\\/secure.gravatar.com\\\/avatar\\\/7c5bd30ae4b47a9ba3c856590957fd1d96dc588bf3ac05719d247e126840331f?s=96&d=mm&r=g\",\"contentUrl\":\"https:\\\/\\\/secure.gravatar.com\\\/avatar\\\/7c5bd30ae4b47a9ba3c856590957fd1d96dc588bf3ac05719d247e126840331f?s=96&d=mm&r=g\",\"caption\":\"libna\"}}]}<\/script>\n<!-- \/ Yoast SEO plugin. -->","yoast_head_json":{"title":"Vimos actuar a Dios en Costa Rica - Iglesia Adventista del S\u00e9ptimo D\u00eda - Divisi\u00f3n Interamericana","robots":{"index":"index","follow":"follow","max-snippet":"max-snippet:-1","max-image-preview":"max-image-preview:large","max-video-preview":"max-video-preview:-1"},"canonical":"https:\/\/interamerica.org\/es\/2021\/05\/vimos-actuar-a-dios-en-costa-rica\/","og_locale":"es_ES","og_type":"article","og_title":"Vimos actuar a Dios en Costa Rica - Iglesia Adventista del S\u00e9ptimo D\u00eda - Divisi\u00f3n Interamericana","og_description":"El primer viaje misionero It Is Written despu\u00e9s de levantarse las restricciones por causa de la pandemia, produce inspiradores resultados. 1 de mayo de 2021 | Greeneville, Tennessee, Estados Unidos...","og_url":"https:\/\/interamerica.org\/es\/2021\/05\/vimos-actuar-a-dios-en-costa-rica\/","og_site_name":"Iglesia Adventista del S\u00e9ptimo D\u00eda - Divisi\u00f3n Interamericana","article_published_time":"2021-05-02T17:44:32+00:00","article_modified_time":"2021-05-03T22:05:40+00:00","og_image":[{"width":1280,"height":800,"url":"https:\/\/interamerica.org\/wp-content\/uploads\/2021\/05\/we-saw-god-in-action-in-costa-rica1-1280.jpg","type":"image\/jpeg"}],"author":"libna","twitter_card":"summary_large_image","twitter_misc":{"Escrito por":"libna","Tiempo de lectura":"4 minutos"},"schema":{"@context":"https:\/\/schema.org","@graph":[{"@type":"Article","@id":"https:\/\/interamerica.org\/es\/2021\/05\/vimos-actuar-a-dios-en-costa-rica\/#article","isPartOf":{"@id":"https:\/\/interamerica.org\/es\/2021\/05\/vimos-actuar-a-dios-en-costa-rica\/"},"author":{"name":"libna","@id":"https:\/\/interamerica.org\/es\/#\/schema\/person\/29998f2bc2d8bd0d38662909289b54f1"},"headline":"Vimos actuar a Dios en Costa Rica","datePublished":"2021-05-02T17:44:32+00:00","dateModified":"2021-05-03T22:05:40+00:00","mainEntityOfPage":{"@id":"https:\/\/interamerica.org\/es\/2021\/05\/vimos-actuar-a-dios-en-costa-rica\/"},"wordCount":883,"image":{"@id":"https:\/\/interamerica.org\/es\/2021\/05\/vimos-actuar-a-dios-en-costa-rica\/#primaryimage"},"thumbnailUrl":"https:\/\/interamerica.org\/wp-content\/uploads\/2021\/05\/we-saw-god-in-action-in-costa-rica1-1280.jpg","articleSection":["Desde la iglesia mundial","RSS Espa\u00f1ol"],"inLanguage":"es"},{"@type":"WebPage","@id":"https:\/\/interamerica.org\/es\/2021\/05\/vimos-actuar-a-dios-en-costa-rica\/","url":"https:\/\/interamerica.org\/es\/2021\/05\/vimos-actuar-a-dios-en-costa-rica\/","name":"Vimos actuar a Dios en Costa Rica - Iglesia Adventista del S\u00e9ptimo D\u00eda - Divisi\u00f3n Interamericana","isPartOf":{"@id":"https:\/\/interamerica.org\/es\/#website"},"primaryImageOfPage":{"@id":"https:\/\/interamerica.org\/es\/2021\/05\/vimos-actuar-a-dios-en-costa-rica\/#primaryimage"},"image":{"@id":"https:\/\/interamerica.org\/es\/2021\/05\/vimos-actuar-a-dios-en-costa-rica\/#primaryimage"},"thumbnailUrl":"https:\/\/interamerica.org\/wp-content\/uploads\/2021\/05\/we-saw-god-in-action-in-costa-rica1-1280.jpg","datePublished":"2021-05-02T17:44:32+00:00","dateModified":"2021-05-03T22:05:40+00:00","author":{"@id":"https:\/\/interamerica.org\/es\/#\/schema\/person\/29998f2bc2d8bd0d38662909289b54f1"},"breadcrumb":{"@id":"https:\/\/interamerica.org\/es\/2021\/05\/vimos-actuar-a-dios-en-costa-rica\/#breadcrumb"},"inLanguage":"es","potentialAction":[{"@type":"ReadAction","target":["https:\/\/interamerica.org\/es\/2021\/05\/vimos-actuar-a-dios-en-costa-rica\/"]}]},{"@type":"ImageObject","inLanguage":"es","@id":"https:\/\/interamerica.org\/es\/2021\/05\/vimos-actuar-a-dios-en-costa-rica\/#primaryimage","url":"https:\/\/interamerica.org\/wp-content\/uploads\/2021\/05\/we-saw-god-in-action-in-costa-rica1-1280.jpg","contentUrl":"https:\/\/interamerica.org\/wp-content\/uploads\/2021\/05\/we-saw-god-in-action-in-costa-rica1-1280.jpg","width":1280,"height":800},{"@type":"BreadcrumbList","@id":"https:\/\/interamerica.org\/es\/2021\/05\/vimos-actuar-a-dios-en-costa-rica\/#breadcrumb","itemListElement":[{"@type":"ListItem","position":1,"name":"Home","item":"https:\/\/interamerica.org\/es\/"},{"@type":"ListItem","position":2,"name":"Vimos actuar a Dios en Costa Rica"}]},{"@type":"WebSite","@id":"https:\/\/interamerica.org\/es\/#website","url":"https:\/\/interamerica.org\/es\/","name":"Iglesia Adventista del S\u00e9ptimo D\u00eda - Divisi\u00f3n Interamericana","description":"","potentialAction":[{"@type":"SearchAction","target":{"@type":"EntryPoint","urlTemplate":"https:\/\/interamerica.org\/es\/?s={search_term_string}"},"query-input":{"@type":"PropertyValueSpecification","valueRequired":true,"valueName":"search_term_string"}}],"inLanguage":"es"},{"@type":"Person","@id":"https:\/\/interamerica.org\/es\/#\/schema\/person\/29998f2bc2d8bd0d38662909289b54f1","name":"libna","image":{"@type":"ImageObject","inLanguage":"es","@id":"https:\/\/secure.gravatar.com\/avatar\/7c5bd30ae4b47a9ba3c856590957fd1d96dc588bf3ac05719d247e126840331f?s=96&d=mm&r=g","url":"https:\/\/secure.gravatar.com\/avatar\/7c5bd30ae4b47a9ba3c856590957fd1d96dc588bf3ac05719d247e126840331f?s=96&d=mm&r=g","contentUrl":"https:\/\/secure.gravatar.com\/avatar\/7c5bd30ae4b47a9ba3c856590957fd1d96dc588bf3ac05719d247e126840331f?s=96&d=mm&r=g","caption":"libna"}}]}},"_links":{"self":[{"href":"https:\/\/interamerica.org\/es\/wp-json\/wp\/v2\/posts\/71436","targetHints":{"allow":["GET"]}}],"collection":[{"href":"https:\/\/interamerica.org\/es\/wp-json\/wp\/v2\/posts"}],"about":[{"href":"https:\/\/interamerica.org\/es\/wp-json\/wp\/v2\/types\/post"}],"author":[{"embeddable":true,"href":"https:\/\/interamerica.org\/es\/wp-json\/wp\/v2\/users\/3"}],"replies":[{"embeddable":true,"href":"https:\/\/interamerica.org\/es\/wp-json\/wp\/v2\/comments?post=71436"}],"version-history":[{"count":0,"href":"https:\/\/interamerica.org\/es\/wp-json\/wp\/v2\/posts\/71436\/revisions"}],"wp:featuredmedia":[{"embeddable":true,"href":"https:\/\/interamerica.org\/es\/wp-json\/wp\/v2\/media\/71430"}],"wp:attachment":[{"href":"https:\/\/interamerica.org\/es\/wp-json\/wp\/v2\/media?parent=71436"}],"wp:term":[{"taxonomy":"category","embeddable":true,"href":"https:\/\/interamerica.org\/es\/wp-json\/wp\/v2\/categories?post=71436"},{"taxonomy":"post_tag","embeddable":true,"href":"https:\/\/interamerica.org\/es\/wp-json\/wp\/v2\/tags?post=71436"}],"curies":[{"name":"wp","href":"https:\/\/api.w.org\/{rel}","templated":true}]}}