{"id":71466,"date":"2021-05-03T19:06:07","date_gmt":"2021-05-03T23:06:07","guid":{"rendered":"https:\/\/recursing-golick.147-182-135-0.plesk.page\/?p=71466"},"modified":"2021-05-04T14:19:07","modified_gmt":"2021-05-04T18:19:07","slug":"lideres-de-la-iglesia-adventista-en-interamerica-se-comprometen-a-intensificar-los-esfuerzos-de-evangelizacion-como-nunca-antes","status":"publish","type":"post","link":"https:\/\/interamerica.org\/es\/2021\/05\/lideres-de-la-iglesia-adventista-en-interamerica-se-comprometen-a-intensificar-los-esfuerzos-de-evangelizacion-como-nunca-antes\/","title":{"rendered":"L\u00edderes de la Iglesia Adventista en Interam\u00e9rica se comprometen a intensificar los esfuerzos de evangelizaci\u00f3n como nunca antes"},"content":{"rendered":"<p>3 de mayo de 2021 | Miami, Florida, Estados Unidos | Libna Stevens, Noticias de la Divisi\u00f3n Interamericana<\/p>\n<p>El evangelismo continuar\u00e1 siendo una prioridad principal para la Iglesia Adventista del S\u00e9ptimo D\u00eda en la Divisi\u00f3n Interamericana, as\u00ed como lo ha sido durante los casi cien a\u00f1os desde que se estableci\u00f3 la iglesia en la regi\u00f3n. El renovado compromiso de esparcir el evangelio a todos los grupos de personas de las comunidades urbanas y rurales se produjo en momentos en que los l\u00edderes votaron intensificar los esfuerzos de evangelizaci\u00f3n en la vida de la iglesia durante los pr\u00f3ximos cinco a\u00f1os, en la conclusi\u00f3n de las sesiones de Mitad de A\u00f1o de la Junta Directiva de Interam\u00e9rica la semana pasada.<\/p>\n<p>\u201cDios ha sostenido esta iglesia en Interam\u00e9rica a lo largo de los a\u00f1os, y tenemos que continuar enfatizando el amor y la esperanza que nos brinda por medio de Cristo, al colaborar para el cumplimiento de la misi\u00f3n aqu\u00ed en nuestro territorio\u201d, dijo el pastor Elie Henry, presidente de la Iglesia Adventista en Interam\u00e9rica.<\/p>\n<p><strong>Comprometidos con \u201cI Will Go\u201d<\/strong><\/p>\n<p>El pastor Henry anim\u00f3 a los l\u00edderes de la iglesia para que se comprometan plenamente, garantizando que todos los l\u00edderes y miembros de cada regi\u00f3n participen en las iniciativas y actividades misioneras de <a href=\"https:\/\/recursing-golick.147-182-135-0.plesk.page\/project\/i-will-go-strategic-plan-2020-2025\/\">I Will Go<\/a>. <em>I Will Go<\/em>, que han sido puestas en movimiento en noviembre pasado, enfoc\u00e1ndose en fortalecer el evangelismo, la educaci\u00f3n y el servicio a la comunidad.<\/p>\n<p><div id=\"attachment_71454\" style=\"width: 833px\" class=\"wp-caption aligncenter\"><img fetchpriority=\"high\" decoding=\"async\" aria-describedby=\"caption-attachment-71454\" class=\" wp-image-71454\" src=\"https:\/\/recursing-golick.147-182-135-0.plesk.page\/wp-content\/uploads\/2021\/05\/elie-henry-mym21-apr29.jpg\" alt=\"\" width=\"823\" height=\"516\" srcset=\"https:\/\/interamerica.org\/wp-content\/uploads\/2021\/05\/elie-henry-mym21-apr29.jpg 1000w, https:\/\/interamerica.org\/wp-content\/uploads\/2021\/05\/elie-henry-mym21-apr29-300x188.jpg 300w, https:\/\/interamerica.org\/wp-content\/uploads\/2021\/05\/elie-henry-mym21-apr29-768x482.jpg 768w\" sizes=\"(max-width: 823px) 100vw, 823px\" \/><p id=\"caption-attachment-71454\" class=\"wp-caption-text\">El pastor Elie Henry, presidente de la Divisi\u00f3n Interamericana, anima a los principales l\u00edderes a que intensifiquen los esfuerzos de evangelizaci\u00f3n por medio del plan misionero \u201cI Will Go\u201d durante los pr\u00f3ximos cuatro a\u00f1os en todo el territorio, el 29 de abril de 2021. [Fotograf\u00eda: Libna Stevens\/DIA]<\/p><\/div>\u201cTenemos que caminar con humildad y responsabilidad, con gran determinaci\u00f3n para predicar que Jes\u00fas viene muy pronto\u201d, dijo. El recordatorio se produjo cuando el pastor Henry habl\u00f3 de decisiones significativas claves que se tomaron que ver\u00e1n a un nuevo equipo de decenas de directores de los departamentos de la Divisi\u00f3n Interamericana, administradores de las instituciones de la divisi\u00f3n, y administradores de las uniones misiones, que cumplir\u00e1n la misi\u00f3n hasta 2025.<\/p>\n<p>El pastor Henry aclar\u00f3 que la Iglesia Adventista de Interam\u00e9rica tom\u00f3 la decisi\u00f3n de elegir sus principales l\u00edderes en abril, porque el Congreso de la Asociaci\u00f3n General ha sido pospuesto varias veces debido a la pandemia. La Junta Directiva de la Asociaci\u00f3n General autoriz\u00f3 hace poco a las divisiones a que designen a los directivos, secretarios de campo, directores de departamento, adem\u00e1s de los administradores de las uniones misiones.<\/p>\n<p>\u201cGracias por su compromiso y por dedicar todas sus vidas a servir al Se\u00f1or\u201d, dijo el pastor Henry al dirigirse a los l\u00edderes que se jubilar\u00e1n del servicio activo en los pr\u00f3ximos d\u00edas. \u201cLa iglesia tiene que seguir adelante sin detenerse\u201d, dijo el pastor Henry. Invit\u00f3 entonces a los l\u00edderes y miembros de cada nivel de la iglesia para que oren pidiendo la conducci\u00f3n divina a fin de terminar la tarea que tienen por delante.<\/p>\n<p><strong>Misi\u00f3n a la clase alta<\/strong><\/p>\n<p>Los miembros de la junta directiva votaron establecer una comisi\u00f3n especial que coordinar\u00e1 un programa para evangelizar a los integrantes de la clase alta, comenzando a nivel de divisi\u00f3n, en colaboraci\u00f3n con dada uni\u00f3n y campo local del territorio. \u201cLa Comisi\u00f3n de Misi\u00f3n a la Clase Alta ofrecer\u00e1 conceptos, orientaciones, consejos, metodolog\u00eda, recursos y capacitaci\u00f3n a los campos para la implementaci\u00f3n exitosa de la misi\u00f3n\u201d, expresa la declaraci\u00f3n votada. El papel de la comisi\u00f3n incluye establecer objetivos espec\u00edficos de evangelizaci\u00f3n para alcanzar a la clase alta, determinar iniciativas espec\u00edficas y sus grupos meta, delinear estrategias y equipar a las personas para que ejecuten las iniciativas, la evaluaci\u00f3n y las funciones espec\u00edficas de todos los involucrados.<\/p>\n<p><div id=\"attachment_71451\" style=\"width: 816px\" class=\"wp-caption aligncenter\"><img decoding=\"async\" aria-describedby=\"caption-attachment-71451\" class=\" wp-image-71451\" src=\"https:\/\/recursing-golick.147-182-135-0.plesk.page\/wp-content\/uploads\/2021\/05\/mym21-screen-leaders-apr-29.jpg\" alt=\"\" width=\"806\" height=\"526\" srcset=\"https:\/\/interamerica.org\/wp-content\/uploads\/2021\/05\/mym21-screen-leaders-apr-29.jpg 1000w, https:\/\/interamerica.org\/wp-content\/uploads\/2021\/05\/mym21-screen-leaders-apr-29-300x196.jpg 300w, https:\/\/interamerica.org\/wp-content\/uploads\/2021\/05\/mym21-screen-leaders-apr-29-768x502.jpg 768w\" sizes=\"(max-width: 806px) 100vw, 806px\" \/><p id=\"caption-attachment-71451\" class=\"wp-caption-text\">Los miembros de la Junta Directiva participan de una videoconferencia por medio de Zoom, en el \u00faltimo d\u00eda de las reuniones de Medio A\u00f1o que se llevaron a cabo el 29 de abril de 2021, en la sala de conferencias del presidente en Miami, Florida, Estados Unidos. [Fotograf\u00eda: Libna Stevens\/DIA]<\/p><\/div>\u201cLa iglesia en la Divisi\u00f3n Interamericana no ha alcanzado de manera efectiva a la clase alta con el evangelio\u201d, dijo el pastor Balvin Braham, vicepresidente de la Iglesia Adventista de Interam\u00e9rica encargado de evangelismo. \u201cNecesitamos actuar de manera deliberada para alcanzar a la clase alta\u201d, a\u00f1adi\u00f3. Hay recursos para alcanzar y la capacidad de rescatar, retener y discipular a personas de la clase alta, explic\u00f3. \u201cTenemos que hacerlo con un sentido de urgencia\u201d.<\/p>\n<p>El pastor Henry apel\u00f3 a los principales l\u00edderes para que se enfoquen en esa necesidad en su territorio. \u201cEntender ese evangelismo de la clase alta no ser\u00e1 f\u00e1cil\u201d, dijo. \u201cNo es tan r\u00e1pido para obtener resultados como estamos acostumbrados, y puede que lleve muchos m\u00e1s recursos\u201d.<\/p>\n<p>La Comisi\u00f3n de Misi\u00f3n a la Clase Alta comenzar\u00e1 a funcionar durante una conferencia de evangelismo en l\u00ednea por v\u00eda Zoom del 7 al 9 de mayo de 2021. Los l\u00edderes votaron llevar a cabo el evento en l\u00ednea para dos mil evangelistas pastorales y mil evangelistas laicos de todo el territorio. La asociaci\u00f3n asistir\u00e1 a los evangelistas pastorales y laicos para que perfeccionen sus habilidades de evangelizaci\u00f3n y predicaci\u00f3n, motiv\u00e1ndolos a maximizar su potencial de ganar almas y destacando el uso efectivo de los m\u00e9todos y recursos de evangelizaci\u00f3n.<\/p>\n<p><strong>Celebraci\u00f3n Centenario de la Divisi\u00f3n Interamericana <\/strong><\/p>\n<p>Se aprobaron una serie de iniciativas y actividades para 2022, para celebrar el 100\u00b0 aniversario de la Divisi\u00f3n Sudamericana, que se estableci\u00f3 oficialmente el 11 de mayo de 1922.<\/p>\n<p><div id=\"attachment_71448\" style=\"width: 812px\" class=\"wp-caption aligncenter\"><img decoding=\"async\" aria-describedby=\"caption-attachment-71448\" class=\" wp-image-71448\" src=\"https:\/\/recursing-golick.147-182-135-0.plesk.page\/wp-content\/uploads\/2021\/05\/iad-administrators-apr29-mym21.jpg\" alt=\"\" width=\"802\" height=\"501\" srcset=\"https:\/\/interamerica.org\/wp-content\/uploads\/2021\/05\/iad-administrators-apr29-mym21.jpg 1000w, https:\/\/interamerica.org\/wp-content\/uploads\/2021\/05\/iad-administrators-apr29-mym21-300x188.jpg 300w, https:\/\/interamerica.org\/wp-content\/uploads\/2021\/05\/iad-administrators-apr29-mym21-768x480.jpg 768w\" sizes=\"(max-width: 802px) 100vw, 802px\" \/><p id=\"caption-attachment-71448\" class=\"wp-caption-text\">El pastor Leonard Johnson, secretario ejecutivo de la Iglesia Adventista en Interam\u00e9rica, dirige unos puntos de agenda durante las sesiones de Mitad de A\u00f1o de la Junta Directiva de la Divisi\u00f3n Interamericana, que concluyeron el 29 de abril de 2021. [Fotograf\u00eda: Libna Stevens\/DIA]<\/p><\/div>\u201cQueremos celebrar la providencia de Dios y afirmar nuestros valores en Interam\u00e9rica\u201d, dijo Braham, que est\u00e1 supervisando los eventos de celebraci\u00f3n. La idea de la celebraci\u00f3n durante el a\u00f1o no tiene que ver con crear nuevos programas sino enfocarse en los programas misioneros que ya existen dentro del plan misionero estrat\u00e9gico <em>I Will Go<\/em>, explic\u00f3. \u201cInvolucrarse y destacar esos valores centrales impulsar\u00e1 esta celebraci\u00f3n, para que avancemos agradeciendo a Dios por la manera en que ha guiado a su iglesia\u201d, dijo Braham.<\/p>\n<p>La celebraci\u00f3n del centenario ser\u00e1 lanzada oficialmente durante las sesiones de fin de a\u00f1o de la junta directiva el 30 de octubre de 2021. El lanzamiento seguir\u00e1 a un culto de consagraci\u00f3n que incluir\u00e1 lugares espec\u00edficos de las 24 uniones de Interam\u00e9rica el pr\u00f3ximo 8 de enero de 2022, para comenzar con las actividades de celebraci\u00f3n que destacar\u00e1n el evangelismo, la educaci\u00f3n y el servicio a la comunidad en todo el territorio.<\/p>\n<p>Los l\u00edderes tambi\u00e9n analizaron los <a href=\"https:\/\/recursing-golick.147-182-135-0.plesk.page\/2021\/04\/adventist-education-helps-students-join-and-remain-in-the-church-studies-show\/\">datos sobre el papel de la educaci\u00f3n adventista<\/a>, revisaron actualizaciones de art\u00edculos sobre la Iglesia Adventista en Interam\u00e9rica a la Enciclopedia de los Adventistas del S\u00e9ptimo D\u00eda, votaron enmiendas a varios reglamentos, y votaron permitir que una comisi\u00f3n designada de respuesta a cat\u00e1strofes administre fondos de respuesta asistencial r\u00e1pida para los miembros de iglesia en momentos de crisis en todo el territorio.<\/p>\n<p>Asimismo, los miembros de la comisi\u00f3n votaron el libro misionero para el a\u00f1o 2022: <em>El conflicto de los siglos<\/em>, de Elena G. White, cofundadora de la Iglesia Adventista del S\u00e9ptimo D\u00eda.<\/p>\n<p>Se record\u00f3 a los miembros de la junta del pr\u00f3ximo <a href=\"https:\/\/www.campmeeting.com\/\">Encuentro Adventista Virtual Global<\/a> planificado para el pr\u00f3ximo 19 al 23 de mayo de 2021.<\/p>\n<p>Las reuniones autorizadas y el calendario de d\u00edas y eventos especiales para el territorio de la Divisi\u00f3n Interamericana ser\u00e1n votados en una sesi\u00f3n especial de la junta directiva el pr\u00f3ximo 1 de julio de 2021.<\/p>\n<p>Los l\u00edderes tambi\u00e9n votaron llevar a cabo un Congreso Virtual de Mayordom\u00eda el pr\u00f3ximo 14 de agosto de 2021.<\/p>\n<p>Para saber m\u00e1s sobre las iniciativas y actividades de Interam\u00e9rica para las pr\u00f3ximas semanas y meses, ingrese a <a href=\"https:\/\/recursing-golick.147-182-135-0.plesk.page\/\">interamerica.org<\/a><\/p>\n<p>&nbsp;<\/p>\n<p>Traducci\u00f3n de Marcos Paseggi<\/p>\n","protected":false},"excerpt":{"rendered":"<p>3 de mayo de 2021 | Miami, Florida, Estados Unidos | Libna Stevens, Noticias de la Divisi\u00f3n Interamericana El evangelismo continuar\u00e1 siendo una prioridad principal para la Iglesia Adventista del&#8230;<\/p>\n","protected":false},"author":3,"featured_media":71457,"comment_status":"closed","ping_status":"closed","sticky":false,"template":"","format":"standard","meta":{"_acf_changed":false,"footnotes":""},"categories":[16,15],"tags":[],"class_list":["post-71466","post","type-post","status-publish","format-standard","has-post-thumbnail","hentry","category-desde-la-sede","category-rss-espanol"],"acf":[],"yoast_head":"<!-- This site is optimized with the Yoast SEO plugin v27.3 - https:\/\/yoast.com\/product\/yoast-seo-wordpress\/ -->\n<title>L\u00edderes de la Iglesia Adventista en Interam\u00e9rica se comprometen a intensificar los esfuerzos de evangelizaci\u00f3n como nunca antes - Iglesia Adventista del S\u00e9ptimo D\u00eda - Divisi\u00f3n Interamericana<\/title>\n<meta name=\"robots\" content=\"index, follow, max-snippet:-1, max-image-preview:large, max-video-preview:-1\" \/>\n<link rel=\"canonical\" href=\"https:\/\/interamerica.org\/es\/2021\/05\/lideres-de-la-iglesia-adventista-en-interamerica-se-comprometen-a-intensificar-los-esfuerzos-de-evangelizacion-como-nunca-antes\/\" \/>\n<meta property=\"og:locale\" content=\"es_ES\" \/>\n<meta property=\"og:type\" content=\"article\" \/>\n<meta property=\"og:title\" content=\"L\u00edderes de la Iglesia Adventista en Interam\u00e9rica se comprometen a intensificar los esfuerzos de evangelizaci\u00f3n como nunca antes - Iglesia Adventista del S\u00e9ptimo D\u00eda - Divisi\u00f3n Interamericana\" \/>\n<meta property=\"og:description\" content=\"3 de mayo de 2021 | Miami, Florida, Estados Unidos | Libna Stevens, Noticias de la Divisi\u00f3n Interamericana El evangelismo continuar\u00e1 siendo una prioridad principal para la Iglesia Adventista del...\" \/>\n<meta property=\"og:url\" content=\"https:\/\/interamerica.org\/es\/2021\/05\/lideres-de-la-iglesia-adventista-en-interamerica-se-comprometen-a-intensificar-los-esfuerzos-de-evangelizacion-como-nunca-antes\/\" \/>\n<meta property=\"og:site_name\" content=\"Iglesia Adventista del S\u00e9ptimo D\u00eda - Divisi\u00f3n Interamericana\" \/>\n<meta property=\"article:published_time\" content=\"2021-05-03T23:06:07+00:00\" \/>\n<meta property=\"article:modified_time\" content=\"2021-05-04T18:19:07+00:00\" \/>\n<meta property=\"og:image\" content=\"https:\/\/interamerica.org\/wp-content\/uploads\/2021\/05\/iad-administrators-apr29-mym21-1280.jpg\" \/>\n\t<meta property=\"og:image:width\" content=\"1280\" \/>\n\t<meta property=\"og:image:height\" content=\"800\" \/>\n\t<meta property=\"og:image:type\" content=\"image\/jpeg\" \/>\n<meta name=\"author\" content=\"libna\" \/>\n<meta name=\"twitter:card\" content=\"summary_large_image\" \/>\n<meta name=\"twitter:label1\" content=\"Escrito por\" \/>\n\t<meta name=\"twitter:data1\" content=\"libna\" \/>\n\t<meta name=\"twitter:label2\" content=\"Tiempo de lectura\" \/>\n\t<meta name=\"twitter:data2\" content=\"7 minutos\" \/>\n<script type=\"application\/ld+json\" class=\"yoast-schema-graph\">{\"@context\":\"https:\\\/\\\/schema.org\",\"@graph\":[{\"@type\":\"Article\",\"@id\":\"https:\\\/\\\/interamerica.org\\\/es\\\/2021\\\/05\\\/lideres-de-la-iglesia-adventista-en-interamerica-se-comprometen-a-intensificar-los-esfuerzos-de-evangelizacion-como-nunca-antes\\\/#article\",\"isPartOf\":{\"@id\":\"https:\\\/\\\/interamerica.org\\\/es\\\/2021\\\/05\\\/lideres-de-la-iglesia-adventista-en-interamerica-se-comprometen-a-intensificar-los-esfuerzos-de-evangelizacion-como-nunca-antes\\\/\"},\"author\":{\"name\":\"libna\",\"@id\":\"https:\\\/\\\/interamerica.org\\\/es\\\/#\\\/schema\\\/person\\\/29998f2bc2d8bd0d38662909289b54f1\"},\"headline\":\"L\u00edderes de la Iglesia Adventista en Interam\u00e9rica se comprometen a intensificar los esfuerzos de evangelizaci\u00f3n como nunca antes\",\"datePublished\":\"2021-05-03T23:06:07+00:00\",\"dateModified\":\"2021-05-04T18:19:07+00:00\",\"mainEntityOfPage\":{\"@id\":\"https:\\\/\\\/interamerica.org\\\/es\\\/2021\\\/05\\\/lideres-de-la-iglesia-adventista-en-interamerica-se-comprometen-a-intensificar-los-esfuerzos-de-evangelizacion-como-nunca-antes\\\/\"},\"wordCount\":1465,\"image\":{\"@id\":\"https:\\\/\\\/interamerica.org\\\/es\\\/2021\\\/05\\\/lideres-de-la-iglesia-adventista-en-interamerica-se-comprometen-a-intensificar-los-esfuerzos-de-evangelizacion-como-nunca-antes\\\/#primaryimage\"},\"thumbnailUrl\":\"https:\\\/\\\/interamerica.org\\\/wp-content\\\/uploads\\\/2021\\\/05\\\/iad-administrators-apr29-mym21-1280.jpg\",\"articleSection\":[\"Desde la sede\",\"RSS Espa\u00f1ol\"],\"inLanguage\":\"es\"},{\"@type\":\"WebPage\",\"@id\":\"https:\\\/\\\/interamerica.org\\\/es\\\/2021\\\/05\\\/lideres-de-la-iglesia-adventista-en-interamerica-se-comprometen-a-intensificar-los-esfuerzos-de-evangelizacion-como-nunca-antes\\\/\",\"url\":\"https:\\\/\\\/interamerica.org\\\/es\\\/2021\\\/05\\\/lideres-de-la-iglesia-adventista-en-interamerica-se-comprometen-a-intensificar-los-esfuerzos-de-evangelizacion-como-nunca-antes\\\/\",\"name\":\"L\u00edderes de la Iglesia Adventista en Interam\u00e9rica se comprometen a intensificar los esfuerzos de evangelizaci\u00f3n como nunca antes - Iglesia Adventista del S\u00e9ptimo D\u00eda - Divisi\u00f3n Interamericana\",\"isPartOf\":{\"@id\":\"https:\\\/\\\/interamerica.org\\\/es\\\/#website\"},\"primaryImageOfPage\":{\"@id\":\"https:\\\/\\\/interamerica.org\\\/es\\\/2021\\\/05\\\/lideres-de-la-iglesia-adventista-en-interamerica-se-comprometen-a-intensificar-los-esfuerzos-de-evangelizacion-como-nunca-antes\\\/#primaryimage\"},\"image\":{\"@id\":\"https:\\\/\\\/interamerica.org\\\/es\\\/2021\\\/05\\\/lideres-de-la-iglesia-adventista-en-interamerica-se-comprometen-a-intensificar-los-esfuerzos-de-evangelizacion-como-nunca-antes\\\/#primaryimage\"},\"thumbnailUrl\":\"https:\\\/\\\/interamerica.org\\\/wp-content\\\/uploads\\\/2021\\\/05\\\/iad-administrators-apr29-mym21-1280.jpg\",\"datePublished\":\"2021-05-03T23:06:07+00:00\",\"dateModified\":\"2021-05-04T18:19:07+00:00\",\"author\":{\"@id\":\"https:\\\/\\\/interamerica.org\\\/es\\\/#\\\/schema\\\/person\\\/29998f2bc2d8bd0d38662909289b54f1\"},\"breadcrumb\":{\"@id\":\"https:\\\/\\\/interamerica.org\\\/es\\\/2021\\\/05\\\/lideres-de-la-iglesia-adventista-en-interamerica-se-comprometen-a-intensificar-los-esfuerzos-de-evangelizacion-como-nunca-antes\\\/#breadcrumb\"},\"inLanguage\":\"es\",\"potentialAction\":[{\"@type\":\"ReadAction\",\"target\":[\"https:\\\/\\\/interamerica.org\\\/es\\\/2021\\\/05\\\/lideres-de-la-iglesia-adventista-en-interamerica-se-comprometen-a-intensificar-los-esfuerzos-de-evangelizacion-como-nunca-antes\\\/\"]}]},{\"@type\":\"ImageObject\",\"inLanguage\":\"es\",\"@id\":\"https:\\\/\\\/interamerica.org\\\/es\\\/2021\\\/05\\\/lideres-de-la-iglesia-adventista-en-interamerica-se-comprometen-a-intensificar-los-esfuerzos-de-evangelizacion-como-nunca-antes\\\/#primaryimage\",\"url\":\"https:\\\/\\\/interamerica.org\\\/wp-content\\\/uploads\\\/2021\\\/05\\\/iad-administrators-apr29-mym21-1280.jpg\",\"contentUrl\":\"https:\\\/\\\/interamerica.org\\\/wp-content\\\/uploads\\\/2021\\\/05\\\/iad-administrators-apr29-mym21-1280.jpg\",\"width\":1280,\"height\":800,\"caption\":\"[Fotograf\u00eda: Libna Stevens\\\/DIA]\"},{\"@type\":\"BreadcrumbList\",\"@id\":\"https:\\\/\\\/interamerica.org\\\/es\\\/2021\\\/05\\\/lideres-de-la-iglesia-adventista-en-interamerica-se-comprometen-a-intensificar-los-esfuerzos-de-evangelizacion-como-nunca-antes\\\/#breadcrumb\",\"itemListElement\":[{\"@type\":\"ListItem\",\"position\":1,\"name\":\"Home\",\"item\":\"https:\\\/\\\/interamerica.org\\\/es\\\/\"},{\"@type\":\"ListItem\",\"position\":2,\"name\":\"L\u00edderes de la Iglesia Adventista en Interam\u00e9rica se comprometen a intensificar los esfuerzos de evangelizaci\u00f3n como nunca antes\"}]},{\"@type\":\"WebSite\",\"@id\":\"https:\\\/\\\/interamerica.org\\\/es\\\/#website\",\"url\":\"https:\\\/\\\/interamerica.org\\\/es\\\/\",\"name\":\"Iglesia Adventista del S\u00e9ptimo D\u00eda - Divisi\u00f3n Interamericana\",\"description\":\"\",\"potentialAction\":[{\"@type\":\"SearchAction\",\"target\":{\"@type\":\"EntryPoint\",\"urlTemplate\":\"https:\\\/\\\/interamerica.org\\\/es\\\/?s={search_term_string}\"},\"query-input\":{\"@type\":\"PropertyValueSpecification\",\"valueRequired\":true,\"valueName\":\"search_term_string\"}}],\"inLanguage\":\"es\"},{\"@type\":\"Person\",\"@id\":\"https:\\\/\\\/interamerica.org\\\/es\\\/#\\\/schema\\\/person\\\/29998f2bc2d8bd0d38662909289b54f1\",\"name\":\"libna\",\"image\":{\"@type\":\"ImageObject\",\"inLanguage\":\"es\",\"@id\":\"https:\\\/\\\/secure.gravatar.com\\\/avatar\\\/7c5bd30ae4b47a9ba3c856590957fd1d96dc588bf3ac05719d247e126840331f?s=96&d=mm&r=g\",\"url\":\"https:\\\/\\\/secure.gravatar.com\\\/avatar\\\/7c5bd30ae4b47a9ba3c856590957fd1d96dc588bf3ac05719d247e126840331f?s=96&d=mm&r=g\",\"contentUrl\":\"https:\\\/\\\/secure.gravatar.com\\\/avatar\\\/7c5bd30ae4b47a9ba3c856590957fd1d96dc588bf3ac05719d247e126840331f?s=96&d=mm&r=g\",\"caption\":\"libna\"}}]}<\/script>\n<!-- \/ Yoast SEO plugin. -->","yoast_head_json":{"title":"L\u00edderes de la Iglesia Adventista en Interam\u00e9rica se comprometen a intensificar los esfuerzos de evangelizaci\u00f3n como nunca antes - Iglesia Adventista del S\u00e9ptimo D\u00eda - Divisi\u00f3n Interamericana","robots":{"index":"index","follow":"follow","max-snippet":"max-snippet:-1","max-image-preview":"max-image-preview:large","max-video-preview":"max-video-preview:-1"},"canonical":"https:\/\/interamerica.org\/es\/2021\/05\/lideres-de-la-iglesia-adventista-en-interamerica-se-comprometen-a-intensificar-los-esfuerzos-de-evangelizacion-como-nunca-antes\/","og_locale":"es_ES","og_type":"article","og_title":"L\u00edderes de la Iglesia Adventista en Interam\u00e9rica se comprometen a intensificar los esfuerzos de evangelizaci\u00f3n como nunca antes - Iglesia Adventista del S\u00e9ptimo D\u00eda - Divisi\u00f3n Interamericana","og_description":"3 de mayo de 2021 | Miami, Florida, Estados Unidos | Libna Stevens, Noticias de la Divisi\u00f3n Interamericana El evangelismo continuar\u00e1 siendo una prioridad principal para la Iglesia Adventista del...","og_url":"https:\/\/interamerica.org\/es\/2021\/05\/lideres-de-la-iglesia-adventista-en-interamerica-se-comprometen-a-intensificar-los-esfuerzos-de-evangelizacion-como-nunca-antes\/","og_site_name":"Iglesia Adventista del S\u00e9ptimo D\u00eda - Divisi\u00f3n Interamericana","article_published_time":"2021-05-03T23:06:07+00:00","article_modified_time":"2021-05-04T18:19:07+00:00","og_image":[{"width":1280,"height":800,"url":"https:\/\/interamerica.org\/wp-content\/uploads\/2021\/05\/iad-administrators-apr29-mym21-1280.jpg","type":"image\/jpeg"}],"author":"libna","twitter_card":"summary_large_image","twitter_misc":{"Escrito por":"libna","Tiempo de lectura":"7 minutos"},"schema":{"@context":"https:\/\/schema.org","@graph":[{"@type":"Article","@id":"https:\/\/interamerica.org\/es\/2021\/05\/lideres-de-la-iglesia-adventista-en-interamerica-se-comprometen-a-intensificar-los-esfuerzos-de-evangelizacion-como-nunca-antes\/#article","isPartOf":{"@id":"https:\/\/interamerica.org\/es\/2021\/05\/lideres-de-la-iglesia-adventista-en-interamerica-se-comprometen-a-intensificar-los-esfuerzos-de-evangelizacion-como-nunca-antes\/"},"author":{"name":"libna","@id":"https:\/\/interamerica.org\/es\/#\/schema\/person\/29998f2bc2d8bd0d38662909289b54f1"},"headline":"L\u00edderes de la Iglesia Adventista en Interam\u00e9rica se comprometen a intensificar los esfuerzos de evangelizaci\u00f3n como nunca antes","datePublished":"2021-05-03T23:06:07+00:00","dateModified":"2021-05-04T18:19:07+00:00","mainEntityOfPage":{"@id":"https:\/\/interamerica.org\/es\/2021\/05\/lideres-de-la-iglesia-adventista-en-interamerica-se-comprometen-a-intensificar-los-esfuerzos-de-evangelizacion-como-nunca-antes\/"},"wordCount":1465,"image":{"@id":"https:\/\/interamerica.org\/es\/2021\/05\/lideres-de-la-iglesia-adventista-en-interamerica-se-comprometen-a-intensificar-los-esfuerzos-de-evangelizacion-como-nunca-antes\/#primaryimage"},"thumbnailUrl":"https:\/\/interamerica.org\/wp-content\/uploads\/2021\/05\/iad-administrators-apr29-mym21-1280.jpg","articleSection":["Desde la sede","RSS Espa\u00f1ol"],"inLanguage":"es"},{"@type":"WebPage","@id":"https:\/\/interamerica.org\/es\/2021\/05\/lideres-de-la-iglesia-adventista-en-interamerica-se-comprometen-a-intensificar-los-esfuerzos-de-evangelizacion-como-nunca-antes\/","url":"https:\/\/interamerica.org\/es\/2021\/05\/lideres-de-la-iglesia-adventista-en-interamerica-se-comprometen-a-intensificar-los-esfuerzos-de-evangelizacion-como-nunca-antes\/","name":"L\u00edderes de la Iglesia Adventista en Interam\u00e9rica se comprometen a intensificar los esfuerzos de evangelizaci\u00f3n como nunca antes - Iglesia Adventista del S\u00e9ptimo D\u00eda - Divisi\u00f3n Interamericana","isPartOf":{"@id":"https:\/\/interamerica.org\/es\/#website"},"primaryImageOfPage":{"@id":"https:\/\/interamerica.org\/es\/2021\/05\/lideres-de-la-iglesia-adventista-en-interamerica-se-comprometen-a-intensificar-los-esfuerzos-de-evangelizacion-como-nunca-antes\/#primaryimage"},"image":{"@id":"https:\/\/interamerica.org\/es\/2021\/05\/lideres-de-la-iglesia-adventista-en-interamerica-se-comprometen-a-intensificar-los-esfuerzos-de-evangelizacion-como-nunca-antes\/#primaryimage"},"thumbnailUrl":"https:\/\/interamerica.org\/wp-content\/uploads\/2021\/05\/iad-administrators-apr29-mym21-1280.jpg","datePublished":"2021-05-03T23:06:07+00:00","dateModified":"2021-05-04T18:19:07+00:00","author":{"@id":"https:\/\/interamerica.org\/es\/#\/schema\/person\/29998f2bc2d8bd0d38662909289b54f1"},"breadcrumb":{"@id":"https:\/\/interamerica.org\/es\/2021\/05\/lideres-de-la-iglesia-adventista-en-interamerica-se-comprometen-a-intensificar-los-esfuerzos-de-evangelizacion-como-nunca-antes\/#breadcrumb"},"inLanguage":"es","potentialAction":[{"@type":"ReadAction","target":["https:\/\/interamerica.org\/es\/2021\/05\/lideres-de-la-iglesia-adventista-en-interamerica-se-comprometen-a-intensificar-los-esfuerzos-de-evangelizacion-como-nunca-antes\/"]}]},{"@type":"ImageObject","inLanguage":"es","@id":"https:\/\/interamerica.org\/es\/2021\/05\/lideres-de-la-iglesia-adventista-en-interamerica-se-comprometen-a-intensificar-los-esfuerzos-de-evangelizacion-como-nunca-antes\/#primaryimage","url":"https:\/\/interamerica.org\/wp-content\/uploads\/2021\/05\/iad-administrators-apr29-mym21-1280.jpg","contentUrl":"https:\/\/interamerica.org\/wp-content\/uploads\/2021\/05\/iad-administrators-apr29-mym21-1280.jpg","width":1280,"height":800,"caption":"[Fotograf\u00eda: Libna Stevens\/DIA]"},{"@type":"BreadcrumbList","@id":"https:\/\/interamerica.org\/es\/2021\/05\/lideres-de-la-iglesia-adventista-en-interamerica-se-comprometen-a-intensificar-los-esfuerzos-de-evangelizacion-como-nunca-antes\/#breadcrumb","itemListElement":[{"@type":"ListItem","position":1,"name":"Home","item":"https:\/\/interamerica.org\/es\/"},{"@type":"ListItem","position":2,"name":"L\u00edderes de la Iglesia Adventista en Interam\u00e9rica se comprometen a intensificar los esfuerzos de evangelizaci\u00f3n como nunca antes"}]},{"@type":"WebSite","@id":"https:\/\/interamerica.org\/es\/#website","url":"https:\/\/interamerica.org\/es\/","name":"Iglesia Adventista del S\u00e9ptimo D\u00eda - Divisi\u00f3n Interamericana","description":"","potentialAction":[{"@type":"SearchAction","target":{"@type":"EntryPoint","urlTemplate":"https:\/\/interamerica.org\/es\/?s={search_term_string}"},"query-input":{"@type":"PropertyValueSpecification","valueRequired":true,"valueName":"search_term_string"}}],"inLanguage":"es"},{"@type":"Person","@id":"https:\/\/interamerica.org\/es\/#\/schema\/person\/29998f2bc2d8bd0d38662909289b54f1","name":"libna","image":{"@type":"ImageObject","inLanguage":"es","@id":"https:\/\/secure.gravatar.com\/avatar\/7c5bd30ae4b47a9ba3c856590957fd1d96dc588bf3ac05719d247e126840331f?s=96&d=mm&r=g","url":"https:\/\/secure.gravatar.com\/avatar\/7c5bd30ae4b47a9ba3c856590957fd1d96dc588bf3ac05719d247e126840331f?s=96&d=mm&r=g","contentUrl":"https:\/\/secure.gravatar.com\/avatar\/7c5bd30ae4b47a9ba3c856590957fd1d96dc588bf3ac05719d247e126840331f?s=96&d=mm&r=g","caption":"libna"}}]}},"_links":{"self":[{"href":"https:\/\/interamerica.org\/es\/wp-json\/wp\/v2\/posts\/71466","targetHints":{"allow":["GET"]}}],"collection":[{"href":"https:\/\/interamerica.org\/es\/wp-json\/wp\/v2\/posts"}],"about":[{"href":"https:\/\/interamerica.org\/es\/wp-json\/wp\/v2\/types\/post"}],"author":[{"embeddable":true,"href":"https:\/\/interamerica.org\/es\/wp-json\/wp\/v2\/users\/3"}],"replies":[{"embeddable":true,"href":"https:\/\/interamerica.org\/es\/wp-json\/wp\/v2\/comments?post=71466"}],"version-history":[{"count":0,"href":"https:\/\/interamerica.org\/es\/wp-json\/wp\/v2\/posts\/71466\/revisions"}],"wp:featuredmedia":[{"embeddable":true,"href":"https:\/\/interamerica.org\/es\/wp-json\/wp\/v2\/media\/71457"}],"wp:attachment":[{"href":"https:\/\/interamerica.org\/es\/wp-json\/wp\/v2\/media?parent=71466"}],"wp:term":[{"taxonomy":"category","embeddable":true,"href":"https:\/\/interamerica.org\/es\/wp-json\/wp\/v2\/categories?post=71466"},{"taxonomy":"post_tag","embeddable":true,"href":"https:\/\/interamerica.org\/es\/wp-json\/wp\/v2\/tags?post=71466"}],"curies":[{"name":"wp","href":"https:\/\/api.w.org\/{rel}","templated":true}]}}