{"id":71708,"date":"2021-05-10T20:36:59","date_gmt":"2021-05-11T00:36:59","guid":{"rendered":"https:\/\/recursing-golick.147-182-135-0.plesk.page\/?p=71708"},"modified":"2021-05-12T10:50:15","modified_gmt":"2021-05-12T14:50:15","slug":"la-iglesia-adventista-de-interamerica-destaca-las-oportunidades-de-servicios-voluntarios","status":"publish","type":"post","link":"https:\/\/interamerica.org\/es\/2021\/05\/la-iglesia-adventista-de-interamerica-destaca-las-oportunidades-de-servicios-voluntarios\/","title":{"rendered":"La Iglesia Adventista de Interam\u00e9rica destaca las oportunidades de Servicios Voluntarios"},"content":{"rendered":"<p>10 de mayo de 2021 | Miami, Florida, Estados Unidos | Libna Stevens, Noticias de la Divisi\u00f3n Interamericana<\/p>\n<p>La Secretar\u00eda de Servicio Voluntario Adventista (AVS) de la Divisi\u00f3n Interamericana quiere seguir alentando a los miembros de iglesia tanto j\u00f3venes como mayores a que sirvan en diversos puestos en todo el territorio de Interam\u00e9rica y en la iglesia mundial. El llamado fue dado en instancias en que los l\u00edderes de la Iglesia Adventista en la Divisi\u00f3n Interamericana celebraron el trabajo de voluntarios activos que prestan servicios actualmente en el territorio y en diversas partes del mundo, durante un programa especial virtual en vivo llevado a cabo el 8 de mayo de 2021.<\/p>\n<p>Servicio Voluntario Adventista es un programa oficial de la Asociaci\u00f3n General de la Iglesia Adventista del S\u00e9ptimo D\u00eda que conecta las habilidades de los voluntarios con oportunidades en todo el mundo.<\/p>\n<p>El evento en l\u00ednea, denominado D\u00eda del Servicio Voluntario Adventista, cont\u00f3 con presentaciones sobre el servicio en diversos contextos culturales, testimonios de voluntarios activos, sesiones de preguntas y respuestas, y la presentaci\u00f3n de oportunidades actuales de servicio, entre otros.<\/p>\n<p><div id=\"attachment_71723\" style=\"width: 938px\" class=\"wp-caption aligncenter\"><img fetchpriority=\"high\" decoding=\"async\" aria-describedby=\"caption-attachment-71723\" class=\" wp-image-71723\" src=\"https:\/\/recursing-golick.147-182-135-0.plesk.page\/wp-content\/uploads\/2021\/05\/avs-volunteers-2021-rev-1024x459.jpg\" alt=\"\" width=\"928\" height=\"416\" srcset=\"https:\/\/interamerica.org\/wp-content\/uploads\/2021\/05\/avs-volunteers-2021-rev-1024x459.jpg 1024w, https:\/\/interamerica.org\/wp-content\/uploads\/2021\/05\/avs-volunteers-2021-rev-300x134.jpg 300w, https:\/\/interamerica.org\/wp-content\/uploads\/2021\/05\/avs-volunteers-2021-rev-768x344.jpg 768w, https:\/\/interamerica.org\/wp-content\/uploads\/2021\/05\/avs-volunteers-2021-rev.jpg 1100w\" sizes=\"(max-width: 928px) 100vw, 928px\" \/><p id=\"caption-attachment-71723\" class=\"wp-caption-text\">Cecilia Nanni (izquierda), coordinadora de Servicios Voluntarios Adventistas en la Divisi\u00f3n Euroasi\u00e1tica, comparte oportunidades para voluntarios, mientras que Irene Jim\u00e9nez (derecha), de la Universidad de Montemorelos en M\u00e9xico y quien actualmente presta servicios en esa regi\u00f3n, observa antes de compartir su experiencia. Decenas de l\u00edderes y miembros se reunieron durante un evento en l\u00ednea el 8 de mayo de 2021, para celebrar el D\u00eda del Servicio Voluntario Adventista y aprender de oportunidades de servicio en la Divisi\u00f3n Interamericana y en diversos lugares del mundo. [Fotograf\u00eda: captura de pantalla de la DIA]<\/p><\/div>\u201cNos agrada y nos hace sentir satisfechos coordinar este programa para reafirmar a los voluntarios respecto del precioso ministerio que est\u00e1n brindando en toda la Divisi\u00f3n Interamericana y el mundo\u201d, dijo el pastor Leonard Johnson, secretario ejecutivo de la Iglesia Adventista en Interam\u00e9rica y quien supervisa Servicio Voluntario Adventista.<\/p>\n<p>\u201cHay un gran privilegio en lo que significa ser voluntario en la misi\u00f3n para Dios\u201d, dijo. Participar de la misi\u00f3n significa estar preparado con las habilidades, el idioma, las capacidades de educaci\u00f3n, y la conservaci\u00f3n y el desarrollo de una conexi\u00f3n m\u00e1s profunda con Dios, dijo el pastor Johnson. \u201cLa preparaci\u00f3n intercultural es clave para estar equipados, ser sensibles y efectivos para alcanzar a otras culturas\u201d, dijo.<\/p>\n<p>El evento tuvo por prop\u00f3sito conservar vivo el sue\u00f1o del servicio voluntario dentro de la Divisi\u00f3n Interamericana, dijo Janelle Scantlebury-Smith, coordinadora de Servicio Voluntario Adventista para la Iglesia Adventista en Interam\u00e9rica. \u201cQueremos involucrar a m\u00e1s voluntarios que acaso no han considerado una vida de servicio voluntario\u201d, expres\u00f3. \u201cEl programa tambi\u00e9n constituy\u00f3 un foro para que todos los futuros voluntarios de la DIA se conecten directamente con los coordinadores de AVS en los pa\u00edses y divisiones donde se encuentran disponibles las oportunidades de ser voluntarios\u201d.<\/p>\n<p><div id=\"attachment_71689\" style=\"width: 799px\" class=\"wp-caption aligncenter\"><img decoding=\"async\" aria-describedby=\"caption-attachment-71689\" class=\" wp-image-71689\" src=\"https:\/\/recursing-golick.147-182-135-0.plesk.page\/wp-content\/uploads\/2021\/05\/janelle-scantlebury-smith.jpg\" alt=\"\" width=\"789\" height=\"442\" srcset=\"https:\/\/interamerica.org\/wp-content\/uploads\/2021\/05\/janelle-scantlebury-smith.jpg 1000w, https:\/\/interamerica.org\/wp-content\/uploads\/2021\/05\/janelle-scantlebury-smith-300x168.jpg 300w, https:\/\/interamerica.org\/wp-content\/uploads\/2021\/05\/janelle-scantlebury-smith-768x430.jpg 768w\" sizes=\"(max-width: 789px) 100vw, 789px\" \/><p id=\"caption-attachment-71689\" class=\"wp-caption-text\">Janelle Scantlebury-Smith, coordinadora de Servicio Voluntario Adventista de la Iglesia Adventista en Interam\u00e9rica, dirige el evento por Zoom de cuatro horas de duraci\u00f3n, el pasado 8 de mayo de 2021. [Fotograf\u00eda: captura de pantalla de la DIA]<\/p><\/div>Aunque las organizaciones tuvieron que cerrar sus puertas a los voluntarios el a\u00f1o pasado debido a la pandemia, muchos est\u00e1n reduciendo las restricciones para las oportunidades de servicio en diversas partes del mundo, dijo Scantlebury-Smith. \u201cEn Interam\u00e9rica, hay opciones para que voluntarios sirvan en l\u00ednea\u201d, dijo. En el presente, hay 21 voluntarios adventistas de Interam\u00e9rica que est\u00e1n sirviendo a la iglesia mundial, y sesenta que est\u00e1n esperando ser asignados para prestar servicios fuera del territorio de la Divisi\u00f3n Interamericana.<\/p>\n<p>Cecilia N., que coordina Servicio Voluntario Adventista en una de las uniones de la Divisi\u00f3n Euroasi\u00e1tica, comparti\u00f3 con la audiencia las muchas oportunidades de aprender y crecer donde ella ha estado haciendo arreglos para los que prestan servicios en Rusia y otros pa\u00edses. Irene Jim\u00e9nez, de la Universidad de Montemorelos, M\u00e9xico, que ha estado prestando servicios como voluntaria en la regi\u00f3n, dice que se le hizo dif\u00edcil adaptarse a la cultura pero que su experiencia le ha tra\u00eddo muchas recompensas en su labor como voluntaria all\u00ed tan lejos de su hogar.<\/p>\n<p>Varias organizaciones de Servicio Voluntario Adventista en la Divisi\u00f3n Interamericana est\u00e1n actualmente reclutando voluntarios en una modalidad virtual en Panam\u00e1 y Colombia, adem\u00e1s de otras oportunidades presenciales en otras partes.<\/p>\n<p><div id=\"attachment_71683\" style=\"width: 879px\" class=\"wp-caption aligncenter\"><img decoding=\"async\" aria-describedby=\"caption-attachment-71683\" class=\" wp-image-71681\" src=\"https:\/\/recursing-golick.147-182-135-0.plesk.page\/wp-content\/uploads\/2021\/05\/avs-southernasia-pacifi-division-1024x463.jpg\" alt=\"\" width=\"869\" height=\"393\" srcset=\"https:\/\/interamerica.org\/wp-content\/uploads\/2021\/05\/avs-southernasia-pacifi-division-1024x463.jpg 1024w, https:\/\/interamerica.org\/wp-content\/uploads\/2021\/05\/avs-southernasia-pacifi-division-300x136.jpg 300w, https:\/\/interamerica.org\/wp-content\/uploads\/2021\/05\/avs-southernasia-pacifi-division-768x347.jpg 768w, https:\/\/interamerica.org\/wp-content\/uploads\/2021\/05\/avs-southernasia-pacifi-division.jpg 1200w\" sizes=\"(max-width: 869px) 100vw, 869px\" \/><p id=\"caption-attachment-71683\" class=\"wp-caption-text\">El pastor Kevin Costello, secretario asociado de la Divisi\u00f3n de Asia-Pacif\u00edco Sur, muestra las oportunidades disponibles para el servicio voluntario durante su presentaci\u00f3n. [Fotograf\u00eda: captura de la DIA]<\/p><\/div>Coordinadores de Servicio Voluntario Adventista en la Divisi\u00f3n de Asia-Pac\u00edfico Sur, la Divisi\u00f3n Euroasi\u00e1tica, la Divisi\u00f3n Sudamericana y la Divisi\u00f3n de \u00c1frica Centro-Occidental, adem\u00e1s de los del campo de Oriente Medio y Norte de \u00c1frica, presentaron oportunidades de servicio y respondieron preguntas a los interesados en el servicio voluntario.<\/p>\n<p>Los voluntarios y los potenciales voluntarios recibieron herramientas para servir mejor en un contexto musulm\u00e1n o chino. Voluntarios que est\u00e1n prestando servicios tambi\u00e9n compartieron experiencias breves de los lugares donde prestan servicios, y animaron a los que segu\u00edan el programa para que dediquen tiempo para alcanzar a otros para Cristo.<\/p>\n<p>Muchas de las oportunidades disponibles en el presente incluyen ense\u00f1ar ingl\u00e9s como segunda lengua, dijo Scantlebury-Smith, pero pronto habr\u00e1 otras disponibles.<\/p>\n<p><div id=\"attachment_71680\" style=\"width: 828px\" class=\"wp-caption aligncenter\"><img loading=\"lazy\" decoding=\"async\" aria-describedby=\"caption-attachment-71680\" class=\" wp-image-71680\" src=\"https:\/\/recursing-golick.147-182-135-0.plesk.page\/wp-content\/uploads\/2021\/05\/avs-edmun-cao-china.jpg\" alt=\"\" width=\"818\" height=\"459\" srcset=\"https:\/\/interamerica.org\/wp-content\/uploads\/2021\/05\/avs-edmun-cao-china.jpg 1000w, https:\/\/interamerica.org\/wp-content\/uploads\/2021\/05\/avs-edmun-cao-china-300x168.jpg 300w, https:\/\/interamerica.org\/wp-content\/uploads\/2021\/05\/avs-edmun-cao-china-768x431.jpg 768w\" sizes=\"(max-width: 818px) 100vw, 818px\" \/><p id=\"caption-attachment-71680\" class=\"wp-caption-text\">Edmund Cao, coordinador de AVS en la Uni\u00f3n China, habla durante su presentaci\u00f3n de lo que hay que hacer y lo que no cuando se prestan servicios en pa\u00edses de Asia. [Fotograf\u00eda: captura de pantalla de la DIA]<\/p><\/div>\u201cQueremos que la misi\u00f3n sea intencional para ustedes\u201d, dijo Scantlebury-Smith. \u201cNo tiene que ver tan solo con viajar a otro lugar sino en alcanzar a otros con el evangelio\u201d.<\/p>\n<p>Para saber m\u00e1s sobre c\u00f3mo registrarse como voluntario en la Divisi\u00f3n Interamericana y en la Iglesia Adventista mundial, p\u00f3ngase en contacto con el coordinador de Servicio Voluntario Adventista de su uni\u00f3n, e ingrese a <a href=\"https:\/\/www.adventistvolunteers.org\/\">adventistvolunteers.org<\/a><\/p>\n<p>Traducci\u00f3n de Marcos Paseggi<\/p>\n","protected":false},"excerpt":{"rendered":"<p>10 de mayo de 2021 | Miami, Florida, Estados Unidos | Libna Stevens, Noticias de la Divisi\u00f3n Interamericana La Secretar\u00eda de Servicio Voluntario Adventista (AVS) de la Divisi\u00f3n Interamericana quiere&#8230;<\/p>\n","protected":false},"author":3,"featured_media":71723,"comment_status":"closed","ping_status":"closed","sticky":false,"template":"","format":"standard","meta":{"_acf_changed":false,"footnotes":""},"categories":[16,15],"tags":[],"class_list":["post-71708","post","type-post","status-publish","format-standard","has-post-thumbnail","hentry","category-desde-la-sede","category-rss-espanol"],"acf":[],"yoast_head":"<!-- This site is optimized with the Yoast SEO plugin v27.3 - https:\/\/yoast.com\/product\/yoast-seo-wordpress\/ -->\n<title>La Iglesia Adventista de Interam\u00e9rica destaca las oportunidades de Servicios Voluntarios - Iglesia Adventista del S\u00e9ptimo D\u00eda - Divisi\u00f3n Interamericana<\/title>\n<meta name=\"robots\" content=\"index, follow, max-snippet:-1, max-image-preview:large, max-video-preview:-1\" \/>\n<link rel=\"canonical\" href=\"https:\/\/interamerica.org\/es\/2021\/05\/la-iglesia-adventista-de-interamerica-destaca-las-oportunidades-de-servicios-voluntarios\/\" \/>\n<meta property=\"og:locale\" content=\"es_ES\" \/>\n<meta property=\"og:type\" content=\"article\" \/>\n<meta property=\"og:title\" content=\"La Iglesia Adventista de Interam\u00e9rica destaca las oportunidades de Servicios Voluntarios - Iglesia Adventista del S\u00e9ptimo D\u00eda - Divisi\u00f3n Interamericana\" \/>\n<meta property=\"og:description\" content=\"10 de mayo de 2021 | Miami, Florida, Estados Unidos | Libna Stevens, Noticias de la Divisi\u00f3n Interamericana La Secretar\u00eda de Servicio Voluntario Adventista (AVS) de la Divisi\u00f3n Interamericana quiere...\" \/>\n<meta property=\"og:url\" content=\"https:\/\/interamerica.org\/es\/2021\/05\/la-iglesia-adventista-de-interamerica-destaca-las-oportunidades-de-servicios-voluntarios\/\" \/>\n<meta property=\"og:site_name\" content=\"Iglesia Adventista del S\u00e9ptimo D\u00eda - Divisi\u00f3n Interamericana\" \/>\n<meta property=\"article:published_time\" content=\"2021-05-11T00:36:59+00:00\" \/>\n<meta property=\"article:modified_time\" content=\"2021-05-12T14:50:15+00:00\" \/>\n<meta property=\"og:image\" content=\"https:\/\/interamerica.org\/wp-content\/uploads\/2021\/05\/avs-volunteers-2021-rev.jpg\" \/>\n\t<meta property=\"og:image:width\" content=\"1100\" \/>\n\t<meta property=\"og:image:height\" content=\"493\" \/>\n\t<meta property=\"og:image:type\" content=\"image\/jpeg\" \/>\n<meta name=\"author\" content=\"libna\" \/>\n<meta name=\"twitter:card\" content=\"summary_large_image\" \/>\n<meta name=\"twitter:label1\" content=\"Escrito por\" \/>\n\t<meta name=\"twitter:data1\" content=\"libna\" \/>\n\t<meta name=\"twitter:label2\" content=\"Tiempo de lectura\" \/>\n\t<meta name=\"twitter:data2\" content=\"6 minutos\" \/>\n<script type=\"application\/ld+json\" class=\"yoast-schema-graph\">{\"@context\":\"https:\\\/\\\/schema.org\",\"@graph\":[{\"@type\":\"Article\",\"@id\":\"https:\\\/\\\/interamerica.org\\\/es\\\/2021\\\/05\\\/la-iglesia-adventista-de-interamerica-destaca-las-oportunidades-de-servicios-voluntarios\\\/#article\",\"isPartOf\":{\"@id\":\"https:\\\/\\\/interamerica.org\\\/es\\\/2021\\\/05\\\/la-iglesia-adventista-de-interamerica-destaca-las-oportunidades-de-servicios-voluntarios\\\/\"},\"author\":{\"name\":\"libna\",\"@id\":\"https:\\\/\\\/interamerica.org\\\/es\\\/#\\\/schema\\\/person\\\/29998f2bc2d8bd0d38662909289b54f1\"},\"headline\":\"La Iglesia Adventista de Interam\u00e9rica destaca las oportunidades de Servicios Voluntarios\",\"datePublished\":\"2021-05-11T00:36:59+00:00\",\"dateModified\":\"2021-05-12T14:50:15+00:00\",\"mainEntityOfPage\":{\"@id\":\"https:\\\/\\\/interamerica.org\\\/es\\\/2021\\\/05\\\/la-iglesia-adventista-de-interamerica-destaca-las-oportunidades-de-servicios-voluntarios\\\/\"},\"wordCount\":1083,\"image\":{\"@id\":\"https:\\\/\\\/interamerica.org\\\/es\\\/2021\\\/05\\\/la-iglesia-adventista-de-interamerica-destaca-las-oportunidades-de-servicios-voluntarios\\\/#primaryimage\"},\"thumbnailUrl\":\"https:\\\/\\\/interamerica.org\\\/wp-content\\\/uploads\\\/2021\\\/05\\\/avs-volunteers-2021-rev.jpg\",\"articleSection\":[\"Desde la sede\",\"RSS Espa\u00f1ol\"],\"inLanguage\":\"es\"},{\"@type\":\"WebPage\",\"@id\":\"https:\\\/\\\/interamerica.org\\\/es\\\/2021\\\/05\\\/la-iglesia-adventista-de-interamerica-destaca-las-oportunidades-de-servicios-voluntarios\\\/\",\"url\":\"https:\\\/\\\/interamerica.org\\\/es\\\/2021\\\/05\\\/la-iglesia-adventista-de-interamerica-destaca-las-oportunidades-de-servicios-voluntarios\\\/\",\"name\":\"La Iglesia Adventista de Interam\u00e9rica destaca las oportunidades de Servicios Voluntarios - Iglesia Adventista del S\u00e9ptimo D\u00eda - Divisi\u00f3n Interamericana\",\"isPartOf\":{\"@id\":\"https:\\\/\\\/interamerica.org\\\/es\\\/#website\"},\"primaryImageOfPage\":{\"@id\":\"https:\\\/\\\/interamerica.org\\\/es\\\/2021\\\/05\\\/la-iglesia-adventista-de-interamerica-destaca-las-oportunidades-de-servicios-voluntarios\\\/#primaryimage\"},\"image\":{\"@id\":\"https:\\\/\\\/interamerica.org\\\/es\\\/2021\\\/05\\\/la-iglesia-adventista-de-interamerica-destaca-las-oportunidades-de-servicios-voluntarios\\\/#primaryimage\"},\"thumbnailUrl\":\"https:\\\/\\\/interamerica.org\\\/wp-content\\\/uploads\\\/2021\\\/05\\\/avs-volunteers-2021-rev.jpg\",\"datePublished\":\"2021-05-11T00:36:59+00:00\",\"dateModified\":\"2021-05-12T14:50:15+00:00\",\"author\":{\"@id\":\"https:\\\/\\\/interamerica.org\\\/es\\\/#\\\/schema\\\/person\\\/29998f2bc2d8bd0d38662909289b54f1\"},\"breadcrumb\":{\"@id\":\"https:\\\/\\\/interamerica.org\\\/es\\\/2021\\\/05\\\/la-iglesia-adventista-de-interamerica-destaca-las-oportunidades-de-servicios-voluntarios\\\/#breadcrumb\"},\"inLanguage\":\"es\",\"potentialAction\":[{\"@type\":\"ReadAction\",\"target\":[\"https:\\\/\\\/interamerica.org\\\/es\\\/2021\\\/05\\\/la-iglesia-adventista-de-interamerica-destaca-las-oportunidades-de-servicios-voluntarios\\\/\"]}]},{\"@type\":\"ImageObject\",\"inLanguage\":\"es\",\"@id\":\"https:\\\/\\\/interamerica.org\\\/es\\\/2021\\\/05\\\/la-iglesia-adventista-de-interamerica-destaca-las-oportunidades-de-servicios-voluntarios\\\/#primaryimage\",\"url\":\"https:\\\/\\\/interamerica.org\\\/wp-content\\\/uploads\\\/2021\\\/05\\\/avs-volunteers-2021-rev.jpg\",\"contentUrl\":\"https:\\\/\\\/interamerica.org\\\/wp-content\\\/uploads\\\/2021\\\/05\\\/avs-volunteers-2021-rev.jpg\",\"width\":1100,\"height\":493,\"caption\":\"Cecilia Nanni (izquierda), coordinadora de Servicios Voluntarios Adventistas en la Divisi\u00f3n Euroasi\u00e1tica, comparte oportunidades para voluntarios, mientras que Irene Jim\u00e9nez (derecha), de la Universidad de Montemorelos en M\u00e9xico y quien actualmente presta servicios en esa regi\u00f3n, observa antes de compartir su experiencia. Decenas de l\u00edderes y miembros se reunieron durante un evento en l\u00ednea el 8 de mayo de 2021, para celebrar el D\u00eda del Servicio Voluntario Adventista y aprender de oportunidades de servicio en la Divisi\u00f3n Interamericana y en diversos lugares del mundo. [Fotograf\u00eda: captura de pantalla de la DIA]\"},{\"@type\":\"BreadcrumbList\",\"@id\":\"https:\\\/\\\/interamerica.org\\\/es\\\/2021\\\/05\\\/la-iglesia-adventista-de-interamerica-destaca-las-oportunidades-de-servicios-voluntarios\\\/#breadcrumb\",\"itemListElement\":[{\"@type\":\"ListItem\",\"position\":1,\"name\":\"Home\",\"item\":\"https:\\\/\\\/interamerica.org\\\/es\\\/\"},{\"@type\":\"ListItem\",\"position\":2,\"name\":\"La Iglesia Adventista de Interam\u00e9rica destaca las oportunidades de Servicios Voluntarios\"}]},{\"@type\":\"WebSite\",\"@id\":\"https:\\\/\\\/interamerica.org\\\/es\\\/#website\",\"url\":\"https:\\\/\\\/interamerica.org\\\/es\\\/\",\"name\":\"Iglesia Adventista del S\u00e9ptimo D\u00eda - Divisi\u00f3n Interamericana\",\"description\":\"\",\"potentialAction\":[{\"@type\":\"SearchAction\",\"target\":{\"@type\":\"EntryPoint\",\"urlTemplate\":\"https:\\\/\\\/interamerica.org\\\/es\\\/?s={search_term_string}\"},\"query-input\":{\"@type\":\"PropertyValueSpecification\",\"valueRequired\":true,\"valueName\":\"search_term_string\"}}],\"inLanguage\":\"es\"},{\"@type\":\"Person\",\"@id\":\"https:\\\/\\\/interamerica.org\\\/es\\\/#\\\/schema\\\/person\\\/29998f2bc2d8bd0d38662909289b54f1\",\"name\":\"libna\",\"image\":{\"@type\":\"ImageObject\",\"inLanguage\":\"es\",\"@id\":\"https:\\\/\\\/secure.gravatar.com\\\/avatar\\\/7c5bd30ae4b47a9ba3c856590957fd1d96dc588bf3ac05719d247e126840331f?s=96&d=mm&r=g\",\"url\":\"https:\\\/\\\/secure.gravatar.com\\\/avatar\\\/7c5bd30ae4b47a9ba3c856590957fd1d96dc588bf3ac05719d247e126840331f?s=96&d=mm&r=g\",\"contentUrl\":\"https:\\\/\\\/secure.gravatar.com\\\/avatar\\\/7c5bd30ae4b47a9ba3c856590957fd1d96dc588bf3ac05719d247e126840331f?s=96&d=mm&r=g\",\"caption\":\"libna\"}}]}<\/script>\n<!-- \/ Yoast SEO plugin. -->","yoast_head_json":{"title":"La Iglesia Adventista de Interam\u00e9rica destaca las oportunidades de Servicios Voluntarios - Iglesia Adventista del S\u00e9ptimo D\u00eda - Divisi\u00f3n Interamericana","robots":{"index":"index","follow":"follow","max-snippet":"max-snippet:-1","max-image-preview":"max-image-preview:large","max-video-preview":"max-video-preview:-1"},"canonical":"https:\/\/interamerica.org\/es\/2021\/05\/la-iglesia-adventista-de-interamerica-destaca-las-oportunidades-de-servicios-voluntarios\/","og_locale":"es_ES","og_type":"article","og_title":"La Iglesia Adventista de Interam\u00e9rica destaca las oportunidades de Servicios Voluntarios - Iglesia Adventista del S\u00e9ptimo D\u00eda - Divisi\u00f3n Interamericana","og_description":"10 de mayo de 2021 | Miami, Florida, Estados Unidos | Libna Stevens, Noticias de la Divisi\u00f3n Interamericana La Secretar\u00eda de Servicio Voluntario Adventista (AVS) de la Divisi\u00f3n Interamericana quiere...","og_url":"https:\/\/interamerica.org\/es\/2021\/05\/la-iglesia-adventista-de-interamerica-destaca-las-oportunidades-de-servicios-voluntarios\/","og_site_name":"Iglesia Adventista del S\u00e9ptimo D\u00eda - Divisi\u00f3n Interamericana","article_published_time":"2021-05-11T00:36:59+00:00","article_modified_time":"2021-05-12T14:50:15+00:00","og_image":[{"width":1100,"height":493,"url":"https:\/\/interamerica.org\/wp-content\/uploads\/2021\/05\/avs-volunteers-2021-rev.jpg","type":"image\/jpeg"}],"author":"libna","twitter_card":"summary_large_image","twitter_misc":{"Escrito por":"libna","Tiempo de lectura":"6 minutos"},"schema":{"@context":"https:\/\/schema.org","@graph":[{"@type":"Article","@id":"https:\/\/interamerica.org\/es\/2021\/05\/la-iglesia-adventista-de-interamerica-destaca-las-oportunidades-de-servicios-voluntarios\/#article","isPartOf":{"@id":"https:\/\/interamerica.org\/es\/2021\/05\/la-iglesia-adventista-de-interamerica-destaca-las-oportunidades-de-servicios-voluntarios\/"},"author":{"name":"libna","@id":"https:\/\/interamerica.org\/es\/#\/schema\/person\/29998f2bc2d8bd0d38662909289b54f1"},"headline":"La Iglesia Adventista de Interam\u00e9rica destaca las oportunidades de Servicios Voluntarios","datePublished":"2021-05-11T00:36:59+00:00","dateModified":"2021-05-12T14:50:15+00:00","mainEntityOfPage":{"@id":"https:\/\/interamerica.org\/es\/2021\/05\/la-iglesia-adventista-de-interamerica-destaca-las-oportunidades-de-servicios-voluntarios\/"},"wordCount":1083,"image":{"@id":"https:\/\/interamerica.org\/es\/2021\/05\/la-iglesia-adventista-de-interamerica-destaca-las-oportunidades-de-servicios-voluntarios\/#primaryimage"},"thumbnailUrl":"https:\/\/interamerica.org\/wp-content\/uploads\/2021\/05\/avs-volunteers-2021-rev.jpg","articleSection":["Desde la sede","RSS Espa\u00f1ol"],"inLanguage":"es"},{"@type":"WebPage","@id":"https:\/\/interamerica.org\/es\/2021\/05\/la-iglesia-adventista-de-interamerica-destaca-las-oportunidades-de-servicios-voluntarios\/","url":"https:\/\/interamerica.org\/es\/2021\/05\/la-iglesia-adventista-de-interamerica-destaca-las-oportunidades-de-servicios-voluntarios\/","name":"La Iglesia Adventista de Interam\u00e9rica destaca las oportunidades de Servicios Voluntarios - Iglesia Adventista del S\u00e9ptimo D\u00eda - Divisi\u00f3n Interamericana","isPartOf":{"@id":"https:\/\/interamerica.org\/es\/#website"},"primaryImageOfPage":{"@id":"https:\/\/interamerica.org\/es\/2021\/05\/la-iglesia-adventista-de-interamerica-destaca-las-oportunidades-de-servicios-voluntarios\/#primaryimage"},"image":{"@id":"https:\/\/interamerica.org\/es\/2021\/05\/la-iglesia-adventista-de-interamerica-destaca-las-oportunidades-de-servicios-voluntarios\/#primaryimage"},"thumbnailUrl":"https:\/\/interamerica.org\/wp-content\/uploads\/2021\/05\/avs-volunteers-2021-rev.jpg","datePublished":"2021-05-11T00:36:59+00:00","dateModified":"2021-05-12T14:50:15+00:00","author":{"@id":"https:\/\/interamerica.org\/es\/#\/schema\/person\/29998f2bc2d8bd0d38662909289b54f1"},"breadcrumb":{"@id":"https:\/\/interamerica.org\/es\/2021\/05\/la-iglesia-adventista-de-interamerica-destaca-las-oportunidades-de-servicios-voluntarios\/#breadcrumb"},"inLanguage":"es","potentialAction":[{"@type":"ReadAction","target":["https:\/\/interamerica.org\/es\/2021\/05\/la-iglesia-adventista-de-interamerica-destaca-las-oportunidades-de-servicios-voluntarios\/"]}]},{"@type":"ImageObject","inLanguage":"es","@id":"https:\/\/interamerica.org\/es\/2021\/05\/la-iglesia-adventista-de-interamerica-destaca-las-oportunidades-de-servicios-voluntarios\/#primaryimage","url":"https:\/\/interamerica.org\/wp-content\/uploads\/2021\/05\/avs-volunteers-2021-rev.jpg","contentUrl":"https:\/\/interamerica.org\/wp-content\/uploads\/2021\/05\/avs-volunteers-2021-rev.jpg","width":1100,"height":493,"caption":"Cecilia Nanni (izquierda), coordinadora de Servicios Voluntarios Adventistas en la Divisi\u00f3n Euroasi\u00e1tica, comparte oportunidades para voluntarios, mientras que Irene Jim\u00e9nez (derecha), de la Universidad de Montemorelos en M\u00e9xico y quien actualmente presta servicios en esa regi\u00f3n, observa antes de compartir su experiencia. Decenas de l\u00edderes y miembros se reunieron durante un evento en l\u00ednea el 8 de mayo de 2021, para celebrar el D\u00eda del Servicio Voluntario Adventista y aprender de oportunidades de servicio en la Divisi\u00f3n Interamericana y en diversos lugares del mundo. [Fotograf\u00eda: captura de pantalla de la DIA]"},{"@type":"BreadcrumbList","@id":"https:\/\/interamerica.org\/es\/2021\/05\/la-iglesia-adventista-de-interamerica-destaca-las-oportunidades-de-servicios-voluntarios\/#breadcrumb","itemListElement":[{"@type":"ListItem","position":1,"name":"Home","item":"https:\/\/interamerica.org\/es\/"},{"@type":"ListItem","position":2,"name":"La Iglesia Adventista de Interam\u00e9rica destaca las oportunidades de Servicios Voluntarios"}]},{"@type":"WebSite","@id":"https:\/\/interamerica.org\/es\/#website","url":"https:\/\/interamerica.org\/es\/","name":"Iglesia Adventista del S\u00e9ptimo D\u00eda - Divisi\u00f3n Interamericana","description":"","potentialAction":[{"@type":"SearchAction","target":{"@type":"EntryPoint","urlTemplate":"https:\/\/interamerica.org\/es\/?s={search_term_string}"},"query-input":{"@type":"PropertyValueSpecification","valueRequired":true,"valueName":"search_term_string"}}],"inLanguage":"es"},{"@type":"Person","@id":"https:\/\/interamerica.org\/es\/#\/schema\/person\/29998f2bc2d8bd0d38662909289b54f1","name":"libna","image":{"@type":"ImageObject","inLanguage":"es","@id":"https:\/\/secure.gravatar.com\/avatar\/7c5bd30ae4b47a9ba3c856590957fd1d96dc588bf3ac05719d247e126840331f?s=96&d=mm&r=g","url":"https:\/\/secure.gravatar.com\/avatar\/7c5bd30ae4b47a9ba3c856590957fd1d96dc588bf3ac05719d247e126840331f?s=96&d=mm&r=g","contentUrl":"https:\/\/secure.gravatar.com\/avatar\/7c5bd30ae4b47a9ba3c856590957fd1d96dc588bf3ac05719d247e126840331f?s=96&d=mm&r=g","caption":"libna"}}]}},"_links":{"self":[{"href":"https:\/\/interamerica.org\/es\/wp-json\/wp\/v2\/posts\/71708","targetHints":{"allow":["GET"]}}],"collection":[{"href":"https:\/\/interamerica.org\/es\/wp-json\/wp\/v2\/posts"}],"about":[{"href":"https:\/\/interamerica.org\/es\/wp-json\/wp\/v2\/types\/post"}],"author":[{"embeddable":true,"href":"https:\/\/interamerica.org\/es\/wp-json\/wp\/v2\/users\/3"}],"replies":[{"embeddable":true,"href":"https:\/\/interamerica.org\/es\/wp-json\/wp\/v2\/comments?post=71708"}],"version-history":[{"count":0,"href":"https:\/\/interamerica.org\/es\/wp-json\/wp\/v2\/posts\/71708\/revisions"}],"wp:featuredmedia":[{"embeddable":true,"href":"https:\/\/interamerica.org\/es\/wp-json\/wp\/v2\/media\/71723"}],"wp:attachment":[{"href":"https:\/\/interamerica.org\/es\/wp-json\/wp\/v2\/media?parent=71708"}],"wp:term":[{"taxonomy":"category","embeddable":true,"href":"https:\/\/interamerica.org\/es\/wp-json\/wp\/v2\/categories?post=71708"},{"taxonomy":"post_tag","embeddable":true,"href":"https:\/\/interamerica.org\/es\/wp-json\/wp\/v2\/tags?post=71708"}],"curies":[{"name":"wp","href":"https:\/\/api.w.org\/{rel}","templated":true}]}}