{"id":71710,"date":"2021-05-10T12:20:45","date_gmt":"2021-05-10T16:20:45","guid":{"rendered":"https:\/\/recursing-golick.147-182-135-0.plesk.page\/?p=71710"},"modified":"2021-05-11T08:29:12","modified_gmt":"2021-05-11T12:29:12","slug":"organizaciones-adventistas-suman-fuerzas-para-asistir-a-india-y-brasil-que-estan-devastados-por-la-pandemia","status":"publish","type":"post","link":"https:\/\/interamerica.org\/es\/2021\/05\/organizaciones-adventistas-suman-fuerzas-para-asistir-a-india-y-brasil-que-estan-devastados-por-la-pandemia\/","title":{"rendered":"Organizaciones adventistas suman fuerzas para asistir a India y Brasil, que est\u00e1n devastados por la pandemia"},"content":{"rendered":"<h4 class=\"subtitle\">En medio de sucesos desgarradores, los l\u00edderes votan liberar fondos para iniciativas asistenciales urgentes.<\/h4>\n<p><span class=\"byline-news\">10 de mayo de 2021 | Silver Spring, Maryland, Estados Unidos | Por: Marcos Paseggi, <em>Adventist Review<\/em> <\/span><\/p>\n<p><span class=\"cap\">Los l\u00edderes de varias organizaciones adventistas est\u00e1n sumando sus fuerzas para brindar asistencia urgente a India y Brasil. En un voto del pasado 4 de mayo de 2021, la Comisi\u00f3n Administrativa de la Asociaci\u00f3n General vot\u00f3 liberar fondos de emergencia e incrementar la coordinaci\u00f3n de esfuerzos de parte de varias organizaciones de la iglesia para asistir a esos dos pa\u00edses devastados por la pandemia.<\/span><\/p>\n<p>Los l\u00edderes adventistas explicaron que varias organizaciones de la iglesia ya han estado ayudando a muchos pa\u00edses afectados por la persistente pandemia del COVID-19. <a href=\"https:\/\/www.adventistreview.org\/church-news\/story16312-adra-ramps-up-relief-efforts-for-indias-mounting-covid-19-health-crisis\" target=\"_blank\" rel=\"noopener\">ADRA en India ha lanzado varios proyectos <\/a> en sociedad con el sistema de salud de la Iglesia Adventista del S\u00e9ptimo D\u00eda en la India. \u201cLas estimaciones iniciales de apoyo financiero, fortalecimiento del programa y en especies suman unos 250 mil d\u00f3lares\u201d, informaron. Desde que comenz\u00f3 la pandemia, la respuesta de ADRA ante el COVID-19 en la India ha sumado m\u00e1s de 1.210.000 d\u00f3lares, y se esperan otro mill\u00f3n de d\u00f3lares m\u00e1s en las pr\u00f3ximas semanas.<\/p>\n<p><div id=\"attachment_71702\" style=\"width: 828px\" class=\"wp-caption aligncenter\"><img fetchpriority=\"high\" decoding=\"async\" aria-describedby=\"caption-attachment-71702\" class=\" wp-image-71700\" src=\"https:\/\/recursing-golick.147-182-135-0.plesk.page\/wp-content\/uploads\/2021\/05\/adrai-india-1024x640.jpg\" alt=\"\" width=\"818\" height=\"511\" srcset=\"https:\/\/interamerica.org\/wp-content\/uploads\/2021\/05\/adrai-india-1024x640.jpg 1024w, https:\/\/interamerica.org\/wp-content\/uploads\/2021\/05\/adrai-india-300x188.jpg 300w, https:\/\/interamerica.org\/wp-content\/uploads\/2021\/05\/adrai-india-768x480.jpg 768w, https:\/\/interamerica.org\/wp-content\/uploads\/2021\/05\/adrai-india.jpg 1280w\" sizes=\"(max-width: 818px) 100vw, 818px\" \/><p id=\"caption-attachment-71702\" class=\"wp-caption-text\">La gente aguarda su turno para ser vacunados. [Fotograf\u00eda: cortes\u00eda de ADRA Internacional]<\/p><\/div>La ayuda a la India ha incluido hasta el momento una planta de generaci\u00f3n de ox\u00edgeno (OGP) para el Hospital Adventista de Surat, y tres mil juegos de equipos de protecci\u00f3n individual para los hospitales adventistas de Bangalore, Pune y Nuzvid. ADRA India tambi\u00e9n se ha asociado para distribuir veinte concentrados de ox\u00edgeno a esos tres hospitales y apoyo espec\u00edfico para cuatro centros de vacunaci\u00f3n durante tres meses en Delhi.<\/p>\n<p>El voto de la Comisi\u00f3n Administrativa de la Asociaci\u00f3n General establece que la Asociaci\u00f3n General, en sociedad con el Departamento de Ministerios Adventistas de Salud y Salud Adventista Internacional con sede en la Universidad de Loma Linda, asignar\u00e1 un total de 200 mil d\u00f3lares de los Fondos de Emergencia de la Iglesia Adventista y otros fondos para distribuirlos proporcionalmente entre once hospitales adventistas de la India. Adem\u00e1s de las instituciones de salud ayudadas por ADRA India, esos fondos apoyar\u00e1n la batalla contra la pandemia en hospitales adventistas de Ranchi, Ottapalam, Aizawl y Tanjore (Thanjavur), entre otros.<\/p>\n<p>Richard Hart, presidente de Salud de la Universidad de Loma Linda y quien tambi\u00e9n preside el equipo de administraci\u00f3n de Salud Adventista Internacional, explic\u00f3 que cuando la pandemia se intensific\u00f3 hace un a\u00f1o, los l\u00edderes de la organizaci\u00f3n se dieron cuenta del impacto devastador que pod\u00eda tener en los m\u00e1s de cuarenta hospitales que Salud Adventista Internacional busca apoyar. \u201cNos propusimos entonces crear un fondo para COVID-19 de 500 mil d\u00f3lares para apoyar el pago de sueldos, adquirir equipos y brindar conocimientos m\u00e9dicos a estos hospitales y a la Iglesia Adventista en todo el mundo\u201d, explic\u00f3 Hart.<\/p>\n<p>Ahora que el \u00e9nfasis se ha trasladado a la India, Hart dijo que Salud Adventista Internacional est\u00e1 trabajando una vez m\u00e1s en sociedad con las instituciones adventistas de salud. \u201cNos estamos asociando con los once hospitales adventistas de ese gran pa\u00eds para apoyar a nuestros profesionales de salud que est\u00e1n trabajando bajo circunstancias sumamente dif\u00edciles\u201d, dijo.<\/p>\n<p>El voto del pasado 4 de mayo tambi\u00e9n incluye aplicar 75 mil d\u00f3lares del Fondo de Emergencias de la Asociaci\u00f3n General a tres grandes hospitales en Brasil. Esas instituciones de salud, ubicadas en Rio de Janeiro, Manaos y Bel\u00e9n, se han visto significativamente afectadas por la \u00faltima ola de la pandemia, dijeron los l\u00edderes de la iglesia.<\/p>\n<p>Peter Landless, director de Ministerios Adventistas de Salud de la Iglesia Adventista y vicepresidente de Salud Adventista Internacional, dijo a <em>Adventist Review<\/em> que \u00e9l cree que \u201cla devastaci\u00f3n producida por el COVID-19 en la India refleja el sufrimiento concentrado y la crisis humanitaria de este planeta quebrantado, lo que nos quebranta el coraz\u00f3n\u201d. En momentos como estos, la Iglesia Adventista est\u00e1 comprometida con extender el ministerio de sanaci\u00f3n de Cristo, a\u00f1adi\u00f3 Landless.<\/p>\n<p>Tambi\u00e9n destac\u00f3 que el objetivo del voto tomado por los l\u00edderes adventistas es \u201cexpresar solidaridad con nuestros hospitales, trabajadores de la salud y miembros de iglesia, todos bajo presi\u00f3n m\u00e1s all\u00e1 de su capacidad e insumos\u201d durante la pandemia en curso. \u201cComprendemos plenamente que ante la enormidad de la situaci\u00f3n, este apoyo es tan solo una gota en el cubo, pero cada d\u00f3lar cuenta\u201d, dijo Landless.<\/p>\n<p>A la luz de los \u00faltimos sucesos, Landless enfatiz\u00f3 que se siente \u201cextremadamente agradecido y emocionado\u201d, por la respuesta coordinada de la Iglesia Adventista, que tiene la capacidad de \u201creaccionar, responder y vivir la misi\u00f3n efectivamente como un equipo\u201d, en emergencias como estas. \u201cComo me gusta decir, y lo creo con todo el coraz\u00f3n: \u2018\u00a1Esta es la iglesia en su mejor versi\u00f3n!\u2019 \u201d, expres\u00f3.<\/p>\n<p>Los l\u00edderes destacaron que los env\u00edos asistenciales de dinero en efectivo para que las instituciones adventistas de salud luchen contra el COVID-19 y los emprendimientos de salud de las divisiones de la Iglesia Adventista han superado el mill\u00f3n de d\u00f3lares en los \u00faltimos nueve meses, lo que no incluye los montos votados esta semana. Estas iniciativas han sido financiadas por la Asociaci\u00f3n General, Servicios Adventistas de Salud, fondos m\u00e9dico-misioneros del Departamento de Salud de la Asociaci\u00f3n General, y una donaci\u00f3n especial de la Uni\u00f3n Misi\u00f3n de la China (dinero en efectivo y m\u00e1scaras).<\/p>\n<p>Seg\u00fan los l\u00edderes de la iglesia, los beneficiados han aplicado los fondos y han reportado su uso a las entidades donantes y de apoyo. \u201cSe espera que se aplique el mismo procedimiento de aplicaci\u00f3n y reporte de fondos [en este caso]\u201d, explic\u00f3 Landless. Tanto Landless como Hart estar\u00e1n asesorando sobre c\u00f3mo aplicar los fondos a los proyectos e iniciativas designados seg\u00fan sea necesario.<\/p>\n<p>Desde el 22 de abril, India ha reportado m\u00e1s de trescientos mil casos por d\u00eda, seg\u00fan actualizaciones de CNN basadas en cifras dadas a conocer por el ministerio de salud de la India. El 6 de mayo, registr\u00f3 412.262 nuevos casos de COVID-19, un nuevo r\u00e9cord diario hasta el momento. Para el 6 de mayo, las autoridades hab\u00edan identificado m\u00e1s de 21 millones de casos, 8,3 millones de ellos en los \u00faltimos treinta d\u00edas. India tambi\u00e9n report\u00f3 casi cuatro mil muertes el 6 de mayo, el noveno d\u00eda consecutivo que el n\u00famero de fatalidades excedi\u00f3 las tres mil.<\/p>\n<p>En una declaraci\u00f3n dada a conocer el 6 de mayo, Ted N. C. Wilson, presidente de la Iglesia Adventista, pidi\u00f3 a los l\u00edderes y miembros adventistas de todo el mundo que oren para que el Se\u00f1or obre por medio de los hospitales adventistas y profesionales de salud para brindar alivio de esta devastadora pandemia:<\/p>\n<p>\u201cLa decision de ayudar a la Divisi\u00f3n Sudasi\u00e1stica con fondos asistenciales para apoyar a los hospitales adventistas de la India ante la demoledora crisis por la pandemia del COVID-19 se produjo como resultado de un llamado urgente de parte del pastor Ezras Lakra, presidente de la Divisi\u00f3n Sudasi\u00e1tica.<\/p>\n<p>\u201cLa situaci\u00f3n de salud es tan cr\u00edtica en la India ante semejante devastaci\u00f3n humana que fue lo correcto ayudar aun de manera modesta, considerando la crisis abrumadora de la salud p\u00fablica que enfrenta la poblaci\u00f3n y nuestros hospitales adventistas al ministrar a las personas as\u00ed como lo hizo Cristo. Le ped\u00ed al doctor Peter Landless que coordine los esfuerzos asistenciales, y \u00e9l ha adoptado un enfoque de colaboraci\u00f3n con la Asociaci\u00f3n General, ADRA Internacional y Salud Adventista Internacional en conexi\u00f3n con la Asociaci\u00f3n General y Salud de la Universidad de Loma Linda.<\/p>\n<p>\u201cTambi\u00e9n estamos ayudando modestamente a la Divisi\u00f3n Sudamericana con una donaci\u00f3n financiera para ayudarlos en sus esfuerzos por salvar la vida de las personas en este gran territorio. Oren por favor para que el Se\u00f1or obre por medio de nuestros hospitales adventistas y profesionales de salud, para traer alivio de esta devastadora pandemia no solo en las zonas mencionadas sino en todo el mundo.<\/p>\n<p>\u201cQue este pueda ser un llamado a despertar para todos nosotros de que Jes\u00fas viene pronto, y que necesitamos compartir la justicia de Cristo, hermosamente colocada en los mensajes de los tres \u00e1ngeles y la esperanza de su pronto regreso. Entretanto, hagamos todo lo que podemos para seguir en las huellas de Cristo al ministrar a los que pasan grandes necesidades\u201d.<\/p>\n<p><div id=\"attachment_71705\" style=\"width: 844px\" class=\"wp-caption aligncenter\"><img decoding=\"async\" aria-describedby=\"caption-attachment-71705\" class=\"wp-image-71705\" src=\"https:\/\/recursing-golick.147-182-135-0.plesk.page\/wp-content\/uploads\/2021\/05\/adrai-india-relief.jpg\" alt=\"\" width=\"834\" height=\"417\" srcset=\"https:\/\/interamerica.org\/wp-content\/uploads\/2021\/05\/adrai-india-relief.jpg 1024w, https:\/\/interamerica.org\/wp-content\/uploads\/2021\/05\/adrai-india-relief-300x150.jpg 300w, https:\/\/interamerica.org\/wp-content\/uploads\/2021\/05\/adrai-india-relief-768x384.jpg 768w\" sizes=\"(max-width: 834px) 100vw, 834px\" \/><p id=\"caption-attachment-71705\" class=\"wp-caption-text\">[Imagen: ADRA Internacional]<\/p><\/div>Para donar al fondo de asistencia para emergencias de ADRA para la India y Brasil, ingrese a:<\/p>\n<p><em><a href=\"https:\/\/donations.adra.org\/covid19response-sm\">ADRA.ORG\/COVID19Response<\/a><\/em><\/p>\n<p>Traducci\u00f3n de Marcos Paseggi<\/p>\n","protected":false},"excerpt":{"rendered":"<p>En medio de sucesos desgarradores, los l\u00edderes votan liberar fondos para iniciativas asistenciales urgentes. 10 de mayo de 2021 | Silver Spring, Maryland, Estados Unidos | Por: Marcos Paseggi, Adventist&#8230;<\/p>\n","protected":false},"author":3,"featured_media":71702,"comment_status":"closed","ping_status":"closed","sticky":false,"template":"","format":"standard","meta":{"_acf_changed":false,"footnotes":""},"categories":[14,15],"tags":[],"class_list":["post-71710","post","type-post","status-publish","format-standard","has-post-thumbnail","hentry","category-de-la-iglesia-mundial","category-rss-espanol"],"acf":[],"yoast_head":"<!-- This site is optimized with the Yoast SEO plugin v27.3 - https:\/\/yoast.com\/product\/yoast-seo-wordpress\/ -->\n<title>Organizaciones adventistas suman fuerzas para asistir a India y Brasil, que est\u00e1n devastados por la pandemia - Iglesia Adventista del S\u00e9ptimo D\u00eda - Divisi\u00f3n Interamericana<\/title>\n<meta name=\"robots\" content=\"index, follow, max-snippet:-1, max-image-preview:large, max-video-preview:-1\" \/>\n<link rel=\"canonical\" href=\"https:\/\/interamerica.org\/es\/2021\/05\/organizaciones-adventistas-suman-fuerzas-para-asistir-a-india-y-brasil-que-estan-devastados-por-la-pandemia\/\" \/>\n<meta property=\"og:locale\" content=\"es_ES\" \/>\n<meta property=\"og:type\" content=\"article\" \/>\n<meta property=\"og:title\" content=\"Organizaciones adventistas suman fuerzas para asistir a India y Brasil, que est\u00e1n devastados por la pandemia - Iglesia Adventista del S\u00e9ptimo D\u00eda - Divisi\u00f3n Interamericana\" \/>\n<meta property=\"og:description\" content=\"En medio de sucesos desgarradores, los l\u00edderes votan liberar fondos para iniciativas asistenciales urgentes. 10 de mayo de 2021 | Silver Spring, Maryland, Estados Unidos | Por: Marcos Paseggi, Adventist...\" \/>\n<meta property=\"og:url\" content=\"https:\/\/interamerica.org\/es\/2021\/05\/organizaciones-adventistas-suman-fuerzas-para-asistir-a-india-y-brasil-que-estan-devastados-por-la-pandemia\/\" \/>\n<meta property=\"og:site_name\" content=\"Iglesia Adventista del S\u00e9ptimo D\u00eda - Divisi\u00f3n Interamericana\" \/>\n<meta property=\"article:published_time\" content=\"2021-05-10T16:20:45+00:00\" \/>\n<meta property=\"article:modified_time\" content=\"2021-05-11T12:29:12+00:00\" \/>\n<meta property=\"og:image\" content=\"https:\/\/interamerica.org\/wp-content\/uploads\/2021\/05\/adrai-india.jpg\" \/>\n\t<meta property=\"og:image:width\" content=\"1280\" \/>\n\t<meta property=\"og:image:height\" content=\"800\" \/>\n\t<meta property=\"og:image:type\" content=\"image\/jpeg\" \/>\n<meta name=\"author\" content=\"libna\" \/>\n<meta name=\"twitter:card\" content=\"summary_large_image\" \/>\n<meta name=\"twitter:label1\" content=\"Escrito por\" \/>\n\t<meta name=\"twitter:data1\" content=\"libna\" \/>\n\t<meta name=\"twitter:label2\" content=\"Tiempo de lectura\" \/>\n\t<meta name=\"twitter:data2\" content=\"7 minutos\" \/>\n<script type=\"application\/ld+json\" class=\"yoast-schema-graph\">{\"@context\":\"https:\\\/\\\/schema.org\",\"@graph\":[{\"@type\":\"Article\",\"@id\":\"https:\\\/\\\/interamerica.org\\\/es\\\/2021\\\/05\\\/organizaciones-adventistas-suman-fuerzas-para-asistir-a-india-y-brasil-que-estan-devastados-por-la-pandemia\\\/#article\",\"isPartOf\":{\"@id\":\"https:\\\/\\\/interamerica.org\\\/es\\\/2021\\\/05\\\/organizaciones-adventistas-suman-fuerzas-para-asistir-a-india-y-brasil-que-estan-devastados-por-la-pandemia\\\/\"},\"author\":{\"name\":\"libna\",\"@id\":\"https:\\\/\\\/interamerica.org\\\/es\\\/#\\\/schema\\\/person\\\/29998f2bc2d8bd0d38662909289b54f1\"},\"headline\":\"Organizaciones adventistas suman fuerzas para asistir a India y Brasil, que est\u00e1n devastados por la pandemia\",\"datePublished\":\"2021-05-10T16:20:45+00:00\",\"dateModified\":\"2021-05-11T12:29:12+00:00\",\"mainEntityOfPage\":{\"@id\":\"https:\\\/\\\/interamerica.org\\\/es\\\/2021\\\/05\\\/organizaciones-adventistas-suman-fuerzas-para-asistir-a-india-y-brasil-que-estan-devastados-por-la-pandemia\\\/\"},\"wordCount\":1509,\"image\":{\"@id\":\"https:\\\/\\\/interamerica.org\\\/es\\\/2021\\\/05\\\/organizaciones-adventistas-suman-fuerzas-para-asistir-a-india-y-brasil-que-estan-devastados-por-la-pandemia\\\/#primaryimage\"},\"thumbnailUrl\":\"https:\\\/\\\/interamerica.org\\\/wp-content\\\/uploads\\\/2021\\\/05\\\/adrai-india.jpg\",\"articleSection\":[\"Desde la iglesia mundial\",\"RSS Espa\u00f1ol\"],\"inLanguage\":\"es\"},{\"@type\":\"WebPage\",\"@id\":\"https:\\\/\\\/interamerica.org\\\/es\\\/2021\\\/05\\\/organizaciones-adventistas-suman-fuerzas-para-asistir-a-india-y-brasil-que-estan-devastados-por-la-pandemia\\\/\",\"url\":\"https:\\\/\\\/interamerica.org\\\/es\\\/2021\\\/05\\\/organizaciones-adventistas-suman-fuerzas-para-asistir-a-india-y-brasil-que-estan-devastados-por-la-pandemia\\\/\",\"name\":\"Organizaciones adventistas suman fuerzas para asistir a India y Brasil, que est\u00e1n devastados por la pandemia - Iglesia Adventista del S\u00e9ptimo D\u00eda - Divisi\u00f3n Interamericana\",\"isPartOf\":{\"@id\":\"https:\\\/\\\/interamerica.org\\\/es\\\/#website\"},\"primaryImageOfPage\":{\"@id\":\"https:\\\/\\\/interamerica.org\\\/es\\\/2021\\\/05\\\/organizaciones-adventistas-suman-fuerzas-para-asistir-a-india-y-brasil-que-estan-devastados-por-la-pandemia\\\/#primaryimage\"},\"image\":{\"@id\":\"https:\\\/\\\/interamerica.org\\\/es\\\/2021\\\/05\\\/organizaciones-adventistas-suman-fuerzas-para-asistir-a-india-y-brasil-que-estan-devastados-por-la-pandemia\\\/#primaryimage\"},\"thumbnailUrl\":\"https:\\\/\\\/interamerica.org\\\/wp-content\\\/uploads\\\/2021\\\/05\\\/adrai-india.jpg\",\"datePublished\":\"2021-05-10T16:20:45+00:00\",\"dateModified\":\"2021-05-11T12:29:12+00:00\",\"author\":{\"@id\":\"https:\\\/\\\/interamerica.org\\\/es\\\/#\\\/schema\\\/person\\\/29998f2bc2d8bd0d38662909289b54f1\"},\"breadcrumb\":{\"@id\":\"https:\\\/\\\/interamerica.org\\\/es\\\/2021\\\/05\\\/organizaciones-adventistas-suman-fuerzas-para-asistir-a-india-y-brasil-que-estan-devastados-por-la-pandemia\\\/#breadcrumb\"},\"inLanguage\":\"es\",\"potentialAction\":[{\"@type\":\"ReadAction\",\"target\":[\"https:\\\/\\\/interamerica.org\\\/es\\\/2021\\\/05\\\/organizaciones-adventistas-suman-fuerzas-para-asistir-a-india-y-brasil-que-estan-devastados-por-la-pandemia\\\/\"]}]},{\"@type\":\"ImageObject\",\"inLanguage\":\"es\",\"@id\":\"https:\\\/\\\/interamerica.org\\\/es\\\/2021\\\/05\\\/organizaciones-adventistas-suman-fuerzas-para-asistir-a-india-y-brasil-que-estan-devastados-por-la-pandemia\\\/#primaryimage\",\"url\":\"https:\\\/\\\/interamerica.org\\\/wp-content\\\/uploads\\\/2021\\\/05\\\/adrai-india.jpg\",\"contentUrl\":\"https:\\\/\\\/interamerica.org\\\/wp-content\\\/uploads\\\/2021\\\/05\\\/adrai-india.jpg\",\"width\":1280,\"height\":800,\"caption\":\"La gente aguarda su turno para ser vacunados. [Fotograf\u00eda: cortes\u00eda de ADRA Internacional]\"},{\"@type\":\"BreadcrumbList\",\"@id\":\"https:\\\/\\\/interamerica.org\\\/es\\\/2021\\\/05\\\/organizaciones-adventistas-suman-fuerzas-para-asistir-a-india-y-brasil-que-estan-devastados-por-la-pandemia\\\/#breadcrumb\",\"itemListElement\":[{\"@type\":\"ListItem\",\"position\":1,\"name\":\"Home\",\"item\":\"https:\\\/\\\/interamerica.org\\\/es\\\/\"},{\"@type\":\"ListItem\",\"position\":2,\"name\":\"Organizaciones adventistas suman fuerzas para asistir a India y Brasil, que est\u00e1n devastados por la pandemia\"}]},{\"@type\":\"WebSite\",\"@id\":\"https:\\\/\\\/interamerica.org\\\/es\\\/#website\",\"url\":\"https:\\\/\\\/interamerica.org\\\/es\\\/\",\"name\":\"Iglesia Adventista del S\u00e9ptimo D\u00eda - Divisi\u00f3n Interamericana\",\"description\":\"\",\"potentialAction\":[{\"@type\":\"SearchAction\",\"target\":{\"@type\":\"EntryPoint\",\"urlTemplate\":\"https:\\\/\\\/interamerica.org\\\/es\\\/?s={search_term_string}\"},\"query-input\":{\"@type\":\"PropertyValueSpecification\",\"valueRequired\":true,\"valueName\":\"search_term_string\"}}],\"inLanguage\":\"es\"},{\"@type\":\"Person\",\"@id\":\"https:\\\/\\\/interamerica.org\\\/es\\\/#\\\/schema\\\/person\\\/29998f2bc2d8bd0d38662909289b54f1\",\"name\":\"libna\",\"image\":{\"@type\":\"ImageObject\",\"inLanguage\":\"es\",\"@id\":\"https:\\\/\\\/secure.gravatar.com\\\/avatar\\\/7c5bd30ae4b47a9ba3c856590957fd1d96dc588bf3ac05719d247e126840331f?s=96&d=mm&r=g\",\"url\":\"https:\\\/\\\/secure.gravatar.com\\\/avatar\\\/7c5bd30ae4b47a9ba3c856590957fd1d96dc588bf3ac05719d247e126840331f?s=96&d=mm&r=g\",\"contentUrl\":\"https:\\\/\\\/secure.gravatar.com\\\/avatar\\\/7c5bd30ae4b47a9ba3c856590957fd1d96dc588bf3ac05719d247e126840331f?s=96&d=mm&r=g\",\"caption\":\"libna\"}}]}<\/script>\n<!-- \/ Yoast SEO plugin. -->","yoast_head_json":{"title":"Organizaciones adventistas suman fuerzas para asistir a India y Brasil, que est\u00e1n devastados por la pandemia - Iglesia Adventista del S\u00e9ptimo D\u00eda - Divisi\u00f3n Interamericana","robots":{"index":"index","follow":"follow","max-snippet":"max-snippet:-1","max-image-preview":"max-image-preview:large","max-video-preview":"max-video-preview:-1"},"canonical":"https:\/\/interamerica.org\/es\/2021\/05\/organizaciones-adventistas-suman-fuerzas-para-asistir-a-india-y-brasil-que-estan-devastados-por-la-pandemia\/","og_locale":"es_ES","og_type":"article","og_title":"Organizaciones adventistas suman fuerzas para asistir a India y Brasil, que est\u00e1n devastados por la pandemia - Iglesia Adventista del S\u00e9ptimo D\u00eda - Divisi\u00f3n Interamericana","og_description":"En medio de sucesos desgarradores, los l\u00edderes votan liberar fondos para iniciativas asistenciales urgentes. 10 de mayo de 2021 | Silver Spring, Maryland, Estados Unidos | Por: Marcos Paseggi, Adventist...","og_url":"https:\/\/interamerica.org\/es\/2021\/05\/organizaciones-adventistas-suman-fuerzas-para-asistir-a-india-y-brasil-que-estan-devastados-por-la-pandemia\/","og_site_name":"Iglesia Adventista del S\u00e9ptimo D\u00eda - Divisi\u00f3n Interamericana","article_published_time":"2021-05-10T16:20:45+00:00","article_modified_time":"2021-05-11T12:29:12+00:00","og_image":[{"width":1280,"height":800,"url":"https:\/\/interamerica.org\/wp-content\/uploads\/2021\/05\/adrai-india.jpg","type":"image\/jpeg"}],"author":"libna","twitter_card":"summary_large_image","twitter_misc":{"Escrito por":"libna","Tiempo de lectura":"7 minutos"},"schema":{"@context":"https:\/\/schema.org","@graph":[{"@type":"Article","@id":"https:\/\/interamerica.org\/es\/2021\/05\/organizaciones-adventistas-suman-fuerzas-para-asistir-a-india-y-brasil-que-estan-devastados-por-la-pandemia\/#article","isPartOf":{"@id":"https:\/\/interamerica.org\/es\/2021\/05\/organizaciones-adventistas-suman-fuerzas-para-asistir-a-india-y-brasil-que-estan-devastados-por-la-pandemia\/"},"author":{"name":"libna","@id":"https:\/\/interamerica.org\/es\/#\/schema\/person\/29998f2bc2d8bd0d38662909289b54f1"},"headline":"Organizaciones adventistas suman fuerzas para asistir a India y Brasil, que est\u00e1n devastados por la pandemia","datePublished":"2021-05-10T16:20:45+00:00","dateModified":"2021-05-11T12:29:12+00:00","mainEntityOfPage":{"@id":"https:\/\/interamerica.org\/es\/2021\/05\/organizaciones-adventistas-suman-fuerzas-para-asistir-a-india-y-brasil-que-estan-devastados-por-la-pandemia\/"},"wordCount":1509,"image":{"@id":"https:\/\/interamerica.org\/es\/2021\/05\/organizaciones-adventistas-suman-fuerzas-para-asistir-a-india-y-brasil-que-estan-devastados-por-la-pandemia\/#primaryimage"},"thumbnailUrl":"https:\/\/interamerica.org\/wp-content\/uploads\/2021\/05\/adrai-india.jpg","articleSection":["Desde la iglesia mundial","RSS Espa\u00f1ol"],"inLanguage":"es"},{"@type":"WebPage","@id":"https:\/\/interamerica.org\/es\/2021\/05\/organizaciones-adventistas-suman-fuerzas-para-asistir-a-india-y-brasil-que-estan-devastados-por-la-pandemia\/","url":"https:\/\/interamerica.org\/es\/2021\/05\/organizaciones-adventistas-suman-fuerzas-para-asistir-a-india-y-brasil-que-estan-devastados-por-la-pandemia\/","name":"Organizaciones adventistas suman fuerzas para asistir a India y Brasil, que est\u00e1n devastados por la pandemia - Iglesia Adventista del S\u00e9ptimo D\u00eda - Divisi\u00f3n Interamericana","isPartOf":{"@id":"https:\/\/interamerica.org\/es\/#website"},"primaryImageOfPage":{"@id":"https:\/\/interamerica.org\/es\/2021\/05\/organizaciones-adventistas-suman-fuerzas-para-asistir-a-india-y-brasil-que-estan-devastados-por-la-pandemia\/#primaryimage"},"image":{"@id":"https:\/\/interamerica.org\/es\/2021\/05\/organizaciones-adventistas-suman-fuerzas-para-asistir-a-india-y-brasil-que-estan-devastados-por-la-pandemia\/#primaryimage"},"thumbnailUrl":"https:\/\/interamerica.org\/wp-content\/uploads\/2021\/05\/adrai-india.jpg","datePublished":"2021-05-10T16:20:45+00:00","dateModified":"2021-05-11T12:29:12+00:00","author":{"@id":"https:\/\/interamerica.org\/es\/#\/schema\/person\/29998f2bc2d8bd0d38662909289b54f1"},"breadcrumb":{"@id":"https:\/\/interamerica.org\/es\/2021\/05\/organizaciones-adventistas-suman-fuerzas-para-asistir-a-india-y-brasil-que-estan-devastados-por-la-pandemia\/#breadcrumb"},"inLanguage":"es","potentialAction":[{"@type":"ReadAction","target":["https:\/\/interamerica.org\/es\/2021\/05\/organizaciones-adventistas-suman-fuerzas-para-asistir-a-india-y-brasil-que-estan-devastados-por-la-pandemia\/"]}]},{"@type":"ImageObject","inLanguage":"es","@id":"https:\/\/interamerica.org\/es\/2021\/05\/organizaciones-adventistas-suman-fuerzas-para-asistir-a-india-y-brasil-que-estan-devastados-por-la-pandemia\/#primaryimage","url":"https:\/\/interamerica.org\/wp-content\/uploads\/2021\/05\/adrai-india.jpg","contentUrl":"https:\/\/interamerica.org\/wp-content\/uploads\/2021\/05\/adrai-india.jpg","width":1280,"height":800,"caption":"La gente aguarda su turno para ser vacunados. [Fotograf\u00eda: cortes\u00eda de ADRA Internacional]"},{"@type":"BreadcrumbList","@id":"https:\/\/interamerica.org\/es\/2021\/05\/organizaciones-adventistas-suman-fuerzas-para-asistir-a-india-y-brasil-que-estan-devastados-por-la-pandemia\/#breadcrumb","itemListElement":[{"@type":"ListItem","position":1,"name":"Home","item":"https:\/\/interamerica.org\/es\/"},{"@type":"ListItem","position":2,"name":"Organizaciones adventistas suman fuerzas para asistir a India y Brasil, que est\u00e1n devastados por la pandemia"}]},{"@type":"WebSite","@id":"https:\/\/interamerica.org\/es\/#website","url":"https:\/\/interamerica.org\/es\/","name":"Iglesia Adventista del S\u00e9ptimo D\u00eda - Divisi\u00f3n Interamericana","description":"","potentialAction":[{"@type":"SearchAction","target":{"@type":"EntryPoint","urlTemplate":"https:\/\/interamerica.org\/es\/?s={search_term_string}"},"query-input":{"@type":"PropertyValueSpecification","valueRequired":true,"valueName":"search_term_string"}}],"inLanguage":"es"},{"@type":"Person","@id":"https:\/\/interamerica.org\/es\/#\/schema\/person\/29998f2bc2d8bd0d38662909289b54f1","name":"libna","image":{"@type":"ImageObject","inLanguage":"es","@id":"https:\/\/secure.gravatar.com\/avatar\/7c5bd30ae4b47a9ba3c856590957fd1d96dc588bf3ac05719d247e126840331f?s=96&d=mm&r=g","url":"https:\/\/secure.gravatar.com\/avatar\/7c5bd30ae4b47a9ba3c856590957fd1d96dc588bf3ac05719d247e126840331f?s=96&d=mm&r=g","contentUrl":"https:\/\/secure.gravatar.com\/avatar\/7c5bd30ae4b47a9ba3c856590957fd1d96dc588bf3ac05719d247e126840331f?s=96&d=mm&r=g","caption":"libna"}}]}},"_links":{"self":[{"href":"https:\/\/interamerica.org\/es\/wp-json\/wp\/v2\/posts\/71710","targetHints":{"allow":["GET"]}}],"collection":[{"href":"https:\/\/interamerica.org\/es\/wp-json\/wp\/v2\/posts"}],"about":[{"href":"https:\/\/interamerica.org\/es\/wp-json\/wp\/v2\/types\/post"}],"author":[{"embeddable":true,"href":"https:\/\/interamerica.org\/es\/wp-json\/wp\/v2\/users\/3"}],"replies":[{"embeddable":true,"href":"https:\/\/interamerica.org\/es\/wp-json\/wp\/v2\/comments?post=71710"}],"version-history":[{"count":0,"href":"https:\/\/interamerica.org\/es\/wp-json\/wp\/v2\/posts\/71710\/revisions"}],"wp:featuredmedia":[{"embeddable":true,"href":"https:\/\/interamerica.org\/es\/wp-json\/wp\/v2\/media\/71702"}],"wp:attachment":[{"href":"https:\/\/interamerica.org\/es\/wp-json\/wp\/v2\/media?parent=71710"}],"wp:term":[{"taxonomy":"category","embeddable":true,"href":"https:\/\/interamerica.org\/es\/wp-json\/wp\/v2\/categories?post=71710"},{"taxonomy":"post_tag","embeddable":true,"href":"https:\/\/interamerica.org\/es\/wp-json\/wp\/v2\/tags?post=71710"}],"curies":[{"name":"wp","href":"https:\/\/api.w.org\/{rel}","templated":true}]}}