{"id":71781,"date":"2021-05-12T11:14:03","date_gmt":"2021-05-12T15:14:03","guid":{"rendered":"https:\/\/recursing-golick.147-182-135-0.plesk.page\/?p=71781"},"modified":"2021-05-12T15:59:43","modified_gmt":"2021-05-12T19:59:43","slug":"joven-adventista-muere-en-explosion-de-bomba-en-islas-salomon-y-otros-quedan-heridos","status":"publish","type":"post","link":"https:\/\/interamerica.org\/es\/2021\/05\/joven-adventista-muere-en-explosion-de-bomba-en-islas-salomon-y-otros-quedan-heridos\/","title":{"rendered":"Joven adventista muere en explosi\u00f3n de bomba en Islas Salom\u00f3n y otros quedan heridos"},"content":{"rendered":"<p><strong>Ingeniero de aviaci\u00f3n sucumbe por sus heridas despu\u00e9s de explosi\u00f3n de dispositivo de Segunda Guerra Mundial. <\/strong><\/p>\n<p>12 de mayo de 2021 | Silver Spring, Maryland, Estados Unidos | Por <a href=\"https:\/\/record.adventistchurch.com\/author\/maryellenfairfaxadventistmedia-org-au\/\">Maryellen Hacko<\/a>,\u00a0<em>Adventist Record <\/em>y\u00a0<em>Adventist Review<\/em><\/p>\n<p>Un joven miembro de la Iglesia Adventista Kukumn, en las Islas Salom\u00f3n, falleci\u00f3 el domingo 9 de mayo de 2021 en la explosi\u00f3n y estallido de una bomba en Lengakiki Heights, West Honiara, cuando explot\u00f3 inesperadamente un proyectil de 105-mm colocado en ese sitio durante la Segunda Guerra Mundial.<\/p>\n<p>El l\u00edder Raziv Hilly, de 29 a\u00f1os, de la Iglesia Adventista Kukumn, falleci\u00f3 debido a sus heridas despu\u00e9s de haber sido trasladado de emergencia al Hospital National Referral en Honiara. Otras dos personas en condici\u00f3n cr\u00edtica permanecen en el hospital y una m\u00e1s sufri\u00f3 solamente heridas leves.<\/p>\n<h4 class=\"subtitle\"><\/h4>\n<p><div id=\"attachment_71739\" style=\"width: 794px\" class=\"wp-caption aligncenter\"><img fetchpriority=\"high\" decoding=\"async\" aria-describedby=\"caption-attachment-71739\" class=\" wp-image-71739\" src=\"https:\/\/recursing-golick.147-182-135-0.plesk.page\/wp-content\/uploads\/2021\/05\/solomon-islands-raziv1.jpeg\" alt=\"\" width=\"784\" height=\"490\" srcset=\"https:\/\/interamerica.org\/wp-content\/uploads\/2021\/05\/solomon-islands-raziv1.jpeg 1000w, https:\/\/interamerica.org\/wp-content\/uploads\/2021\/05\/solomon-islands-raziv1-300x188.jpeg 300w, https:\/\/interamerica.org\/wp-content\/uploads\/2021\/05\/solomon-islands-raziv1-768x480.jpeg 768w\" sizes=\"(max-width: 784px) 100vw, 784px\" \/><p id=\"caption-attachment-71739\" class=\"wp-caption-text\">Imagen de Raziv Hilly en la Iglesia Adventista Kukum en las Islas Salom\u00f3n, el dia anterior a su fallecimiento. [Fuente: Facebook]<\/p><\/div>Los informes se\u00f1alan que al ocurrir el percance, cuatro j\u00f3venes se encontraban cocinando sobre le\u00f1a con el prop\u00f3sito de recaudar fondos financieros, totalmente ajenos a la realidad de que el calor del fuego habr\u00eda de hacer detonar la bomba sepultada bajo tierra. La explosi\u00f3n pudo ser escuchada varios kil\u00f3metros a su alrededor, informaron los medios de comunicaci\u00f3n.<\/p>\n<p>De acuerdo con el reportaje publicado por <a href=\"https:\/\/www.solomonstarnews.com\/index.php\/news\/national\/item\/25526-tragic-loss\">Solomon Star<\/a>, Raziv Hilly proced\u00eda de Vella Lavella y Ranoggah en la Provincia Occidental y era un calificado ingeniero de aviaci\u00f3n y agente inmobiliario. Al tiempo de su muerte, informa el referido peri\u00f3dico, era el director interino de operaciones, que supervisaba todos los proyectos de aviaci\u00f3n dom\u00e9sticos e internacionales en Islas Salom\u00f3n. \u201cSu partida es una enorme p\u00e9rdida para el ministerio, el gobierno, el proyecto y la naci\u00f3n toda\u201d, dijo Trevor Veo, director de aviaci\u00f3n del gobierno de las Islas Salom\u00f3n.<\/p>\n<p>Los tributos han inundado los medios sociales, recordando siempre a Raziv Hilly por su radiante sonrisa, su car\u00e1cter alegre, su dedicaci\u00f3n como dirigente de ministerio juvenil y su servicio a Dios. \u201cTu personalidad alegre y jovial ejerci\u00f3 su influencia sobre todos los que te rodeaban\u201d, escribi\u00f3 en Facebook Misileti Maulolo Faaumuumu, un amigo procedente de Fiji. \u201cSiempre estabas feliz y fue todo un placer conocerte como amigo\u2026Descansa en los brazos de Dios, mi amigo, hasta aquella gloriosa ma\u00f1ana\u201d.<\/p>\n<p>El ministro de Aviaci\u00f3n y Comunicaci\u00f3n del gobierno de Islas Salom\u00f3n tambi\u00e9n ofreci\u00f3 sus sinceras condolencias.<\/p>\n<p>Islas Salom\u00f3n fue el escenario de una cruenta lucha entre las fuerzas aliadas y el ej\u00e9rcito japon\u00e9s durante la Segunda Guerra Mundial. De acuerdo con <a href=\"https:\/\/www.rnz.co.nz\/international\/pacific-news\/442221\/second-world-war-shell-explodes-killing-solomon-islander\">RNZ News<\/a>, extensas zonas de las Islas Salom\u00f3n est\u00e1n atestadas de restos de material b\u00e9lico de la Segunda Guerra Mundial, incluyendo muchas bombas no detonadas que contin\u00faan matando y mutilando residentes locales 75 a\u00f1os despu\u00e9s.<\/p>\n<p>El incidente ocurri\u00f3 despu\u00e9s de la muerte de dos personas en Honiara, en septiembre de 2020 debido a una explosi\u00f3n similar.<\/p>\n<p><em>La <\/em><a href=\"https:\/\/record.adventistchurch.com\/2021\/05\/11\/young-adventist-killed-by-bomb-blast-in-solomon-islands-others-injured\/\"><em>versi\u00f3n original <\/em><\/a><em>\u00a0de esta noticia se public\u00f3 en <\/em><a href=\"https:\/\/record.adventistchurch.com\/\">Adventist Record<\/a>.<\/p>\n<p>Traducci\u00f3n \u2013 Gloria A. Castrej\u00f3n<\/p>\n<p>&nbsp;<\/p>\n","protected":false},"excerpt":{"rendered":"<p>Ingeniero de aviaci\u00f3n sucumbe por sus heridas despu\u00e9s de explosi\u00f3n de dispositivo de Segunda Guerra Mundial. 12 de mayo de 2021 | Silver Spring, Maryland, Estados Unidos | Por Maryellen&#8230;<\/p>\n","protected":false},"author":3,"featured_media":71739,"comment_status":"closed","ping_status":"closed","sticky":false,"template":"","format":"standard","meta":{"_acf_changed":false,"footnotes":""},"categories":[14,15],"tags":[],"class_list":["post-71781","post","type-post","status-publish","format-standard","has-post-thumbnail","hentry","category-de-la-iglesia-mundial","category-rss-espanol"],"acf":[],"yoast_head":"<!-- This site is optimized with the Yoast SEO plugin v27.3 - https:\/\/yoast.com\/product\/yoast-seo-wordpress\/ -->\n<title>Joven adventista muere en explosi\u00f3n de bomba en Islas Salom\u00f3n y otros quedan heridos - Iglesia Adventista del S\u00e9ptimo D\u00eda - Divisi\u00f3n Interamericana<\/title>\n<meta name=\"robots\" content=\"index, follow, max-snippet:-1, max-image-preview:large, max-video-preview:-1\" \/>\n<link rel=\"canonical\" href=\"https:\/\/interamerica.org\/es\/2021\/05\/joven-adventista-muere-en-explosion-de-bomba-en-islas-salomon-y-otros-quedan-heridos\/\" \/>\n<meta property=\"og:locale\" content=\"es_ES\" \/>\n<meta property=\"og:type\" content=\"article\" \/>\n<meta property=\"og:title\" content=\"Joven adventista muere en explosi\u00f3n de bomba en Islas Salom\u00f3n y otros quedan heridos - Iglesia Adventista del S\u00e9ptimo D\u00eda - Divisi\u00f3n Interamericana\" \/>\n<meta property=\"og:description\" content=\"Ingeniero de aviaci\u00f3n sucumbe por sus heridas despu\u00e9s de explosi\u00f3n de dispositivo de Segunda Guerra Mundial. 12 de mayo de 2021 | Silver Spring, Maryland, Estados Unidos | Por Maryellen...\" \/>\n<meta property=\"og:url\" content=\"https:\/\/interamerica.org\/es\/2021\/05\/joven-adventista-muere-en-explosion-de-bomba-en-islas-salomon-y-otros-quedan-heridos\/\" \/>\n<meta property=\"og:site_name\" content=\"Iglesia Adventista del S\u00e9ptimo D\u00eda - Divisi\u00f3n Interamericana\" \/>\n<meta property=\"article:published_time\" content=\"2021-05-12T15:14:03+00:00\" \/>\n<meta property=\"article:modified_time\" content=\"2021-05-12T19:59:43+00:00\" \/>\n<meta property=\"og:image\" content=\"https:\/\/interamerica.org\/wp-content\/uploads\/2021\/05\/solomon-islands-raziv1.jpeg\" \/>\n\t<meta property=\"og:image:width\" content=\"1000\" \/>\n\t<meta property=\"og:image:height\" content=\"625\" \/>\n\t<meta property=\"og:image:type\" content=\"image\/jpeg\" \/>\n<meta name=\"author\" content=\"libna\" \/>\n<meta name=\"twitter:card\" content=\"summary_large_image\" \/>\n<meta name=\"twitter:label1\" content=\"Escrito por\" \/>\n\t<meta name=\"twitter:data1\" content=\"libna\" \/>\n\t<meta name=\"twitter:label2\" content=\"Tiempo de lectura\" \/>\n\t<meta name=\"twitter:data2\" content=\"3 minutos\" \/>\n<script type=\"application\/ld+json\" class=\"yoast-schema-graph\">{\"@context\":\"https:\\\/\\\/schema.org\",\"@graph\":[{\"@type\":\"Article\",\"@id\":\"https:\\\/\\\/interamerica.org\\\/es\\\/2021\\\/05\\\/joven-adventista-muere-en-explosion-de-bomba-en-islas-salomon-y-otros-quedan-heridos\\\/#article\",\"isPartOf\":{\"@id\":\"https:\\\/\\\/interamerica.org\\\/es\\\/2021\\\/05\\\/joven-adventista-muere-en-explosion-de-bomba-en-islas-salomon-y-otros-quedan-heridos\\\/\"},\"author\":{\"name\":\"libna\",\"@id\":\"https:\\\/\\\/interamerica.org\\\/es\\\/#\\\/schema\\\/person\\\/29998f2bc2d8bd0d38662909289b54f1\"},\"headline\":\"Joven adventista muere en explosi\u00f3n de bomba en Islas Salom\u00f3n y otros quedan heridos\",\"datePublished\":\"2021-05-12T15:14:03+00:00\",\"dateModified\":\"2021-05-12T19:59:43+00:00\",\"mainEntityOfPage\":{\"@id\":\"https:\\\/\\\/interamerica.org\\\/es\\\/2021\\\/05\\\/joven-adventista-muere-en-explosion-de-bomba-en-islas-salomon-y-otros-quedan-heridos\\\/\"},\"wordCount\":555,\"image\":{\"@id\":\"https:\\\/\\\/interamerica.org\\\/es\\\/2021\\\/05\\\/joven-adventista-muere-en-explosion-de-bomba-en-islas-salomon-y-otros-quedan-heridos\\\/#primaryimage\"},\"thumbnailUrl\":\"https:\\\/\\\/interamerica.org\\\/wp-content\\\/uploads\\\/2021\\\/05\\\/solomon-islands-raziv1.jpeg\",\"articleSection\":[\"Desde la iglesia mundial\",\"RSS Espa\u00f1ol\"],\"inLanguage\":\"es\"},{\"@type\":\"WebPage\",\"@id\":\"https:\\\/\\\/interamerica.org\\\/es\\\/2021\\\/05\\\/joven-adventista-muere-en-explosion-de-bomba-en-islas-salomon-y-otros-quedan-heridos\\\/\",\"url\":\"https:\\\/\\\/interamerica.org\\\/es\\\/2021\\\/05\\\/joven-adventista-muere-en-explosion-de-bomba-en-islas-salomon-y-otros-quedan-heridos\\\/\",\"name\":\"Joven adventista muere en explosi\u00f3n de bomba en Islas Salom\u00f3n y otros quedan heridos - Iglesia Adventista del S\u00e9ptimo D\u00eda - Divisi\u00f3n Interamericana\",\"isPartOf\":{\"@id\":\"https:\\\/\\\/interamerica.org\\\/es\\\/#website\"},\"primaryImageOfPage\":{\"@id\":\"https:\\\/\\\/interamerica.org\\\/es\\\/2021\\\/05\\\/joven-adventista-muere-en-explosion-de-bomba-en-islas-salomon-y-otros-quedan-heridos\\\/#primaryimage\"},\"image\":{\"@id\":\"https:\\\/\\\/interamerica.org\\\/es\\\/2021\\\/05\\\/joven-adventista-muere-en-explosion-de-bomba-en-islas-salomon-y-otros-quedan-heridos\\\/#primaryimage\"},\"thumbnailUrl\":\"https:\\\/\\\/interamerica.org\\\/wp-content\\\/uploads\\\/2021\\\/05\\\/solomon-islands-raziv1.jpeg\",\"datePublished\":\"2021-05-12T15:14:03+00:00\",\"dateModified\":\"2021-05-12T19:59:43+00:00\",\"author\":{\"@id\":\"https:\\\/\\\/interamerica.org\\\/es\\\/#\\\/schema\\\/person\\\/29998f2bc2d8bd0d38662909289b54f1\"},\"breadcrumb\":{\"@id\":\"https:\\\/\\\/interamerica.org\\\/es\\\/2021\\\/05\\\/joven-adventista-muere-en-explosion-de-bomba-en-islas-salomon-y-otros-quedan-heridos\\\/#breadcrumb\"},\"inLanguage\":\"es\",\"potentialAction\":[{\"@type\":\"ReadAction\",\"target\":[\"https:\\\/\\\/interamerica.org\\\/es\\\/2021\\\/05\\\/joven-adventista-muere-en-explosion-de-bomba-en-islas-salomon-y-otros-quedan-heridos\\\/\"]}]},{\"@type\":\"ImageObject\",\"inLanguage\":\"es\",\"@id\":\"https:\\\/\\\/interamerica.org\\\/es\\\/2021\\\/05\\\/joven-adventista-muere-en-explosion-de-bomba-en-islas-salomon-y-otros-quedan-heridos\\\/#primaryimage\",\"url\":\"https:\\\/\\\/interamerica.org\\\/wp-content\\\/uploads\\\/2021\\\/05\\\/solomon-islands-raziv1.jpeg\",\"contentUrl\":\"https:\\\/\\\/interamerica.org\\\/wp-content\\\/uploads\\\/2021\\\/05\\\/solomon-islands-raziv1.jpeg\",\"width\":1000,\"height\":625,\"caption\":\"Imagen de Raziv Hilly en la Iglesia Adventista Kukum en las Islas Salom\u00f3n, el dia anterior a su fallecimiento. [Fuente: Facebook]\"},{\"@type\":\"BreadcrumbList\",\"@id\":\"https:\\\/\\\/interamerica.org\\\/es\\\/2021\\\/05\\\/joven-adventista-muere-en-explosion-de-bomba-en-islas-salomon-y-otros-quedan-heridos\\\/#breadcrumb\",\"itemListElement\":[{\"@type\":\"ListItem\",\"position\":1,\"name\":\"Home\",\"item\":\"https:\\\/\\\/interamerica.org\\\/es\\\/\"},{\"@type\":\"ListItem\",\"position\":2,\"name\":\"Joven adventista muere en explosi\u00f3n de bomba en Islas Salom\u00f3n y otros quedan heridos\"}]},{\"@type\":\"WebSite\",\"@id\":\"https:\\\/\\\/interamerica.org\\\/es\\\/#website\",\"url\":\"https:\\\/\\\/interamerica.org\\\/es\\\/\",\"name\":\"Iglesia Adventista del S\u00e9ptimo D\u00eda - Divisi\u00f3n Interamericana\",\"description\":\"\",\"potentialAction\":[{\"@type\":\"SearchAction\",\"target\":{\"@type\":\"EntryPoint\",\"urlTemplate\":\"https:\\\/\\\/interamerica.org\\\/es\\\/?s={search_term_string}\"},\"query-input\":{\"@type\":\"PropertyValueSpecification\",\"valueRequired\":true,\"valueName\":\"search_term_string\"}}],\"inLanguage\":\"es\"},{\"@type\":\"Person\",\"@id\":\"https:\\\/\\\/interamerica.org\\\/es\\\/#\\\/schema\\\/person\\\/29998f2bc2d8bd0d38662909289b54f1\",\"name\":\"libna\",\"image\":{\"@type\":\"ImageObject\",\"inLanguage\":\"es\",\"@id\":\"https:\\\/\\\/secure.gravatar.com\\\/avatar\\\/7c5bd30ae4b47a9ba3c856590957fd1d96dc588bf3ac05719d247e126840331f?s=96&d=mm&r=g\",\"url\":\"https:\\\/\\\/secure.gravatar.com\\\/avatar\\\/7c5bd30ae4b47a9ba3c856590957fd1d96dc588bf3ac05719d247e126840331f?s=96&d=mm&r=g\",\"contentUrl\":\"https:\\\/\\\/secure.gravatar.com\\\/avatar\\\/7c5bd30ae4b47a9ba3c856590957fd1d96dc588bf3ac05719d247e126840331f?s=96&d=mm&r=g\",\"caption\":\"libna\"}}]}<\/script>\n<!-- \/ Yoast SEO plugin. -->","yoast_head_json":{"title":"Joven adventista muere en explosi\u00f3n de bomba en Islas Salom\u00f3n y otros quedan heridos - Iglesia Adventista del S\u00e9ptimo D\u00eda - Divisi\u00f3n Interamericana","robots":{"index":"index","follow":"follow","max-snippet":"max-snippet:-1","max-image-preview":"max-image-preview:large","max-video-preview":"max-video-preview:-1"},"canonical":"https:\/\/interamerica.org\/es\/2021\/05\/joven-adventista-muere-en-explosion-de-bomba-en-islas-salomon-y-otros-quedan-heridos\/","og_locale":"es_ES","og_type":"article","og_title":"Joven adventista muere en explosi\u00f3n de bomba en Islas Salom\u00f3n y otros quedan heridos - Iglesia Adventista del S\u00e9ptimo D\u00eda - Divisi\u00f3n Interamericana","og_description":"Ingeniero de aviaci\u00f3n sucumbe por sus heridas despu\u00e9s de explosi\u00f3n de dispositivo de Segunda Guerra Mundial. 12 de mayo de 2021 | Silver Spring, Maryland, Estados Unidos | Por Maryellen...","og_url":"https:\/\/interamerica.org\/es\/2021\/05\/joven-adventista-muere-en-explosion-de-bomba-en-islas-salomon-y-otros-quedan-heridos\/","og_site_name":"Iglesia Adventista del S\u00e9ptimo D\u00eda - Divisi\u00f3n Interamericana","article_published_time":"2021-05-12T15:14:03+00:00","article_modified_time":"2021-05-12T19:59:43+00:00","og_image":[{"width":1000,"height":625,"url":"https:\/\/interamerica.org\/wp-content\/uploads\/2021\/05\/solomon-islands-raziv1.jpeg","type":"image\/jpeg"}],"author":"libna","twitter_card":"summary_large_image","twitter_misc":{"Escrito por":"libna","Tiempo de lectura":"3 minutos"},"schema":{"@context":"https:\/\/schema.org","@graph":[{"@type":"Article","@id":"https:\/\/interamerica.org\/es\/2021\/05\/joven-adventista-muere-en-explosion-de-bomba-en-islas-salomon-y-otros-quedan-heridos\/#article","isPartOf":{"@id":"https:\/\/interamerica.org\/es\/2021\/05\/joven-adventista-muere-en-explosion-de-bomba-en-islas-salomon-y-otros-quedan-heridos\/"},"author":{"name":"libna","@id":"https:\/\/interamerica.org\/es\/#\/schema\/person\/29998f2bc2d8bd0d38662909289b54f1"},"headline":"Joven adventista muere en explosi\u00f3n de bomba en Islas Salom\u00f3n y otros quedan heridos","datePublished":"2021-05-12T15:14:03+00:00","dateModified":"2021-05-12T19:59:43+00:00","mainEntityOfPage":{"@id":"https:\/\/interamerica.org\/es\/2021\/05\/joven-adventista-muere-en-explosion-de-bomba-en-islas-salomon-y-otros-quedan-heridos\/"},"wordCount":555,"image":{"@id":"https:\/\/interamerica.org\/es\/2021\/05\/joven-adventista-muere-en-explosion-de-bomba-en-islas-salomon-y-otros-quedan-heridos\/#primaryimage"},"thumbnailUrl":"https:\/\/interamerica.org\/wp-content\/uploads\/2021\/05\/solomon-islands-raziv1.jpeg","articleSection":["Desde la iglesia mundial","RSS Espa\u00f1ol"],"inLanguage":"es"},{"@type":"WebPage","@id":"https:\/\/interamerica.org\/es\/2021\/05\/joven-adventista-muere-en-explosion-de-bomba-en-islas-salomon-y-otros-quedan-heridos\/","url":"https:\/\/interamerica.org\/es\/2021\/05\/joven-adventista-muere-en-explosion-de-bomba-en-islas-salomon-y-otros-quedan-heridos\/","name":"Joven adventista muere en explosi\u00f3n de bomba en Islas Salom\u00f3n y otros quedan heridos - Iglesia Adventista del S\u00e9ptimo D\u00eda - Divisi\u00f3n Interamericana","isPartOf":{"@id":"https:\/\/interamerica.org\/es\/#website"},"primaryImageOfPage":{"@id":"https:\/\/interamerica.org\/es\/2021\/05\/joven-adventista-muere-en-explosion-de-bomba-en-islas-salomon-y-otros-quedan-heridos\/#primaryimage"},"image":{"@id":"https:\/\/interamerica.org\/es\/2021\/05\/joven-adventista-muere-en-explosion-de-bomba-en-islas-salomon-y-otros-quedan-heridos\/#primaryimage"},"thumbnailUrl":"https:\/\/interamerica.org\/wp-content\/uploads\/2021\/05\/solomon-islands-raziv1.jpeg","datePublished":"2021-05-12T15:14:03+00:00","dateModified":"2021-05-12T19:59:43+00:00","author":{"@id":"https:\/\/interamerica.org\/es\/#\/schema\/person\/29998f2bc2d8bd0d38662909289b54f1"},"breadcrumb":{"@id":"https:\/\/interamerica.org\/es\/2021\/05\/joven-adventista-muere-en-explosion-de-bomba-en-islas-salomon-y-otros-quedan-heridos\/#breadcrumb"},"inLanguage":"es","potentialAction":[{"@type":"ReadAction","target":["https:\/\/interamerica.org\/es\/2021\/05\/joven-adventista-muere-en-explosion-de-bomba-en-islas-salomon-y-otros-quedan-heridos\/"]}]},{"@type":"ImageObject","inLanguage":"es","@id":"https:\/\/interamerica.org\/es\/2021\/05\/joven-adventista-muere-en-explosion-de-bomba-en-islas-salomon-y-otros-quedan-heridos\/#primaryimage","url":"https:\/\/interamerica.org\/wp-content\/uploads\/2021\/05\/solomon-islands-raziv1.jpeg","contentUrl":"https:\/\/interamerica.org\/wp-content\/uploads\/2021\/05\/solomon-islands-raziv1.jpeg","width":1000,"height":625,"caption":"Imagen de Raziv Hilly en la Iglesia Adventista Kukum en las Islas Salom\u00f3n, el dia anterior a su fallecimiento. [Fuente: Facebook]"},{"@type":"BreadcrumbList","@id":"https:\/\/interamerica.org\/es\/2021\/05\/joven-adventista-muere-en-explosion-de-bomba-en-islas-salomon-y-otros-quedan-heridos\/#breadcrumb","itemListElement":[{"@type":"ListItem","position":1,"name":"Home","item":"https:\/\/interamerica.org\/es\/"},{"@type":"ListItem","position":2,"name":"Joven adventista muere en explosi\u00f3n de bomba en Islas Salom\u00f3n y otros quedan heridos"}]},{"@type":"WebSite","@id":"https:\/\/interamerica.org\/es\/#website","url":"https:\/\/interamerica.org\/es\/","name":"Iglesia Adventista del S\u00e9ptimo D\u00eda - Divisi\u00f3n Interamericana","description":"","potentialAction":[{"@type":"SearchAction","target":{"@type":"EntryPoint","urlTemplate":"https:\/\/interamerica.org\/es\/?s={search_term_string}"},"query-input":{"@type":"PropertyValueSpecification","valueRequired":true,"valueName":"search_term_string"}}],"inLanguage":"es"},{"@type":"Person","@id":"https:\/\/interamerica.org\/es\/#\/schema\/person\/29998f2bc2d8bd0d38662909289b54f1","name":"libna","image":{"@type":"ImageObject","inLanguage":"es","@id":"https:\/\/secure.gravatar.com\/avatar\/7c5bd30ae4b47a9ba3c856590957fd1d96dc588bf3ac05719d247e126840331f?s=96&d=mm&r=g","url":"https:\/\/secure.gravatar.com\/avatar\/7c5bd30ae4b47a9ba3c856590957fd1d96dc588bf3ac05719d247e126840331f?s=96&d=mm&r=g","contentUrl":"https:\/\/secure.gravatar.com\/avatar\/7c5bd30ae4b47a9ba3c856590957fd1d96dc588bf3ac05719d247e126840331f?s=96&d=mm&r=g","caption":"libna"}}]}},"_links":{"self":[{"href":"https:\/\/interamerica.org\/es\/wp-json\/wp\/v2\/posts\/71781","targetHints":{"allow":["GET"]}}],"collection":[{"href":"https:\/\/interamerica.org\/es\/wp-json\/wp\/v2\/posts"}],"about":[{"href":"https:\/\/interamerica.org\/es\/wp-json\/wp\/v2\/types\/post"}],"author":[{"embeddable":true,"href":"https:\/\/interamerica.org\/es\/wp-json\/wp\/v2\/users\/3"}],"replies":[{"embeddable":true,"href":"https:\/\/interamerica.org\/es\/wp-json\/wp\/v2\/comments?post=71781"}],"version-history":[{"count":0,"href":"https:\/\/interamerica.org\/es\/wp-json\/wp\/v2\/posts\/71781\/revisions"}],"wp:featuredmedia":[{"embeddable":true,"href":"https:\/\/interamerica.org\/es\/wp-json\/wp\/v2\/media\/71739"}],"wp:attachment":[{"href":"https:\/\/interamerica.org\/es\/wp-json\/wp\/v2\/media?parent=71781"}],"wp:term":[{"taxonomy":"category","embeddable":true,"href":"https:\/\/interamerica.org\/es\/wp-json\/wp\/v2\/categories?post=71781"},{"taxonomy":"post_tag","embeddable":true,"href":"https:\/\/interamerica.org\/es\/wp-json\/wp\/v2\/tags?post=71781"}],"curies":[{"name":"wp","href":"https:\/\/api.w.org\/{rel}","templated":true}]}}