{"id":71829,"date":"2021-05-13T19:44:40","date_gmt":"2021-05-13T23:44:40","guid":{"rendered":"https:\/\/recursing-golick.147-182-135-0.plesk.page\/?p=71829"},"modified":"2021-05-13T17:18:20","modified_gmt":"2021-05-13T21:18:20","slug":"campamento-global-virtual","status":"publish","type":"post","link":"https:\/\/interamerica.org\/es\/2021\/05\/campamento-global-virtual\/","title":{"rendered":"Campamento Global Virtual"},"content":{"rendered":"<p>13 de mayo de 2021 | Silver Spring, Maryland, Estados Unidos | Ted N.C. Wilson, President de la Asociaci\u00f3n General de los Adventistas del S\u00e9ptimo D\u00eda<\/p>\n<p><span style=\"font-weight: 400;\">\u00a1Saludos amigos! Cuando escuchan hablar de un \u00abCampamento\u00bb, \u00bfqu\u00e9 les viene a <\/span><span style=\"font-weight: 400;\">la mente? Dependiendo de la parte del mundo en la que se encuentren, es posible <\/span><span style=\"font-weight: 400;\">que est\u00e9n pensando en carpas y tierra. Quiz\u00e1 en \u00e1rboles y lagos. O alg\u00fan otro <\/span><span style=\"font-weight: 400;\">hermoso escenario al aire libre. Probablemente tambi\u00e9n piensen en una c\u00e1lida <\/span><span style=\"font-weight: 400;\">comuni\u00f3n con otros creyentes, mensajes inspiradores y m\u00fasica edificante.<\/span><\/p>\n<p><span style=\"font-weight: 400;\">Incluso puede ser que est\u00e1s pensando en tu propio bautismo, o en el de un ser <\/span><span style=\"font-weight: 400;\">querido o amigo, ya que se han realizado miles de bautismos en reuniones <\/span><span style=\"font-weight: 400;\">campestres en todo el mundo.<\/span><\/p>\n<p><span style=\"font-weight: 400;\">En cualquier caso, la idea de una reuni\u00f3n en el campo trae buenos recuerdos a muchas personas y las hemos extra\u00f1ado mucho durante el a\u00f1o pasado, ya que el coronavirus cancel\u00f3 todas esas reuniones.<\/span><\/p>\n<p><span style=\"font-weight: 400;\">Este a\u00f1o, sin embargo, \u00a1tenemos buenas noticias! \u00a1Habr\u00e1 un Campamento Global Virtual Adventista que ning\u00fan virus puede cancelar! Es gratis y est\u00e1 abierto para todos en todo el mundo, y comenzar\u00e1 la pr\u00f3xima semana, el mi\u00e9rcoles 19 de mayo y continuar\u00e1 hasta el domingo 23 de mayo. Si bien este evento ser\u00e1 diferente a los que hemos hecho en el pasado, este campamento global virtual adventista re\u00fane a toda la iglesia mundial para adorar, inspirarse y aprender.<\/span><\/p>\n<p><span style=\"font-weight: 400;\">Este evento mostrar\u00e1 la incre\u00edble amplitud y profundidad de los ministerios adventistas en todo el mundo. Contar\u00e1 con cientos de presentaciones, seminarios y talleres sobre discipulado, educaci\u00f3n, ministerios de salud, medios de comunicaci\u00f3n, misiones y teolog\u00eda. Habr\u00e1 mesas redondas con l\u00edderes de la iglesia y cr\u00e9ditos de educaci\u00f3n continua para pastores y maestros.<\/span><\/p>\n<p><span style=\"font-weight: 400;\">Sorprendentemente, incluso habr\u00e1 una sala de exposiciones de avanzada donde podr\u00e1n visitar los m\u00f3dulos de numerosas organizaciones adventistas que compartir\u00e1n sus recursos para la misi\u00f3n.\u00a0 Y lo mejor, \u00a1es que ser\u00e1 Gratis! El Campamento Global Virtual Adventista tendr\u00e1 una programaci\u00f3n centrada en tres regiones principales: Asia-Pac\u00edfico, Euro-\u00c1frica y las Am\u00e9ricas. Se programar\u00e1n seminarios para un acceso conveniente desde zonas horarias de todo el mundo. Todo lo que tienen que hacer es visitar el sitio, campmeeting.com e inscribirse. Es completamente gratis.<\/span><\/p>\n<p><span style=\"font-weight: 400;\">\u00bfSaben amigos? Las reuniones campestres han existido desde hace mucho tiempo, siempre que el pueblo de Dios se ha reunido para recibir instrucci\u00f3n espiritual, refrigerio y aliento.<\/span><\/p>\n<p><span style=\"font-weight: 400;\">En <\/span><b>Testimonios para la Iglesia, vol. 6<\/b><span style=\"font-weight: 400;\">, leemos: <\/span><b>\u00abAntiguamente el Se\u00f1or orden\u00f3 a su pueblo que se reuniera tres veces al a\u00f1o para rendirle culto. Los hijos de Israel acud\u00edan a aquellas santas convocaciones, trayendo a la casa de Dios sus diezmos, as\u00ed como las ofrendas por el pecado y las de gratitud. Se reun\u00edan para relatar las<\/b><\/p>\n<p><b>misericordias de Dios, para conocer sus obras admirables, tributarle agradecimiento y alabar su nombre. Deb\u00edan participar en el servicio de sacrificios que se\u00f1alaba a Cristo como el Cordero de Dios&#8230; As\u00ed hab\u00edan de preservarse del poder corruptor de la mundanalidad y la idolatr\u00eda. {6TI 47.1}<\/b><\/p>\n<p><span style=\"font-weight: 400;\">Y hablando de las reuniones campestres en una era m\u00e1s moderna, Elena de White escribi\u00f3: <\/span><b>\u00abLos congresos campestres son una de las actividades m\u00e1s importantes de nuestra obra. Es uno de los m\u00e9todos m\u00e1s efectivos para cautivar la atenci\u00f3n de la gente y alcanzar a todas las clases sociales con la invitaci\u00f3n del Evangelio. <\/b><span style=\"font-weight: 400;\">Ella contin\u00faa,<\/span> <b>\u00abLos campamentos campestres tienen adem\u00e1s otra finalidad: la de promover la vida espiritual entre nuestros miembros\u2026\u00a0 <\/b><b>El Se\u00f1or nos ha ense\u00f1ado que las reuniones religiosas al aire libre son uno de los medios m\u00e1s importantes para la realizaci\u00f3n de esta obra. {Testimonios para la Iglesia, p\u00e1gina 6}.<\/b><\/p>\n<p><span style=\"font-weight: 400;\">Si bien es posible que no podamos reunirnos f\u00edsicamente, Dios ha proporcionado una forma en que podemos reunirnos electr\u00f3nicamente. Y su Esp\u00edritu no est\u00e1 encadenado. Mientras participamos y adoramos juntos, \u00c9l todav\u00eda puede llegar a cada coraz\u00f3n, a cada hogar, llevando a cada persona el mensaje que \u00c9l sabe lo que necesitan escuchar.<\/span><\/p>\n<p><span style=\"font-weight: 400;\">Espero que hagan planes de unirse a nosotros e invitar a sus amigos y familiares al Campamento Global Virtual Adventista, que se llevar\u00e1 a cabo a partir del pr\u00f3ximo mi\u00e9rcoles. Visite campmeeting.com para obtener m\u00e1s informaci\u00f3n.<\/span><\/p>\n<p><span style=\"font-weight: 400;\">Oremos juntos. Padre celestial, gracias por querer estar con tu pueblo desde el principio de los tiempos. Caminando en la tranquilidad de la noche en el jard\u00edn del Ed\u00e9n, para pasar tiempo con Ad\u00e1n y Eva y ahora hasta nuestros d\u00edas, anhelas estar en comuni\u00f3n con nosotros. Se\u00f1or bendice esta reuni\u00f3n de campestre, este campamento virtual global, para que pueda ser una bendici\u00f3n para las personas de todo el mundo y para que puedan ser revividas, reformadas, energizadas, para decir, s\u00ed Se\u00f1or, Yo ir\u00e9, ser\u00e9 parte de la \u00faltima proclamaci\u00f3n de tus preciosos Mensajes de los tres \u00e1ngeles.<\/span><\/p>\n<p><span style=\"font-weight: 400;\">Se\u00f1or, queremos que vengas pronto. Gracias por darnos esta oportunidad de aprender m\u00e1s durante esta reuni\u00f3n de campamento global virtual. Y Se\u00f1or nuestro, bendice a todos los que asistir\u00e1n, y a todos los que escuchan este mensaje en este momento. En el nombre de Jes\u00fas te lo pedimos. Am\u00e9n.<\/span><\/p>\n<p><iframe title=\"Campamento Global Adventista \/ Pastor Ted Wilson\" src=\"https:\/\/player.vimeo.com\/video\/548911475?dnt=1&amp;app_id=122963\" width=\"500\" height=\"281\" frameborder=\"0\" allow=\"autoplay; fullscreen; picture-in-picture; clipboard-write\"><\/iframe><\/p>\n","protected":false},"excerpt":{"rendered":"<p>13 de mayo de 2021 | Silver Spring, Maryland, Estados Unidos | Ted N.C. Wilson, President de la Asociaci\u00f3n General de los Adventistas del S\u00e9ptimo D\u00eda \u00a1Saludos amigos! Cuando escuchan&#8230;<\/p>\n","protected":false},"author":3,"featured_media":71826,"comment_status":"closed","ping_status":"closed","sticky":false,"template":"","format":"standard","meta":{"_acf_changed":false,"footnotes":""},"categories":[14,15],"tags":[],"class_list":["post-71829","post","type-post","status-publish","format-standard","has-post-thumbnail","hentry","category-de-la-iglesia-mundial","category-rss-espanol"],"acf":[],"yoast_head":"<!-- This site is optimized with the Yoast SEO plugin v27.3 - https:\/\/yoast.com\/product\/yoast-seo-wordpress\/ -->\n<title>Campamento Global Virtual - Iglesia Adventista del S\u00e9ptimo D\u00eda - Divisi\u00f3n Interamericana<\/title>\n<meta name=\"robots\" content=\"index, follow, max-snippet:-1, max-image-preview:large, max-video-preview:-1\" \/>\n<link rel=\"canonical\" href=\"https:\/\/interamerica.org\/es\/2021\/05\/campamento-global-virtual\/\" \/>\n<meta property=\"og:locale\" content=\"es_ES\" \/>\n<meta property=\"og:type\" content=\"article\" \/>\n<meta property=\"og:title\" content=\"Campamento Global Virtual - Iglesia Adventista del S\u00e9ptimo D\u00eda - Divisi\u00f3n Interamericana\" \/>\n<meta property=\"og:description\" content=\"13 de mayo de 2021 | Silver Spring, Maryland, Estados Unidos | Ted N.C. Wilson, President de la Asociaci\u00f3n General de los Adventistas del S\u00e9ptimo D\u00eda \u00a1Saludos amigos! Cuando escuchan...\" \/>\n<meta property=\"og:url\" content=\"https:\/\/interamerica.org\/es\/2021\/05\/campamento-global-virtual\/\" \/>\n<meta property=\"og:site_name\" content=\"Iglesia Adventista del S\u00e9ptimo D\u00eda - Divisi\u00f3n Interamericana\" \/>\n<meta property=\"article:published_time\" content=\"2021-05-13T23:44:40+00:00\" \/>\n<meta property=\"og:image\" content=\"https:\/\/interamerica.org\/wp-content\/uploads\/2021\/05\/wilson-may14-english.jpg\" \/>\n\t<meta property=\"og:image:width\" content=\"1000\" \/>\n\t<meta property=\"og:image:height\" content=\"563\" \/>\n\t<meta property=\"og:image:type\" content=\"image\/jpeg\" \/>\n<meta name=\"author\" content=\"libna\" \/>\n<meta name=\"twitter:card\" content=\"summary_large_image\" \/>\n<meta name=\"twitter:label1\" content=\"Escrito por\" \/>\n\t<meta name=\"twitter:data1\" content=\"libna\" \/>\n\t<meta name=\"twitter:label2\" content=\"Tiempo de lectura\" \/>\n\t<meta name=\"twitter:data2\" content=\"4 minutos\" \/>\n<script type=\"application\/ld+json\" class=\"yoast-schema-graph\">{\"@context\":\"https:\\\/\\\/schema.org\",\"@graph\":[{\"@type\":\"Article\",\"@id\":\"https:\\\/\\\/interamerica.org\\\/es\\\/2021\\\/05\\\/campamento-global-virtual\\\/#article\",\"isPartOf\":{\"@id\":\"https:\\\/\\\/interamerica.org\\\/es\\\/2021\\\/05\\\/campamento-global-virtual\\\/\"},\"author\":{\"name\":\"libna\",\"@id\":\"https:\\\/\\\/interamerica.org\\\/es\\\/#\\\/schema\\\/person\\\/29998f2bc2d8bd0d38662909289b54f1\"},\"headline\":\"Campamento Global Virtual\",\"datePublished\":\"2021-05-13T23:44:40+00:00\",\"mainEntityOfPage\":{\"@id\":\"https:\\\/\\\/interamerica.org\\\/es\\\/2021\\\/05\\\/campamento-global-virtual\\\/\"},\"wordCount\":919,\"image\":{\"@id\":\"https:\\\/\\\/interamerica.org\\\/es\\\/2021\\\/05\\\/campamento-global-virtual\\\/#primaryimage\"},\"thumbnailUrl\":\"https:\\\/\\\/interamerica.org\\\/wp-content\\\/uploads\\\/2021\\\/05\\\/wilson-may14-english.jpg\",\"articleSection\":[\"Desde la iglesia mundial\",\"RSS Espa\u00f1ol\"],\"inLanguage\":\"es\"},{\"@type\":\"WebPage\",\"@id\":\"https:\\\/\\\/interamerica.org\\\/es\\\/2021\\\/05\\\/campamento-global-virtual\\\/\",\"url\":\"https:\\\/\\\/interamerica.org\\\/es\\\/2021\\\/05\\\/campamento-global-virtual\\\/\",\"name\":\"Campamento Global Virtual - Iglesia Adventista del S\u00e9ptimo D\u00eda - Divisi\u00f3n Interamericana\",\"isPartOf\":{\"@id\":\"https:\\\/\\\/interamerica.org\\\/es\\\/#website\"},\"primaryImageOfPage\":{\"@id\":\"https:\\\/\\\/interamerica.org\\\/es\\\/2021\\\/05\\\/campamento-global-virtual\\\/#primaryimage\"},\"image\":{\"@id\":\"https:\\\/\\\/interamerica.org\\\/es\\\/2021\\\/05\\\/campamento-global-virtual\\\/#primaryimage\"},\"thumbnailUrl\":\"https:\\\/\\\/interamerica.org\\\/wp-content\\\/uploads\\\/2021\\\/05\\\/wilson-may14-english.jpg\",\"datePublished\":\"2021-05-13T23:44:40+00:00\",\"author\":{\"@id\":\"https:\\\/\\\/interamerica.org\\\/es\\\/#\\\/schema\\\/person\\\/29998f2bc2d8bd0d38662909289b54f1\"},\"breadcrumb\":{\"@id\":\"https:\\\/\\\/interamerica.org\\\/es\\\/2021\\\/05\\\/campamento-global-virtual\\\/#breadcrumb\"},\"inLanguage\":\"es\",\"potentialAction\":[{\"@type\":\"ReadAction\",\"target\":[\"https:\\\/\\\/interamerica.org\\\/es\\\/2021\\\/05\\\/campamento-global-virtual\\\/\"]}]},{\"@type\":\"ImageObject\",\"inLanguage\":\"es\",\"@id\":\"https:\\\/\\\/interamerica.org\\\/es\\\/2021\\\/05\\\/campamento-global-virtual\\\/#primaryimage\",\"url\":\"https:\\\/\\\/interamerica.org\\\/wp-content\\\/uploads\\\/2021\\\/05\\\/wilson-may14-english.jpg\",\"contentUrl\":\"https:\\\/\\\/interamerica.org\\\/wp-content\\\/uploads\\\/2021\\\/05\\\/wilson-may14-english.jpg\",\"width\":1000,\"height\":563},{\"@type\":\"BreadcrumbList\",\"@id\":\"https:\\\/\\\/interamerica.org\\\/es\\\/2021\\\/05\\\/campamento-global-virtual\\\/#breadcrumb\",\"itemListElement\":[{\"@type\":\"ListItem\",\"position\":1,\"name\":\"Home\",\"item\":\"https:\\\/\\\/interamerica.org\\\/es\\\/\"},{\"@type\":\"ListItem\",\"position\":2,\"name\":\"Campamento Global Virtual\"}]},{\"@type\":\"WebSite\",\"@id\":\"https:\\\/\\\/interamerica.org\\\/es\\\/#website\",\"url\":\"https:\\\/\\\/interamerica.org\\\/es\\\/\",\"name\":\"Iglesia Adventista del S\u00e9ptimo D\u00eda - Divisi\u00f3n Interamericana\",\"description\":\"\",\"potentialAction\":[{\"@type\":\"SearchAction\",\"target\":{\"@type\":\"EntryPoint\",\"urlTemplate\":\"https:\\\/\\\/interamerica.org\\\/es\\\/?s={search_term_string}\"},\"query-input\":{\"@type\":\"PropertyValueSpecification\",\"valueRequired\":true,\"valueName\":\"search_term_string\"}}],\"inLanguage\":\"es\"},{\"@type\":\"Person\",\"@id\":\"https:\\\/\\\/interamerica.org\\\/es\\\/#\\\/schema\\\/person\\\/29998f2bc2d8bd0d38662909289b54f1\",\"name\":\"libna\",\"image\":{\"@type\":\"ImageObject\",\"inLanguage\":\"es\",\"@id\":\"https:\\\/\\\/secure.gravatar.com\\\/avatar\\\/7c5bd30ae4b47a9ba3c856590957fd1d96dc588bf3ac05719d247e126840331f?s=96&d=mm&r=g\",\"url\":\"https:\\\/\\\/secure.gravatar.com\\\/avatar\\\/7c5bd30ae4b47a9ba3c856590957fd1d96dc588bf3ac05719d247e126840331f?s=96&d=mm&r=g\",\"contentUrl\":\"https:\\\/\\\/secure.gravatar.com\\\/avatar\\\/7c5bd30ae4b47a9ba3c856590957fd1d96dc588bf3ac05719d247e126840331f?s=96&d=mm&r=g\",\"caption\":\"libna\"}}]}<\/script>\n<!-- \/ Yoast SEO plugin. -->","yoast_head_json":{"title":"Campamento Global Virtual - Iglesia Adventista del S\u00e9ptimo D\u00eda - Divisi\u00f3n Interamericana","robots":{"index":"index","follow":"follow","max-snippet":"max-snippet:-1","max-image-preview":"max-image-preview:large","max-video-preview":"max-video-preview:-1"},"canonical":"https:\/\/interamerica.org\/es\/2021\/05\/campamento-global-virtual\/","og_locale":"es_ES","og_type":"article","og_title":"Campamento Global Virtual - Iglesia Adventista del S\u00e9ptimo D\u00eda - Divisi\u00f3n Interamericana","og_description":"13 de mayo de 2021 | Silver Spring, Maryland, Estados Unidos | Ted N.C. Wilson, President de la Asociaci\u00f3n General de los Adventistas del S\u00e9ptimo D\u00eda \u00a1Saludos amigos! Cuando escuchan...","og_url":"https:\/\/interamerica.org\/es\/2021\/05\/campamento-global-virtual\/","og_site_name":"Iglesia Adventista del S\u00e9ptimo D\u00eda - Divisi\u00f3n Interamericana","article_published_time":"2021-05-13T23:44:40+00:00","og_image":[{"width":1000,"height":563,"url":"https:\/\/interamerica.org\/wp-content\/uploads\/2021\/05\/wilson-may14-english.jpg","type":"image\/jpeg"}],"author":"libna","twitter_card":"summary_large_image","twitter_misc":{"Escrito por":"libna","Tiempo de lectura":"4 minutos"},"schema":{"@context":"https:\/\/schema.org","@graph":[{"@type":"Article","@id":"https:\/\/interamerica.org\/es\/2021\/05\/campamento-global-virtual\/#article","isPartOf":{"@id":"https:\/\/interamerica.org\/es\/2021\/05\/campamento-global-virtual\/"},"author":{"name":"libna","@id":"https:\/\/interamerica.org\/es\/#\/schema\/person\/29998f2bc2d8bd0d38662909289b54f1"},"headline":"Campamento Global Virtual","datePublished":"2021-05-13T23:44:40+00:00","mainEntityOfPage":{"@id":"https:\/\/interamerica.org\/es\/2021\/05\/campamento-global-virtual\/"},"wordCount":919,"image":{"@id":"https:\/\/interamerica.org\/es\/2021\/05\/campamento-global-virtual\/#primaryimage"},"thumbnailUrl":"https:\/\/interamerica.org\/wp-content\/uploads\/2021\/05\/wilson-may14-english.jpg","articleSection":["Desde la iglesia mundial","RSS Espa\u00f1ol"],"inLanguage":"es"},{"@type":"WebPage","@id":"https:\/\/interamerica.org\/es\/2021\/05\/campamento-global-virtual\/","url":"https:\/\/interamerica.org\/es\/2021\/05\/campamento-global-virtual\/","name":"Campamento Global Virtual - Iglesia Adventista del S\u00e9ptimo D\u00eda - Divisi\u00f3n Interamericana","isPartOf":{"@id":"https:\/\/interamerica.org\/es\/#website"},"primaryImageOfPage":{"@id":"https:\/\/interamerica.org\/es\/2021\/05\/campamento-global-virtual\/#primaryimage"},"image":{"@id":"https:\/\/interamerica.org\/es\/2021\/05\/campamento-global-virtual\/#primaryimage"},"thumbnailUrl":"https:\/\/interamerica.org\/wp-content\/uploads\/2021\/05\/wilson-may14-english.jpg","datePublished":"2021-05-13T23:44:40+00:00","author":{"@id":"https:\/\/interamerica.org\/es\/#\/schema\/person\/29998f2bc2d8bd0d38662909289b54f1"},"breadcrumb":{"@id":"https:\/\/interamerica.org\/es\/2021\/05\/campamento-global-virtual\/#breadcrumb"},"inLanguage":"es","potentialAction":[{"@type":"ReadAction","target":["https:\/\/interamerica.org\/es\/2021\/05\/campamento-global-virtual\/"]}]},{"@type":"ImageObject","inLanguage":"es","@id":"https:\/\/interamerica.org\/es\/2021\/05\/campamento-global-virtual\/#primaryimage","url":"https:\/\/interamerica.org\/wp-content\/uploads\/2021\/05\/wilson-may14-english.jpg","contentUrl":"https:\/\/interamerica.org\/wp-content\/uploads\/2021\/05\/wilson-may14-english.jpg","width":1000,"height":563},{"@type":"BreadcrumbList","@id":"https:\/\/interamerica.org\/es\/2021\/05\/campamento-global-virtual\/#breadcrumb","itemListElement":[{"@type":"ListItem","position":1,"name":"Home","item":"https:\/\/interamerica.org\/es\/"},{"@type":"ListItem","position":2,"name":"Campamento Global Virtual"}]},{"@type":"WebSite","@id":"https:\/\/interamerica.org\/es\/#website","url":"https:\/\/interamerica.org\/es\/","name":"Iglesia Adventista del S\u00e9ptimo D\u00eda - Divisi\u00f3n Interamericana","description":"","potentialAction":[{"@type":"SearchAction","target":{"@type":"EntryPoint","urlTemplate":"https:\/\/interamerica.org\/es\/?s={search_term_string}"},"query-input":{"@type":"PropertyValueSpecification","valueRequired":true,"valueName":"search_term_string"}}],"inLanguage":"es"},{"@type":"Person","@id":"https:\/\/interamerica.org\/es\/#\/schema\/person\/29998f2bc2d8bd0d38662909289b54f1","name":"libna","image":{"@type":"ImageObject","inLanguage":"es","@id":"https:\/\/secure.gravatar.com\/avatar\/7c5bd30ae4b47a9ba3c856590957fd1d96dc588bf3ac05719d247e126840331f?s=96&d=mm&r=g","url":"https:\/\/secure.gravatar.com\/avatar\/7c5bd30ae4b47a9ba3c856590957fd1d96dc588bf3ac05719d247e126840331f?s=96&d=mm&r=g","contentUrl":"https:\/\/secure.gravatar.com\/avatar\/7c5bd30ae4b47a9ba3c856590957fd1d96dc588bf3ac05719d247e126840331f?s=96&d=mm&r=g","caption":"libna"}}]}},"_links":{"self":[{"href":"https:\/\/interamerica.org\/es\/wp-json\/wp\/v2\/posts\/71829","targetHints":{"allow":["GET"]}}],"collection":[{"href":"https:\/\/interamerica.org\/es\/wp-json\/wp\/v2\/posts"}],"about":[{"href":"https:\/\/interamerica.org\/es\/wp-json\/wp\/v2\/types\/post"}],"author":[{"embeddable":true,"href":"https:\/\/interamerica.org\/es\/wp-json\/wp\/v2\/users\/3"}],"replies":[{"embeddable":true,"href":"https:\/\/interamerica.org\/es\/wp-json\/wp\/v2\/comments?post=71829"}],"version-history":[{"count":0,"href":"https:\/\/interamerica.org\/es\/wp-json\/wp\/v2\/posts\/71829\/revisions"}],"wp:featuredmedia":[{"embeddable":true,"href":"https:\/\/interamerica.org\/es\/wp-json\/wp\/v2\/media\/71826"}],"wp:attachment":[{"href":"https:\/\/interamerica.org\/es\/wp-json\/wp\/v2\/media?parent=71829"}],"wp:term":[{"taxonomy":"category","embeddable":true,"href":"https:\/\/interamerica.org\/es\/wp-json\/wp\/v2\/categories?post=71829"},{"taxonomy":"post_tag","embeddable":true,"href":"https:\/\/interamerica.org\/es\/wp-json\/wp\/v2\/tags?post=71829"}],"curies":[{"name":"wp","href":"https:\/\/api.w.org\/{rel}","templated":true}]}}