{"id":73808,"date":"2021-07-18T18:31:14","date_gmt":"2021-07-18T22:31:14","guid":{"rendered":"https:\/\/recursing-golick.147-182-135-0.plesk.page\/?p=73808"},"modified":"2021-07-19T07:53:28","modified_gmt":"2021-07-19T11:53:28","slug":"el-presidente-de-la-iglesia-adventista-del-septimo-dia-anima-a-los-miembros-de-cuba","status":"publish","type":"post","link":"https:\/\/interamerica.org\/es\/2021\/07\/el-presidente-de-la-iglesia-adventista-del-septimo-dia-anima-a-los-miembros-de-cuba\/","title":{"rendered":"El presidente de la Iglesia Adventista del S\u00e9ptimo D\u00eda anima a los miembros de Cuba"},"content":{"rendered":"<p>18 de julio de 2021 | Miami, Florida, Estados Unidos | Noticias de la Divisi\u00f3n Interamericana<\/p>\n<p><em>A continuaci\u00f3n se comparte una carta de aliento espiritual de parted e Ted N. C. Wilson, presidente de la Asociaci\u00f3n General de los Adventistas del S\u00e9ptimo D\u00eda, a los miembros de la Iglesia Adventista de Cuba, despu\u00e9s del aumento de la inestabilidad social que ha afectado a esa naci\u00f3n insular caribe\u00f1a por ya m\u00e1s de una semana. Los l\u00edderes de la iglesia local en Cuba han solicitado las oraciones y la fidelidad de los miembros durante estos momentos.\u2014Noticias de la Divisi\u00f3n Interamericana. <\/em><\/p>\n<p>Apreciados hermanos y hermanas de Cuba:<\/p>\n<p>Al enfrentar desaf\u00edos cada d\u00eda, Dios abrir\u00e1 el camino para que le sirvan en cualquier cosa que se encuentren. Permanezcan enfocados en Cristo en todo lo que hagan. Las personas los est\u00e1n mirando, y notar\u00e1n con detenimiento su amor fiel por Dios y los dem\u00e1s. Ayuden a las personas de todas las maneras posibles, as\u00ed como lo hizo Jes\u00fas: ayud\u00e1ndolos f\u00edsica, mental, social y espiritualmente. Se\u00f1\u00e1lenles a Jes\u00fas, que puede darles vida, y vida en abundancia, no solo para el futuro sino ahora en esta tierra. Puede que la vida no sea f\u00e1cil, pero Dios nos llevar\u00e1 si nos apoyamos en \u00e9l y pedimos la conducci\u00f3n del Esp\u00edritu Sant en todo lo que hacemos. Agradecemos al Se\u00f1or por su fidelidad a \u00e9l y por el movimiento adventista, que aguarda con ansias el pronto regreso de Cristo. Como l\u00edderes de la iglesia, oramos por ustedes y por el maravilloso pueblo de la naci\u00f3n cubana. Estamos agradecidos por el firme apoyo y aliento que reciben de parte de la Divisi\u00f3n Interamericana. Permanezcan fieles, estudiando la Palabra de Dios y el esp\u00edritu de profec\u00eda, al compartir la verdad de Dios con aquellos que los rodean. Estamos viviendo en el tiempo del fin, y nos sentimos agradecidos de proclamar el evangelio eterno de Jesucristo y los mensajes de los tres \u00e1ngeles que anuncian el pronto regreso de Cristo.<\/p>\n<p>Al llegar hasta sus vecinos y amigos con el maravilloso mensaje adventista que abarca todas las verdades b\u00edblicas, incluidos el amor de Dios, el s\u00e1bado como d\u00eda de reposo, el servicio del santuario, los mensajes de los tres \u00e1ngeles, y otras maravillosas verdades b\u00edblicas, que Dios pueda usar sus talentos para que sean parte de Todo Miembro Involucrado. Participen en los planes estrat\u00e9gicos de la iglesia mundial denominados \u201cAlcanzar el mundo: Yo ir\u00e9\u201d, y animen a los dem\u00e1s miembros de iglesia para que hagan lo mismo, mientras permiten que Dios abra puertas para la obra de evangelizaci\u00f3n a todas las personas de Cuba. Oraremos por ustedes, por sus l\u00edderes de la iglesia, por los l\u00edderes de su pa\u00eds, y por la naci\u00f3n de Cuba ahora que tienen que enfrentar diversos desaf\u00edos.<\/p>\n<p>Que el siguiente mensaje de la Palabra de Dios les d\u00e9 \u00e1nimo en Cuba: En Jerem\u00edas 9:23-24, \u201cAs\u00ed ha dicho Jehov\u00e1: \u2018No se alabe el sabio en su sabidur\u00eda, ni en su valent\u00eda se alabe el valiente, ni el rico se alabe en sus riquezas. Mas al\u00e1bese en esto el que haya de alabarse: en entenderme y conocerme, que yo soy Jehov\u00e1, que hago misericordia, juicio y justicia en la tierra, porque estas cosas me agradan, dice Jehov\u00e1\u2019\u201d.<\/p>\n<p>En la compilaci\u00f3n de escritos de Elena G. White titulada \u201cServicio cristiano\u201d, leemos las siguientes palabras en la p\u00e1gina 254: \u201cNo hay l\u00edmite a la utilidad del que, poniendo a un lado el yo, permite que el Esp\u00edritu Santo obre sobre su coraz\u00f3n, y vive una vida enteramente consagrada a Dios\u201d. Dios los usar\u00e1 de manera ponderosa si se colocan en sus manos y sirven al pueblo de Cuba mostr\u00e1ndoles a Dios y el amor que siente por \u00e9l.<\/p>\n<p>Que Dios los transforme en testigos poderosos ante todos aquellos con quienes entren en contacto en Cuba, mientras enfrentamos los desaf\u00edos que nos rodean y el pronto regreso de Cristo. Oraremos por ustedes, mientras mantienen los ojos fijos en Cristo y la misi\u00f3n que \u00e9l tiene para ustedes en Cuba. \u00a1Jes\u00fas viene pronto! \u00a1Maranata!<\/p>\n<p>Con aprecio cristiano y de mi mayor consideraci\u00f3n,<\/p>\n<p>&nbsp;<\/p>\n<p>Ted N. C. Wilson<br \/>\nPresidente<br \/>\nAsociaci\u00f3n General de los Adventistas del S\u00e9ptimo D\u00eda<\/p>\n<p>Traducci\u00f3n de Marcos Paseggi<\/p>\n","protected":false},"excerpt":{"rendered":"<p>18 de julio de 2021 | Miami, Florida, Estados Unidos | Noticias de la Divisi\u00f3n Interamericana A continuaci\u00f3n se comparte una carta de aliento espiritual de parted e Ted N&#8230;.<\/p>\n","protected":false},"author":3,"featured_media":73593,"comment_status":"closed","ping_status":"closed","sticky":false,"template":"","format":"standard","meta":{"_acf_changed":false,"footnotes":""},"categories":[16,15],"tags":[],"class_list":["post-73808","post","type-post","status-publish","format-standard","has-post-thumbnail","hentry","category-desde-la-sede","category-rss-espanol"],"acf":[],"yoast_head":"<!-- This site is optimized with the Yoast SEO plugin v27.3 - https:\/\/yoast.com\/product\/yoast-seo-wordpress\/ -->\n<title>El presidente de la Iglesia Adventista del S\u00e9ptimo D\u00eda anima a los miembros de Cuba - Iglesia Adventista del S\u00e9ptimo D\u00eda - Divisi\u00f3n Interamericana<\/title>\n<meta name=\"robots\" content=\"index, follow, max-snippet:-1, max-image-preview:large, max-video-preview:-1\" \/>\n<link rel=\"canonical\" href=\"https:\/\/interamerica.org\/es\/2021\/07\/el-presidente-de-la-iglesia-adventista-del-septimo-dia-anima-a-los-miembros-de-cuba\/\" \/>\n<meta property=\"og:locale\" content=\"es_ES\" \/>\n<meta property=\"og:type\" content=\"article\" \/>\n<meta property=\"og:title\" content=\"El presidente de la Iglesia Adventista del S\u00e9ptimo D\u00eda anima a los miembros de Cuba - Iglesia Adventista del S\u00e9ptimo D\u00eda - Divisi\u00f3n Interamericana\" \/>\n<meta property=\"og:description\" content=\"18 de julio de 2021 | Miami, Florida, Estados Unidos | Noticias de la Divisi\u00f3n Interamericana A continuaci\u00f3n se comparte una carta de aliento espiritual de parted e Ted N....\" \/>\n<meta property=\"og:url\" content=\"https:\/\/interamerica.org\/es\/2021\/07\/el-presidente-de-la-iglesia-adventista-del-septimo-dia-anima-a-los-miembros-de-cuba\/\" \/>\n<meta property=\"og:site_name\" content=\"Iglesia Adventista del S\u00e9ptimo D\u00eda - Divisi\u00f3n Interamericana\" \/>\n<meta property=\"article:published_time\" content=\"2021-07-18T22:31:14+00:00\" \/>\n<meta property=\"article:modified_time\" content=\"2021-07-19T11:53:28+00:00\" \/>\n<meta property=\"og:image\" content=\"https:\/\/interamerica.org\/wp-content\/uploads\/2021\/07\/cuba-dorothea-oldani-hu7vxzbjwds-unsplash-1280-1.jpg\" \/>\n\t<meta property=\"og:image:width\" content=\"1280\" \/>\n\t<meta property=\"og:image:height\" content=\"800\" \/>\n\t<meta property=\"og:image:type\" content=\"image\/jpeg\" \/>\n<meta name=\"author\" content=\"libna\" \/>\n<meta name=\"twitter:card\" content=\"summary_large_image\" \/>\n<meta name=\"twitter:label1\" content=\"Escrito por\" \/>\n\t<meta name=\"twitter:data1\" content=\"libna\" \/>\n\t<meta name=\"twitter:label2\" content=\"Tiempo de lectura\" \/>\n\t<meta name=\"twitter:data2\" content=\"4 minutos\" \/>\n<script type=\"application\/ld+json\" class=\"yoast-schema-graph\">{\"@context\":\"https:\\\/\\\/schema.org\",\"@graph\":[{\"@type\":\"Article\",\"@id\":\"https:\\\/\\\/interamerica.org\\\/es\\\/2021\\\/07\\\/el-presidente-de-la-iglesia-adventista-del-septimo-dia-anima-a-los-miembros-de-cuba\\\/#article\",\"isPartOf\":{\"@id\":\"https:\\\/\\\/interamerica.org\\\/es\\\/2021\\\/07\\\/el-presidente-de-la-iglesia-adventista-del-septimo-dia-anima-a-los-miembros-de-cuba\\\/\"},\"author\":{\"name\":\"libna\",\"@id\":\"https:\\\/\\\/interamerica.org\\\/es\\\/#\\\/schema\\\/person\\\/29998f2bc2d8bd0d38662909289b54f1\"},\"headline\":\"El presidente de la Iglesia Adventista del S\u00e9ptimo D\u00eda anima a los miembros de Cuba\",\"datePublished\":\"2021-07-18T22:31:14+00:00\",\"dateModified\":\"2021-07-19T11:53:28+00:00\",\"mainEntityOfPage\":{\"@id\":\"https:\\\/\\\/interamerica.org\\\/es\\\/2021\\\/07\\\/el-presidente-de-la-iglesia-adventista-del-septimo-dia-anima-a-los-miembros-de-cuba\\\/\"},\"wordCount\":769,\"image\":{\"@id\":\"https:\\\/\\\/interamerica.org\\\/es\\\/2021\\\/07\\\/el-presidente-de-la-iglesia-adventista-del-septimo-dia-anima-a-los-miembros-de-cuba\\\/#primaryimage\"},\"thumbnailUrl\":\"https:\\\/\\\/interamerica.org\\\/wp-content\\\/uploads\\\/2021\\\/07\\\/cuba-dorothea-oldani-hu7vxzbjwds-unsplash-1280-1.jpg\",\"articleSection\":[\"Desde la sede\",\"RSS Espa\u00f1ol\"],\"inLanguage\":\"es\"},{\"@type\":\"WebPage\",\"@id\":\"https:\\\/\\\/interamerica.org\\\/es\\\/2021\\\/07\\\/el-presidente-de-la-iglesia-adventista-del-septimo-dia-anima-a-los-miembros-de-cuba\\\/\",\"url\":\"https:\\\/\\\/interamerica.org\\\/es\\\/2021\\\/07\\\/el-presidente-de-la-iglesia-adventista-del-septimo-dia-anima-a-los-miembros-de-cuba\\\/\",\"name\":\"El presidente de la Iglesia Adventista del S\u00e9ptimo D\u00eda anima a los miembros de Cuba - Iglesia Adventista del S\u00e9ptimo D\u00eda - Divisi\u00f3n Interamericana\",\"isPartOf\":{\"@id\":\"https:\\\/\\\/interamerica.org\\\/es\\\/#website\"},\"primaryImageOfPage\":{\"@id\":\"https:\\\/\\\/interamerica.org\\\/es\\\/2021\\\/07\\\/el-presidente-de-la-iglesia-adventista-del-septimo-dia-anima-a-los-miembros-de-cuba\\\/#primaryimage\"},\"image\":{\"@id\":\"https:\\\/\\\/interamerica.org\\\/es\\\/2021\\\/07\\\/el-presidente-de-la-iglesia-adventista-del-septimo-dia-anima-a-los-miembros-de-cuba\\\/#primaryimage\"},\"thumbnailUrl\":\"https:\\\/\\\/interamerica.org\\\/wp-content\\\/uploads\\\/2021\\\/07\\\/cuba-dorothea-oldani-hu7vxzbjwds-unsplash-1280-1.jpg\",\"datePublished\":\"2021-07-18T22:31:14+00:00\",\"dateModified\":\"2021-07-19T11:53:28+00:00\",\"author\":{\"@id\":\"https:\\\/\\\/interamerica.org\\\/es\\\/#\\\/schema\\\/person\\\/29998f2bc2d8bd0d38662909289b54f1\"},\"breadcrumb\":{\"@id\":\"https:\\\/\\\/interamerica.org\\\/es\\\/2021\\\/07\\\/el-presidente-de-la-iglesia-adventista-del-septimo-dia-anima-a-los-miembros-de-cuba\\\/#breadcrumb\"},\"inLanguage\":\"es\",\"potentialAction\":[{\"@type\":\"ReadAction\",\"target\":[\"https:\\\/\\\/interamerica.org\\\/es\\\/2021\\\/07\\\/el-presidente-de-la-iglesia-adventista-del-septimo-dia-anima-a-los-miembros-de-cuba\\\/\"]}]},{\"@type\":\"ImageObject\",\"inLanguage\":\"es\",\"@id\":\"https:\\\/\\\/interamerica.org\\\/es\\\/2021\\\/07\\\/el-presidente-de-la-iglesia-adventista-del-septimo-dia-anima-a-los-miembros-de-cuba\\\/#primaryimage\",\"url\":\"https:\\\/\\\/interamerica.org\\\/wp-content\\\/uploads\\\/2021\\\/07\\\/cuba-dorothea-oldani-hu7vxzbjwds-unsplash-1280-1.jpg\",\"contentUrl\":\"https:\\\/\\\/interamerica.org\\\/wp-content\\\/uploads\\\/2021\\\/07\\\/cuba-dorothea-oldani-hu7vxzbjwds-unsplash-1280-1.jpg\",\"width\":1280,\"height\":800,\"caption\":\"[Fotograf\u00eda: Dorothea Oldani \\\/ Unsplash]\"},{\"@type\":\"BreadcrumbList\",\"@id\":\"https:\\\/\\\/interamerica.org\\\/es\\\/2021\\\/07\\\/el-presidente-de-la-iglesia-adventista-del-septimo-dia-anima-a-los-miembros-de-cuba\\\/#breadcrumb\",\"itemListElement\":[{\"@type\":\"ListItem\",\"position\":1,\"name\":\"Home\",\"item\":\"https:\\\/\\\/interamerica.org\\\/es\\\/\"},{\"@type\":\"ListItem\",\"position\":2,\"name\":\"El presidente de la Iglesia Adventista del S\u00e9ptimo D\u00eda anima a los miembros de Cuba\"}]},{\"@type\":\"WebSite\",\"@id\":\"https:\\\/\\\/interamerica.org\\\/es\\\/#website\",\"url\":\"https:\\\/\\\/interamerica.org\\\/es\\\/\",\"name\":\"Iglesia Adventista del S\u00e9ptimo D\u00eda - Divisi\u00f3n Interamericana\",\"description\":\"\",\"potentialAction\":[{\"@type\":\"SearchAction\",\"target\":{\"@type\":\"EntryPoint\",\"urlTemplate\":\"https:\\\/\\\/interamerica.org\\\/es\\\/?s={search_term_string}\"},\"query-input\":{\"@type\":\"PropertyValueSpecification\",\"valueRequired\":true,\"valueName\":\"search_term_string\"}}],\"inLanguage\":\"es\"},{\"@type\":\"Person\",\"@id\":\"https:\\\/\\\/interamerica.org\\\/es\\\/#\\\/schema\\\/person\\\/29998f2bc2d8bd0d38662909289b54f1\",\"name\":\"libna\",\"image\":{\"@type\":\"ImageObject\",\"inLanguage\":\"es\",\"@id\":\"https:\\\/\\\/secure.gravatar.com\\\/avatar\\\/7c5bd30ae4b47a9ba3c856590957fd1d96dc588bf3ac05719d247e126840331f?s=96&d=mm&r=g\",\"url\":\"https:\\\/\\\/secure.gravatar.com\\\/avatar\\\/7c5bd30ae4b47a9ba3c856590957fd1d96dc588bf3ac05719d247e126840331f?s=96&d=mm&r=g\",\"contentUrl\":\"https:\\\/\\\/secure.gravatar.com\\\/avatar\\\/7c5bd30ae4b47a9ba3c856590957fd1d96dc588bf3ac05719d247e126840331f?s=96&d=mm&r=g\",\"caption\":\"libna\"}}]}<\/script>\n<!-- \/ Yoast SEO plugin. -->","yoast_head_json":{"title":"El presidente de la Iglesia Adventista del S\u00e9ptimo D\u00eda anima a los miembros de Cuba - Iglesia Adventista del S\u00e9ptimo D\u00eda - Divisi\u00f3n Interamericana","robots":{"index":"index","follow":"follow","max-snippet":"max-snippet:-1","max-image-preview":"max-image-preview:large","max-video-preview":"max-video-preview:-1"},"canonical":"https:\/\/interamerica.org\/es\/2021\/07\/el-presidente-de-la-iglesia-adventista-del-septimo-dia-anima-a-los-miembros-de-cuba\/","og_locale":"es_ES","og_type":"article","og_title":"El presidente de la Iglesia Adventista del S\u00e9ptimo D\u00eda anima a los miembros de Cuba - Iglesia Adventista del S\u00e9ptimo D\u00eda - Divisi\u00f3n Interamericana","og_description":"18 de julio de 2021 | Miami, Florida, Estados Unidos | Noticias de la Divisi\u00f3n Interamericana A continuaci\u00f3n se comparte una carta de aliento espiritual de parted e Ted N....","og_url":"https:\/\/interamerica.org\/es\/2021\/07\/el-presidente-de-la-iglesia-adventista-del-septimo-dia-anima-a-los-miembros-de-cuba\/","og_site_name":"Iglesia Adventista del S\u00e9ptimo D\u00eda - Divisi\u00f3n Interamericana","article_published_time":"2021-07-18T22:31:14+00:00","article_modified_time":"2021-07-19T11:53:28+00:00","og_image":[{"width":1280,"height":800,"url":"https:\/\/interamerica.org\/wp-content\/uploads\/2021\/07\/cuba-dorothea-oldani-hu7vxzbjwds-unsplash-1280-1.jpg","type":"image\/jpeg"}],"author":"libna","twitter_card":"summary_large_image","twitter_misc":{"Escrito por":"libna","Tiempo de lectura":"4 minutos"},"schema":{"@context":"https:\/\/schema.org","@graph":[{"@type":"Article","@id":"https:\/\/interamerica.org\/es\/2021\/07\/el-presidente-de-la-iglesia-adventista-del-septimo-dia-anima-a-los-miembros-de-cuba\/#article","isPartOf":{"@id":"https:\/\/interamerica.org\/es\/2021\/07\/el-presidente-de-la-iglesia-adventista-del-septimo-dia-anima-a-los-miembros-de-cuba\/"},"author":{"name":"libna","@id":"https:\/\/interamerica.org\/es\/#\/schema\/person\/29998f2bc2d8bd0d38662909289b54f1"},"headline":"El presidente de la Iglesia Adventista del S\u00e9ptimo D\u00eda anima a los miembros de Cuba","datePublished":"2021-07-18T22:31:14+00:00","dateModified":"2021-07-19T11:53:28+00:00","mainEntityOfPage":{"@id":"https:\/\/interamerica.org\/es\/2021\/07\/el-presidente-de-la-iglesia-adventista-del-septimo-dia-anima-a-los-miembros-de-cuba\/"},"wordCount":769,"image":{"@id":"https:\/\/interamerica.org\/es\/2021\/07\/el-presidente-de-la-iglesia-adventista-del-septimo-dia-anima-a-los-miembros-de-cuba\/#primaryimage"},"thumbnailUrl":"https:\/\/interamerica.org\/wp-content\/uploads\/2021\/07\/cuba-dorothea-oldani-hu7vxzbjwds-unsplash-1280-1.jpg","articleSection":["Desde la sede","RSS Espa\u00f1ol"],"inLanguage":"es"},{"@type":"WebPage","@id":"https:\/\/interamerica.org\/es\/2021\/07\/el-presidente-de-la-iglesia-adventista-del-septimo-dia-anima-a-los-miembros-de-cuba\/","url":"https:\/\/interamerica.org\/es\/2021\/07\/el-presidente-de-la-iglesia-adventista-del-septimo-dia-anima-a-los-miembros-de-cuba\/","name":"El presidente de la Iglesia Adventista del S\u00e9ptimo D\u00eda anima a los miembros de Cuba - Iglesia Adventista del S\u00e9ptimo D\u00eda - Divisi\u00f3n Interamericana","isPartOf":{"@id":"https:\/\/interamerica.org\/es\/#website"},"primaryImageOfPage":{"@id":"https:\/\/interamerica.org\/es\/2021\/07\/el-presidente-de-la-iglesia-adventista-del-septimo-dia-anima-a-los-miembros-de-cuba\/#primaryimage"},"image":{"@id":"https:\/\/interamerica.org\/es\/2021\/07\/el-presidente-de-la-iglesia-adventista-del-septimo-dia-anima-a-los-miembros-de-cuba\/#primaryimage"},"thumbnailUrl":"https:\/\/interamerica.org\/wp-content\/uploads\/2021\/07\/cuba-dorothea-oldani-hu7vxzbjwds-unsplash-1280-1.jpg","datePublished":"2021-07-18T22:31:14+00:00","dateModified":"2021-07-19T11:53:28+00:00","author":{"@id":"https:\/\/interamerica.org\/es\/#\/schema\/person\/29998f2bc2d8bd0d38662909289b54f1"},"breadcrumb":{"@id":"https:\/\/interamerica.org\/es\/2021\/07\/el-presidente-de-la-iglesia-adventista-del-septimo-dia-anima-a-los-miembros-de-cuba\/#breadcrumb"},"inLanguage":"es","potentialAction":[{"@type":"ReadAction","target":["https:\/\/interamerica.org\/es\/2021\/07\/el-presidente-de-la-iglesia-adventista-del-septimo-dia-anima-a-los-miembros-de-cuba\/"]}]},{"@type":"ImageObject","inLanguage":"es","@id":"https:\/\/interamerica.org\/es\/2021\/07\/el-presidente-de-la-iglesia-adventista-del-septimo-dia-anima-a-los-miembros-de-cuba\/#primaryimage","url":"https:\/\/interamerica.org\/wp-content\/uploads\/2021\/07\/cuba-dorothea-oldani-hu7vxzbjwds-unsplash-1280-1.jpg","contentUrl":"https:\/\/interamerica.org\/wp-content\/uploads\/2021\/07\/cuba-dorothea-oldani-hu7vxzbjwds-unsplash-1280-1.jpg","width":1280,"height":800,"caption":"[Fotograf\u00eda: Dorothea Oldani \/ Unsplash]"},{"@type":"BreadcrumbList","@id":"https:\/\/interamerica.org\/es\/2021\/07\/el-presidente-de-la-iglesia-adventista-del-septimo-dia-anima-a-los-miembros-de-cuba\/#breadcrumb","itemListElement":[{"@type":"ListItem","position":1,"name":"Home","item":"https:\/\/interamerica.org\/es\/"},{"@type":"ListItem","position":2,"name":"El presidente de la Iglesia Adventista del S\u00e9ptimo D\u00eda anima a los miembros de Cuba"}]},{"@type":"WebSite","@id":"https:\/\/interamerica.org\/es\/#website","url":"https:\/\/interamerica.org\/es\/","name":"Iglesia Adventista del S\u00e9ptimo D\u00eda - Divisi\u00f3n Interamericana","description":"","potentialAction":[{"@type":"SearchAction","target":{"@type":"EntryPoint","urlTemplate":"https:\/\/interamerica.org\/es\/?s={search_term_string}"},"query-input":{"@type":"PropertyValueSpecification","valueRequired":true,"valueName":"search_term_string"}}],"inLanguage":"es"},{"@type":"Person","@id":"https:\/\/interamerica.org\/es\/#\/schema\/person\/29998f2bc2d8bd0d38662909289b54f1","name":"libna","image":{"@type":"ImageObject","inLanguage":"es","@id":"https:\/\/secure.gravatar.com\/avatar\/7c5bd30ae4b47a9ba3c856590957fd1d96dc588bf3ac05719d247e126840331f?s=96&d=mm&r=g","url":"https:\/\/secure.gravatar.com\/avatar\/7c5bd30ae4b47a9ba3c856590957fd1d96dc588bf3ac05719d247e126840331f?s=96&d=mm&r=g","contentUrl":"https:\/\/secure.gravatar.com\/avatar\/7c5bd30ae4b47a9ba3c856590957fd1d96dc588bf3ac05719d247e126840331f?s=96&d=mm&r=g","caption":"libna"}}]}},"_links":{"self":[{"href":"https:\/\/interamerica.org\/es\/wp-json\/wp\/v2\/posts\/73808","targetHints":{"allow":["GET"]}}],"collection":[{"href":"https:\/\/interamerica.org\/es\/wp-json\/wp\/v2\/posts"}],"about":[{"href":"https:\/\/interamerica.org\/es\/wp-json\/wp\/v2\/types\/post"}],"author":[{"embeddable":true,"href":"https:\/\/interamerica.org\/es\/wp-json\/wp\/v2\/users\/3"}],"replies":[{"embeddable":true,"href":"https:\/\/interamerica.org\/es\/wp-json\/wp\/v2\/comments?post=73808"}],"version-history":[{"count":0,"href":"https:\/\/interamerica.org\/es\/wp-json\/wp\/v2\/posts\/73808\/revisions"}],"wp:featuredmedia":[{"embeddable":true,"href":"https:\/\/interamerica.org\/es\/wp-json\/wp\/v2\/media\/73593"}],"wp:attachment":[{"href":"https:\/\/interamerica.org\/es\/wp-json\/wp\/v2\/media?parent=73808"}],"wp:term":[{"taxonomy":"category","embeddable":true,"href":"https:\/\/interamerica.org\/es\/wp-json\/wp\/v2\/categories?post=73808"},{"taxonomy":"post_tag","embeddable":true,"href":"https:\/\/interamerica.org\/es\/wp-json\/wp\/v2\/tags?post=73808"}],"curies":[{"name":"wp","href":"https:\/\/api.w.org\/{rel}","templated":true}]}}