{"id":74520,"date":"2021-08-10T11:52:19","date_gmt":"2021-08-10T15:52:19","guid":{"rendered":"https:\/\/recursing-golick.147-182-135-0.plesk.page\/?p=74520"},"modified":"2021-08-12T10:27:05","modified_gmt":"2021-08-12T14:27:05","slug":"se-abre-en-la-universidad-loma-linda-nuevo-campus-medico-dennis-y-carol-troesh","status":"publish","type":"post","link":"https:\/\/interamerica.org\/es\/2021\/08\/se-abre-en-la-universidad-loma-linda-nuevo-campus-medico-dennis-y-carol-troesh\/","title":{"rendered":"Se abre en la Universidad Loma Linda nuevo campus m\u00e9dico Dennis y Carol Troesh"},"content":{"rendered":"<p>10 de agosto de 2021 | Loma Linda, California, Estados Unidos | Ansel Oliver, Loma Linda University Health News<\/p>\n<p>Loma Linda University Health abri\u00f3 oficialmente el <a href=\"https:\/\/news.llu.edu\/community\/dennis-and-carol-troesh-medical-campus\">Dennis and Carol Troesh Medical Campus<\/a>, sede de un hospital de vanguardia para adultos y la expansi\u00f3n de la torre del Hospital Infantil \u2014 una ocasi\u00f3n trascendental esperada por varios a\u00f1os. Los dirigentes lo celebraron el viernes con una jubilosa ceremonia de corte de cinta de inauguraci\u00f3n y los pacientes fueron trasladados oficialmente el domingo.<\/p>\n<p>Construido para responder a los nuevos c\u00f3digos s\u00edsmicos para hospitales de casos graves o agudos, este campus incluye el nuevo Centro M\u00e9dico de 16 pisos y la torre del Hospital Infantil, de 9 pisos, de Loma Linda University Health. El campus incorpora destacados adelantos en cuanto a seguridad y comodidad de los pacientes y fue dise\u00f1ado para continuar el legado de 115 a\u00f1os de atenci\u00f3n y educaci\u00f3n m\u00e9dica de la organizaci\u00f3n, en lo que se ha convertido en una de las \u00a0zonas m\u00e1s m\u00e9dicamente complejas en la naci\u00f3n.<\/p>\n<p><div id=\"attachment_74477\" style=\"width: 815px\" class=\"wp-caption aligncenter\"><img fetchpriority=\"high\" decoding=\"async\" aria-describedby=\"caption-attachment-74477\" class=\" wp-image-74477\" src=\"https:\/\/recursing-golick.147-182-135-0.plesk.page\/wp-content\/uploads\/2021\/08\/llu-side-tower.jpg\" alt=\"\" width=\"805\" height=\"537\" srcset=\"https:\/\/interamerica.org\/wp-content\/uploads\/2021\/08\/llu-side-tower.jpg 1000w, https:\/\/interamerica.org\/wp-content\/uploads\/2021\/08\/llu-side-tower-300x200.jpg 300w, https:\/\/interamerica.org\/wp-content\/uploads\/2021\/08\/llu-side-tower-768x512.jpg 768w\" sizes=\"(max-width: 805px) 100vw, 805px\" \/><p id=\"caption-attachment-74477\" class=\"wp-caption-text\">Vista lateral del nuevo Campus M\u00e9dico Dennis y Carol Troesh, en Loma Linda, inaugurado el 6 de agosto de 2021. [Imagen: Loma Linda University Health]<\/p><\/div>\u00a0\u00a0\u00a0\u00a0\u00a0 [\/caption]La construcci\u00f3n del nuevo campus fue posible en parte por los esfuerzos filantr\u00f3picos de Vision 2020\u00a0\u2013 The Campaign for a Whole Tomorrow (Visi\u00f3n 2020\u00a0\u2013 La Campa\u00f1a para un Futuro de Bienestar Integral. Los dirigentes expresaron su gratitud a los fil\u00e1ntropos Dennis y Carol Troesh por su donaci\u00f3n de US$ 100 millones para el efecto.<\/p>\n<p>\u201cEste es verdaderamente un d\u00eda hist\u00f3rico en el legado de Loma Linda University Health\u201d, dijo Richard Hart, MD, PhD, presidente de Loma Linda University Health, durante la ceremonia de corte de cinta de inauguraci\u00f3n. \u201cNo hay palabras que puedan expresar adecuadamente la sincera gratitud y la emoci\u00f3n que sentimos al abrir estas puertas a la comunidad\u201d.<\/p>\n<p><div id=\"attachment_74480\" style=\"width: 809px\" class=\"wp-caption aligncenter\"><img decoding=\"async\" aria-describedby=\"caption-attachment-74480\" class=\"size-full wp-image-74480\" src=\"https:\/\/recursing-golick.147-182-135-0.plesk.page\/wp-content\/uploads\/2021\/08\/llu-new-towers-front.jpg\" alt=\"\" width=\"799\" height=\"533\" srcset=\"https:\/\/interamerica.org\/wp-content\/uploads\/2021\/08\/llu-new-towers-front.jpg 799w, https:\/\/interamerica.org\/wp-content\/uploads\/2021\/08\/llu-new-towers-front-300x200.jpg 300w, https:\/\/interamerica.org\/wp-content\/uploads\/2021\/08\/llu-new-towers-front-768x512.jpg 768w\" sizes=\"(max-width: 799px) 100vw, 799px\" \/><p id=\"caption-attachment-74480\" class=\"wp-caption-text\">El Nuevo Complejo M\u00e9dico Dennis y Carol Troesh, en Loma Linda, California, Estados Unidos, sede de un hospital de vanguardia para adultos y expansi\u00f3n de la torre del Hospital Infantil. [Imagen: Loma Linda University Health]<\/p><\/div>\u00a0\u00a0\u00a0\u00a0 [\/caption]El Dr. Hart hizo un recuento de su jornada personal. Naci\u00f3 en el Sanatorio Loma Linda, que estaba situado en una colina cercana y que ahora es sede de dos escuelas universitarias. Asisti\u00f3 a la Escuela de Medicina de la Universidad Loma Linda y ayud\u00f3 a trasladar a los pacientes a las torres \u201choja de tr\u00e9bol\u201d cuando se inauguraron en 1967.<\/p>\n<p>El domingo, el Dr. tom\u00f3 parte en la transferencia de pacientes al Nuevo Centro M\u00e9dico y Hospital Infantil en el Campus M\u00e9dico Dennis y Carol Troesh.<\/p>\n<p><div id=\"attachment_74483\" style=\"width: 809px\" class=\"wp-caption aligncenter\"><img decoding=\"async\" aria-describedby=\"caption-attachment-74483\" class=\"size-full wp-image-74483\" src=\"https:\/\/recursing-golick.147-182-135-0.plesk.page\/wp-content\/uploads\/2021\/08\/llu-heli-pad.jpg\" alt=\"\" width=\"799\" height=\"533\" srcset=\"https:\/\/interamerica.org\/wp-content\/uploads\/2021\/08\/llu-heli-pad.jpg 799w, https:\/\/interamerica.org\/wp-content\/uploads\/2021\/08\/llu-heli-pad-300x200.jpg 300w, https:\/\/interamerica.org\/wp-content\/uploads\/2021\/08\/llu-heli-pad-768x512.jpg 768w\" sizes=\"(max-width: 799px) 100vw, 799px\" \/><p id=\"caption-attachment-74483\" class=\"wp-caption-text\">Vista del helipuerto del nuevo hospital en Loma Linda. [Imagen: Loma Linda University Health]<\/p><\/div>\u00a0\u00a0\u00a0\u00a0 iew of the helipad of the new hospital in Loma Linda. [Photo: Loma Linda University Health][\/caption]\u201cQu\u00e9 incre\u00edble transici\u00f3n ocurrida en una sola vida, desde un tranquilo sanatorio con un Colegio de M\u00e9dicos Evangelizadores, hasta un centro acad\u00e9mico de salud, de renombre mundial, conocido como Loma Linda University Health\u201d, dijo el Dr. Hart. \u201cEstamos hoy de pie sobre los hombros de muchos que han hecho de esta transici\u00f3n una realidad.<\/p>\n<p>El edificio de cuidados agudos est\u00e1 construido sobre 126 aisladores de base para reducir el impacto de la actividad s\u00edsmica. El Centro M\u00e9dico es el segundo m\u00e1s alto hospital en California y cuenta con 320 camas autorizadas, mientras que la expansi\u00f3n al Hospital Infantil a\u00f1ade 84 camas pedi\u00e1tricas para un total de 364 camas.<\/p>\n<p><div id=\"attachment_74486\" style=\"width: 810px\" class=\"wp-caption aligncenter\"><img loading=\"lazy\" decoding=\"async\" aria-describedby=\"caption-attachment-74486\" class=\"size-full wp-image-74486\" src=\"https:\/\/recursing-golick.147-182-135-0.plesk.page\/wp-content\/uploads\/2021\/08\/llu-childrens-tower-group.jpg\" alt=\"\" width=\"800\" height=\"525\" srcset=\"https:\/\/interamerica.org\/wp-content\/uploads\/2021\/08\/llu-childrens-tower-group.jpg 800w, https:\/\/interamerica.org\/wp-content\/uploads\/2021\/08\/llu-childrens-tower-group-300x197.jpg 300w, https:\/\/interamerica.org\/wp-content\/uploads\/2021\/08\/llu-childrens-tower-group-768x504.jpg 768w\" sizes=\"(max-width: 800px) 100vw, 800px\" \/><p id=\"caption-attachment-74486\" class=\"wp-caption-text\">Un grupo de empleados celebra afuera de la torre de 9 pisos del Hospital Infantil en Loma Linda. [Imagen: Loma Linda University Health]<\/p><\/div>\u00a0 \u00a0 \u00a0 [\/caption]Kerry Heinrich, director ejecutivo de Loma Linda University Health Hospitals, hizo referencia al legado adventista del s\u00e9ptimo d\u00eda de la organizaci\u00f3n, haciendo destacar el hecho de la llegada de la cofundadora de LLUH, Elena G. White, en 1905 y sus palabras: \u201ceste es el lugar preciso\u201d que ser\u00e1 usado para traer esperanza y sanidad. El nuevo campus, dijo el Heinrich, inicia un nuevo cap\u00edtulo dentro de ese legado.<\/p>\n<p>\u201cEste lugar preciso ser\u00e1 el hogar para miles de dedicados m\u00e9dicos, enfermeros y personal cl\u00ednico; un lugar en donde van a proveer atenci\u00f3n y educaci\u00f3n de primera clase\u201d, agreg\u00f3 el director Heinrich. \u201cEste lugar preciso va a apoyar los intensos esfuerzos de investigadores cuyos descubrimientos causar\u00e1n un gran impacto en todo el mundo\u201d.<\/p>\n<p><div id=\"attachment_74489\" style=\"width: 810px\" class=\"wp-caption aligncenter\"><img loading=\"lazy\" decoding=\"async\" aria-describedby=\"caption-attachment-74489\" class=\"size-full wp-image-74489\" src=\"https:\/\/recursing-golick.147-182-135-0.plesk.page\/wp-content\/uploads\/2021\/08\/llu-adult-tower-group.jpg\" alt=\"\" width=\"800\" height=\"600\" srcset=\"https:\/\/interamerica.org\/wp-content\/uploads\/2021\/08\/llu-adult-tower-group.jpg 800w, https:\/\/interamerica.org\/wp-content\/uploads\/2021\/08\/llu-adult-tower-group-300x225.jpg 300w, https:\/\/interamerica.org\/wp-content\/uploads\/2021\/08\/llu-adult-tower-group-768x576.jpg 768w\" sizes=\"(max-width: 800px) 100vw, 800px\" \/><p id=\"caption-attachment-74489\" class=\"wp-caption-text\">El personal saluda desde el hospital de \u00faltima tecnolog\u00eda, para adultos, parte del Campus M\u00e9dico \u00a0Dennis y Carol Troesh, en Loma Linda. [Imagen: Loma Linda University Health]<\/p><\/div>\u00a0 [\/caption]Los l\u00edderes de LLUH le dieron las gracias al Estado de California por su apoyo de US$ 165 millones. La tesorera del Estado, Fiona Ma, MS, MBA, expres\u00f3 su aprecio durante la ceremonia. \u201cDeseo agradecer a la comunidad de Loma Linda por toda su buena labor y su persistencia en hacer que esto fuera posible\u201d, dijo.<\/p>\n<p>Una <a href=\"https:\/\/news.llu.edu\/patient-care\/san-manuel-maternity-pavilion-opens-new-loma-linda-university-health-hospital\">ceremonia<\/a>\u00a0especial adicional tuvo lugar tambi\u00e9n en el quinto piso del nuevo edificio del Pabell\u00f3n de Maternidad San Manuel. Los l\u00edderes agradecieron a la San Manuel Band of Mission Indians por su contribuci\u00f3n de US$ 25 millones. Tal donaci\u00f3n, la m\u00e1s grande en la historia de la tribu, reconoce la relaci\u00f3n y colaboraci\u00f3n de m\u00e1s de un siglo entre el hospital y la tribu.<\/p>\n<p><div id=\"attachment_74492\" style=\"width: 810px\" class=\"wp-caption aligncenter\"><img loading=\"lazy\" decoding=\"async\" aria-describedby=\"caption-attachment-74492\" class=\"size-full wp-image-74492\" src=\"https:\/\/recursing-golick.147-182-135-0.plesk.page\/wp-content\/uploads\/2021\/08\/llu-medical-staff-clapping.jpg\" alt=\"\" width=\"800\" height=\"557\" srcset=\"https:\/\/interamerica.org\/wp-content\/uploads\/2021\/08\/llu-medical-staff-clapping.jpg 800w, https:\/\/interamerica.org\/wp-content\/uploads\/2021\/08\/llu-medical-staff-clapping-300x209.jpg 300w, https:\/\/interamerica.org\/wp-content\/uploads\/2021\/08\/llu-medical-staff-clapping-768x535.jpg 768w\" sizes=\"(max-width: 800px) 100vw, 800px\" \/><p id=\"caption-attachment-74492\" class=\"wp-caption-text\">Personal del hospital celebra el inicio de la transferencia de pacientes al nuevo hospital, el 8 de agosto de 2021. [Imagen: Loma Linda University Health]<\/p><\/div>\u00a0\u00a0\u00a0\u00a0 [\/caption]L<\/p>\n<p>Loma Linda University Health consta de ocho escuelas, seis hospitales y aproximadamente 17,000 empleados. LLUH es el centro acad\u00e9mico insignia de ciencias de la salud de la Iglesia Adventista del S\u00e9ptimo D\u00eda y ha patrocinado a numerosos misioneros y prestado sus servicios como consultor en el establecimiento de las otras seis escuelas de medicina adventistas del s\u00e9ptimo d\u00eda en el mundo.<\/p>\n<p>\u201cLos futuros m\u00e9dicos y profesionales de la salud que aprendan aqu\u00ed, tendr\u00e1n muchas oportunidades de entrenar en equipos multidisciplinarios y entender que las experiencias significativas con los pacientes deben ser el centro de todo lo que aqu\u00ed hacemos\u201d, dijo la vicepresidenta ejecutiva de asuntos m\u00e9dicos de Loma Linda University Health. \u201cEspero que la labor que se lleva a cabo dentro de estas paredes, transforme la vida, tanto de los actuales como de los futuros profesionales de la salud y la diversa comunidad a la que servimos\u201d.<\/p>\n<p>Para saber m\u00e1s acerca del complejo m\u00e9dico Dennis y Carol Troesh, visita <a href=\"https:\/\/lluh.org\/patients-visitors\/new-hospital?rsource=lluh.org\/newhospital\">lluh.org\/newhospital<\/a>.<\/p>\n<p><em>\u2014reportaje adicional por Larry Becker y Sheann Brandon<\/em><\/p>\n<p>Traducci\u00f3n \u2013 Gloria A. Castrej\u00f3n<\/p>\n<p><iframe title=\"CTP Ribbon Cutting &amp; Move Day VNR.mp4\" src=\"https:\/\/player.vimeo.com\/video\/584733850?h=bd5b905400&amp;dnt=1&amp;app_id=122963\" width=\"500\" height=\"281\" frameborder=\"0\" allow=\"autoplay; fullscreen; picture-in-picture; clipboard-write\"><\/iframe><\/p>\n","protected":false},"excerpt":{"rendered":"<p>10 de agosto de 2021 | Loma Linda, California, Estados Unidos | Ansel Oliver, Loma Linda University Health News Loma Linda University Health abri\u00f3 oficialmente el Dennis and Carol Troesh&#8230;<\/p>\n","protected":false},"author":3,"featured_media":74465,"comment_status":"closed","ping_status":"closed","sticky":false,"template":"","format":"standard","meta":{"_acf_changed":false,"footnotes":""},"categories":[14,15],"tags":[],"class_list":["post-74520","post","type-post","status-publish","format-standard","has-post-thumbnail","hentry","category-de-la-iglesia-mundial","category-rss-espanol"],"acf":[],"yoast_head":"<!-- This site is optimized with the Yoast SEO plugin v27.3 - https:\/\/yoast.com\/product\/yoast-seo-wordpress\/ -->\n<title>Se abre en la Universidad Loma Linda nuevo campus m\u00e9dico Dennis y Carol Troesh - Iglesia Adventista del S\u00e9ptimo D\u00eda - Divisi\u00f3n Interamericana<\/title>\n<meta name=\"robots\" content=\"index, follow, max-snippet:-1, max-image-preview:large, max-video-preview:-1\" \/>\n<link rel=\"canonical\" href=\"https:\/\/interamerica.org\/es\/2021\/08\/se-abre-en-la-universidad-loma-linda-nuevo-campus-medico-dennis-y-carol-troesh\/\" \/>\n<meta property=\"og:locale\" content=\"es_ES\" \/>\n<meta property=\"og:type\" content=\"article\" \/>\n<meta property=\"og:title\" content=\"Se abre en la Universidad Loma Linda nuevo campus m\u00e9dico Dennis y Carol Troesh - Iglesia Adventista del S\u00e9ptimo D\u00eda - Divisi\u00f3n Interamericana\" \/>\n<meta property=\"og:description\" content=\"10 de agosto de 2021 | Loma Linda, California, Estados Unidos | Ansel Oliver, Loma Linda University Health News Loma Linda University Health abri\u00f3 oficialmente el Dennis and Carol Troesh...\" \/>\n<meta property=\"og:url\" content=\"https:\/\/interamerica.org\/es\/2021\/08\/se-abre-en-la-universidad-loma-linda-nuevo-campus-medico-dennis-y-carol-troesh\/\" \/>\n<meta property=\"og:site_name\" content=\"Iglesia Adventista del S\u00e9ptimo D\u00eda - Divisi\u00f3n Interamericana\" \/>\n<meta property=\"article:published_time\" content=\"2021-08-10T15:52:19+00:00\" \/>\n<meta property=\"article:modified_time\" content=\"2021-08-12T14:27:05+00:00\" \/>\n<meta property=\"og:image\" content=\"https:\/\/interamerica.org\/wp-content\/uploads\/2021\/08\/llu-health-ribbon-cutting-chet-copy.jpeg\" \/>\n\t<meta property=\"og:image:width\" content=\"755\" \/>\n\t<meta property=\"og:image:height\" content=\"424\" \/>\n\t<meta property=\"og:image:type\" content=\"image\/jpeg\" \/>\n<meta name=\"author\" content=\"libna\" \/>\n<meta name=\"twitter:card\" content=\"summary_large_image\" \/>\n<meta name=\"twitter:label1\" content=\"Escrito por\" \/>\n\t<meta name=\"twitter:data1\" content=\"libna\" \/>\n\t<meta name=\"twitter:label2\" content=\"Tiempo de lectura\" \/>\n\t<meta name=\"twitter:data2\" content=\"6 minutos\" \/>\n<script type=\"application\/ld+json\" class=\"yoast-schema-graph\">{\"@context\":\"https:\\\/\\\/schema.org\",\"@graph\":[{\"@type\":\"Article\",\"@id\":\"https:\\\/\\\/interamerica.org\\\/es\\\/2021\\\/08\\\/se-abre-en-la-universidad-loma-linda-nuevo-campus-medico-dennis-y-carol-troesh\\\/#article\",\"isPartOf\":{\"@id\":\"https:\\\/\\\/interamerica.org\\\/es\\\/2021\\\/08\\\/se-abre-en-la-universidad-loma-linda-nuevo-campus-medico-dennis-y-carol-troesh\\\/\"},\"author\":{\"name\":\"libna\",\"@id\":\"https:\\\/\\\/interamerica.org\\\/es\\\/#\\\/schema\\\/person\\\/29998f2bc2d8bd0d38662909289b54f1\"},\"headline\":\"Se abre en la Universidad Loma Linda nuevo campus m\u00e9dico Dennis y Carol Troesh\",\"datePublished\":\"2021-08-10T15:52:19+00:00\",\"dateModified\":\"2021-08-12T14:27:05+00:00\",\"mainEntityOfPage\":{\"@id\":\"https:\\\/\\\/interamerica.org\\\/es\\\/2021\\\/08\\\/se-abre-en-la-universidad-loma-linda-nuevo-campus-medico-dennis-y-carol-troesh\\\/\"},\"wordCount\":1177,\"image\":{\"@id\":\"https:\\\/\\\/interamerica.org\\\/es\\\/2021\\\/08\\\/se-abre-en-la-universidad-loma-linda-nuevo-campus-medico-dennis-y-carol-troesh\\\/#primaryimage\"},\"thumbnailUrl\":\"https:\\\/\\\/interamerica.org\\\/wp-content\\\/uploads\\\/2021\\\/08\\\/llu-health-ribbon-cutting-chet-copy.jpeg\",\"articleSection\":[\"Desde la iglesia mundial\",\"RSS Espa\u00f1ol\"],\"inLanguage\":\"es\"},{\"@type\":\"WebPage\",\"@id\":\"https:\\\/\\\/interamerica.org\\\/es\\\/2021\\\/08\\\/se-abre-en-la-universidad-loma-linda-nuevo-campus-medico-dennis-y-carol-troesh\\\/\",\"url\":\"https:\\\/\\\/interamerica.org\\\/es\\\/2021\\\/08\\\/se-abre-en-la-universidad-loma-linda-nuevo-campus-medico-dennis-y-carol-troesh\\\/\",\"name\":\"Se abre en la Universidad Loma Linda nuevo campus m\u00e9dico Dennis y Carol Troesh - Iglesia Adventista del S\u00e9ptimo D\u00eda - Divisi\u00f3n Interamericana\",\"isPartOf\":{\"@id\":\"https:\\\/\\\/interamerica.org\\\/es\\\/#website\"},\"primaryImageOfPage\":{\"@id\":\"https:\\\/\\\/interamerica.org\\\/es\\\/2021\\\/08\\\/se-abre-en-la-universidad-loma-linda-nuevo-campus-medico-dennis-y-carol-troesh\\\/#primaryimage\"},\"image\":{\"@id\":\"https:\\\/\\\/interamerica.org\\\/es\\\/2021\\\/08\\\/se-abre-en-la-universidad-loma-linda-nuevo-campus-medico-dennis-y-carol-troesh\\\/#primaryimage\"},\"thumbnailUrl\":\"https:\\\/\\\/interamerica.org\\\/wp-content\\\/uploads\\\/2021\\\/08\\\/llu-health-ribbon-cutting-chet-copy.jpeg\",\"datePublished\":\"2021-08-10T15:52:19+00:00\",\"dateModified\":\"2021-08-12T14:27:05+00:00\",\"author\":{\"@id\":\"https:\\\/\\\/interamerica.org\\\/es\\\/#\\\/schema\\\/person\\\/29998f2bc2d8bd0d38662909289b54f1\"},\"breadcrumb\":{\"@id\":\"https:\\\/\\\/interamerica.org\\\/es\\\/2021\\\/08\\\/se-abre-en-la-universidad-loma-linda-nuevo-campus-medico-dennis-y-carol-troesh\\\/#breadcrumb\"},\"inLanguage\":\"es\",\"potentialAction\":[{\"@type\":\"ReadAction\",\"target\":[\"https:\\\/\\\/interamerica.org\\\/es\\\/2021\\\/08\\\/se-abre-en-la-universidad-loma-linda-nuevo-campus-medico-dennis-y-carol-troesh\\\/\"]}]},{\"@type\":\"ImageObject\",\"inLanguage\":\"es\",\"@id\":\"https:\\\/\\\/interamerica.org\\\/es\\\/2021\\\/08\\\/se-abre-en-la-universidad-loma-linda-nuevo-campus-medico-dennis-y-carol-troesh\\\/#primaryimage\",\"url\":\"https:\\\/\\\/interamerica.org\\\/wp-content\\\/uploads\\\/2021\\\/08\\\/llu-health-ribbon-cutting-chet-copy.jpeg\",\"contentUrl\":\"https:\\\/\\\/interamerica.org\\\/wp-content\\\/uploads\\\/2021\\\/08\\\/llu-health-ribbon-cutting-chet-copy.jpeg\",\"width\":755,\"height\":424,\"caption\":\"L\u00edderes celebran inauguraci\u00f3n del hospital con una jubilosa ceremonia de corte de cinta el viernes 6 de agosto. [Imagen: Loma Linda University Health]\"},{\"@type\":\"BreadcrumbList\",\"@id\":\"https:\\\/\\\/interamerica.org\\\/es\\\/2021\\\/08\\\/se-abre-en-la-universidad-loma-linda-nuevo-campus-medico-dennis-y-carol-troesh\\\/#breadcrumb\",\"itemListElement\":[{\"@type\":\"ListItem\",\"position\":1,\"name\":\"Home\",\"item\":\"https:\\\/\\\/interamerica.org\\\/es\\\/\"},{\"@type\":\"ListItem\",\"position\":2,\"name\":\"Se abre en la Universidad Loma Linda nuevo campus m\u00e9dico Dennis y Carol Troesh\"}]},{\"@type\":\"WebSite\",\"@id\":\"https:\\\/\\\/interamerica.org\\\/es\\\/#website\",\"url\":\"https:\\\/\\\/interamerica.org\\\/es\\\/\",\"name\":\"Iglesia Adventista del S\u00e9ptimo D\u00eda - Divisi\u00f3n Interamericana\",\"description\":\"\",\"potentialAction\":[{\"@type\":\"SearchAction\",\"target\":{\"@type\":\"EntryPoint\",\"urlTemplate\":\"https:\\\/\\\/interamerica.org\\\/es\\\/?s={search_term_string}\"},\"query-input\":{\"@type\":\"PropertyValueSpecification\",\"valueRequired\":true,\"valueName\":\"search_term_string\"}}],\"inLanguage\":\"es\"},{\"@type\":\"Person\",\"@id\":\"https:\\\/\\\/interamerica.org\\\/es\\\/#\\\/schema\\\/person\\\/29998f2bc2d8bd0d38662909289b54f1\",\"name\":\"libna\",\"image\":{\"@type\":\"ImageObject\",\"inLanguage\":\"es\",\"@id\":\"https:\\\/\\\/secure.gravatar.com\\\/avatar\\\/7c5bd30ae4b47a9ba3c856590957fd1d96dc588bf3ac05719d247e126840331f?s=96&d=mm&r=g\",\"url\":\"https:\\\/\\\/secure.gravatar.com\\\/avatar\\\/7c5bd30ae4b47a9ba3c856590957fd1d96dc588bf3ac05719d247e126840331f?s=96&d=mm&r=g\",\"contentUrl\":\"https:\\\/\\\/secure.gravatar.com\\\/avatar\\\/7c5bd30ae4b47a9ba3c856590957fd1d96dc588bf3ac05719d247e126840331f?s=96&d=mm&r=g\",\"caption\":\"libna\"}}]}<\/script>\n<!-- \/ Yoast SEO plugin. -->","yoast_head_json":{"title":"Se abre en la Universidad Loma Linda nuevo campus m\u00e9dico Dennis y Carol Troesh - Iglesia Adventista del S\u00e9ptimo D\u00eda - Divisi\u00f3n Interamericana","robots":{"index":"index","follow":"follow","max-snippet":"max-snippet:-1","max-image-preview":"max-image-preview:large","max-video-preview":"max-video-preview:-1"},"canonical":"https:\/\/interamerica.org\/es\/2021\/08\/se-abre-en-la-universidad-loma-linda-nuevo-campus-medico-dennis-y-carol-troesh\/","og_locale":"es_ES","og_type":"article","og_title":"Se abre en la Universidad Loma Linda nuevo campus m\u00e9dico Dennis y Carol Troesh - Iglesia Adventista del S\u00e9ptimo D\u00eda - Divisi\u00f3n Interamericana","og_description":"10 de agosto de 2021 | Loma Linda, California, Estados Unidos | Ansel Oliver, Loma Linda University Health News Loma Linda University Health abri\u00f3 oficialmente el Dennis and Carol Troesh...","og_url":"https:\/\/interamerica.org\/es\/2021\/08\/se-abre-en-la-universidad-loma-linda-nuevo-campus-medico-dennis-y-carol-troesh\/","og_site_name":"Iglesia Adventista del S\u00e9ptimo D\u00eda - Divisi\u00f3n Interamericana","article_published_time":"2021-08-10T15:52:19+00:00","article_modified_time":"2021-08-12T14:27:05+00:00","og_image":[{"width":755,"height":424,"url":"https:\/\/interamerica.org\/wp-content\/uploads\/2021\/08\/llu-health-ribbon-cutting-chet-copy.jpeg","type":"image\/jpeg"}],"author":"libna","twitter_card":"summary_large_image","twitter_misc":{"Escrito por":"libna","Tiempo de lectura":"6 minutos"},"schema":{"@context":"https:\/\/schema.org","@graph":[{"@type":"Article","@id":"https:\/\/interamerica.org\/es\/2021\/08\/se-abre-en-la-universidad-loma-linda-nuevo-campus-medico-dennis-y-carol-troesh\/#article","isPartOf":{"@id":"https:\/\/interamerica.org\/es\/2021\/08\/se-abre-en-la-universidad-loma-linda-nuevo-campus-medico-dennis-y-carol-troesh\/"},"author":{"name":"libna","@id":"https:\/\/interamerica.org\/es\/#\/schema\/person\/29998f2bc2d8bd0d38662909289b54f1"},"headline":"Se abre en la Universidad Loma Linda nuevo campus m\u00e9dico Dennis y Carol Troesh","datePublished":"2021-08-10T15:52:19+00:00","dateModified":"2021-08-12T14:27:05+00:00","mainEntityOfPage":{"@id":"https:\/\/interamerica.org\/es\/2021\/08\/se-abre-en-la-universidad-loma-linda-nuevo-campus-medico-dennis-y-carol-troesh\/"},"wordCount":1177,"image":{"@id":"https:\/\/interamerica.org\/es\/2021\/08\/se-abre-en-la-universidad-loma-linda-nuevo-campus-medico-dennis-y-carol-troesh\/#primaryimage"},"thumbnailUrl":"https:\/\/interamerica.org\/wp-content\/uploads\/2021\/08\/llu-health-ribbon-cutting-chet-copy.jpeg","articleSection":["Desde la iglesia mundial","RSS Espa\u00f1ol"],"inLanguage":"es"},{"@type":"WebPage","@id":"https:\/\/interamerica.org\/es\/2021\/08\/se-abre-en-la-universidad-loma-linda-nuevo-campus-medico-dennis-y-carol-troesh\/","url":"https:\/\/interamerica.org\/es\/2021\/08\/se-abre-en-la-universidad-loma-linda-nuevo-campus-medico-dennis-y-carol-troesh\/","name":"Se abre en la Universidad Loma Linda nuevo campus m\u00e9dico Dennis y Carol Troesh - Iglesia Adventista del S\u00e9ptimo D\u00eda - Divisi\u00f3n Interamericana","isPartOf":{"@id":"https:\/\/interamerica.org\/es\/#website"},"primaryImageOfPage":{"@id":"https:\/\/interamerica.org\/es\/2021\/08\/se-abre-en-la-universidad-loma-linda-nuevo-campus-medico-dennis-y-carol-troesh\/#primaryimage"},"image":{"@id":"https:\/\/interamerica.org\/es\/2021\/08\/se-abre-en-la-universidad-loma-linda-nuevo-campus-medico-dennis-y-carol-troesh\/#primaryimage"},"thumbnailUrl":"https:\/\/interamerica.org\/wp-content\/uploads\/2021\/08\/llu-health-ribbon-cutting-chet-copy.jpeg","datePublished":"2021-08-10T15:52:19+00:00","dateModified":"2021-08-12T14:27:05+00:00","author":{"@id":"https:\/\/interamerica.org\/es\/#\/schema\/person\/29998f2bc2d8bd0d38662909289b54f1"},"breadcrumb":{"@id":"https:\/\/interamerica.org\/es\/2021\/08\/se-abre-en-la-universidad-loma-linda-nuevo-campus-medico-dennis-y-carol-troesh\/#breadcrumb"},"inLanguage":"es","potentialAction":[{"@type":"ReadAction","target":["https:\/\/interamerica.org\/es\/2021\/08\/se-abre-en-la-universidad-loma-linda-nuevo-campus-medico-dennis-y-carol-troesh\/"]}]},{"@type":"ImageObject","inLanguage":"es","@id":"https:\/\/interamerica.org\/es\/2021\/08\/se-abre-en-la-universidad-loma-linda-nuevo-campus-medico-dennis-y-carol-troesh\/#primaryimage","url":"https:\/\/interamerica.org\/wp-content\/uploads\/2021\/08\/llu-health-ribbon-cutting-chet-copy.jpeg","contentUrl":"https:\/\/interamerica.org\/wp-content\/uploads\/2021\/08\/llu-health-ribbon-cutting-chet-copy.jpeg","width":755,"height":424,"caption":"L\u00edderes celebran inauguraci\u00f3n del hospital con una jubilosa ceremonia de corte de cinta el viernes 6 de agosto. [Imagen: Loma Linda University Health]"},{"@type":"BreadcrumbList","@id":"https:\/\/interamerica.org\/es\/2021\/08\/se-abre-en-la-universidad-loma-linda-nuevo-campus-medico-dennis-y-carol-troesh\/#breadcrumb","itemListElement":[{"@type":"ListItem","position":1,"name":"Home","item":"https:\/\/interamerica.org\/es\/"},{"@type":"ListItem","position":2,"name":"Se abre en la Universidad Loma Linda nuevo campus m\u00e9dico Dennis y Carol Troesh"}]},{"@type":"WebSite","@id":"https:\/\/interamerica.org\/es\/#website","url":"https:\/\/interamerica.org\/es\/","name":"Iglesia Adventista del S\u00e9ptimo D\u00eda - Divisi\u00f3n Interamericana","description":"","potentialAction":[{"@type":"SearchAction","target":{"@type":"EntryPoint","urlTemplate":"https:\/\/interamerica.org\/es\/?s={search_term_string}"},"query-input":{"@type":"PropertyValueSpecification","valueRequired":true,"valueName":"search_term_string"}}],"inLanguage":"es"},{"@type":"Person","@id":"https:\/\/interamerica.org\/es\/#\/schema\/person\/29998f2bc2d8bd0d38662909289b54f1","name":"libna","image":{"@type":"ImageObject","inLanguage":"es","@id":"https:\/\/secure.gravatar.com\/avatar\/7c5bd30ae4b47a9ba3c856590957fd1d96dc588bf3ac05719d247e126840331f?s=96&d=mm&r=g","url":"https:\/\/secure.gravatar.com\/avatar\/7c5bd30ae4b47a9ba3c856590957fd1d96dc588bf3ac05719d247e126840331f?s=96&d=mm&r=g","contentUrl":"https:\/\/secure.gravatar.com\/avatar\/7c5bd30ae4b47a9ba3c856590957fd1d96dc588bf3ac05719d247e126840331f?s=96&d=mm&r=g","caption":"libna"}}]}},"_links":{"self":[{"href":"https:\/\/interamerica.org\/es\/wp-json\/wp\/v2\/posts\/74520","targetHints":{"allow":["GET"]}}],"collection":[{"href":"https:\/\/interamerica.org\/es\/wp-json\/wp\/v2\/posts"}],"about":[{"href":"https:\/\/interamerica.org\/es\/wp-json\/wp\/v2\/types\/post"}],"author":[{"embeddable":true,"href":"https:\/\/interamerica.org\/es\/wp-json\/wp\/v2\/users\/3"}],"replies":[{"embeddable":true,"href":"https:\/\/interamerica.org\/es\/wp-json\/wp\/v2\/comments?post=74520"}],"version-history":[{"count":0,"href":"https:\/\/interamerica.org\/es\/wp-json\/wp\/v2\/posts\/74520\/revisions"}],"wp:featuredmedia":[{"embeddable":true,"href":"https:\/\/interamerica.org\/es\/wp-json\/wp\/v2\/media\/74465"}],"wp:attachment":[{"href":"https:\/\/interamerica.org\/es\/wp-json\/wp\/v2\/media?parent=74520"}],"wp:term":[{"taxonomy":"category","embeddable":true,"href":"https:\/\/interamerica.org\/es\/wp-json\/wp\/v2\/categories?post=74520"},{"taxonomy":"post_tag","embeddable":true,"href":"https:\/\/interamerica.org\/es\/wp-json\/wp\/v2\/tags?post=74520"}],"curies":[{"name":"wp","href":"https:\/\/api.w.org\/{rel}","templated":true}]}}