{"id":74701,"date":"2021-08-13T08:50:23","date_gmt":"2021-08-13T12:50:23","guid":{"rendered":"https:\/\/recursing-golick.147-182-135-0.plesk.page\/?p=74701"},"modified":"2021-08-15T07:51:34","modified_gmt":"2021-08-15T11:51:34","slug":"en-venezuela-adventistas-esparcen-amor-y-bondad-en-ciudades-y-comunidades","status":"publish","type":"post","link":"https:\/\/interamerica.org\/es\/2021\/08\/en-venezuela-adventistas-esparcen-amor-y-bondad-en-ciudades-y-comunidades\/","title":{"rendered":"En Venezuela, adventistas esparcen amor y bondad en ciudades y comunidades"},"content":{"rendered":"<p><div id=\"attachment_74681\" style=\"width: 811px\" class=\"wp-caption aligncenter\"><img fetchpriority=\"high\" decoding=\"async\" aria-describedby=\"caption-attachment-74681\" class=\" wp-image-74682\" src=\"https:\/\/recursing-golick.147-182-135-0.plesk.page\/wp-content\/uploads\/2021\/08\/evau-centralvenez-arepas.jpeg\" alt=\"\" width=\"801\" height=\"534\" srcset=\"https:\/\/interamerica.org\/wp-content\/uploads\/2021\/08\/evau-centralvenez-arepas.jpeg 1000w, https:\/\/interamerica.org\/wp-content\/uploads\/2021\/08\/evau-centralvenez-arepas-300x200.jpeg 300w, https:\/\/interamerica.org\/wp-content\/uploads\/2021\/08\/evau-centralvenez-arepas-768x512.jpeg 768w\" sizes=\"(max-width: 801px) 100vw, 801px\" \/><p id=\"caption-attachment-74681\" class=\"wp-caption-text\">Una miembro de iglesia sonr\u00ede al repartir hace poco una arepa a un sonriente beneficiario en las calles de Caracas, Venezuela. Los adventistas del s\u00e9ptimo d\u00eda en la Uni\u00f3n Venezolana Oriental distribuyen amor y bondad durante una obra social anual que ha estado llev\u00e1ndose a cabo anualmente desde 2013. Este a\u00f1o, la iniciativa tuvo lugar del 1 de julio al 7 de agosto, para esparcir amor y bondad. [Fotograf\u00eda: Asociaci\u00f3n Venezolana Central]<\/p><\/div>13 de agosto de 2021 | Caracas, Venezuela | Steven\u2019s Rosado y Noticias de la Divisi\u00f3n Interamericana<\/p>\n<p>Casi nueve mil adventistas de la regi\u00f3n Venezolana Oriental participaron hace poco en lo que ha llegado a ser el programa social anual m\u00e1s abarcador desde 2013. Denominado <em>Cerca de ti, Venezuela 2021<\/em>, miembros de iglesia voluntarios distribuyeron art\u00edculos y esparcieron mensajes de esperanza a los que enfrentan desaf\u00edos econ\u00f3micos. El programa se llev\u00f3 a cabo entre el 1 de julio y el 7 de agosto.<\/p>\n<p>Miles de j\u00f3venes de Caracas, la capital de Venezuela, salieron a las calles al ritmo de bandas musicales para distribuir bolsas de frutas y publicaciones en plazas, aceras y hospitales. Portaron carteles y pancartas con palabras de aliento para beneficio de los conductores y transe\u00fantes en los sem\u00e1foros. Muchos de los j\u00f3venes se vistieron con disfraces en forma de coraz\u00f3n, animando a los que pasaban a su lado y tom\u00e1ndose fotos con ellos.<\/p>\n<p><div id=\"attachment_74687\" style=\"width: 811px\" class=\"wp-caption aligncenter\"><img decoding=\"async\" aria-describedby=\"caption-attachment-74687\" class=\" wp-image-74688\" src=\"https:\/\/recursing-golick.147-182-135-0.plesk.page\/wp-content\/uploads\/2021\/08\/evau-centralvenez-cercadeti-trafficlight-1024x575.jpg\" alt=\"\" width=\"801\" height=\"450\" srcset=\"https:\/\/interamerica.org\/wp-content\/uploads\/2021\/08\/evau-centralvenez-cercadeti-trafficlight-1024x575.jpg 1024w, https:\/\/interamerica.org\/wp-content\/uploads\/2021\/08\/evau-centralvenez-cercadeti-trafficlight-300x169.jpg 300w, https:\/\/interamerica.org\/wp-content\/uploads\/2021\/08\/evau-centralvenez-cercadeti-trafficlight-768x431.jpg 768w, https:\/\/interamerica.org\/wp-content\/uploads\/2021\/08\/evau-centralvenez-cercadeti-trafficlight.jpg 1061w\" sizes=\"(max-width: 801px) 100vw, 801px\" \/><p id=\"caption-attachment-74687\" class=\"wp-caption-text\">J\u00f3venes esparcen mensajes de esperanza en Dios en un sem\u00e1foro en Caracas, Venezuela. [Fotograf\u00eda: Asociaci\u00f3n Venezolana Central]<\/p><\/div>\u201cLo que fue muy impresionante fue ver que cada voluntario ofreci\u00f3 alivio y esperanza a los que lo necesitaban\u201d, dijo David Manrique, director de ministerios j\u00f3venes de la Iglesia Adventista en la regi\u00f3n Venezolana Oriental y principal organizador de la iniciativa. \u201cAlabamos a Dios por darnos este enorme privilegio de dar y ser una bendici\u00f3n para otros\u201d.<\/p>\n<p>En el estado de Miranda, decenas de ni\u00f1os recibieron juguetes y comida, y decenas de personas recibieron cortes gratuitos de cabello.<\/p>\n<p>Los voluntarios tambi\u00e9n distribuyeron arepas para el desayuno, frutas y libros a 210 personas en el Hospital Santo An\u00edbal Dominicci Carupano, en el estado de Sucre.<\/p>\n<p><div id=\"attachment_74663\" style=\"width: 511px\" class=\"wp-caption aligncenter\"><img decoding=\"async\" aria-describedby=\"caption-attachment-74663\" class=\" wp-image-74661\" src=\"https:\/\/recursing-golick.147-182-135-0.plesk.page\/wp-content\/uploads\/2021\/08\/evau-cercadeti-fruit-bags-838x1024.jpg\" alt=\"\" width=\"501\" height=\"612\" srcset=\"https:\/\/interamerica.org\/wp-content\/uploads\/2021\/08\/evau-cercadeti-fruit-bags-838x1024.jpg 838w, https:\/\/interamerica.org\/wp-content\/uploads\/2021\/08\/evau-cercadeti-fruit-bags-246x300.jpg 246w, https:\/\/interamerica.org\/wp-content\/uploads\/2021\/08\/evau-cercadeti-fruit-bags-768x938.jpg 768w, https:\/\/interamerica.org\/wp-content\/uploads\/2021\/08\/evau-cercadeti-fruit-bags.jpg 876w\" sizes=\"(max-width: 501px) 100vw, 501px\" \/><p id=\"caption-attachment-74663\" class=\"wp-caption-text\">Una joven miembro de iglesia Saluda mientras sostiene las bolsas de fruta que distribuir\u00e1, mientras otros se le suman durante las marchas llevadas a cabo en toda la ciudad en julio. [Fotograf\u00eda: Asociaci\u00f3n Venezolana Central]<\/p><\/div>En otras partes de la regi\u00f3n oriental, miles de ni\u00f1os participaron en la Escuela B\u00edblica de Vacaciones, en los deportes y en las artes y manualidades. Los voluntarios ofrecieron atenci\u00f3n m\u00e9dica gratuita, charlas de salud, y campa\u00f1as de donaci\u00f3n de sangre, adem\u00e1s de limpiar parques y calles.<\/p>\n<p>\u201cSonre\u00edr tiene grandes beneficios para la salud, y los j\u00f3venes aceptaron el desaf\u00edo de ir y compartir el evangelio y una sonrisa con alguien que podr\u00eda no conocer el amor de Dios\u201d, dijo Diana D\u00edaz, voluntaria en la Asociaci\u00f3n Venezolana Oriental.<\/p>\n<p>La visi\u00f3n para el resto del a\u00f1o es continuar con los programas sociales una vez a la semana para alcanzar a m\u00e1s personas, explic\u00f3 Manrique.<\/p>\n<p><div id=\"attachment_74660\" style=\"width: 814px\" class=\"wp-caption aligncenter\"><img loading=\"lazy\" decoding=\"async\" aria-describedby=\"caption-attachment-74660\" class=\" wp-image-74658\" src=\"https:\/\/recursing-golick.147-182-135-0.plesk.page\/wp-content\/uploads\/2021\/08\/evau-hearts-snack-lady-1024x576.jpeg\" alt=\"\" width=\"804\" height=\"452\" srcset=\"https:\/\/interamerica.org\/wp-content\/uploads\/2021\/08\/evau-hearts-snack-lady-1024x576.jpeg 1024w, https:\/\/interamerica.org\/wp-content\/uploads\/2021\/08\/evau-hearts-snack-lady-300x169.jpeg 300w, https:\/\/interamerica.org\/wp-content\/uploads\/2021\/08\/evau-hearts-snack-lady-768x432.jpeg 768w, https:\/\/interamerica.org\/wp-content\/uploads\/2021\/08\/evau-hearts-snack-lady-1536x864.jpeg 1536w, https:\/\/interamerica.org\/wp-content\/uploads\/2021\/08\/evau-hearts-snack-lady.jpeg 2048w\" sizes=\"(max-width: 804px) 100vw, 804px\" \/><p id=\"caption-attachment-74660\" class=\"wp-caption-text\">J\u00f3venes de la iglesia adventista de Valle Linda en Puerto La Cruz en la regi\u00f3n Venezolana Oriental sonr\u00eden vestidos de disfraces en forma de coraz\u00f3n para esparcir amor y algo para comer a las personas de la comunidad, durante la iniciativa. [Fotograf\u00eda: Asociaci\u00f3n Venezolana Central]<\/p><\/div>\u201cVamos a seguir solicitando a nuestros miembros para que contin\u00faen trabajando en estos proyectos de manera m\u00e1s permanente\u201d, dijo el pastor Alpidio Ytriago, l\u00edder de ministerios j\u00f3venes de la Asociaci\u00f3n Venezolana Oriental. \u201cNo podemos perder el calor de este fuego, dado que es una manera sumamente efectiva de alcanzar a las personas\u201d.<\/p>\n<p>Wilbelly Loreto, quien por muchos a\u00f1os fue voluntaria como l\u00edder de ADRA en la Zona V de la Asociaci\u00f3n Venezolana Centro Sur, felicit\u00f3 a los voluntarios. \u201cTienen que seguir avanzando, un coraz\u00f3n a la vez, conquistando almas para Cristo\u201d, expres\u00f3.<\/p>\n<p><div id=\"attachment_74690\" style=\"width: 724px\" class=\"wp-caption aligncenter\"><img loading=\"lazy\" decoding=\"async\" aria-describedby=\"caption-attachment-74690\" class=\" wp-image-74691\" src=\"https:\/\/recursing-golick.147-182-135-0.plesk.page\/wp-content\/uploads\/2021\/08\/evau-centralvenz-cercadeti-haircut-1024x683.jpeg\" alt=\"\" width=\"714\" height=\"476\" srcset=\"https:\/\/interamerica.org\/wp-content\/uploads\/2021\/08\/evau-centralvenz-cercadeti-haircut-1024x683.jpeg 1024w, https:\/\/interamerica.org\/wp-content\/uploads\/2021\/08\/evau-centralvenz-cercadeti-haircut-300x200.jpeg 300w, https:\/\/interamerica.org\/wp-content\/uploads\/2021\/08\/evau-centralvenz-cercadeti-haircut-768x512.jpeg 768w, https:\/\/interamerica.org\/wp-content\/uploads\/2021\/08\/evau-centralvenz-cercadeti-haircut-1536x1024.jpeg 1536w, https:\/\/interamerica.org\/wp-content\/uploads\/2021\/08\/evau-centralvenz-cercadeti-haircut.jpeg 1944w\" sizes=\"(max-width: 714px) 100vw, 714px\" \/><p id=\"caption-attachment-74690\" class=\"wp-caption-text\">Decenas de personas en Caracas, Venezuela, recibieron cortes gratuitos de cabello como parte de la iniciativa. [Fotograf\u00eda: Asociaci\u00f3n Venezolana Central]<\/p><\/div>El evento fue llevado a cabo en l\u00ednea y en las plataformas de medios sociales.<\/p>\n<p>En la regi\u00f3n Venezolana Occidental, miles de miembros tambi\u00e9n celebraron la iniciativa del 1 al 7 de agosto, compartiendo alimentos y prendas de vestir y ofreciendo chequeos m\u00e9dicos y cortes de cabello gratuitos. Tambi\u00e9n pintaron los pabellones del parque.<\/p>\n<p><div id=\"attachment_74672\" style=\"width: 808px\" class=\"wp-caption aligncenter\"><img loading=\"lazy\" decoding=\"async\" aria-describedby=\"caption-attachment-74672\" class=\" wp-image-74672\" src=\"https:\/\/recursing-golick.147-182-135-0.plesk.page\/wp-content\/uploads\/2021\/08\/evau-consulta-medica-barcelona.jpg\" alt=\"\" width=\"798\" height=\"534\" srcset=\"https:\/\/interamerica.org\/wp-content\/uploads\/2021\/08\/evau-consulta-medica-barcelona.jpg 1000w, https:\/\/interamerica.org\/wp-content\/uploads\/2021\/08\/evau-consulta-medica-barcelona-300x201.jpg 300w, https:\/\/interamerica.org\/wp-content\/uploads\/2021\/08\/evau-consulta-medica-barcelona-768x514.jpg 768w\" sizes=\"(max-width: 798px) 100vw, 798px\" \/><p id=\"caption-attachment-74672\" class=\"wp-caption-text\">Una anciana se sienta en una de ocho estaciones dise\u00f1adas por la iglesia adventista Central de Barcelona para ofrecer chequeos m\u00e9dicos gratuitos en Barcelona, en la regi\u00f3n Venezolana Oriental. [Fotograf\u00eda: Iglesia Adventista Central de Barcelona]<\/p><\/div>Traducci\u00f3n de Marcos Paseggi<\/p>\n","protected":false},"excerpt":{"rendered":"<p>13 de agosto de 2021 | Caracas, Venezuela | Steven\u2019s Rosado y Noticias de la Divisi\u00f3n Interamericana Casi nueve mil adventistas de la regi\u00f3n Venezolana Oriental participaron hace poco en&#8230;<\/p>\n","protected":false},"author":3,"featured_media":74681,"comment_status":"closed","ping_status":"closed","sticky":false,"template":"","format":"standard","meta":{"_acf_changed":false,"footnotes":""},"categories":[17,15],"tags":[],"class_list":["post-74701","post","type-post","status-publish","format-standard","has-post-thumbnail","hentry","category-desde-el-campo","category-rss-espanol"],"acf":[],"yoast_head":"<!-- This site is optimized with the Yoast SEO plugin v27.3 - https:\/\/yoast.com\/product\/yoast-seo-wordpress\/ -->\n<title>En Venezuela, adventistas esparcen amor y bondad en ciudades y comunidades - Iglesia Adventista del S\u00e9ptimo D\u00eda - Divisi\u00f3n Interamericana<\/title>\n<meta name=\"robots\" content=\"index, follow, max-snippet:-1, max-image-preview:large, max-video-preview:-1\" \/>\n<link rel=\"canonical\" href=\"https:\/\/interamerica.org\/es\/2021\/08\/en-venezuela-adventistas-esparcen-amor-y-bondad-en-ciudades-y-comunidades\/\" \/>\n<meta property=\"og:locale\" content=\"es_ES\" \/>\n<meta property=\"og:type\" content=\"article\" \/>\n<meta property=\"og:title\" content=\"En Venezuela, adventistas esparcen amor y bondad en ciudades y comunidades - Iglesia Adventista del S\u00e9ptimo D\u00eda - Divisi\u00f3n Interamericana\" \/>\n<meta property=\"og:description\" content=\"13 de agosto de 2021 | Caracas, Venezuela | Steven\u2019s Rosado y Noticias de la Divisi\u00f3n Interamericana Casi nueve mil adventistas de la regi\u00f3n Venezolana Oriental participaron hace poco en...\" \/>\n<meta property=\"og:url\" content=\"https:\/\/interamerica.org\/es\/2021\/08\/en-venezuela-adventistas-esparcen-amor-y-bondad-en-ciudades-y-comunidades\/\" \/>\n<meta property=\"og:site_name\" content=\"Iglesia Adventista del S\u00e9ptimo D\u00eda - Divisi\u00f3n Interamericana\" \/>\n<meta property=\"article:published_time\" content=\"2021-08-13T12:50:23+00:00\" \/>\n<meta property=\"article:modified_time\" content=\"2021-08-15T11:51:34+00:00\" \/>\n<meta property=\"og:image\" content=\"https:\/\/interamerica.org\/wp-content\/uploads\/2021\/08\/evau-centralvenez-arepas.jpeg\" \/>\n\t<meta property=\"og:image:width\" content=\"1000\" \/>\n\t<meta property=\"og:image:height\" content=\"667\" \/>\n\t<meta property=\"og:image:type\" content=\"image\/jpeg\" \/>\n<meta name=\"author\" content=\"libna\" \/>\n<meta name=\"twitter:card\" content=\"summary_large_image\" \/>\n<meta name=\"twitter:label1\" content=\"Escrito por\" \/>\n\t<meta name=\"twitter:data1\" content=\"libna\" \/>\n\t<meta name=\"twitter:label2\" content=\"Tiempo de lectura\" \/>\n\t<meta name=\"twitter:data2\" content=\"4 minutos\" \/>\n<script type=\"application\/ld+json\" class=\"yoast-schema-graph\">{\"@context\":\"https:\\\/\\\/schema.org\",\"@graph\":[{\"@type\":\"Article\",\"@id\":\"https:\\\/\\\/interamerica.org\\\/es\\\/2021\\\/08\\\/en-venezuela-adventistas-esparcen-amor-y-bondad-en-ciudades-y-comunidades\\\/#article\",\"isPartOf\":{\"@id\":\"https:\\\/\\\/interamerica.org\\\/es\\\/2021\\\/08\\\/en-venezuela-adventistas-esparcen-amor-y-bondad-en-ciudades-y-comunidades\\\/\"},\"author\":{\"name\":\"libna\",\"@id\":\"https:\\\/\\\/interamerica.org\\\/es\\\/#\\\/schema\\\/person\\\/29998f2bc2d8bd0d38662909289b54f1\"},\"headline\":\"En Venezuela, adventistas esparcen amor y bondad en ciudades y comunidades\",\"datePublished\":\"2021-08-13T12:50:23+00:00\",\"dateModified\":\"2021-08-15T11:51:34+00:00\",\"mainEntityOfPage\":{\"@id\":\"https:\\\/\\\/interamerica.org\\\/es\\\/2021\\\/08\\\/en-venezuela-adventistas-esparcen-amor-y-bondad-en-ciudades-y-comunidades\\\/\"},\"wordCount\":863,\"image\":{\"@id\":\"https:\\\/\\\/interamerica.org\\\/es\\\/2021\\\/08\\\/en-venezuela-adventistas-esparcen-amor-y-bondad-en-ciudades-y-comunidades\\\/#primaryimage\"},\"thumbnailUrl\":\"https:\\\/\\\/interamerica.org\\\/wp-content\\\/uploads\\\/2021\\\/08\\\/evau-centralvenez-arepas.jpeg\",\"articleSection\":[\"Desde el campo\",\"RSS Espa\u00f1ol\"],\"inLanguage\":\"es\"},{\"@type\":\"WebPage\",\"@id\":\"https:\\\/\\\/interamerica.org\\\/es\\\/2021\\\/08\\\/en-venezuela-adventistas-esparcen-amor-y-bondad-en-ciudades-y-comunidades\\\/\",\"url\":\"https:\\\/\\\/interamerica.org\\\/es\\\/2021\\\/08\\\/en-venezuela-adventistas-esparcen-amor-y-bondad-en-ciudades-y-comunidades\\\/\",\"name\":\"En Venezuela, adventistas esparcen amor y bondad en ciudades y comunidades - Iglesia Adventista del S\u00e9ptimo D\u00eda - Divisi\u00f3n Interamericana\",\"isPartOf\":{\"@id\":\"https:\\\/\\\/interamerica.org\\\/es\\\/#website\"},\"primaryImageOfPage\":{\"@id\":\"https:\\\/\\\/interamerica.org\\\/es\\\/2021\\\/08\\\/en-venezuela-adventistas-esparcen-amor-y-bondad-en-ciudades-y-comunidades\\\/#primaryimage\"},\"image\":{\"@id\":\"https:\\\/\\\/interamerica.org\\\/es\\\/2021\\\/08\\\/en-venezuela-adventistas-esparcen-amor-y-bondad-en-ciudades-y-comunidades\\\/#primaryimage\"},\"thumbnailUrl\":\"https:\\\/\\\/interamerica.org\\\/wp-content\\\/uploads\\\/2021\\\/08\\\/evau-centralvenez-arepas.jpeg\",\"datePublished\":\"2021-08-13T12:50:23+00:00\",\"dateModified\":\"2021-08-15T11:51:34+00:00\",\"author\":{\"@id\":\"https:\\\/\\\/interamerica.org\\\/es\\\/#\\\/schema\\\/person\\\/29998f2bc2d8bd0d38662909289b54f1\"},\"breadcrumb\":{\"@id\":\"https:\\\/\\\/interamerica.org\\\/es\\\/2021\\\/08\\\/en-venezuela-adventistas-esparcen-amor-y-bondad-en-ciudades-y-comunidades\\\/#breadcrumb\"},\"inLanguage\":\"es\",\"potentialAction\":[{\"@type\":\"ReadAction\",\"target\":[\"https:\\\/\\\/interamerica.org\\\/es\\\/2021\\\/08\\\/en-venezuela-adventistas-esparcen-amor-y-bondad-en-ciudades-y-comunidades\\\/\"]}]},{\"@type\":\"ImageObject\",\"inLanguage\":\"es\",\"@id\":\"https:\\\/\\\/interamerica.org\\\/es\\\/2021\\\/08\\\/en-venezuela-adventistas-esparcen-amor-y-bondad-en-ciudades-y-comunidades\\\/#primaryimage\",\"url\":\"https:\\\/\\\/interamerica.org\\\/wp-content\\\/uploads\\\/2021\\\/08\\\/evau-centralvenez-arepas.jpeg\",\"contentUrl\":\"https:\\\/\\\/interamerica.org\\\/wp-content\\\/uploads\\\/2021\\\/08\\\/evau-centralvenez-arepas.jpeg\",\"width\":1000,\"height\":667,\"caption\":\"[Fotograf\u00eda: Asociaci\u00f3n Venezolana Central]\"},{\"@type\":\"BreadcrumbList\",\"@id\":\"https:\\\/\\\/interamerica.org\\\/es\\\/2021\\\/08\\\/en-venezuela-adventistas-esparcen-amor-y-bondad-en-ciudades-y-comunidades\\\/#breadcrumb\",\"itemListElement\":[{\"@type\":\"ListItem\",\"position\":1,\"name\":\"Home\",\"item\":\"https:\\\/\\\/interamerica.org\\\/es\\\/\"},{\"@type\":\"ListItem\",\"position\":2,\"name\":\"En Venezuela, adventistas esparcen amor y bondad en ciudades y comunidades\"}]},{\"@type\":\"WebSite\",\"@id\":\"https:\\\/\\\/interamerica.org\\\/es\\\/#website\",\"url\":\"https:\\\/\\\/interamerica.org\\\/es\\\/\",\"name\":\"Iglesia Adventista del S\u00e9ptimo D\u00eda - Divisi\u00f3n Interamericana\",\"description\":\"\",\"potentialAction\":[{\"@type\":\"SearchAction\",\"target\":{\"@type\":\"EntryPoint\",\"urlTemplate\":\"https:\\\/\\\/interamerica.org\\\/es\\\/?s={search_term_string}\"},\"query-input\":{\"@type\":\"PropertyValueSpecification\",\"valueRequired\":true,\"valueName\":\"search_term_string\"}}],\"inLanguage\":\"es\"},{\"@type\":\"Person\",\"@id\":\"https:\\\/\\\/interamerica.org\\\/es\\\/#\\\/schema\\\/person\\\/29998f2bc2d8bd0d38662909289b54f1\",\"name\":\"libna\",\"image\":{\"@type\":\"ImageObject\",\"inLanguage\":\"es\",\"@id\":\"https:\\\/\\\/secure.gravatar.com\\\/avatar\\\/7c5bd30ae4b47a9ba3c856590957fd1d96dc588bf3ac05719d247e126840331f?s=96&d=mm&r=g\",\"url\":\"https:\\\/\\\/secure.gravatar.com\\\/avatar\\\/7c5bd30ae4b47a9ba3c856590957fd1d96dc588bf3ac05719d247e126840331f?s=96&d=mm&r=g\",\"contentUrl\":\"https:\\\/\\\/secure.gravatar.com\\\/avatar\\\/7c5bd30ae4b47a9ba3c856590957fd1d96dc588bf3ac05719d247e126840331f?s=96&d=mm&r=g\",\"caption\":\"libna\"}}]}<\/script>\n<!-- \/ Yoast SEO plugin. -->","yoast_head_json":{"title":"En Venezuela, adventistas esparcen amor y bondad en ciudades y comunidades - Iglesia Adventista del S\u00e9ptimo D\u00eda - Divisi\u00f3n Interamericana","robots":{"index":"index","follow":"follow","max-snippet":"max-snippet:-1","max-image-preview":"max-image-preview:large","max-video-preview":"max-video-preview:-1"},"canonical":"https:\/\/interamerica.org\/es\/2021\/08\/en-venezuela-adventistas-esparcen-amor-y-bondad-en-ciudades-y-comunidades\/","og_locale":"es_ES","og_type":"article","og_title":"En Venezuela, adventistas esparcen amor y bondad en ciudades y comunidades - Iglesia Adventista del S\u00e9ptimo D\u00eda - Divisi\u00f3n Interamericana","og_description":"13 de agosto de 2021 | Caracas, Venezuela | Steven\u2019s Rosado y Noticias de la Divisi\u00f3n Interamericana Casi nueve mil adventistas de la regi\u00f3n Venezolana Oriental participaron hace poco en...","og_url":"https:\/\/interamerica.org\/es\/2021\/08\/en-venezuela-adventistas-esparcen-amor-y-bondad-en-ciudades-y-comunidades\/","og_site_name":"Iglesia Adventista del S\u00e9ptimo D\u00eda - Divisi\u00f3n Interamericana","article_published_time":"2021-08-13T12:50:23+00:00","article_modified_time":"2021-08-15T11:51:34+00:00","og_image":[{"width":1000,"height":667,"url":"https:\/\/interamerica.org\/wp-content\/uploads\/2021\/08\/evau-centralvenez-arepas.jpeg","type":"image\/jpeg"}],"author":"libna","twitter_card":"summary_large_image","twitter_misc":{"Escrito por":"libna","Tiempo de lectura":"4 minutos"},"schema":{"@context":"https:\/\/schema.org","@graph":[{"@type":"Article","@id":"https:\/\/interamerica.org\/es\/2021\/08\/en-venezuela-adventistas-esparcen-amor-y-bondad-en-ciudades-y-comunidades\/#article","isPartOf":{"@id":"https:\/\/interamerica.org\/es\/2021\/08\/en-venezuela-adventistas-esparcen-amor-y-bondad-en-ciudades-y-comunidades\/"},"author":{"name":"libna","@id":"https:\/\/interamerica.org\/es\/#\/schema\/person\/29998f2bc2d8bd0d38662909289b54f1"},"headline":"En Venezuela, adventistas esparcen amor y bondad en ciudades y comunidades","datePublished":"2021-08-13T12:50:23+00:00","dateModified":"2021-08-15T11:51:34+00:00","mainEntityOfPage":{"@id":"https:\/\/interamerica.org\/es\/2021\/08\/en-venezuela-adventistas-esparcen-amor-y-bondad-en-ciudades-y-comunidades\/"},"wordCount":863,"image":{"@id":"https:\/\/interamerica.org\/es\/2021\/08\/en-venezuela-adventistas-esparcen-amor-y-bondad-en-ciudades-y-comunidades\/#primaryimage"},"thumbnailUrl":"https:\/\/interamerica.org\/wp-content\/uploads\/2021\/08\/evau-centralvenez-arepas.jpeg","articleSection":["Desde el campo","RSS Espa\u00f1ol"],"inLanguage":"es"},{"@type":"WebPage","@id":"https:\/\/interamerica.org\/es\/2021\/08\/en-venezuela-adventistas-esparcen-amor-y-bondad-en-ciudades-y-comunidades\/","url":"https:\/\/interamerica.org\/es\/2021\/08\/en-venezuela-adventistas-esparcen-amor-y-bondad-en-ciudades-y-comunidades\/","name":"En Venezuela, adventistas esparcen amor y bondad en ciudades y comunidades - Iglesia Adventista del S\u00e9ptimo D\u00eda - Divisi\u00f3n Interamericana","isPartOf":{"@id":"https:\/\/interamerica.org\/es\/#website"},"primaryImageOfPage":{"@id":"https:\/\/interamerica.org\/es\/2021\/08\/en-venezuela-adventistas-esparcen-amor-y-bondad-en-ciudades-y-comunidades\/#primaryimage"},"image":{"@id":"https:\/\/interamerica.org\/es\/2021\/08\/en-venezuela-adventistas-esparcen-amor-y-bondad-en-ciudades-y-comunidades\/#primaryimage"},"thumbnailUrl":"https:\/\/interamerica.org\/wp-content\/uploads\/2021\/08\/evau-centralvenez-arepas.jpeg","datePublished":"2021-08-13T12:50:23+00:00","dateModified":"2021-08-15T11:51:34+00:00","author":{"@id":"https:\/\/interamerica.org\/es\/#\/schema\/person\/29998f2bc2d8bd0d38662909289b54f1"},"breadcrumb":{"@id":"https:\/\/interamerica.org\/es\/2021\/08\/en-venezuela-adventistas-esparcen-amor-y-bondad-en-ciudades-y-comunidades\/#breadcrumb"},"inLanguage":"es","potentialAction":[{"@type":"ReadAction","target":["https:\/\/interamerica.org\/es\/2021\/08\/en-venezuela-adventistas-esparcen-amor-y-bondad-en-ciudades-y-comunidades\/"]}]},{"@type":"ImageObject","inLanguage":"es","@id":"https:\/\/interamerica.org\/es\/2021\/08\/en-venezuela-adventistas-esparcen-amor-y-bondad-en-ciudades-y-comunidades\/#primaryimage","url":"https:\/\/interamerica.org\/wp-content\/uploads\/2021\/08\/evau-centralvenez-arepas.jpeg","contentUrl":"https:\/\/interamerica.org\/wp-content\/uploads\/2021\/08\/evau-centralvenez-arepas.jpeg","width":1000,"height":667,"caption":"[Fotograf\u00eda: Asociaci\u00f3n Venezolana Central]"},{"@type":"BreadcrumbList","@id":"https:\/\/interamerica.org\/es\/2021\/08\/en-venezuela-adventistas-esparcen-amor-y-bondad-en-ciudades-y-comunidades\/#breadcrumb","itemListElement":[{"@type":"ListItem","position":1,"name":"Home","item":"https:\/\/interamerica.org\/es\/"},{"@type":"ListItem","position":2,"name":"En Venezuela, adventistas esparcen amor y bondad en ciudades y comunidades"}]},{"@type":"WebSite","@id":"https:\/\/interamerica.org\/es\/#website","url":"https:\/\/interamerica.org\/es\/","name":"Iglesia Adventista del S\u00e9ptimo D\u00eda - Divisi\u00f3n Interamericana","description":"","potentialAction":[{"@type":"SearchAction","target":{"@type":"EntryPoint","urlTemplate":"https:\/\/interamerica.org\/es\/?s={search_term_string}"},"query-input":{"@type":"PropertyValueSpecification","valueRequired":true,"valueName":"search_term_string"}}],"inLanguage":"es"},{"@type":"Person","@id":"https:\/\/interamerica.org\/es\/#\/schema\/person\/29998f2bc2d8bd0d38662909289b54f1","name":"libna","image":{"@type":"ImageObject","inLanguage":"es","@id":"https:\/\/secure.gravatar.com\/avatar\/7c5bd30ae4b47a9ba3c856590957fd1d96dc588bf3ac05719d247e126840331f?s=96&d=mm&r=g","url":"https:\/\/secure.gravatar.com\/avatar\/7c5bd30ae4b47a9ba3c856590957fd1d96dc588bf3ac05719d247e126840331f?s=96&d=mm&r=g","contentUrl":"https:\/\/secure.gravatar.com\/avatar\/7c5bd30ae4b47a9ba3c856590957fd1d96dc588bf3ac05719d247e126840331f?s=96&d=mm&r=g","caption":"libna"}}]}},"_links":{"self":[{"href":"https:\/\/interamerica.org\/es\/wp-json\/wp\/v2\/posts\/74701","targetHints":{"allow":["GET"]}}],"collection":[{"href":"https:\/\/interamerica.org\/es\/wp-json\/wp\/v2\/posts"}],"about":[{"href":"https:\/\/interamerica.org\/es\/wp-json\/wp\/v2\/types\/post"}],"author":[{"embeddable":true,"href":"https:\/\/interamerica.org\/es\/wp-json\/wp\/v2\/users\/3"}],"replies":[{"embeddable":true,"href":"https:\/\/interamerica.org\/es\/wp-json\/wp\/v2\/comments?post=74701"}],"version-history":[{"count":0,"href":"https:\/\/interamerica.org\/es\/wp-json\/wp\/v2\/posts\/74701\/revisions"}],"wp:featuredmedia":[{"embeddable":true,"href":"https:\/\/interamerica.org\/es\/wp-json\/wp\/v2\/media\/74681"}],"wp:attachment":[{"href":"https:\/\/interamerica.org\/es\/wp-json\/wp\/v2\/media?parent=74701"}],"wp:term":[{"taxonomy":"category","embeddable":true,"href":"https:\/\/interamerica.org\/es\/wp-json\/wp\/v2\/categories?post=74701"},{"taxonomy":"post_tag","embeddable":true,"href":"https:\/\/interamerica.org\/es\/wp-json\/wp\/v2\/tags?post=74701"}],"curies":[{"name":"wp","href":"https:\/\/api.w.org\/{rel}","templated":true}]}}