{"id":75135,"date":"2021-08-26T08:30:32","date_gmt":"2021-08-26T12:30:32","guid":{"rendered":"https:\/\/recursing-golick.147-182-135-0.plesk.page\/?p=75135"},"modified":"2021-08-26T08:53:33","modified_gmt":"2021-08-26T12:53:33","slug":"la-convencion-de-asi-en-interamerica-alienta-a-los-empresarios-adventistas-en-medio-del-impacto-de-la-pandemia","status":"publish","type":"post","link":"https:\/\/interamerica.org\/es\/2021\/08\/la-convencion-de-asi-en-interamerica-alienta-a-los-empresarios-adventistas-en-medio-del-impacto-de-la-pandemia\/","title":{"rendered":"La Convenci\u00f3n de ASi en Interam\u00e9rica alienta a los empresarios adventistas en medio del impacto de la pandemia"},"content":{"rendered":"<p>25 de agosto de 2021 | Miami, Florida, Estados Unidos | Libna Stevens, Noticias de la Divisi\u00f3n Interamericana<\/p>\n<p>Los empresarios y profesionales adventistas de los pa\u00edses de habla hispana del territorio de la Divisi\u00f3n Interamericana participaron en forma virtual de la Convenci\u00f3n Anual de Servicios e Industrias de Laicos Adventistas del 20 al 22 de agosto de 2021. El evento virtual fue una oportunidad de fortalecer el compromiso de cientos de profesionales adventistas, para que contin\u00faen como actores claves a la hora de compartir a Cristo mediante sus empresas, durante un tiempo en que los efectos continuados de la pandemia siguen produciendo un impacto econ\u00f3mico.<\/p>\n<p>\u201cComo miembros de ASi, existimos para amar por medio de nuestras acciones, existimos para apoyar concretamente a los que est\u00e1n pasando necesidad\u201d, dijo el pastor Ricardo Mar\u00edn, presidente de la Iglesia Adventista en la Uni\u00f3n Centroamericana Sur. Tiene que ver con acciones pr\u00e1cticas y actos de bondad que pueden ayudar a tantos que est\u00e1n sufriendo hoy. Su mensaje fue un claro recordatorio de que, en medio de la crisis econ\u00f3mica durante el per\u00edodo de la pandemia, Dios a\u00fan necesita que su pueblo cuide a los necesitados.<\/p>\n<p>Bajo el lema \u201cA pesar de la crisis, yo ir\u00e9\u201d, el evento, de tres d\u00edas de duraci\u00f3n, busc\u00f3 inspirar a los l\u00edderes y empresarios con apoyo espiritual, empoder\u00e1ndolos para modelar a Cristo en sus empresas y vidas profesionales, y afirmando los dones de los profesionales, empresarios y artesanos adventistas de manera de brindar crecimiento por medio de seminarios, conferencias y talleres, dijo el pastor James Daniel, asistente del presidente de la Divisi\u00f3n Interamericana y secretario de ASi Interam\u00e9rica.<\/p>\n<p><div id=\"attachment_75122\" style=\"width: 816px\" class=\"wp-caption aligncenter\"><img fetchpriority=\"high\" decoding=\"async\" aria-describedby=\"caption-attachment-75122\" class=\"wp-image-75122\" src=\"https:\/\/recursing-golick.147-182-135-0.plesk.page\/wp-content\/uploads\/2021\/08\/james-daniel-asi-2021-spanish.png\" alt=\"\" width=\"806\" height=\"449\" srcset=\"https:\/\/interamerica.org\/wp-content\/uploads\/2021\/08\/james-daniel-asi-2021-spanish.png 1000w, https:\/\/interamerica.org\/wp-content\/uploads\/2021\/08\/james-daniel-asi-2021-spanish-300x167.png 300w, https:\/\/interamerica.org\/wp-content\/uploads\/2021\/08\/james-daniel-asi-2021-spanish-768x428.png 768w\" sizes=\"(max-width: 806px) 100vw, 806px\" \/><p id=\"caption-attachment-75122\" class=\"wp-caption-text\">El pastor James Daniel, asistente del presidente de la Divisi\u00f3n Interamericana y secretario de ASi Interam\u00e9rica, dijo que este a\u00f1o, como resultado de la pandemia, las convenciones anuales fueron planificadas en l\u00ednea en ingl\u00e9s, espa\u00f1ol y franc\u00e9s, en forma separada. [Fotograf\u00eda: captura de pantalla de la DIA]<\/p><\/div>\u201cEs importante que ASi enfoque a sus miembros en la misi\u00f3n de la iglesia, utilizando sus recursos espirituales, humanos y financieros \u2014tanto individual como colectivamente\u2014 para la proclamaci\u00f3n del evangelio, al ministrar all\u00ed donde se desempe\u00f1an\u201d, dijo Daniel.<\/p>\n<p>Desde que azot\u00f3 la pandemia el a\u00f1o pasado, las convenciones se han llevado a cabo en l\u00ednea en los tres idiomas principales del territorio \u2014ingl\u00e9s, espa\u00f1ol y franc\u00e9s\u2014 en forma separada, dijo Marston Thomas, presidente de ASi Interam\u00e9rica. \u201cQueremos que los miembros de las filiales est\u00e9n equipados e inspirados para proclamar las buenas nuevas de salvaci\u00f3n\u201d, dijo Thomas. El mes pasado, sin ir m\u00e1s lejos, se llev\u00f3 a cabo la convenci\u00f3n para el territorio de lengua francesa, del 23-25 de julio.<\/p>\n<p>Durante su mensaje el s\u00e1bado por la ma\u00f1ana, el pastor Arnaldo Cruz, director de comunicaci\u00f3n y evangelismo digital de la Asociaci\u00f3n Sudeste en Florida, Estados Unidos, record\u00f3 a los que segu\u00edan la convenci\u00f3n de que en medio de la crisis que puedan estar enfrentando, Dios puede ayudarlos a vencer los desaf\u00edos. \u201cUstedes a\u00fan pueden impactar al mundo porque todo lo que tenemos le pertenece a Jehov\u00e1\u201d, dijo Cruz. \u201cLa crisis de la pandemia no deber\u00eda detenerlos porque Dios est\u00e1 buscando que ustedes avancen en su nombre, porque \u00e9l est\u00e1 con ustedes\u201d, dijo.<\/p>\n<p>\u201cTodo lo que tenemos, lo que hemos recibido y lo que tendremos, se lo debemos a Dios, y \u00e9l contin\u00faa buscando personas que puedan llevar esperanza, libertad del pecado y gozo a aquellos que est\u00e1n desanimados\u201d, dijo Cruz.<\/p>\n<p><div id=\"attachment_75116\" style=\"width: 810px\" class=\"wp-caption aligncenter\"><img decoding=\"async\" aria-describedby=\"caption-attachment-75116\" class=\" wp-image-75116\" src=\"https:\/\/recursing-golick.147-182-135-0.plesk.page\/wp-content\/uploads\/2021\/08\/arnaldo-cruz-asi-2021.png\" alt=\"\" width=\"800\" height=\"473\" srcset=\"https:\/\/interamerica.org\/wp-content\/uploads\/2021\/08\/arnaldo-cruz-asi-2021.png 1000w, https:\/\/interamerica.org\/wp-content\/uploads\/2021\/08\/arnaldo-cruz-asi-2021-300x177.png 300w, https:\/\/interamerica.org\/wp-content\/uploads\/2021\/08\/arnaldo-cruz-asi-2021-768x454.png 768w\" sizes=\"(max-width: 800px) 100vw, 800px\" \/><p id=\"caption-attachment-75116\" class=\"wp-caption-text\">El pastor Arnaldo Cruz, director de comunicaci\u00f3n y evangelism digital de la Asociaci\u00f3n Sudeste de Florida, Estados Unidos, fue el orador destacado durante el culto de adoraci\u00f3n del s\u00e1bado 21 de agosto de 2021, en la Convenci\u00f3n Anual de ASi Interam\u00e9rica de este a\u00f1o, que se llev\u00f3 a cabo en l\u00ednea. [Fotograf\u00eda: captura de pantalla de la Divisi\u00f3n Interamericana]<\/p><\/div>El evento en l\u00ednea de ASi cont\u00f3 con m\u00fasica, mensajes espirituales, oraci\u00f3n y seminarios sobre administraci\u00f3n de empresas, inteligencia emocional, salud y bienestar, c\u00f3mo organizar con \u00e9xito una filial local de ASi, e informes de las filiales de cada regi\u00f3n, entre otros.<\/p>\n<p>En los 23 a\u00f1os desde que se organiz\u00f3 ASi Interam\u00e9rica en el territorio, las filiales han crecido regional y localmente hasta alcanzar 22, dijeron los organizadores. \u201cQueremos avanzar con el fortalecimiento de las filiales, para que crezcan m\u00e1s en los territorios de habla hispana y francesa dentro de la Divisi\u00f3n Interamericana, para que puedan crecer m\u00e1s ministerios en apoyo de la misi\u00f3n por medio de las empresas y comunidades\u201d, dijo Daniel.<\/p>\n<p>Una de esas filiales en crecimiento se encuentra en la Uni\u00f3n Mexicana Interoce\u00e1nica. Durante a\u00f1os recientes, ha establecido once filiales locales de ASi en sus once asociaciones y misiones. \u201cAunque nos tuvimos que frenar un poco al comienzo de la pandemia, eso nos llev\u00f3 a ofrecer capacitaciones especiales para ayudar a tantos de nuestros miembros de ASi en la Uni\u00f3n Mexicana Interoce\u00e1nica. Los proyectos implementados hace poco incluyeron la participaci\u00f3n en familias dedicadas a los negocios para que compartan el evangelio con otra familia de negocios, y la creaci\u00f3n de oportunidades de negocios en sociedad con Alimentos Colpac, de M\u00e9xico, que es una de las compa\u00f1\u00edas de alimentos de la Iglesia Adventista, al igual que distribuir alimentos a familias necesitadas.<\/p>\n<p><div id=\"attachment_75119\" style=\"width: 811px\" class=\"wp-caption aligncenter\"><img decoding=\"async\" aria-describedby=\"caption-attachment-75119\" class=\" wp-image-75119\" src=\"https:\/\/recursing-golick.147-182-135-0.plesk.page\/wp-content\/uploads\/2021\/08\/asi-2021-dora-ochoa-ivan-luna.png\" alt=\"\" width=\"801\" height=\"450\" srcset=\"https:\/\/interamerica.org\/wp-content\/uploads\/2021\/08\/asi-2021-dora-ochoa-ivan-luna.png 1000w, https:\/\/interamerica.org\/wp-content\/uploads\/2021\/08\/asi-2021-dora-ochoa-ivan-luna-300x169.png 300w, https:\/\/interamerica.org\/wp-content\/uploads\/2021\/08\/asi-2021-dora-ochoa-ivan-luna-768x432.png 768w\" sizes=\"(max-width: 801px) 100vw, 801px\" \/><p id=\"caption-attachment-75119\" class=\"wp-caption-text\">Dora Ochoa (derecha) entona un c\u00e1ntico de adoraci\u00f3n, durante la apertura virtual de la Convenci\u00f3n de ASi Interam\u00e9rica el pasado 20 de agosto de 2021, mientras que Iv\u00e1n Luna la acompa\u00f1a en el teclado. [Fotograf\u00eda: Captura de pantalla de la Divisi\u00f3n Interamericana]<\/p><\/div>Asimismo, la filial de ASi en la Uni\u00f3n Mexicana Interoce\u00e1nica pronto lanzar\u00e1 una nueva aplicaci\u00f3n para tel\u00e9fonos de Android y iOS, que podr\u00e1 ser usada por los empresarios y profesionales para registrar sus empresas, conectarse y relacionarse no solo en esa uni\u00f3n sino en todo M\u00e9xico, inform\u00f3 Camacho.<\/p>\n<p>La ofrenda especial recolectada este a\u00f1o ser\u00e1 usada para asistir a las v\u00edctimas del reciente terremoto en Hait\u00ed y de las inundaciones en otros lugares de la Divisi\u00f3n Interamericana, dijeron los organizadores.<\/p>\n<p>La siguiente Convenci\u00f3n de ASi Interam\u00e9rica para el territorio de habla inglesa est\u00e1 planificada para que se lleve a cabo en l\u00ednea, del 20-24 de octubre de 2021.<\/p>\n<p>Servicios e Industrias de Laicos Adventistas, conocida como ASi, es una organizaci\u00f3n de miembros laicos de la Iglesia Adventista del S\u00e9ptimo D\u00eda que forman parte de las profesiones, la industria, la educaci\u00f3n y los servicios, y que existe para desafiar, alimentar y brindar experiencia al compartir a Cristo en el lugar de trabajo, adem\u00e1s de apoyar la misi\u00f3n global de la Iglesia Adventista del S\u00e9ptimo D\u00eda.<\/p>\n<p>Para saber m\u00e1s de las Convenciones Anuales de ASi Interam\u00e9rica de este a\u00f1o, ingrese a <a href=\"https:\/\/recursing-golick.147-182-135-0.plesk.page\/\">interamerica.org<\/a><\/p>\n<p>Para ver los segmentos en l\u00ednea de la Convenci\u00f3n de ASi Interam\u00e9rica de este a\u00f1o en su edici\u00f3n en espa\u00f1ol,<\/p>\n<p>Ingrese:<\/p>\n<p><a href=\"https:\/\/www.youtube.com\/watch?v=I4PO2bCc8Bc\">AQU\u00cd<\/a> para el viernes 20 de agosto.<\/p>\n<p><a href=\"https:\/\/www.youtube.com\/watch?v=dsX8xwjGfJk\">AQU\u00cd<\/a> para el s\u00e1bado 21 de agosto de ma\u00f1ana.<\/p>\n<p><a href=\"https:\/\/www.youtube.com\/watch?v=nNZCSEfRzqs\">AQU\u00cd<\/a> para el s\u00e1bado 22 de agosto por la tarde.<\/p>\n<p>Traducci\u00f3n de Marcos Paseggi<\/p>\n","protected":false},"excerpt":{"rendered":"<p>25 de agosto de 2021 | Miami, Florida, Estados Unidos | Libna Stevens, Noticias de la Divisi\u00f3n Interamericana Los empresarios y profesionales adventistas de los pa\u00edses de habla hispana del&#8230;<\/p>\n","protected":false},"author":3,"featured_media":42690,"comment_status":"closed","ping_status":"closed","sticky":false,"template":"","format":"standard","meta":{"_acf_changed":false,"footnotes":""},"categories":[16,15],"tags":[],"class_list":["post-75135","post","type-post","status-publish","format-standard","has-post-thumbnail","hentry","category-desde-la-sede","category-rss-espanol"],"acf":[],"yoast_head":"<!-- This site is optimized with the Yoast SEO plugin v27.3 - https:\/\/yoast.com\/product\/yoast-seo-wordpress\/ -->\n<title>La Convenci\u00f3n de ASi en Interam\u00e9rica alienta a los empresarios adventistas en medio del impacto de la pandemia - Iglesia Adventista del S\u00e9ptimo D\u00eda - Divisi\u00f3n Interamericana<\/title>\n<meta name=\"robots\" content=\"index, follow, max-snippet:-1, max-image-preview:large, max-video-preview:-1\" \/>\n<link rel=\"canonical\" href=\"https:\/\/interamerica.org\/es\/2021\/08\/la-convencion-de-asi-en-interamerica-alienta-a-los-empresarios-adventistas-en-medio-del-impacto-de-la-pandemia\/\" \/>\n<meta property=\"og:locale\" content=\"es_ES\" \/>\n<meta property=\"og:type\" content=\"article\" \/>\n<meta property=\"og:title\" content=\"La Convenci\u00f3n de ASi en Interam\u00e9rica alienta a los empresarios adventistas en medio del impacto de la pandemia - Iglesia Adventista del S\u00e9ptimo D\u00eda - Divisi\u00f3n Interamericana\" \/>\n<meta property=\"og:description\" content=\"25 de agosto de 2021 | Miami, Florida, Estados Unidos | Libna Stevens, Noticias de la Divisi\u00f3n Interamericana Los empresarios y profesionales adventistas de los pa\u00edses de habla hispana del...\" \/>\n<meta property=\"og:url\" content=\"https:\/\/interamerica.org\/es\/2021\/08\/la-convencion-de-asi-en-interamerica-alienta-a-los-empresarios-adventistas-en-medio-del-impacto-de-la-pandemia\/\" \/>\n<meta property=\"og:site_name\" content=\"Iglesia Adventista del S\u00e9ptimo D\u00eda - Divisi\u00f3n Interamericana\" \/>\n<meta property=\"article:published_time\" content=\"2021-08-26T12:30:32+00:00\" \/>\n<meta property=\"article:modified_time\" content=\"2021-08-26T12:53:33+00:00\" \/>\n<meta property=\"og:image\" content=\"https:\/\/interamerica.org\/wp-content\/uploads\/2018\/07\/iad-flags-missions.jpg\" \/>\n\t<meta property=\"og:image:width\" content=\"1280\" \/>\n\t<meta property=\"og:image:height\" content=\"800\" \/>\n\t<meta property=\"og:image:type\" content=\"image\/jpeg\" \/>\n<meta name=\"author\" content=\"libna\" \/>\n<meta name=\"twitter:card\" content=\"summary_large_image\" \/>\n<meta name=\"twitter:label1\" content=\"Escrito por\" \/>\n\t<meta name=\"twitter:data1\" content=\"libna\" \/>\n\t<meta name=\"twitter:label2\" content=\"Tiempo de lectura\" \/>\n\t<meta name=\"twitter:data2\" content=\"6 minutos\" \/>\n<script type=\"application\/ld+json\" class=\"yoast-schema-graph\">{\"@context\":\"https:\\\/\\\/schema.org\",\"@graph\":[{\"@type\":\"Article\",\"@id\":\"https:\\\/\\\/interamerica.org\\\/es\\\/2021\\\/08\\\/la-convencion-de-asi-en-interamerica-alienta-a-los-empresarios-adventistas-en-medio-del-impacto-de-la-pandemia\\\/#article\",\"isPartOf\":{\"@id\":\"https:\\\/\\\/interamerica.org\\\/es\\\/2021\\\/08\\\/la-convencion-de-asi-en-interamerica-alienta-a-los-empresarios-adventistas-en-medio-del-impacto-de-la-pandemia\\\/\"},\"author\":{\"name\":\"libna\",\"@id\":\"https:\\\/\\\/interamerica.org\\\/es\\\/#\\\/schema\\\/person\\\/29998f2bc2d8bd0d38662909289b54f1\"},\"headline\":\"La Convenci\u00f3n de ASi en Interam\u00e9rica alienta a los empresarios adventistas en medio del impacto de la pandemia\",\"datePublished\":\"2021-08-26T12:30:32+00:00\",\"dateModified\":\"2021-08-26T12:53:33+00:00\",\"mainEntityOfPage\":{\"@id\":\"https:\\\/\\\/interamerica.org\\\/es\\\/2021\\\/08\\\/la-convencion-de-asi-en-interamerica-alienta-a-los-empresarios-adventistas-en-medio-del-impacto-de-la-pandemia\\\/\"},\"wordCount\":1289,\"image\":{\"@id\":\"https:\\\/\\\/interamerica.org\\\/es\\\/2021\\\/08\\\/la-convencion-de-asi-en-interamerica-alienta-a-los-empresarios-adventistas-en-medio-del-impacto-de-la-pandemia\\\/#primaryimage\"},\"thumbnailUrl\":\"https:\\\/\\\/interamerica.org\\\/wp-content\\\/uploads\\\/2018\\\/07\\\/iad-flags-missions.jpg\",\"articleSection\":[\"Desde la sede\",\"RSS Espa\u00f1ol\"],\"inLanguage\":\"es\"},{\"@type\":\"WebPage\",\"@id\":\"https:\\\/\\\/interamerica.org\\\/es\\\/2021\\\/08\\\/la-convencion-de-asi-en-interamerica-alienta-a-los-empresarios-adventistas-en-medio-del-impacto-de-la-pandemia\\\/\",\"url\":\"https:\\\/\\\/interamerica.org\\\/es\\\/2021\\\/08\\\/la-convencion-de-asi-en-interamerica-alienta-a-los-empresarios-adventistas-en-medio-del-impacto-de-la-pandemia\\\/\",\"name\":\"La Convenci\u00f3n de ASi en Interam\u00e9rica alienta a los empresarios adventistas en medio del impacto de la pandemia - Iglesia Adventista del S\u00e9ptimo D\u00eda - Divisi\u00f3n Interamericana\",\"isPartOf\":{\"@id\":\"https:\\\/\\\/interamerica.org\\\/es\\\/#website\"},\"primaryImageOfPage\":{\"@id\":\"https:\\\/\\\/interamerica.org\\\/es\\\/2021\\\/08\\\/la-convencion-de-asi-en-interamerica-alienta-a-los-empresarios-adventistas-en-medio-del-impacto-de-la-pandemia\\\/#primaryimage\"},\"image\":{\"@id\":\"https:\\\/\\\/interamerica.org\\\/es\\\/2021\\\/08\\\/la-convencion-de-asi-en-interamerica-alienta-a-los-empresarios-adventistas-en-medio-del-impacto-de-la-pandemia\\\/#primaryimage\"},\"thumbnailUrl\":\"https:\\\/\\\/interamerica.org\\\/wp-content\\\/uploads\\\/2018\\\/07\\\/iad-flags-missions.jpg\",\"datePublished\":\"2021-08-26T12:30:32+00:00\",\"dateModified\":\"2021-08-26T12:53:33+00:00\",\"author\":{\"@id\":\"https:\\\/\\\/interamerica.org\\\/es\\\/#\\\/schema\\\/person\\\/29998f2bc2d8bd0d38662909289b54f1\"},\"breadcrumb\":{\"@id\":\"https:\\\/\\\/interamerica.org\\\/es\\\/2021\\\/08\\\/la-convencion-de-asi-en-interamerica-alienta-a-los-empresarios-adventistas-en-medio-del-impacto-de-la-pandemia\\\/#breadcrumb\"},\"inLanguage\":\"es\",\"potentialAction\":[{\"@type\":\"ReadAction\",\"target\":[\"https:\\\/\\\/interamerica.org\\\/es\\\/2021\\\/08\\\/la-convencion-de-asi-en-interamerica-alienta-a-los-empresarios-adventistas-en-medio-del-impacto-de-la-pandemia\\\/\"]}]},{\"@type\":\"ImageObject\",\"inLanguage\":\"es\",\"@id\":\"https:\\\/\\\/interamerica.org\\\/es\\\/2021\\\/08\\\/la-convencion-de-asi-en-interamerica-alienta-a-los-empresarios-adventistas-en-medio-del-impacto-de-la-pandemia\\\/#primaryimage\",\"url\":\"https:\\\/\\\/interamerica.org\\\/wp-content\\\/uploads\\\/2018\\\/07\\\/iad-flags-missions.jpg\",\"contentUrl\":\"https:\\\/\\\/interamerica.org\\\/wp-content\\\/uploads\\\/2018\\\/07\\\/iad-flags-missions.jpg\",\"width\":1280,\"height\":800,\"caption\":\"Imagen de Libna Stevens\\\/DIA\"},{\"@type\":\"BreadcrumbList\",\"@id\":\"https:\\\/\\\/interamerica.org\\\/es\\\/2021\\\/08\\\/la-convencion-de-asi-en-interamerica-alienta-a-los-empresarios-adventistas-en-medio-del-impacto-de-la-pandemia\\\/#breadcrumb\",\"itemListElement\":[{\"@type\":\"ListItem\",\"position\":1,\"name\":\"Home\",\"item\":\"https:\\\/\\\/interamerica.org\\\/es\\\/\"},{\"@type\":\"ListItem\",\"position\":2,\"name\":\"La Convenci\u00f3n de ASi en Interam\u00e9rica alienta a los empresarios adventistas en medio del impacto de la pandemia\"}]},{\"@type\":\"WebSite\",\"@id\":\"https:\\\/\\\/interamerica.org\\\/es\\\/#website\",\"url\":\"https:\\\/\\\/interamerica.org\\\/es\\\/\",\"name\":\"Iglesia Adventista del S\u00e9ptimo D\u00eda - Divisi\u00f3n Interamericana\",\"description\":\"\",\"potentialAction\":[{\"@type\":\"SearchAction\",\"target\":{\"@type\":\"EntryPoint\",\"urlTemplate\":\"https:\\\/\\\/interamerica.org\\\/es\\\/?s={search_term_string}\"},\"query-input\":{\"@type\":\"PropertyValueSpecification\",\"valueRequired\":true,\"valueName\":\"search_term_string\"}}],\"inLanguage\":\"es\"},{\"@type\":\"Person\",\"@id\":\"https:\\\/\\\/interamerica.org\\\/es\\\/#\\\/schema\\\/person\\\/29998f2bc2d8bd0d38662909289b54f1\",\"name\":\"libna\",\"image\":{\"@type\":\"ImageObject\",\"inLanguage\":\"es\",\"@id\":\"https:\\\/\\\/secure.gravatar.com\\\/avatar\\\/7c5bd30ae4b47a9ba3c856590957fd1d96dc588bf3ac05719d247e126840331f?s=96&d=mm&r=g\",\"url\":\"https:\\\/\\\/secure.gravatar.com\\\/avatar\\\/7c5bd30ae4b47a9ba3c856590957fd1d96dc588bf3ac05719d247e126840331f?s=96&d=mm&r=g\",\"contentUrl\":\"https:\\\/\\\/secure.gravatar.com\\\/avatar\\\/7c5bd30ae4b47a9ba3c856590957fd1d96dc588bf3ac05719d247e126840331f?s=96&d=mm&r=g\",\"caption\":\"libna\"}}]}<\/script>\n<!-- \/ Yoast SEO plugin. -->","yoast_head_json":{"title":"La Convenci\u00f3n de ASi en Interam\u00e9rica alienta a los empresarios adventistas en medio del impacto de la pandemia - Iglesia Adventista del S\u00e9ptimo D\u00eda - Divisi\u00f3n Interamericana","robots":{"index":"index","follow":"follow","max-snippet":"max-snippet:-1","max-image-preview":"max-image-preview:large","max-video-preview":"max-video-preview:-1"},"canonical":"https:\/\/interamerica.org\/es\/2021\/08\/la-convencion-de-asi-en-interamerica-alienta-a-los-empresarios-adventistas-en-medio-del-impacto-de-la-pandemia\/","og_locale":"es_ES","og_type":"article","og_title":"La Convenci\u00f3n de ASi en Interam\u00e9rica alienta a los empresarios adventistas en medio del impacto de la pandemia - Iglesia Adventista del S\u00e9ptimo D\u00eda - Divisi\u00f3n Interamericana","og_description":"25 de agosto de 2021 | Miami, Florida, Estados Unidos | Libna Stevens, Noticias de la Divisi\u00f3n Interamericana Los empresarios y profesionales adventistas de los pa\u00edses de habla hispana del...","og_url":"https:\/\/interamerica.org\/es\/2021\/08\/la-convencion-de-asi-en-interamerica-alienta-a-los-empresarios-adventistas-en-medio-del-impacto-de-la-pandemia\/","og_site_name":"Iglesia Adventista del S\u00e9ptimo D\u00eda - Divisi\u00f3n Interamericana","article_published_time":"2021-08-26T12:30:32+00:00","article_modified_time":"2021-08-26T12:53:33+00:00","og_image":[{"width":1280,"height":800,"url":"https:\/\/interamerica.org\/wp-content\/uploads\/2018\/07\/iad-flags-missions.jpg","type":"image\/jpeg"}],"author":"libna","twitter_card":"summary_large_image","twitter_misc":{"Escrito por":"libna","Tiempo de lectura":"6 minutos"},"schema":{"@context":"https:\/\/schema.org","@graph":[{"@type":"Article","@id":"https:\/\/interamerica.org\/es\/2021\/08\/la-convencion-de-asi-en-interamerica-alienta-a-los-empresarios-adventistas-en-medio-del-impacto-de-la-pandemia\/#article","isPartOf":{"@id":"https:\/\/interamerica.org\/es\/2021\/08\/la-convencion-de-asi-en-interamerica-alienta-a-los-empresarios-adventistas-en-medio-del-impacto-de-la-pandemia\/"},"author":{"name":"libna","@id":"https:\/\/interamerica.org\/es\/#\/schema\/person\/29998f2bc2d8bd0d38662909289b54f1"},"headline":"La Convenci\u00f3n de ASi en Interam\u00e9rica alienta a los empresarios adventistas en medio del impacto de la pandemia","datePublished":"2021-08-26T12:30:32+00:00","dateModified":"2021-08-26T12:53:33+00:00","mainEntityOfPage":{"@id":"https:\/\/interamerica.org\/es\/2021\/08\/la-convencion-de-asi-en-interamerica-alienta-a-los-empresarios-adventistas-en-medio-del-impacto-de-la-pandemia\/"},"wordCount":1289,"image":{"@id":"https:\/\/interamerica.org\/es\/2021\/08\/la-convencion-de-asi-en-interamerica-alienta-a-los-empresarios-adventistas-en-medio-del-impacto-de-la-pandemia\/#primaryimage"},"thumbnailUrl":"https:\/\/interamerica.org\/wp-content\/uploads\/2018\/07\/iad-flags-missions.jpg","articleSection":["Desde la sede","RSS Espa\u00f1ol"],"inLanguage":"es"},{"@type":"WebPage","@id":"https:\/\/interamerica.org\/es\/2021\/08\/la-convencion-de-asi-en-interamerica-alienta-a-los-empresarios-adventistas-en-medio-del-impacto-de-la-pandemia\/","url":"https:\/\/interamerica.org\/es\/2021\/08\/la-convencion-de-asi-en-interamerica-alienta-a-los-empresarios-adventistas-en-medio-del-impacto-de-la-pandemia\/","name":"La Convenci\u00f3n de ASi en Interam\u00e9rica alienta a los empresarios adventistas en medio del impacto de la pandemia - Iglesia Adventista del S\u00e9ptimo D\u00eda - Divisi\u00f3n Interamericana","isPartOf":{"@id":"https:\/\/interamerica.org\/es\/#website"},"primaryImageOfPage":{"@id":"https:\/\/interamerica.org\/es\/2021\/08\/la-convencion-de-asi-en-interamerica-alienta-a-los-empresarios-adventistas-en-medio-del-impacto-de-la-pandemia\/#primaryimage"},"image":{"@id":"https:\/\/interamerica.org\/es\/2021\/08\/la-convencion-de-asi-en-interamerica-alienta-a-los-empresarios-adventistas-en-medio-del-impacto-de-la-pandemia\/#primaryimage"},"thumbnailUrl":"https:\/\/interamerica.org\/wp-content\/uploads\/2018\/07\/iad-flags-missions.jpg","datePublished":"2021-08-26T12:30:32+00:00","dateModified":"2021-08-26T12:53:33+00:00","author":{"@id":"https:\/\/interamerica.org\/es\/#\/schema\/person\/29998f2bc2d8bd0d38662909289b54f1"},"breadcrumb":{"@id":"https:\/\/interamerica.org\/es\/2021\/08\/la-convencion-de-asi-en-interamerica-alienta-a-los-empresarios-adventistas-en-medio-del-impacto-de-la-pandemia\/#breadcrumb"},"inLanguage":"es","potentialAction":[{"@type":"ReadAction","target":["https:\/\/interamerica.org\/es\/2021\/08\/la-convencion-de-asi-en-interamerica-alienta-a-los-empresarios-adventistas-en-medio-del-impacto-de-la-pandemia\/"]}]},{"@type":"ImageObject","inLanguage":"es","@id":"https:\/\/interamerica.org\/es\/2021\/08\/la-convencion-de-asi-en-interamerica-alienta-a-los-empresarios-adventistas-en-medio-del-impacto-de-la-pandemia\/#primaryimage","url":"https:\/\/interamerica.org\/wp-content\/uploads\/2018\/07\/iad-flags-missions.jpg","contentUrl":"https:\/\/interamerica.org\/wp-content\/uploads\/2018\/07\/iad-flags-missions.jpg","width":1280,"height":800,"caption":"Imagen de Libna Stevens\/DIA"},{"@type":"BreadcrumbList","@id":"https:\/\/interamerica.org\/es\/2021\/08\/la-convencion-de-asi-en-interamerica-alienta-a-los-empresarios-adventistas-en-medio-del-impacto-de-la-pandemia\/#breadcrumb","itemListElement":[{"@type":"ListItem","position":1,"name":"Home","item":"https:\/\/interamerica.org\/es\/"},{"@type":"ListItem","position":2,"name":"La Convenci\u00f3n de ASi en Interam\u00e9rica alienta a los empresarios adventistas en medio del impacto de la pandemia"}]},{"@type":"WebSite","@id":"https:\/\/interamerica.org\/es\/#website","url":"https:\/\/interamerica.org\/es\/","name":"Iglesia Adventista del S\u00e9ptimo D\u00eda - Divisi\u00f3n Interamericana","description":"","potentialAction":[{"@type":"SearchAction","target":{"@type":"EntryPoint","urlTemplate":"https:\/\/interamerica.org\/es\/?s={search_term_string}"},"query-input":{"@type":"PropertyValueSpecification","valueRequired":true,"valueName":"search_term_string"}}],"inLanguage":"es"},{"@type":"Person","@id":"https:\/\/interamerica.org\/es\/#\/schema\/person\/29998f2bc2d8bd0d38662909289b54f1","name":"libna","image":{"@type":"ImageObject","inLanguage":"es","@id":"https:\/\/secure.gravatar.com\/avatar\/7c5bd30ae4b47a9ba3c856590957fd1d96dc588bf3ac05719d247e126840331f?s=96&d=mm&r=g","url":"https:\/\/secure.gravatar.com\/avatar\/7c5bd30ae4b47a9ba3c856590957fd1d96dc588bf3ac05719d247e126840331f?s=96&d=mm&r=g","contentUrl":"https:\/\/secure.gravatar.com\/avatar\/7c5bd30ae4b47a9ba3c856590957fd1d96dc588bf3ac05719d247e126840331f?s=96&d=mm&r=g","caption":"libna"}}]}},"_links":{"self":[{"href":"https:\/\/interamerica.org\/es\/wp-json\/wp\/v2\/posts\/75135","targetHints":{"allow":["GET"]}}],"collection":[{"href":"https:\/\/interamerica.org\/es\/wp-json\/wp\/v2\/posts"}],"about":[{"href":"https:\/\/interamerica.org\/es\/wp-json\/wp\/v2\/types\/post"}],"author":[{"embeddable":true,"href":"https:\/\/interamerica.org\/es\/wp-json\/wp\/v2\/users\/3"}],"replies":[{"embeddable":true,"href":"https:\/\/interamerica.org\/es\/wp-json\/wp\/v2\/comments?post=75135"}],"version-history":[{"count":0,"href":"https:\/\/interamerica.org\/es\/wp-json\/wp\/v2\/posts\/75135\/revisions"}],"wp:featuredmedia":[{"embeddable":true,"href":"https:\/\/interamerica.org\/es\/wp-json\/wp\/v2\/media\/42690"}],"wp:attachment":[{"href":"https:\/\/interamerica.org\/es\/wp-json\/wp\/v2\/media?parent=75135"}],"wp:term":[{"taxonomy":"category","embeddable":true,"href":"https:\/\/interamerica.org\/es\/wp-json\/wp\/v2\/categories?post=75135"},{"taxonomy":"post_tag","embeddable":true,"href":"https:\/\/interamerica.org\/es\/wp-json\/wp\/v2\/tags?post=75135"}],"curies":[{"name":"wp","href":"https:\/\/api.w.org\/{rel}","templated":true}]}}