{"id":75204,"date":"2021-08-27T08:30:35","date_gmt":"2021-08-27T12:30:35","guid":{"rendered":"https:\/\/recursing-golick.147-182-135-0.plesk.page\/?p=75204"},"modified":"2021-08-27T08:51:28","modified_gmt":"2021-08-27T12:51:28","slug":"interamerica-celebra-el-dia-de-los-laicos-en-todo-su-territorio-el-4-de-septiembre","status":"publish","type":"post","link":"https:\/\/interamerica.org\/es\/2021\/08\/interamerica-celebra-el-dia-de-los-laicos-en-todo-su-territorio-el-4-de-septiembre\/","title":{"rendered":"Interam\u00e9rica celebra el \u2018D\u00eda de los Laicos\u2019 en todo su territorio el 4 de septiembre"},"content":{"rendered":"<p>27 de agosto de 2021 | Miami, Florida, Estados Unidos | Libna Stevens, Noticias de la Divisi\u00f3n Interamericana<\/p>\n<p>La Iglesia Adventista del S\u00e9ptimo D\u00eda en Interam\u00e9rica se apresta a celebrar en todo su territorio, la acci\u00f3n de m\u00e1s de un mill\u00f3n de laicos o miembros activos de la iglesia, quienes incansablemente dan a conocer el evangelio cada d\u00eda en sus comunidades. Esta celebraci\u00f3n, llamada D\u00eda del Laico Interamericano, se llevar\u00e1 a cabo el d\u00eda 4 de septiembre, durante un programa en l\u00ednea celebrado en vivo.<\/p>\n<p>\u201cNos sentimos sumamente felices de honrar a los miembros de iglesia que se han entregado incondicionalmente a la predicaci\u00f3n del mensaje de salvaci\u00f3n\u201d, dijo el pastor Melchor Ferreyra, director de ministerios personales de la iglesia en Interam\u00e9rica y principal organizador de este evento. Es importante continuar apoyando a los miles y miles de fieles creyentes que lo entregan todo con el fin de compartir su esperanza a dondequiera que van y se sienten motivados y reafirmados respecto al llamado a cumplir la misi\u00f3n, dijo el director Ferreyra.<\/p>\n<p><div id=\"attachment_75110\" style=\"width: 810px\" class=\"wp-caption aligncenter\"><img fetchpriority=\"high\" decoding=\"async\" aria-describedby=\"caption-attachment-75110\" class=\" wp-image-75110\" src=\"https:\/\/recursing-golick.147-182-135-0.plesk.page\/wp-content\/uploads\/2021\/07\/diia-interamericano-del-laico-es-1024x1024.jpg\" alt=\"\" width=\"800\" height=\"800\" srcset=\"https:\/\/interamerica.org\/wp-content\/uploads\/2021\/07\/diia-interamericano-del-laico-es-1024x1024.jpg 1024w, https:\/\/interamerica.org\/wp-content\/uploads\/2021\/07\/diia-interamericano-del-laico-es-300x300.jpg 300w, https:\/\/interamerica.org\/wp-content\/uploads\/2021\/07\/diia-interamericano-del-laico-es-150x150.jpg 150w, https:\/\/interamerica.org\/wp-content\/uploads\/2021\/07\/diia-interamericano-del-laico-es-768x768.jpg 768w, https:\/\/interamerica.org\/wp-content\/uploads\/2021\/07\/diia-interamericano-del-laico-es.jpg 1280w\" sizes=\"(max-width: 800px) 100vw, 800px\" \/><p id=\"caption-attachment-75110\" class=\"wp-caption-text\">[Imagen: Divisi\u00f3n Interamericana]<\/p><\/div>Esta fecha anual fue restablecida seg\u00fan era costumbre celebrarla durante d\u00e9cadas en todo el territorio, hace m\u00e1s de 20 a\u00f1os. Por alguna raz\u00f3n se hab\u00eda hecho a un lado entre otros d\u00edas especiales designados dentro del \u00e1mbito de la iglesia y sus ministerios, a\u00f1adi\u00f3 el director Ferreyra. \u201cSiempre se ha celebrado cada a\u00f1o la labor de los miembros laicos en los niveles locales, regionales y de divisi\u00f3n, pero no hab\u00edamos enfocado nuestro esfuerzo en celebrarla en un determinado d\u00eda especial, como hist\u00f3ricamente se hac\u00eda\u201d.<\/p>\n<p>Sin el duro esfuerzo de los miembros laicos, comprendidos entre ellos predicadores laicos, evangelizadores laicos, directores de grupos peque\u00f1os y obreros b\u00edblicos, Interam\u00e9rica no habr\u00eda experimentado el crecimiento del que ha gozado por casi 100 a\u00f1os, dijo el director Ferreyra. Definitivamente, necesitamos honrar desde el nivel de divisi\u00f3n, a los miembros activos de la iglesia por el apoyo dado a esta empresa de predicaci\u00f3n del evangelio\u201d.<\/p>\n<p>En este d\u00eda especial, cada una de las 24 uniones o regiones principales de la iglesia en Interam\u00e9rica habr\u00e1 de rendirles homenaje y reafirmar la misi\u00f3n de continuar trabajando mano a mano con los pastores y dirigentes de las iglesias locales, a fin de alcanzar y hacer disc\u00edpulos de nuevos miembros que acepten a Cristo y se unan a la iglesia.<\/p>\n<p>El programa en l\u00ednea, de una hora de duraci\u00f3n, cuyo lema es \u201cCelebraci\u00f3n de la Misi\u00f3n\u201d, presentar\u00e1 a altos dirigentes de la iglesia, breves mensajes espirituales, un segmento dedicado a una reuni\u00f3n en vivo desde la ciudad de Tijuana, en el norte de M\u00e9xico y saludos desde diferentes lugares del territorio de la DIA, el s\u00e1bado 4 de septiembre, comenzando a las 4 de la tarde (4:00 p.m. tiempo de Miami) tanto en ingl\u00e9s, como en espa\u00f1ol y franc\u00e9s (cada idioma por separado).<\/p>\n<p>La Celebraci\u00f3n del Laicado de Interam\u00e9rica, el 4 de septiembre de 2021, se transmitir\u00e1 en vivo a trav\u00e9s de <a href=\"https:\/\/www.youtube.com\/c\/InterAmericanDivision\">webcast.interamerica.org<\/a>, as\u00ed como a trav\u00e9s de las cuentas de Facebook de Interam\u00e9rica en <a href=\"https:\/\/www.facebook.com\/interamerica.org\">Ingl\u00e9s<\/a>, <a href=\"https:\/\/www.facebook.com\/divisioninteramericana\">Espa\u00f1ol<\/a> y <a href=\"https:\/\/www.facebook.com\/adventistes\">Franc\u00e9s<\/a>.<\/p>\n<p>Traducci\u00f3n &#8211; Gloria A. Castrej\u00f3n<\/p>\n<p>&nbsp;<\/p>\n","protected":false},"excerpt":{"rendered":"<p>27 de agosto de 2021 | Miami, Florida, Estados Unidos | Libna Stevens, Noticias de la Divisi\u00f3n Interamericana La Iglesia Adventista del S\u00e9ptimo D\u00eda en Interam\u00e9rica se apresta a celebrar&#8230;<\/p>\n","protected":false},"author":3,"featured_media":75167,"comment_status":"closed","ping_status":"closed","sticky":false,"template":"","format":"standard","meta":{"_acf_changed":false,"footnotes":""},"categories":[14,15],"tags":[],"class_list":["post-75204","post","type-post","status-publish","format-standard","has-post-thumbnail","hentry","category-de-la-iglesia-mundial","category-rss-espanol"],"acf":[],"yoast_head":"<!-- This site is optimized with the Yoast SEO plugin v27.3 - https:\/\/yoast.com\/product\/yoast-seo-wordpress\/ -->\n<title>Interam\u00e9rica celebra el \u2018D\u00eda de los Laicos\u2019 en todo su territorio el 4 de septiembre - Iglesia Adventista del S\u00e9ptimo D\u00eda - Divisi\u00f3n Interamericana<\/title>\n<meta name=\"robots\" content=\"index, follow, max-snippet:-1, max-image-preview:large, max-video-preview:-1\" \/>\n<link rel=\"canonical\" href=\"https:\/\/interamerica.org\/es\/2021\/08\/interamerica-celebra-el-dia-de-los-laicos-en-todo-su-territorio-el-4-de-septiembre\/\" \/>\n<meta property=\"og:locale\" content=\"es_ES\" \/>\n<meta property=\"og:type\" content=\"article\" \/>\n<meta property=\"og:title\" content=\"Interam\u00e9rica celebra el \u2018D\u00eda de los Laicos\u2019 en todo su territorio el 4 de septiembre - Iglesia Adventista del S\u00e9ptimo D\u00eda - Divisi\u00f3n Interamericana\" \/>\n<meta property=\"og:description\" content=\"27 de agosto de 2021 | Miami, Florida, Estados Unidos | Libna Stevens, Noticias de la Divisi\u00f3n Interamericana La Iglesia Adventista del S\u00e9ptimo D\u00eda en Interam\u00e9rica se apresta a celebrar...\" \/>\n<meta property=\"og:url\" content=\"https:\/\/interamerica.org\/es\/2021\/08\/interamerica-celebra-el-dia-de-los-laicos-en-todo-su-territorio-el-4-de-septiembre\/\" \/>\n<meta property=\"og:site_name\" content=\"Iglesia Adventista del S\u00e9ptimo D\u00eda - Divisi\u00f3n Interamericana\" \/>\n<meta property=\"article:published_time\" content=\"2021-08-27T12:30:35+00:00\" \/>\n<meta property=\"article:modified_time\" content=\"2021-08-27T12:51:28+00:00\" \/>\n<meta property=\"og:image\" content=\"https:\/\/interamerica.org\/wp-content\/uploads\/2021\/08\/day-of-laity-2021-1280.jpg\" \/>\n\t<meta property=\"og:image:width\" content=\"1280\" \/>\n\t<meta property=\"og:image:height\" content=\"800\" \/>\n\t<meta property=\"og:image:type\" content=\"image\/jpeg\" \/>\n<meta name=\"author\" content=\"libna\" \/>\n<meta name=\"twitter:card\" content=\"summary_large_image\" \/>\n<meta name=\"twitter:label1\" content=\"Escrito por\" \/>\n\t<meta name=\"twitter:data1\" content=\"libna\" \/>\n\t<meta name=\"twitter:label2\" content=\"Tiempo de lectura\" \/>\n\t<meta name=\"twitter:data2\" content=\"3 minutos\" \/>\n<script type=\"application\/ld+json\" class=\"yoast-schema-graph\">{\"@context\":\"https:\\\/\\\/schema.org\",\"@graph\":[{\"@type\":\"Article\",\"@id\":\"https:\\\/\\\/interamerica.org\\\/es\\\/2021\\\/08\\\/interamerica-celebra-el-dia-de-los-laicos-en-todo-su-territorio-el-4-de-septiembre\\\/#article\",\"isPartOf\":{\"@id\":\"https:\\\/\\\/interamerica.org\\\/es\\\/2021\\\/08\\\/interamerica-celebra-el-dia-de-los-laicos-en-todo-su-territorio-el-4-de-septiembre\\\/\"},\"author\":{\"name\":\"libna\",\"@id\":\"https:\\\/\\\/interamerica.org\\\/es\\\/#\\\/schema\\\/person\\\/29998f2bc2d8bd0d38662909289b54f1\"},\"headline\":\"Interam\u00e9rica celebra el \u2018D\u00eda de los Laicos\u2019 en todo su territorio el 4 de septiembre\",\"datePublished\":\"2021-08-27T12:30:35+00:00\",\"dateModified\":\"2021-08-27T12:51:28+00:00\",\"mainEntityOfPage\":{\"@id\":\"https:\\\/\\\/interamerica.org\\\/es\\\/2021\\\/08\\\/interamerica-celebra-el-dia-de-los-laicos-en-todo-su-territorio-el-4-de-septiembre\\\/\"},\"wordCount\":586,\"image\":{\"@id\":\"https:\\\/\\\/interamerica.org\\\/es\\\/2021\\\/08\\\/interamerica-celebra-el-dia-de-los-laicos-en-todo-su-territorio-el-4-de-septiembre\\\/#primaryimage\"},\"thumbnailUrl\":\"https:\\\/\\\/interamerica.org\\\/wp-content\\\/uploads\\\/2021\\\/08\\\/day-of-laity-2021-1280.jpg\",\"articleSection\":[\"Desde la iglesia mundial\",\"RSS Espa\u00f1ol\"],\"inLanguage\":\"es\"},{\"@type\":\"WebPage\",\"@id\":\"https:\\\/\\\/interamerica.org\\\/es\\\/2021\\\/08\\\/interamerica-celebra-el-dia-de-los-laicos-en-todo-su-territorio-el-4-de-septiembre\\\/\",\"url\":\"https:\\\/\\\/interamerica.org\\\/es\\\/2021\\\/08\\\/interamerica-celebra-el-dia-de-los-laicos-en-todo-su-territorio-el-4-de-septiembre\\\/\",\"name\":\"Interam\u00e9rica celebra el \u2018D\u00eda de los Laicos\u2019 en todo su territorio el 4 de septiembre - Iglesia Adventista del S\u00e9ptimo D\u00eda - Divisi\u00f3n Interamericana\",\"isPartOf\":{\"@id\":\"https:\\\/\\\/interamerica.org\\\/es\\\/#website\"},\"primaryImageOfPage\":{\"@id\":\"https:\\\/\\\/interamerica.org\\\/es\\\/2021\\\/08\\\/interamerica-celebra-el-dia-de-los-laicos-en-todo-su-territorio-el-4-de-septiembre\\\/#primaryimage\"},\"image\":{\"@id\":\"https:\\\/\\\/interamerica.org\\\/es\\\/2021\\\/08\\\/interamerica-celebra-el-dia-de-los-laicos-en-todo-su-territorio-el-4-de-septiembre\\\/#primaryimage\"},\"thumbnailUrl\":\"https:\\\/\\\/interamerica.org\\\/wp-content\\\/uploads\\\/2021\\\/08\\\/day-of-laity-2021-1280.jpg\",\"datePublished\":\"2021-08-27T12:30:35+00:00\",\"dateModified\":\"2021-08-27T12:51:28+00:00\",\"author\":{\"@id\":\"https:\\\/\\\/interamerica.org\\\/es\\\/#\\\/schema\\\/person\\\/29998f2bc2d8bd0d38662909289b54f1\"},\"breadcrumb\":{\"@id\":\"https:\\\/\\\/interamerica.org\\\/es\\\/2021\\\/08\\\/interamerica-celebra-el-dia-de-los-laicos-en-todo-su-territorio-el-4-de-septiembre\\\/#breadcrumb\"},\"inLanguage\":\"es\",\"potentialAction\":[{\"@type\":\"ReadAction\",\"target\":[\"https:\\\/\\\/interamerica.org\\\/es\\\/2021\\\/08\\\/interamerica-celebra-el-dia-de-los-laicos-en-todo-su-territorio-el-4-de-septiembre\\\/\"]}]},{\"@type\":\"ImageObject\",\"inLanguage\":\"es\",\"@id\":\"https:\\\/\\\/interamerica.org\\\/es\\\/2021\\\/08\\\/interamerica-celebra-el-dia-de-los-laicos-en-todo-su-territorio-el-4-de-septiembre\\\/#primaryimage\",\"url\":\"https:\\\/\\\/interamerica.org\\\/wp-content\\\/uploads\\\/2021\\\/08\\\/day-of-laity-2021-1280.jpg\",\"contentUrl\":\"https:\\\/\\\/interamerica.org\\\/wp-content\\\/uploads\\\/2021\\\/08\\\/day-of-laity-2021-1280.jpg\",\"width\":1280,\"height\":800},{\"@type\":\"BreadcrumbList\",\"@id\":\"https:\\\/\\\/interamerica.org\\\/es\\\/2021\\\/08\\\/interamerica-celebra-el-dia-de-los-laicos-en-todo-su-territorio-el-4-de-septiembre\\\/#breadcrumb\",\"itemListElement\":[{\"@type\":\"ListItem\",\"position\":1,\"name\":\"Home\",\"item\":\"https:\\\/\\\/interamerica.org\\\/es\\\/\"},{\"@type\":\"ListItem\",\"position\":2,\"name\":\"Interam\u00e9rica celebra el \u2018D\u00eda de los Laicos\u2019 en todo su territorio el 4 de septiembre\"}]},{\"@type\":\"WebSite\",\"@id\":\"https:\\\/\\\/interamerica.org\\\/es\\\/#website\",\"url\":\"https:\\\/\\\/interamerica.org\\\/es\\\/\",\"name\":\"Iglesia Adventista del S\u00e9ptimo D\u00eda - Divisi\u00f3n Interamericana\",\"description\":\"\",\"potentialAction\":[{\"@type\":\"SearchAction\",\"target\":{\"@type\":\"EntryPoint\",\"urlTemplate\":\"https:\\\/\\\/interamerica.org\\\/es\\\/?s={search_term_string}\"},\"query-input\":{\"@type\":\"PropertyValueSpecification\",\"valueRequired\":true,\"valueName\":\"search_term_string\"}}],\"inLanguage\":\"es\"},{\"@type\":\"Person\",\"@id\":\"https:\\\/\\\/interamerica.org\\\/es\\\/#\\\/schema\\\/person\\\/29998f2bc2d8bd0d38662909289b54f1\",\"name\":\"libna\",\"image\":{\"@type\":\"ImageObject\",\"inLanguage\":\"es\",\"@id\":\"https:\\\/\\\/secure.gravatar.com\\\/avatar\\\/7c5bd30ae4b47a9ba3c856590957fd1d96dc588bf3ac05719d247e126840331f?s=96&d=mm&r=g\",\"url\":\"https:\\\/\\\/secure.gravatar.com\\\/avatar\\\/7c5bd30ae4b47a9ba3c856590957fd1d96dc588bf3ac05719d247e126840331f?s=96&d=mm&r=g\",\"contentUrl\":\"https:\\\/\\\/secure.gravatar.com\\\/avatar\\\/7c5bd30ae4b47a9ba3c856590957fd1d96dc588bf3ac05719d247e126840331f?s=96&d=mm&r=g\",\"caption\":\"libna\"}}]}<\/script>\n<!-- \/ Yoast SEO plugin. -->","yoast_head_json":{"title":"Interam\u00e9rica celebra el \u2018D\u00eda de los Laicos\u2019 en todo su territorio el 4 de septiembre - Iglesia Adventista del S\u00e9ptimo D\u00eda - Divisi\u00f3n Interamericana","robots":{"index":"index","follow":"follow","max-snippet":"max-snippet:-1","max-image-preview":"max-image-preview:large","max-video-preview":"max-video-preview:-1"},"canonical":"https:\/\/interamerica.org\/es\/2021\/08\/interamerica-celebra-el-dia-de-los-laicos-en-todo-su-territorio-el-4-de-septiembre\/","og_locale":"es_ES","og_type":"article","og_title":"Interam\u00e9rica celebra el \u2018D\u00eda de los Laicos\u2019 en todo su territorio el 4 de septiembre - Iglesia Adventista del S\u00e9ptimo D\u00eda - Divisi\u00f3n Interamericana","og_description":"27 de agosto de 2021 | Miami, Florida, Estados Unidos | Libna Stevens, Noticias de la Divisi\u00f3n Interamericana La Iglesia Adventista del S\u00e9ptimo D\u00eda en Interam\u00e9rica se apresta a celebrar...","og_url":"https:\/\/interamerica.org\/es\/2021\/08\/interamerica-celebra-el-dia-de-los-laicos-en-todo-su-territorio-el-4-de-septiembre\/","og_site_name":"Iglesia Adventista del S\u00e9ptimo D\u00eda - Divisi\u00f3n Interamericana","article_published_time":"2021-08-27T12:30:35+00:00","article_modified_time":"2021-08-27T12:51:28+00:00","og_image":[{"width":1280,"height":800,"url":"https:\/\/interamerica.org\/wp-content\/uploads\/2021\/08\/day-of-laity-2021-1280.jpg","type":"image\/jpeg"}],"author":"libna","twitter_card":"summary_large_image","twitter_misc":{"Escrito por":"libna","Tiempo de lectura":"3 minutos"},"schema":{"@context":"https:\/\/schema.org","@graph":[{"@type":"Article","@id":"https:\/\/interamerica.org\/es\/2021\/08\/interamerica-celebra-el-dia-de-los-laicos-en-todo-su-territorio-el-4-de-septiembre\/#article","isPartOf":{"@id":"https:\/\/interamerica.org\/es\/2021\/08\/interamerica-celebra-el-dia-de-los-laicos-en-todo-su-territorio-el-4-de-septiembre\/"},"author":{"name":"libna","@id":"https:\/\/interamerica.org\/es\/#\/schema\/person\/29998f2bc2d8bd0d38662909289b54f1"},"headline":"Interam\u00e9rica celebra el \u2018D\u00eda de los Laicos\u2019 en todo su territorio el 4 de septiembre","datePublished":"2021-08-27T12:30:35+00:00","dateModified":"2021-08-27T12:51:28+00:00","mainEntityOfPage":{"@id":"https:\/\/interamerica.org\/es\/2021\/08\/interamerica-celebra-el-dia-de-los-laicos-en-todo-su-territorio-el-4-de-septiembre\/"},"wordCount":586,"image":{"@id":"https:\/\/interamerica.org\/es\/2021\/08\/interamerica-celebra-el-dia-de-los-laicos-en-todo-su-territorio-el-4-de-septiembre\/#primaryimage"},"thumbnailUrl":"https:\/\/interamerica.org\/wp-content\/uploads\/2021\/08\/day-of-laity-2021-1280.jpg","articleSection":["Desde la iglesia mundial","RSS Espa\u00f1ol"],"inLanguage":"es"},{"@type":"WebPage","@id":"https:\/\/interamerica.org\/es\/2021\/08\/interamerica-celebra-el-dia-de-los-laicos-en-todo-su-territorio-el-4-de-septiembre\/","url":"https:\/\/interamerica.org\/es\/2021\/08\/interamerica-celebra-el-dia-de-los-laicos-en-todo-su-territorio-el-4-de-septiembre\/","name":"Interam\u00e9rica celebra el \u2018D\u00eda de los Laicos\u2019 en todo su territorio el 4 de septiembre - Iglesia Adventista del S\u00e9ptimo D\u00eda - Divisi\u00f3n Interamericana","isPartOf":{"@id":"https:\/\/interamerica.org\/es\/#website"},"primaryImageOfPage":{"@id":"https:\/\/interamerica.org\/es\/2021\/08\/interamerica-celebra-el-dia-de-los-laicos-en-todo-su-territorio-el-4-de-septiembre\/#primaryimage"},"image":{"@id":"https:\/\/interamerica.org\/es\/2021\/08\/interamerica-celebra-el-dia-de-los-laicos-en-todo-su-territorio-el-4-de-septiembre\/#primaryimage"},"thumbnailUrl":"https:\/\/interamerica.org\/wp-content\/uploads\/2021\/08\/day-of-laity-2021-1280.jpg","datePublished":"2021-08-27T12:30:35+00:00","dateModified":"2021-08-27T12:51:28+00:00","author":{"@id":"https:\/\/interamerica.org\/es\/#\/schema\/person\/29998f2bc2d8bd0d38662909289b54f1"},"breadcrumb":{"@id":"https:\/\/interamerica.org\/es\/2021\/08\/interamerica-celebra-el-dia-de-los-laicos-en-todo-su-territorio-el-4-de-septiembre\/#breadcrumb"},"inLanguage":"es","potentialAction":[{"@type":"ReadAction","target":["https:\/\/interamerica.org\/es\/2021\/08\/interamerica-celebra-el-dia-de-los-laicos-en-todo-su-territorio-el-4-de-septiembre\/"]}]},{"@type":"ImageObject","inLanguage":"es","@id":"https:\/\/interamerica.org\/es\/2021\/08\/interamerica-celebra-el-dia-de-los-laicos-en-todo-su-territorio-el-4-de-septiembre\/#primaryimage","url":"https:\/\/interamerica.org\/wp-content\/uploads\/2021\/08\/day-of-laity-2021-1280.jpg","contentUrl":"https:\/\/interamerica.org\/wp-content\/uploads\/2021\/08\/day-of-laity-2021-1280.jpg","width":1280,"height":800},{"@type":"BreadcrumbList","@id":"https:\/\/interamerica.org\/es\/2021\/08\/interamerica-celebra-el-dia-de-los-laicos-en-todo-su-territorio-el-4-de-septiembre\/#breadcrumb","itemListElement":[{"@type":"ListItem","position":1,"name":"Home","item":"https:\/\/interamerica.org\/es\/"},{"@type":"ListItem","position":2,"name":"Interam\u00e9rica celebra el \u2018D\u00eda de los Laicos\u2019 en todo su territorio el 4 de septiembre"}]},{"@type":"WebSite","@id":"https:\/\/interamerica.org\/es\/#website","url":"https:\/\/interamerica.org\/es\/","name":"Iglesia Adventista del S\u00e9ptimo D\u00eda - Divisi\u00f3n Interamericana","description":"","potentialAction":[{"@type":"SearchAction","target":{"@type":"EntryPoint","urlTemplate":"https:\/\/interamerica.org\/es\/?s={search_term_string}"},"query-input":{"@type":"PropertyValueSpecification","valueRequired":true,"valueName":"search_term_string"}}],"inLanguage":"es"},{"@type":"Person","@id":"https:\/\/interamerica.org\/es\/#\/schema\/person\/29998f2bc2d8bd0d38662909289b54f1","name":"libna","image":{"@type":"ImageObject","inLanguage":"es","@id":"https:\/\/secure.gravatar.com\/avatar\/7c5bd30ae4b47a9ba3c856590957fd1d96dc588bf3ac05719d247e126840331f?s=96&d=mm&r=g","url":"https:\/\/secure.gravatar.com\/avatar\/7c5bd30ae4b47a9ba3c856590957fd1d96dc588bf3ac05719d247e126840331f?s=96&d=mm&r=g","contentUrl":"https:\/\/secure.gravatar.com\/avatar\/7c5bd30ae4b47a9ba3c856590957fd1d96dc588bf3ac05719d247e126840331f?s=96&d=mm&r=g","caption":"libna"}}]}},"_links":{"self":[{"href":"https:\/\/interamerica.org\/es\/wp-json\/wp\/v2\/posts\/75204","targetHints":{"allow":["GET"]}}],"collection":[{"href":"https:\/\/interamerica.org\/es\/wp-json\/wp\/v2\/posts"}],"about":[{"href":"https:\/\/interamerica.org\/es\/wp-json\/wp\/v2\/types\/post"}],"author":[{"embeddable":true,"href":"https:\/\/interamerica.org\/es\/wp-json\/wp\/v2\/users\/3"}],"replies":[{"embeddable":true,"href":"https:\/\/interamerica.org\/es\/wp-json\/wp\/v2\/comments?post=75204"}],"version-history":[{"count":0,"href":"https:\/\/interamerica.org\/es\/wp-json\/wp\/v2\/posts\/75204\/revisions"}],"wp:featuredmedia":[{"embeddable":true,"href":"https:\/\/interamerica.org\/es\/wp-json\/wp\/v2\/media\/75167"}],"wp:attachment":[{"href":"https:\/\/interamerica.org\/es\/wp-json\/wp\/v2\/media?parent=75204"}],"wp:term":[{"taxonomy":"category","embeddable":true,"href":"https:\/\/interamerica.org\/es\/wp-json\/wp\/v2\/categories?post=75204"},{"taxonomy":"post_tag","embeddable":true,"href":"https:\/\/interamerica.org\/es\/wp-json\/wp\/v2\/tags?post=75204"}],"curies":[{"name":"wp","href":"https:\/\/api.w.org\/{rel}","templated":true}]}}