{"id":76061,"date":"2021-09-22T19:06:11","date_gmt":"2021-09-22T23:06:11","guid":{"rendered":"https:\/\/recursing-golick.147-182-135-0.plesk.page\/?p=76061"},"modified":"2021-09-24T13:34:08","modified_gmt":"2021-09-24T17:34:08","slug":"la-universidad-de-walla-walla-seleccionada-por-la-fuerza-aerea-de-los-estados-unidos-ofrece-academia-de-vuelo","status":"publish","type":"post","link":"https:\/\/interamerica.org\/es\/2021\/09\/la-universidad-de-walla-walla-seleccionada-por-la-fuerza-aerea-de-los-estados-unidos-ofrece-academia-de-vuelo\/","title":{"rendered":"La Universidad de Walla Walla, seleccionada por la Fuerza A\u00e9rea de los Estados Unidos, ofrece academia de vuelo"},"content":{"rendered":"<h4 class=\"subtitle\">Escuela adventista es una de 22 instituciones del pa\u00eds seleccionadas para esta iniciativa.<\/h4>\n<p><span class=\"byline-news\">22 de septiembre de 2021 | Washington, Estados Unidos | Por: Brooke Sample, Noticias de la Universidad de Walla Walla<\/span><\/p>\n<p><span class=\"cap\">Durante el verano de 2021, la Universidad de Walla Walla alberg\u00f3 a estudiantes del programa de vuelo del Cuerpo de Entrenamiento de Oficiales de Reserva (ROTC) por medio de la Fuerza A\u00e9rea de los Estados Unidos (USAF).<\/span><\/p>\n<p>Antes de la pandemia del COVID-19, la Fuerza A\u00e9rea de los Estados Unidos se comunic\u00f3 con Matthew Toelke, director del <a href=\"http:\/\/www.wallawalla.edu\/aviation\" target=\"_blank\" rel=\"noopener\">programa de aviaci\u00f3n de la Universidad de Walla Walla <\/a>y profesor asistente de tecnolog\u00eda, para preguntar si la universidad considerar\u00eda ser sede de alrededor de una decena de estudiantes que reci\u00e9n terminaron la escuela secundaria y que hab\u00edan seleccionados para un programa especial de la Academia de Vuelo.<\/p>\n<p>\u201cLa Fuerza A\u00e9rea de los Estados Unidos financi\u00f3 totalmente a los estudiantes, lo que incluy\u00f3 la cobertura de viajes comerciales desde y hacia Washington\u201d, dijo Linda Felipez, directora del departamento y profesora de tecnolog\u00eda de la Universidad de Walla Walla. \u201c[Somos] uno de 22 colegios superiores y universidades del pa\u00eds que ha recibido estudiantes\u201d. Los cadetes se alojaron en las residencias estudiantiles Foreman y Conard de la Universidad de Walla Walla durante ocho semanas, y comieron en el comedor estudiantil del campus.<\/p>\n<p><div id=\"attachment_76050\" style=\"width: 814px\" class=\"wp-caption aligncenter\"><img fetchpriority=\"high\" decoding=\"async\" aria-describedby=\"caption-attachment-76050\" class=\" wp-image-76050\" src=\"https:\/\/recursing-golick.147-182-135-0.plesk.page\/wp-content\/uploads\/2021\/09\/walla-walla-flight-school.jpg\" alt=\"\" width=\"804\" height=\"459\" srcset=\"https:\/\/interamerica.org\/wp-content\/uploads\/2021\/09\/walla-walla-flight-school.jpg 1000w, https:\/\/interamerica.org\/wp-content\/uploads\/2021\/09\/walla-walla-flight-school-300x171.jpg 300w, https:\/\/interamerica.org\/wp-content\/uploads\/2021\/09\/walla-walla-flight-school-768x439.jpg 768w\" sizes=\"(max-width: 804px) 100vw, 804px\" \/><p id=\"caption-attachment-76050\" class=\"wp-caption-text\">El personal docente, no docente y estudiantes calificados del departamento de tecnolog\u00eda de la Universidad de Walla Walla trabajaron como profesores, instructores de vuelo certificados y chaperones para los cadetes del programa la Fuerza A\u00e9rea de los Estados Unidos en 2021. [Fotograf\u00eda: Universidad de Walla Walla]<\/p><\/div>Durante el tiempo que pasaron en el campus, los estudiantes visitantes estudiaron sobre vuelo y aviaci\u00f3n general en el Centro de Vuelo y Tecnolog\u00eda, y en el Centro Tecnol\u00f3gico Canaday de la Universidad de Walla Walla. El entrenamiento y las clases que recibieron sirvieron como fundamento para preparar a los estudiantes para que aprueben con \u00e9xito el examen necesario para obtener su licencia de piloto privado.<\/p>\n<p>Kaleb Runyon, un estudiante de Idaho, dijo que planea usar la capacitaci\u00f3n que recibi\u00f3 para aventajarse en su preparaci\u00f3n antes de llevar a cabo el programa de capacitaci\u00f3n de vuelo de la Fuerza A\u00e9rea de los Estados Unidos. \u201cRecib\u00ed un lugar como piloto [en el programa de entrenamiento de vuelo de las Fuerzas A\u00e9reas de los Estados Unidos] en junio pasado, por lo que espero que esta experiencia me ayude a avanzar un poco m\u00e1s, de manera que pueda llegar a rangos m\u00e1s altos y abrirme paso para [llegar a ser] un piloto de combate\u201d, dijo Runyon. Otro estudiante, que no quiso ser identificado, habl\u00f3 en muy buenos t\u00e9rminos de su experiencia. \u201cMi parte favorita del programa fue que pudimos volar todos los d\u00edas [y adquirimos] mucha experiencia volando a m\u00faltiples aeropuertos\u201d.<\/p>\n<p>El personal docente, no docente y estudiantes calificados del departamento de tecnolog\u00eda trabajaron como profesores, instructores de vuelo certificados y chaperones. \u201cEnse\u00f1ar esta clase fue mi proyecto del \u00faltimo a\u00f1o, y me entusiasm\u00f3 mucho trabajar con la universidad y el programa de ingresantes al ROTC\u201d, dijo Lydia Krueger, que es administradora de aviaci\u00f3n.<\/p>\n<p>Felipez dijo que dos de los principales objetivos del programa de la Fuerza A\u00e9rea de los Estados Unidos que alberg\u00f3 la Universidad de Walla Walla es incrementar el inter\u00e9s general en la aviaci\u00f3n y en la Fuerza A\u00e9rea, y brindar tanto a las mujeres como a los estudiantes de las minor\u00edas una oportunidad de explorar la aviaci\u00f3n como carrera.<\/p>\n<p><em>La <\/em><a href=\"https:\/\/nwadventists.com\/news\/2021\/08\/wwu-selected-us-air-force-hosts-flight-academy?ct=t(NWAdventists_20210916)&amp;mc_cid=0dfd6f17e3&amp;mc_eid=a3c43decc6\" target=\"_blank\" rel=\"noopener\"><em>versi\u00f3n original<\/em><\/a><em> de esta noticia fue publicada por la revista <\/em><a href=\"https:\/\/www.nwadventists.com\/news\" target=\"_blank\" rel=\"noopener\"><em>Gleaner<\/em>de la Uni\u00f3n Asociaci\u00f3n del Pac\u00edfico Norte <\/a><em>.<\/em><\/p>\n<p>Traducci\u00f3n de Marcos Paseggi<\/p>\n","protected":false},"excerpt":{"rendered":"<p>Escuela adventista es una de 22 instituciones del pa\u00eds seleccionadas para esta iniciativa. 22 de septiembre de 2021 | Washington, Estados Unidos | Por: Brooke Sample, Noticias de la Universidad&#8230;<\/p>\n","protected":false},"author":3,"featured_media":76059,"comment_status":"closed","ping_status":"closed","sticky":false,"template":"","format":"standard","meta":{"_acf_changed":false,"footnotes":""},"categories":[14,15],"tags":[],"class_list":["post-76061","post","type-post","status-publish","format-standard","has-post-thumbnail","hentry","category-de-la-iglesia-mundial","category-rss-espanol"],"acf":[],"yoast_head":"<!-- This site is optimized with the Yoast SEO plugin v27.3 - https:\/\/yoast.com\/product\/yoast-seo-wordpress\/ -->\n<title>La Universidad de Walla Walla, seleccionada por la Fuerza A\u00e9rea de los Estados Unidos, ofrece academia de vuelo - Iglesia Adventista del S\u00e9ptimo D\u00eda - Divisi\u00f3n Interamericana<\/title>\n<meta name=\"robots\" content=\"index, follow, max-snippet:-1, max-image-preview:large, max-video-preview:-1\" \/>\n<link rel=\"canonical\" href=\"https:\/\/interamerica.org\/es\/2021\/09\/la-universidad-de-walla-walla-seleccionada-por-la-fuerza-aerea-de-los-estados-unidos-ofrece-academia-de-vuelo\/\" \/>\n<meta property=\"og:locale\" content=\"es_ES\" \/>\n<meta property=\"og:type\" content=\"article\" \/>\n<meta property=\"og:title\" content=\"La Universidad de Walla Walla, seleccionada por la Fuerza A\u00e9rea de los Estados Unidos, ofrece academia de vuelo - Iglesia Adventista del S\u00e9ptimo D\u00eda - Divisi\u00f3n Interamericana\" \/>\n<meta property=\"og:description\" content=\"Escuela adventista es una de 22 instituciones del pa\u00eds seleccionadas para esta iniciativa. 22 de septiembre de 2021 | Washington, Estados Unidos | Por: Brooke Sample, Noticias de la Universidad...\" \/>\n<meta property=\"og:url\" content=\"https:\/\/interamerica.org\/es\/2021\/09\/la-universidad-de-walla-walla-seleccionada-por-la-fuerza-aerea-de-los-estados-unidos-ofrece-academia-de-vuelo\/\" \/>\n<meta property=\"og:site_name\" content=\"Iglesia Adventista del S\u00e9ptimo D\u00eda - Divisi\u00f3n Interamericana\" \/>\n<meta property=\"article:published_time\" content=\"2021-09-22T23:06:11+00:00\" \/>\n<meta property=\"article:modified_time\" content=\"2021-09-24T17:34:08+00:00\" \/>\n<meta property=\"og:image\" content=\"https:\/\/interamerica.org\/wp-content\/uploads\/2021\/09\/walla-walla-university-selected-by-us-air-force-hosts-flight-academy1-1280.jpg\" \/>\n\t<meta property=\"og:image:width\" content=\"1280\" \/>\n\t<meta property=\"og:image:height\" content=\"800\" \/>\n\t<meta property=\"og:image:type\" content=\"image\/jpeg\" \/>\n<meta name=\"author\" content=\"libna\" \/>\n<meta name=\"twitter:card\" content=\"summary_large_image\" \/>\n<meta name=\"twitter:label1\" content=\"Escrito por\" \/>\n\t<meta name=\"twitter:data1\" content=\"libna\" \/>\n\t<meta name=\"twitter:label2\" content=\"Tiempo de lectura\" \/>\n\t<meta name=\"twitter:data2\" content=\"3 minutos\" \/>\n<script type=\"application\/ld+json\" class=\"yoast-schema-graph\">{\"@context\":\"https:\\\/\\\/schema.org\",\"@graph\":[{\"@type\":\"Article\",\"@id\":\"https:\\\/\\\/interamerica.org\\\/es\\\/2021\\\/09\\\/la-universidad-de-walla-walla-seleccionada-por-la-fuerza-aerea-de-los-estados-unidos-ofrece-academia-de-vuelo\\\/#article\",\"isPartOf\":{\"@id\":\"https:\\\/\\\/interamerica.org\\\/es\\\/2021\\\/09\\\/la-universidad-de-walla-walla-seleccionada-por-la-fuerza-aerea-de-los-estados-unidos-ofrece-academia-de-vuelo\\\/\"},\"author\":{\"name\":\"libna\",\"@id\":\"https:\\\/\\\/interamerica.org\\\/es\\\/#\\\/schema\\\/person\\\/29998f2bc2d8bd0d38662909289b54f1\"},\"headline\":\"La Universidad de Walla Walla, seleccionada por la Fuerza A\u00e9rea de los Estados Unidos, ofrece academia de vuelo\",\"datePublished\":\"2021-09-22T23:06:11+00:00\",\"dateModified\":\"2021-09-24T17:34:08+00:00\",\"mainEntityOfPage\":{\"@id\":\"https:\\\/\\\/interamerica.org\\\/es\\\/2021\\\/09\\\/la-universidad-de-walla-walla-seleccionada-por-la-fuerza-aerea-de-los-estados-unidos-ofrece-academia-de-vuelo\\\/\"},\"wordCount\":658,\"image\":{\"@id\":\"https:\\\/\\\/interamerica.org\\\/es\\\/2021\\\/09\\\/la-universidad-de-walla-walla-seleccionada-por-la-fuerza-aerea-de-los-estados-unidos-ofrece-academia-de-vuelo\\\/#primaryimage\"},\"thumbnailUrl\":\"https:\\\/\\\/interamerica.org\\\/wp-content\\\/uploads\\\/2021\\\/09\\\/walla-walla-university-selected-by-us-air-force-hosts-flight-academy1-1280.jpg\",\"articleSection\":[\"Desde la iglesia mundial\",\"RSS Espa\u00f1ol\"],\"inLanguage\":\"es\"},{\"@type\":\"WebPage\",\"@id\":\"https:\\\/\\\/interamerica.org\\\/es\\\/2021\\\/09\\\/la-universidad-de-walla-walla-seleccionada-por-la-fuerza-aerea-de-los-estados-unidos-ofrece-academia-de-vuelo\\\/\",\"url\":\"https:\\\/\\\/interamerica.org\\\/es\\\/2021\\\/09\\\/la-universidad-de-walla-walla-seleccionada-por-la-fuerza-aerea-de-los-estados-unidos-ofrece-academia-de-vuelo\\\/\",\"name\":\"La Universidad de Walla Walla, seleccionada por la Fuerza A\u00e9rea de los Estados Unidos, ofrece academia de vuelo - Iglesia Adventista del S\u00e9ptimo D\u00eda - Divisi\u00f3n Interamericana\",\"isPartOf\":{\"@id\":\"https:\\\/\\\/interamerica.org\\\/es\\\/#website\"},\"primaryImageOfPage\":{\"@id\":\"https:\\\/\\\/interamerica.org\\\/es\\\/2021\\\/09\\\/la-universidad-de-walla-walla-seleccionada-por-la-fuerza-aerea-de-los-estados-unidos-ofrece-academia-de-vuelo\\\/#primaryimage\"},\"image\":{\"@id\":\"https:\\\/\\\/interamerica.org\\\/es\\\/2021\\\/09\\\/la-universidad-de-walla-walla-seleccionada-por-la-fuerza-aerea-de-los-estados-unidos-ofrece-academia-de-vuelo\\\/#primaryimage\"},\"thumbnailUrl\":\"https:\\\/\\\/interamerica.org\\\/wp-content\\\/uploads\\\/2021\\\/09\\\/walla-walla-university-selected-by-us-air-force-hosts-flight-academy1-1280.jpg\",\"datePublished\":\"2021-09-22T23:06:11+00:00\",\"dateModified\":\"2021-09-24T17:34:08+00:00\",\"author\":{\"@id\":\"https:\\\/\\\/interamerica.org\\\/es\\\/#\\\/schema\\\/person\\\/29998f2bc2d8bd0d38662909289b54f1\"},\"breadcrumb\":{\"@id\":\"https:\\\/\\\/interamerica.org\\\/es\\\/2021\\\/09\\\/la-universidad-de-walla-walla-seleccionada-por-la-fuerza-aerea-de-los-estados-unidos-ofrece-academia-de-vuelo\\\/#breadcrumb\"},\"inLanguage\":\"es\",\"potentialAction\":[{\"@type\":\"ReadAction\",\"target\":[\"https:\\\/\\\/interamerica.org\\\/es\\\/2021\\\/09\\\/la-universidad-de-walla-walla-seleccionada-por-la-fuerza-aerea-de-los-estados-unidos-ofrece-academia-de-vuelo\\\/\"]}]},{\"@type\":\"ImageObject\",\"inLanguage\":\"es\",\"@id\":\"https:\\\/\\\/interamerica.org\\\/es\\\/2021\\\/09\\\/la-universidad-de-walla-walla-seleccionada-por-la-fuerza-aerea-de-los-estados-unidos-ofrece-academia-de-vuelo\\\/#primaryimage\",\"url\":\"https:\\\/\\\/interamerica.org\\\/wp-content\\\/uploads\\\/2021\\\/09\\\/walla-walla-university-selected-by-us-air-force-hosts-flight-academy1-1280.jpg\",\"contentUrl\":\"https:\\\/\\\/interamerica.org\\\/wp-content\\\/uploads\\\/2021\\\/09\\\/walla-walla-university-selected-by-us-air-force-hosts-flight-academy1-1280.jpg\",\"width\":1280,\"height\":800},{\"@type\":\"BreadcrumbList\",\"@id\":\"https:\\\/\\\/interamerica.org\\\/es\\\/2021\\\/09\\\/la-universidad-de-walla-walla-seleccionada-por-la-fuerza-aerea-de-los-estados-unidos-ofrece-academia-de-vuelo\\\/#breadcrumb\",\"itemListElement\":[{\"@type\":\"ListItem\",\"position\":1,\"name\":\"Home\",\"item\":\"https:\\\/\\\/interamerica.org\\\/es\\\/\"},{\"@type\":\"ListItem\",\"position\":2,\"name\":\"La Universidad de Walla Walla, seleccionada por la Fuerza A\u00e9rea de los Estados Unidos, ofrece academia de vuelo\"}]},{\"@type\":\"WebSite\",\"@id\":\"https:\\\/\\\/interamerica.org\\\/es\\\/#website\",\"url\":\"https:\\\/\\\/interamerica.org\\\/es\\\/\",\"name\":\"Iglesia Adventista del S\u00e9ptimo D\u00eda - Divisi\u00f3n Interamericana\",\"description\":\"\",\"potentialAction\":[{\"@type\":\"SearchAction\",\"target\":{\"@type\":\"EntryPoint\",\"urlTemplate\":\"https:\\\/\\\/interamerica.org\\\/es\\\/?s={search_term_string}\"},\"query-input\":{\"@type\":\"PropertyValueSpecification\",\"valueRequired\":true,\"valueName\":\"search_term_string\"}}],\"inLanguage\":\"es\"},{\"@type\":\"Person\",\"@id\":\"https:\\\/\\\/interamerica.org\\\/es\\\/#\\\/schema\\\/person\\\/29998f2bc2d8bd0d38662909289b54f1\",\"name\":\"libna\",\"image\":{\"@type\":\"ImageObject\",\"inLanguage\":\"es\",\"@id\":\"https:\\\/\\\/secure.gravatar.com\\\/avatar\\\/7c5bd30ae4b47a9ba3c856590957fd1d96dc588bf3ac05719d247e126840331f?s=96&d=mm&r=g\",\"url\":\"https:\\\/\\\/secure.gravatar.com\\\/avatar\\\/7c5bd30ae4b47a9ba3c856590957fd1d96dc588bf3ac05719d247e126840331f?s=96&d=mm&r=g\",\"contentUrl\":\"https:\\\/\\\/secure.gravatar.com\\\/avatar\\\/7c5bd30ae4b47a9ba3c856590957fd1d96dc588bf3ac05719d247e126840331f?s=96&d=mm&r=g\",\"caption\":\"libna\"}}]}<\/script>\n<!-- \/ Yoast SEO plugin. -->","yoast_head_json":{"title":"La Universidad de Walla Walla, seleccionada por la Fuerza A\u00e9rea de los Estados Unidos, ofrece academia de vuelo - Iglesia Adventista del S\u00e9ptimo D\u00eda - Divisi\u00f3n Interamericana","robots":{"index":"index","follow":"follow","max-snippet":"max-snippet:-1","max-image-preview":"max-image-preview:large","max-video-preview":"max-video-preview:-1"},"canonical":"https:\/\/interamerica.org\/es\/2021\/09\/la-universidad-de-walla-walla-seleccionada-por-la-fuerza-aerea-de-los-estados-unidos-ofrece-academia-de-vuelo\/","og_locale":"es_ES","og_type":"article","og_title":"La Universidad de Walla Walla, seleccionada por la Fuerza A\u00e9rea de los Estados Unidos, ofrece academia de vuelo - Iglesia Adventista del S\u00e9ptimo D\u00eda - Divisi\u00f3n Interamericana","og_description":"Escuela adventista es una de 22 instituciones del pa\u00eds seleccionadas para esta iniciativa. 22 de septiembre de 2021 | Washington, Estados Unidos | Por: Brooke Sample, Noticias de la Universidad...","og_url":"https:\/\/interamerica.org\/es\/2021\/09\/la-universidad-de-walla-walla-seleccionada-por-la-fuerza-aerea-de-los-estados-unidos-ofrece-academia-de-vuelo\/","og_site_name":"Iglesia Adventista del S\u00e9ptimo D\u00eda - Divisi\u00f3n Interamericana","article_published_time":"2021-09-22T23:06:11+00:00","article_modified_time":"2021-09-24T17:34:08+00:00","og_image":[{"width":1280,"height":800,"url":"https:\/\/interamerica.org\/wp-content\/uploads\/2021\/09\/walla-walla-university-selected-by-us-air-force-hosts-flight-academy1-1280.jpg","type":"image\/jpeg"}],"author":"libna","twitter_card":"summary_large_image","twitter_misc":{"Escrito por":"libna","Tiempo de lectura":"3 minutos"},"schema":{"@context":"https:\/\/schema.org","@graph":[{"@type":"Article","@id":"https:\/\/interamerica.org\/es\/2021\/09\/la-universidad-de-walla-walla-seleccionada-por-la-fuerza-aerea-de-los-estados-unidos-ofrece-academia-de-vuelo\/#article","isPartOf":{"@id":"https:\/\/interamerica.org\/es\/2021\/09\/la-universidad-de-walla-walla-seleccionada-por-la-fuerza-aerea-de-los-estados-unidos-ofrece-academia-de-vuelo\/"},"author":{"name":"libna","@id":"https:\/\/interamerica.org\/es\/#\/schema\/person\/29998f2bc2d8bd0d38662909289b54f1"},"headline":"La Universidad de Walla Walla, seleccionada por la Fuerza A\u00e9rea de los Estados Unidos, ofrece academia de vuelo","datePublished":"2021-09-22T23:06:11+00:00","dateModified":"2021-09-24T17:34:08+00:00","mainEntityOfPage":{"@id":"https:\/\/interamerica.org\/es\/2021\/09\/la-universidad-de-walla-walla-seleccionada-por-la-fuerza-aerea-de-los-estados-unidos-ofrece-academia-de-vuelo\/"},"wordCount":658,"image":{"@id":"https:\/\/interamerica.org\/es\/2021\/09\/la-universidad-de-walla-walla-seleccionada-por-la-fuerza-aerea-de-los-estados-unidos-ofrece-academia-de-vuelo\/#primaryimage"},"thumbnailUrl":"https:\/\/interamerica.org\/wp-content\/uploads\/2021\/09\/walla-walla-university-selected-by-us-air-force-hosts-flight-academy1-1280.jpg","articleSection":["Desde la iglesia mundial","RSS Espa\u00f1ol"],"inLanguage":"es"},{"@type":"WebPage","@id":"https:\/\/interamerica.org\/es\/2021\/09\/la-universidad-de-walla-walla-seleccionada-por-la-fuerza-aerea-de-los-estados-unidos-ofrece-academia-de-vuelo\/","url":"https:\/\/interamerica.org\/es\/2021\/09\/la-universidad-de-walla-walla-seleccionada-por-la-fuerza-aerea-de-los-estados-unidos-ofrece-academia-de-vuelo\/","name":"La Universidad de Walla Walla, seleccionada por la Fuerza A\u00e9rea de los Estados Unidos, ofrece academia de vuelo - Iglesia Adventista del S\u00e9ptimo D\u00eda - Divisi\u00f3n Interamericana","isPartOf":{"@id":"https:\/\/interamerica.org\/es\/#website"},"primaryImageOfPage":{"@id":"https:\/\/interamerica.org\/es\/2021\/09\/la-universidad-de-walla-walla-seleccionada-por-la-fuerza-aerea-de-los-estados-unidos-ofrece-academia-de-vuelo\/#primaryimage"},"image":{"@id":"https:\/\/interamerica.org\/es\/2021\/09\/la-universidad-de-walla-walla-seleccionada-por-la-fuerza-aerea-de-los-estados-unidos-ofrece-academia-de-vuelo\/#primaryimage"},"thumbnailUrl":"https:\/\/interamerica.org\/wp-content\/uploads\/2021\/09\/walla-walla-university-selected-by-us-air-force-hosts-flight-academy1-1280.jpg","datePublished":"2021-09-22T23:06:11+00:00","dateModified":"2021-09-24T17:34:08+00:00","author":{"@id":"https:\/\/interamerica.org\/es\/#\/schema\/person\/29998f2bc2d8bd0d38662909289b54f1"},"breadcrumb":{"@id":"https:\/\/interamerica.org\/es\/2021\/09\/la-universidad-de-walla-walla-seleccionada-por-la-fuerza-aerea-de-los-estados-unidos-ofrece-academia-de-vuelo\/#breadcrumb"},"inLanguage":"es","potentialAction":[{"@type":"ReadAction","target":["https:\/\/interamerica.org\/es\/2021\/09\/la-universidad-de-walla-walla-seleccionada-por-la-fuerza-aerea-de-los-estados-unidos-ofrece-academia-de-vuelo\/"]}]},{"@type":"ImageObject","inLanguage":"es","@id":"https:\/\/interamerica.org\/es\/2021\/09\/la-universidad-de-walla-walla-seleccionada-por-la-fuerza-aerea-de-los-estados-unidos-ofrece-academia-de-vuelo\/#primaryimage","url":"https:\/\/interamerica.org\/wp-content\/uploads\/2021\/09\/walla-walla-university-selected-by-us-air-force-hosts-flight-academy1-1280.jpg","contentUrl":"https:\/\/interamerica.org\/wp-content\/uploads\/2021\/09\/walla-walla-university-selected-by-us-air-force-hosts-flight-academy1-1280.jpg","width":1280,"height":800},{"@type":"BreadcrumbList","@id":"https:\/\/interamerica.org\/es\/2021\/09\/la-universidad-de-walla-walla-seleccionada-por-la-fuerza-aerea-de-los-estados-unidos-ofrece-academia-de-vuelo\/#breadcrumb","itemListElement":[{"@type":"ListItem","position":1,"name":"Home","item":"https:\/\/interamerica.org\/es\/"},{"@type":"ListItem","position":2,"name":"La Universidad de Walla Walla, seleccionada por la Fuerza A\u00e9rea de los Estados Unidos, ofrece academia de vuelo"}]},{"@type":"WebSite","@id":"https:\/\/interamerica.org\/es\/#website","url":"https:\/\/interamerica.org\/es\/","name":"Iglesia Adventista del S\u00e9ptimo D\u00eda - Divisi\u00f3n Interamericana","description":"","potentialAction":[{"@type":"SearchAction","target":{"@type":"EntryPoint","urlTemplate":"https:\/\/interamerica.org\/es\/?s={search_term_string}"},"query-input":{"@type":"PropertyValueSpecification","valueRequired":true,"valueName":"search_term_string"}}],"inLanguage":"es"},{"@type":"Person","@id":"https:\/\/interamerica.org\/es\/#\/schema\/person\/29998f2bc2d8bd0d38662909289b54f1","name":"libna","image":{"@type":"ImageObject","inLanguage":"es","@id":"https:\/\/secure.gravatar.com\/avatar\/7c5bd30ae4b47a9ba3c856590957fd1d96dc588bf3ac05719d247e126840331f?s=96&d=mm&r=g","url":"https:\/\/secure.gravatar.com\/avatar\/7c5bd30ae4b47a9ba3c856590957fd1d96dc588bf3ac05719d247e126840331f?s=96&d=mm&r=g","contentUrl":"https:\/\/secure.gravatar.com\/avatar\/7c5bd30ae4b47a9ba3c856590957fd1d96dc588bf3ac05719d247e126840331f?s=96&d=mm&r=g","caption":"libna"}}]}},"_links":{"self":[{"href":"https:\/\/interamerica.org\/es\/wp-json\/wp\/v2\/posts\/76061","targetHints":{"allow":["GET"]}}],"collection":[{"href":"https:\/\/interamerica.org\/es\/wp-json\/wp\/v2\/posts"}],"about":[{"href":"https:\/\/interamerica.org\/es\/wp-json\/wp\/v2\/types\/post"}],"author":[{"embeddable":true,"href":"https:\/\/interamerica.org\/es\/wp-json\/wp\/v2\/users\/3"}],"replies":[{"embeddable":true,"href":"https:\/\/interamerica.org\/es\/wp-json\/wp\/v2\/comments?post=76061"}],"version-history":[{"count":0,"href":"https:\/\/interamerica.org\/es\/wp-json\/wp\/v2\/posts\/76061\/revisions"}],"wp:featuredmedia":[{"embeddable":true,"href":"https:\/\/interamerica.org\/es\/wp-json\/wp\/v2\/media\/76059"}],"wp:attachment":[{"href":"https:\/\/interamerica.org\/es\/wp-json\/wp\/v2\/media?parent=76061"}],"wp:term":[{"taxonomy":"category","embeddable":true,"href":"https:\/\/interamerica.org\/es\/wp-json\/wp\/v2\/categories?post=76061"},{"taxonomy":"post_tag","embeddable":true,"href":"https:\/\/interamerica.org\/es\/wp-json\/wp\/v2\/tags?post=76061"}],"curies":[{"name":"wp","href":"https:\/\/api.w.org\/{rel}","templated":true}]}}