{"id":76413,"date":"2021-10-01T07:00:22","date_gmt":"2021-10-01T11:00:22","guid":{"rendered":"https:\/\/recursing-golick.147-182-135-0.plesk.page\/?p=76413"},"modified":"2021-10-03T17:07:00","modified_gmt":"2021-10-03T21:07:00","slug":"fin-de-semana-de-ministerios-a-campus-publicos-de-interamerica-se-enfocara-en-el-servicio-comunitario-practico","status":"publish","type":"post","link":"https:\/\/interamerica.org\/es\/2021\/10\/fin-de-semana-de-ministerios-a-campus-publicos-de-interamerica-se-enfocara-en-el-servicio-comunitario-practico\/","title":{"rendered":"Fin de Semana de Ministerios en Campus P\u00fablicos de Interam\u00e9rica se enfocar\u00e1 en el servicio comunitario pr\u00e1ctico"},"content":{"rendered":"<p>1 de octubre de 2021 | Miami, Florida, Estados Unidos | Libna Stevens, Noticias de la Divisi\u00f3n Interamericana<\/p>\n<p>La Iglesia Adventista del S\u00e9ptimo D\u00eda en toda la Divisi\u00f3n Interamericana movilizar\u00e1 a miles de sus estudiantes adventistas que cursan estudios en las universidades p\u00fablicas y a profesionales j\u00f3venes, durante un evento especial que ha sido denominado Fin de Semana de Ministerios en Campus P\u00fablicos, del 17 al 19 de octubre de 2021.<\/p>\n<p>El evento de ese fin de semana anual busca conectar e involucrar a los estudiantes, acad\u00e9micos y profesionales en la misi\u00f3n y el servicio en sus universidades, iglesias y comunidades. Es la primera vez que Ministerios en Campus P\u00fablicas organiza un evento conjunto de ese tipo en todo el mundo.<\/p>\n<p>El lema de este a\u00f1o, que se titula \u201cMuchas manos, una comunidad\u201d, ser\u00e1 testigo de la manera en que los estudiantes universitarios y profesionales se involucran en ejercer un impacto por medio de proyectos espec\u00edficos en sus campus y comunidades durante el fin de semana. El evento de tres d\u00edas de duraci\u00f3n brindar\u00e1 asimismo oportunidad de adoraci\u00f3n, presentaciones destacadas y oportunidades de conectarse entre s\u00ed para miles de personas en los campus de Interam\u00e9rica, dijeron los organizadores.<\/p>\n<p><div id=\"attachment_76270\" style=\"width: 874px\" class=\"wp-caption aligncenter\"><img fetchpriority=\"high\" decoding=\"async\" aria-describedby=\"caption-attachment-76270\" class=\" wp-image-76270\" src=\"https:\/\/recursing-golick.147-182-135-0.plesk.page\/wp-content\/uploads\/2021\/07\/banner-gpw-2021-1024x499.jpg\" alt=\"\" width=\"864\" height=\"421\" srcset=\"https:\/\/interamerica.org\/wp-content\/uploads\/2021\/07\/banner-gpw-2021-1024x499.jpg 1024w, https:\/\/interamerica.org\/wp-content\/uploads\/2021\/07\/banner-gpw-2021-300x146.jpg 300w, https:\/\/interamerica.org\/wp-content\/uploads\/2021\/07\/banner-gpw-2021-768x374.jpg 768w, https:\/\/interamerica.org\/wp-content\/uploads\/2021\/07\/banner-gpw-2021-1536x749.jpg 1536w, https:\/\/interamerica.org\/wp-content\/uploads\/2021\/07\/banner-gpw-2021.jpg 1600w\" sizes=\"(max-width: 864px) 100vw, 864px\" \/><p id=\"caption-attachment-76270\" class=\"wp-caption-text\">[Imagen: Ministerios en Campus P\u00fablicos de la Divisi\u00f3n Interamericana]<\/p><\/div>\u201cEstamos entusiasmados de ver que nuestro gran grupo de estudiantes universitarios y profesionales j\u00f3venes participan de este fin de semana especialmente dise\u00f1ado para ellos\u201d, dijo el pastor Hiram Ruiz, director de Ministerios en Campus P\u00fablicos de la Iglesia Adventista de Interam\u00e9rica. Todo es parte de la tarea de mantenerse cerca de estudiantes que est\u00e1n involucrados en marcar una diferencia en sus campus al vivir una vida que sigue el ejemplo de Cristo, dijo Ruiz. \u201cSiempre se les recuerda del papel importante que juegan al servir a la comunidad y compartir el evangelio all\u00ed donde se encuentran\u201d.<\/p>\n<p>El evento incluir\u00e1 m\u00fasica, testimonios, discusiones en mesas redondas, y el lanzamiento de nuevas iniciativas, durante una transmisi\u00f3n en vivo en l\u00ednea desde M\u00e9rida, Yucat\u00e1n, M\u00e9xico, el s\u00e1bado 16 de octubre de 2021, de 11:00 a 13:00 (Hora de Miami), y de 17:00 a 19:00 (Hora de Miami).<\/p>\n<p>Para ver el evento del Fin de Semana de Ministerios en Campus P\u00fablicos en Interam\u00e9rica en ingl\u00e9s, espa\u00f1ol y franc\u00e9s, ingrese a <a href=\"https:\/\/www.youtube.com\/c\/InterAmericanDivision\">webcast.interamerica.org<\/a><\/p>\n<p>Traducci\u00f3n de Marcos Paseggi<\/p>\n","protected":false},"excerpt":{"rendered":"<p>1 de octubre de 2021 | Miami, Florida, Estados Unidos | Libna Stevens, Noticias de la Divisi\u00f3n Interamericana La Iglesia Adventista del S\u00e9ptimo D\u00eda en toda la Divisi\u00f3n Interamericana movilizar\u00e1&#8230;<\/p>\n","protected":false},"author":3,"featured_media":76392,"comment_status":"closed","ping_status":"closed","sticky":false,"template":"","format":"standard","meta":{"_acf_changed":false,"footnotes":""},"categories":[14,16],"tags":[],"class_list":["post-76413","post","type-post","status-publish","format-standard","has-post-thumbnail","hentry","category-de-la-iglesia-mundial","category-desde-la-sede"],"acf":[],"yoast_head":"<!-- This site is optimized with the Yoast SEO plugin v27.3 - https:\/\/yoast.com\/product\/yoast-seo-wordpress\/ -->\n<title>Fin de Semana de Ministerios en Campus P\u00fablicos de Interam\u00e9rica se enfocar\u00e1 en el servicio comunitario pr\u00e1ctico - Iglesia Adventista del S\u00e9ptimo D\u00eda - Divisi\u00f3n Interamericana<\/title>\n<meta name=\"robots\" content=\"index, follow, max-snippet:-1, max-image-preview:large, max-video-preview:-1\" \/>\n<link rel=\"canonical\" href=\"https:\/\/interamerica.org\/es\/2021\/10\/fin-de-semana-de-ministerios-a-campus-publicos-de-interamerica-se-enfocara-en-el-servicio-comunitario-practico\/\" \/>\n<meta property=\"og:locale\" content=\"es_ES\" \/>\n<meta property=\"og:type\" content=\"article\" \/>\n<meta property=\"og:title\" content=\"Fin de Semana de Ministerios en Campus P\u00fablicos de Interam\u00e9rica se enfocar\u00e1 en el servicio comunitario pr\u00e1ctico - Iglesia Adventista del S\u00e9ptimo D\u00eda - Divisi\u00f3n Interamericana\" \/>\n<meta property=\"og:description\" content=\"1 de octubre de 2021 | Miami, Florida, Estados Unidos | Libna Stevens, Noticias de la Divisi\u00f3n Interamericana La Iglesia Adventista del S\u00e9ptimo D\u00eda en toda la Divisi\u00f3n Interamericana movilizar\u00e1...\" \/>\n<meta property=\"og:url\" content=\"https:\/\/interamerica.org\/es\/2021\/10\/fin-de-semana-de-ministerios-a-campus-publicos-de-interamerica-se-enfocara-en-el-servicio-comunitario-practico\/\" \/>\n<meta property=\"og:site_name\" content=\"Iglesia Adventista del S\u00e9ptimo D\u00eda - Divisi\u00f3n Interamericana\" \/>\n<meta property=\"article:published_time\" content=\"2021-10-01T11:00:22+00:00\" \/>\n<meta property=\"article:modified_time\" content=\"2021-10-03T21:07:00+00:00\" \/>\n<meta property=\"og:image\" content=\"https:\/\/interamerica.org\/wp-content\/uploads\/2021\/09\/group-three-university-students-176420-8284.jpg\" \/>\n\t<meta property=\"og:image:width\" content=\"1280\" \/>\n\t<meta property=\"og:image:height\" content=\"800\" \/>\n\t<meta property=\"og:image:type\" content=\"image\/jpeg\" \/>\n<meta name=\"author\" content=\"libna\" \/>\n<meta name=\"twitter:card\" content=\"summary_large_image\" \/>\n<meta name=\"twitter:label1\" content=\"Escrito por\" \/>\n\t<meta name=\"twitter:data1\" content=\"libna\" \/>\n\t<meta name=\"twitter:label2\" content=\"Tiempo de lectura\" \/>\n\t<meta name=\"twitter:data2\" content=\"2 minutos\" \/>\n<script type=\"application\/ld+json\" class=\"yoast-schema-graph\">{\"@context\":\"https:\\\/\\\/schema.org\",\"@graph\":[{\"@type\":\"Article\",\"@id\":\"https:\\\/\\\/interamerica.org\\\/es\\\/2021\\\/10\\\/fin-de-semana-de-ministerios-a-campus-publicos-de-interamerica-se-enfocara-en-el-servicio-comunitario-practico\\\/#article\",\"isPartOf\":{\"@id\":\"https:\\\/\\\/interamerica.org\\\/es\\\/2021\\\/10\\\/fin-de-semana-de-ministerios-a-campus-publicos-de-interamerica-se-enfocara-en-el-servicio-comunitario-practico\\\/\"},\"author\":{\"name\":\"libna\",\"@id\":\"https:\\\/\\\/interamerica.org\\\/es\\\/#\\\/schema\\\/person\\\/29998f2bc2d8bd0d38662909289b54f1\"},\"headline\":\"Fin de Semana de Ministerios en Campus P\u00fablicos de Interam\u00e9rica se enfocar\u00e1 en el servicio comunitario pr\u00e1ctico\",\"datePublished\":\"2021-10-01T11:00:22+00:00\",\"dateModified\":\"2021-10-03T21:07:00+00:00\",\"mainEntityOfPage\":{\"@id\":\"https:\\\/\\\/interamerica.org\\\/es\\\/2021\\\/10\\\/fin-de-semana-de-ministerios-a-campus-publicos-de-interamerica-se-enfocara-en-el-servicio-comunitario-practico\\\/\"},\"wordCount\":430,\"image\":{\"@id\":\"https:\\\/\\\/interamerica.org\\\/es\\\/2021\\\/10\\\/fin-de-semana-de-ministerios-a-campus-publicos-de-interamerica-se-enfocara-en-el-servicio-comunitario-practico\\\/#primaryimage\"},\"thumbnailUrl\":\"https:\\\/\\\/interamerica.org\\\/wp-content\\\/uploads\\\/2021\\\/09\\\/group-three-university-students-176420-8284.jpg\",\"articleSection\":[\"Desde la iglesia mundial\",\"Desde la sede\"],\"inLanguage\":\"es\"},{\"@type\":\"WebPage\",\"@id\":\"https:\\\/\\\/interamerica.org\\\/es\\\/2021\\\/10\\\/fin-de-semana-de-ministerios-a-campus-publicos-de-interamerica-se-enfocara-en-el-servicio-comunitario-practico\\\/\",\"url\":\"https:\\\/\\\/interamerica.org\\\/es\\\/2021\\\/10\\\/fin-de-semana-de-ministerios-a-campus-publicos-de-interamerica-se-enfocara-en-el-servicio-comunitario-practico\\\/\",\"name\":\"Fin de Semana de Ministerios en Campus P\u00fablicos de Interam\u00e9rica se enfocar\u00e1 en el servicio comunitario pr\u00e1ctico - Iglesia Adventista del S\u00e9ptimo D\u00eda - Divisi\u00f3n Interamericana\",\"isPartOf\":{\"@id\":\"https:\\\/\\\/interamerica.org\\\/es\\\/#website\"},\"primaryImageOfPage\":{\"@id\":\"https:\\\/\\\/interamerica.org\\\/es\\\/2021\\\/10\\\/fin-de-semana-de-ministerios-a-campus-publicos-de-interamerica-se-enfocara-en-el-servicio-comunitario-practico\\\/#primaryimage\"},\"image\":{\"@id\":\"https:\\\/\\\/interamerica.org\\\/es\\\/2021\\\/10\\\/fin-de-semana-de-ministerios-a-campus-publicos-de-interamerica-se-enfocara-en-el-servicio-comunitario-practico\\\/#primaryimage\"},\"thumbnailUrl\":\"https:\\\/\\\/interamerica.org\\\/wp-content\\\/uploads\\\/2021\\\/09\\\/group-three-university-students-176420-8284.jpg\",\"datePublished\":\"2021-10-01T11:00:22+00:00\",\"dateModified\":\"2021-10-03T21:07:00+00:00\",\"author\":{\"@id\":\"https:\\\/\\\/interamerica.org\\\/es\\\/#\\\/schema\\\/person\\\/29998f2bc2d8bd0d38662909289b54f1\"},\"breadcrumb\":{\"@id\":\"https:\\\/\\\/interamerica.org\\\/es\\\/2021\\\/10\\\/fin-de-semana-de-ministerios-a-campus-publicos-de-interamerica-se-enfocara-en-el-servicio-comunitario-practico\\\/#breadcrumb\"},\"inLanguage\":\"es\",\"potentialAction\":[{\"@type\":\"ReadAction\",\"target\":[\"https:\\\/\\\/interamerica.org\\\/es\\\/2021\\\/10\\\/fin-de-semana-de-ministerios-a-campus-publicos-de-interamerica-se-enfocara-en-el-servicio-comunitario-practico\\\/\"]}]},{\"@type\":\"ImageObject\",\"inLanguage\":\"es\",\"@id\":\"https:\\\/\\\/interamerica.org\\\/es\\\/2021\\\/10\\\/fin-de-semana-de-ministerios-a-campus-publicos-de-interamerica-se-enfocara-en-el-servicio-comunitario-practico\\\/#primaryimage\",\"url\":\"https:\\\/\\\/interamerica.org\\\/wp-content\\\/uploads\\\/2021\\\/09\\\/group-three-university-students-176420-8284.jpg\",\"contentUrl\":\"https:\\\/\\\/interamerica.org\\\/wp-content\\\/uploads\\\/2021\\\/09\\\/group-three-university-students-176420-8284.jpg\",\"width\":1280,\"height\":800,\"caption\":\"[Fotograf\u00eda: Freepik]\"},{\"@type\":\"BreadcrumbList\",\"@id\":\"https:\\\/\\\/interamerica.org\\\/es\\\/2021\\\/10\\\/fin-de-semana-de-ministerios-a-campus-publicos-de-interamerica-se-enfocara-en-el-servicio-comunitario-practico\\\/#breadcrumb\",\"itemListElement\":[{\"@type\":\"ListItem\",\"position\":1,\"name\":\"Home\",\"item\":\"https:\\\/\\\/interamerica.org\\\/es\\\/\"},{\"@type\":\"ListItem\",\"position\":2,\"name\":\"Fin de Semana de Ministerios en Campus P\u00fablicos de Interam\u00e9rica se enfocar\u00e1 en el servicio comunitario pr\u00e1ctico\"}]},{\"@type\":\"WebSite\",\"@id\":\"https:\\\/\\\/interamerica.org\\\/es\\\/#website\",\"url\":\"https:\\\/\\\/interamerica.org\\\/es\\\/\",\"name\":\"Iglesia Adventista del S\u00e9ptimo D\u00eda - Divisi\u00f3n Interamericana\",\"description\":\"\",\"potentialAction\":[{\"@type\":\"SearchAction\",\"target\":{\"@type\":\"EntryPoint\",\"urlTemplate\":\"https:\\\/\\\/interamerica.org\\\/es\\\/?s={search_term_string}\"},\"query-input\":{\"@type\":\"PropertyValueSpecification\",\"valueRequired\":true,\"valueName\":\"search_term_string\"}}],\"inLanguage\":\"es\"},{\"@type\":\"Person\",\"@id\":\"https:\\\/\\\/interamerica.org\\\/es\\\/#\\\/schema\\\/person\\\/29998f2bc2d8bd0d38662909289b54f1\",\"name\":\"libna\",\"image\":{\"@type\":\"ImageObject\",\"inLanguage\":\"es\",\"@id\":\"https:\\\/\\\/secure.gravatar.com\\\/avatar\\\/7c5bd30ae4b47a9ba3c856590957fd1d96dc588bf3ac05719d247e126840331f?s=96&d=mm&r=g\",\"url\":\"https:\\\/\\\/secure.gravatar.com\\\/avatar\\\/7c5bd30ae4b47a9ba3c856590957fd1d96dc588bf3ac05719d247e126840331f?s=96&d=mm&r=g\",\"contentUrl\":\"https:\\\/\\\/secure.gravatar.com\\\/avatar\\\/7c5bd30ae4b47a9ba3c856590957fd1d96dc588bf3ac05719d247e126840331f?s=96&d=mm&r=g\",\"caption\":\"libna\"}}]}<\/script>\n<!-- \/ Yoast SEO plugin. -->","yoast_head_json":{"title":"Fin de Semana de Ministerios en Campus P\u00fablicos de Interam\u00e9rica se enfocar\u00e1 en el servicio comunitario pr\u00e1ctico - Iglesia Adventista del S\u00e9ptimo D\u00eda - Divisi\u00f3n Interamericana","robots":{"index":"index","follow":"follow","max-snippet":"max-snippet:-1","max-image-preview":"max-image-preview:large","max-video-preview":"max-video-preview:-1"},"canonical":"https:\/\/interamerica.org\/es\/2021\/10\/fin-de-semana-de-ministerios-a-campus-publicos-de-interamerica-se-enfocara-en-el-servicio-comunitario-practico\/","og_locale":"es_ES","og_type":"article","og_title":"Fin de Semana de Ministerios en Campus P\u00fablicos de Interam\u00e9rica se enfocar\u00e1 en el servicio comunitario pr\u00e1ctico - Iglesia Adventista del S\u00e9ptimo D\u00eda - Divisi\u00f3n Interamericana","og_description":"1 de octubre de 2021 | Miami, Florida, Estados Unidos | Libna Stevens, Noticias de la Divisi\u00f3n Interamericana La Iglesia Adventista del S\u00e9ptimo D\u00eda en toda la Divisi\u00f3n Interamericana movilizar\u00e1...","og_url":"https:\/\/interamerica.org\/es\/2021\/10\/fin-de-semana-de-ministerios-a-campus-publicos-de-interamerica-se-enfocara-en-el-servicio-comunitario-practico\/","og_site_name":"Iglesia Adventista del S\u00e9ptimo D\u00eda - Divisi\u00f3n Interamericana","article_published_time":"2021-10-01T11:00:22+00:00","article_modified_time":"2021-10-03T21:07:00+00:00","og_image":[{"width":1280,"height":800,"url":"https:\/\/interamerica.org\/wp-content\/uploads\/2021\/09\/group-three-university-students-176420-8284.jpg","type":"image\/jpeg"}],"author":"libna","twitter_card":"summary_large_image","twitter_misc":{"Escrito por":"libna","Tiempo de lectura":"2 minutos"},"schema":{"@context":"https:\/\/schema.org","@graph":[{"@type":"Article","@id":"https:\/\/interamerica.org\/es\/2021\/10\/fin-de-semana-de-ministerios-a-campus-publicos-de-interamerica-se-enfocara-en-el-servicio-comunitario-practico\/#article","isPartOf":{"@id":"https:\/\/interamerica.org\/es\/2021\/10\/fin-de-semana-de-ministerios-a-campus-publicos-de-interamerica-se-enfocara-en-el-servicio-comunitario-practico\/"},"author":{"name":"libna","@id":"https:\/\/interamerica.org\/es\/#\/schema\/person\/29998f2bc2d8bd0d38662909289b54f1"},"headline":"Fin de Semana de Ministerios en Campus P\u00fablicos de Interam\u00e9rica se enfocar\u00e1 en el servicio comunitario pr\u00e1ctico","datePublished":"2021-10-01T11:00:22+00:00","dateModified":"2021-10-03T21:07:00+00:00","mainEntityOfPage":{"@id":"https:\/\/interamerica.org\/es\/2021\/10\/fin-de-semana-de-ministerios-a-campus-publicos-de-interamerica-se-enfocara-en-el-servicio-comunitario-practico\/"},"wordCount":430,"image":{"@id":"https:\/\/interamerica.org\/es\/2021\/10\/fin-de-semana-de-ministerios-a-campus-publicos-de-interamerica-se-enfocara-en-el-servicio-comunitario-practico\/#primaryimage"},"thumbnailUrl":"https:\/\/interamerica.org\/wp-content\/uploads\/2021\/09\/group-three-university-students-176420-8284.jpg","articleSection":["Desde la iglesia mundial","Desde la sede"],"inLanguage":"es"},{"@type":"WebPage","@id":"https:\/\/interamerica.org\/es\/2021\/10\/fin-de-semana-de-ministerios-a-campus-publicos-de-interamerica-se-enfocara-en-el-servicio-comunitario-practico\/","url":"https:\/\/interamerica.org\/es\/2021\/10\/fin-de-semana-de-ministerios-a-campus-publicos-de-interamerica-se-enfocara-en-el-servicio-comunitario-practico\/","name":"Fin de Semana de Ministerios en Campus P\u00fablicos de Interam\u00e9rica se enfocar\u00e1 en el servicio comunitario pr\u00e1ctico - Iglesia Adventista del S\u00e9ptimo D\u00eda - Divisi\u00f3n Interamericana","isPartOf":{"@id":"https:\/\/interamerica.org\/es\/#website"},"primaryImageOfPage":{"@id":"https:\/\/interamerica.org\/es\/2021\/10\/fin-de-semana-de-ministerios-a-campus-publicos-de-interamerica-se-enfocara-en-el-servicio-comunitario-practico\/#primaryimage"},"image":{"@id":"https:\/\/interamerica.org\/es\/2021\/10\/fin-de-semana-de-ministerios-a-campus-publicos-de-interamerica-se-enfocara-en-el-servicio-comunitario-practico\/#primaryimage"},"thumbnailUrl":"https:\/\/interamerica.org\/wp-content\/uploads\/2021\/09\/group-three-university-students-176420-8284.jpg","datePublished":"2021-10-01T11:00:22+00:00","dateModified":"2021-10-03T21:07:00+00:00","author":{"@id":"https:\/\/interamerica.org\/es\/#\/schema\/person\/29998f2bc2d8bd0d38662909289b54f1"},"breadcrumb":{"@id":"https:\/\/interamerica.org\/es\/2021\/10\/fin-de-semana-de-ministerios-a-campus-publicos-de-interamerica-se-enfocara-en-el-servicio-comunitario-practico\/#breadcrumb"},"inLanguage":"es","potentialAction":[{"@type":"ReadAction","target":["https:\/\/interamerica.org\/es\/2021\/10\/fin-de-semana-de-ministerios-a-campus-publicos-de-interamerica-se-enfocara-en-el-servicio-comunitario-practico\/"]}]},{"@type":"ImageObject","inLanguage":"es","@id":"https:\/\/interamerica.org\/es\/2021\/10\/fin-de-semana-de-ministerios-a-campus-publicos-de-interamerica-se-enfocara-en-el-servicio-comunitario-practico\/#primaryimage","url":"https:\/\/interamerica.org\/wp-content\/uploads\/2021\/09\/group-three-university-students-176420-8284.jpg","contentUrl":"https:\/\/interamerica.org\/wp-content\/uploads\/2021\/09\/group-three-university-students-176420-8284.jpg","width":1280,"height":800,"caption":"[Fotograf\u00eda: Freepik]"},{"@type":"BreadcrumbList","@id":"https:\/\/interamerica.org\/es\/2021\/10\/fin-de-semana-de-ministerios-a-campus-publicos-de-interamerica-se-enfocara-en-el-servicio-comunitario-practico\/#breadcrumb","itemListElement":[{"@type":"ListItem","position":1,"name":"Home","item":"https:\/\/interamerica.org\/es\/"},{"@type":"ListItem","position":2,"name":"Fin de Semana de Ministerios en Campus P\u00fablicos de Interam\u00e9rica se enfocar\u00e1 en el servicio comunitario pr\u00e1ctico"}]},{"@type":"WebSite","@id":"https:\/\/interamerica.org\/es\/#website","url":"https:\/\/interamerica.org\/es\/","name":"Iglesia Adventista del S\u00e9ptimo D\u00eda - Divisi\u00f3n Interamericana","description":"","potentialAction":[{"@type":"SearchAction","target":{"@type":"EntryPoint","urlTemplate":"https:\/\/interamerica.org\/es\/?s={search_term_string}"},"query-input":{"@type":"PropertyValueSpecification","valueRequired":true,"valueName":"search_term_string"}}],"inLanguage":"es"},{"@type":"Person","@id":"https:\/\/interamerica.org\/es\/#\/schema\/person\/29998f2bc2d8bd0d38662909289b54f1","name":"libna","image":{"@type":"ImageObject","inLanguage":"es","@id":"https:\/\/secure.gravatar.com\/avatar\/7c5bd30ae4b47a9ba3c856590957fd1d96dc588bf3ac05719d247e126840331f?s=96&d=mm&r=g","url":"https:\/\/secure.gravatar.com\/avatar\/7c5bd30ae4b47a9ba3c856590957fd1d96dc588bf3ac05719d247e126840331f?s=96&d=mm&r=g","contentUrl":"https:\/\/secure.gravatar.com\/avatar\/7c5bd30ae4b47a9ba3c856590957fd1d96dc588bf3ac05719d247e126840331f?s=96&d=mm&r=g","caption":"libna"}}]}},"_links":{"self":[{"href":"https:\/\/interamerica.org\/es\/wp-json\/wp\/v2\/posts\/76413","targetHints":{"allow":["GET"]}}],"collection":[{"href":"https:\/\/interamerica.org\/es\/wp-json\/wp\/v2\/posts"}],"about":[{"href":"https:\/\/interamerica.org\/es\/wp-json\/wp\/v2\/types\/post"}],"author":[{"embeddable":true,"href":"https:\/\/interamerica.org\/es\/wp-json\/wp\/v2\/users\/3"}],"replies":[{"embeddable":true,"href":"https:\/\/interamerica.org\/es\/wp-json\/wp\/v2\/comments?post=76413"}],"version-history":[{"count":0,"href":"https:\/\/interamerica.org\/es\/wp-json\/wp\/v2\/posts\/76413\/revisions"}],"wp:featuredmedia":[{"embeddable":true,"href":"https:\/\/interamerica.org\/es\/wp-json\/wp\/v2\/media\/76392"}],"wp:attachment":[{"href":"https:\/\/interamerica.org\/es\/wp-json\/wp\/v2\/media?parent=76413"}],"wp:term":[{"taxonomy":"category","embeddable":true,"href":"https:\/\/interamerica.org\/es\/wp-json\/wp\/v2\/categories?post=76413"},{"taxonomy":"post_tag","embeddable":true,"href":"https:\/\/interamerica.org\/es\/wp-json\/wp\/v2\/tags?post=76413"}],"curies":[{"name":"wp","href":"https:\/\/api.w.org\/{rel}","templated":true}]}}