{"id":77428,"date":"2021-10-21T19:12:15","date_gmt":"2021-10-21T23:12:15","guid":{"rendered":"https:\/\/recursing-golick.147-182-135-0.plesk.page\/?p=77428"},"modified":"2021-10-21T20:42:35","modified_gmt":"2021-10-22T00:42:35","slug":"creacion-y-adoracion-unidos","status":"publish","type":"post","link":"https:\/\/interamerica.org\/es\/2021\/10\/creacion-y-adoracion-unidos\/","title":{"rendered":"Creaci\u00f3n y adoraci\u00f3n unidos"},"content":{"rendered":"<p>21 de octubre 2021 | Silver Spring, Maryland, Estados Unidos | Ted N.C. Wilson, President de la Asociaci\u00f3n General de los Adventistas del S\u00e9ptimo D\u00eda<\/p>\n<p><span style=\"font-weight: 400;\">\u00a1Saludos amigos! Ustedes deben recordar que hace dos semanas hablamos sobre el pr\u00f3ximo S\u00e1bado de la Creaci\u00f3n que est\u00e1 programado para ma\u00f1ana, 23 de octubre. Espero que hayan aprovechado la oportunidad para ver los materiales disponibles en el sitio web del S\u00e1bado de la Creaci\u00f3n, en <\/span><b>creationsabbath.net<\/b><span style=\"font-weight: 400;\"> y esperamos con entusiasmo\u00a0 un d\u00eda especial este s\u00e1bado.<\/span><\/p>\n<p><span style=\"font-weight: 400;\">Saben, amigos, la creaci\u00f3n es un tema tan importante que se encuentra en numerosos lugares a lo largo de la Biblia. En el <\/span><b>Salmo 95:1-7<\/b><span style=\"font-weight: 400;\"> leemos: <\/span><span style=\"font-weight: 400;\">\u00abVenid, aclamemos alegremente a Jehov\u00e1; Cantemos con j\u00fabilo a la roca de nuestra salvaci\u00f3n. Lleguemos ante su presencia con alabanza; Aclam\u00e9mosle con c\u00e1nticos. Porque Jehov\u00e1 es Dios grande, Y Rey grande sobre todos los dioses. Porque en su mano est\u00e1n las profundidades de la tierra, Y las alturas de los montes son suyas. Suyo tambi\u00e9n el mar, pues \u00e9l lo hizo; Y sus manos formaron la tierra seca. Venid, adoremos y postr\u00e9monos; Arrodill\u00e9monos delante de Jehov\u00e1 nuestro Hacedor. Porque \u00e9l es nuestro Dios; Nosotros el pueblo de su prado, y ovejas de su mano.\u00bb<\/span><\/p>\n<p><span style=\"font-weight: 400;\">\u00a1Dios quiere que recordemos que \u00c9l es nuestro Creador y que le pertenecemos! En ninguna parte es esto m\u00e1s evidente que en el coraz\u00f3n de los mensajes de los tres \u00e1ngeles, que se encuentran en <\/span><b>Apocalipsis 14<\/b><span style=\"font-weight: 400;\">, donde leemos en los <\/span><b>vers\u00edculos 6 y 7:<\/b><span style=\"font-weight: 400;\"> \u00bb <\/span><span style=\"font-weight: 400;\">Vi volar por en medio del cielo a otro \u00e1ngel, que ten\u00eda el evangelio eterno para predicarlo a los moradores de la tierra, a toda naci\u00f3n, tribu, lengua y pueblo, diciendo a gran voz: Temed a Dios, y dadle gloria, porque la hora de su juicio ha llegado; y adorad a aquel que hizo el cielo y la tierra, el mar y las fuentes de las aguas.\u00bb<\/span><\/p>\n<p><iframe title=\"Creaci\u00f3n y Adoraci\u00f3n Unidos \/ Pastor Ted Wilson\" src=\"https:\/\/player.vimeo.com\/video\/637584962?dnt=1&amp;app_id=122963\" width=\"500\" height=\"281\" frameborder=\"0\" allow=\"autoplay; fullscreen; picture-in-picture; clipboard-write\"><\/iframe><\/p>\n<p><span style=\"font-weight: 400;\">Observemos que aqu\u00ed, as\u00ed como en nuestra lectura anterior del Salmo 95, la creaci\u00f3n y la adoraci\u00f3n est\u00e1n estrechamente ligadas: debemos adorarlo a \u00c9l, nuestro Creador. Por supuesto, esto hace eco del cuarto mandamiento donde leemos en <\/span><b>Exodo<\/b><\/p>\n<p><b>20:11, <\/b><span style=\"font-weight: 400;\">\u00bb Porque en seis d\u00edas hizo Jehov\u00e1 los cielos y la tierra, el mar, y todas las cosas que en ellos hay, y repos\u00f3 en el s\u00e9ptimo d\u00eda; por tanto, Jehov\u00e1 bendijo el d\u00eda de reposo y lo santific\u00f3\u201d\u00bb<\/span><\/p>\n<p><span style=\"font-weight: 400;\">S\u00ed, la creaci\u00f3n y la adoraci\u00f3n est\u00e1n \u00edntimamente relacionadas y se unen en el s\u00e1bado, el sello de Dios de la creaci\u00f3n y la redenci\u00f3n. Elena de White comenta: <\/span><span style=\"font-weight: 400;\">\u00ab<\/span> <span style=\"font-weight: 400;\">\u201cEl s\u00e9ptimo d\u00eda es reposo para Jehov\u00e1 tu Dios\u201d. El hombre no tiene derecho ni poder para poner el primer d\u00eda de la semana en lugar del s\u00e9ptimo. Puede pretender hacerlo; \u201cpero el fundamento de Dios est\u00e1 firme\u201d. Las costumbres y las ense\u00f1anzas de los hombres no disminuir\u00e1n la vigencia de la ley divina. Dios ha santificado el s\u00e9ptimo d\u00eda. Esa porci\u00f3n espec\u00edfica de tiempo puesta aparte por Dios mismo para el culto religioso, contin\u00faa siendo tan sagrada hoy como cuando fue santificada por primera vez por nuestro Creador. {CMC 70.2}<\/span><\/p>\n<p><span style=\"font-weight: 400;\">Mientras reflexionamos sobre estos pensamientos, los invito a ver este hermoso video corto, titulado \u00abEncontrar el descanso\u00bb.<\/span><\/p>\n<p><span style=\"font-weight: 400;\">Que Dios les bendiga de una manera especial este s\u00e1bado mientras encuentran reposo en \u00c9l.<\/span><\/p>\n<p><a href=\"https:\/\/creationsabbath.net\/short-films?video=6080#player\">https:\/\/creationsabbath.net\/short-films?video=6080#player<\/a><\/p>\n<p>&nbsp;<\/p>\n","protected":false},"excerpt":{"rendered":"<p>21 de octubre 2021 | Silver Spring, Maryland, Estados Unidos | Ted N.C. Wilson, President de la Asociaci\u00f3n General de los Adventistas del S\u00e9ptimo D\u00eda \u00a1Saludos amigos! Ustedes deben recordar&#8230;<\/p>\n","protected":false},"author":3,"featured_media":77424,"comment_status":"closed","ping_status":"closed","sticky":false,"template":"","format":"standard","meta":{"_acf_changed":false,"footnotes":""},"categories":[14,15],"tags":[],"class_list":["post-77428","post","type-post","status-publish","format-standard","has-post-thumbnail","hentry","category-de-la-iglesia-mundial","category-rss-espanol"],"acf":[],"yoast_head":"<!-- This site is optimized with the Yoast SEO plugin v27.3 - https:\/\/yoast.com\/product\/yoast-seo-wordpress\/ -->\n<title>Creaci\u00f3n y adoraci\u00f3n unidos - Iglesia Adventista del S\u00e9ptimo D\u00eda - Divisi\u00f3n Interamericana<\/title>\n<meta name=\"robots\" content=\"index, follow, max-snippet:-1, max-image-preview:large, max-video-preview:-1\" \/>\n<link rel=\"canonical\" href=\"https:\/\/interamerica.org\/es\/2021\/10\/creacion-y-adoracion-unidos\/\" \/>\n<meta property=\"og:locale\" content=\"es_ES\" \/>\n<meta property=\"og:type\" content=\"article\" \/>\n<meta property=\"og:title\" content=\"Creaci\u00f3n y adoraci\u00f3n unidos - Iglesia Adventista del S\u00e9ptimo D\u00eda - Divisi\u00f3n Interamericana\" \/>\n<meta property=\"og:description\" content=\"21 de octubre 2021 | Silver Spring, Maryland, Estados Unidos | Ted N.C. Wilson, President de la Asociaci\u00f3n General de los Adventistas del S\u00e9ptimo D\u00eda \u00a1Saludos amigos! Ustedes deben recordar...\" \/>\n<meta property=\"og:url\" content=\"https:\/\/interamerica.org\/es\/2021\/10\/creacion-y-adoracion-unidos\/\" \/>\n<meta property=\"og:site_name\" content=\"Iglesia Adventista del S\u00e9ptimo D\u00eda - Divisi\u00f3n Interamericana\" \/>\n<meta property=\"article:published_time\" content=\"2021-10-21T23:12:15+00:00\" \/>\n<meta property=\"article:modified_time\" content=\"2021-10-22T00:42:35+00:00\" \/>\n<meta property=\"og:image\" content=\"https:\/\/interamerica.org\/wp-content\/uploads\/2021\/10\/wilson-oct21-spanish.jpg\" \/>\n\t<meta property=\"og:image:width\" content=\"1000\" \/>\n\t<meta property=\"og:image:height\" content=\"563\" \/>\n\t<meta property=\"og:image:type\" content=\"image\/jpeg\" \/>\n<meta name=\"author\" content=\"libna\" \/>\n<meta name=\"twitter:card\" content=\"summary_large_image\" \/>\n<meta name=\"twitter:label1\" content=\"Escrito por\" \/>\n\t<meta name=\"twitter:data1\" content=\"libna\" \/>\n\t<meta name=\"twitter:label2\" content=\"Tiempo de lectura\" \/>\n\t<meta name=\"twitter:data2\" content=\"3 minutos\" \/>\n<script type=\"application\/ld+json\" class=\"yoast-schema-graph\">{\"@context\":\"https:\\\/\\\/schema.org\",\"@graph\":[{\"@type\":\"Article\",\"@id\":\"https:\\\/\\\/interamerica.org\\\/es\\\/2021\\\/10\\\/creacion-y-adoracion-unidos\\\/#article\",\"isPartOf\":{\"@id\":\"https:\\\/\\\/interamerica.org\\\/es\\\/2021\\\/10\\\/creacion-y-adoracion-unidos\\\/\"},\"author\":{\"name\":\"libna\",\"@id\":\"https:\\\/\\\/interamerica.org\\\/es\\\/#\\\/schema\\\/person\\\/29998f2bc2d8bd0d38662909289b54f1\"},\"headline\":\"Creaci\u00f3n y adoraci\u00f3n unidos\",\"datePublished\":\"2021-10-21T23:12:15+00:00\",\"dateModified\":\"2021-10-22T00:42:35+00:00\",\"mainEntityOfPage\":{\"@id\":\"https:\\\/\\\/interamerica.org\\\/es\\\/2021\\\/10\\\/creacion-y-adoracion-unidos\\\/\"},\"wordCount\":601,\"image\":{\"@id\":\"https:\\\/\\\/interamerica.org\\\/es\\\/2021\\\/10\\\/creacion-y-adoracion-unidos\\\/#primaryimage\"},\"thumbnailUrl\":\"https:\\\/\\\/interamerica.org\\\/wp-content\\\/uploads\\\/2021\\\/10\\\/wilson-oct21-spanish.jpg\",\"articleSection\":[\"Desde la iglesia mundial\",\"RSS Espa\u00f1ol\"],\"inLanguage\":\"es\"},{\"@type\":\"WebPage\",\"@id\":\"https:\\\/\\\/interamerica.org\\\/es\\\/2021\\\/10\\\/creacion-y-adoracion-unidos\\\/\",\"url\":\"https:\\\/\\\/interamerica.org\\\/es\\\/2021\\\/10\\\/creacion-y-adoracion-unidos\\\/\",\"name\":\"Creaci\u00f3n y adoraci\u00f3n unidos - Iglesia Adventista del S\u00e9ptimo D\u00eda - Divisi\u00f3n Interamericana\",\"isPartOf\":{\"@id\":\"https:\\\/\\\/interamerica.org\\\/es\\\/#website\"},\"primaryImageOfPage\":{\"@id\":\"https:\\\/\\\/interamerica.org\\\/es\\\/2021\\\/10\\\/creacion-y-adoracion-unidos\\\/#primaryimage\"},\"image\":{\"@id\":\"https:\\\/\\\/interamerica.org\\\/es\\\/2021\\\/10\\\/creacion-y-adoracion-unidos\\\/#primaryimage\"},\"thumbnailUrl\":\"https:\\\/\\\/interamerica.org\\\/wp-content\\\/uploads\\\/2021\\\/10\\\/wilson-oct21-spanish.jpg\",\"datePublished\":\"2021-10-21T23:12:15+00:00\",\"dateModified\":\"2021-10-22T00:42:35+00:00\",\"author\":{\"@id\":\"https:\\\/\\\/interamerica.org\\\/es\\\/#\\\/schema\\\/person\\\/29998f2bc2d8bd0d38662909289b54f1\"},\"breadcrumb\":{\"@id\":\"https:\\\/\\\/interamerica.org\\\/es\\\/2021\\\/10\\\/creacion-y-adoracion-unidos\\\/#breadcrumb\"},\"inLanguage\":\"es\",\"potentialAction\":[{\"@type\":\"ReadAction\",\"target\":[\"https:\\\/\\\/interamerica.org\\\/es\\\/2021\\\/10\\\/creacion-y-adoracion-unidos\\\/\"]}]},{\"@type\":\"ImageObject\",\"inLanguage\":\"es\",\"@id\":\"https:\\\/\\\/interamerica.org\\\/es\\\/2021\\\/10\\\/creacion-y-adoracion-unidos\\\/#primaryimage\",\"url\":\"https:\\\/\\\/interamerica.org\\\/wp-content\\\/uploads\\\/2021\\\/10\\\/wilson-oct21-spanish.jpg\",\"contentUrl\":\"https:\\\/\\\/interamerica.org\\\/wp-content\\\/uploads\\\/2021\\\/10\\\/wilson-oct21-spanish.jpg\",\"width\":1000,\"height\":563},{\"@type\":\"BreadcrumbList\",\"@id\":\"https:\\\/\\\/interamerica.org\\\/es\\\/2021\\\/10\\\/creacion-y-adoracion-unidos\\\/#breadcrumb\",\"itemListElement\":[{\"@type\":\"ListItem\",\"position\":1,\"name\":\"Home\",\"item\":\"https:\\\/\\\/interamerica.org\\\/es\\\/\"},{\"@type\":\"ListItem\",\"position\":2,\"name\":\"Creaci\u00f3n y adoraci\u00f3n unidos\"}]},{\"@type\":\"WebSite\",\"@id\":\"https:\\\/\\\/interamerica.org\\\/es\\\/#website\",\"url\":\"https:\\\/\\\/interamerica.org\\\/es\\\/\",\"name\":\"Iglesia Adventista del S\u00e9ptimo D\u00eda - Divisi\u00f3n Interamericana\",\"description\":\"\",\"potentialAction\":[{\"@type\":\"SearchAction\",\"target\":{\"@type\":\"EntryPoint\",\"urlTemplate\":\"https:\\\/\\\/interamerica.org\\\/es\\\/?s={search_term_string}\"},\"query-input\":{\"@type\":\"PropertyValueSpecification\",\"valueRequired\":true,\"valueName\":\"search_term_string\"}}],\"inLanguage\":\"es\"},{\"@type\":\"Person\",\"@id\":\"https:\\\/\\\/interamerica.org\\\/es\\\/#\\\/schema\\\/person\\\/29998f2bc2d8bd0d38662909289b54f1\",\"name\":\"libna\",\"image\":{\"@type\":\"ImageObject\",\"inLanguage\":\"es\",\"@id\":\"https:\\\/\\\/secure.gravatar.com\\\/avatar\\\/7c5bd30ae4b47a9ba3c856590957fd1d96dc588bf3ac05719d247e126840331f?s=96&d=mm&r=g\",\"url\":\"https:\\\/\\\/secure.gravatar.com\\\/avatar\\\/7c5bd30ae4b47a9ba3c856590957fd1d96dc588bf3ac05719d247e126840331f?s=96&d=mm&r=g\",\"contentUrl\":\"https:\\\/\\\/secure.gravatar.com\\\/avatar\\\/7c5bd30ae4b47a9ba3c856590957fd1d96dc588bf3ac05719d247e126840331f?s=96&d=mm&r=g\",\"caption\":\"libna\"}}]}<\/script>\n<!-- \/ Yoast SEO plugin. -->","yoast_head_json":{"title":"Creaci\u00f3n y adoraci\u00f3n unidos - Iglesia Adventista del S\u00e9ptimo D\u00eda - Divisi\u00f3n Interamericana","robots":{"index":"index","follow":"follow","max-snippet":"max-snippet:-1","max-image-preview":"max-image-preview:large","max-video-preview":"max-video-preview:-1"},"canonical":"https:\/\/interamerica.org\/es\/2021\/10\/creacion-y-adoracion-unidos\/","og_locale":"es_ES","og_type":"article","og_title":"Creaci\u00f3n y adoraci\u00f3n unidos - Iglesia Adventista del S\u00e9ptimo D\u00eda - Divisi\u00f3n Interamericana","og_description":"21 de octubre 2021 | Silver Spring, Maryland, Estados Unidos | Ted N.C. Wilson, President de la Asociaci\u00f3n General de los Adventistas del S\u00e9ptimo D\u00eda \u00a1Saludos amigos! Ustedes deben recordar...","og_url":"https:\/\/interamerica.org\/es\/2021\/10\/creacion-y-adoracion-unidos\/","og_site_name":"Iglesia Adventista del S\u00e9ptimo D\u00eda - Divisi\u00f3n Interamericana","article_published_time":"2021-10-21T23:12:15+00:00","article_modified_time":"2021-10-22T00:42:35+00:00","og_image":[{"width":1000,"height":563,"url":"https:\/\/interamerica.org\/wp-content\/uploads\/2021\/10\/wilson-oct21-spanish.jpg","type":"image\/jpeg"}],"author":"libna","twitter_card":"summary_large_image","twitter_misc":{"Escrito por":"libna","Tiempo de lectura":"3 minutos"},"schema":{"@context":"https:\/\/schema.org","@graph":[{"@type":"Article","@id":"https:\/\/interamerica.org\/es\/2021\/10\/creacion-y-adoracion-unidos\/#article","isPartOf":{"@id":"https:\/\/interamerica.org\/es\/2021\/10\/creacion-y-adoracion-unidos\/"},"author":{"name":"libna","@id":"https:\/\/interamerica.org\/es\/#\/schema\/person\/29998f2bc2d8bd0d38662909289b54f1"},"headline":"Creaci\u00f3n y adoraci\u00f3n unidos","datePublished":"2021-10-21T23:12:15+00:00","dateModified":"2021-10-22T00:42:35+00:00","mainEntityOfPage":{"@id":"https:\/\/interamerica.org\/es\/2021\/10\/creacion-y-adoracion-unidos\/"},"wordCount":601,"image":{"@id":"https:\/\/interamerica.org\/es\/2021\/10\/creacion-y-adoracion-unidos\/#primaryimage"},"thumbnailUrl":"https:\/\/interamerica.org\/wp-content\/uploads\/2021\/10\/wilson-oct21-spanish.jpg","articleSection":["Desde la iglesia mundial","RSS Espa\u00f1ol"],"inLanguage":"es"},{"@type":"WebPage","@id":"https:\/\/interamerica.org\/es\/2021\/10\/creacion-y-adoracion-unidos\/","url":"https:\/\/interamerica.org\/es\/2021\/10\/creacion-y-adoracion-unidos\/","name":"Creaci\u00f3n y adoraci\u00f3n unidos - Iglesia Adventista del S\u00e9ptimo D\u00eda - Divisi\u00f3n Interamericana","isPartOf":{"@id":"https:\/\/interamerica.org\/es\/#website"},"primaryImageOfPage":{"@id":"https:\/\/interamerica.org\/es\/2021\/10\/creacion-y-adoracion-unidos\/#primaryimage"},"image":{"@id":"https:\/\/interamerica.org\/es\/2021\/10\/creacion-y-adoracion-unidos\/#primaryimage"},"thumbnailUrl":"https:\/\/interamerica.org\/wp-content\/uploads\/2021\/10\/wilson-oct21-spanish.jpg","datePublished":"2021-10-21T23:12:15+00:00","dateModified":"2021-10-22T00:42:35+00:00","author":{"@id":"https:\/\/interamerica.org\/es\/#\/schema\/person\/29998f2bc2d8bd0d38662909289b54f1"},"breadcrumb":{"@id":"https:\/\/interamerica.org\/es\/2021\/10\/creacion-y-adoracion-unidos\/#breadcrumb"},"inLanguage":"es","potentialAction":[{"@type":"ReadAction","target":["https:\/\/interamerica.org\/es\/2021\/10\/creacion-y-adoracion-unidos\/"]}]},{"@type":"ImageObject","inLanguage":"es","@id":"https:\/\/interamerica.org\/es\/2021\/10\/creacion-y-adoracion-unidos\/#primaryimage","url":"https:\/\/interamerica.org\/wp-content\/uploads\/2021\/10\/wilson-oct21-spanish.jpg","contentUrl":"https:\/\/interamerica.org\/wp-content\/uploads\/2021\/10\/wilson-oct21-spanish.jpg","width":1000,"height":563},{"@type":"BreadcrumbList","@id":"https:\/\/interamerica.org\/es\/2021\/10\/creacion-y-adoracion-unidos\/#breadcrumb","itemListElement":[{"@type":"ListItem","position":1,"name":"Home","item":"https:\/\/interamerica.org\/es\/"},{"@type":"ListItem","position":2,"name":"Creaci\u00f3n y adoraci\u00f3n unidos"}]},{"@type":"WebSite","@id":"https:\/\/interamerica.org\/es\/#website","url":"https:\/\/interamerica.org\/es\/","name":"Iglesia Adventista del S\u00e9ptimo D\u00eda - Divisi\u00f3n Interamericana","description":"","potentialAction":[{"@type":"SearchAction","target":{"@type":"EntryPoint","urlTemplate":"https:\/\/interamerica.org\/es\/?s={search_term_string}"},"query-input":{"@type":"PropertyValueSpecification","valueRequired":true,"valueName":"search_term_string"}}],"inLanguage":"es"},{"@type":"Person","@id":"https:\/\/interamerica.org\/es\/#\/schema\/person\/29998f2bc2d8bd0d38662909289b54f1","name":"libna","image":{"@type":"ImageObject","inLanguage":"es","@id":"https:\/\/secure.gravatar.com\/avatar\/7c5bd30ae4b47a9ba3c856590957fd1d96dc588bf3ac05719d247e126840331f?s=96&d=mm&r=g","url":"https:\/\/secure.gravatar.com\/avatar\/7c5bd30ae4b47a9ba3c856590957fd1d96dc588bf3ac05719d247e126840331f?s=96&d=mm&r=g","contentUrl":"https:\/\/secure.gravatar.com\/avatar\/7c5bd30ae4b47a9ba3c856590957fd1d96dc588bf3ac05719d247e126840331f?s=96&d=mm&r=g","caption":"libna"}}]}},"_links":{"self":[{"href":"https:\/\/interamerica.org\/es\/wp-json\/wp\/v2\/posts\/77428","targetHints":{"allow":["GET"]}}],"collection":[{"href":"https:\/\/interamerica.org\/es\/wp-json\/wp\/v2\/posts"}],"about":[{"href":"https:\/\/interamerica.org\/es\/wp-json\/wp\/v2\/types\/post"}],"author":[{"embeddable":true,"href":"https:\/\/interamerica.org\/es\/wp-json\/wp\/v2\/users\/3"}],"replies":[{"embeddable":true,"href":"https:\/\/interamerica.org\/es\/wp-json\/wp\/v2\/comments?post=77428"}],"version-history":[{"count":0,"href":"https:\/\/interamerica.org\/es\/wp-json\/wp\/v2\/posts\/77428\/revisions"}],"wp:featuredmedia":[{"embeddable":true,"href":"https:\/\/interamerica.org\/es\/wp-json\/wp\/v2\/media\/77424"}],"wp:attachment":[{"href":"https:\/\/interamerica.org\/es\/wp-json\/wp\/v2\/media?parent=77428"}],"wp:term":[{"taxonomy":"category","embeddable":true,"href":"https:\/\/interamerica.org\/es\/wp-json\/wp\/v2\/categories?post=77428"},{"taxonomy":"post_tag","embeddable":true,"href":"https:\/\/interamerica.org\/es\/wp-json\/wp\/v2\/tags?post=77428"}],"curies":[{"name":"wp","href":"https:\/\/api.w.org\/{rel}","templated":true}]}}