{"id":78246,"date":"2021-11-01T15:44:16","date_gmt":"2021-11-01T19:44:16","guid":{"rendered":"https:\/\/recursing-golick.147-182-135-0.plesk.page\/?p=78246"},"modified":"2021-11-02T14:58:25","modified_gmt":"2021-11-02T18:58:25","slug":"lideres-adventistas-de-interamerica-lanzan-celebracion-del-centenario-anticipan-mayor-crecimiento-en-2022","status":"publish","type":"post","link":"https:\/\/interamerica.org\/es\/2021\/11\/lideres-adventistas-de-interamerica-lanzan-celebracion-del-centenario-anticipan-mayor-crecimiento-en-2022\/","title":{"rendered":"L\u00edderes adventistas de Interam\u00e9rica lanzan celebraci\u00f3n del centenario, anticipan mayor crecimiento en 2022"},"content":{"rendered":"<p>31 de octubre de 2021 | Miami, Florida, United States | Libna Stevens, Noticias de la Divisi\u00f3n Interamericana<\/p>\n<p>Los principales l\u00edderes adventistas de la Divisi\u00f3n Interamericana no est\u00e1n escatimando recursos para motivar a los miembros de iglesia a que se involucren plenamente en la misi\u00f3n de evangelizar, discipular y servir a la comunidad, como parte de las celebraciones del centenario que se extender\u00e1n por todo el territorio en 2022. Los administradores y los l\u00edderes de los departamentos de la Divisi\u00f3n Interamericana celebraron en grande, durante un programa especial en l\u00ednea el s\u00e1bado 30 de octubre de 2021, se\u00f1alando las bendiciones que Dios ha otorgado al territorio desde que fuera organizado oficialmente como divisi\u00f3n de la Iglesia Adventista en 1922.<\/p>\n<p>La ceremonia en l\u00ednea fue parte del lanzamiento de las reuniones de fin de a\u00f1o de Interam\u00e9rica, que se llevan a cabo en l\u00ednea esta semana.<\/p>\n<p><div id=\"attachment_78145\" style=\"width: 863px\" class=\"wp-caption aligncenter\"><img fetchpriority=\"high\" decoding=\"async\" aria-describedby=\"caption-attachment-78145\" class=\" wp-image-78145\" src=\"https:\/\/recursing-golick.147-182-135-0.plesk.page\/wp-content\/uploads\/2021\/10\/elie-henry-iad-centennial-1024x640.png\" alt=\"\" width=\"853\" height=\"533\" srcset=\"https:\/\/interamerica.org\/wp-content\/uploads\/2021\/10\/elie-henry-iad-centennial-1024x640.png 1024w, https:\/\/interamerica.org\/wp-content\/uploads\/2021\/10\/elie-henry-iad-centennial-300x188.png 300w, https:\/\/interamerica.org\/wp-content\/uploads\/2021\/10\/elie-henry-iad-centennial-768x480.png 768w, https:\/\/interamerica.org\/wp-content\/uploads\/2021\/10\/elie-henry-iad-centennial.png 1280w\" sizes=\"(max-width: 853px) 100vw, 853px\" \/><p id=\"caption-attachment-78145\" class=\"wp-caption-text\">El pastor Elie Henry, presidente de la Divisi\u00f3n Interamericana, presenta el mensaje espiritual, durante el lanzamiento de la celebraci\u00f3n del centenario el 30 de octubre de 2021, antes de las sesiones de fin de a\u00f1o de la Iglesia Adventista. [Fotograf\u00eda: captura de pantalla de la DIA]<\/p><\/div><strong>La conduccci\u00f3n de Dios<\/strong><\/p>\n<p>\u201cEn este s\u00e1bado, la Divisi\u00f3n Interamericana recuerda de qu\u00e9 manera Dios ha guiado a su pueblo en a\u00f1os recientes, y reafirma sus verdades en este Dios viviente todopoderoso, maravilloso y amante\u201d, dijo el pastor Elie Henry, presidente de la Iglesia Adventista en Interam\u00e9rica, durante el culto de adoraci\u00f3n. No podemos olvidar de qu\u00e9 manera Dios nos ha ayudado en el pasado, y tenemos la seguridad de que podemos proyectarnos hacia el futuro\u201d.<\/p>\n<p>En momentos en que el nuevo a\u00f1o marcar\u00e1 cien a\u00f1os desde que el Concilio de la Iglesia Adventista mundial determin\u00f3 el territorio geogr\u00e1fico de la Divisi\u00f3n Interamericana, que incluye a M\u00e9xico, Am\u00e9rica Central, el Caribe, hasta el extremo norte de Sudam\u00e9rica (lo que incluye Colombia, Venezuela, Guyana, Guayana Francesa y Surinam), el llamado a predicar el evangelio eterno en anticipo de la segunda venida de Cristo sigue siendo el mismo, dijo el pastor Henry.<\/p>\n<p><div id=\"attachment_78154\" style=\"width: 855px\" class=\"wp-caption aligncenter\"><img decoding=\"async\" aria-describedby=\"caption-attachment-78154\" class=\" wp-image-78154\" src=\"https:\/\/interamerica.org\/wp-content\/uploads\/2021\/10\/george-w-brown-iad-centennial.png\" alt=\"\" width=\"845\" height=\"528\" srcset=\"https:\/\/interamerica.org\/wp-content\/uploads\/2021\/10\/george-w-brown-iad-centennial.png 1000w, https:\/\/interamerica.org\/wp-content\/uploads\/2021\/10\/george-w-brown-iad-centennial-300x188.png 300w, https:\/\/interamerica.org\/wp-content\/uploads\/2021\/10\/george-w-brown-iad-centennial-768x480.png 768w\" sizes=\"(max-width: 845px) 100vw, 845px\" \/><p id=\"caption-attachment-78154\" class=\"wp-caption-text\">El pastor George W. Brown, expresidente de la Iglesia Adventista en Interam\u00e9rica, se\u00f1ala cinco grandes iniciativas y esfuerzos en el territorio, que contribuy\u00f3 al r\u00e1pido crecimiento de la iglesia desde 1975, durante la primera celebraci\u00f3n en l\u00ednea del centenario, el 30 de octubre de 2021. [Fotograf\u00eda: captura de pantalla de la DIA]<\/p><\/div>En 1922, hab\u00eda casi ocho mil miembros en lo que se hab\u00eda denominado regiones orientales y occidentales del territorio, dijo. \u201cDe manera milagrosa y providencial, el mensaje adventista lleg\u00f3 a varios pa\u00edses antes de 1922, gracias a cajas de libros dejadas en diversos puertos, que fueron recogidas por hombre que buscaban la verdad en lugares como Hait\u00ed, Cuba, Jamaica y Guyana\u201d, expres\u00f3.<\/p>\n<p><strong>Un trabajo incansable de los primeros pioneros<\/strong><\/p>\n<p>\u201cGracias al incansable trabajo de los primeros colportores, de hombres y mujeres devotos que dejaron todo para ser portadores de esperanza y viajar por colinas y monta\u00f1as hasta los valles y todo este gran territorio para proclamar que Jes\u00fas est\u00e1 vivo, que \u00e9l volver\u00e1 pronto y, con la Biblia en la mano, sostener que tenemos que guardar los mandamientos de Dios y la fe de Jes\u00fas, la iglesia comenz\u00f3 a expandirse\u201d, dijo el pastor Henry.<\/p>\n<p><div id=\"attachment_78169\" style=\"width: 860px\" class=\"wp-caption aligncenter\"><img decoding=\"async\" aria-describedby=\"caption-attachment-78169\" class=\" wp-image-78169\" src=\"https:\/\/interamerica.org\/wp-content\/uploads\/2021\/11\/iad-centennial-matagalpa-nicaragua-event.jpg\" alt=\"\" width=\"850\" height=\"573\" srcset=\"https:\/\/interamerica.org\/wp-content\/uploads\/2021\/11\/iad-centennial-matagalpa-nicaragua-event.jpg 1024w, https:\/\/interamerica.org\/wp-content\/uploads\/2021\/11\/iad-centennial-matagalpa-nicaragua-event-300x202.jpg 300w, https:\/\/interamerica.org\/wp-content\/uploads\/2021\/11\/iad-centennial-matagalpa-nicaragua-event-768x518.jpg 768w\" sizes=\"(max-width: 850px) 100vw, 850px\" \/><p id=\"caption-attachment-78169\" class=\"wp-caption-text\">Los l\u00edderes de iglesias locales observan la celebraci\u00f3n del centenario, durante una capacitaci\u00f3n en liderazgo el 30 de octubre de 2021 en Matagalpa, Nicaragua. [Fotograf\u00eda: cortes\u00eda de Ricardo Marin]<\/p><\/div>La obra en Interam\u00e9rica creci\u00f3 r\u00e1pidamente para establecer escuelas primarias, secundarias y escuelas profesionales, adem\u00e1s de colegios terciarios y universidades, para que los j\u00f3venes puedan tener acceso a la educaci\u00f3n cristiana adventista. Entonces, los centros y las cl\u00ednicas de salud comenzaron a mostrar compasi\u00f3n a una humanidad que sufr\u00eda de enfermedades, brind\u00e1ndoles alivio, restauraci\u00f3n y bienestar, expres\u00f3.<\/p>\n<p>\u201cPronto vimos que los di\u00e1conos, los buenos samaritanos, las Dorcas, la Agencia Adventista de Desarrollo y Recursos Asistenciales, los centros de influencia y otros brindaron un servicio desinteresado a las personas sin hogar, a los desafortunados, mostr\u00e1ndose como hermanos y hermanas de esperanza\u201d, dijo el pastor Henry.<\/p>\n<p><strong>Cien a\u00f1os despu\u00e9s, con 3,6 millones de miembros<\/strong><\/p>\n<p>\u201cHoy d\u00eda, con m\u00e1s de 3,6 millones de miembros agrupados en 24 unidades administrativas, o uniones, 156 asociaciones y misiones regionales organizadas, con m\u00e1s de 23 mil iglesias y congregaciones, lideradas por m\u00e1s de tres mil pastores, misioneros y educadores, damos la gloria a Dios por su gracia infinita a lo largo de los a\u00f1os, por los grandes logros y el crecimiento que \u00e9l ha brindado a la iglesia bajo el primer liderazgo del pastor Elmer Andross, adem\u00e1s de Bender L. Archbold, George W. Brown e Israel Leito, grandes hombres de visi\u00f3n y fe\u201d, dijo.<\/p>\n<p><div id=\"attachment_78151\" style=\"width: 858px\" class=\"wp-caption aligncenter\"><img loading=\"lazy\" decoding=\"async\" aria-describedby=\"caption-attachment-78151\" class=\" wp-image-78151\" src=\"https:\/\/interamerica.org\/wp-content\/uploads\/2021\/10\/cheryl-rolle-iad-centennial.png\" alt=\"\" width=\"848\" height=\"530\" srcset=\"https:\/\/interamerica.org\/wp-content\/uploads\/2021\/10\/cheryl-rolle-iad-centennial.png 1000w, https:\/\/interamerica.org\/wp-content\/uploads\/2021\/10\/cheryl-rolle-iad-centennial-300x188.png 300w, https:\/\/interamerica.org\/wp-content\/uploads\/2021\/10\/cheryl-rolle-iad-centennial-768x480.png 768w\" sizes=\"(max-width: 848px) 100vw, 848px\" \/><p id=\"caption-attachment-78151\" class=\"wp-caption-text\">Cheryl Rolle, secretaria ejecutiva de la Iglesia Adventista en la Uni\u00f3n del Caribe, que supervisa a las Bahamas, las Islas Caim\u00e1n y las islas Turcos y Caicos, dirige a los usuarios en la lectura de Salmos 150:1-6, durante el culto de adoraci\u00f3n del s\u00e1bado por la ma\u00f1ana. [Fotograf\u00eda: captura de pantalla de la DIA]<\/p><\/div>Sumado al liderazgo bajo la influencia del Esp\u00edritu Santo, pastores, misioneros y laicos, tanto hombres como mujeres, y j\u00f3venes de todas las edades han logrado vencer grandes obst\u00e1culos para permanecer fuertes y ser testigos de su fe en Jes\u00fas, explic\u00f3 el pastor Henry.<\/p>\n<p>El lanzamiento de la primera celebraci\u00f3n del centenario tiene por prop\u00f3sito que sea un gran movimiento de alabanza y acci\u00f3n de gracias, para reavivar las acciones de Dios en el pasado y avanzar con una renovada lealtad y pasi\u00f3n por la misi\u00f3n que se nos ha encomendado a cada uno, dijo el pastor Henry.<\/p>\n<p><strong>Importancia de seguir siendo relevantes, vibrantes y saludables<\/strong><\/p>\n<p>En su mensaje espiritual al dirigirse a miles de miembros de iglesia en sus hogares y en las iglesias y congregaciones, el pastor Henry apel\u00f3 a que cada miembro siga siendo relevante, vibrante, saludable, sincero, y sin tacha hasta que Cristo vuelva. Al citar los milagros que Dios obr\u00f3 en Marcos 8, al alimentar a miles y ante la incredulidad de los disc\u00edpulos, el pastor Henry anim\u00f3 a los que segu\u00edan el programa a que no olviden de qu\u00e9 manera Dios los ha guiado en el pasado, y c\u00f3mo \u00e9l ha llamado a cada uno para que participe en esta gran empresa que es la proclamaci\u00f3n de su salvaci\u00f3n y la edificaci\u00f3n de su iglesia en el mundo.<\/p>\n<p><div id=\"attachment_78124\" style=\"width: 856px\" class=\"wp-caption aligncenter\"><img loading=\"lazy\" decoding=\"async\" aria-describedby=\"caption-attachment-78124\" class=\" wp-image-78124\" src=\"https:\/\/interamerica.org\/wp-content\/uploads\/2021\/10\/iad-centennial-unionpresidents.png\" alt=\"\" width=\"846\" height=\"476\" srcset=\"https:\/\/interamerica.org\/wp-content\/uploads\/2021\/10\/iad-centennial-unionpresidents.png 1000w, https:\/\/interamerica.org\/wp-content\/uploads\/2021\/10\/iad-centennial-unionpresidents-300x169.png 300w, https:\/\/interamerica.org\/wp-content\/uploads\/2021\/10\/iad-centennial-unionpresidents-768x432.png 768w\" sizes=\"(max-width: 846px) 100vw, 846px\" \/><p id=\"caption-attachment-78124\" class=\"wp-caption-text\">Un grupo de los principales administradores de las uniones de Interam\u00e9rica saludan a la Divisi\u00f3n Interamericana, durante la celebraci\u00f3n del centenario el pasado 30 de octubre de 2021. [Fotograf\u00eda: captura de pantalla de la DIA]<\/p><\/div>\u201cLa aventura en la que Dios nos ha guiado es una aventura de fe\u201d, dijo el pastor Henry. \u201cLa fe requiere nuestra confianza, obediencia y perseverancia\u201d. El pastor Henry anim\u00f3 a los miembros para que no duden de la bondad de Dios, permitiendo que Satan\u00e1s borre de sus memorias los grandes hechos que Dios ha hecho en sus vidas.<\/p>\n<p>\u201cPermitan que Dios los use y multiplique nuestro pan y nuestros pescados, aqu\u00ed y all\u00ed, nuestras semillas y nuestra cosecha, el trabajo en nuestras iglesias y comunidades\u201d, expres\u00f3.<\/p>\n<p>\u201cQue, al mirar hacia nuestros cien a\u00f1os de vida de esta organizaci\u00f3n, sintamos valor y esperanza para los pr\u00f3ximos a\u00f1os hasta el regreso de nuestro Salvador Jesucristo. Avancemos con confianza, respondiendo al llamado de Dios al decir \u2018I Will Go\u2019\u201d, alent\u00f3 el pastor Henry.<\/p>\n<p><div id=\"attachment_78148\" style=\"width: 858px\" class=\"wp-caption aligncenter\"><img loading=\"lazy\" decoding=\"async\" aria-describedby=\"caption-attachment-78148\" class=\" wp-image-78148\" src=\"https:\/\/interamerica.org\/wp-content\/uploads\/2021\/10\/ted-wilson-iad-centennial.png\" alt=\"\" width=\"848\" height=\"530\" srcset=\"https:\/\/interamerica.org\/wp-content\/uploads\/2021\/10\/ted-wilson-iad-centennial.png 1000w, https:\/\/interamerica.org\/wp-content\/uploads\/2021\/10\/ted-wilson-iad-centennial-300x188.png 300w, https:\/\/interamerica.org\/wp-content\/uploads\/2021\/10\/ted-wilson-iad-centennial-768x480.png 768w\" sizes=\"(max-width: 848px) 100vw, 848px\" \/><p id=\"caption-attachment-78148\" class=\"wp-caption-text\">El pastor Ted N. C. Wilson, presidente de la Iglesia Adventista mundial, felicit\u00f3 a la Iglesia Adventista de Interam\u00e9rica por casi llegar a su centenario, y anim\u00f3 tanto a los l\u00edderes como a los miembros para que redoblen sus esfuerzos por predicar los mensajes de los tres \u00e1ngeles y el mensaje del cuarto \u00e1ngel del Apocalipsis. [Fotograf\u00eda: captura de pantalla de la DIA]<\/p><\/div><strong>M\u00faltiples iniciativas de evangelismo para 2022<\/strong><\/p>\n<p>La celebraci\u00f3n en l\u00ednea incluy\u00f3 la invitaci\u00f3n de los l\u00edderes de la iglesia a los miembros de iglesia a involucrarse en cien mil proyectos espec\u00edficos de predicaci\u00f3n del evangelio, cuyo lanzamiento est\u00e1 planificado para los pr\u00f3ximos meses como parte de la celebraci\u00f3n del centenario en 2022. Asimismo, los l\u00edderes esperan que los miembros de iglesia de cien mil grupos peque\u00f1os participan de campa\u00f1as de evangelizaci\u00f3n en sus vecindarios, cien mil estudios b\u00edblicos a cargo de miembros laicos, y cien mil parejas misioneras que esparzan el evangelio. Los l\u00edderes de la iglesia en todos los niveles de la iglesia participar\u00e1n en hacer que los miembros participen en ayudar a establecer mil nuevas iglesias entre 2022<span style=\"text-decoration: line-through;\">-2025<\/span>, adem\u00e1s de numerosas iniciativas y actividades de evangelizaci\u00f3n, discipulado e impacto comunitario dirigidas por cada departamento y ministerio de la Iglesia Adventista en Interam\u00e9rica.<\/p>\n<p>La celebraci\u00f3n en l\u00ednea del centenario incluy\u00f3 a exadministradores de la Divisi\u00f3n Interamericana, l\u00edderes y administradores regionales que efectuaron contribuciones significativas al crecimiento del territorio, adem\u00e1s de saludos de los 24 presidentes de las uniones, m\u00fasica de adoraci\u00f3n y momentos de oraci\u00f3n, entre otros.<\/p>\n<p><div id=\"attachment_78166\" style=\"width: 855px\" class=\"wp-caption aligncenter\"><img loading=\"lazy\" decoding=\"async\" aria-describedby=\"caption-attachment-78166\" class=\" wp-image-78166\" src=\"https:\/\/interamerica.org\/wp-content\/uploads\/2021\/11\/iad-centennial-belize-union-maranatha-church.jpg\" alt=\"\" width=\"845\" height=\"475\" srcset=\"https:\/\/interamerica.org\/wp-content\/uploads\/2021\/11\/iad-centennial-belize-union-maranatha-church.jpg 1000w, https:\/\/interamerica.org\/wp-content\/uploads\/2021\/11\/iad-centennial-belize-union-maranatha-church-300x169.jpg 300w, https:\/\/interamerica.org\/wp-content\/uploads\/2021\/11\/iad-centennial-belize-union-maranatha-church-768x432.jpg 768w\" sizes=\"(max-width: 845px) 100vw, 845px\" \/><p id=\"caption-attachment-78166\" class=\"wp-caption-text\">Los miembros de la reci\u00e9n formada iglesia adventista Marhanain observan la celebraci\u00f3n del centenario en Ciudad de Belice, Belice. [Fotograf\u00eda: Edwin Valiente]<\/p><\/div>El pastor Ted N. C. Wilson, presidente de la Iglesia Adventista, felicit\u00f3 a la iglesia de Interam\u00e9rica por alcanzar ese significativo hito. \u201cEstamos celebrando la providencia de Dios y las actividades que confirman que Dios ha provisto por medio de ustedes\u201d, expres\u00f3. \u201cEn nombre de la familia de la iglesia mundial, los saludamos y celebramos el progreso en la evangelizaci\u00f3n, por medio del poder del Esp\u00edritu Santo y con la participaci\u00f3n de todos los miembros\u201d.<\/p>\n<p>\u201cDios realmente los est\u00e1 bendiciendo. Que puedan seguir Adelante hacia una obra completada por medio del poder de la justicia de Jesucristo, creyendo que aquel que comenz\u00f3 la buena obra en la Divisi\u00f3n Interamericana la completar\u00e1 en el d\u00eda del regreso de nuestro Se\u00f1or Jesucristo\u201d, dijo el pastor Wilson.<\/p>\n<p>Durante la tarde, se continu\u00f3 con un programa con partes musicales de las universidades adventistas e instituciones, que pudo ser visto en l\u00ednea en ingl\u00e9s, espa\u00f1ol y franc\u00e9s.<\/p>\n<p><div id=\"attachment_78142\" style=\"width: 853px\" class=\"wp-caption aligncenter\"><img loading=\"lazy\" decoding=\"async\" aria-describedby=\"caption-attachment-78142\" class=\" wp-image-78142\" src=\"https:\/\/recursing-golick.147-182-135-0.plesk.page\/wp-content\/uploads\/2021\/10\/iad-centennial-staff-wave-1024x640.png\" alt=\"\" width=\"843\" height=\"527\" srcset=\"https:\/\/interamerica.org\/wp-content\/uploads\/2021\/10\/iad-centennial-staff-wave-1024x640.png 1024w, https:\/\/interamerica.org\/wp-content\/uploads\/2021\/10\/iad-centennial-staff-wave-300x188.png 300w, https:\/\/interamerica.org\/wp-content\/uploads\/2021\/10\/iad-centennial-staff-wave-768x480.png 768w, https:\/\/interamerica.org\/wp-content\/uploads\/2021\/10\/iad-centennial-staff-wave.png 1280w\" sizes=\"(max-width: 843px) 100vw, 843px\" \/><p id=\"caption-attachment-78142\" class=\"wp-caption-text\">Un grupo de l\u00edderes y personal saluda desde el frente de la sede de la Divisi\u00f3n Interamericana en Miami, Florida, Estados Unidos, en celebraci\u00f3n de los eventos del centenario que se llevar\u00e1n a cabo durante 2022. [Fotograf\u00eda: captura de pantalla de la DIA]<\/p><\/div>La Divisi\u00f3n Interamericana llevar\u00e1 a cabo su pr\u00f3xima celebraci\u00f3n del centenario en las 24 regiones principales de la iglesia el pr\u00f3ximo 8 de enero de 2022.<\/p>\n<p>Para saber m\u00e1s sobre la celebraci\u00f3n del centenario en Interam\u00e9rica, sus iniciativas y actividades continuadas, visite interamerica.org.<\/p>\n<p>Para mirar el lanzamiento de la Celebraci\u00f3n del Centenario de Interam\u00e9rica del pasado 30 de octubre de 2021, visite los siguientes enlaces:<\/p>\n<p><u>Programa de lanzamiento por la ma\u00f1ana<\/u><\/p>\n<p>Para ingl\u00e9s, ingrese <a href=\"https:\/\/www.youtube.com\/watch?v=MTw4xvLRMls\">AQU\u00cd<\/a><\/p>\n<p>Para espa\u00f1ol, ingrese <a href=\"https:\/\/www.youtube.com\/watch?v=PfzvbFAtwdc\">AQU\u00cd<\/a><\/p>\n<p>Para franc\u00e9s, ingrese <a href=\"https:\/\/www.youtube.com\/watch?v=uC4Hp8yKAT8\">AQU\u00cd<\/a><\/p>\n<p><u>Programa de Festival Musical<\/u><\/p>\n<p>Para ingl\u00e9s, ingrese <a href=\"https:\/\/www.youtube.com\/watch?v=2ScXRt3tSAY\">AQU\u00cd<\/a><\/p>\n<p>Para espa\u00f1ol, ingrese <a href=\"https:\/\/www.youtube.com\/watch?v=jopmd8OAKDg\">AQU\u00cd<\/a><\/p>\n<p>Para franc\u00e9s, ingrese <a href=\"https:\/\/www.youtube.com\/watch?v=1gWLHAR1KCs\">AQU\u00cd<\/a><\/p>\n<p>Traducci\u00f3n de Marcos Paseggi<\/p>\n","protected":false},"excerpt":{"rendered":"<p>31 de octubre de 2021 | Miami, Florida, United States | Libna Stevens, Noticias de la Divisi\u00f3n Interamericana Los principales l\u00edderes adventistas de la Divisi\u00f3n Interamericana no est\u00e1n escatimando recursos&#8230;<\/p>\n","protected":false},"author":3,"featured_media":78133,"comment_status":"closed","ping_status":"closed","sticky":false,"template":"","format":"standard","meta":{"_acf_changed":false,"footnotes":""},"categories":[16,15],"tags":[],"class_list":["post-78246","post","type-post","status-publish","format-standard","has-post-thumbnail","hentry","category-desde-la-sede","category-rss-espanol"],"acf":[],"yoast_head":"<!-- This site is optimized with the Yoast SEO plugin v27.3 - https:\/\/yoast.com\/product\/yoast-seo-wordpress\/ -->\n<title>L\u00edderes adventistas de Interam\u00e9rica lanzan celebraci\u00f3n del centenario, anticipan mayor crecimiento en 2022 - Iglesia Adventista del S\u00e9ptimo D\u00eda - Divisi\u00f3n Interamericana<\/title>\n<meta name=\"robots\" content=\"index, follow, max-snippet:-1, max-image-preview:large, max-video-preview:-1\" \/>\n<link rel=\"canonical\" href=\"https:\/\/interamerica.org\/es\/2021\/11\/lideres-adventistas-de-interamerica-lanzan-celebracion-del-centenario-anticipan-mayor-crecimiento-en-2022\/\" \/>\n<meta property=\"og:locale\" content=\"es_ES\" \/>\n<meta property=\"og:type\" content=\"article\" \/>\n<meta property=\"og:title\" content=\"L\u00edderes adventistas de Interam\u00e9rica lanzan celebraci\u00f3n del centenario, anticipan mayor crecimiento en 2022 - Iglesia Adventista del S\u00e9ptimo D\u00eda - Divisi\u00f3n Interamericana\" \/>\n<meta property=\"og:description\" content=\"31 de octubre de 2021 | Miami, Florida, United States | Libna Stevens, Noticias de la Divisi\u00f3n Interamericana Los principales l\u00edderes adventistas de la Divisi\u00f3n Interamericana no est\u00e1n escatimando recursos...\" \/>\n<meta property=\"og:url\" content=\"https:\/\/interamerica.org\/es\/2021\/11\/lideres-adventistas-de-interamerica-lanzan-celebracion-del-centenario-anticipan-mayor-crecimiento-en-2022\/\" \/>\n<meta property=\"og:site_name\" content=\"Iglesia Adventista del S\u00e9ptimo D\u00eda - Divisi\u00f3n Interamericana\" \/>\n<meta property=\"article:published_time\" content=\"2021-11-01T19:44:16+00:00\" \/>\n<meta property=\"article:modified_time\" content=\"2021-11-02T18:58:25+00:00\" \/>\n<meta property=\"og:image\" content=\"https:\/\/interamerica.org\/wp-content\/uploads\/2021\/10\/iad-centennial-100years-spanish.png\" \/>\n\t<meta property=\"og:image:width\" content=\"1000\" \/>\n\t<meta property=\"og:image:height\" content=\"625\" \/>\n\t<meta property=\"og:image:type\" content=\"image\/png\" \/>\n<meta name=\"author\" content=\"libna\" \/>\n<meta name=\"twitter:card\" content=\"summary_large_image\" \/>\n<meta name=\"twitter:label1\" content=\"Escrito por\" \/>\n\t<meta name=\"twitter:data1\" content=\"libna\" \/>\n\t<meta name=\"twitter:label2\" content=\"Tiempo de lectura\" \/>\n\t<meta name=\"twitter:data2\" content=\"10 minutos\" \/>\n<script type=\"application\/ld+json\" class=\"yoast-schema-graph\">{\"@context\":\"https:\\\/\\\/schema.org\",\"@graph\":[{\"@type\":\"Article\",\"@id\":\"https:\\\/\\\/interamerica.org\\\/es\\\/2021\\\/11\\\/lideres-adventistas-de-interamerica-lanzan-celebracion-del-centenario-anticipan-mayor-crecimiento-en-2022\\\/#article\",\"isPartOf\":{\"@id\":\"https:\\\/\\\/interamerica.org\\\/es\\\/2021\\\/11\\\/lideres-adventistas-de-interamerica-lanzan-celebracion-del-centenario-anticipan-mayor-crecimiento-en-2022\\\/\"},\"author\":{\"name\":\"libna\",\"@id\":\"https:\\\/\\\/interamerica.org\\\/es\\\/#\\\/schema\\\/person\\\/29998f2bc2d8bd0d38662909289b54f1\"},\"headline\":\"L\u00edderes adventistas de Interam\u00e9rica lanzan celebraci\u00f3n del centenario, anticipan mayor crecimiento en 2022\",\"datePublished\":\"2021-11-01T19:44:16+00:00\",\"dateModified\":\"2021-11-02T18:58:25+00:00\",\"mainEntityOfPage\":{\"@id\":\"https:\\\/\\\/interamerica.org\\\/es\\\/2021\\\/11\\\/lideres-adventistas-de-interamerica-lanzan-celebracion-del-centenario-anticipan-mayor-crecimiento-en-2022\\\/\"},\"wordCount\":1992,\"image\":{\"@id\":\"https:\\\/\\\/interamerica.org\\\/es\\\/2021\\\/11\\\/lideres-adventistas-de-interamerica-lanzan-celebracion-del-centenario-anticipan-mayor-crecimiento-en-2022\\\/#primaryimage\"},\"thumbnailUrl\":\"https:\\\/\\\/interamerica.org\\\/wp-content\\\/uploads\\\/2021\\\/10\\\/iad-centennial-100years-spanish.png\",\"articleSection\":[\"Desde la sede\",\"RSS Espa\u00f1ol\"],\"inLanguage\":\"es\"},{\"@type\":\"WebPage\",\"@id\":\"https:\\\/\\\/interamerica.org\\\/es\\\/2021\\\/11\\\/lideres-adventistas-de-interamerica-lanzan-celebracion-del-centenario-anticipan-mayor-crecimiento-en-2022\\\/\",\"url\":\"https:\\\/\\\/interamerica.org\\\/es\\\/2021\\\/11\\\/lideres-adventistas-de-interamerica-lanzan-celebracion-del-centenario-anticipan-mayor-crecimiento-en-2022\\\/\",\"name\":\"L\u00edderes adventistas de Interam\u00e9rica lanzan celebraci\u00f3n del centenario, anticipan mayor crecimiento en 2022 - Iglesia Adventista del S\u00e9ptimo D\u00eda - Divisi\u00f3n Interamericana\",\"isPartOf\":{\"@id\":\"https:\\\/\\\/interamerica.org\\\/es\\\/#website\"},\"primaryImageOfPage\":{\"@id\":\"https:\\\/\\\/interamerica.org\\\/es\\\/2021\\\/11\\\/lideres-adventistas-de-interamerica-lanzan-celebracion-del-centenario-anticipan-mayor-crecimiento-en-2022\\\/#primaryimage\"},\"image\":{\"@id\":\"https:\\\/\\\/interamerica.org\\\/es\\\/2021\\\/11\\\/lideres-adventistas-de-interamerica-lanzan-celebracion-del-centenario-anticipan-mayor-crecimiento-en-2022\\\/#primaryimage\"},\"thumbnailUrl\":\"https:\\\/\\\/interamerica.org\\\/wp-content\\\/uploads\\\/2021\\\/10\\\/iad-centennial-100years-spanish.png\",\"datePublished\":\"2021-11-01T19:44:16+00:00\",\"dateModified\":\"2021-11-02T18:58:25+00:00\",\"author\":{\"@id\":\"https:\\\/\\\/interamerica.org\\\/es\\\/#\\\/schema\\\/person\\\/29998f2bc2d8bd0d38662909289b54f1\"},\"breadcrumb\":{\"@id\":\"https:\\\/\\\/interamerica.org\\\/es\\\/2021\\\/11\\\/lideres-adventistas-de-interamerica-lanzan-celebracion-del-centenario-anticipan-mayor-crecimiento-en-2022\\\/#breadcrumb\"},\"inLanguage\":\"es\",\"potentialAction\":[{\"@type\":\"ReadAction\",\"target\":[\"https:\\\/\\\/interamerica.org\\\/es\\\/2021\\\/11\\\/lideres-adventistas-de-interamerica-lanzan-celebracion-del-centenario-anticipan-mayor-crecimiento-en-2022\\\/\"]}]},{\"@type\":\"ImageObject\",\"inLanguage\":\"es\",\"@id\":\"https:\\\/\\\/interamerica.org\\\/es\\\/2021\\\/11\\\/lideres-adventistas-de-interamerica-lanzan-celebracion-del-centenario-anticipan-mayor-crecimiento-en-2022\\\/#primaryimage\",\"url\":\"https:\\\/\\\/interamerica.org\\\/wp-content\\\/uploads\\\/2021\\\/10\\\/iad-centennial-100years-spanish.png\",\"contentUrl\":\"https:\\\/\\\/interamerica.org\\\/wp-content\\\/uploads\\\/2021\\\/10\\\/iad-centennial-100years-spanish.png\",\"width\":1000,\"height\":625},{\"@type\":\"BreadcrumbList\",\"@id\":\"https:\\\/\\\/interamerica.org\\\/es\\\/2021\\\/11\\\/lideres-adventistas-de-interamerica-lanzan-celebracion-del-centenario-anticipan-mayor-crecimiento-en-2022\\\/#breadcrumb\",\"itemListElement\":[{\"@type\":\"ListItem\",\"position\":1,\"name\":\"Home\",\"item\":\"https:\\\/\\\/interamerica.org\\\/es\\\/\"},{\"@type\":\"ListItem\",\"position\":2,\"name\":\"L\u00edderes adventistas de Interam\u00e9rica lanzan celebraci\u00f3n del centenario, anticipan mayor crecimiento en 2022\"}]},{\"@type\":\"WebSite\",\"@id\":\"https:\\\/\\\/interamerica.org\\\/es\\\/#website\",\"url\":\"https:\\\/\\\/interamerica.org\\\/es\\\/\",\"name\":\"Iglesia Adventista del S\u00e9ptimo D\u00eda - Divisi\u00f3n Interamericana\",\"description\":\"\",\"potentialAction\":[{\"@type\":\"SearchAction\",\"target\":{\"@type\":\"EntryPoint\",\"urlTemplate\":\"https:\\\/\\\/interamerica.org\\\/es\\\/?s={search_term_string}\"},\"query-input\":{\"@type\":\"PropertyValueSpecification\",\"valueRequired\":true,\"valueName\":\"search_term_string\"}}],\"inLanguage\":\"es\"},{\"@type\":\"Person\",\"@id\":\"https:\\\/\\\/interamerica.org\\\/es\\\/#\\\/schema\\\/person\\\/29998f2bc2d8bd0d38662909289b54f1\",\"name\":\"libna\",\"image\":{\"@type\":\"ImageObject\",\"inLanguage\":\"es\",\"@id\":\"https:\\\/\\\/secure.gravatar.com\\\/avatar\\\/7c5bd30ae4b47a9ba3c856590957fd1d96dc588bf3ac05719d247e126840331f?s=96&d=mm&r=g\",\"url\":\"https:\\\/\\\/secure.gravatar.com\\\/avatar\\\/7c5bd30ae4b47a9ba3c856590957fd1d96dc588bf3ac05719d247e126840331f?s=96&d=mm&r=g\",\"contentUrl\":\"https:\\\/\\\/secure.gravatar.com\\\/avatar\\\/7c5bd30ae4b47a9ba3c856590957fd1d96dc588bf3ac05719d247e126840331f?s=96&d=mm&r=g\",\"caption\":\"libna\"}}]}<\/script>\n<!-- \/ Yoast SEO plugin. -->","yoast_head_json":{"title":"L\u00edderes adventistas de Interam\u00e9rica lanzan celebraci\u00f3n del centenario, anticipan mayor crecimiento en 2022 - Iglesia Adventista del S\u00e9ptimo D\u00eda - Divisi\u00f3n Interamericana","robots":{"index":"index","follow":"follow","max-snippet":"max-snippet:-1","max-image-preview":"max-image-preview:large","max-video-preview":"max-video-preview:-1"},"canonical":"https:\/\/interamerica.org\/es\/2021\/11\/lideres-adventistas-de-interamerica-lanzan-celebracion-del-centenario-anticipan-mayor-crecimiento-en-2022\/","og_locale":"es_ES","og_type":"article","og_title":"L\u00edderes adventistas de Interam\u00e9rica lanzan celebraci\u00f3n del centenario, anticipan mayor crecimiento en 2022 - Iglesia Adventista del S\u00e9ptimo D\u00eda - Divisi\u00f3n Interamericana","og_description":"31 de octubre de 2021 | Miami, Florida, United States | Libna Stevens, Noticias de la Divisi\u00f3n Interamericana Los principales l\u00edderes adventistas de la Divisi\u00f3n Interamericana no est\u00e1n escatimando recursos...","og_url":"https:\/\/interamerica.org\/es\/2021\/11\/lideres-adventistas-de-interamerica-lanzan-celebracion-del-centenario-anticipan-mayor-crecimiento-en-2022\/","og_site_name":"Iglesia Adventista del S\u00e9ptimo D\u00eda - Divisi\u00f3n Interamericana","article_published_time":"2021-11-01T19:44:16+00:00","article_modified_time":"2021-11-02T18:58:25+00:00","og_image":[{"width":1000,"height":625,"url":"https:\/\/interamerica.org\/wp-content\/uploads\/2021\/10\/iad-centennial-100years-spanish.png","type":"image\/png"}],"author":"libna","twitter_card":"summary_large_image","twitter_misc":{"Escrito por":"libna","Tiempo de lectura":"10 minutos"},"schema":{"@context":"https:\/\/schema.org","@graph":[{"@type":"Article","@id":"https:\/\/interamerica.org\/es\/2021\/11\/lideres-adventistas-de-interamerica-lanzan-celebracion-del-centenario-anticipan-mayor-crecimiento-en-2022\/#article","isPartOf":{"@id":"https:\/\/interamerica.org\/es\/2021\/11\/lideres-adventistas-de-interamerica-lanzan-celebracion-del-centenario-anticipan-mayor-crecimiento-en-2022\/"},"author":{"name":"libna","@id":"https:\/\/interamerica.org\/es\/#\/schema\/person\/29998f2bc2d8bd0d38662909289b54f1"},"headline":"L\u00edderes adventistas de Interam\u00e9rica lanzan celebraci\u00f3n del centenario, anticipan mayor crecimiento en 2022","datePublished":"2021-11-01T19:44:16+00:00","dateModified":"2021-11-02T18:58:25+00:00","mainEntityOfPage":{"@id":"https:\/\/interamerica.org\/es\/2021\/11\/lideres-adventistas-de-interamerica-lanzan-celebracion-del-centenario-anticipan-mayor-crecimiento-en-2022\/"},"wordCount":1992,"image":{"@id":"https:\/\/interamerica.org\/es\/2021\/11\/lideres-adventistas-de-interamerica-lanzan-celebracion-del-centenario-anticipan-mayor-crecimiento-en-2022\/#primaryimage"},"thumbnailUrl":"https:\/\/interamerica.org\/wp-content\/uploads\/2021\/10\/iad-centennial-100years-spanish.png","articleSection":["Desde la sede","RSS Espa\u00f1ol"],"inLanguage":"es"},{"@type":"WebPage","@id":"https:\/\/interamerica.org\/es\/2021\/11\/lideres-adventistas-de-interamerica-lanzan-celebracion-del-centenario-anticipan-mayor-crecimiento-en-2022\/","url":"https:\/\/interamerica.org\/es\/2021\/11\/lideres-adventistas-de-interamerica-lanzan-celebracion-del-centenario-anticipan-mayor-crecimiento-en-2022\/","name":"L\u00edderes adventistas de Interam\u00e9rica lanzan celebraci\u00f3n del centenario, anticipan mayor crecimiento en 2022 - Iglesia Adventista del S\u00e9ptimo D\u00eda - Divisi\u00f3n Interamericana","isPartOf":{"@id":"https:\/\/interamerica.org\/es\/#website"},"primaryImageOfPage":{"@id":"https:\/\/interamerica.org\/es\/2021\/11\/lideres-adventistas-de-interamerica-lanzan-celebracion-del-centenario-anticipan-mayor-crecimiento-en-2022\/#primaryimage"},"image":{"@id":"https:\/\/interamerica.org\/es\/2021\/11\/lideres-adventistas-de-interamerica-lanzan-celebracion-del-centenario-anticipan-mayor-crecimiento-en-2022\/#primaryimage"},"thumbnailUrl":"https:\/\/interamerica.org\/wp-content\/uploads\/2021\/10\/iad-centennial-100years-spanish.png","datePublished":"2021-11-01T19:44:16+00:00","dateModified":"2021-11-02T18:58:25+00:00","author":{"@id":"https:\/\/interamerica.org\/es\/#\/schema\/person\/29998f2bc2d8bd0d38662909289b54f1"},"breadcrumb":{"@id":"https:\/\/interamerica.org\/es\/2021\/11\/lideres-adventistas-de-interamerica-lanzan-celebracion-del-centenario-anticipan-mayor-crecimiento-en-2022\/#breadcrumb"},"inLanguage":"es","potentialAction":[{"@type":"ReadAction","target":["https:\/\/interamerica.org\/es\/2021\/11\/lideres-adventistas-de-interamerica-lanzan-celebracion-del-centenario-anticipan-mayor-crecimiento-en-2022\/"]}]},{"@type":"ImageObject","inLanguage":"es","@id":"https:\/\/interamerica.org\/es\/2021\/11\/lideres-adventistas-de-interamerica-lanzan-celebracion-del-centenario-anticipan-mayor-crecimiento-en-2022\/#primaryimage","url":"https:\/\/interamerica.org\/wp-content\/uploads\/2021\/10\/iad-centennial-100years-spanish.png","contentUrl":"https:\/\/interamerica.org\/wp-content\/uploads\/2021\/10\/iad-centennial-100years-spanish.png","width":1000,"height":625},{"@type":"BreadcrumbList","@id":"https:\/\/interamerica.org\/es\/2021\/11\/lideres-adventistas-de-interamerica-lanzan-celebracion-del-centenario-anticipan-mayor-crecimiento-en-2022\/#breadcrumb","itemListElement":[{"@type":"ListItem","position":1,"name":"Home","item":"https:\/\/interamerica.org\/es\/"},{"@type":"ListItem","position":2,"name":"L\u00edderes adventistas de Interam\u00e9rica lanzan celebraci\u00f3n del centenario, anticipan mayor crecimiento en 2022"}]},{"@type":"WebSite","@id":"https:\/\/interamerica.org\/es\/#website","url":"https:\/\/interamerica.org\/es\/","name":"Iglesia Adventista del S\u00e9ptimo D\u00eda - Divisi\u00f3n Interamericana","description":"","potentialAction":[{"@type":"SearchAction","target":{"@type":"EntryPoint","urlTemplate":"https:\/\/interamerica.org\/es\/?s={search_term_string}"},"query-input":{"@type":"PropertyValueSpecification","valueRequired":true,"valueName":"search_term_string"}}],"inLanguage":"es"},{"@type":"Person","@id":"https:\/\/interamerica.org\/es\/#\/schema\/person\/29998f2bc2d8bd0d38662909289b54f1","name":"libna","image":{"@type":"ImageObject","inLanguage":"es","@id":"https:\/\/secure.gravatar.com\/avatar\/7c5bd30ae4b47a9ba3c856590957fd1d96dc588bf3ac05719d247e126840331f?s=96&d=mm&r=g","url":"https:\/\/secure.gravatar.com\/avatar\/7c5bd30ae4b47a9ba3c856590957fd1d96dc588bf3ac05719d247e126840331f?s=96&d=mm&r=g","contentUrl":"https:\/\/secure.gravatar.com\/avatar\/7c5bd30ae4b47a9ba3c856590957fd1d96dc588bf3ac05719d247e126840331f?s=96&d=mm&r=g","caption":"libna"}}]}},"_links":{"self":[{"href":"https:\/\/interamerica.org\/es\/wp-json\/wp\/v2\/posts\/78246","targetHints":{"allow":["GET"]}}],"collection":[{"href":"https:\/\/interamerica.org\/es\/wp-json\/wp\/v2\/posts"}],"about":[{"href":"https:\/\/interamerica.org\/es\/wp-json\/wp\/v2\/types\/post"}],"author":[{"embeddable":true,"href":"https:\/\/interamerica.org\/es\/wp-json\/wp\/v2\/users\/3"}],"replies":[{"embeddable":true,"href":"https:\/\/interamerica.org\/es\/wp-json\/wp\/v2\/comments?post=78246"}],"version-history":[{"count":0,"href":"https:\/\/interamerica.org\/es\/wp-json\/wp\/v2\/posts\/78246\/revisions"}],"wp:featuredmedia":[{"embeddable":true,"href":"https:\/\/interamerica.org\/es\/wp-json\/wp\/v2\/media\/78133"}],"wp:attachment":[{"href":"https:\/\/interamerica.org\/es\/wp-json\/wp\/v2\/media?parent=78246"}],"wp:term":[{"taxonomy":"category","embeddable":true,"href":"https:\/\/interamerica.org\/es\/wp-json\/wp\/v2\/categories?post=78246"},{"taxonomy":"post_tag","embeddable":true,"href":"https:\/\/interamerica.org\/es\/wp-json\/wp\/v2\/tags?post=78246"}],"curies":[{"name":"wp","href":"https:\/\/api.w.org\/{rel}","templated":true}]}}