{"id":78749,"date":"2021-11-10T09:00:35","date_gmt":"2021-11-10T13:00:35","guid":{"rendered":"https:\/\/recursing-golick.147-182-135-0.plesk.page\/?p=78749"},"modified":"2021-11-16T20:54:47","modified_gmt":"2021-11-17T00:54:47","slug":"la-final-de-la-conexion-biblica-anual-de-interamerica-tendra-lugar-el-20-de-noviembre","status":"publish","type":"post","link":"https:\/\/interamerica.org\/es\/2021\/11\/la-final-de-la-conexion-biblica-anual-de-interamerica-tendra-lugar-el-20-de-noviembre\/","title":{"rendered":"La final de la Conexi\u00f3n B\u00edblica Anual de Interam\u00e9rica tendr\u00e1 lugar el 20 de noviembre"},"content":{"rendered":"<p>10 de noviembre de 2021 | Miami, Florida, Estados Unidos | Libna Stevens, Noticias de la Divisi\u00f3n Interamericana<\/p>\n<p>Los finalistas de cada una de las 24 uniones de Interam\u00e9rica competir\u00e1n cabeza a cabeza en la final de la Conexi\u00f3n B\u00edblica de este a\u00f1o. El evento ser\u00e1 transmitido en vivo el s\u00e1bado 20 de noviembre de 2021 desde Tuxtla Guti\u00e9rrez, en Chiapas, M\u00e9xico.<\/p>\n<p>\u201cEstamos muy entusiasmados de poder reunir una vez m\u00e1s a nuestros 24 finalistas en l\u00ednea para la competencial final del territorio, en una iniciativa que ha involucrado a tantos j\u00f3venes, desde Aventureros a estudiantes universitarios\u201d, dijo Al Powell, director de ministerios j\u00f3venes de la Iglesia Adventista en Interam\u00e9rica. La Conexi\u00f3n B\u00edblica busca que m\u00e1s j\u00f3venes adquieran el h\u00e1bito de estudiar sus Biblias y extraigan importantes lecciones de vida al enfrentar los desaf\u00edos diarios en la vida, dijo.<\/p>\n<p>Durante la final, los participantes responder\u00e1n ochenta preguntas basadas en el libro de los Salmos 1-46, y los pasajes correspondientes del libro Patriarcas y profetas, de Elena G. White, una de las fundadoras de la Iglesia Adventista.<\/p>\n<p>Estudiar sobre David y sobre c\u00f3mo enfrent\u00f3 desaf\u00edos y se mantuvo de parte de Dios es una de las m\u00e1s grandes lecciones para los j\u00f3venes actuales, dijo Powell. \u201cQueremos que nuestros j\u00f3venes se mantengan de parte de Dios, aun cuando enfrenten todo tipo de desaf\u00edos, por lo que ha producido la pandemia\u201d, dijo. \u201cLas promesas de la Biblia pueden elevarnos y ense\u00f1arnos que Dios est\u00e1 all\u00ed para defendernos no importa lo que pase\u201d.<\/p>\n<p>La competencia final de este a\u00f1o ser\u00e1 una vez m\u00e1s llevada a cabo en l\u00ednea, debido a las restricciones de viaje como resultado de la pandemia, dijo Powell. A pesar de ello, el programa ser\u00e1 transmitido desde Chiapas, y hecho posible gracias a un peque\u00f1o equipo t\u00e9cnico y a sus conductores.<\/p>\n<p>\u201cHemos tenido dos finalistas de la Conexi\u00f3n B\u00edblica procedentes de Chiapas en los \u00faltimos a\u00f1os, y decidimos transmitirlo desde su estudio de medios en la sede de la uni\u00f3n\u201d, explic\u00f3 Powell.<\/p>\n<p>El evento estar\u00e1 disponible en l\u00ednea a partir de las 16:00, Hora de Miami, en ingl\u00e9s, espa\u00f1ol y franc\u00e9s, en <a href=\"https:\/\/urldefense.proofpoint.com\/v2\/url?u=https-3A__www.youtube.com_c_InterAmericanDivision&amp;d=DwMFaQ&amp;c=tjPg1sbLxZ1bjgTYa5hhdyzvrRQ5lIm-1PubXARxg7w&amp;r=QRxhZ6zzWfakIxmZLcYU5ZN_w8zIA8rJMh2h-7AoibY&amp;m=pcCjjKkkgbpJX-WhKZxd8pUKWWknKj4jHuaFA0hB5tlh8wKiPTnlQ9OtL-emKnUg&amp;s=CekJS7GckhjU8S-AYD4ZdFjpn7xrV-j-qk3pRC7F5BQ&amp;e=\" data-saferedirecturl=\"https:\/\/www.google.com\/url?q=https:\/\/urldefense.proofpoint.com\/v2\/url?u%3Dhttps-3A__www.youtube.com_c_InterAmericanDivision%26d%3DDwMFaQ%26c%3DtjPg1sbLxZ1bjgTYa5hhdyzvrRQ5lIm-1PubXARxg7w%26r%3DQRxhZ6zzWfakIxmZLcYU5ZN_w8zIA8rJMh2h-7AoibY%26m%3DpcCjjKkkgbpJX-WhKZxd8pUKWWknKj4jHuaFA0hB5tlh8wKiPTnlQ9OtL-emKnUg%26s%3DCekJS7GckhjU8S-AYD4ZdFjpn7xrV-j-qk3pRC7F5BQ%26e%3D&amp;source=gmail&amp;ust=1636584373127000&amp;usg=AFQjCNFbs-4Nodk-f4Io8_DnV2DQbQNY-Q\">webcast.interamerica.org<\/a>.<\/p>\n<p>Los finalistas de este a\u00f1o son:<\/p>\n<p><strong>Uni\u00f3n del Atl\u00e1ntico del Caribe:<\/strong> Joshelyn Wood<\/p>\n<p><strong>Uni\u00f3n de Belice:<\/strong> Jackyn Westby<\/p>\n<p><strong>Uni\u00f3n del Caribe:<\/strong> Xabisa Hamilton<\/p>\n<p><strong>Uni\u00f3n Mexicana Central:<\/strong> Karen Contreras Vel\u00e1zquez<\/p>\n<p><strong>Uni\u00f3n Mexicana de Chiapas:<\/strong> Julia Sof\u00eda Arteaga<\/p>\n<p><strong>Uni\u00f3n Cubana:<\/strong> H\u00e9ctor Jos\u00e9 Zaldivar<\/p>\n<p><strong>Uni\u00f3n Dominicana:<\/strong> Wilmer Alexander Buten<\/p>\n<p><strong>Uni\u00f3n del Caribe Holand\u00e9s:<\/strong> Auner Posso<\/p>\n<p><strong>Uni\u00f3n Venezolana Oriental:<\/strong> Samuel Monta\u00f1o<\/p>\n<p><strong>Uni\u00f3n Salvadore\u00f1a:<\/strong> Kenia Elizabeth Sales<\/p>\n<p><strong>Uni\u00f3n de las Antillas Francesas y Guyana:<\/strong> Sa\u00efda Sebas<\/p>\n<p><strong>Uni\u00f3n Guatemalteca:<\/strong> Iveth Mar\u00eda Galv\u00e9z<\/p>\n<p><strong>Uni\u00f3n Haitiana:<\/strong> Davidson Monfl\u00e9us<\/p>\n<p><strong>Uni\u00f3n de Honduras:<\/strong> Abner David Padilla Velasquez<\/p>\n<p><strong>Uni\u00f3n Mexicana Interoc\u00e9anica:<\/strong> Josu\u00e9 David Merino Merino<\/p>\n<p><strong>Uni\u00f3n de Jamaica:<\/strong> Kimesha Chambers<\/p>\n<p><strong>Uni\u00f3n Colombiana del Norte:<\/strong> Cristian Bejarano Acosta<\/p>\n<p><strong>Uni\u00f3n Mexicana del Norte:<\/strong> \u00c1ngel Daniel Flores Sandoval.<\/p>\n<p><strong>Uni\u00f3n de Panam\u00e1:<\/strong> Jennifer C\u00f3rdoba<\/p>\n<p><strong>Uni\u00f3n Puertorrique\u00f1a:<\/strong> Roxangie N. Cosme Acevedo<\/p>\n<p><strong>Uni\u00f3n Centroamericana del Sur:<\/strong> Yerid Ruiz<\/p>\n<p><strong>Uni\u00f3n Colombiana del Sur:<\/strong> Kevin Andr\u00e9s Espa\u00f1a Gir\u00f3n<\/p>\n<p><strong>Uni\u00f3n Mexicana del Sureste:<\/strong> Adriana Aguiar Zu\u00f1iga<\/p>\n<p><strong>Uni\u00f3n Venezolana Occidental:<\/strong> Jes\u00fas Castro<\/p>\n<p>Traducci\u00f3n de Marcos Paseggi<\/p>\n","protected":false},"excerpt":{"rendered":"<p>10 de noviembre de 2021 | Miami, Florida, Estados Unidos | Libna Stevens, Noticias de la Divisi\u00f3n Interamericana Los finalistas de cada una de las 24 uniones de Interam\u00e9rica competir\u00e1n&#8230;<\/p>\n","protected":false},"author":3,"featured_media":53363,"comment_status":"closed","ping_status":"closed","sticky":false,"template":"","format":"standard","meta":{"_acf_changed":false,"footnotes":""},"categories":[16,15],"tags":[],"class_list":["post-78749","post","type-post","status-publish","format-standard","has-post-thumbnail","hentry","category-desde-la-sede","category-rss-espanol"],"acf":[],"yoast_head":"<!-- This site is optimized with the Yoast SEO plugin v27.3 - https:\/\/yoast.com\/product\/yoast-seo-wordpress\/ -->\n<title>La final de la Conexi\u00f3n B\u00edblica Anual de Interam\u00e9rica tendr\u00e1 lugar el 20 de noviembre - Iglesia Adventista del S\u00e9ptimo D\u00eda - Divisi\u00f3n Interamericana<\/title>\n<meta name=\"robots\" content=\"index, follow, max-snippet:-1, max-image-preview:large, max-video-preview:-1\" \/>\n<link rel=\"canonical\" href=\"https:\/\/interamerica.org\/es\/2021\/11\/la-final-de-la-conexion-biblica-anual-de-interamerica-tendra-lugar-el-20-de-noviembre\/\" \/>\n<meta property=\"og:locale\" content=\"es_ES\" \/>\n<meta property=\"og:type\" content=\"article\" \/>\n<meta property=\"og:title\" content=\"La final de la Conexi\u00f3n B\u00edblica Anual de Interam\u00e9rica tendr\u00e1 lugar el 20 de noviembre - Iglesia Adventista del S\u00e9ptimo D\u00eda - Divisi\u00f3n Interamericana\" \/>\n<meta property=\"og:description\" content=\"10 de noviembre de 2021 | Miami, Florida, Estados Unidos | Libna Stevens, Noticias de la Divisi\u00f3n Interamericana Los finalistas de cada una de las 24 uniones de Interam\u00e9rica competir\u00e1n...\" \/>\n<meta property=\"og:url\" content=\"https:\/\/interamerica.org\/es\/2021\/11\/la-final-de-la-conexion-biblica-anual-de-interamerica-tendra-lugar-el-20-de-noviembre\/\" \/>\n<meta property=\"og:site_name\" content=\"Iglesia Adventista del S\u00e9ptimo D\u00eda - Divisi\u00f3n Interamericana\" \/>\n<meta property=\"article:published_time\" content=\"2021-11-10T13:00:35+00:00\" \/>\n<meta property=\"article:modified_time\" content=\"2021-11-17T00:54:47+00:00\" \/>\n<meta property=\"og:image\" content=\"https:\/\/interamerica.org\/wp-content\/uploads\/2019\/11\/bible-connection.jpg\" \/>\n\t<meta property=\"og:image:width\" content=\"1280\" \/>\n\t<meta property=\"og:image:height\" content=\"800\" \/>\n\t<meta property=\"og:image:type\" content=\"image\/jpeg\" \/>\n<meta name=\"author\" content=\"libna\" \/>\n<meta name=\"twitter:card\" content=\"summary_large_image\" \/>\n<meta name=\"twitter:label1\" content=\"Escrito por\" \/>\n\t<meta name=\"twitter:data1\" content=\"libna\" \/>\n\t<meta name=\"twitter:label2\" content=\"Tiempo de lectura\" \/>\n\t<meta name=\"twitter:data2\" content=\"3 minutos\" \/>\n<script type=\"application\/ld+json\" class=\"yoast-schema-graph\">{\"@context\":\"https:\\\/\\\/schema.org\",\"@graph\":[{\"@type\":\"Article\",\"@id\":\"https:\\\/\\\/interamerica.org\\\/es\\\/2021\\\/11\\\/la-final-de-la-conexion-biblica-anual-de-interamerica-tendra-lugar-el-20-de-noviembre\\\/#article\",\"isPartOf\":{\"@id\":\"https:\\\/\\\/interamerica.org\\\/es\\\/2021\\\/11\\\/la-final-de-la-conexion-biblica-anual-de-interamerica-tendra-lugar-el-20-de-noviembre\\\/\"},\"author\":{\"name\":\"libna\",\"@id\":\"https:\\\/\\\/interamerica.org\\\/es\\\/#\\\/schema\\\/person\\\/29998f2bc2d8bd0d38662909289b54f1\"},\"headline\":\"La final de la Conexi\u00f3n B\u00edblica Anual de Interam\u00e9rica tendr\u00e1 lugar el 20 de noviembre\",\"datePublished\":\"2021-11-10T13:00:35+00:00\",\"dateModified\":\"2021-11-17T00:54:47+00:00\",\"mainEntityOfPage\":{\"@id\":\"https:\\\/\\\/interamerica.org\\\/es\\\/2021\\\/11\\\/la-final-de-la-conexion-biblica-anual-de-interamerica-tendra-lugar-el-20-de-noviembre\\\/\"},\"wordCount\":603,\"image\":{\"@id\":\"https:\\\/\\\/interamerica.org\\\/es\\\/2021\\\/11\\\/la-final-de-la-conexion-biblica-anual-de-interamerica-tendra-lugar-el-20-de-noviembre\\\/#primaryimage\"},\"thumbnailUrl\":\"https:\\\/\\\/interamerica.org\\\/wp-content\\\/uploads\\\/2019\\\/11\\\/bible-connection.jpg\",\"articleSection\":[\"Desde la sede\",\"RSS Espa\u00f1ol\"],\"inLanguage\":\"es\"},{\"@type\":\"WebPage\",\"@id\":\"https:\\\/\\\/interamerica.org\\\/es\\\/2021\\\/11\\\/la-final-de-la-conexion-biblica-anual-de-interamerica-tendra-lugar-el-20-de-noviembre\\\/\",\"url\":\"https:\\\/\\\/interamerica.org\\\/es\\\/2021\\\/11\\\/la-final-de-la-conexion-biblica-anual-de-interamerica-tendra-lugar-el-20-de-noviembre\\\/\",\"name\":\"La final de la Conexi\u00f3n B\u00edblica Anual de Interam\u00e9rica tendr\u00e1 lugar el 20 de noviembre - Iglesia Adventista del S\u00e9ptimo D\u00eda - Divisi\u00f3n Interamericana\",\"isPartOf\":{\"@id\":\"https:\\\/\\\/interamerica.org\\\/es\\\/#website\"},\"primaryImageOfPage\":{\"@id\":\"https:\\\/\\\/interamerica.org\\\/es\\\/2021\\\/11\\\/la-final-de-la-conexion-biblica-anual-de-interamerica-tendra-lugar-el-20-de-noviembre\\\/#primaryimage\"},\"image\":{\"@id\":\"https:\\\/\\\/interamerica.org\\\/es\\\/2021\\\/11\\\/la-final-de-la-conexion-biblica-anual-de-interamerica-tendra-lugar-el-20-de-noviembre\\\/#primaryimage\"},\"thumbnailUrl\":\"https:\\\/\\\/interamerica.org\\\/wp-content\\\/uploads\\\/2019\\\/11\\\/bible-connection.jpg\",\"datePublished\":\"2021-11-10T13:00:35+00:00\",\"dateModified\":\"2021-11-17T00:54:47+00:00\",\"author\":{\"@id\":\"https:\\\/\\\/interamerica.org\\\/es\\\/#\\\/schema\\\/person\\\/29998f2bc2d8bd0d38662909289b54f1\"},\"breadcrumb\":{\"@id\":\"https:\\\/\\\/interamerica.org\\\/es\\\/2021\\\/11\\\/la-final-de-la-conexion-biblica-anual-de-interamerica-tendra-lugar-el-20-de-noviembre\\\/#breadcrumb\"},\"inLanguage\":\"es\",\"potentialAction\":[{\"@type\":\"ReadAction\",\"target\":[\"https:\\\/\\\/interamerica.org\\\/es\\\/2021\\\/11\\\/la-final-de-la-conexion-biblica-anual-de-interamerica-tendra-lugar-el-20-de-noviembre\\\/\"]}]},{\"@type\":\"ImageObject\",\"inLanguage\":\"es\",\"@id\":\"https:\\\/\\\/interamerica.org\\\/es\\\/2021\\\/11\\\/la-final-de-la-conexion-biblica-anual-de-interamerica-tendra-lugar-el-20-de-noviembre\\\/#primaryimage\",\"url\":\"https:\\\/\\\/interamerica.org\\\/wp-content\\\/uploads\\\/2019\\\/11\\\/bible-connection.jpg\",\"contentUrl\":\"https:\\\/\\\/interamerica.org\\\/wp-content\\\/uploads\\\/2019\\\/11\\\/bible-connection.jpg\",\"width\":1280,\"height\":800},{\"@type\":\"BreadcrumbList\",\"@id\":\"https:\\\/\\\/interamerica.org\\\/es\\\/2021\\\/11\\\/la-final-de-la-conexion-biblica-anual-de-interamerica-tendra-lugar-el-20-de-noviembre\\\/#breadcrumb\",\"itemListElement\":[{\"@type\":\"ListItem\",\"position\":1,\"name\":\"Home\",\"item\":\"https:\\\/\\\/interamerica.org\\\/es\\\/\"},{\"@type\":\"ListItem\",\"position\":2,\"name\":\"La final de la Conexi\u00f3n B\u00edblica Anual de Interam\u00e9rica tendr\u00e1 lugar el 20 de noviembre\"}]},{\"@type\":\"WebSite\",\"@id\":\"https:\\\/\\\/interamerica.org\\\/es\\\/#website\",\"url\":\"https:\\\/\\\/interamerica.org\\\/es\\\/\",\"name\":\"Iglesia Adventista del S\u00e9ptimo D\u00eda - Divisi\u00f3n Interamericana\",\"description\":\"\",\"potentialAction\":[{\"@type\":\"SearchAction\",\"target\":{\"@type\":\"EntryPoint\",\"urlTemplate\":\"https:\\\/\\\/interamerica.org\\\/es\\\/?s={search_term_string}\"},\"query-input\":{\"@type\":\"PropertyValueSpecification\",\"valueRequired\":true,\"valueName\":\"search_term_string\"}}],\"inLanguage\":\"es\"},{\"@type\":\"Person\",\"@id\":\"https:\\\/\\\/interamerica.org\\\/es\\\/#\\\/schema\\\/person\\\/29998f2bc2d8bd0d38662909289b54f1\",\"name\":\"libna\",\"image\":{\"@type\":\"ImageObject\",\"inLanguage\":\"es\",\"@id\":\"https:\\\/\\\/secure.gravatar.com\\\/avatar\\\/7c5bd30ae4b47a9ba3c856590957fd1d96dc588bf3ac05719d247e126840331f?s=96&d=mm&r=g\",\"url\":\"https:\\\/\\\/secure.gravatar.com\\\/avatar\\\/7c5bd30ae4b47a9ba3c856590957fd1d96dc588bf3ac05719d247e126840331f?s=96&d=mm&r=g\",\"contentUrl\":\"https:\\\/\\\/secure.gravatar.com\\\/avatar\\\/7c5bd30ae4b47a9ba3c856590957fd1d96dc588bf3ac05719d247e126840331f?s=96&d=mm&r=g\",\"caption\":\"libna\"}}]}<\/script>\n<!-- \/ Yoast SEO plugin. -->","yoast_head_json":{"title":"La final de la Conexi\u00f3n B\u00edblica Anual de Interam\u00e9rica tendr\u00e1 lugar el 20 de noviembre - Iglesia Adventista del S\u00e9ptimo D\u00eda - Divisi\u00f3n Interamericana","robots":{"index":"index","follow":"follow","max-snippet":"max-snippet:-1","max-image-preview":"max-image-preview:large","max-video-preview":"max-video-preview:-1"},"canonical":"https:\/\/interamerica.org\/es\/2021\/11\/la-final-de-la-conexion-biblica-anual-de-interamerica-tendra-lugar-el-20-de-noviembre\/","og_locale":"es_ES","og_type":"article","og_title":"La final de la Conexi\u00f3n B\u00edblica Anual de Interam\u00e9rica tendr\u00e1 lugar el 20 de noviembre - Iglesia Adventista del S\u00e9ptimo D\u00eda - Divisi\u00f3n Interamericana","og_description":"10 de noviembre de 2021 | Miami, Florida, Estados Unidos | Libna Stevens, Noticias de la Divisi\u00f3n Interamericana Los finalistas de cada una de las 24 uniones de Interam\u00e9rica competir\u00e1n...","og_url":"https:\/\/interamerica.org\/es\/2021\/11\/la-final-de-la-conexion-biblica-anual-de-interamerica-tendra-lugar-el-20-de-noviembre\/","og_site_name":"Iglesia Adventista del S\u00e9ptimo D\u00eda - Divisi\u00f3n Interamericana","article_published_time":"2021-11-10T13:00:35+00:00","article_modified_time":"2021-11-17T00:54:47+00:00","og_image":[{"width":1280,"height":800,"url":"https:\/\/interamerica.org\/wp-content\/uploads\/2019\/11\/bible-connection.jpg","type":"image\/jpeg"}],"author":"libna","twitter_card":"summary_large_image","twitter_misc":{"Escrito por":"libna","Tiempo de lectura":"3 minutos"},"schema":{"@context":"https:\/\/schema.org","@graph":[{"@type":"Article","@id":"https:\/\/interamerica.org\/es\/2021\/11\/la-final-de-la-conexion-biblica-anual-de-interamerica-tendra-lugar-el-20-de-noviembre\/#article","isPartOf":{"@id":"https:\/\/interamerica.org\/es\/2021\/11\/la-final-de-la-conexion-biblica-anual-de-interamerica-tendra-lugar-el-20-de-noviembre\/"},"author":{"name":"libna","@id":"https:\/\/interamerica.org\/es\/#\/schema\/person\/29998f2bc2d8bd0d38662909289b54f1"},"headline":"La final de la Conexi\u00f3n B\u00edblica Anual de Interam\u00e9rica tendr\u00e1 lugar el 20 de noviembre","datePublished":"2021-11-10T13:00:35+00:00","dateModified":"2021-11-17T00:54:47+00:00","mainEntityOfPage":{"@id":"https:\/\/interamerica.org\/es\/2021\/11\/la-final-de-la-conexion-biblica-anual-de-interamerica-tendra-lugar-el-20-de-noviembre\/"},"wordCount":603,"image":{"@id":"https:\/\/interamerica.org\/es\/2021\/11\/la-final-de-la-conexion-biblica-anual-de-interamerica-tendra-lugar-el-20-de-noviembre\/#primaryimage"},"thumbnailUrl":"https:\/\/interamerica.org\/wp-content\/uploads\/2019\/11\/bible-connection.jpg","articleSection":["Desde la sede","RSS Espa\u00f1ol"],"inLanguage":"es"},{"@type":"WebPage","@id":"https:\/\/interamerica.org\/es\/2021\/11\/la-final-de-la-conexion-biblica-anual-de-interamerica-tendra-lugar-el-20-de-noviembre\/","url":"https:\/\/interamerica.org\/es\/2021\/11\/la-final-de-la-conexion-biblica-anual-de-interamerica-tendra-lugar-el-20-de-noviembre\/","name":"La final de la Conexi\u00f3n B\u00edblica Anual de Interam\u00e9rica tendr\u00e1 lugar el 20 de noviembre - Iglesia Adventista del S\u00e9ptimo D\u00eda - Divisi\u00f3n Interamericana","isPartOf":{"@id":"https:\/\/interamerica.org\/es\/#website"},"primaryImageOfPage":{"@id":"https:\/\/interamerica.org\/es\/2021\/11\/la-final-de-la-conexion-biblica-anual-de-interamerica-tendra-lugar-el-20-de-noviembre\/#primaryimage"},"image":{"@id":"https:\/\/interamerica.org\/es\/2021\/11\/la-final-de-la-conexion-biblica-anual-de-interamerica-tendra-lugar-el-20-de-noviembre\/#primaryimage"},"thumbnailUrl":"https:\/\/interamerica.org\/wp-content\/uploads\/2019\/11\/bible-connection.jpg","datePublished":"2021-11-10T13:00:35+00:00","dateModified":"2021-11-17T00:54:47+00:00","author":{"@id":"https:\/\/interamerica.org\/es\/#\/schema\/person\/29998f2bc2d8bd0d38662909289b54f1"},"breadcrumb":{"@id":"https:\/\/interamerica.org\/es\/2021\/11\/la-final-de-la-conexion-biblica-anual-de-interamerica-tendra-lugar-el-20-de-noviembre\/#breadcrumb"},"inLanguage":"es","potentialAction":[{"@type":"ReadAction","target":["https:\/\/interamerica.org\/es\/2021\/11\/la-final-de-la-conexion-biblica-anual-de-interamerica-tendra-lugar-el-20-de-noviembre\/"]}]},{"@type":"ImageObject","inLanguage":"es","@id":"https:\/\/interamerica.org\/es\/2021\/11\/la-final-de-la-conexion-biblica-anual-de-interamerica-tendra-lugar-el-20-de-noviembre\/#primaryimage","url":"https:\/\/interamerica.org\/wp-content\/uploads\/2019\/11\/bible-connection.jpg","contentUrl":"https:\/\/interamerica.org\/wp-content\/uploads\/2019\/11\/bible-connection.jpg","width":1280,"height":800},{"@type":"BreadcrumbList","@id":"https:\/\/interamerica.org\/es\/2021\/11\/la-final-de-la-conexion-biblica-anual-de-interamerica-tendra-lugar-el-20-de-noviembre\/#breadcrumb","itemListElement":[{"@type":"ListItem","position":1,"name":"Home","item":"https:\/\/interamerica.org\/es\/"},{"@type":"ListItem","position":2,"name":"La final de la Conexi\u00f3n B\u00edblica Anual de Interam\u00e9rica tendr\u00e1 lugar el 20 de noviembre"}]},{"@type":"WebSite","@id":"https:\/\/interamerica.org\/es\/#website","url":"https:\/\/interamerica.org\/es\/","name":"Iglesia Adventista del S\u00e9ptimo D\u00eda - Divisi\u00f3n Interamericana","description":"","potentialAction":[{"@type":"SearchAction","target":{"@type":"EntryPoint","urlTemplate":"https:\/\/interamerica.org\/es\/?s={search_term_string}"},"query-input":{"@type":"PropertyValueSpecification","valueRequired":true,"valueName":"search_term_string"}}],"inLanguage":"es"},{"@type":"Person","@id":"https:\/\/interamerica.org\/es\/#\/schema\/person\/29998f2bc2d8bd0d38662909289b54f1","name":"libna","image":{"@type":"ImageObject","inLanguage":"es","@id":"https:\/\/secure.gravatar.com\/avatar\/7c5bd30ae4b47a9ba3c856590957fd1d96dc588bf3ac05719d247e126840331f?s=96&d=mm&r=g","url":"https:\/\/secure.gravatar.com\/avatar\/7c5bd30ae4b47a9ba3c856590957fd1d96dc588bf3ac05719d247e126840331f?s=96&d=mm&r=g","contentUrl":"https:\/\/secure.gravatar.com\/avatar\/7c5bd30ae4b47a9ba3c856590957fd1d96dc588bf3ac05719d247e126840331f?s=96&d=mm&r=g","caption":"libna"}}]}},"_links":{"self":[{"href":"https:\/\/interamerica.org\/es\/wp-json\/wp\/v2\/posts\/78749","targetHints":{"allow":["GET"]}}],"collection":[{"href":"https:\/\/interamerica.org\/es\/wp-json\/wp\/v2\/posts"}],"about":[{"href":"https:\/\/interamerica.org\/es\/wp-json\/wp\/v2\/types\/post"}],"author":[{"embeddable":true,"href":"https:\/\/interamerica.org\/es\/wp-json\/wp\/v2\/users\/3"}],"replies":[{"embeddable":true,"href":"https:\/\/interamerica.org\/es\/wp-json\/wp\/v2\/comments?post=78749"}],"version-history":[{"count":0,"href":"https:\/\/interamerica.org\/es\/wp-json\/wp\/v2\/posts\/78749\/revisions"}],"wp:featuredmedia":[{"embeddable":true,"href":"https:\/\/interamerica.org\/es\/wp-json\/wp\/v2\/media\/53363"}],"wp:attachment":[{"href":"https:\/\/interamerica.org\/es\/wp-json\/wp\/v2\/media?parent=78749"}],"wp:term":[{"taxonomy":"category","embeddable":true,"href":"https:\/\/interamerica.org\/es\/wp-json\/wp\/v2\/categories?post=78749"},{"taxonomy":"post_tag","embeddable":true,"href":"https:\/\/interamerica.org\/es\/wp-json\/wp\/v2\/tags?post=78749"}],"curies":[{"name":"wp","href":"https:\/\/api.w.org\/{rel}","templated":true}]}}