{"id":79008,"date":"2021-11-16T10:21:55","date_gmt":"2021-11-16T14:21:55","guid":{"rendered":"https:\/\/recursing-golick.147-182-135-0.plesk.page\/?p=79008"},"modified":"2021-11-16T14:15:20","modified_gmt":"2021-11-16T18:15:20","slug":"despues-de-trabajar-en-haiti-medico-reflexiona-sobre-la-obra-medica-misionera","status":"publish","type":"post","link":"https:\/\/interamerica.org\/es\/2021\/11\/despues-de-trabajar-en-haiti-medico-reflexiona-sobre-la-obra-medica-misionera\/","title":{"rendered":"Despu\u00e9s de trabajar en Hait\u00ed, m\u00e9dico reflexiona sobre la obra m\u00e9dica misionera"},"content":{"rendered":"<h4 class=\"subhead\">\u201cImplica sacrificarse para ayudar a otros por amor para llevarlos a Jes\u00fas\u201d, dice Jeffrey Cho.<\/h4>\n<p><span class=\"byline-news\">16 de noviembre de 2021 | Indian Wells, California, Estados Unidos | Por: Marcos Paseggi, <\/span><em><span class=\"byline-news\">Adventist Review<\/span><\/em><\/p>\n<p><span class=\"cap\">\u201cVoy a compartir parte de la historia de c\u00f3mo el Se\u00f1or est\u00e1 guiando al Hospital Adventista de Hait\u00ed, y analizar de qu\u00e9 manera la obra m\u00e9dica misionera que se describe en Isa\u00edas 58 es fundamental para el \u00e9xito de nuestra misi\u00f3n como iglesia\u201d, dijo el m\u00e9dico Jeffrey Cho. Cho, que es director m\u00e9dico asistente en el Hospital Adventista de Hait\u00ed (HAH) en Carrefour, Hait\u00ed, present\u00f3 en las sesiones individuales de la Red de Evangelismo M\u00e9dico Adventista (AMEN) en Indian Wells, California, Estados Unidos, el 29 de octubre de 2021.<\/span><\/p>\n<p>Cho, que es m\u00e9dico de medicina familiar y preventiva, se mud\u00f3 junto con su familia a Hait\u00ed en 2019, pero actualmente se encuentran en los Estados Unidos mientras aguardan que afloje la inestabilidad actual en el pa\u00eds.<\/p>\n<p>\u201cDeber\u00eda estar all\u00ed en este momento\u201d, reconoci\u00f3, \u201cpero estamos en los Estados Unidos, aguardando para ver hacia d\u00f3nde nos guiar\u00e1 el Se\u00f1or\u201d.<\/p>\n<p><div id=\"attachment_78975\" style=\"width: 896px\" class=\"wp-caption aligncenter\"><img fetchpriority=\"high\" decoding=\"async\" aria-describedby=\"caption-attachment-78975\" class=\" wp-image-78975\" src=\"https:\/\/recursing-golick.147-182-135-0.plesk.page\/wp-content\/uploads\/2021\/11\/haiti-deployment-prompts-physician-to-reflect-on-medical-missionary-work1.jpeg\" alt=\"\" width=\"886\" height=\"443\" srcset=\"https:\/\/interamerica.org\/wp-content\/uploads\/2021\/11\/haiti-deployment-prompts-physician-to-reflect-on-medical-missionary-work1.jpeg 1000w, https:\/\/interamerica.org\/wp-content\/uploads\/2021\/11\/haiti-deployment-prompts-physician-to-reflect-on-medical-missionary-work1-300x150.jpeg 300w, https:\/\/interamerica.org\/wp-content\/uploads\/2021\/11\/haiti-deployment-prompts-physician-to-reflect-on-medical-missionary-work1-768x384.jpeg 768w\" sizes=\"(max-width: 886px) 100vw, 886px\" \/><p id=\"caption-attachment-78975\" class=\"wp-caption-text\">Hospital Adventista de Hait\u00ed en Carrefour, Hait\u00ed. [Fotograf\u00eda: Hospital Adventista de Hait\u00ed]<\/p><\/div><strong> C\u00f3mo satisfacer un elevado nivel de necesidades <\/strong><\/p>\n<p>Cho dijo que cuando su familia se traslad\u00f3 a Hait\u00ed en diciembre de 2019, se vio impactado por el nivel de necesidad que estaba presente en todas partes. \u201cJam\u00e1s viv\u00ed en un lugar en el que las necesidades b\u00e1sicas de la vida fueran tan aparentes \u2014de vestimenta, una vivienda y educaci\u00f3n.<\/p>\n<p>Las necesidades eran interminables, y tambi\u00e9n lo eran los pedidos de ayuda de parte del personal, los obreros, los pacientes y la comunidad. No estaba seguro de c\u00f3mo ayudarlos de una manera que les resultara \u00fatil\u201d, reconoci\u00f3 Cho.<\/p>\n<p>Explic\u00f3 que cuando estaba buscando orientaci\u00f3n sobre c\u00f3mo satisfacer esas necesidades, sinti\u00f3 que el Se\u00f1or lo guio a una compilaci\u00f3n de escritos de Elena G. White, una de las fundadoras de la Iglesia Adventista del S\u00e9ptimo D\u00eda, titulada <em>El ministerio de la bondad<\/em>.<\/p>\n<p>En el prefacio del libro, dijo Cho, se expresa que ese volumen trata de \u201cla delicada obra de alcanzar los corazones y ganar almas mediante la bondad al pr\u00f3jimo\u201d. Cho cont\u00f3 de qu\u00e9 manera \u00e9l y su personal comenzaron a reunirse cada s\u00e1bado para analizar dos cap\u00edtulos por semana, procurando hallar maneras de ponerlo en la pr\u00e1ctica.<\/p>\n<p><strong>Una prescripci\u00f3n divina para cada miembro<\/strong><\/p>\n<p>Cho explic\u00f3 que cuando estaba leyendo, hallaron el cap\u00edtulo 3 del libro, que muestra de qu\u00e9 manera el cap\u00edtulo 58 del libro de Isa\u00edas en la Biblia es la clave para comprender el papel de la obra m\u00e9dica misionera. Isa\u00edas 58 analiza qu\u00e9 tipo de sacrificios espera Dios de sus hijos cuando ellos se conectan y ponen en contacto con otros necesitados.<\/p>\n<p><div id=\"attachment_78982\" style=\"width: 876px\" class=\"wp-caption aligncenter\"><img decoding=\"async\" aria-describedby=\"caption-attachment-78982\" class=\" wp-image-78982\" src=\"https:\/\/recursing-golick.147-182-135-0.plesk.page\/wp-content\/uploads\/2021\/11\/haa-dr-cho-1.jpg\" alt=\"\" width=\"866\" height=\"577\" srcset=\"https:\/\/interamerica.org\/wp-content\/uploads\/2021\/11\/haa-dr-cho-1.jpg 1000w, https:\/\/interamerica.org\/wp-content\/uploads\/2021\/11\/haa-dr-cho-1-300x200.jpg 300w, https:\/\/interamerica.org\/wp-content\/uploads\/2021\/11\/haa-dr-cho-1-768x511.jpg 768w\" sizes=\"(max-width: 866px) 100vw, 866px\" \/><p id=\"caption-attachment-78982\" class=\"wp-caption-text\">El m\u00e9dico adventista Jeffrey Cho, durante su presentaci\u00f3n en la conferencia de la Red Adventista de Evangelismo M\u00e9dico (AMEN) en Indian Wells, California, Estados Unidos, el 29 de octubre de 2021. [Fotograf\u00eda: Marcos Paseggi, Adventist Review]<\/p><\/div>Tambi\u00e9n muestra, enfatiz\u00f3 Cho, de qu\u00e9 manera no solo los profesionales de la salud sino cada miembro adventista puede participar de este ministerio. \u201cLa santa obra del Maestro fue un trabajo de misericordia. An\u00edmese a nuestro pueblo en todas partes a participar en ella\u201d, ley\u00f3 Cho del libro de White.<\/p>\n<p>A\u00f1adi\u00f3 que la obra m\u00e9dica misionera es \u201cuna bendici\u00f3n de dos filos\u201d, porque \u201cbendice a los que la practican y bendice a los que la reciben\u201d. Y \u201ces un tratamiento que Dios ha ordenado para despertar a su pueblo, de manera que ayuden a un mundo que sufre\u201d.<\/p>\n<p>Cho cont\u00f3 de qu\u00e9 manera sinti\u00f3 que las promesas de Isa\u00edas 58 se cumplieron cuando estuvo en Hait\u00ed despu\u00e9s del terremoto m\u00e1s reciente.<\/p>\n<p>\u201cNuestro hospital estaba inundado de pacientes, hab\u00eda personas en los pasillos, en el piso, y hab\u00eda gente durmiendo en el parque del hospital. Est\u00e1bamos muy sobrepasados. Los d\u00edas eran sumamente atareados de la ma\u00f1ana a la noche. Estos fueron algunos de los d\u00edas m\u00e1s intensos de mi vida\u201d, expres\u00f3.<\/p>\n<p>Pero fue en esos d\u00edas de los de mayores desaf\u00edos que \u00e9l pudo valorar una vez m\u00e1s el poder de la obra m\u00e9dica misionera para llevar a las personas a una vida de fe en Jes\u00fas.<\/p>\n<p><div id=\"attachment_78985\" style=\"width: 864px\" class=\"wp-caption aligncenter\"><img decoding=\"async\" aria-describedby=\"caption-attachment-78985\" class=\" wp-image-78985\" src=\"https:\/\/recursing-golick.147-182-135-0.plesk.page\/wp-content\/uploads\/2021\/11\/hah-dr-cho-family.jpg\" alt=\"\" width=\"854\" height=\"569\" srcset=\"https:\/\/interamerica.org\/wp-content\/uploads\/2021\/11\/hah-dr-cho-family.jpg 1000w, https:\/\/interamerica.org\/wp-content\/uploads\/2021\/11\/hah-dr-cho-family-300x200.jpg 300w, https:\/\/interamerica.org\/wp-content\/uploads\/2021\/11\/hah-dr-cho-family-768x511.jpg 768w\" sizes=\"(max-width: 854px) 100vw, 854px\" \/><p id=\"caption-attachment-78985\" class=\"wp-caption-text\">Jeffrey Cho, m\u00e9dico de medicina familiar y preventiva, se traslad\u00f3 con su familia para servir en el Hospital Adventista de Hait\u00ed en 2019. Ahora se encuentra de regreso en los Estados Unidos, mientras aguarda que la situaci\u00f3n nacional de Hait\u00ed cambie. [Fotograf\u00eda: Marcos Paseggi, Adventist Review]<\/p><\/div><strong>Los ministerios m\u00e9dico y evang\u00e9lico combinados<\/strong><\/p>\n<p>No obstante, para que el ministerio m\u00e9dico misionero tenga \u00e9xito, enfatiz\u00f3 Cho, necesita ser combinado con el ministerio del evangelio; en las palabras de White, tienen que \u201cestar unidos\u201d. White tambi\u00e9n escribi\u00f3 en el libro <em>Servicio cristiano<\/em> que en el ministerio de Cristo, \u201cla curaci\u00f3n y la ense\u00f1anza se un\u00edan estrechamente. Estas dos cosas no deben ser separadas hoy\u201d (p. 166).<\/p>\n<p>Cho explic\u00f3: \u201cLa obra m\u00e9dica misionera tiene que estar vinculada estrechamente con el ministerio del evangelio. Sin el evangelio, es tan solo obra m\u00e9dica\u201d. Y a\u00f1adi\u00f3: \u201cEn mi experiencia, es muy f\u00e1cil practicar [mayormente] la obra m\u00e9dica\u201d.<\/p>\n<p>Record\u00f3 a los que asist\u00edan a su presentaci\u00f3n que los m\u00e9dicos adventistas a menudo son misioneros por naturaleza. Pero hay algunos obst\u00e1culos, explic\u00f3. \u201cEl deseo de compartir el mensaje con nuestros pacientes est\u00e1 all\u00ed, pero tampoco queremos atrasarnos en la cl\u00ednica y nos gusta [terminar el papeleo], limpiar los cestos y llegar a nuestra casa a una hora decente\u201d. Es la raz\u00f3n por la que a veces, la parte misionera queda relegada, dijo.<\/p>\n<p>Cho habl\u00f3 de su experiencia en Hait\u00ed. \u201cEn Hait\u00ed, ten\u00eda m\u00e1s control sobre mis horarios, pero aun como m\u00e9dico misionero, he hallado que paso la mayor parte del tiempo practicando la obra m\u00e9dica. S\u00ed, es verdad que oro con mis pacientes, y oro antes de las reuniones con el personal, y que le digo a las personas: \u2018Que Dios le bendiga\u2019. Sin embargo, en el d\u00eda a d\u00eda, a\u00fan es tan f\u00e1cil quedar atrapado en el trabajo del hospital que la parte misionera del ministerio m\u00e9dico misionero a menudo es descuidado\u201d, reconoci\u00f3.<\/p>\n<p>Viajar a otro continente no nos convierte en misionero, destac\u00f3 Cho. \u201cNuestra manera de trabajar y elegir prioridades [en nuestros pa\u00edses de origen] no cambia de manera autom\u00e1tica cuando vivimos y trabajamos en el campo misionero\u201d, expres\u00f3.<\/p>\n<p><div id=\"attachment_78988\" style=\"width: 840px\" class=\"wp-caption aligncenter\"><img loading=\"lazy\" decoding=\"async\" aria-describedby=\"caption-attachment-78988\" class=\" wp-image-78988\" src=\"https:\/\/recursing-golick.147-182-135-0.plesk.page\/wp-content\/uploads\/2021\/11\/peter-landless-amen.jpg\" alt=\"\" width=\"830\" height=\"553\" srcset=\"https:\/\/interamerica.org\/wp-content\/uploads\/2021\/11\/peter-landless-amen.jpg 1000w, https:\/\/interamerica.org\/wp-content\/uploads\/2021\/11\/peter-landless-amen-300x200.jpg 300w, https:\/\/interamerica.org\/wp-content\/uploads\/2021\/11\/peter-landless-amen-768x511.jpg 768w\" sizes=\"(max-width: 830px) 100vw, 830px\" \/><p id=\"caption-attachment-78988\" class=\"wp-caption-text\">Peter Landless, director de Ministerios Adventistas de Salud, felicit\u00f3 a los profesionales adventistas de salud por su servicio y apoyo a la misi\u00f3n de la iglesia. \u201cGracias por el trabajo que hacen en todo el mundo\u201d, les dijo a los asistentes a la conferencia anual de la Red Adventista de Evangelismo M\u00e9dico (AMEN). [Fotograf\u00eda: Marcos Paseggi, Adventist Review]<\/p><\/div><strong> Isa\u00edas 58 influye sobre la pr\u00e1ctica de la salud adventista <\/strong><\/p>\n<p>Isa\u00edas 58 est\u00e1 relacionado con la obra m\u00e9dica misionera porque muestra c\u00f3mo alcanzar y ayudar a otros, dijo Cho. Implica liberar a las personas de la esclavitud, quitar cargas, brindarles alimentos\u201d, dijo. \u201cPero liberar a la gente de la esclavitud de la pobreza, el temor y la inseguridad es m\u00e1s dif\u00edcil de enfrentar debido a la naturaleza sistem\u00e1tica del problema. No es f\u00e1cil de arreglar\u201d.<\/p>\n<p>Y existen diferentes niveles de sacrificio, dijo Cho. \u201cNo es lo mismo compartir los alimentos cuando uno sabe que tiene m\u00e1s en el refrigerador que compartirlo cuando uno sabe que se quedar\u00e1 con hambre por hacerlo\u201d.<\/p>\n<p>\u00bfY qu\u00e9 decir de compartir la vivienda con un extra\u00f1o que necesita un lugar donde alojarse?<\/p>\n<p>\u201cEn el [Hospital Adventista de Hait\u00ed]\u201d, destac\u00f3 Cho, \u201che conocido a m\u00e1s de una familia o a miembros del personal que [\u2026] han alojado a una persona m\u00e1s necesitada que ellos y les han ofrecido un lugar donde quedarse. Me deja at\u00f3nito pensar en qu\u00e9 coraz\u00f3n tan grande tienen mis colegas en el Hospital Adventista de Hait\u00ed\u201d.<\/p>\n<p><strong>Un ejemplo de servicio desinteresado<\/strong><\/p>\n<p>Hacia el fin de su presentaci\u00f3n, Cho cont\u00f3 la historia de Patrick, un m\u00e9dico misionero haitiano que usa de su propio tiempo para visitar, hablar y orar con los pacientes. Cho cont\u00f3 de qu\u00e9 manera Patrick lleg\u00f3 en cierta ocasi\u00f3n a una habitaci\u00f3n en la que una paciente se hab\u00eda ensuciado y necesita un pa\u00f1al. \u201cSi yo hubiera estado all\u00ed, habr\u00eda pensado: \u2018Uy, llegamos en el momento equivocado\u2019\u201d, dijo Cho. \u201cPor afuera, habr\u00eda hecho lo correcto, pero no lo habr\u00eda hecho con entusiasmo\u201d.<\/p>\n<p>Pero la reacci\u00f3n aut\u00e9ntica de Patrick fue: \u201c\u00a1Me siento tan feliz de que llegamos en el momento adecuado para ayudarla!\u201d Cho explic\u00f3: \u201cLa reacci\u00f3n de \u00e9l ejemplifica un amor aut\u00e9ntico por otros, que solo puede ser hallado cuando Cristo est\u00e1 en el coraz\u00f3n\u201d. Y resumi\u00f3: \u201cLa obra m\u00e9dica misionera implica sacrificarse para ayudar a otros por amor, para llevarlos a Jes\u00fas. La obra m\u00e9dica misionera es un estilo de vida\u201d.<\/p>\n<p>Traducci\u00f3n de Marcos Paseggi<\/p>\n","protected":false},"excerpt":{"rendered":"<p>\u201cImplica sacrificarse para ayudar a otros por amor para llevarlos a Jes\u00fas\u201d, dice Jeffrey Cho. 16 de noviembre de 2021 | Indian Wells, California, Estados Unidos | Por: Marcos Paseggi,&#8230;<\/p>\n","protected":false},"author":3,"featured_media":78975,"comment_status":"closed","ping_status":"closed","sticky":false,"template":"","format":"standard","meta":{"_acf_changed":false,"footnotes":""},"categories":[14,15],"tags":[],"class_list":["post-79008","post","type-post","status-publish","format-standard","has-post-thumbnail","hentry","category-de-la-iglesia-mundial","category-rss-espanol"],"acf":[],"yoast_head":"<!-- This site is optimized with the Yoast SEO plugin v27.3 - https:\/\/yoast.com\/product\/yoast-seo-wordpress\/ -->\n<title>Despu\u00e9s de trabajar en Hait\u00ed, m\u00e9dico reflexiona sobre la obra m\u00e9dica misionera - Iglesia Adventista del S\u00e9ptimo D\u00eda - Divisi\u00f3n Interamericana<\/title>\n<meta name=\"robots\" content=\"index, follow, max-snippet:-1, max-image-preview:large, max-video-preview:-1\" \/>\n<link rel=\"canonical\" href=\"https:\/\/interamerica.org\/es\/2021\/11\/despues-de-trabajar-en-haiti-medico-reflexiona-sobre-la-obra-medica-misionera\/\" \/>\n<meta property=\"og:locale\" content=\"es_ES\" \/>\n<meta property=\"og:type\" content=\"article\" \/>\n<meta property=\"og:title\" content=\"Despu\u00e9s de trabajar en Hait\u00ed, m\u00e9dico reflexiona sobre la obra m\u00e9dica misionera - Iglesia Adventista del S\u00e9ptimo D\u00eda - Divisi\u00f3n Interamericana\" \/>\n<meta property=\"og:description\" content=\"\u201cImplica sacrificarse para ayudar a otros por amor para llevarlos a Jes\u00fas\u201d, dice Jeffrey Cho. 16 de noviembre de 2021 | Indian Wells, California, Estados Unidos | Por: Marcos Paseggi,...\" \/>\n<meta property=\"og:url\" content=\"https:\/\/interamerica.org\/es\/2021\/11\/despues-de-trabajar-en-haiti-medico-reflexiona-sobre-la-obra-medica-misionera\/\" \/>\n<meta property=\"og:site_name\" content=\"Iglesia Adventista del S\u00e9ptimo D\u00eda - Divisi\u00f3n Interamericana\" \/>\n<meta property=\"article:published_time\" content=\"2021-11-16T14:21:55+00:00\" \/>\n<meta property=\"article:modified_time\" content=\"2021-11-16T18:15:20+00:00\" \/>\n<meta property=\"og:image\" content=\"https:\/\/interamerica.org\/wp-content\/uploads\/2021\/11\/haiti-deployment-prompts-physician-to-reflect-on-medical-missionary-work1.jpeg\" \/>\n\t<meta property=\"og:image:width\" content=\"1000\" \/>\n\t<meta property=\"og:image:height\" content=\"500\" \/>\n\t<meta property=\"og:image:type\" content=\"image\/jpeg\" \/>\n<meta name=\"author\" content=\"libna\" \/>\n<meta name=\"twitter:card\" content=\"summary_large_image\" \/>\n<meta name=\"twitter:label1\" content=\"Escrito por\" \/>\n\t<meta name=\"twitter:data1\" content=\"libna\" \/>\n\t<meta name=\"twitter:label2\" content=\"Tiempo de lectura\" \/>\n\t<meta name=\"twitter:data2\" content=\"8 minutos\" \/>\n<script type=\"application\/ld+json\" class=\"yoast-schema-graph\">{\"@context\":\"https:\\\/\\\/schema.org\",\"@graph\":[{\"@type\":\"Article\",\"@id\":\"https:\\\/\\\/interamerica.org\\\/es\\\/2021\\\/11\\\/despues-de-trabajar-en-haiti-medico-reflexiona-sobre-la-obra-medica-misionera\\\/#article\",\"isPartOf\":{\"@id\":\"https:\\\/\\\/interamerica.org\\\/es\\\/2021\\\/11\\\/despues-de-trabajar-en-haiti-medico-reflexiona-sobre-la-obra-medica-misionera\\\/\"},\"author\":{\"name\":\"libna\",\"@id\":\"https:\\\/\\\/interamerica.org\\\/es\\\/#\\\/schema\\\/person\\\/29998f2bc2d8bd0d38662909289b54f1\"},\"headline\":\"Despu\u00e9s de trabajar en Hait\u00ed, m\u00e9dico reflexiona sobre la obra m\u00e9dica misionera\",\"datePublished\":\"2021-11-16T14:21:55+00:00\",\"dateModified\":\"2021-11-16T18:15:20+00:00\",\"mainEntityOfPage\":{\"@id\":\"https:\\\/\\\/interamerica.org\\\/es\\\/2021\\\/11\\\/despues-de-trabajar-en-haiti-medico-reflexiona-sobre-la-obra-medica-misionera\\\/\"},\"wordCount\":1606,\"image\":{\"@id\":\"https:\\\/\\\/interamerica.org\\\/es\\\/2021\\\/11\\\/despues-de-trabajar-en-haiti-medico-reflexiona-sobre-la-obra-medica-misionera\\\/#primaryimage\"},\"thumbnailUrl\":\"https:\\\/\\\/interamerica.org\\\/wp-content\\\/uploads\\\/2021\\\/11\\\/haiti-deployment-prompts-physician-to-reflect-on-medical-missionary-work1.jpeg\",\"articleSection\":[\"Desde la iglesia mundial\",\"RSS Espa\u00f1ol\"],\"inLanguage\":\"es\"},{\"@type\":\"WebPage\",\"@id\":\"https:\\\/\\\/interamerica.org\\\/es\\\/2021\\\/11\\\/despues-de-trabajar-en-haiti-medico-reflexiona-sobre-la-obra-medica-misionera\\\/\",\"url\":\"https:\\\/\\\/interamerica.org\\\/es\\\/2021\\\/11\\\/despues-de-trabajar-en-haiti-medico-reflexiona-sobre-la-obra-medica-misionera\\\/\",\"name\":\"Despu\u00e9s de trabajar en Hait\u00ed, m\u00e9dico reflexiona sobre la obra m\u00e9dica misionera - Iglesia Adventista del S\u00e9ptimo D\u00eda - Divisi\u00f3n Interamericana\",\"isPartOf\":{\"@id\":\"https:\\\/\\\/interamerica.org\\\/es\\\/#website\"},\"primaryImageOfPage\":{\"@id\":\"https:\\\/\\\/interamerica.org\\\/es\\\/2021\\\/11\\\/despues-de-trabajar-en-haiti-medico-reflexiona-sobre-la-obra-medica-misionera\\\/#primaryimage\"},\"image\":{\"@id\":\"https:\\\/\\\/interamerica.org\\\/es\\\/2021\\\/11\\\/despues-de-trabajar-en-haiti-medico-reflexiona-sobre-la-obra-medica-misionera\\\/#primaryimage\"},\"thumbnailUrl\":\"https:\\\/\\\/interamerica.org\\\/wp-content\\\/uploads\\\/2021\\\/11\\\/haiti-deployment-prompts-physician-to-reflect-on-medical-missionary-work1.jpeg\",\"datePublished\":\"2021-11-16T14:21:55+00:00\",\"dateModified\":\"2021-11-16T18:15:20+00:00\",\"author\":{\"@id\":\"https:\\\/\\\/interamerica.org\\\/es\\\/#\\\/schema\\\/person\\\/29998f2bc2d8bd0d38662909289b54f1\"},\"breadcrumb\":{\"@id\":\"https:\\\/\\\/interamerica.org\\\/es\\\/2021\\\/11\\\/despues-de-trabajar-en-haiti-medico-reflexiona-sobre-la-obra-medica-misionera\\\/#breadcrumb\"},\"inLanguage\":\"es\",\"potentialAction\":[{\"@type\":\"ReadAction\",\"target\":[\"https:\\\/\\\/interamerica.org\\\/es\\\/2021\\\/11\\\/despues-de-trabajar-en-haiti-medico-reflexiona-sobre-la-obra-medica-misionera\\\/\"]}]},{\"@type\":\"ImageObject\",\"inLanguage\":\"es\",\"@id\":\"https:\\\/\\\/interamerica.org\\\/es\\\/2021\\\/11\\\/despues-de-trabajar-en-haiti-medico-reflexiona-sobre-la-obra-medica-misionera\\\/#primaryimage\",\"url\":\"https:\\\/\\\/interamerica.org\\\/wp-content\\\/uploads\\\/2021\\\/11\\\/haiti-deployment-prompts-physician-to-reflect-on-medical-missionary-work1.jpeg\",\"contentUrl\":\"https:\\\/\\\/interamerica.org\\\/wp-content\\\/uploads\\\/2021\\\/11\\\/haiti-deployment-prompts-physician-to-reflect-on-medical-missionary-work1.jpeg\",\"width\":1000,\"height\":500,\"caption\":\"Hospital Adventista de Hait\u00ed en Carrefour, Hait\u00ed. [Fotograf\u00eda: Hospital Adventista de Hait\u00ed]\"},{\"@type\":\"BreadcrumbList\",\"@id\":\"https:\\\/\\\/interamerica.org\\\/es\\\/2021\\\/11\\\/despues-de-trabajar-en-haiti-medico-reflexiona-sobre-la-obra-medica-misionera\\\/#breadcrumb\",\"itemListElement\":[{\"@type\":\"ListItem\",\"position\":1,\"name\":\"Home\",\"item\":\"https:\\\/\\\/interamerica.org\\\/es\\\/\"},{\"@type\":\"ListItem\",\"position\":2,\"name\":\"Despu\u00e9s de trabajar en Hait\u00ed, m\u00e9dico reflexiona sobre la obra m\u00e9dica misionera\"}]},{\"@type\":\"WebSite\",\"@id\":\"https:\\\/\\\/interamerica.org\\\/es\\\/#website\",\"url\":\"https:\\\/\\\/interamerica.org\\\/es\\\/\",\"name\":\"Iglesia Adventista del S\u00e9ptimo D\u00eda - Divisi\u00f3n Interamericana\",\"description\":\"\",\"potentialAction\":[{\"@type\":\"SearchAction\",\"target\":{\"@type\":\"EntryPoint\",\"urlTemplate\":\"https:\\\/\\\/interamerica.org\\\/es\\\/?s={search_term_string}\"},\"query-input\":{\"@type\":\"PropertyValueSpecification\",\"valueRequired\":true,\"valueName\":\"search_term_string\"}}],\"inLanguage\":\"es\"},{\"@type\":\"Person\",\"@id\":\"https:\\\/\\\/interamerica.org\\\/es\\\/#\\\/schema\\\/person\\\/29998f2bc2d8bd0d38662909289b54f1\",\"name\":\"libna\",\"image\":{\"@type\":\"ImageObject\",\"inLanguage\":\"es\",\"@id\":\"https:\\\/\\\/secure.gravatar.com\\\/avatar\\\/7c5bd30ae4b47a9ba3c856590957fd1d96dc588bf3ac05719d247e126840331f?s=96&d=mm&r=g\",\"url\":\"https:\\\/\\\/secure.gravatar.com\\\/avatar\\\/7c5bd30ae4b47a9ba3c856590957fd1d96dc588bf3ac05719d247e126840331f?s=96&d=mm&r=g\",\"contentUrl\":\"https:\\\/\\\/secure.gravatar.com\\\/avatar\\\/7c5bd30ae4b47a9ba3c856590957fd1d96dc588bf3ac05719d247e126840331f?s=96&d=mm&r=g\",\"caption\":\"libna\"}}]}<\/script>\n<!-- \/ Yoast SEO plugin. -->","yoast_head_json":{"title":"Despu\u00e9s de trabajar en Hait\u00ed, m\u00e9dico reflexiona sobre la obra m\u00e9dica misionera - Iglesia Adventista del S\u00e9ptimo D\u00eda - Divisi\u00f3n Interamericana","robots":{"index":"index","follow":"follow","max-snippet":"max-snippet:-1","max-image-preview":"max-image-preview:large","max-video-preview":"max-video-preview:-1"},"canonical":"https:\/\/interamerica.org\/es\/2021\/11\/despues-de-trabajar-en-haiti-medico-reflexiona-sobre-la-obra-medica-misionera\/","og_locale":"es_ES","og_type":"article","og_title":"Despu\u00e9s de trabajar en Hait\u00ed, m\u00e9dico reflexiona sobre la obra m\u00e9dica misionera - Iglesia Adventista del S\u00e9ptimo D\u00eda - Divisi\u00f3n Interamericana","og_description":"\u201cImplica sacrificarse para ayudar a otros por amor para llevarlos a Jes\u00fas\u201d, dice Jeffrey Cho. 16 de noviembre de 2021 | Indian Wells, California, Estados Unidos | Por: Marcos Paseggi,...","og_url":"https:\/\/interamerica.org\/es\/2021\/11\/despues-de-trabajar-en-haiti-medico-reflexiona-sobre-la-obra-medica-misionera\/","og_site_name":"Iglesia Adventista del S\u00e9ptimo D\u00eda - Divisi\u00f3n Interamericana","article_published_time":"2021-11-16T14:21:55+00:00","article_modified_time":"2021-11-16T18:15:20+00:00","og_image":[{"width":1000,"height":500,"url":"https:\/\/interamerica.org\/wp-content\/uploads\/2021\/11\/haiti-deployment-prompts-physician-to-reflect-on-medical-missionary-work1.jpeg","type":"image\/jpeg"}],"author":"libna","twitter_card":"summary_large_image","twitter_misc":{"Escrito por":"libna","Tiempo de lectura":"8 minutos"},"schema":{"@context":"https:\/\/schema.org","@graph":[{"@type":"Article","@id":"https:\/\/interamerica.org\/es\/2021\/11\/despues-de-trabajar-en-haiti-medico-reflexiona-sobre-la-obra-medica-misionera\/#article","isPartOf":{"@id":"https:\/\/interamerica.org\/es\/2021\/11\/despues-de-trabajar-en-haiti-medico-reflexiona-sobre-la-obra-medica-misionera\/"},"author":{"name":"libna","@id":"https:\/\/interamerica.org\/es\/#\/schema\/person\/29998f2bc2d8bd0d38662909289b54f1"},"headline":"Despu\u00e9s de trabajar en Hait\u00ed, m\u00e9dico reflexiona sobre la obra m\u00e9dica misionera","datePublished":"2021-11-16T14:21:55+00:00","dateModified":"2021-11-16T18:15:20+00:00","mainEntityOfPage":{"@id":"https:\/\/interamerica.org\/es\/2021\/11\/despues-de-trabajar-en-haiti-medico-reflexiona-sobre-la-obra-medica-misionera\/"},"wordCount":1606,"image":{"@id":"https:\/\/interamerica.org\/es\/2021\/11\/despues-de-trabajar-en-haiti-medico-reflexiona-sobre-la-obra-medica-misionera\/#primaryimage"},"thumbnailUrl":"https:\/\/interamerica.org\/wp-content\/uploads\/2021\/11\/haiti-deployment-prompts-physician-to-reflect-on-medical-missionary-work1.jpeg","articleSection":["Desde la iglesia mundial","RSS Espa\u00f1ol"],"inLanguage":"es"},{"@type":"WebPage","@id":"https:\/\/interamerica.org\/es\/2021\/11\/despues-de-trabajar-en-haiti-medico-reflexiona-sobre-la-obra-medica-misionera\/","url":"https:\/\/interamerica.org\/es\/2021\/11\/despues-de-trabajar-en-haiti-medico-reflexiona-sobre-la-obra-medica-misionera\/","name":"Despu\u00e9s de trabajar en Hait\u00ed, m\u00e9dico reflexiona sobre la obra m\u00e9dica misionera - Iglesia Adventista del S\u00e9ptimo D\u00eda - Divisi\u00f3n Interamericana","isPartOf":{"@id":"https:\/\/interamerica.org\/es\/#website"},"primaryImageOfPage":{"@id":"https:\/\/interamerica.org\/es\/2021\/11\/despues-de-trabajar-en-haiti-medico-reflexiona-sobre-la-obra-medica-misionera\/#primaryimage"},"image":{"@id":"https:\/\/interamerica.org\/es\/2021\/11\/despues-de-trabajar-en-haiti-medico-reflexiona-sobre-la-obra-medica-misionera\/#primaryimage"},"thumbnailUrl":"https:\/\/interamerica.org\/wp-content\/uploads\/2021\/11\/haiti-deployment-prompts-physician-to-reflect-on-medical-missionary-work1.jpeg","datePublished":"2021-11-16T14:21:55+00:00","dateModified":"2021-11-16T18:15:20+00:00","author":{"@id":"https:\/\/interamerica.org\/es\/#\/schema\/person\/29998f2bc2d8bd0d38662909289b54f1"},"breadcrumb":{"@id":"https:\/\/interamerica.org\/es\/2021\/11\/despues-de-trabajar-en-haiti-medico-reflexiona-sobre-la-obra-medica-misionera\/#breadcrumb"},"inLanguage":"es","potentialAction":[{"@type":"ReadAction","target":["https:\/\/interamerica.org\/es\/2021\/11\/despues-de-trabajar-en-haiti-medico-reflexiona-sobre-la-obra-medica-misionera\/"]}]},{"@type":"ImageObject","inLanguage":"es","@id":"https:\/\/interamerica.org\/es\/2021\/11\/despues-de-trabajar-en-haiti-medico-reflexiona-sobre-la-obra-medica-misionera\/#primaryimage","url":"https:\/\/interamerica.org\/wp-content\/uploads\/2021\/11\/haiti-deployment-prompts-physician-to-reflect-on-medical-missionary-work1.jpeg","contentUrl":"https:\/\/interamerica.org\/wp-content\/uploads\/2021\/11\/haiti-deployment-prompts-physician-to-reflect-on-medical-missionary-work1.jpeg","width":1000,"height":500,"caption":"Hospital Adventista de Hait\u00ed en Carrefour, Hait\u00ed. [Fotograf\u00eda: Hospital Adventista de Hait\u00ed]"},{"@type":"BreadcrumbList","@id":"https:\/\/interamerica.org\/es\/2021\/11\/despues-de-trabajar-en-haiti-medico-reflexiona-sobre-la-obra-medica-misionera\/#breadcrumb","itemListElement":[{"@type":"ListItem","position":1,"name":"Home","item":"https:\/\/interamerica.org\/es\/"},{"@type":"ListItem","position":2,"name":"Despu\u00e9s de trabajar en Hait\u00ed, m\u00e9dico reflexiona sobre la obra m\u00e9dica misionera"}]},{"@type":"WebSite","@id":"https:\/\/interamerica.org\/es\/#website","url":"https:\/\/interamerica.org\/es\/","name":"Iglesia Adventista del S\u00e9ptimo D\u00eda - Divisi\u00f3n Interamericana","description":"","potentialAction":[{"@type":"SearchAction","target":{"@type":"EntryPoint","urlTemplate":"https:\/\/interamerica.org\/es\/?s={search_term_string}"},"query-input":{"@type":"PropertyValueSpecification","valueRequired":true,"valueName":"search_term_string"}}],"inLanguage":"es"},{"@type":"Person","@id":"https:\/\/interamerica.org\/es\/#\/schema\/person\/29998f2bc2d8bd0d38662909289b54f1","name":"libna","image":{"@type":"ImageObject","inLanguage":"es","@id":"https:\/\/secure.gravatar.com\/avatar\/7c5bd30ae4b47a9ba3c856590957fd1d96dc588bf3ac05719d247e126840331f?s=96&d=mm&r=g","url":"https:\/\/secure.gravatar.com\/avatar\/7c5bd30ae4b47a9ba3c856590957fd1d96dc588bf3ac05719d247e126840331f?s=96&d=mm&r=g","contentUrl":"https:\/\/secure.gravatar.com\/avatar\/7c5bd30ae4b47a9ba3c856590957fd1d96dc588bf3ac05719d247e126840331f?s=96&d=mm&r=g","caption":"libna"}}]}},"_links":{"self":[{"href":"https:\/\/interamerica.org\/es\/wp-json\/wp\/v2\/posts\/79008","targetHints":{"allow":["GET"]}}],"collection":[{"href":"https:\/\/interamerica.org\/es\/wp-json\/wp\/v2\/posts"}],"about":[{"href":"https:\/\/interamerica.org\/es\/wp-json\/wp\/v2\/types\/post"}],"author":[{"embeddable":true,"href":"https:\/\/interamerica.org\/es\/wp-json\/wp\/v2\/users\/3"}],"replies":[{"embeddable":true,"href":"https:\/\/interamerica.org\/es\/wp-json\/wp\/v2\/comments?post=79008"}],"version-history":[{"count":0,"href":"https:\/\/interamerica.org\/es\/wp-json\/wp\/v2\/posts\/79008\/revisions"}],"wp:featuredmedia":[{"embeddable":true,"href":"https:\/\/interamerica.org\/es\/wp-json\/wp\/v2\/media\/78975"}],"wp:attachment":[{"href":"https:\/\/interamerica.org\/es\/wp-json\/wp\/v2\/media?parent=79008"}],"wp:term":[{"taxonomy":"category","embeddable":true,"href":"https:\/\/interamerica.org\/es\/wp-json\/wp\/v2\/categories?post=79008"},{"taxonomy":"post_tag","embeddable":true,"href":"https:\/\/interamerica.org\/es\/wp-json\/wp\/v2\/tags?post=79008"}],"curies":[{"name":"wp","href":"https:\/\/api.w.org\/{rel}","templated":true}]}}