{"id":79780,"date":"2021-12-13T12:14:28","date_gmt":"2021-12-13T16:14:28","guid":{"rendered":"https:\/\/recursing-golick.147-182-135-0.plesk.page\/?p=79780"},"modified":"2021-12-15T10:06:17","modified_gmt":"2021-12-15T14:06:17","slug":"maestra-de-arte-en-escuela-adventista-es-seleccionada-para-exhibir-su-obra-en-el-louvre","status":"publish","type":"post","link":"https:\/\/interamerica.org\/es\/2021\/12\/maestra-de-arte-en-escuela-adventista-es-seleccionada-para-exhibir-su-obra-en-el-louvre\/","title":{"rendered":"Maestra de arte en escuela adventista es seleccionada para exhibir su obra en el Louvre"},"content":{"rendered":"<p><strong>Raquel Falk se prepara para exhibir algunas de sus acuarelas en Par\u00eds, en 2022.<\/strong><\/p>\n<p>13 de diciembre de 2021 | Brasil |Por Leonardo Saimon, Divisi\u00f3n Sudamericana y <em>Adventist Review<\/em><\/p>\n<p>Raquel Falk, una maestra de pintura en la Academia Adventista Vit\u00f3ria, en Vit\u00f3ria, Espirito Santo, Brasil, ha sido seleccionada para exhibir algunas de sus pinturas en el Louvre, en 2022. Una compa\u00f1\u00eda especializada en promover artistas locales le hizo llegar una invitaci\u00f3n especial, la cual le permitir\u00e1 exhibir obras originales en este renombrado sitio en Par\u00eds, Francia.<\/p>\n<p>Raquel Falk creci\u00f3 en una ciudad cercana a Vit\u00f3ria, en una familia con muchas necesidades f\u00edsicas. A pesar de su humilde crianza, su abuela, de nombre Marmelina, una repostera; y Olga, su madre, una modista, fueron de inspiraci\u00f3n para Raquel en la senda que la condujo a ser la artista que es hoy. Sus esfuerzos fueron premiados al ser aceptada eventualmente en el programa de artes visuales de la Universidad Federal de Esp\u00edrito Santo.<\/p>\n<p><div id=\"attachment_79754\" style=\"width: 810px\" class=\"wp-caption aligncenter\"><img fetchpriority=\"high\" decoding=\"async\" aria-describedby=\"caption-attachment-79754\" class=\" wp-image-79754\" src=\"https:\/\/recursing-golick.147-182-135-0.plesk.page\/wp-content\/uploads\/2021\/12\/art-teacher-at-adventist-school-selected-to-exhibit-her-work-at-the-louvre1.jpeg\" alt=\"\" width=\"800\" height=\"400\" srcset=\"https:\/\/interamerica.org\/wp-content\/uploads\/2021\/12\/art-teacher-at-adventist-school-selected-to-exhibit-her-work-at-the-louvre1.jpeg 1000w, https:\/\/interamerica.org\/wp-content\/uploads\/2021\/12\/art-teacher-at-adventist-school-selected-to-exhibit-her-work-at-the-louvre1-300x150.jpeg 300w, https:\/\/interamerica.org\/wp-content\/uploads\/2021\/12\/art-teacher-at-adventist-school-selected-to-exhibit-her-work-at-the-louvre1-768x384.jpeg 768w\" sizes=\"(max-width: 800px) 100vw, 800px\" \/><p id=\"caption-attachment-79754\" class=\"wp-caption-text\">Raquel Falk trabaja en una de sus pintutas a la acuarela. [Imagen: Noticias de la Divisi\u00f3n Sudamericana]<\/p><\/div>\u201cAl crecer en un hogar de limitados recursos, siempre so\u00f1\u00e9 con aspirar a m\u00e1s\u201d, dijo. \u201cEso es lo que me mueve hasta este momento\u201d.<\/p>\n<p>Raquel Falk ha sido maestra por m\u00e1s de 20 a\u00f1os y ha prestado sus servicios a la educaci\u00f3n adventista durante cinco de esos a\u00f1os. Sin embargo, fue solamente hasta 2018 que decidi\u00f3 emplear tiempo en crear pinturas a la acuarela. Sus obras han sido exhibidas ampliamente a trav\u00e9s de los medios sociales. Fue probablemente ah\u00ed donde se descubri\u00f3 su obra.<\/p>\n<p>\u201cMi blanco es inspirar a mis estudiantes\u201d, dijo Raquel. \u201cLes sugiero actividades que los hacen profundizar en su lado creativo. Aunque no pasamos por alto la teor\u00eda, la historia del arte y el estudio del movimiento, trato de combinar teor\u00eda y pr\u00e1ctica en mi aula de clases\u201d.<\/p>\n<p>De acuerdo con ella, los resultados se han visto reflejados en el inter\u00e9s de sus alumnos por el arte. \u201cMuchos de mis estudiantes se est\u00e1n moviendo cada vez m\u00e1s hacia el mundo del arte como resultado de traer al aula algunas de mis obras de arte\u201d, dijo.<\/p>\n<p><div id=\"attachment_79760\" style=\"width: 811px\" class=\"wp-caption aligncenter\"><img decoding=\"async\" aria-describedby=\"caption-attachment-79760\" class=\" wp-image-79760\" src=\"https:\/\/recursing-golick.147-182-135-0.plesk.page\/wp-content\/uploads\/2021\/12\/alexandre-1.jpg\" alt=\"\" width=\"801\" height=\"450\" srcset=\"https:\/\/interamerica.org\/wp-content\/uploads\/2021\/12\/alexandre-1.jpg 1000w, https:\/\/interamerica.org\/wp-content\/uploads\/2021\/12\/alexandre-1-300x169.jpg 300w, https:\/\/interamerica.org\/wp-content\/uploads\/2021\/12\/alexandre-1-768x432.jpg 768w\" sizes=\"(max-width: 801px) 100vw, 801px\" \/><p id=\"caption-attachment-79760\" class=\"wp-caption-text\">Raquel Falk, maestra de arteen la Academia Adventista Vit\u00f3ria, en Brasil, exhibir\u00e1 algunas de sus obras en el Louvre, en 2022. [Imagen: Noticias de la Divisi\u00f3n Sudamericana]<\/p><\/div><strong>Exhibici\u00f3n en Par\u00eds<\/strong><\/p>\n<p>La pintora Falk dijo que para la exhibici\u00f3n de 2022 en el Louvre, tiene planes de llevar dos cuadros inspirados en el tema de bailarines; algo que ha estudiado ampliamente y que requiere de t\u00e9cnicas particulares y complejas. \u201cLa idea es que un cuadro en particular puede explorar el flujo del movimiento en el lienzo, sin tomar en cuenta las proporciones en la vida real\u201d, explic\u00f3. Tratar\u00e9 de trabajar m\u00e1s bien en la ligereza y delicadeza que puede percibirse en los bailarines\u201d. Dijo tambi\u00e9n que ya hab\u00eda exhibido varias pinturas basadas en ese tema.<\/p>\n<p>La exhibici\u00f3n en el Louvre tendr\u00e1 lugar en octubre de 2022. De acuerdo con los organizadores, se estima que por lo menos unas 30,000 personas\u00a0 pasar\u00e1n por las secciones en donde se exhibir\u00e1n sus pinturas. Es un significativo logro el exhibir en el museo m\u00e1s visitado del mundo, que abriga aproximadamente unas 615,000 obras, incluyendo la <em>Mona Lisa<\/em>, de Leonardo da Vinci.<\/p>\n<p><em>La <\/em><a href=\"https:\/\/noticias.adventistas.org\/pt\/noticia\/gente\/professora-da-educacao-adventista-vai-expor-obra-autoral-no-museu-do-louvre\/\"><em>versi\u00f3n original<\/em><\/a><em>\u00a0de esta historia se public\u00f3 en el <\/em><a href=\"https:\/\/noticias.adventistas.org\/pt\"><em>sitio de noticias en portugu\u00e9s<\/em><\/a> <em>de la Divisi\u00f3n Sudamericana. <\/em><\/p>\n<p>Traducci\u00f3n \u2013 Gloria A. Castrej\u00f3n<\/p>\n<p><strong>\u00a0\u00a0\u00a0\u00a0 <\/strong><\/p>\n","protected":false},"excerpt":{"rendered":"<p>Raquel Falk se prepara para exhibir algunas de sus acuarelas en Par\u00eds, en 2022. 13 de diciembre de 2021 | Brasil |Por Leonardo Saimon, Divisi\u00f3n Sudamericana y Adventist Review Raquel&#8230;<\/p>\n","protected":false},"author":3,"featured_media":79754,"comment_status":"closed","ping_status":"closed","sticky":false,"template":"","format":"standard","meta":{"_acf_changed":false,"footnotes":""},"categories":[14,15],"tags":[],"class_list":["post-79780","post","type-post","status-publish","format-standard","has-post-thumbnail","hentry","category-de-la-iglesia-mundial","category-rss-espanol"],"acf":[],"yoast_head":"<!-- This site is optimized with the Yoast SEO plugin v27.3 - https:\/\/yoast.com\/product\/yoast-seo-wordpress\/ -->\n<title>Maestra de arte en escuela adventista es seleccionada para exhibir su obra en el Louvre - Iglesia Adventista del S\u00e9ptimo D\u00eda - Divisi\u00f3n Interamericana<\/title>\n<meta name=\"robots\" content=\"index, follow, max-snippet:-1, max-image-preview:large, max-video-preview:-1\" \/>\n<link rel=\"canonical\" href=\"https:\/\/interamerica.org\/es\/2021\/12\/maestra-de-arte-en-escuela-adventista-es-seleccionada-para-exhibir-su-obra-en-el-louvre\/\" \/>\n<meta property=\"og:locale\" content=\"es_ES\" \/>\n<meta property=\"og:type\" content=\"article\" \/>\n<meta property=\"og:title\" content=\"Maestra de arte en escuela adventista es seleccionada para exhibir su obra en el Louvre - Iglesia Adventista del S\u00e9ptimo D\u00eda - Divisi\u00f3n Interamericana\" \/>\n<meta property=\"og:description\" content=\"Raquel Falk se prepara para exhibir algunas de sus acuarelas en Par\u00eds, en 2022. 13 de diciembre de 2021 | Brasil |Por Leonardo Saimon, Divisi\u00f3n Sudamericana y Adventist Review Raquel...\" \/>\n<meta property=\"og:url\" content=\"https:\/\/interamerica.org\/es\/2021\/12\/maestra-de-arte-en-escuela-adventista-es-seleccionada-para-exhibir-su-obra-en-el-louvre\/\" \/>\n<meta property=\"og:site_name\" content=\"Iglesia Adventista del S\u00e9ptimo D\u00eda - Divisi\u00f3n Interamericana\" \/>\n<meta property=\"article:published_time\" content=\"2021-12-13T16:14:28+00:00\" \/>\n<meta property=\"article:modified_time\" content=\"2021-12-15T14:06:17+00:00\" \/>\n<meta property=\"og:image\" content=\"https:\/\/interamerica.org\/wp-content\/uploads\/2021\/12\/art-teacher-at-adventist-school-selected-to-exhibit-her-work-at-the-louvre1.jpeg\" \/>\n\t<meta property=\"og:image:width\" content=\"1000\" \/>\n\t<meta property=\"og:image:height\" content=\"500\" \/>\n\t<meta property=\"og:image:type\" content=\"image\/jpeg\" \/>\n<meta name=\"author\" content=\"libna\" \/>\n<meta name=\"twitter:card\" content=\"summary_large_image\" \/>\n<meta name=\"twitter:label1\" content=\"Escrito por\" \/>\n\t<meta name=\"twitter:data1\" content=\"libna\" \/>\n\t<meta name=\"twitter:label2\" content=\"Tiempo de lectura\" \/>\n\t<meta name=\"twitter:data2\" content=\"3 minutos\" \/>\n<script type=\"application\/ld+json\" class=\"yoast-schema-graph\">{\"@context\":\"https:\\\/\\\/schema.org\",\"@graph\":[{\"@type\":\"Article\",\"@id\":\"https:\\\/\\\/interamerica.org\\\/es\\\/2021\\\/12\\\/maestra-de-arte-en-escuela-adventista-es-seleccionada-para-exhibir-su-obra-en-el-louvre\\\/#article\",\"isPartOf\":{\"@id\":\"https:\\\/\\\/interamerica.org\\\/es\\\/2021\\\/12\\\/maestra-de-arte-en-escuela-adventista-es-seleccionada-para-exhibir-su-obra-en-el-louvre\\\/\"},\"author\":{\"name\":\"libna\",\"@id\":\"https:\\\/\\\/interamerica.org\\\/es\\\/#\\\/schema\\\/person\\\/29998f2bc2d8bd0d38662909289b54f1\"},\"headline\":\"Maestra de arte en escuela adventista es seleccionada para exhibir su obra en el Louvre\",\"datePublished\":\"2021-12-13T16:14:28+00:00\",\"dateModified\":\"2021-12-15T14:06:17+00:00\",\"mainEntityOfPage\":{\"@id\":\"https:\\\/\\\/interamerica.org\\\/es\\\/2021\\\/12\\\/maestra-de-arte-en-escuela-adventista-es-seleccionada-para-exhibir-su-obra-en-el-louvre\\\/\"},\"wordCount\":623,\"image\":{\"@id\":\"https:\\\/\\\/interamerica.org\\\/es\\\/2021\\\/12\\\/maestra-de-arte-en-escuela-adventista-es-seleccionada-para-exhibir-su-obra-en-el-louvre\\\/#primaryimage\"},\"thumbnailUrl\":\"https:\\\/\\\/interamerica.org\\\/wp-content\\\/uploads\\\/2021\\\/12\\\/art-teacher-at-adventist-school-selected-to-exhibit-her-work-at-the-louvre1.jpeg\",\"articleSection\":[\"Desde la iglesia mundial\",\"RSS Espa\u00f1ol\"],\"inLanguage\":\"es\"},{\"@type\":\"WebPage\",\"@id\":\"https:\\\/\\\/interamerica.org\\\/es\\\/2021\\\/12\\\/maestra-de-arte-en-escuela-adventista-es-seleccionada-para-exhibir-su-obra-en-el-louvre\\\/\",\"url\":\"https:\\\/\\\/interamerica.org\\\/es\\\/2021\\\/12\\\/maestra-de-arte-en-escuela-adventista-es-seleccionada-para-exhibir-su-obra-en-el-louvre\\\/\",\"name\":\"Maestra de arte en escuela adventista es seleccionada para exhibir su obra en el Louvre - Iglesia Adventista del S\u00e9ptimo D\u00eda - Divisi\u00f3n Interamericana\",\"isPartOf\":{\"@id\":\"https:\\\/\\\/interamerica.org\\\/es\\\/#website\"},\"primaryImageOfPage\":{\"@id\":\"https:\\\/\\\/interamerica.org\\\/es\\\/2021\\\/12\\\/maestra-de-arte-en-escuela-adventista-es-seleccionada-para-exhibir-su-obra-en-el-louvre\\\/#primaryimage\"},\"image\":{\"@id\":\"https:\\\/\\\/interamerica.org\\\/es\\\/2021\\\/12\\\/maestra-de-arte-en-escuela-adventista-es-seleccionada-para-exhibir-su-obra-en-el-louvre\\\/#primaryimage\"},\"thumbnailUrl\":\"https:\\\/\\\/interamerica.org\\\/wp-content\\\/uploads\\\/2021\\\/12\\\/art-teacher-at-adventist-school-selected-to-exhibit-her-work-at-the-louvre1.jpeg\",\"datePublished\":\"2021-12-13T16:14:28+00:00\",\"dateModified\":\"2021-12-15T14:06:17+00:00\",\"author\":{\"@id\":\"https:\\\/\\\/interamerica.org\\\/es\\\/#\\\/schema\\\/person\\\/29998f2bc2d8bd0d38662909289b54f1\"},\"breadcrumb\":{\"@id\":\"https:\\\/\\\/interamerica.org\\\/es\\\/2021\\\/12\\\/maestra-de-arte-en-escuela-adventista-es-seleccionada-para-exhibir-su-obra-en-el-louvre\\\/#breadcrumb\"},\"inLanguage\":\"es\",\"potentialAction\":[{\"@type\":\"ReadAction\",\"target\":[\"https:\\\/\\\/interamerica.org\\\/es\\\/2021\\\/12\\\/maestra-de-arte-en-escuela-adventista-es-seleccionada-para-exhibir-su-obra-en-el-louvre\\\/\"]}]},{\"@type\":\"ImageObject\",\"inLanguage\":\"es\",\"@id\":\"https:\\\/\\\/interamerica.org\\\/es\\\/2021\\\/12\\\/maestra-de-arte-en-escuela-adventista-es-seleccionada-para-exhibir-su-obra-en-el-louvre\\\/#primaryimage\",\"url\":\"https:\\\/\\\/interamerica.org\\\/wp-content\\\/uploads\\\/2021\\\/12\\\/art-teacher-at-adventist-school-selected-to-exhibit-her-work-at-the-louvre1.jpeg\",\"contentUrl\":\"https:\\\/\\\/interamerica.org\\\/wp-content\\\/uploads\\\/2021\\\/12\\\/art-teacher-at-adventist-school-selected-to-exhibit-her-work-at-the-louvre1.jpeg\",\"width\":1000,\"height\":500,\"caption\":\"Raquel Falk trabaja en una de sus pintutas a la acuarela. [Imagen: Noticias de la Divisi\u00f3n Sudamericana]\"},{\"@type\":\"BreadcrumbList\",\"@id\":\"https:\\\/\\\/interamerica.org\\\/es\\\/2021\\\/12\\\/maestra-de-arte-en-escuela-adventista-es-seleccionada-para-exhibir-su-obra-en-el-louvre\\\/#breadcrumb\",\"itemListElement\":[{\"@type\":\"ListItem\",\"position\":1,\"name\":\"Home\",\"item\":\"https:\\\/\\\/interamerica.org\\\/es\\\/\"},{\"@type\":\"ListItem\",\"position\":2,\"name\":\"Maestra de arte en escuela adventista es seleccionada para exhibir su obra en el Louvre\"}]},{\"@type\":\"WebSite\",\"@id\":\"https:\\\/\\\/interamerica.org\\\/es\\\/#website\",\"url\":\"https:\\\/\\\/interamerica.org\\\/es\\\/\",\"name\":\"Iglesia Adventista del S\u00e9ptimo D\u00eda - Divisi\u00f3n Interamericana\",\"description\":\"\",\"potentialAction\":[{\"@type\":\"SearchAction\",\"target\":{\"@type\":\"EntryPoint\",\"urlTemplate\":\"https:\\\/\\\/interamerica.org\\\/es\\\/?s={search_term_string}\"},\"query-input\":{\"@type\":\"PropertyValueSpecification\",\"valueRequired\":true,\"valueName\":\"search_term_string\"}}],\"inLanguage\":\"es\"},{\"@type\":\"Person\",\"@id\":\"https:\\\/\\\/interamerica.org\\\/es\\\/#\\\/schema\\\/person\\\/29998f2bc2d8bd0d38662909289b54f1\",\"name\":\"libna\",\"image\":{\"@type\":\"ImageObject\",\"inLanguage\":\"es\",\"@id\":\"https:\\\/\\\/secure.gravatar.com\\\/avatar\\\/7c5bd30ae4b47a9ba3c856590957fd1d96dc588bf3ac05719d247e126840331f?s=96&d=mm&r=g\",\"url\":\"https:\\\/\\\/secure.gravatar.com\\\/avatar\\\/7c5bd30ae4b47a9ba3c856590957fd1d96dc588bf3ac05719d247e126840331f?s=96&d=mm&r=g\",\"contentUrl\":\"https:\\\/\\\/secure.gravatar.com\\\/avatar\\\/7c5bd30ae4b47a9ba3c856590957fd1d96dc588bf3ac05719d247e126840331f?s=96&d=mm&r=g\",\"caption\":\"libna\"}}]}<\/script>\n<!-- \/ Yoast SEO plugin. -->","yoast_head_json":{"title":"Maestra de arte en escuela adventista es seleccionada para exhibir su obra en el Louvre - Iglesia Adventista del S\u00e9ptimo D\u00eda - Divisi\u00f3n Interamericana","robots":{"index":"index","follow":"follow","max-snippet":"max-snippet:-1","max-image-preview":"max-image-preview:large","max-video-preview":"max-video-preview:-1"},"canonical":"https:\/\/interamerica.org\/es\/2021\/12\/maestra-de-arte-en-escuela-adventista-es-seleccionada-para-exhibir-su-obra-en-el-louvre\/","og_locale":"es_ES","og_type":"article","og_title":"Maestra de arte en escuela adventista es seleccionada para exhibir su obra en el Louvre - Iglesia Adventista del S\u00e9ptimo D\u00eda - Divisi\u00f3n Interamericana","og_description":"Raquel Falk se prepara para exhibir algunas de sus acuarelas en Par\u00eds, en 2022. 13 de diciembre de 2021 | Brasil |Por Leonardo Saimon, Divisi\u00f3n Sudamericana y Adventist Review Raquel...","og_url":"https:\/\/interamerica.org\/es\/2021\/12\/maestra-de-arte-en-escuela-adventista-es-seleccionada-para-exhibir-su-obra-en-el-louvre\/","og_site_name":"Iglesia Adventista del S\u00e9ptimo D\u00eda - Divisi\u00f3n Interamericana","article_published_time":"2021-12-13T16:14:28+00:00","article_modified_time":"2021-12-15T14:06:17+00:00","og_image":[{"width":1000,"height":500,"url":"https:\/\/interamerica.org\/wp-content\/uploads\/2021\/12\/art-teacher-at-adventist-school-selected-to-exhibit-her-work-at-the-louvre1.jpeg","type":"image\/jpeg"}],"author":"libna","twitter_card":"summary_large_image","twitter_misc":{"Escrito por":"libna","Tiempo de lectura":"3 minutos"},"schema":{"@context":"https:\/\/schema.org","@graph":[{"@type":"Article","@id":"https:\/\/interamerica.org\/es\/2021\/12\/maestra-de-arte-en-escuela-adventista-es-seleccionada-para-exhibir-su-obra-en-el-louvre\/#article","isPartOf":{"@id":"https:\/\/interamerica.org\/es\/2021\/12\/maestra-de-arte-en-escuela-adventista-es-seleccionada-para-exhibir-su-obra-en-el-louvre\/"},"author":{"name":"libna","@id":"https:\/\/interamerica.org\/es\/#\/schema\/person\/29998f2bc2d8bd0d38662909289b54f1"},"headline":"Maestra de arte en escuela adventista es seleccionada para exhibir su obra en el Louvre","datePublished":"2021-12-13T16:14:28+00:00","dateModified":"2021-12-15T14:06:17+00:00","mainEntityOfPage":{"@id":"https:\/\/interamerica.org\/es\/2021\/12\/maestra-de-arte-en-escuela-adventista-es-seleccionada-para-exhibir-su-obra-en-el-louvre\/"},"wordCount":623,"image":{"@id":"https:\/\/interamerica.org\/es\/2021\/12\/maestra-de-arte-en-escuela-adventista-es-seleccionada-para-exhibir-su-obra-en-el-louvre\/#primaryimage"},"thumbnailUrl":"https:\/\/interamerica.org\/wp-content\/uploads\/2021\/12\/art-teacher-at-adventist-school-selected-to-exhibit-her-work-at-the-louvre1.jpeg","articleSection":["Desde la iglesia mundial","RSS Espa\u00f1ol"],"inLanguage":"es"},{"@type":"WebPage","@id":"https:\/\/interamerica.org\/es\/2021\/12\/maestra-de-arte-en-escuela-adventista-es-seleccionada-para-exhibir-su-obra-en-el-louvre\/","url":"https:\/\/interamerica.org\/es\/2021\/12\/maestra-de-arte-en-escuela-adventista-es-seleccionada-para-exhibir-su-obra-en-el-louvre\/","name":"Maestra de arte en escuela adventista es seleccionada para exhibir su obra en el Louvre - Iglesia Adventista del S\u00e9ptimo D\u00eda - Divisi\u00f3n Interamericana","isPartOf":{"@id":"https:\/\/interamerica.org\/es\/#website"},"primaryImageOfPage":{"@id":"https:\/\/interamerica.org\/es\/2021\/12\/maestra-de-arte-en-escuela-adventista-es-seleccionada-para-exhibir-su-obra-en-el-louvre\/#primaryimage"},"image":{"@id":"https:\/\/interamerica.org\/es\/2021\/12\/maestra-de-arte-en-escuela-adventista-es-seleccionada-para-exhibir-su-obra-en-el-louvre\/#primaryimage"},"thumbnailUrl":"https:\/\/interamerica.org\/wp-content\/uploads\/2021\/12\/art-teacher-at-adventist-school-selected-to-exhibit-her-work-at-the-louvre1.jpeg","datePublished":"2021-12-13T16:14:28+00:00","dateModified":"2021-12-15T14:06:17+00:00","author":{"@id":"https:\/\/interamerica.org\/es\/#\/schema\/person\/29998f2bc2d8bd0d38662909289b54f1"},"breadcrumb":{"@id":"https:\/\/interamerica.org\/es\/2021\/12\/maestra-de-arte-en-escuela-adventista-es-seleccionada-para-exhibir-su-obra-en-el-louvre\/#breadcrumb"},"inLanguage":"es","potentialAction":[{"@type":"ReadAction","target":["https:\/\/interamerica.org\/es\/2021\/12\/maestra-de-arte-en-escuela-adventista-es-seleccionada-para-exhibir-su-obra-en-el-louvre\/"]}]},{"@type":"ImageObject","inLanguage":"es","@id":"https:\/\/interamerica.org\/es\/2021\/12\/maestra-de-arte-en-escuela-adventista-es-seleccionada-para-exhibir-su-obra-en-el-louvre\/#primaryimage","url":"https:\/\/interamerica.org\/wp-content\/uploads\/2021\/12\/art-teacher-at-adventist-school-selected-to-exhibit-her-work-at-the-louvre1.jpeg","contentUrl":"https:\/\/interamerica.org\/wp-content\/uploads\/2021\/12\/art-teacher-at-adventist-school-selected-to-exhibit-her-work-at-the-louvre1.jpeg","width":1000,"height":500,"caption":"Raquel Falk trabaja en una de sus pintutas a la acuarela. [Imagen: Noticias de la Divisi\u00f3n Sudamericana]"},{"@type":"BreadcrumbList","@id":"https:\/\/interamerica.org\/es\/2021\/12\/maestra-de-arte-en-escuela-adventista-es-seleccionada-para-exhibir-su-obra-en-el-louvre\/#breadcrumb","itemListElement":[{"@type":"ListItem","position":1,"name":"Home","item":"https:\/\/interamerica.org\/es\/"},{"@type":"ListItem","position":2,"name":"Maestra de arte en escuela adventista es seleccionada para exhibir su obra en el Louvre"}]},{"@type":"WebSite","@id":"https:\/\/interamerica.org\/es\/#website","url":"https:\/\/interamerica.org\/es\/","name":"Iglesia Adventista del S\u00e9ptimo D\u00eda - Divisi\u00f3n Interamericana","description":"","potentialAction":[{"@type":"SearchAction","target":{"@type":"EntryPoint","urlTemplate":"https:\/\/interamerica.org\/es\/?s={search_term_string}"},"query-input":{"@type":"PropertyValueSpecification","valueRequired":true,"valueName":"search_term_string"}}],"inLanguage":"es"},{"@type":"Person","@id":"https:\/\/interamerica.org\/es\/#\/schema\/person\/29998f2bc2d8bd0d38662909289b54f1","name":"libna","image":{"@type":"ImageObject","inLanguage":"es","@id":"https:\/\/secure.gravatar.com\/avatar\/7c5bd30ae4b47a9ba3c856590957fd1d96dc588bf3ac05719d247e126840331f?s=96&d=mm&r=g","url":"https:\/\/secure.gravatar.com\/avatar\/7c5bd30ae4b47a9ba3c856590957fd1d96dc588bf3ac05719d247e126840331f?s=96&d=mm&r=g","contentUrl":"https:\/\/secure.gravatar.com\/avatar\/7c5bd30ae4b47a9ba3c856590957fd1d96dc588bf3ac05719d247e126840331f?s=96&d=mm&r=g","caption":"libna"}}]}},"_links":{"self":[{"href":"https:\/\/interamerica.org\/es\/wp-json\/wp\/v2\/posts\/79780","targetHints":{"allow":["GET"]}}],"collection":[{"href":"https:\/\/interamerica.org\/es\/wp-json\/wp\/v2\/posts"}],"about":[{"href":"https:\/\/interamerica.org\/es\/wp-json\/wp\/v2\/types\/post"}],"author":[{"embeddable":true,"href":"https:\/\/interamerica.org\/es\/wp-json\/wp\/v2\/users\/3"}],"replies":[{"embeddable":true,"href":"https:\/\/interamerica.org\/es\/wp-json\/wp\/v2\/comments?post=79780"}],"version-history":[{"count":0,"href":"https:\/\/interamerica.org\/es\/wp-json\/wp\/v2\/posts\/79780\/revisions"}],"wp:featuredmedia":[{"embeddable":true,"href":"https:\/\/interamerica.org\/es\/wp-json\/wp\/v2\/media\/79754"}],"wp:attachment":[{"href":"https:\/\/interamerica.org\/es\/wp-json\/wp\/v2\/media?parent=79780"}],"wp:term":[{"taxonomy":"category","embeddable":true,"href":"https:\/\/interamerica.org\/es\/wp-json\/wp\/v2\/categories?post=79780"},{"taxonomy":"post_tag","embeddable":true,"href":"https:\/\/interamerica.org\/es\/wp-json\/wp\/v2\/tags?post=79780"}],"curies":[{"name":"wp","href":"https:\/\/api.w.org\/{rel}","templated":true}]}}