{"id":79871,"date":"2021-12-23T20:29:39","date_gmt":"2021-12-24T00:29:39","guid":{"rendered":"https:\/\/recursing-golick.147-182-135-0.plesk.page\/?p=79871"},"modified":"2021-12-31T10:30:18","modified_gmt":"2021-12-31T14:30:18","slug":"el-asombroso-regalo-de-dios","status":"publish","type":"post","link":"https:\/\/interamerica.org\/es\/2021\/12\/el-asombroso-regalo-de-dios\/","title":{"rendered":"El Asombroso Regalo de Dios"},"content":{"rendered":"<p>23 de diciembre 2021 | Silver Spring, Maryland, Estados Unidos | Ted N.C. Wilson, President de la Asociaci\u00f3n General de los Adventistas del S\u00e9ptimo D\u00eda<\/p>\n<p><b>TW: <\/b><span style=\"font-weight: 400;\">Saludos amigos. \u00a1Durante esta \u00e9poca especial del a\u00f1o, Nancy y yo quisi\u00e9ramos enviarles nuestros m\u00e1s c\u00e1lidos saludos Cristianos! Oramos para que dondequiera que se encuentren ahora, sientan, de una manera muy real, la cercan\u00eda de nuestro Se\u00f1or y Salvador, Jesucristo.<\/span><\/p>\n<p><b>NW: <\/b><span style=\"font-weight: 400;\">Hace varios a\u00f1os, el 29 de octubre de 1993, los siete astronautas a bordo del transbordador espacial \u00abColumbia\u00bb se despertaron con la m\u00fasica procedente del centro de control, en Houston, Texas. La llamada de atenci\u00f3n de esa ma\u00f1ana inclu\u00eda la canci\u00f3n \u00abDesde la Distancia\u00bb, y las palabras parec\u00edan tan apropiadas cuando los astronautas miraban la tierra a casi 200 millas m\u00e1s abajo: \u00abDesde la distancia, el mundo se ve azul y verde, y la nieve -monta\u00f1as coronadas de blanco.\u201d<\/span><\/p>\n<p><b>TW: <\/b><span style=\"font-weight: 400;\">La canci\u00f3n contin\u00faa describiendo la belleza de la tierra y la paz y armon\u00eda que parecen existir desde la distancia. Luego incluye la siguiente frase: \u00abDios nos est\u00e1 mirando, desde la distancia.\u00bb Esto sugiere que Dios es un ser lejano que no est\u00e1 familiarizado con todos los problemas y dolores que enfrentamos aqu\u00ed en la Tierra.<\/span><\/p>\n<p><b>NW:<\/b><span style=\"font-weight: 400;\"> Pero nada podr\u00eda estar m\u00e1s lejos de la verdad. De hecho, incrustada en Su mismo nombre, \u00abEmanuel\u00bb, est\u00e1 la hermosa verdad de \u00abDios con nosotros\u00bb.<\/span><\/p>\n<p><b>TW: <\/b><span style=\"font-weight: 400;\">Haciendo referencia a la profec\u00eda que se encuentra en Isa\u00edas 7:14, el \u00e1ngel que se le apareci\u00f3 a Jos\u00e9 en un sue\u00f1o le record\u00f3 la promesa: <\/span><b>\u00abHe aqu\u00ed, una virgen concebir\u00e1 y dar\u00e1 a luz un hijo, Y llamar\u00e1s su nombre Emanuel, que traducido es: Dios con nosotros. \u00bb (Mat. 1:23).<\/b><\/p>\n<p><span style=\"font-weight: 400;\">Cuando Ad\u00e1n y Eva pecaron, Dios no mir\u00f3 desde la distancia. Vino a buscarlos y les prometi\u00f3 que no todo estaba perdido. Cuando Mois\u00e9s subi\u00f3 al monte Sina\u00ed, Dios baj\u00f3 y habl\u00f3 con \u00e9l all\u00ed. Anhelando estar cerca del pueblo, le dijo a Mois\u00e9s: <\/span><b>\u00abY har\u00e1n un santuario para m\u00ed, y habitar\u00e9 en medio de ellos.\u00bb (\u00c9xodo 25:8)<\/b><b>.<\/b><span style=\"font-weight: 400;\"> A lo largo de la historia, Dios ha deseado estar cerca de Su pueblo, y cuando lleg\u00f3 el tiempo predicho por los profetas, vino \u00aben carne\u00bb para \u00abhabitar entre nosotros\u00bb.<\/span><\/p>\n<p><b>NW: <\/b><span style=\"font-weight: 400;\">Cuando Jes\u00fas vino a la tierra, pudo haber elegido nacer en una familia rica y poderosa. Pero no lo hizo. Pudo haber elegido nacer entre las principales familias religiosas de Israel, pero no fue as\u00ed. En cambio, eligi\u00f3 una familia humilde, pero dedicada y temerosa de Dios para Su hogar terrenal.<\/span><\/p>\n<p><b>TW:<\/b><span style=\"font-weight: 400;\"> Leamos esta maravillosa descripci\u00f3n, por Elena de White, en un art\u00edculo publicado en la <\/span><b><i>Review &amp; Herald<\/i><\/b><b>, del 23 de diciembre de 1890<\/b><span style=\"font-weight: 400;\">:<\/span><\/p>\n<p><span style=\"font-weight: 400;\">\u00a0<\/span><b>\u00abJes\u00fas dej\u00f3 su hogar en la gloria, visti\u00f3 su divinidad de humanidad y vino a un mundo estropeado y contaminado por la maldici\u00f3n del pecado. Podr\u00eda haberse quedado en su hogar celestial y haber recibido la adoraci\u00f3n de los \u00e1ngeles; pero vino a la tierra para buscar y salvar a los perdidos, a los que perecen. \u201cPor vosotros se hizo pobre, para que vosotros por su pobreza se\u00e1is ricos\u201d. \u00c9l, la Majestad del cielo, que era uno con el Padre, se neg\u00f3 a s\u00ed mismo, hizo todos los sacrificios posibles para que el hombre no pereciera, sino que tuviera vida eterna.\u201d {RH 23 de diciembre de 1890}<\/b><\/p>\n<p><b>NW: <\/b><span style=\"font-weight: 400;\">Este es nuestro Dios, el Dios que no nos mira desde la distancia, sino que se acerca muy, muy cerca. \u00c9l fue <\/span><b>\u00abDespreciado y desechado entre los hombres, var\u00f3n de dolores, experimentado en quebranto\u2026 Ciertamente llev\u00f3 \u00e9l nuestras enfermedades, y sufri\u00f3 nuestros dolores\u2026 Mas \u00e9l herido fue por nuestras rebeliones, molido por nuestros pecados; el castigo de nuestra paz fue sobre \u00c9l, y por su llaga fuimos nosotros curados.\u00bb (Isa\u00edas 53:3-5).<\/b><\/p>\n<p><span style=\"font-weight: 400;\">Hoy, este mismo Jes\u00fas, que vivi\u00f3 en esta tierra, que comprende nuestras alegr\u00edas y nuestros sufrimientos, que conoce nuestros dolores y preocupaciones, que ve cada l\u00e1grima y cada sonrisa, nos invita: <\/span><b>\u00abMe invocar\u00e1, y yo le responder\u00e9\u00bb (Salmos 91:15).<\/b><\/p>\n<p><b>TW: <\/b><span style=\"font-weight: 400;\">Amigos, Dios est\u00e1 muy cerca. Y un d\u00eda, muy pronto, tendremos la alegr\u00eda de verlo cara a cara. \u00a1Qu\u00e9 d\u00eda ser\u00e1 ese! \u00bfEst\u00e1s listo para encontrarte con \u00c9l? \u00bfHas aceptado el regalo de Su salvaci\u00f3n? Si no es as\u00ed, no hay mejor momento para hacerlo que ahora. Si deseas aceptar a Jes\u00fas como tu Salvador, o deseas volver a comprometer tu vida con \u00c9l, te invito a orar conmigo en este momento.<\/span><\/p>\n<p><span style=\"font-weight: 400;\">Padre celestial, gracias por brindarnos un escape eterno para todos nosotros, a trav\u00e9s de la maravillosa encarnaci\u00f3n de Jes\u00fas, quien vive la vida perfecta, que realiz\u00f3 tantos milagros y ministr\u00f3 a la gente durante su caminar aqu\u00ed en esta tierra, y luego muri\u00f3 en la cruz, por cada uno de nosotros, y ahora promete venir a llevarnos a casa para estar con \u00c9l.<\/span><\/p>\n<p><span style=\"font-weight: 400;\">Gracias por este asombroso plan de salvaci\u00f3n y por el ministerio de Cristo en el lugar sant\u00edsimo de su santuario celestial en este momento intercediendo por nosotros. Sabemos que pronto Jes\u00fas se quitar\u00e1 esas t\u00fanicas sacerdotales y se pondr\u00e1 las t\u00fanicas de Rey y vendr\u00e1 para llevarnos a casa para que estemos con \u00c9l.<\/span><\/p>\n<p><span style=\"font-weight: 400;\">Se\u00f1or, estamos muy agradecidos de que no hayas sido parte de nosotros desde la distancia, sino que has estado con nosotros y est\u00e1s con nosotros hasta el final de los tiempos. Te damos gracias por escucharnos y por la promesa de tu pronto regreso, te damos gracias en el nombre de Jes\u00fas, nuestro Se\u00f1or y Salvador, y nuestro Rey pr\u00f3ximo a venir, am\u00e9n.<\/span><\/p>\n<p><iframe title=\"El Regalo de Dios para Ti \/ Pastor Ted Wilson\" src=\"https:\/\/player.vimeo.com\/video\/659680952?dnt=1&amp;app_id=122963\" width=\"500\" height=\"281\" frameborder=\"0\" allow=\"autoplay; fullscreen; picture-in-picture; clipboard-write\"><\/iframe><\/p>\n","protected":false},"excerpt":{"rendered":"<p>23 de diciembre 2021 | Silver Spring, Maryland, Estados Unidos | Ted N.C. Wilson, President de la Asociaci\u00f3n General de los Adventistas del S\u00e9ptimo D\u00eda TW: Saludos amigos. \u00a1Durante esta&#8230;<\/p>\n","protected":false},"author":3,"featured_media":79863,"comment_status":"closed","ping_status":"closed","sticky":false,"template":"","format":"standard","meta":{"_acf_changed":false,"footnotes":""},"categories":[14,15],"tags":[],"class_list":["post-79871","post","type-post","status-publish","format-standard","has-post-thumbnail","hentry","category-de-la-iglesia-mundial","category-rss-espanol"],"acf":[],"yoast_head":"<!-- This site is optimized with the Yoast SEO plugin v27.3 - https:\/\/yoast.com\/product\/yoast-seo-wordpress\/ -->\n<title>El Asombroso Regalo de Dios - Iglesia Adventista del S\u00e9ptimo D\u00eda - Divisi\u00f3n Interamericana<\/title>\n<meta name=\"robots\" content=\"index, follow, max-snippet:-1, max-image-preview:large, max-video-preview:-1\" \/>\n<link rel=\"canonical\" href=\"https:\/\/interamerica.org\/es\/2021\/12\/el-asombroso-regalo-de-dios\/\" \/>\n<meta property=\"og:locale\" content=\"es_ES\" \/>\n<meta property=\"og:type\" content=\"article\" \/>\n<meta property=\"og:title\" content=\"El Asombroso Regalo de Dios - Iglesia Adventista del S\u00e9ptimo D\u00eda - Divisi\u00f3n Interamericana\" \/>\n<meta property=\"og:description\" content=\"23 de diciembre 2021 | Silver Spring, Maryland, Estados Unidos | Ted N.C. Wilson, President de la Asociaci\u00f3n General de los Adventistas del S\u00e9ptimo D\u00eda TW: Saludos amigos. \u00a1Durante esta...\" \/>\n<meta property=\"og:url\" content=\"https:\/\/interamerica.org\/es\/2021\/12\/el-asombroso-regalo-de-dios\/\" \/>\n<meta property=\"og:site_name\" content=\"Iglesia Adventista del S\u00e9ptimo D\u00eda - Divisi\u00f3n Interamericana\" \/>\n<meta property=\"article:published_time\" content=\"2021-12-24T00:29:39+00:00\" \/>\n<meta property=\"article:modified_time\" content=\"2021-12-31T14:30:18+00:00\" \/>\n<meta property=\"og:image\" content=\"https:\/\/interamerica.org\/wp-content\/uploads\/2021\/12\/wilson-dec-23-spanish.jpg\" \/>\n\t<meta property=\"og:image:width\" content=\"1280\" \/>\n\t<meta property=\"og:image:height\" content=\"800\" \/>\n\t<meta property=\"og:image:type\" content=\"image\/jpeg\" \/>\n<meta name=\"author\" content=\"libna\" \/>\n<meta name=\"twitter:card\" content=\"summary_large_image\" \/>\n<meta name=\"twitter:label1\" content=\"Escrito por\" \/>\n\t<meta name=\"twitter:data1\" content=\"libna\" \/>\n\t<meta name=\"twitter:label2\" content=\"Tiempo de lectura\" \/>\n\t<meta name=\"twitter:data2\" content=\"5 minutos\" \/>\n<script type=\"application\/ld+json\" class=\"yoast-schema-graph\">{\"@context\":\"https:\\\/\\\/schema.org\",\"@graph\":[{\"@type\":\"Article\",\"@id\":\"https:\\\/\\\/interamerica.org\\\/es\\\/2021\\\/12\\\/el-asombroso-regalo-de-dios\\\/#article\",\"isPartOf\":{\"@id\":\"https:\\\/\\\/interamerica.org\\\/es\\\/2021\\\/12\\\/el-asombroso-regalo-de-dios\\\/\"},\"author\":{\"name\":\"libna\",\"@id\":\"https:\\\/\\\/interamerica.org\\\/es\\\/#\\\/schema\\\/person\\\/29998f2bc2d8bd0d38662909289b54f1\"},\"headline\":\"El Asombroso Regalo de Dios\",\"datePublished\":\"2021-12-24T00:29:39+00:00\",\"dateModified\":\"2021-12-31T14:30:18+00:00\",\"mainEntityOfPage\":{\"@id\":\"https:\\\/\\\/interamerica.org\\\/es\\\/2021\\\/12\\\/el-asombroso-regalo-de-dios\\\/\"},\"wordCount\":973,\"image\":{\"@id\":\"https:\\\/\\\/interamerica.org\\\/es\\\/2021\\\/12\\\/el-asombroso-regalo-de-dios\\\/#primaryimage\"},\"thumbnailUrl\":\"https:\\\/\\\/interamerica.org\\\/wp-content\\\/uploads\\\/2021\\\/12\\\/wilson-dec-23-spanish.jpg\",\"articleSection\":[\"Desde la iglesia mundial\",\"RSS Espa\u00f1ol\"],\"inLanguage\":\"es\"},{\"@type\":\"WebPage\",\"@id\":\"https:\\\/\\\/interamerica.org\\\/es\\\/2021\\\/12\\\/el-asombroso-regalo-de-dios\\\/\",\"url\":\"https:\\\/\\\/interamerica.org\\\/es\\\/2021\\\/12\\\/el-asombroso-regalo-de-dios\\\/\",\"name\":\"El Asombroso Regalo de Dios - Iglesia Adventista del S\u00e9ptimo D\u00eda - Divisi\u00f3n Interamericana\",\"isPartOf\":{\"@id\":\"https:\\\/\\\/interamerica.org\\\/es\\\/#website\"},\"primaryImageOfPage\":{\"@id\":\"https:\\\/\\\/interamerica.org\\\/es\\\/2021\\\/12\\\/el-asombroso-regalo-de-dios\\\/#primaryimage\"},\"image\":{\"@id\":\"https:\\\/\\\/interamerica.org\\\/es\\\/2021\\\/12\\\/el-asombroso-regalo-de-dios\\\/#primaryimage\"},\"thumbnailUrl\":\"https:\\\/\\\/interamerica.org\\\/wp-content\\\/uploads\\\/2021\\\/12\\\/wilson-dec-23-spanish.jpg\",\"datePublished\":\"2021-12-24T00:29:39+00:00\",\"dateModified\":\"2021-12-31T14:30:18+00:00\",\"author\":{\"@id\":\"https:\\\/\\\/interamerica.org\\\/es\\\/#\\\/schema\\\/person\\\/29998f2bc2d8bd0d38662909289b54f1\"},\"breadcrumb\":{\"@id\":\"https:\\\/\\\/interamerica.org\\\/es\\\/2021\\\/12\\\/el-asombroso-regalo-de-dios\\\/#breadcrumb\"},\"inLanguage\":\"es\",\"potentialAction\":[{\"@type\":\"ReadAction\",\"target\":[\"https:\\\/\\\/interamerica.org\\\/es\\\/2021\\\/12\\\/el-asombroso-regalo-de-dios\\\/\"]}]},{\"@type\":\"ImageObject\",\"inLanguage\":\"es\",\"@id\":\"https:\\\/\\\/interamerica.org\\\/es\\\/2021\\\/12\\\/el-asombroso-regalo-de-dios\\\/#primaryimage\",\"url\":\"https:\\\/\\\/interamerica.org\\\/wp-content\\\/uploads\\\/2021\\\/12\\\/wilson-dec-23-spanish.jpg\",\"contentUrl\":\"https:\\\/\\\/interamerica.org\\\/wp-content\\\/uploads\\\/2021\\\/12\\\/wilson-dec-23-spanish.jpg\",\"width\":1280,\"height\":800},{\"@type\":\"BreadcrumbList\",\"@id\":\"https:\\\/\\\/interamerica.org\\\/es\\\/2021\\\/12\\\/el-asombroso-regalo-de-dios\\\/#breadcrumb\",\"itemListElement\":[{\"@type\":\"ListItem\",\"position\":1,\"name\":\"Home\",\"item\":\"https:\\\/\\\/interamerica.org\\\/es\\\/\"},{\"@type\":\"ListItem\",\"position\":2,\"name\":\"El Asombroso Regalo de Dios\"}]},{\"@type\":\"WebSite\",\"@id\":\"https:\\\/\\\/interamerica.org\\\/es\\\/#website\",\"url\":\"https:\\\/\\\/interamerica.org\\\/es\\\/\",\"name\":\"Iglesia Adventista del S\u00e9ptimo D\u00eda - Divisi\u00f3n Interamericana\",\"description\":\"\",\"potentialAction\":[{\"@type\":\"SearchAction\",\"target\":{\"@type\":\"EntryPoint\",\"urlTemplate\":\"https:\\\/\\\/interamerica.org\\\/es\\\/?s={search_term_string}\"},\"query-input\":{\"@type\":\"PropertyValueSpecification\",\"valueRequired\":true,\"valueName\":\"search_term_string\"}}],\"inLanguage\":\"es\"},{\"@type\":\"Person\",\"@id\":\"https:\\\/\\\/interamerica.org\\\/es\\\/#\\\/schema\\\/person\\\/29998f2bc2d8bd0d38662909289b54f1\",\"name\":\"libna\",\"image\":{\"@type\":\"ImageObject\",\"inLanguage\":\"es\",\"@id\":\"https:\\\/\\\/secure.gravatar.com\\\/avatar\\\/7c5bd30ae4b47a9ba3c856590957fd1d96dc588bf3ac05719d247e126840331f?s=96&d=mm&r=g\",\"url\":\"https:\\\/\\\/secure.gravatar.com\\\/avatar\\\/7c5bd30ae4b47a9ba3c856590957fd1d96dc588bf3ac05719d247e126840331f?s=96&d=mm&r=g\",\"contentUrl\":\"https:\\\/\\\/secure.gravatar.com\\\/avatar\\\/7c5bd30ae4b47a9ba3c856590957fd1d96dc588bf3ac05719d247e126840331f?s=96&d=mm&r=g\",\"caption\":\"libna\"}}]}<\/script>\n<!-- \/ Yoast SEO plugin. -->","yoast_head_json":{"title":"El Asombroso Regalo de Dios - Iglesia Adventista del S\u00e9ptimo D\u00eda - Divisi\u00f3n Interamericana","robots":{"index":"index","follow":"follow","max-snippet":"max-snippet:-1","max-image-preview":"max-image-preview:large","max-video-preview":"max-video-preview:-1"},"canonical":"https:\/\/interamerica.org\/es\/2021\/12\/el-asombroso-regalo-de-dios\/","og_locale":"es_ES","og_type":"article","og_title":"El Asombroso Regalo de Dios - Iglesia Adventista del S\u00e9ptimo D\u00eda - Divisi\u00f3n Interamericana","og_description":"23 de diciembre 2021 | Silver Spring, Maryland, Estados Unidos | Ted N.C. Wilson, President de la Asociaci\u00f3n General de los Adventistas del S\u00e9ptimo D\u00eda TW: Saludos amigos. \u00a1Durante esta...","og_url":"https:\/\/interamerica.org\/es\/2021\/12\/el-asombroso-regalo-de-dios\/","og_site_name":"Iglesia Adventista del S\u00e9ptimo D\u00eda - Divisi\u00f3n Interamericana","article_published_time":"2021-12-24T00:29:39+00:00","article_modified_time":"2021-12-31T14:30:18+00:00","og_image":[{"width":1280,"height":800,"url":"https:\/\/interamerica.org\/wp-content\/uploads\/2021\/12\/wilson-dec-23-spanish.jpg","type":"image\/jpeg"}],"author":"libna","twitter_card":"summary_large_image","twitter_misc":{"Escrito por":"libna","Tiempo de lectura":"5 minutos"},"schema":{"@context":"https:\/\/schema.org","@graph":[{"@type":"Article","@id":"https:\/\/interamerica.org\/es\/2021\/12\/el-asombroso-regalo-de-dios\/#article","isPartOf":{"@id":"https:\/\/interamerica.org\/es\/2021\/12\/el-asombroso-regalo-de-dios\/"},"author":{"name":"libna","@id":"https:\/\/interamerica.org\/es\/#\/schema\/person\/29998f2bc2d8bd0d38662909289b54f1"},"headline":"El Asombroso Regalo de Dios","datePublished":"2021-12-24T00:29:39+00:00","dateModified":"2021-12-31T14:30:18+00:00","mainEntityOfPage":{"@id":"https:\/\/interamerica.org\/es\/2021\/12\/el-asombroso-regalo-de-dios\/"},"wordCount":973,"image":{"@id":"https:\/\/interamerica.org\/es\/2021\/12\/el-asombroso-regalo-de-dios\/#primaryimage"},"thumbnailUrl":"https:\/\/interamerica.org\/wp-content\/uploads\/2021\/12\/wilson-dec-23-spanish.jpg","articleSection":["Desde la iglesia mundial","RSS Espa\u00f1ol"],"inLanguage":"es"},{"@type":"WebPage","@id":"https:\/\/interamerica.org\/es\/2021\/12\/el-asombroso-regalo-de-dios\/","url":"https:\/\/interamerica.org\/es\/2021\/12\/el-asombroso-regalo-de-dios\/","name":"El Asombroso Regalo de Dios - Iglesia Adventista del S\u00e9ptimo D\u00eda - Divisi\u00f3n Interamericana","isPartOf":{"@id":"https:\/\/interamerica.org\/es\/#website"},"primaryImageOfPage":{"@id":"https:\/\/interamerica.org\/es\/2021\/12\/el-asombroso-regalo-de-dios\/#primaryimage"},"image":{"@id":"https:\/\/interamerica.org\/es\/2021\/12\/el-asombroso-regalo-de-dios\/#primaryimage"},"thumbnailUrl":"https:\/\/interamerica.org\/wp-content\/uploads\/2021\/12\/wilson-dec-23-spanish.jpg","datePublished":"2021-12-24T00:29:39+00:00","dateModified":"2021-12-31T14:30:18+00:00","author":{"@id":"https:\/\/interamerica.org\/es\/#\/schema\/person\/29998f2bc2d8bd0d38662909289b54f1"},"breadcrumb":{"@id":"https:\/\/interamerica.org\/es\/2021\/12\/el-asombroso-regalo-de-dios\/#breadcrumb"},"inLanguage":"es","potentialAction":[{"@type":"ReadAction","target":["https:\/\/interamerica.org\/es\/2021\/12\/el-asombroso-regalo-de-dios\/"]}]},{"@type":"ImageObject","inLanguage":"es","@id":"https:\/\/interamerica.org\/es\/2021\/12\/el-asombroso-regalo-de-dios\/#primaryimage","url":"https:\/\/interamerica.org\/wp-content\/uploads\/2021\/12\/wilson-dec-23-spanish.jpg","contentUrl":"https:\/\/interamerica.org\/wp-content\/uploads\/2021\/12\/wilson-dec-23-spanish.jpg","width":1280,"height":800},{"@type":"BreadcrumbList","@id":"https:\/\/interamerica.org\/es\/2021\/12\/el-asombroso-regalo-de-dios\/#breadcrumb","itemListElement":[{"@type":"ListItem","position":1,"name":"Home","item":"https:\/\/interamerica.org\/es\/"},{"@type":"ListItem","position":2,"name":"El Asombroso Regalo de Dios"}]},{"@type":"WebSite","@id":"https:\/\/interamerica.org\/es\/#website","url":"https:\/\/interamerica.org\/es\/","name":"Iglesia Adventista del S\u00e9ptimo D\u00eda - Divisi\u00f3n Interamericana","description":"","potentialAction":[{"@type":"SearchAction","target":{"@type":"EntryPoint","urlTemplate":"https:\/\/interamerica.org\/es\/?s={search_term_string}"},"query-input":{"@type":"PropertyValueSpecification","valueRequired":true,"valueName":"search_term_string"}}],"inLanguage":"es"},{"@type":"Person","@id":"https:\/\/interamerica.org\/es\/#\/schema\/person\/29998f2bc2d8bd0d38662909289b54f1","name":"libna","image":{"@type":"ImageObject","inLanguage":"es","@id":"https:\/\/secure.gravatar.com\/avatar\/7c5bd30ae4b47a9ba3c856590957fd1d96dc588bf3ac05719d247e126840331f?s=96&d=mm&r=g","url":"https:\/\/secure.gravatar.com\/avatar\/7c5bd30ae4b47a9ba3c856590957fd1d96dc588bf3ac05719d247e126840331f?s=96&d=mm&r=g","contentUrl":"https:\/\/secure.gravatar.com\/avatar\/7c5bd30ae4b47a9ba3c856590957fd1d96dc588bf3ac05719d247e126840331f?s=96&d=mm&r=g","caption":"libna"}}]}},"_links":{"self":[{"href":"https:\/\/interamerica.org\/es\/wp-json\/wp\/v2\/posts\/79871","targetHints":{"allow":["GET"]}}],"collection":[{"href":"https:\/\/interamerica.org\/es\/wp-json\/wp\/v2\/posts"}],"about":[{"href":"https:\/\/interamerica.org\/es\/wp-json\/wp\/v2\/types\/post"}],"author":[{"embeddable":true,"href":"https:\/\/interamerica.org\/es\/wp-json\/wp\/v2\/users\/3"}],"replies":[{"embeddable":true,"href":"https:\/\/interamerica.org\/es\/wp-json\/wp\/v2\/comments?post=79871"}],"version-history":[{"count":0,"href":"https:\/\/interamerica.org\/es\/wp-json\/wp\/v2\/posts\/79871\/revisions"}],"wp:featuredmedia":[{"embeddable":true,"href":"https:\/\/interamerica.org\/es\/wp-json\/wp\/v2\/media\/79863"}],"wp:attachment":[{"href":"https:\/\/interamerica.org\/es\/wp-json\/wp\/v2\/media?parent=79871"}],"wp:term":[{"taxonomy":"category","embeddable":true,"href":"https:\/\/interamerica.org\/es\/wp-json\/wp\/v2\/categories?post=79871"},{"taxonomy":"post_tag","embeddable":true,"href":"https:\/\/interamerica.org\/es\/wp-json\/wp\/v2\/tags?post=79871"}],"curies":[{"name":"wp","href":"https:\/\/api.w.org\/{rel}","templated":true}]}}