{"id":80091,"date":"2022-01-07T09:03:30","date_gmt":"2022-01-07T13:03:30","guid":{"rendered":"https:\/\/recursing-golick.147-182-135-0.plesk.page\/?p=80091"},"modified":"2022-01-07T15:28:30","modified_gmt":"2022-01-07T19:28:30","slug":"un-mensaje-especial-para-la-iglesia-en-interamerica","status":"publish","type":"post","link":"https:\/\/interamerica.org\/es\/2022\/01\/un-mensaje-especial-para-la-iglesia-en-interamerica\/","title":{"rendered":"Un mensaje especial para la iglesia en Interam\u00e9rica"},"content":{"rendered":"<p>7 de enero 2022 | Miami, Florida, Estados Unidos | Por: Pastor Elie Henry, presidente de la Iglesia Adventista del S\u00e9ptimo D\u00eda en la Divisi\u00f3n Interamericana<\/p>\n<p style=\"font-weight: 400;\">Apreciados hermanos y hermanas de Interam\u00e9rica<\/p>\n<p style=\"font-weight: 400;\">Por este medio les comparto un saludo muy especial y les deseo un bendecido 2022, al mismo tiempo que les invito a unirse en dar la bienvenida a lo que ser\u00e1 un a\u00f1o de celebraci\u00f3n.<\/p>\n<p style=\"font-weight: 400;\">Como saben, durante todo el a\u00f1o estamos festejando juntos como familia Adventista, los 100 a\u00f1os de existencia de la Divisi\u00f3n Interamericana. Es por eso que este s\u00e1bado 8 de enero se est\u00e1n llevando programas especiales en las 24 uniones de este vasto territorio.<\/p>\n<p style=\"font-weight: 400;\">Con este primer evento del a\u00f1o y con las diferentes actividades que se llevar\u00e1n a cabo durante los pr\u00f3ximos meses celebramos la visi\u00f3n que tuvieron nuestros pioneros al sentar las bases para contar hoy con una iglesia s\u00f3lida, honramos su servicio fiel y dedicado al haber dado tanto y heredarnos una tarea llena de convicci\u00f3n, de fe y de esperanza.<\/p>\n<p style=\"font-weight: 400;\">Celebramos tambi\u00e9n c\u00f3mo el Se\u00f1or ha sostenido a Su iglesia desde su formaci\u00f3n y enfatizamos de manera especial el a\u00f1o 1922, cuando se acord\u00f3 establecer la sede de la Divisi\u00f3n Interamericana. Alabamos Su nombre por habernos elegido y confiar en cada uno de nosotros para que desde cualquier lugar y campo de acci\u00f3n continuemos con la misi\u00f3n de servir, educar y evangelizar.<\/p>\n<p style=\"font-weight: 400;\">Con ese gran privilegio y responsabilidad, les invito a iniciar el d\u00eda de hoy dedic\u00e1ndonos al Se\u00f1or y consagrar nuestras vidas para que \u00c9l viva en nosotros y como Sus disc\u00edpulos, podamos estar alertas para el d\u00eda en que \u00c9l regrese.<\/p>\n<p style=\"font-weight: 400;\">Adoptemos por lo tanto las palabras del Salmista:\u00a0<strong>\u201cEns\u00e9\u00f1ame, oh Jehov\u00e1, tu camino; caminar\u00e9 yo en tu verdad; Afirma mi coraz\u00f3n para que tema tu nombre. Te alabar\u00e9, oh Jehov\u00e1 Dios m\u00edo, con todo mi coraz\u00f3n, Y glorificar\u00e9 tu nombre para siempre. Porque tu misericordia es grande para conmigo.\u201d (Salmos 86:10-12)<\/strong><\/p>\n<p style=\"font-weight: 400;\">Celebremos hoy y todo el a\u00f1o, a ese Dios que nos ama tanto, y continuemos siendo fieles a \u00c9l de todo coraz\u00f3n.<\/p>\n<p style=\"font-weight: 400;\">Feliz S\u00e1bado.<\/p>\n<p>&nbsp;<\/p>\n<p style=\"font-weight: 400;\">Pastor Elie Henry<\/p>\n<p style=\"font-weight: 400;\">Presidente<\/p>\n<p style=\"font-weight: 400;\">Divisi\u00f3n Interamericana<\/p>\n","protected":false},"excerpt":{"rendered":"<p>7 de enero 2022 | Miami, Florida, Estados Unidos | Por: Pastor Elie Henry, presidente de la Iglesia Adventista del S\u00e9ptimo D\u00eda en la Divisi\u00f3n Interamericana Apreciados hermanos y hermanas&#8230;<\/p>\n","protected":false},"author":3,"featured_media":80089,"comment_status":"closed","ping_status":"closed","sticky":false,"template":"","format":"standard","meta":{"_acf_changed":false,"footnotes":""},"categories":[16,15],"tags":[],"class_list":["post-80091","post","type-post","status-publish","format-standard","has-post-thumbnail","hentry","category-desde-la-sede","category-rss-espanol"],"acf":[],"yoast_head":"<!-- This site is optimized with the Yoast SEO plugin v27.3 - https:\/\/yoast.com\/product\/yoast-seo-wordpress\/ -->\n<title>Un mensaje especial para la iglesia en Interam\u00e9rica - Iglesia Adventista del S\u00e9ptimo D\u00eda - Divisi\u00f3n Interamericana<\/title>\n<meta name=\"robots\" content=\"index, follow, max-snippet:-1, max-image-preview:large, max-video-preview:-1\" \/>\n<link rel=\"canonical\" href=\"https:\/\/interamerica.org\/es\/2022\/01\/un-mensaje-especial-para-la-iglesia-en-interamerica\/\" \/>\n<meta property=\"og:locale\" content=\"es_ES\" \/>\n<meta property=\"og:type\" content=\"article\" \/>\n<meta property=\"og:title\" content=\"Un mensaje especial para la iglesia en Interam\u00e9rica - Iglesia Adventista del S\u00e9ptimo D\u00eda - Divisi\u00f3n Interamericana\" \/>\n<meta property=\"og:description\" content=\"7 de enero 2022 | Miami, Florida, Estados Unidos | Por: Pastor Elie Henry, presidente de la Iglesia Adventista del S\u00e9ptimo D\u00eda en la Divisi\u00f3n Interamericana Apreciados hermanos y hermanas...\" \/>\n<meta property=\"og:url\" content=\"https:\/\/interamerica.org\/es\/2022\/01\/un-mensaje-especial-para-la-iglesia-en-interamerica\/\" \/>\n<meta property=\"og:site_name\" content=\"Iglesia Adventista del S\u00e9ptimo D\u00eda - Divisi\u00f3n Interamericana\" \/>\n<meta property=\"article:published_time\" content=\"2022-01-07T13:03:30+00:00\" \/>\n<meta property=\"article:modified_time\" content=\"2022-01-07T19:28:30+00:00\" \/>\n<meta property=\"og:image\" content=\"https:\/\/interamerica.org\/wp-content\/uploads\/2022\/01\/henryel-portrait-header-cropped-1280-6.jpg\" \/>\n\t<meta property=\"og:image:width\" content=\"1280\" \/>\n\t<meta property=\"og:image:height\" content=\"800\" \/>\n\t<meta property=\"og:image:type\" content=\"image\/jpeg\" \/>\n<meta name=\"author\" content=\"libna\" \/>\n<meta name=\"twitter:card\" content=\"summary_large_image\" \/>\n<meta name=\"twitter:label1\" content=\"Escrito por\" \/>\n\t<meta name=\"twitter:data1\" content=\"libna\" \/>\n\t<meta name=\"twitter:label2\" content=\"Tiempo de lectura\" \/>\n\t<meta name=\"twitter:data2\" content=\"2 minutos\" \/>\n<script type=\"application\/ld+json\" class=\"yoast-schema-graph\">{\"@context\":\"https:\\\/\\\/schema.org\",\"@graph\":[{\"@type\":\"Article\",\"@id\":\"https:\\\/\\\/interamerica.org\\\/es\\\/2022\\\/01\\\/un-mensaje-especial-para-la-iglesia-en-interamerica\\\/#article\",\"isPartOf\":{\"@id\":\"https:\\\/\\\/interamerica.org\\\/es\\\/2022\\\/01\\\/un-mensaje-especial-para-la-iglesia-en-interamerica\\\/\"},\"author\":{\"name\":\"libna\",\"@id\":\"https:\\\/\\\/interamerica.org\\\/es\\\/#\\\/schema\\\/person\\\/29998f2bc2d8bd0d38662909289b54f1\"},\"headline\":\"Un mensaje especial para la iglesia en Interam\u00e9rica\",\"datePublished\":\"2022-01-07T13:03:30+00:00\",\"dateModified\":\"2022-01-07T19:28:30+00:00\",\"mainEntityOfPage\":{\"@id\":\"https:\\\/\\\/interamerica.org\\\/es\\\/2022\\\/01\\\/un-mensaje-especial-para-la-iglesia-en-interamerica\\\/\"},\"wordCount\":393,\"image\":{\"@id\":\"https:\\\/\\\/interamerica.org\\\/es\\\/2022\\\/01\\\/un-mensaje-especial-para-la-iglesia-en-interamerica\\\/#primaryimage\"},\"thumbnailUrl\":\"https:\\\/\\\/interamerica.org\\\/wp-content\\\/uploads\\\/2022\\\/01\\\/henryel-portrait-header-cropped-1280-6.jpg\",\"articleSection\":[\"Desde la sede\",\"RSS Espa\u00f1ol\"],\"inLanguage\":\"es\"},{\"@type\":\"WebPage\",\"@id\":\"https:\\\/\\\/interamerica.org\\\/es\\\/2022\\\/01\\\/un-mensaje-especial-para-la-iglesia-en-interamerica\\\/\",\"url\":\"https:\\\/\\\/interamerica.org\\\/es\\\/2022\\\/01\\\/un-mensaje-especial-para-la-iglesia-en-interamerica\\\/\",\"name\":\"Un mensaje especial para la iglesia en Interam\u00e9rica - Iglesia Adventista del S\u00e9ptimo D\u00eda - Divisi\u00f3n Interamericana\",\"isPartOf\":{\"@id\":\"https:\\\/\\\/interamerica.org\\\/es\\\/#website\"},\"primaryImageOfPage\":{\"@id\":\"https:\\\/\\\/interamerica.org\\\/es\\\/2022\\\/01\\\/un-mensaje-especial-para-la-iglesia-en-interamerica\\\/#primaryimage\"},\"image\":{\"@id\":\"https:\\\/\\\/interamerica.org\\\/es\\\/2022\\\/01\\\/un-mensaje-especial-para-la-iglesia-en-interamerica\\\/#primaryimage\"},\"thumbnailUrl\":\"https:\\\/\\\/interamerica.org\\\/wp-content\\\/uploads\\\/2022\\\/01\\\/henryel-portrait-header-cropped-1280-6.jpg\",\"datePublished\":\"2022-01-07T13:03:30+00:00\",\"dateModified\":\"2022-01-07T19:28:30+00:00\",\"author\":{\"@id\":\"https:\\\/\\\/interamerica.org\\\/es\\\/#\\\/schema\\\/person\\\/29998f2bc2d8bd0d38662909289b54f1\"},\"breadcrumb\":{\"@id\":\"https:\\\/\\\/interamerica.org\\\/es\\\/2022\\\/01\\\/un-mensaje-especial-para-la-iglesia-en-interamerica\\\/#breadcrumb\"},\"inLanguage\":\"es\",\"potentialAction\":[{\"@type\":\"ReadAction\",\"target\":[\"https:\\\/\\\/interamerica.org\\\/es\\\/2022\\\/01\\\/un-mensaje-especial-para-la-iglesia-en-interamerica\\\/\"]}]},{\"@type\":\"ImageObject\",\"inLanguage\":\"es\",\"@id\":\"https:\\\/\\\/interamerica.org\\\/es\\\/2022\\\/01\\\/un-mensaje-especial-para-la-iglesia-en-interamerica\\\/#primaryimage\",\"url\":\"https:\\\/\\\/interamerica.org\\\/wp-content\\\/uploads\\\/2022\\\/01\\\/henryel-portrait-header-cropped-1280-6.jpg\",\"contentUrl\":\"https:\\\/\\\/interamerica.org\\\/wp-content\\\/uploads\\\/2022\\\/01\\\/henryel-portrait-header-cropped-1280-6.jpg\",\"width\":1280,\"height\":800},{\"@type\":\"BreadcrumbList\",\"@id\":\"https:\\\/\\\/interamerica.org\\\/es\\\/2022\\\/01\\\/un-mensaje-especial-para-la-iglesia-en-interamerica\\\/#breadcrumb\",\"itemListElement\":[{\"@type\":\"ListItem\",\"position\":1,\"name\":\"Home\",\"item\":\"https:\\\/\\\/interamerica.org\\\/es\\\/\"},{\"@type\":\"ListItem\",\"position\":2,\"name\":\"Un mensaje especial para la iglesia en Interam\u00e9rica\"}]},{\"@type\":\"WebSite\",\"@id\":\"https:\\\/\\\/interamerica.org\\\/es\\\/#website\",\"url\":\"https:\\\/\\\/interamerica.org\\\/es\\\/\",\"name\":\"Iglesia Adventista del S\u00e9ptimo D\u00eda - Divisi\u00f3n Interamericana\",\"description\":\"\",\"potentialAction\":[{\"@type\":\"SearchAction\",\"target\":{\"@type\":\"EntryPoint\",\"urlTemplate\":\"https:\\\/\\\/interamerica.org\\\/es\\\/?s={search_term_string}\"},\"query-input\":{\"@type\":\"PropertyValueSpecification\",\"valueRequired\":true,\"valueName\":\"search_term_string\"}}],\"inLanguage\":\"es\"},{\"@type\":\"Person\",\"@id\":\"https:\\\/\\\/interamerica.org\\\/es\\\/#\\\/schema\\\/person\\\/29998f2bc2d8bd0d38662909289b54f1\",\"name\":\"libna\",\"image\":{\"@type\":\"ImageObject\",\"inLanguage\":\"es\",\"@id\":\"https:\\\/\\\/secure.gravatar.com\\\/avatar\\\/7c5bd30ae4b47a9ba3c856590957fd1d96dc588bf3ac05719d247e126840331f?s=96&d=mm&r=g\",\"url\":\"https:\\\/\\\/secure.gravatar.com\\\/avatar\\\/7c5bd30ae4b47a9ba3c856590957fd1d96dc588bf3ac05719d247e126840331f?s=96&d=mm&r=g\",\"contentUrl\":\"https:\\\/\\\/secure.gravatar.com\\\/avatar\\\/7c5bd30ae4b47a9ba3c856590957fd1d96dc588bf3ac05719d247e126840331f?s=96&d=mm&r=g\",\"caption\":\"libna\"}}]}<\/script>\n<!-- \/ Yoast SEO plugin. -->","yoast_head_json":{"title":"Un mensaje especial para la iglesia en Interam\u00e9rica - Iglesia Adventista del S\u00e9ptimo D\u00eda - Divisi\u00f3n Interamericana","robots":{"index":"index","follow":"follow","max-snippet":"max-snippet:-1","max-image-preview":"max-image-preview:large","max-video-preview":"max-video-preview:-1"},"canonical":"https:\/\/interamerica.org\/es\/2022\/01\/un-mensaje-especial-para-la-iglesia-en-interamerica\/","og_locale":"es_ES","og_type":"article","og_title":"Un mensaje especial para la iglesia en Interam\u00e9rica - Iglesia Adventista del S\u00e9ptimo D\u00eda - Divisi\u00f3n Interamericana","og_description":"7 de enero 2022 | Miami, Florida, Estados Unidos | Por: Pastor Elie Henry, presidente de la Iglesia Adventista del S\u00e9ptimo D\u00eda en la Divisi\u00f3n Interamericana Apreciados hermanos y hermanas...","og_url":"https:\/\/interamerica.org\/es\/2022\/01\/un-mensaje-especial-para-la-iglesia-en-interamerica\/","og_site_name":"Iglesia Adventista del S\u00e9ptimo D\u00eda - Divisi\u00f3n Interamericana","article_published_time":"2022-01-07T13:03:30+00:00","article_modified_time":"2022-01-07T19:28:30+00:00","og_image":[{"width":1280,"height":800,"url":"https:\/\/interamerica.org\/wp-content\/uploads\/2022\/01\/henryel-portrait-header-cropped-1280-6.jpg","type":"image\/jpeg"}],"author":"libna","twitter_card":"summary_large_image","twitter_misc":{"Escrito por":"libna","Tiempo de lectura":"2 minutos"},"schema":{"@context":"https:\/\/schema.org","@graph":[{"@type":"Article","@id":"https:\/\/interamerica.org\/es\/2022\/01\/un-mensaje-especial-para-la-iglesia-en-interamerica\/#article","isPartOf":{"@id":"https:\/\/interamerica.org\/es\/2022\/01\/un-mensaje-especial-para-la-iglesia-en-interamerica\/"},"author":{"name":"libna","@id":"https:\/\/interamerica.org\/es\/#\/schema\/person\/29998f2bc2d8bd0d38662909289b54f1"},"headline":"Un mensaje especial para la iglesia en Interam\u00e9rica","datePublished":"2022-01-07T13:03:30+00:00","dateModified":"2022-01-07T19:28:30+00:00","mainEntityOfPage":{"@id":"https:\/\/interamerica.org\/es\/2022\/01\/un-mensaje-especial-para-la-iglesia-en-interamerica\/"},"wordCount":393,"image":{"@id":"https:\/\/interamerica.org\/es\/2022\/01\/un-mensaje-especial-para-la-iglesia-en-interamerica\/#primaryimage"},"thumbnailUrl":"https:\/\/interamerica.org\/wp-content\/uploads\/2022\/01\/henryel-portrait-header-cropped-1280-6.jpg","articleSection":["Desde la sede","RSS Espa\u00f1ol"],"inLanguage":"es"},{"@type":"WebPage","@id":"https:\/\/interamerica.org\/es\/2022\/01\/un-mensaje-especial-para-la-iglesia-en-interamerica\/","url":"https:\/\/interamerica.org\/es\/2022\/01\/un-mensaje-especial-para-la-iglesia-en-interamerica\/","name":"Un mensaje especial para la iglesia en Interam\u00e9rica - Iglesia Adventista del S\u00e9ptimo D\u00eda - Divisi\u00f3n Interamericana","isPartOf":{"@id":"https:\/\/interamerica.org\/es\/#website"},"primaryImageOfPage":{"@id":"https:\/\/interamerica.org\/es\/2022\/01\/un-mensaje-especial-para-la-iglesia-en-interamerica\/#primaryimage"},"image":{"@id":"https:\/\/interamerica.org\/es\/2022\/01\/un-mensaje-especial-para-la-iglesia-en-interamerica\/#primaryimage"},"thumbnailUrl":"https:\/\/interamerica.org\/wp-content\/uploads\/2022\/01\/henryel-portrait-header-cropped-1280-6.jpg","datePublished":"2022-01-07T13:03:30+00:00","dateModified":"2022-01-07T19:28:30+00:00","author":{"@id":"https:\/\/interamerica.org\/es\/#\/schema\/person\/29998f2bc2d8bd0d38662909289b54f1"},"breadcrumb":{"@id":"https:\/\/interamerica.org\/es\/2022\/01\/un-mensaje-especial-para-la-iglesia-en-interamerica\/#breadcrumb"},"inLanguage":"es","potentialAction":[{"@type":"ReadAction","target":["https:\/\/interamerica.org\/es\/2022\/01\/un-mensaje-especial-para-la-iglesia-en-interamerica\/"]}]},{"@type":"ImageObject","inLanguage":"es","@id":"https:\/\/interamerica.org\/es\/2022\/01\/un-mensaje-especial-para-la-iglesia-en-interamerica\/#primaryimage","url":"https:\/\/interamerica.org\/wp-content\/uploads\/2022\/01\/henryel-portrait-header-cropped-1280-6.jpg","contentUrl":"https:\/\/interamerica.org\/wp-content\/uploads\/2022\/01\/henryel-portrait-header-cropped-1280-6.jpg","width":1280,"height":800},{"@type":"BreadcrumbList","@id":"https:\/\/interamerica.org\/es\/2022\/01\/un-mensaje-especial-para-la-iglesia-en-interamerica\/#breadcrumb","itemListElement":[{"@type":"ListItem","position":1,"name":"Home","item":"https:\/\/interamerica.org\/es\/"},{"@type":"ListItem","position":2,"name":"Un mensaje especial para la iglesia en Interam\u00e9rica"}]},{"@type":"WebSite","@id":"https:\/\/interamerica.org\/es\/#website","url":"https:\/\/interamerica.org\/es\/","name":"Iglesia Adventista del S\u00e9ptimo D\u00eda - Divisi\u00f3n Interamericana","description":"","potentialAction":[{"@type":"SearchAction","target":{"@type":"EntryPoint","urlTemplate":"https:\/\/interamerica.org\/es\/?s={search_term_string}"},"query-input":{"@type":"PropertyValueSpecification","valueRequired":true,"valueName":"search_term_string"}}],"inLanguage":"es"},{"@type":"Person","@id":"https:\/\/interamerica.org\/es\/#\/schema\/person\/29998f2bc2d8bd0d38662909289b54f1","name":"libna","image":{"@type":"ImageObject","inLanguage":"es","@id":"https:\/\/secure.gravatar.com\/avatar\/7c5bd30ae4b47a9ba3c856590957fd1d96dc588bf3ac05719d247e126840331f?s=96&d=mm&r=g","url":"https:\/\/secure.gravatar.com\/avatar\/7c5bd30ae4b47a9ba3c856590957fd1d96dc588bf3ac05719d247e126840331f?s=96&d=mm&r=g","contentUrl":"https:\/\/secure.gravatar.com\/avatar\/7c5bd30ae4b47a9ba3c856590957fd1d96dc588bf3ac05719d247e126840331f?s=96&d=mm&r=g","caption":"libna"}}]}},"_links":{"self":[{"href":"https:\/\/interamerica.org\/es\/wp-json\/wp\/v2\/posts\/80091","targetHints":{"allow":["GET"]}}],"collection":[{"href":"https:\/\/interamerica.org\/es\/wp-json\/wp\/v2\/posts"}],"about":[{"href":"https:\/\/interamerica.org\/es\/wp-json\/wp\/v2\/types\/post"}],"author":[{"embeddable":true,"href":"https:\/\/interamerica.org\/es\/wp-json\/wp\/v2\/users\/3"}],"replies":[{"embeddable":true,"href":"https:\/\/interamerica.org\/es\/wp-json\/wp\/v2\/comments?post=80091"}],"version-history":[{"count":0,"href":"https:\/\/interamerica.org\/es\/wp-json\/wp\/v2\/posts\/80091\/revisions"}],"wp:featuredmedia":[{"embeddable":true,"href":"https:\/\/interamerica.org\/es\/wp-json\/wp\/v2\/media\/80089"}],"wp:attachment":[{"href":"https:\/\/interamerica.org\/es\/wp-json\/wp\/v2\/media?parent=80091"}],"wp:term":[{"taxonomy":"category","embeddable":true,"href":"https:\/\/interamerica.org\/es\/wp-json\/wp\/v2\/categories?post=80091"},{"taxonomy":"post_tag","embeddable":true,"href":"https:\/\/interamerica.org\/es\/wp-json\/wp\/v2\/tags?post=80091"}],"curies":[{"name":"wp","href":"https:\/\/api.w.org\/{rel}","templated":true}]}}