{"id":80248,"date":"2022-01-12T16:32:42","date_gmt":"2022-01-12T20:32:42","guid":{"rendered":"https:\/\/recursing-golick.147-182-135-0.plesk.page\/?p=80248"},"modified":"2022-01-12T20:54:00","modified_gmt":"2022-01-13T00:54:00","slug":"hospitales-en-nepal-se-unen-a-adra-para-llevar-a-cabo-campanas-de-vacunacion-contra-covid-19","status":"publish","type":"post","link":"https:\/\/interamerica.org\/es\/2022\/01\/hospitales-en-nepal-se-unen-a-adra-para-llevar-a-cabo-campanas-de-vacunacion-contra-covid-19\/","title":{"rendered":"Hospitales en Nepal se unen a ADRA para llevar a cabo campa\u00f1as de vacunaci\u00f3n contra Covid-19"},"content":{"rendered":"<p><strong>La agencia crea concientizaci\u00f3n, distribuye equipo de protecci\u00f3n personal y provee entrenamiento.<\/strong><\/p>\n<p>12 de enero de 2022 | Silver Spring, Maryland, Estados Unidos | Crystal Earnhardt, Agencia de Desarrollo y Recursos Asistenciales<\/p>\n<p>Desde junio de 2021, la \u00a0<a href=\"http:\/\/adranepal.org\/\">Agencia Adventista de Desarrollo y Recursos Asistenciales (ADRA) en Nepal<\/a>\u00a0ha colaborado con hospitales dedicados a combatir COVID-19. La agencia est\u00e1 tambi\u00e9n llevando a cabo campa\u00f1as de vacunaci\u00f3n en cuatro distritos, incluyendo Dhanusha, Mahottari, Sarlahi y Rautahat.<\/p>\n<p>Nepal, uno de los primeros pa\u00edses en la regi\u00f3n sur de Asia en iniciar una campa\u00f1a masiva de vacunaci\u00f3n contra COVID-19, se propon\u00eda inocular al 72 por ciento de la poblaci\u00f3n elegible de m\u00e1s de 18 a\u00f1os. Sin embargo, la primera fase solamente dio como resultado moderado un 12 por ciento de las personas que se intentaba vacunar.<\/p>\n<p>\u201cLa indecisi\u00f3n respecto a la vacuna y el temor de contraer el virus ha hecho mantener en su casa a muchas personas\u201d, dijo Leighton Fletcher, director de ADRA en el pa\u00eds de Nepal.<\/p>\n<p>Una de estas personas era una madre de 25 a\u00f1os con una beb\u00e9 de a\u00f1o y medio. La peque\u00f1a necesitaba la primera dosis de la vacuna contra el sarampi\u00f3n, pero el temor a contraer el virus de \u00a0COVID-19 en las instalaciones m\u00e9dicas evit\u00f3 que la madre llevara a su peque\u00f1a al m\u00e9dico.<\/p>\n<p>Laxmi Ghimire, una enfermera que trabaja con ADRA, visit\u00f3 personalmente en su casa a esta familia y la convenci\u00f3 de que la instituci\u00f3n m\u00e9dica hab\u00eda tomado las medidas para prevenir el contagio del virus. Como resultado directo del inter\u00e9s personal de la enfermera Ghimire, la joven madre se dio el valor de ir al hospital en donde la peque\u00f1a recibi\u00f3 las vacunas necesarias.<\/p>\n<p>El personal y personas voluntarias de ADRA fueron capaces de ayudar a muchas personas de esta manera, al comenzar a llevar a cabo actividades de concientizaci\u00f3n, tales como la distribuci\u00f3n de panfletos de informaci\u00f3n sobre COVID-19 y programas radiales de llamadas telef\u00f3nicas en vivo.<\/p>\n<p>\u201cAl principio de este a\u00f1o, ADRA llev\u00f3 a cabo una r\u00e1pida evaluaci\u00f3n de necesidades con el prop\u00f3sito de dar prioridad a las necesidades de las comunidades e instituciones de salud\u201d, dijo el director Fletcher. \u201cLos m\u00e9todos de recolecci\u00f3n de datos incluyeron entrevistas hechas a informantes clave entre representantes de gobierno, l\u00edderes sociales y periodistas de cuatro distritos\u201d.<\/p>\n<p>Los resultados de esta indagaci\u00f3n le permitieron a ADRA poder responder a las necesidades de la comunidad y ayudar en forma eficaz en la estructuraci\u00f3n de las campa\u00f1as de vacunaci\u00f3n contra COVID-19. Estas actividades incluyen micro planificaci\u00f3n para hacer que las vacunas sean f\u00e1cilmente accesibles y priorizar a las personas. Incluyen tambi\u00e9n entrenamiento y proveer orientaci\u00f3n a trabajadores del ramo de salud, voluntarios de la comunidad y periodistas.<\/p>\n<p>\u201cY no olvidamos a los m\u00e1s j\u00f3venes\u201d, dijo el director Fletcher. \u201cLos empleados y voluntarios de ADRA implementaron protocolos de seguridad escolar en 50 escuelas\u201d.<\/p>\n<p>Adem\u00e1s, la agencia ADRA dot\u00f3 de equipo m\u00e9dico, equipo de protecci\u00f3n personal y otros recursos a hospitales en Koshi, Janakpur, Bheri y al <a href=\"https:\/\/scheermemorial.org\/\">Hospital Adventista Scheer Memorial Adventist Hospital<\/a> en Banepa.<\/p>\n<p><em>La <\/em><a href=\"https:\/\/adra.org\/hospitals-in-nepal-join-adra-to-roll-out-covid-19-vaccine-campaigns\"><em>versi\u00f3n original <\/em><\/a>\u00a0<em>de esta noticia la public\u00f3 <\/em><a href=\"https:\/\/adra.org\/\"><em>Agencia Adventista de Desarrollo y Recursos Asistenciales<\/em><\/a><em>.<\/em><\/p>\n<p>Traducci\u00f3n \u2013 Gloria A. Castrej\u00f3n<\/p>\n<p>&nbsp;<\/p>\n","protected":false},"excerpt":{"rendered":"<p>La agencia crea concientizaci\u00f3n, distribuye equipo de protecci\u00f3n personal y provee entrenamiento. 12 de enero de 2022 | Silver Spring, Maryland, Estados Unidos | Crystal Earnhardt, Agencia de Desarrollo y&#8230;<\/p>\n","protected":false},"author":3,"featured_media":80225,"comment_status":"closed","ping_status":"closed","sticky":false,"template":"","format":"standard","meta":{"_acf_changed":false,"footnotes":""},"categories":[14,15],"tags":[],"class_list":["post-80248","post","type-post","status-publish","format-standard","has-post-thumbnail","hentry","category-de-la-iglesia-mundial","category-rss-espanol"],"acf":[],"yoast_head":"<!-- This site is optimized with the Yoast SEO plugin v27.3 - https:\/\/yoast.com\/product\/yoast-seo-wordpress\/ -->\n<title>Hospitales en Nepal se unen a ADRA para llevar a cabo campa\u00f1as de vacunaci\u00f3n contra Covid-19 - Iglesia Adventista del S\u00e9ptimo D\u00eda - Divisi\u00f3n Interamericana<\/title>\n<meta name=\"robots\" content=\"index, follow, max-snippet:-1, max-image-preview:large, max-video-preview:-1\" \/>\n<link rel=\"canonical\" href=\"https:\/\/interamerica.org\/es\/2022\/01\/hospitales-en-nepal-se-unen-a-adra-para-llevar-a-cabo-campanas-de-vacunacion-contra-covid-19\/\" \/>\n<meta property=\"og:locale\" content=\"es_ES\" \/>\n<meta property=\"og:type\" content=\"article\" \/>\n<meta property=\"og:title\" content=\"Hospitales en Nepal se unen a ADRA para llevar a cabo campa\u00f1as de vacunaci\u00f3n contra Covid-19 - Iglesia Adventista del S\u00e9ptimo D\u00eda - Divisi\u00f3n Interamericana\" \/>\n<meta property=\"og:description\" content=\"La agencia crea concientizaci\u00f3n, distribuye equipo de protecci\u00f3n personal y provee entrenamiento. 12 de enero de 2022 | Silver Spring, Maryland, Estados Unidos | Crystal Earnhardt, Agencia de Desarrollo y...\" \/>\n<meta property=\"og:url\" content=\"https:\/\/interamerica.org\/es\/2022\/01\/hospitales-en-nepal-se-unen-a-adra-para-llevar-a-cabo-campanas-de-vacunacion-contra-covid-19\/\" \/>\n<meta property=\"og:site_name\" content=\"Iglesia Adventista del S\u00e9ptimo D\u00eda - Divisi\u00f3n Interamericana\" \/>\n<meta property=\"article:published_time\" content=\"2022-01-12T20:32:42+00:00\" \/>\n<meta property=\"article:modified_time\" content=\"2022-01-13T00:54:00+00:00\" \/>\n<meta property=\"og:image\" content=\"https:\/\/interamerica.org\/wp-content\/uploads\/2022\/01\/hospitals-in-nepal-join-adra-to-roll-out-covid-19-vaccine-campaigns1-1280.jpg\" \/>\n\t<meta property=\"og:image:width\" content=\"1280\" \/>\n\t<meta property=\"og:image:height\" content=\"800\" \/>\n\t<meta property=\"og:image:type\" content=\"image\/jpeg\" \/>\n<meta name=\"author\" content=\"libna\" \/>\n<meta name=\"twitter:card\" content=\"summary_large_image\" \/>\n<meta name=\"twitter:label1\" content=\"Escrito por\" \/>\n\t<meta name=\"twitter:data1\" content=\"libna\" \/>\n\t<meta name=\"twitter:label2\" content=\"Tiempo de lectura\" \/>\n\t<meta name=\"twitter:data2\" content=\"3 minutos\" \/>\n<script type=\"application\/ld+json\" class=\"yoast-schema-graph\">{\"@context\":\"https:\\\/\\\/schema.org\",\"@graph\":[{\"@type\":\"Article\",\"@id\":\"https:\\\/\\\/interamerica.org\\\/es\\\/2022\\\/01\\\/hospitales-en-nepal-se-unen-a-adra-para-llevar-a-cabo-campanas-de-vacunacion-contra-covid-19\\\/#article\",\"isPartOf\":{\"@id\":\"https:\\\/\\\/interamerica.org\\\/es\\\/2022\\\/01\\\/hospitales-en-nepal-se-unen-a-adra-para-llevar-a-cabo-campanas-de-vacunacion-contra-covid-19\\\/\"},\"author\":{\"name\":\"libna\",\"@id\":\"https:\\\/\\\/interamerica.org\\\/es\\\/#\\\/schema\\\/person\\\/29998f2bc2d8bd0d38662909289b54f1\"},\"headline\":\"Hospitales en Nepal se unen a ADRA para llevar a cabo campa\u00f1as de vacunaci\u00f3n contra Covid-19\",\"datePublished\":\"2022-01-12T20:32:42+00:00\",\"dateModified\":\"2022-01-13T00:54:00+00:00\",\"mainEntityOfPage\":{\"@id\":\"https:\\\/\\\/interamerica.org\\\/es\\\/2022\\\/01\\\/hospitales-en-nepal-se-unen-a-adra-para-llevar-a-cabo-campanas-de-vacunacion-contra-covid-19\\\/\"},\"wordCount\":587,\"image\":{\"@id\":\"https:\\\/\\\/interamerica.org\\\/es\\\/2022\\\/01\\\/hospitales-en-nepal-se-unen-a-adra-para-llevar-a-cabo-campanas-de-vacunacion-contra-covid-19\\\/#primaryimage\"},\"thumbnailUrl\":\"https:\\\/\\\/interamerica.org\\\/wp-content\\\/uploads\\\/2022\\\/01\\\/hospitals-in-nepal-join-adra-to-roll-out-covid-19-vaccine-campaigns1-1280.jpg\",\"articleSection\":[\"Desde la iglesia mundial\",\"RSS Espa\u00f1ol\"],\"inLanguage\":\"es\"},{\"@type\":\"WebPage\",\"@id\":\"https:\\\/\\\/interamerica.org\\\/es\\\/2022\\\/01\\\/hospitales-en-nepal-se-unen-a-adra-para-llevar-a-cabo-campanas-de-vacunacion-contra-covid-19\\\/\",\"url\":\"https:\\\/\\\/interamerica.org\\\/es\\\/2022\\\/01\\\/hospitales-en-nepal-se-unen-a-adra-para-llevar-a-cabo-campanas-de-vacunacion-contra-covid-19\\\/\",\"name\":\"Hospitales en Nepal se unen a ADRA para llevar a cabo campa\u00f1as de vacunaci\u00f3n contra Covid-19 - Iglesia Adventista del S\u00e9ptimo D\u00eda - Divisi\u00f3n Interamericana\",\"isPartOf\":{\"@id\":\"https:\\\/\\\/interamerica.org\\\/es\\\/#website\"},\"primaryImageOfPage\":{\"@id\":\"https:\\\/\\\/interamerica.org\\\/es\\\/2022\\\/01\\\/hospitales-en-nepal-se-unen-a-adra-para-llevar-a-cabo-campanas-de-vacunacion-contra-covid-19\\\/#primaryimage\"},\"image\":{\"@id\":\"https:\\\/\\\/interamerica.org\\\/es\\\/2022\\\/01\\\/hospitales-en-nepal-se-unen-a-adra-para-llevar-a-cabo-campanas-de-vacunacion-contra-covid-19\\\/#primaryimage\"},\"thumbnailUrl\":\"https:\\\/\\\/interamerica.org\\\/wp-content\\\/uploads\\\/2022\\\/01\\\/hospitals-in-nepal-join-adra-to-roll-out-covid-19-vaccine-campaigns1-1280.jpg\",\"datePublished\":\"2022-01-12T20:32:42+00:00\",\"dateModified\":\"2022-01-13T00:54:00+00:00\",\"author\":{\"@id\":\"https:\\\/\\\/interamerica.org\\\/es\\\/#\\\/schema\\\/person\\\/29998f2bc2d8bd0d38662909289b54f1\"},\"breadcrumb\":{\"@id\":\"https:\\\/\\\/interamerica.org\\\/es\\\/2022\\\/01\\\/hospitales-en-nepal-se-unen-a-adra-para-llevar-a-cabo-campanas-de-vacunacion-contra-covid-19\\\/#breadcrumb\"},\"inLanguage\":\"es\",\"potentialAction\":[{\"@type\":\"ReadAction\",\"target\":[\"https:\\\/\\\/interamerica.org\\\/es\\\/2022\\\/01\\\/hospitales-en-nepal-se-unen-a-adra-para-llevar-a-cabo-campanas-de-vacunacion-contra-covid-19\\\/\"]}]},{\"@type\":\"ImageObject\",\"inLanguage\":\"es\",\"@id\":\"https:\\\/\\\/interamerica.org\\\/es\\\/2022\\\/01\\\/hospitales-en-nepal-se-unen-a-adra-para-llevar-a-cabo-campanas-de-vacunacion-contra-covid-19\\\/#primaryimage\",\"url\":\"https:\\\/\\\/interamerica.org\\\/wp-content\\\/uploads\\\/2022\\\/01\\\/hospitals-in-nepal-join-adra-to-roll-out-covid-19-vaccine-campaigns1-1280.jpg\",\"contentUrl\":\"https:\\\/\\\/interamerica.org\\\/wp-content\\\/uploads\\\/2022\\\/01\\\/hospitals-in-nepal-join-adra-to-roll-out-covid-19-vaccine-campaigns1-1280.jpg\",\"width\":1280,\"height\":800,\"caption\":\"Imagen: ADRA Nepal]\"},{\"@type\":\"BreadcrumbList\",\"@id\":\"https:\\\/\\\/interamerica.org\\\/es\\\/2022\\\/01\\\/hospitales-en-nepal-se-unen-a-adra-para-llevar-a-cabo-campanas-de-vacunacion-contra-covid-19\\\/#breadcrumb\",\"itemListElement\":[{\"@type\":\"ListItem\",\"position\":1,\"name\":\"Home\",\"item\":\"https:\\\/\\\/interamerica.org\\\/es\\\/\"},{\"@type\":\"ListItem\",\"position\":2,\"name\":\"Hospitales en Nepal se unen a ADRA para llevar a cabo campa\u00f1as de vacunaci\u00f3n contra Covid-19\"}]},{\"@type\":\"WebSite\",\"@id\":\"https:\\\/\\\/interamerica.org\\\/es\\\/#website\",\"url\":\"https:\\\/\\\/interamerica.org\\\/es\\\/\",\"name\":\"Iglesia Adventista del S\u00e9ptimo D\u00eda - Divisi\u00f3n Interamericana\",\"description\":\"\",\"potentialAction\":[{\"@type\":\"SearchAction\",\"target\":{\"@type\":\"EntryPoint\",\"urlTemplate\":\"https:\\\/\\\/interamerica.org\\\/es\\\/?s={search_term_string}\"},\"query-input\":{\"@type\":\"PropertyValueSpecification\",\"valueRequired\":true,\"valueName\":\"search_term_string\"}}],\"inLanguage\":\"es\"},{\"@type\":\"Person\",\"@id\":\"https:\\\/\\\/interamerica.org\\\/es\\\/#\\\/schema\\\/person\\\/29998f2bc2d8bd0d38662909289b54f1\",\"name\":\"libna\",\"image\":{\"@type\":\"ImageObject\",\"inLanguage\":\"es\",\"@id\":\"https:\\\/\\\/secure.gravatar.com\\\/avatar\\\/7c5bd30ae4b47a9ba3c856590957fd1d96dc588bf3ac05719d247e126840331f?s=96&d=mm&r=g\",\"url\":\"https:\\\/\\\/secure.gravatar.com\\\/avatar\\\/7c5bd30ae4b47a9ba3c856590957fd1d96dc588bf3ac05719d247e126840331f?s=96&d=mm&r=g\",\"contentUrl\":\"https:\\\/\\\/secure.gravatar.com\\\/avatar\\\/7c5bd30ae4b47a9ba3c856590957fd1d96dc588bf3ac05719d247e126840331f?s=96&d=mm&r=g\",\"caption\":\"libna\"}}]}<\/script>\n<!-- \/ Yoast SEO plugin. -->","yoast_head_json":{"title":"Hospitales en Nepal se unen a ADRA para llevar a cabo campa\u00f1as de vacunaci\u00f3n contra Covid-19 - Iglesia Adventista del S\u00e9ptimo D\u00eda - Divisi\u00f3n Interamericana","robots":{"index":"index","follow":"follow","max-snippet":"max-snippet:-1","max-image-preview":"max-image-preview:large","max-video-preview":"max-video-preview:-1"},"canonical":"https:\/\/interamerica.org\/es\/2022\/01\/hospitales-en-nepal-se-unen-a-adra-para-llevar-a-cabo-campanas-de-vacunacion-contra-covid-19\/","og_locale":"es_ES","og_type":"article","og_title":"Hospitales en Nepal se unen a ADRA para llevar a cabo campa\u00f1as de vacunaci\u00f3n contra Covid-19 - Iglesia Adventista del S\u00e9ptimo D\u00eda - Divisi\u00f3n Interamericana","og_description":"La agencia crea concientizaci\u00f3n, distribuye equipo de protecci\u00f3n personal y provee entrenamiento. 12 de enero de 2022 | Silver Spring, Maryland, Estados Unidos | Crystal Earnhardt, Agencia de Desarrollo y...","og_url":"https:\/\/interamerica.org\/es\/2022\/01\/hospitales-en-nepal-se-unen-a-adra-para-llevar-a-cabo-campanas-de-vacunacion-contra-covid-19\/","og_site_name":"Iglesia Adventista del S\u00e9ptimo D\u00eda - Divisi\u00f3n Interamericana","article_published_time":"2022-01-12T20:32:42+00:00","article_modified_time":"2022-01-13T00:54:00+00:00","og_image":[{"width":1280,"height":800,"url":"https:\/\/interamerica.org\/wp-content\/uploads\/2022\/01\/hospitals-in-nepal-join-adra-to-roll-out-covid-19-vaccine-campaigns1-1280.jpg","type":"image\/jpeg"}],"author":"libna","twitter_card":"summary_large_image","twitter_misc":{"Escrito por":"libna","Tiempo de lectura":"3 minutos"},"schema":{"@context":"https:\/\/schema.org","@graph":[{"@type":"Article","@id":"https:\/\/interamerica.org\/es\/2022\/01\/hospitales-en-nepal-se-unen-a-adra-para-llevar-a-cabo-campanas-de-vacunacion-contra-covid-19\/#article","isPartOf":{"@id":"https:\/\/interamerica.org\/es\/2022\/01\/hospitales-en-nepal-se-unen-a-adra-para-llevar-a-cabo-campanas-de-vacunacion-contra-covid-19\/"},"author":{"name":"libna","@id":"https:\/\/interamerica.org\/es\/#\/schema\/person\/29998f2bc2d8bd0d38662909289b54f1"},"headline":"Hospitales en Nepal se unen a ADRA para llevar a cabo campa\u00f1as de vacunaci\u00f3n contra Covid-19","datePublished":"2022-01-12T20:32:42+00:00","dateModified":"2022-01-13T00:54:00+00:00","mainEntityOfPage":{"@id":"https:\/\/interamerica.org\/es\/2022\/01\/hospitales-en-nepal-se-unen-a-adra-para-llevar-a-cabo-campanas-de-vacunacion-contra-covid-19\/"},"wordCount":587,"image":{"@id":"https:\/\/interamerica.org\/es\/2022\/01\/hospitales-en-nepal-se-unen-a-adra-para-llevar-a-cabo-campanas-de-vacunacion-contra-covid-19\/#primaryimage"},"thumbnailUrl":"https:\/\/interamerica.org\/wp-content\/uploads\/2022\/01\/hospitals-in-nepal-join-adra-to-roll-out-covid-19-vaccine-campaigns1-1280.jpg","articleSection":["Desde la iglesia mundial","RSS Espa\u00f1ol"],"inLanguage":"es"},{"@type":"WebPage","@id":"https:\/\/interamerica.org\/es\/2022\/01\/hospitales-en-nepal-se-unen-a-adra-para-llevar-a-cabo-campanas-de-vacunacion-contra-covid-19\/","url":"https:\/\/interamerica.org\/es\/2022\/01\/hospitales-en-nepal-se-unen-a-adra-para-llevar-a-cabo-campanas-de-vacunacion-contra-covid-19\/","name":"Hospitales en Nepal se unen a ADRA para llevar a cabo campa\u00f1as de vacunaci\u00f3n contra Covid-19 - Iglesia Adventista del S\u00e9ptimo D\u00eda - Divisi\u00f3n Interamericana","isPartOf":{"@id":"https:\/\/interamerica.org\/es\/#website"},"primaryImageOfPage":{"@id":"https:\/\/interamerica.org\/es\/2022\/01\/hospitales-en-nepal-se-unen-a-adra-para-llevar-a-cabo-campanas-de-vacunacion-contra-covid-19\/#primaryimage"},"image":{"@id":"https:\/\/interamerica.org\/es\/2022\/01\/hospitales-en-nepal-se-unen-a-adra-para-llevar-a-cabo-campanas-de-vacunacion-contra-covid-19\/#primaryimage"},"thumbnailUrl":"https:\/\/interamerica.org\/wp-content\/uploads\/2022\/01\/hospitals-in-nepal-join-adra-to-roll-out-covid-19-vaccine-campaigns1-1280.jpg","datePublished":"2022-01-12T20:32:42+00:00","dateModified":"2022-01-13T00:54:00+00:00","author":{"@id":"https:\/\/interamerica.org\/es\/#\/schema\/person\/29998f2bc2d8bd0d38662909289b54f1"},"breadcrumb":{"@id":"https:\/\/interamerica.org\/es\/2022\/01\/hospitales-en-nepal-se-unen-a-adra-para-llevar-a-cabo-campanas-de-vacunacion-contra-covid-19\/#breadcrumb"},"inLanguage":"es","potentialAction":[{"@type":"ReadAction","target":["https:\/\/interamerica.org\/es\/2022\/01\/hospitales-en-nepal-se-unen-a-adra-para-llevar-a-cabo-campanas-de-vacunacion-contra-covid-19\/"]}]},{"@type":"ImageObject","inLanguage":"es","@id":"https:\/\/interamerica.org\/es\/2022\/01\/hospitales-en-nepal-se-unen-a-adra-para-llevar-a-cabo-campanas-de-vacunacion-contra-covid-19\/#primaryimage","url":"https:\/\/interamerica.org\/wp-content\/uploads\/2022\/01\/hospitals-in-nepal-join-adra-to-roll-out-covid-19-vaccine-campaigns1-1280.jpg","contentUrl":"https:\/\/interamerica.org\/wp-content\/uploads\/2022\/01\/hospitals-in-nepal-join-adra-to-roll-out-covid-19-vaccine-campaigns1-1280.jpg","width":1280,"height":800,"caption":"Imagen: ADRA Nepal]"},{"@type":"BreadcrumbList","@id":"https:\/\/interamerica.org\/es\/2022\/01\/hospitales-en-nepal-se-unen-a-adra-para-llevar-a-cabo-campanas-de-vacunacion-contra-covid-19\/#breadcrumb","itemListElement":[{"@type":"ListItem","position":1,"name":"Home","item":"https:\/\/interamerica.org\/es\/"},{"@type":"ListItem","position":2,"name":"Hospitales en Nepal se unen a ADRA para llevar a cabo campa\u00f1as de vacunaci\u00f3n contra Covid-19"}]},{"@type":"WebSite","@id":"https:\/\/interamerica.org\/es\/#website","url":"https:\/\/interamerica.org\/es\/","name":"Iglesia Adventista del S\u00e9ptimo D\u00eda - Divisi\u00f3n Interamericana","description":"","potentialAction":[{"@type":"SearchAction","target":{"@type":"EntryPoint","urlTemplate":"https:\/\/interamerica.org\/es\/?s={search_term_string}"},"query-input":{"@type":"PropertyValueSpecification","valueRequired":true,"valueName":"search_term_string"}}],"inLanguage":"es"},{"@type":"Person","@id":"https:\/\/interamerica.org\/es\/#\/schema\/person\/29998f2bc2d8bd0d38662909289b54f1","name":"libna","image":{"@type":"ImageObject","inLanguage":"es","@id":"https:\/\/secure.gravatar.com\/avatar\/7c5bd30ae4b47a9ba3c856590957fd1d96dc588bf3ac05719d247e126840331f?s=96&d=mm&r=g","url":"https:\/\/secure.gravatar.com\/avatar\/7c5bd30ae4b47a9ba3c856590957fd1d96dc588bf3ac05719d247e126840331f?s=96&d=mm&r=g","contentUrl":"https:\/\/secure.gravatar.com\/avatar\/7c5bd30ae4b47a9ba3c856590957fd1d96dc588bf3ac05719d247e126840331f?s=96&d=mm&r=g","caption":"libna"}}]}},"_links":{"self":[{"href":"https:\/\/interamerica.org\/es\/wp-json\/wp\/v2\/posts\/80248","targetHints":{"allow":["GET"]}}],"collection":[{"href":"https:\/\/interamerica.org\/es\/wp-json\/wp\/v2\/posts"}],"about":[{"href":"https:\/\/interamerica.org\/es\/wp-json\/wp\/v2\/types\/post"}],"author":[{"embeddable":true,"href":"https:\/\/interamerica.org\/es\/wp-json\/wp\/v2\/users\/3"}],"replies":[{"embeddable":true,"href":"https:\/\/interamerica.org\/es\/wp-json\/wp\/v2\/comments?post=80248"}],"version-history":[{"count":0,"href":"https:\/\/interamerica.org\/es\/wp-json\/wp\/v2\/posts\/80248\/revisions"}],"wp:featuredmedia":[{"embeddable":true,"href":"https:\/\/interamerica.org\/es\/wp-json\/wp\/v2\/media\/80225"}],"wp:attachment":[{"href":"https:\/\/interamerica.org\/es\/wp-json\/wp\/v2\/media?parent=80248"}],"wp:term":[{"taxonomy":"category","embeddable":true,"href":"https:\/\/interamerica.org\/es\/wp-json\/wp\/v2\/categories?post=80248"},{"taxonomy":"post_tag","embeddable":true,"href":"https:\/\/interamerica.org\/es\/wp-json\/wp\/v2\/tags?post=80248"}],"curies":[{"name":"wp","href":"https:\/\/api.w.org\/{rel}","templated":true}]}}