{"id":80395,"date":"2022-01-18T20:48:44","date_gmt":"2022-01-19T00:48:44","guid":{"rendered":"https:\/\/recursing-golick.147-182-135-0.plesk.page\/?p=80395"},"modified":"2022-01-20T10:02:44","modified_gmt":"2022-01-20T14:02:44","slug":"la-obesidad-no-es-buena-para-pacientes-que-sufren-de-covid-19-afirma-doctor","status":"publish","type":"post","link":"https:\/\/interamerica.org\/es\/2022\/01\/la-obesidad-no-es-buena-para-pacientes-que-sufren-de-covid-19-afirma-doctor\/","title":{"rendered":"La obesidad \u201cno es buena para pacientes que sufren de COVID-19\u201d, afirma doctor"},"content":{"rendered":"<h4 id=\"headline-6-7\" class=\"ct-headline\"><span id=\"span-21-7\" class=\"ct-span\">Los pacientes con elevado \u00cdndice de Masa Corporal (IMC) probablemente sean m\u00e1s vulnerables a los efectos del COVID-19.<\/span><\/h4>\n<p id=\"headline-7-7\" class=\"ct-headline\"><span id=\"span-20-7\" class=\"ct-span\">18 de enero de 2022 | Loma Linda, California, Estados Unidos | Molly Smith, Noticias de la Universidad de Loma Linda<\/span><\/p>\n<p>Los investigadores han hallado que los pacientes con COVID-19 que son obesos luchan m\u00e1s con los efectos a largo plazo de la infecci\u00f3n, en comparaci\u00f3n con los que tienen un menor IMC. El Centro de Control y Prevenci\u00f3n de Enfermedades de los Estados Unidos (CDC) ha determinado que la obesidad incrementa el riesgo de hospitalizaci\u00f3n, admisi\u00f3n a la Unidad de Cuidados Intensivos, ventilaci\u00f3n mec\u00e1nica y muerte.<\/p>\n<p>Con datos de pacientes muy enfermos que requer\u00edan cuidados intensivos, la Universidad de Loma Linda colabor\u00f3 con un estudio reciente de casi cinco mil pacientes, publicado en la revista especializada <em>Obesity<\/em>, que refut\u00f3 la noci\u00f3n de que los pacientes obesos de COVID-19 mueren a un \u00edndice mayor y, en su lugar, revel\u00f3 que esos individuos tienen que luchar m\u00e1s con los efectos a largo plazo, en particular con sus pulmones y ri\u00f1ones.<\/p>\n<p>\u201cAunque nuestra investigaci\u00f3n se\u00f1ala que la obesidad no es un factor independiente de riesgo para que se produzca la muerte por COVID-19, hemos observado que un n\u00famero de pacientes j\u00f3venes mueren o tienen muy malos resultados, en situaciones en la \u00fanica afecci\u00f3n m\u00e9dica es la obesidad\u201d, dijo H. Bryant Nguyen, director de la Unidad de Cuidados Intensivos m\u00e9dicos del Centro M\u00e9dico de la Universidad de Loma Linda. Nguyen tambi\u00e9n es profesor y director de la Divisi\u00f3n de Atenci\u00f3n M\u00e9dica, Pulmonar y de Cuidados Cr\u00edticos de la Escuela de Medicina de la Universidad de Loma Linda.<\/p>\n<p>Poco m\u00e1s de la mitad de los pacientes observados sufr\u00eda de obesidad, definida por un IMC de 30 o m\u00e1s. Un IMC de 25 o m\u00e1s no se vio asociado con una mayor probabilidad de muerte, trombosis o co\u00e1gulos de sangre en los pulmones, pero mostr\u00f3 un riesgo mayor de s\u00edndrome de afecciones respiratorias aguadas o de lesiones renales agudas que requirieron di\u00e1lisis.<\/p>\n<p>Un estudio mayor, publicado en la revista especializada <em>Clinical Infectious Diseases<\/em>, incluy\u00f3 a m\u00e1s de once mil pacientes admitidos a 245 hospitales de 38 estados de los Estados Unidos, y tambi\u00e9n hall\u00f3 que loa pacientes con obesidad ten\u00edan una probabilidad mayor de requerir un respirador, mientras que la obesidad en s\u00ed no era un factor de riesgo para la muerte.<\/p>\n<p>La obesidad sujeta a una persona a un sistema inmunol\u00f3gico estropeado y a una capacidad reducida de combatir la enfermedad, dijo Nguyen. La severa inflamaci\u00f3n que resulta del COVID-19 puede causar un s\u00edndrome de afecci\u00f3n respiratoria aguda en pacientes con peso normal, pero un cuerpo ya inflamado puede ser susceptible a lesiones m\u00e1s graves, lo que resulta en efectos a largo plazo.<\/p>\n<p>Nguyen dijo que no ha observado tendencias relacionadas con pacientes con COVID con peso por debajo de lo normal. Parece ser que los pacientes ancianos y de nutrici\u00f3n deficiente tienen resultados similares a la mayor\u00eda de las dem\u00e1s enfermedades o afecciones.<\/p>\n<p>\u201cSi la obesidad es un factor de riesgo o no para la muerte a\u00fan no est\u00e1 claro. Pero sabemos que no es una buena situaci\u00f3n para los pacientes que sufren de COVID-19\u201d, dijo Nguyen.<\/p>\n<p>M\u00e1s all\u00e1 del IMC, los pacientes no vacunados tienen el \u00edndice m\u00e1s alto de admisi\u00f3n a las Unidades de Cuidados Intensivos en la naci\u00f3n. Nguyen insta a los que sufren de obesidad a que se vacunen y reciban el refuerzo para contar con una capa extra de protecci\u00f3n que prevenga el posible riesgo de tener malos resultados como consecuencia del COVID-19.<\/p>\n<p><em>La <\/em><a href=\"https:\/\/news.llu.edu\/health-wellness\/patients-high-bmi-scale-likely-more-vulnerable-long-term-covid-effects\" target=\"_blank\" rel=\"noopener\"><em>versi\u00f3n original<\/em><\/a><em> de esta noticia fue publicada en el <\/em><a href=\"https:\/\/news.llu.edu\/\" target=\"_blank\" rel=\"noopener\"><em>sitio de noticias<\/em> de la Universidad de Loma Linda<\/a><em>.<\/em><\/p>\n<p>Traducci\u00f3n de Marcos Paseggi<\/p>\n","protected":false},"excerpt":{"rendered":"<p>Los pacientes con elevado \u00cdndice de Masa Corporal (IMC) probablemente sean m\u00e1s vulnerables a los efectos del COVID-19. 18 de enero de 2022 | Loma Linda, California, Estados Unidos |&#8230;<\/p>\n","protected":false},"author":3,"featured_media":80377,"comment_status":"closed","ping_status":"closed","sticky":false,"template":"","format":"standard","meta":{"_acf_changed":false,"footnotes":""},"categories":[14,15],"tags":[],"class_list":["post-80395","post","type-post","status-publish","format-standard","has-post-thumbnail","hentry","category-de-la-iglesia-mundial","category-rss-espanol"],"acf":[],"yoast_head":"<!-- This site is optimized with the Yoast SEO plugin v27.3 - https:\/\/yoast.com\/product\/yoast-seo-wordpress\/ -->\n<title>La obesidad \u201cno es buena para pacientes que sufren de COVID-19\u201d, afirma doctor - Iglesia Adventista del S\u00e9ptimo D\u00eda - Divisi\u00f3n Interamericana<\/title>\n<meta name=\"robots\" content=\"index, follow, max-snippet:-1, max-image-preview:large, max-video-preview:-1\" \/>\n<link rel=\"canonical\" href=\"https:\/\/interamerica.org\/es\/2022\/01\/la-obesidad-no-es-buena-para-pacientes-que-sufren-de-covid-19-afirma-doctor\/\" \/>\n<meta property=\"og:locale\" content=\"es_ES\" \/>\n<meta property=\"og:type\" content=\"article\" \/>\n<meta property=\"og:title\" content=\"La obesidad \u201cno es buena para pacientes que sufren de COVID-19\u201d, afirma doctor - Iglesia Adventista del S\u00e9ptimo D\u00eda - Divisi\u00f3n Interamericana\" \/>\n<meta property=\"og:description\" content=\"Los pacientes con elevado \u00cdndice de Masa Corporal (IMC) probablemente sean m\u00e1s vulnerables a los efectos del COVID-19. 18 de enero de 2022 | Loma Linda, California, Estados Unidos |...\" \/>\n<meta property=\"og:url\" content=\"https:\/\/interamerica.org\/es\/2022\/01\/la-obesidad-no-es-buena-para-pacientes-que-sufren-de-covid-19-afirma-doctor\/\" \/>\n<meta property=\"og:site_name\" content=\"Iglesia Adventista del S\u00e9ptimo D\u00eda - Divisi\u00f3n Interamericana\" \/>\n<meta property=\"article:published_time\" content=\"2022-01-19T00:48:44+00:00\" \/>\n<meta property=\"article:modified_time\" content=\"2022-01-20T14:02:44+00:00\" \/>\n<meta property=\"og:image\" content=\"https:\/\/interamerica.org\/wp-content\/uploads\/2022\/01\/scale-i-yunmai-5jctamjz21a-unsplash-1280.jpg\" \/>\n\t<meta property=\"og:image:width\" content=\"1280\" \/>\n\t<meta property=\"og:image:height\" content=\"800\" \/>\n\t<meta property=\"og:image:type\" content=\"image\/jpeg\" \/>\n<meta name=\"author\" content=\"libna\" \/>\n<meta name=\"twitter:card\" content=\"summary_large_image\" \/>\n<meta name=\"twitter:label1\" content=\"Escrito por\" \/>\n\t<meta name=\"twitter:data1\" content=\"libna\" \/>\n\t<meta name=\"twitter:label2\" content=\"Tiempo de lectura\" \/>\n\t<meta name=\"twitter:data2\" content=\"3 minutos\" \/>\n<script type=\"application\/ld+json\" class=\"yoast-schema-graph\">{\"@context\":\"https:\\\/\\\/schema.org\",\"@graph\":[{\"@type\":\"Article\",\"@id\":\"https:\\\/\\\/interamerica.org\\\/es\\\/2022\\\/01\\\/la-obesidad-no-es-buena-para-pacientes-que-sufren-de-covid-19-afirma-doctor\\\/#article\",\"isPartOf\":{\"@id\":\"https:\\\/\\\/interamerica.org\\\/es\\\/2022\\\/01\\\/la-obesidad-no-es-buena-para-pacientes-que-sufren-de-covid-19-afirma-doctor\\\/\"},\"author\":{\"name\":\"libna\",\"@id\":\"https:\\\/\\\/interamerica.org\\\/es\\\/#\\\/schema\\\/person\\\/29998f2bc2d8bd0d38662909289b54f1\"},\"headline\":\"La obesidad \u201cno es buena para pacientes que sufren de COVID-19\u201d, afirma doctor\",\"datePublished\":\"2022-01-19T00:48:44+00:00\",\"dateModified\":\"2022-01-20T14:02:44+00:00\",\"mainEntityOfPage\":{\"@id\":\"https:\\\/\\\/interamerica.org\\\/es\\\/2022\\\/01\\\/la-obesidad-no-es-buena-para-pacientes-que-sufren-de-covid-19-afirma-doctor\\\/\"},\"wordCount\":674,\"image\":{\"@id\":\"https:\\\/\\\/interamerica.org\\\/es\\\/2022\\\/01\\\/la-obesidad-no-es-buena-para-pacientes-que-sufren-de-covid-19-afirma-doctor\\\/#primaryimage\"},\"thumbnailUrl\":\"https:\\\/\\\/interamerica.org\\\/wp-content\\\/uploads\\\/2022\\\/01\\\/scale-i-yunmai-5jctamjz21a-unsplash-1280.jpg\",\"articleSection\":[\"Desde la iglesia mundial\",\"RSS Espa\u00f1ol\"],\"inLanguage\":\"es\"},{\"@type\":\"WebPage\",\"@id\":\"https:\\\/\\\/interamerica.org\\\/es\\\/2022\\\/01\\\/la-obesidad-no-es-buena-para-pacientes-que-sufren-de-covid-19-afirma-doctor\\\/\",\"url\":\"https:\\\/\\\/interamerica.org\\\/es\\\/2022\\\/01\\\/la-obesidad-no-es-buena-para-pacientes-que-sufren-de-covid-19-afirma-doctor\\\/\",\"name\":\"La obesidad \u201cno es buena para pacientes que sufren de COVID-19\u201d, afirma doctor - Iglesia Adventista del S\u00e9ptimo D\u00eda - Divisi\u00f3n Interamericana\",\"isPartOf\":{\"@id\":\"https:\\\/\\\/interamerica.org\\\/es\\\/#website\"},\"primaryImageOfPage\":{\"@id\":\"https:\\\/\\\/interamerica.org\\\/es\\\/2022\\\/01\\\/la-obesidad-no-es-buena-para-pacientes-que-sufren-de-covid-19-afirma-doctor\\\/#primaryimage\"},\"image\":{\"@id\":\"https:\\\/\\\/interamerica.org\\\/es\\\/2022\\\/01\\\/la-obesidad-no-es-buena-para-pacientes-que-sufren-de-covid-19-afirma-doctor\\\/#primaryimage\"},\"thumbnailUrl\":\"https:\\\/\\\/interamerica.org\\\/wp-content\\\/uploads\\\/2022\\\/01\\\/scale-i-yunmai-5jctamjz21a-unsplash-1280.jpg\",\"datePublished\":\"2022-01-19T00:48:44+00:00\",\"dateModified\":\"2022-01-20T14:02:44+00:00\",\"author\":{\"@id\":\"https:\\\/\\\/interamerica.org\\\/es\\\/#\\\/schema\\\/person\\\/29998f2bc2d8bd0d38662909289b54f1\"},\"breadcrumb\":{\"@id\":\"https:\\\/\\\/interamerica.org\\\/es\\\/2022\\\/01\\\/la-obesidad-no-es-buena-para-pacientes-que-sufren-de-covid-19-afirma-doctor\\\/#breadcrumb\"},\"inLanguage\":\"es\",\"potentialAction\":[{\"@type\":\"ReadAction\",\"target\":[\"https:\\\/\\\/interamerica.org\\\/es\\\/2022\\\/01\\\/la-obesidad-no-es-buena-para-pacientes-que-sufren-de-covid-19-afirma-doctor\\\/\"]}]},{\"@type\":\"ImageObject\",\"inLanguage\":\"es\",\"@id\":\"https:\\\/\\\/interamerica.org\\\/es\\\/2022\\\/01\\\/la-obesidad-no-es-buena-para-pacientes-que-sufren-de-covid-19-afirma-doctor\\\/#primaryimage\",\"url\":\"https:\\\/\\\/interamerica.org\\\/wp-content\\\/uploads\\\/2022\\\/01\\\/scale-i-yunmai-5jctamjz21a-unsplash-1280.jpg\",\"contentUrl\":\"https:\\\/\\\/interamerica.org\\\/wp-content\\\/uploads\\\/2022\\\/01\\\/scale-i-yunmai-5jctamjz21a-unsplash-1280.jpg\",\"width\":1280,\"height\":800,\"caption\":\"[Fotograf\u00eda: I Yunmai\\\/ Unsplash]\"},{\"@type\":\"BreadcrumbList\",\"@id\":\"https:\\\/\\\/interamerica.org\\\/es\\\/2022\\\/01\\\/la-obesidad-no-es-buena-para-pacientes-que-sufren-de-covid-19-afirma-doctor\\\/#breadcrumb\",\"itemListElement\":[{\"@type\":\"ListItem\",\"position\":1,\"name\":\"Home\",\"item\":\"https:\\\/\\\/interamerica.org\\\/es\\\/\"},{\"@type\":\"ListItem\",\"position\":2,\"name\":\"La obesidad \u201cno es buena para pacientes que sufren de COVID-19\u201d, afirma doctor\"}]},{\"@type\":\"WebSite\",\"@id\":\"https:\\\/\\\/interamerica.org\\\/es\\\/#website\",\"url\":\"https:\\\/\\\/interamerica.org\\\/es\\\/\",\"name\":\"Iglesia Adventista del S\u00e9ptimo D\u00eda - Divisi\u00f3n Interamericana\",\"description\":\"\",\"potentialAction\":[{\"@type\":\"SearchAction\",\"target\":{\"@type\":\"EntryPoint\",\"urlTemplate\":\"https:\\\/\\\/interamerica.org\\\/es\\\/?s={search_term_string}\"},\"query-input\":{\"@type\":\"PropertyValueSpecification\",\"valueRequired\":true,\"valueName\":\"search_term_string\"}}],\"inLanguage\":\"es\"},{\"@type\":\"Person\",\"@id\":\"https:\\\/\\\/interamerica.org\\\/es\\\/#\\\/schema\\\/person\\\/29998f2bc2d8bd0d38662909289b54f1\",\"name\":\"libna\",\"image\":{\"@type\":\"ImageObject\",\"inLanguage\":\"es\",\"@id\":\"https:\\\/\\\/secure.gravatar.com\\\/avatar\\\/7c5bd30ae4b47a9ba3c856590957fd1d96dc588bf3ac05719d247e126840331f?s=96&d=mm&r=g\",\"url\":\"https:\\\/\\\/secure.gravatar.com\\\/avatar\\\/7c5bd30ae4b47a9ba3c856590957fd1d96dc588bf3ac05719d247e126840331f?s=96&d=mm&r=g\",\"contentUrl\":\"https:\\\/\\\/secure.gravatar.com\\\/avatar\\\/7c5bd30ae4b47a9ba3c856590957fd1d96dc588bf3ac05719d247e126840331f?s=96&d=mm&r=g\",\"caption\":\"libna\"}}]}<\/script>\n<!-- \/ Yoast SEO plugin. -->","yoast_head_json":{"title":"La obesidad \u201cno es buena para pacientes que sufren de COVID-19\u201d, afirma doctor - Iglesia Adventista del S\u00e9ptimo D\u00eda - Divisi\u00f3n Interamericana","robots":{"index":"index","follow":"follow","max-snippet":"max-snippet:-1","max-image-preview":"max-image-preview:large","max-video-preview":"max-video-preview:-1"},"canonical":"https:\/\/interamerica.org\/es\/2022\/01\/la-obesidad-no-es-buena-para-pacientes-que-sufren-de-covid-19-afirma-doctor\/","og_locale":"es_ES","og_type":"article","og_title":"La obesidad \u201cno es buena para pacientes que sufren de COVID-19\u201d, afirma doctor - Iglesia Adventista del S\u00e9ptimo D\u00eda - Divisi\u00f3n Interamericana","og_description":"Los pacientes con elevado \u00cdndice de Masa Corporal (IMC) probablemente sean m\u00e1s vulnerables a los efectos del COVID-19. 18 de enero de 2022 | Loma Linda, California, Estados Unidos |...","og_url":"https:\/\/interamerica.org\/es\/2022\/01\/la-obesidad-no-es-buena-para-pacientes-que-sufren-de-covid-19-afirma-doctor\/","og_site_name":"Iglesia Adventista del S\u00e9ptimo D\u00eda - Divisi\u00f3n Interamericana","article_published_time":"2022-01-19T00:48:44+00:00","article_modified_time":"2022-01-20T14:02:44+00:00","og_image":[{"width":1280,"height":800,"url":"https:\/\/interamerica.org\/wp-content\/uploads\/2022\/01\/scale-i-yunmai-5jctamjz21a-unsplash-1280.jpg","type":"image\/jpeg"}],"author":"libna","twitter_card":"summary_large_image","twitter_misc":{"Escrito por":"libna","Tiempo de lectura":"3 minutos"},"schema":{"@context":"https:\/\/schema.org","@graph":[{"@type":"Article","@id":"https:\/\/interamerica.org\/es\/2022\/01\/la-obesidad-no-es-buena-para-pacientes-que-sufren-de-covid-19-afirma-doctor\/#article","isPartOf":{"@id":"https:\/\/interamerica.org\/es\/2022\/01\/la-obesidad-no-es-buena-para-pacientes-que-sufren-de-covid-19-afirma-doctor\/"},"author":{"name":"libna","@id":"https:\/\/interamerica.org\/es\/#\/schema\/person\/29998f2bc2d8bd0d38662909289b54f1"},"headline":"La obesidad \u201cno es buena para pacientes que sufren de COVID-19\u201d, afirma doctor","datePublished":"2022-01-19T00:48:44+00:00","dateModified":"2022-01-20T14:02:44+00:00","mainEntityOfPage":{"@id":"https:\/\/interamerica.org\/es\/2022\/01\/la-obesidad-no-es-buena-para-pacientes-que-sufren-de-covid-19-afirma-doctor\/"},"wordCount":674,"image":{"@id":"https:\/\/interamerica.org\/es\/2022\/01\/la-obesidad-no-es-buena-para-pacientes-que-sufren-de-covid-19-afirma-doctor\/#primaryimage"},"thumbnailUrl":"https:\/\/interamerica.org\/wp-content\/uploads\/2022\/01\/scale-i-yunmai-5jctamjz21a-unsplash-1280.jpg","articleSection":["Desde la iglesia mundial","RSS Espa\u00f1ol"],"inLanguage":"es"},{"@type":"WebPage","@id":"https:\/\/interamerica.org\/es\/2022\/01\/la-obesidad-no-es-buena-para-pacientes-que-sufren-de-covid-19-afirma-doctor\/","url":"https:\/\/interamerica.org\/es\/2022\/01\/la-obesidad-no-es-buena-para-pacientes-que-sufren-de-covid-19-afirma-doctor\/","name":"La obesidad \u201cno es buena para pacientes que sufren de COVID-19\u201d, afirma doctor - Iglesia Adventista del S\u00e9ptimo D\u00eda - Divisi\u00f3n Interamericana","isPartOf":{"@id":"https:\/\/interamerica.org\/es\/#website"},"primaryImageOfPage":{"@id":"https:\/\/interamerica.org\/es\/2022\/01\/la-obesidad-no-es-buena-para-pacientes-que-sufren-de-covid-19-afirma-doctor\/#primaryimage"},"image":{"@id":"https:\/\/interamerica.org\/es\/2022\/01\/la-obesidad-no-es-buena-para-pacientes-que-sufren-de-covid-19-afirma-doctor\/#primaryimage"},"thumbnailUrl":"https:\/\/interamerica.org\/wp-content\/uploads\/2022\/01\/scale-i-yunmai-5jctamjz21a-unsplash-1280.jpg","datePublished":"2022-01-19T00:48:44+00:00","dateModified":"2022-01-20T14:02:44+00:00","author":{"@id":"https:\/\/interamerica.org\/es\/#\/schema\/person\/29998f2bc2d8bd0d38662909289b54f1"},"breadcrumb":{"@id":"https:\/\/interamerica.org\/es\/2022\/01\/la-obesidad-no-es-buena-para-pacientes-que-sufren-de-covid-19-afirma-doctor\/#breadcrumb"},"inLanguage":"es","potentialAction":[{"@type":"ReadAction","target":["https:\/\/interamerica.org\/es\/2022\/01\/la-obesidad-no-es-buena-para-pacientes-que-sufren-de-covid-19-afirma-doctor\/"]}]},{"@type":"ImageObject","inLanguage":"es","@id":"https:\/\/interamerica.org\/es\/2022\/01\/la-obesidad-no-es-buena-para-pacientes-que-sufren-de-covid-19-afirma-doctor\/#primaryimage","url":"https:\/\/interamerica.org\/wp-content\/uploads\/2022\/01\/scale-i-yunmai-5jctamjz21a-unsplash-1280.jpg","contentUrl":"https:\/\/interamerica.org\/wp-content\/uploads\/2022\/01\/scale-i-yunmai-5jctamjz21a-unsplash-1280.jpg","width":1280,"height":800,"caption":"[Fotograf\u00eda: I Yunmai\/ Unsplash]"},{"@type":"BreadcrumbList","@id":"https:\/\/interamerica.org\/es\/2022\/01\/la-obesidad-no-es-buena-para-pacientes-que-sufren-de-covid-19-afirma-doctor\/#breadcrumb","itemListElement":[{"@type":"ListItem","position":1,"name":"Home","item":"https:\/\/interamerica.org\/es\/"},{"@type":"ListItem","position":2,"name":"La obesidad \u201cno es buena para pacientes que sufren de COVID-19\u201d, afirma doctor"}]},{"@type":"WebSite","@id":"https:\/\/interamerica.org\/es\/#website","url":"https:\/\/interamerica.org\/es\/","name":"Iglesia Adventista del S\u00e9ptimo D\u00eda - Divisi\u00f3n Interamericana","description":"","potentialAction":[{"@type":"SearchAction","target":{"@type":"EntryPoint","urlTemplate":"https:\/\/interamerica.org\/es\/?s={search_term_string}"},"query-input":{"@type":"PropertyValueSpecification","valueRequired":true,"valueName":"search_term_string"}}],"inLanguage":"es"},{"@type":"Person","@id":"https:\/\/interamerica.org\/es\/#\/schema\/person\/29998f2bc2d8bd0d38662909289b54f1","name":"libna","image":{"@type":"ImageObject","inLanguage":"es","@id":"https:\/\/secure.gravatar.com\/avatar\/7c5bd30ae4b47a9ba3c856590957fd1d96dc588bf3ac05719d247e126840331f?s=96&d=mm&r=g","url":"https:\/\/secure.gravatar.com\/avatar\/7c5bd30ae4b47a9ba3c856590957fd1d96dc588bf3ac05719d247e126840331f?s=96&d=mm&r=g","contentUrl":"https:\/\/secure.gravatar.com\/avatar\/7c5bd30ae4b47a9ba3c856590957fd1d96dc588bf3ac05719d247e126840331f?s=96&d=mm&r=g","caption":"libna"}}]}},"_links":{"self":[{"href":"https:\/\/interamerica.org\/es\/wp-json\/wp\/v2\/posts\/80395","targetHints":{"allow":["GET"]}}],"collection":[{"href":"https:\/\/interamerica.org\/es\/wp-json\/wp\/v2\/posts"}],"about":[{"href":"https:\/\/interamerica.org\/es\/wp-json\/wp\/v2\/types\/post"}],"author":[{"embeddable":true,"href":"https:\/\/interamerica.org\/es\/wp-json\/wp\/v2\/users\/3"}],"replies":[{"embeddable":true,"href":"https:\/\/interamerica.org\/es\/wp-json\/wp\/v2\/comments?post=80395"}],"version-history":[{"count":0,"href":"https:\/\/interamerica.org\/es\/wp-json\/wp\/v2\/posts\/80395\/revisions"}],"wp:featuredmedia":[{"embeddable":true,"href":"https:\/\/interamerica.org\/es\/wp-json\/wp\/v2\/media\/80377"}],"wp:attachment":[{"href":"https:\/\/interamerica.org\/es\/wp-json\/wp\/v2\/media?parent=80395"}],"wp:term":[{"taxonomy":"category","embeddable":true,"href":"https:\/\/interamerica.org\/es\/wp-json\/wp\/v2\/categories?post=80395"},{"taxonomy":"post_tag","embeddable":true,"href":"https:\/\/interamerica.org\/es\/wp-json\/wp\/v2\/tags?post=80395"}],"curies":[{"name":"wp","href":"https:\/\/api.w.org\/{rel}","templated":true}]}}