{"id":80596,"date":"2022-01-20T23:42:32","date_gmt":"2022-01-21T03:42:32","guid":{"rendered":"https:\/\/recursing-golick.147-182-135-0.plesk.page\/?p=80596"},"modified":"2022-01-25T09:29:27","modified_gmt":"2022-01-25T13:29:27","slug":"lideres-de-jovenes-de-mexico-se-mueven-para-rehabilitar-cientos-de-clubes-de-conquistadores","status":"publish","type":"post","link":"https:\/\/interamerica.org\/es\/2022\/01\/lideres-de-jovenes-de-mexico-se-mueven-para-rehabilitar-cientos-de-clubes-de-conquistadores\/","title":{"rendered":"L\u00edderes de j\u00f3venes de M\u00e9xico se mueven para rehabilitar cientos de Clubes de Conquistadores"},"content":{"rendered":"<p>20 de enero de 2022 | M\u00e9rida, Yucat\u00e1n, M\u00e9xico | Libna Stevens, <em>Noticias de la Divisi\u00f3n Interamericana<\/em><\/p>\n<p>Dos a\u00f1os de la pandemia del COVID-19 han producido muchos desaf\u00edos a los ministerios de j\u00f3venes de la Iglesia Adventista en la regi\u00f3n Mexicana del Sureste, a saber, la posibilidad de que cientos de clubes de Conquistadores est\u00e9n cerrados.<\/p>\n<p>\u201cLas cifras han pasado de poco m\u00e1s de mil clubes a setecientos\u201d, dijo V\u00edctor Mart\u00ednez, director de ministerios j\u00f3venes de la Iglesia Adventista en la regi\u00f3n Mexicana del Sureste. Esa disminuci\u00f3n del treinta por ciento, nunca antes vista en las 1226 iglesias y congregaciones de esa uni\u00f3n, alarm\u00f3 a los l\u00edderes de ministerios j\u00f3venes de todo el territorio.<\/p>\n<p><div id=\"attachment_80541\" style=\"width: 876px\" class=\"wp-caption aligncenter\"><img fetchpriority=\"high\" decoding=\"async\" aria-describedby=\"caption-attachment-80541\" class=\" wp-image-80541\" src=\"https:\/\/recursing-golick.147-182-135-0.plesk.page\/wp-content\/uploads\/2022\/01\/semu-pathfinder-club-photo-1024x539.jpg\" alt=\"\" width=\"866\" height=\"456\" srcset=\"https:\/\/interamerica.org\/wp-content\/uploads\/2022\/01\/semu-pathfinder-club-photo-1024x539.jpg 1024w, https:\/\/interamerica.org\/wp-content\/uploads\/2022\/01\/semu-pathfinder-club-photo-300x158.jpg 300w, https:\/\/interamerica.org\/wp-content\/uploads\/2022\/01\/semu-pathfinder-club-photo-768x404.jpg 768w, https:\/\/interamerica.org\/wp-content\/uploads\/2022\/01\/semu-pathfinder-club-photo-1536x808.jpg 1536w, https:\/\/interamerica.org\/wp-content\/uploads\/2022\/01\/semu-pathfinder-club-photo.jpg 1600w\" sizes=\"(max-width: 866px) 100vw, 866px\" \/><p id=\"caption-attachment-80541\" class=\"wp-caption-text\">Un Club de Conquistadores de Quintana Roo Norte posa para una fotograf\u00eda con los l\u00edderes de ministerios j\u00f3venes, durante un evento reciente para fomentar los clubes en la regi\u00f3n o Uni\u00f3n Mexicana del Sureste. Unos trescientos clubes cerraron al comienzo de la pandemia en 2020, debido a regulaciones y a la falta de Internet en las comunidades. Los l\u00edderes de j\u00f3venes han preparado una estrategia para garantizar que los l\u00edderes y miembros de los clubes tengan mejor acceso a las herramientas tecnol\u00f3gicas y fortalezcan la obra misionera de manera de recuperar a los clubes con problemas. [Fotograf\u00eda: Uni\u00f3n Mexicana del Sureste]<\/p><\/div>\u201cDescubrimos que la deserci\u00f3n de clubes se debi\u00f3 a que los directores de algunas de las regiones no estaban preparados para usar Zoom y las herramientas tecnol\u00f3gicas, y muchos de los ni\u00f1os no ten\u00edan acceso a Internet\u201d, dijo Mart\u00ednez. Los l\u00edderes de ministerios j\u00f3venes de cada asociaci\u00f3n comenzaron a buscar estrategias para alcanzar mejor a muchos de los clubes que estaban en decadencia, dijo. \u201cSe involucr\u00f3 a m\u00e1s l\u00edderes de Conquistadores con acceso a Zoom que pudieran filmar las clases de especialidades, de manera de alcanzar a los miembros de los clubes all\u00ed donde estuvieran\u201d. Cuando algunas de las actividades comenzar a llevarse a cabo al aire libre una vez que las regulaciones se flexibilizaron el a\u00f1o pasado, las cosas comenzaron a mejorar.<\/p>\n<p>A medida que los encuentros se hicieron m\u00e1s posibles en 2021, los clubes comenzaron lentamente a reunirse otra vez. Hace poco, los l\u00edderes de la iglesia aprovecharon la oportunidad de lanzar esfuerzos m\u00e1s s\u00f3lidos para fortalecer a los l\u00edderes de ministerios j\u00f3venes que supervisan los clubes y las actividades misioneras de j\u00f3venes cada semana, expres\u00f3.<\/p>\n<p>\u201cQuisimos comenzar el 2022 con una mejor atenci\u00f3n a los clubes, brindando capacitaci\u00f3n para el liderazgo a todos los directores de ministerios j\u00f3venes, lo que incluye las \u00e1reas enfocadas en ni\u00f1os de edad de Conquistadores y Aventureros\u201d, explic\u00f3 Mart\u00ednez. \u201cSabemos que estos clubes representan la mejor escuela de liderazgo para la iglesia local, de manera que ese fue el \u00e9nfasis principal\u201d.<\/p>\n<p><div id=\"attachment_80550\" style=\"width: 511px\" class=\"wp-caption aligncenter\"><img decoding=\"async\" aria-describedby=\"caption-attachment-80550\" class=\" wp-image-80550\" src=\"https:\/\/recursing-golick.147-182-135-0.plesk.page\/wp-content\/uploads\/2022\/01\/semu-victor-martinez-pathfinders.jpg\" alt=\"\" width=\"501\" height=\"628\" srcset=\"https:\/\/interamerica.org\/wp-content\/uploads\/2022\/01\/semu-victor-martinez-pathfinders.jpg 700w, https:\/\/interamerica.org\/wp-content\/uploads\/2022\/01\/semu-victor-martinez-pathfinders-239x300.jpg 239w\" sizes=\"(max-width: 501px) 100vw, 501px\" \/><p id=\"caption-attachment-80550\" class=\"wp-caption-text\">V\u00edctor Mart\u00ednez, director de ministerios j\u00f3venes de la Iglesia Adventista en la Uni\u00f3n Mexicana del Sureste, dijo que es importante que los l\u00edderes de j\u00f3venes redoblen sus esfuerzos para entrenar a los ni\u00f1os y los j\u00f3venes para liderar a la iglesia del ma\u00f1ana. [Fotograf\u00eda: Uni\u00f3n Mexicana del Sureste]<\/p><\/div>Sus esfuerzos est\u00e1n funcionando. El n\u00famero de clubes en operaci\u00f3n ha aumentado a 906 desde el a\u00f1o pasado.<\/p>\n<p>El discipulado de los ni\u00f1os y los j\u00f3venes es sumamente importante en toda la regi\u00f3n Mexicana del Sureste, porque ellos representan el sesenta por ciento de la feligres\u00eda, a\u00f1adi\u00f3 Mart\u00ednez. \u201cEn tan solo unos pocos a\u00f1os, sabemos que asumir\u00e1n puestos de responsabilidad a nivel de las iglesias locales\u201d.<\/p>\n<p>Los l\u00edderes de ministerios j\u00f3venes redoblaron sus esfuerzos en los \u00faltimos seis meses para enfatizar lo que han denominado como \u201cI Will Go por Jes\u00fas\u201d, una iniciativa dise\u00f1ada para motivar y llevar a los j\u00f3venes hacia una comuni\u00f3n m\u00e1s profunda con Cristo y a desarrollar un estilo de vida cristiano con una identidad m\u00e1s s\u00f3lida sobre la capacitaci\u00f3n en discipulado, dijo Mart\u00ednez. Implica pertenecer a Cristo, lo que significa cultivar una vida de oraci\u00f3n, estudio de la Biblia y testificaci\u00f3n all\u00ed donde se encuentran, a\u00f1adi\u00f3.<\/p>\n<p><div id=\"attachment_80547\" style=\"width: 820px\" class=\"wp-caption aligncenter\"><img decoding=\"async\" aria-describedby=\"caption-attachment-80547\" class=\" wp-image-80547\" src=\"https:\/\/recursing-golick.147-182-135-0.plesk.page\/wp-content\/uploads\/2022\/01\/semu-pathfinders-group-oct2021-1024x681.jpg\" alt=\"\" width=\"810\" height=\"539\" srcset=\"https:\/\/interamerica.org\/wp-content\/uploads\/2022\/01\/semu-pathfinders-group-oct2021-1024x681.jpg 1024w, https:\/\/interamerica.org\/wp-content\/uploads\/2022\/01\/semu-pathfinders-group-oct2021-300x200.jpg 300w, https:\/\/interamerica.org\/wp-content\/uploads\/2022\/01\/semu-pathfinders-group-oct2021-768x511.jpg 768w, https:\/\/interamerica.org\/wp-content\/uploads\/2022\/01\/semu-pathfinders-group-oct2021-1536x1022.jpg 1536w, https:\/\/interamerica.org\/wp-content\/uploads\/2022\/01\/semu-pathfinders-group-oct2021.jpg 1596w\" sizes=\"(max-width: 810px) 100vw, 810px\" \/><p id=\"caption-attachment-80547\" class=\"wp-caption-text\">Los Conquistadores se re\u00fanen en la iglesia adentista Colosio en Playas del Carmen, Quintana Roo, M\u00e9xico, durante un evento regional llevado a cabo el 23 de octubre de 2021. [Fotograf\u00eda: Uni\u00f3n Mexicana del Sureste]<\/p><\/div>Un evento regional reciente reuni\u00f3 a m\u00e1s de setecientos Conquistadores en Playas del Carmen, en Quintana Roo. Los Conquistadores se dedicaron a alabar, estudiar la Biblia y reflexionar en el Gran Chasco de 1844 que enfrentaron los adventistas del s\u00e9ptimo d\u00eda. Los Conquistadores presentes fueron tan solo una fracci\u00f3n de los casi tres mil miembros en la regi\u00f3n de Quintana Roo Norte, que siguieron el evento en l\u00ednea desde sus hogares.<\/p>\n<p>El pastor Andr\u00e9s Peralta, director asociado de ministerios j\u00f3venes de la Iglesia Adventista mundial, se dirigi\u00f3 a los j\u00f3venes para que busquen a sus compa\u00f1eros que han dejado sus clubes. \u201cDios quiere restaurar la vida de Conquistadores; \u00e9l quiere brindar salvaci\u00f3n, sanando y transform\u00e1ndolos\u201d, dijo Peralta.<\/p>\n<p>El encuentro fue un evento muy importante para que los Conquistadores sepan, all\u00ed en Quintana Roo y en el resto del territorio de la uni\u00f3n, que son valiosos y fuertes m\u00e1s all\u00e1 de las circunstancias que han enfrentado, dijo Mart\u00ednez.<\/p>\n<p><div id=\"attachment_80538\" style=\"width: 864px\" class=\"wp-caption aligncenter\"><img loading=\"lazy\" decoding=\"async\" aria-describedby=\"caption-attachment-80538\" class=\" wp-image-80538\" src=\"https:\/\/recursing-golick.147-182-135-0.plesk.page\/wp-content\/uploads\/2022\/01\/semu-andres-peralta-oct2021.jpg\" alt=\"\" width=\"854\" height=\"568\" srcset=\"https:\/\/interamerica.org\/wp-content\/uploads\/2022\/01\/semu-andres-peralta-oct2021.jpg 1000w, https:\/\/interamerica.org\/wp-content\/uploads\/2022\/01\/semu-andres-peralta-oct2021-300x200.jpg 300w, https:\/\/interamerica.org\/wp-content\/uploads\/2022\/01\/semu-andres-peralta-oct2021-768x511.jpg 768w\" sizes=\"(max-width: 854px) 100vw, 854px\" \/><p id=\"caption-attachment-80538\" class=\"wp-caption-text\">El pastor Andr\u00e9s Peralta, director asociado de ministerios j\u00f3venes de la Iglesia Adventista mundial, ora por los j\u00f3venes durante un evento de Conquistadores en la iglesia adventista Colosio en Playas del Carmen, Quintana Roo, M\u00e9xico, el 23 de octubre de 2021. [Fotograf\u00eda: Uni\u00f3n Mexicana del Sureste]<\/p><\/div>Antes de ese evento de Conquistadores, m\u00e1s de seiscientos ni\u00f1os y Conquistadores participaron de dar estudios b\u00edblicos y predicar en sus congregaciones locales de la uni\u00f3n. Como resultado de ello, 437 Conquistadores tomaron la decisi\u00f3n de bautizarse durante el evento sab\u00e1tico en septiembre. El evento, denominado caravana de bautismos en la regi\u00f3n Mexicana del Sureste, ayud\u00f3 a fortalecer los ministerios j\u00f3venes, dijeron los l\u00edderes de la iglesia.<\/p>\n<p>Se est\u00e1n haciendo planes para los pr\u00f3ximos meses para llevar a cabo varios campor\u00eds de Conquistadores, y para los j\u00f3venes que quieran sumarse a los clubes, dijo Mart\u00ednez.<\/p>\n<p>Asimismo, los l\u00edderes de ministerios j\u00f3venes est\u00e1n equipando y empoderando a sus j\u00f3venes misioneros voluntarios, grupos peque\u00f1os de j\u00f3venes y grupos de testificaci\u00f3n para que sean m\u00e1s activos en sus iglesias locales y comunidades cada semana.<\/p>\n<p><div id=\"attachment_80556\" style=\"width: 547px\" class=\"wp-caption aligncenter\"><img loading=\"lazy\" decoding=\"async\" aria-describedby=\"caption-attachment-80556\" class=\" wp-image-80556\" src=\"https:\/\/recursing-golick.147-182-135-0.plesk.page\/wp-content\/uploads\/2022\/01\/semu-pathfiners-oct-2021.jpg\" alt=\"\" width=\"537\" height=\"686\" srcset=\"https:\/\/interamerica.org\/wp-content\/uploads\/2022\/01\/semu-pathfiners-oct-2021.jpg 700w, https:\/\/interamerica.org\/wp-content\/uploads\/2022\/01\/semu-pathfiners-oct-2021-235x300.jpg 235w\" sizes=\"(max-width: 537px) 100vw, 537px\" \/><p id=\"caption-attachment-80556\" class=\"wp-caption-text\">Los Conquistadores de Quintana Roo, M\u00e9xico, participan en un momento especial, durante el culto del s\u00e1bado del pasado 23 de octubre de 2021. [Fotograf\u00eda: Uni\u00f3n Mexicana del Sureste]<\/p><\/div>No fueron todos cambios negativos los que produjo la pandemia, dijo Mart\u00ednez.<\/p>\n<p>El objetivo no es solo reabrir m\u00e1s clubes este a\u00f1o sino tambi\u00e9n fortalecer a los ni\u00f1os y a los j\u00f3venes con un prop\u00f3sito renovado en la misi\u00f3n de la iglesia, explic\u00f3.<\/p>\n<p>\u201cVimos que se presentaron m\u00e1s oportunidades de solidificar los ministerios j\u00f3venes\u201d, dijo Mart\u00ednez. \u201cEstamos viendo de qu\u00e9 manera Dios a\u00fan est\u00e1 bendiciendo a nuestros j\u00f3venes con hermosas oportunidades de fortalecerlos en su caminar con el Se\u00f1or y su compromiso de esparcir el evangelio\u201d.<\/p>\n<p>Para saber m\u00e1s sobre la Iglesia Adventista en la regi\u00f3n Mexicana del Sureste y sus iniciativas de ministerios j\u00f3venes, ingrese a <a href=\"https:\/\/unionsureste.org.mx\/\">unionsureste.org.mx<\/a><\/p>\n<p>Traducci\u00f3n de Marcos Paseggi<\/p>\n","protected":false},"excerpt":{"rendered":"<p>20 de enero de 2022 | M\u00e9rida, Yucat\u00e1n, M\u00e9xico | Libna Stevens, Noticias de la Divisi\u00f3n Interamericana Dos a\u00f1os de la pandemia del COVID-19 han producido muchos desaf\u00edos a los&#8230;<\/p>\n","protected":false},"author":3,"featured_media":80541,"comment_status":"closed","ping_status":"closed","sticky":false,"template":"","format":"standard","meta":{"_acf_changed":false,"footnotes":""},"categories":[17,15],"tags":[],"class_list":["post-80596","post","type-post","status-publish","format-standard","has-post-thumbnail","hentry","category-desde-el-campo","category-rss-espanol"],"acf":[],"yoast_head":"<!-- This site is optimized with the Yoast SEO plugin v27.3 - https:\/\/yoast.com\/product\/yoast-seo-wordpress\/ -->\n<title>L\u00edderes de j\u00f3venes de M\u00e9xico se mueven para rehabilitar cientos de Clubes de Conquistadores - Iglesia Adventista del S\u00e9ptimo D\u00eda - Divisi\u00f3n Interamericana<\/title>\n<meta name=\"robots\" content=\"index, follow, max-snippet:-1, max-image-preview:large, max-video-preview:-1\" \/>\n<link rel=\"canonical\" href=\"https:\/\/interamerica.org\/es\/2022\/01\/lideres-de-jovenes-de-mexico-se-mueven-para-rehabilitar-cientos-de-clubes-de-conquistadores\/\" \/>\n<meta property=\"og:locale\" content=\"es_ES\" \/>\n<meta property=\"og:type\" content=\"article\" \/>\n<meta property=\"og:title\" content=\"L\u00edderes de j\u00f3venes de M\u00e9xico se mueven para rehabilitar cientos de Clubes de Conquistadores - Iglesia Adventista del S\u00e9ptimo D\u00eda - Divisi\u00f3n Interamericana\" \/>\n<meta property=\"og:description\" content=\"20 de enero de 2022 | M\u00e9rida, Yucat\u00e1n, M\u00e9xico | Libna Stevens, Noticias de la Divisi\u00f3n Interamericana Dos a\u00f1os de la pandemia del COVID-19 han producido muchos desaf\u00edos a los...\" \/>\n<meta property=\"og:url\" content=\"https:\/\/interamerica.org\/es\/2022\/01\/lideres-de-jovenes-de-mexico-se-mueven-para-rehabilitar-cientos-de-clubes-de-conquistadores\/\" \/>\n<meta property=\"og:site_name\" content=\"Iglesia Adventista del S\u00e9ptimo D\u00eda - Divisi\u00f3n Interamericana\" \/>\n<meta property=\"article:published_time\" content=\"2022-01-21T03:42:32+00:00\" \/>\n<meta property=\"article:modified_time\" content=\"2022-01-25T13:29:27+00:00\" \/>\n<meta property=\"og:image\" content=\"https:\/\/interamerica.org\/wp-content\/uploads\/2022\/01\/semu-pathfinder-club-photo.jpg\" \/>\n\t<meta property=\"og:image:width\" content=\"1600\" \/>\n\t<meta property=\"og:image:height\" content=\"842\" \/>\n\t<meta property=\"og:image:type\" content=\"image\/jpeg\" \/>\n<meta name=\"author\" content=\"libna\" \/>\n<meta name=\"twitter:card\" content=\"summary_large_image\" \/>\n<meta name=\"twitter:label1\" content=\"Escrito por\" \/>\n\t<meta name=\"twitter:data1\" content=\"libna\" \/>\n\t<meta name=\"twitter:label2\" content=\"Tiempo de lectura\" \/>\n\t<meta name=\"twitter:data2\" content=\"7 minutos\" \/>\n<script type=\"application\/ld+json\" class=\"yoast-schema-graph\">{\"@context\":\"https:\\\/\\\/schema.org\",\"@graph\":[{\"@type\":\"Article\",\"@id\":\"https:\\\/\\\/interamerica.org\\\/es\\\/2022\\\/01\\\/lideres-de-jovenes-de-mexico-se-mueven-para-rehabilitar-cientos-de-clubes-de-conquistadores\\\/#article\",\"isPartOf\":{\"@id\":\"https:\\\/\\\/interamerica.org\\\/es\\\/2022\\\/01\\\/lideres-de-jovenes-de-mexico-se-mueven-para-rehabilitar-cientos-de-clubes-de-conquistadores\\\/\"},\"author\":{\"name\":\"libna\",\"@id\":\"https:\\\/\\\/interamerica.org\\\/es\\\/#\\\/schema\\\/person\\\/29998f2bc2d8bd0d38662909289b54f1\"},\"headline\":\"L\u00edderes de j\u00f3venes de M\u00e9xico se mueven para rehabilitar cientos de Clubes de Conquistadores\",\"datePublished\":\"2022-01-21T03:42:32+00:00\",\"dateModified\":\"2022-01-25T13:29:27+00:00\",\"mainEntityOfPage\":{\"@id\":\"https:\\\/\\\/interamerica.org\\\/es\\\/2022\\\/01\\\/lideres-de-jovenes-de-mexico-se-mueven-para-rehabilitar-cientos-de-clubes-de-conquistadores\\\/\"},\"wordCount\":1356,\"image\":{\"@id\":\"https:\\\/\\\/interamerica.org\\\/es\\\/2022\\\/01\\\/lideres-de-jovenes-de-mexico-se-mueven-para-rehabilitar-cientos-de-clubes-de-conquistadores\\\/#primaryimage\"},\"thumbnailUrl\":\"https:\\\/\\\/interamerica.org\\\/wp-content\\\/uploads\\\/2022\\\/01\\\/semu-pathfinder-club-photo.jpg\",\"articleSection\":[\"Desde el campo\",\"RSS Espa\u00f1ol\"],\"inLanguage\":\"es\"},{\"@type\":\"WebPage\",\"@id\":\"https:\\\/\\\/interamerica.org\\\/es\\\/2022\\\/01\\\/lideres-de-jovenes-de-mexico-se-mueven-para-rehabilitar-cientos-de-clubes-de-conquistadores\\\/\",\"url\":\"https:\\\/\\\/interamerica.org\\\/es\\\/2022\\\/01\\\/lideres-de-jovenes-de-mexico-se-mueven-para-rehabilitar-cientos-de-clubes-de-conquistadores\\\/\",\"name\":\"L\u00edderes de j\u00f3venes de M\u00e9xico se mueven para rehabilitar cientos de Clubes de Conquistadores - Iglesia Adventista del S\u00e9ptimo D\u00eda - Divisi\u00f3n Interamericana\",\"isPartOf\":{\"@id\":\"https:\\\/\\\/interamerica.org\\\/es\\\/#website\"},\"primaryImageOfPage\":{\"@id\":\"https:\\\/\\\/interamerica.org\\\/es\\\/2022\\\/01\\\/lideres-de-jovenes-de-mexico-se-mueven-para-rehabilitar-cientos-de-clubes-de-conquistadores\\\/#primaryimage\"},\"image\":{\"@id\":\"https:\\\/\\\/interamerica.org\\\/es\\\/2022\\\/01\\\/lideres-de-jovenes-de-mexico-se-mueven-para-rehabilitar-cientos-de-clubes-de-conquistadores\\\/#primaryimage\"},\"thumbnailUrl\":\"https:\\\/\\\/interamerica.org\\\/wp-content\\\/uploads\\\/2022\\\/01\\\/semu-pathfinder-club-photo.jpg\",\"datePublished\":\"2022-01-21T03:42:32+00:00\",\"dateModified\":\"2022-01-25T13:29:27+00:00\",\"author\":{\"@id\":\"https:\\\/\\\/interamerica.org\\\/es\\\/#\\\/schema\\\/person\\\/29998f2bc2d8bd0d38662909289b54f1\"},\"breadcrumb\":{\"@id\":\"https:\\\/\\\/interamerica.org\\\/es\\\/2022\\\/01\\\/lideres-de-jovenes-de-mexico-se-mueven-para-rehabilitar-cientos-de-clubes-de-conquistadores\\\/#breadcrumb\"},\"inLanguage\":\"es\",\"potentialAction\":[{\"@type\":\"ReadAction\",\"target\":[\"https:\\\/\\\/interamerica.org\\\/es\\\/2022\\\/01\\\/lideres-de-jovenes-de-mexico-se-mueven-para-rehabilitar-cientos-de-clubes-de-conquistadores\\\/\"]}]},{\"@type\":\"ImageObject\",\"inLanguage\":\"es\",\"@id\":\"https:\\\/\\\/interamerica.org\\\/es\\\/2022\\\/01\\\/lideres-de-jovenes-de-mexico-se-mueven-para-rehabilitar-cientos-de-clubes-de-conquistadores\\\/#primaryimage\",\"url\":\"https:\\\/\\\/interamerica.org\\\/wp-content\\\/uploads\\\/2022\\\/01\\\/semu-pathfinder-club-photo.jpg\",\"contentUrl\":\"https:\\\/\\\/interamerica.org\\\/wp-content\\\/uploads\\\/2022\\\/01\\\/semu-pathfinder-club-photo.jpg\",\"width\":1600,\"height\":842,\"caption\":\"[Fotograf\u00eda: Uni\u00f3n Mexicana del Sureste]\"},{\"@type\":\"BreadcrumbList\",\"@id\":\"https:\\\/\\\/interamerica.org\\\/es\\\/2022\\\/01\\\/lideres-de-jovenes-de-mexico-se-mueven-para-rehabilitar-cientos-de-clubes-de-conquistadores\\\/#breadcrumb\",\"itemListElement\":[{\"@type\":\"ListItem\",\"position\":1,\"name\":\"Home\",\"item\":\"https:\\\/\\\/interamerica.org\\\/es\\\/\"},{\"@type\":\"ListItem\",\"position\":2,\"name\":\"L\u00edderes de j\u00f3venes de M\u00e9xico se mueven para rehabilitar cientos de Clubes de Conquistadores\"}]},{\"@type\":\"WebSite\",\"@id\":\"https:\\\/\\\/interamerica.org\\\/es\\\/#website\",\"url\":\"https:\\\/\\\/interamerica.org\\\/es\\\/\",\"name\":\"Iglesia Adventista del S\u00e9ptimo D\u00eda - Divisi\u00f3n Interamericana\",\"description\":\"\",\"potentialAction\":[{\"@type\":\"SearchAction\",\"target\":{\"@type\":\"EntryPoint\",\"urlTemplate\":\"https:\\\/\\\/interamerica.org\\\/es\\\/?s={search_term_string}\"},\"query-input\":{\"@type\":\"PropertyValueSpecification\",\"valueRequired\":true,\"valueName\":\"search_term_string\"}}],\"inLanguage\":\"es\"},{\"@type\":\"Person\",\"@id\":\"https:\\\/\\\/interamerica.org\\\/es\\\/#\\\/schema\\\/person\\\/29998f2bc2d8bd0d38662909289b54f1\",\"name\":\"libna\",\"image\":{\"@type\":\"ImageObject\",\"inLanguage\":\"es\",\"@id\":\"https:\\\/\\\/secure.gravatar.com\\\/avatar\\\/7c5bd30ae4b47a9ba3c856590957fd1d96dc588bf3ac05719d247e126840331f?s=96&d=mm&r=g\",\"url\":\"https:\\\/\\\/secure.gravatar.com\\\/avatar\\\/7c5bd30ae4b47a9ba3c856590957fd1d96dc588bf3ac05719d247e126840331f?s=96&d=mm&r=g\",\"contentUrl\":\"https:\\\/\\\/secure.gravatar.com\\\/avatar\\\/7c5bd30ae4b47a9ba3c856590957fd1d96dc588bf3ac05719d247e126840331f?s=96&d=mm&r=g\",\"caption\":\"libna\"}}]}<\/script>\n<!-- \/ Yoast SEO plugin. -->","yoast_head_json":{"title":"L\u00edderes de j\u00f3venes de M\u00e9xico se mueven para rehabilitar cientos de Clubes de Conquistadores - Iglesia Adventista del S\u00e9ptimo D\u00eda - Divisi\u00f3n Interamericana","robots":{"index":"index","follow":"follow","max-snippet":"max-snippet:-1","max-image-preview":"max-image-preview:large","max-video-preview":"max-video-preview:-1"},"canonical":"https:\/\/interamerica.org\/es\/2022\/01\/lideres-de-jovenes-de-mexico-se-mueven-para-rehabilitar-cientos-de-clubes-de-conquistadores\/","og_locale":"es_ES","og_type":"article","og_title":"L\u00edderes de j\u00f3venes de M\u00e9xico se mueven para rehabilitar cientos de Clubes de Conquistadores - Iglesia Adventista del S\u00e9ptimo D\u00eda - Divisi\u00f3n Interamericana","og_description":"20 de enero de 2022 | M\u00e9rida, Yucat\u00e1n, M\u00e9xico | Libna Stevens, Noticias de la Divisi\u00f3n Interamericana Dos a\u00f1os de la pandemia del COVID-19 han producido muchos desaf\u00edos a los...","og_url":"https:\/\/interamerica.org\/es\/2022\/01\/lideres-de-jovenes-de-mexico-se-mueven-para-rehabilitar-cientos-de-clubes-de-conquistadores\/","og_site_name":"Iglesia Adventista del S\u00e9ptimo D\u00eda - Divisi\u00f3n Interamericana","article_published_time":"2022-01-21T03:42:32+00:00","article_modified_time":"2022-01-25T13:29:27+00:00","og_image":[{"width":1600,"height":842,"url":"https:\/\/interamerica.org\/wp-content\/uploads\/2022\/01\/semu-pathfinder-club-photo.jpg","type":"image\/jpeg"}],"author":"libna","twitter_card":"summary_large_image","twitter_misc":{"Escrito por":"libna","Tiempo de lectura":"7 minutos"},"schema":{"@context":"https:\/\/schema.org","@graph":[{"@type":"Article","@id":"https:\/\/interamerica.org\/es\/2022\/01\/lideres-de-jovenes-de-mexico-se-mueven-para-rehabilitar-cientos-de-clubes-de-conquistadores\/#article","isPartOf":{"@id":"https:\/\/interamerica.org\/es\/2022\/01\/lideres-de-jovenes-de-mexico-se-mueven-para-rehabilitar-cientos-de-clubes-de-conquistadores\/"},"author":{"name":"libna","@id":"https:\/\/interamerica.org\/es\/#\/schema\/person\/29998f2bc2d8bd0d38662909289b54f1"},"headline":"L\u00edderes de j\u00f3venes de M\u00e9xico se mueven para rehabilitar cientos de Clubes de Conquistadores","datePublished":"2022-01-21T03:42:32+00:00","dateModified":"2022-01-25T13:29:27+00:00","mainEntityOfPage":{"@id":"https:\/\/interamerica.org\/es\/2022\/01\/lideres-de-jovenes-de-mexico-se-mueven-para-rehabilitar-cientos-de-clubes-de-conquistadores\/"},"wordCount":1356,"image":{"@id":"https:\/\/interamerica.org\/es\/2022\/01\/lideres-de-jovenes-de-mexico-se-mueven-para-rehabilitar-cientos-de-clubes-de-conquistadores\/#primaryimage"},"thumbnailUrl":"https:\/\/interamerica.org\/wp-content\/uploads\/2022\/01\/semu-pathfinder-club-photo.jpg","articleSection":["Desde el campo","RSS Espa\u00f1ol"],"inLanguage":"es"},{"@type":"WebPage","@id":"https:\/\/interamerica.org\/es\/2022\/01\/lideres-de-jovenes-de-mexico-se-mueven-para-rehabilitar-cientos-de-clubes-de-conquistadores\/","url":"https:\/\/interamerica.org\/es\/2022\/01\/lideres-de-jovenes-de-mexico-se-mueven-para-rehabilitar-cientos-de-clubes-de-conquistadores\/","name":"L\u00edderes de j\u00f3venes de M\u00e9xico se mueven para rehabilitar cientos de Clubes de Conquistadores - Iglesia Adventista del S\u00e9ptimo D\u00eda - Divisi\u00f3n Interamericana","isPartOf":{"@id":"https:\/\/interamerica.org\/es\/#website"},"primaryImageOfPage":{"@id":"https:\/\/interamerica.org\/es\/2022\/01\/lideres-de-jovenes-de-mexico-se-mueven-para-rehabilitar-cientos-de-clubes-de-conquistadores\/#primaryimage"},"image":{"@id":"https:\/\/interamerica.org\/es\/2022\/01\/lideres-de-jovenes-de-mexico-se-mueven-para-rehabilitar-cientos-de-clubes-de-conquistadores\/#primaryimage"},"thumbnailUrl":"https:\/\/interamerica.org\/wp-content\/uploads\/2022\/01\/semu-pathfinder-club-photo.jpg","datePublished":"2022-01-21T03:42:32+00:00","dateModified":"2022-01-25T13:29:27+00:00","author":{"@id":"https:\/\/interamerica.org\/es\/#\/schema\/person\/29998f2bc2d8bd0d38662909289b54f1"},"breadcrumb":{"@id":"https:\/\/interamerica.org\/es\/2022\/01\/lideres-de-jovenes-de-mexico-se-mueven-para-rehabilitar-cientos-de-clubes-de-conquistadores\/#breadcrumb"},"inLanguage":"es","potentialAction":[{"@type":"ReadAction","target":["https:\/\/interamerica.org\/es\/2022\/01\/lideres-de-jovenes-de-mexico-se-mueven-para-rehabilitar-cientos-de-clubes-de-conquistadores\/"]}]},{"@type":"ImageObject","inLanguage":"es","@id":"https:\/\/interamerica.org\/es\/2022\/01\/lideres-de-jovenes-de-mexico-se-mueven-para-rehabilitar-cientos-de-clubes-de-conquistadores\/#primaryimage","url":"https:\/\/interamerica.org\/wp-content\/uploads\/2022\/01\/semu-pathfinder-club-photo.jpg","contentUrl":"https:\/\/interamerica.org\/wp-content\/uploads\/2022\/01\/semu-pathfinder-club-photo.jpg","width":1600,"height":842,"caption":"[Fotograf\u00eda: Uni\u00f3n Mexicana del Sureste]"},{"@type":"BreadcrumbList","@id":"https:\/\/interamerica.org\/es\/2022\/01\/lideres-de-jovenes-de-mexico-se-mueven-para-rehabilitar-cientos-de-clubes-de-conquistadores\/#breadcrumb","itemListElement":[{"@type":"ListItem","position":1,"name":"Home","item":"https:\/\/interamerica.org\/es\/"},{"@type":"ListItem","position":2,"name":"L\u00edderes de j\u00f3venes de M\u00e9xico se mueven para rehabilitar cientos de Clubes de Conquistadores"}]},{"@type":"WebSite","@id":"https:\/\/interamerica.org\/es\/#website","url":"https:\/\/interamerica.org\/es\/","name":"Iglesia Adventista del S\u00e9ptimo D\u00eda - Divisi\u00f3n Interamericana","description":"","potentialAction":[{"@type":"SearchAction","target":{"@type":"EntryPoint","urlTemplate":"https:\/\/interamerica.org\/es\/?s={search_term_string}"},"query-input":{"@type":"PropertyValueSpecification","valueRequired":true,"valueName":"search_term_string"}}],"inLanguage":"es"},{"@type":"Person","@id":"https:\/\/interamerica.org\/es\/#\/schema\/person\/29998f2bc2d8bd0d38662909289b54f1","name":"libna","image":{"@type":"ImageObject","inLanguage":"es","@id":"https:\/\/secure.gravatar.com\/avatar\/7c5bd30ae4b47a9ba3c856590957fd1d96dc588bf3ac05719d247e126840331f?s=96&d=mm&r=g","url":"https:\/\/secure.gravatar.com\/avatar\/7c5bd30ae4b47a9ba3c856590957fd1d96dc588bf3ac05719d247e126840331f?s=96&d=mm&r=g","contentUrl":"https:\/\/secure.gravatar.com\/avatar\/7c5bd30ae4b47a9ba3c856590957fd1d96dc588bf3ac05719d247e126840331f?s=96&d=mm&r=g","caption":"libna"}}]}},"_links":{"self":[{"href":"https:\/\/interamerica.org\/es\/wp-json\/wp\/v2\/posts\/80596","targetHints":{"allow":["GET"]}}],"collection":[{"href":"https:\/\/interamerica.org\/es\/wp-json\/wp\/v2\/posts"}],"about":[{"href":"https:\/\/interamerica.org\/es\/wp-json\/wp\/v2\/types\/post"}],"author":[{"embeddable":true,"href":"https:\/\/interamerica.org\/es\/wp-json\/wp\/v2\/users\/3"}],"replies":[{"embeddable":true,"href":"https:\/\/interamerica.org\/es\/wp-json\/wp\/v2\/comments?post=80596"}],"version-history":[{"count":0,"href":"https:\/\/interamerica.org\/es\/wp-json\/wp\/v2\/posts\/80596\/revisions"}],"wp:featuredmedia":[{"embeddable":true,"href":"https:\/\/interamerica.org\/es\/wp-json\/wp\/v2\/media\/80541"}],"wp:attachment":[{"href":"https:\/\/interamerica.org\/es\/wp-json\/wp\/v2\/media?parent=80596"}],"wp:term":[{"taxonomy":"category","embeddable":true,"href":"https:\/\/interamerica.org\/es\/wp-json\/wp\/v2\/categories?post=80596"},{"taxonomy":"post_tag","embeddable":true,"href":"https:\/\/interamerica.org\/es\/wp-json\/wp\/v2\/tags?post=80596"}],"curies":[{"name":"wp","href":"https:\/\/api.w.org\/{rel}","templated":true}]}}