{"id":81024,"date":"2022-02-02T14:04:51","date_gmt":"2022-02-02T18:04:51","guid":{"rendered":"https:\/\/recursing-golick.147-182-135-0.plesk.page\/?p=81024"},"modified":"2022-02-02T14:37:36","modified_gmt":"2022-02-02T18:37:36","slug":"facultad-de-la-universidad-loma-linda-reconocida-por-iniciativa-sobre-vacuna-contra-covid-19","status":"publish","type":"post","link":"https:\/\/interamerica.org\/es\/2022\/02\/facultad-de-la-universidad-loma-linda-reconocida-por-iniciativa-sobre-vacuna-contra-covid-19\/","title":{"rendered":"Facultad de la Universidad Loma Linda reconocida por iniciativa sobre vacuna contra COVID-19"},"content":{"rendered":"<p><strong>Miembros de facultad reciben reconocimiento por asegurar igualdad de acceso a inmunizaciones en la comunidad. <\/strong><\/p>\n<p>&nbsp;<\/p>\n<p>2 de febrero de 2022 | Loma Linda, California, Estados Unidos | Dona Jayne Potts, Loma Linda University Health y Adventist Review<\/p>\n<p>Varios miembros de facultad de la Universidad Loma Linda (LLU), una instituci\u00f3n educativa adventista en Loma Linda, California, Estados Unidos, han sido recipientes del Premio Dorothy Inghram Trailblazer, de IECAAC &#8211; Inland Empire Concerned African American Churches (Iglesias Afroamericanas del Inland Empire). Recientemente recibieron este reconocimiento por sus esfuerzos para asegurarse de la equidad en la dispensaci\u00f3n de la vacuna en la comunidad local. En una ceremonia especial se reconoci\u00f3 a un grupo de miembros de facultad de cinco escuelas de LLU, el 17 de enero de 2022.<\/p>\n<p>Los recipientes de dicho reconocimiento incluyen al Dr. Richard H. Hart, presidente de LLU; \u00a0Ricardo Peverini, presidente de la Facultad del Grupo M\u00e9dico y a Juan Carlos Belliard, de la Escuela de Salud P\u00fablica. Incluyen tambi\u00e9n a Jacinda Abdul-Mutakabbir y Michael Hogue, ambos de la Escuela de Farmacolog\u00eda; Bridgette Peteet, de la Escuela de Salud Conductual; y Jennifer Veltman, de la Escuela de Medicina. Kiema Jones, especialista en mejora de procesos, de la Facultad del Grupo M\u00e9dico, recibi\u00f3 tambi\u00e9n un reconocimiento.<\/p>\n<p>Loma Linda University Health ha llevado a cabo esfuerzos de vacunaci\u00f3n contra COVID-19 en el Condado de San Bernardino; y la facultad de LLU organiz\u00f3 cl\u00ednicas m\u00f3viles de vacunaci\u00f3n atendidas por estudiantes, en comunidades vulnerables de todo el sur de California.<\/p>\n<p>\u201cEl reconocimiento Dorothy Inghram Trailblazer se otorga a aquellos cuya tenacidad frente a la oposici\u00f3n les permite abrir nuevos caminos en asuntos que impactan a la comunidad en forma positiva\u201d, dijo el obispo Kelvin Simmons, presidente de IECACC. \u201cHemos seleccionado a este brillante equipo de mentes geniales de la Universidad Loma Linda, porque sus esfuerzos para asegurar la equidad en la vacunaci\u00f3n fue una acci\u00f3n pionera e innovadora en favor de nuestra comunidad, \u00a1con profunda gratitud desde el fondo de nuestro coraz\u00f3n!\u201d<\/p>\n<p>El IECAAC fue formado en el a\u00f1o 2000 por un grupo de 22 pastores locales de iglesias del \u00a0Inland Empire, como primer paso para atender patrones sistem\u00e1ticos de abuso y violencia en la comunidad. Esta organizaci\u00f3n ha estado en demanda por parte de muchos grupos, como la voz de la comunidad afroamericana en la comunidad. Los pol\u00edticos locales contin\u00faan procurando una audiencia con la organizaci\u00f3n para presentaciones y apoyo.<\/p>\n<p>Dorothy Inghram fue una maestra y directora de escuela que lleg\u00f3 a ser la primera superintendente de un distrito escolar en 1953. La maestra y directora Inghram fue una pionera que ejemplific\u00f3 la excelencia en la comunidad, en una \u00e9poca de inequidad racial significativa. Llego a vivir 106 a\u00f1os y su pasi\u00f3n era servir de mentora a estudiantes y maestros en el Inland Empire, de acuerdo a lo informado por IECAAC.<\/p>\n<p>Abdul-Mutakabbir, profesora asistente de la Escuela de Farmacolog\u00eda de LLU, dijo que \u00a0este reconocimiento era de inmenso significado para ella. \u201cHa sido un honor trabajar en conjunto con nuestros l\u00edderes religiosos para mostrar el equilibrio entre la fe y la ciencia\u201d, dijo.<\/p>\n<p><em>La <\/em><a href=\"https:\/\/news.llu.edu\/community\/loma-linda-university-faculty-awarded-for-covid-19-vaccine-work-community\"><em>versi\u00f3n original<\/em><\/a><em>\u00a0de esta noticia se public\u00f3 en el <\/em><a href=\"https:\/\/news.llu.edu\/\"><em>sitio de noticias <\/em><\/a><em>de Loma Linda University Health\u00a0.<\/em><\/p>\n<p>Traducci\u00f3n \u2013 Gloria A. Castrej\u00f3n<\/p>\n<p>&nbsp;<\/p>\n","protected":false},"excerpt":{"rendered":"<p>Miembros de facultad reciben reconocimiento por asegurar igualdad de acceso a inmunizaciones en la comunidad. &nbsp; 2 de febrero de 2022 | Loma Linda, California, Estados Unidos | Dona Jayne&#8230;<\/p>\n","protected":false},"author":3,"featured_media":81009,"comment_status":"closed","ping_status":"closed","sticky":false,"template":"","format":"standard","meta":{"_acf_changed":false,"footnotes":""},"categories":[14,15],"tags":[],"class_list":["post-81024","post","type-post","status-publish","format-standard","has-post-thumbnail","hentry","category-de-la-iglesia-mundial","category-rss-espanol"],"acf":[],"yoast_head":"<!-- This site is optimized with the Yoast SEO plugin v27.3 - https:\/\/yoast.com\/product\/yoast-seo-wordpress\/ -->\n<title>Facultad de la Universidad Loma Linda reconocida por iniciativa sobre vacuna contra COVID-19 - Iglesia Adventista del S\u00e9ptimo D\u00eda - Divisi\u00f3n Interamericana<\/title>\n<meta name=\"robots\" content=\"index, follow, max-snippet:-1, max-image-preview:large, max-video-preview:-1\" \/>\n<link rel=\"canonical\" href=\"https:\/\/interamerica.org\/es\/2022\/02\/facultad-de-la-universidad-loma-linda-reconocida-por-iniciativa-sobre-vacuna-contra-covid-19\/\" \/>\n<meta property=\"og:locale\" content=\"es_ES\" \/>\n<meta property=\"og:type\" content=\"article\" \/>\n<meta property=\"og:title\" content=\"Facultad de la Universidad Loma Linda reconocida por iniciativa sobre vacuna contra COVID-19 - Iglesia Adventista del S\u00e9ptimo D\u00eda - Divisi\u00f3n Interamericana\" \/>\n<meta property=\"og:description\" content=\"Miembros de facultad reciben reconocimiento por asegurar igualdad de acceso a inmunizaciones en la comunidad. &nbsp; 2 de febrero de 2022 | Loma Linda, California, Estados Unidos | Dona Jayne...\" \/>\n<meta property=\"og:url\" content=\"https:\/\/interamerica.org\/es\/2022\/02\/facultad-de-la-universidad-loma-linda-reconocida-por-iniciativa-sobre-vacuna-contra-covid-19\/\" \/>\n<meta property=\"og:site_name\" content=\"Iglesia Adventista del S\u00e9ptimo D\u00eda - Divisi\u00f3n Interamericana\" \/>\n<meta property=\"article:published_time\" content=\"2022-02-02T18:04:51+00:00\" \/>\n<meta property=\"article:modified_time\" content=\"2022-02-02T18:37:36+00:00\" \/>\n<meta property=\"og:image\" content=\"https:\/\/interamerica.org\/wp-content\/uploads\/2022\/02\/loma-linda-university-faculty-awarded-for-covid-19-vaccine-initiative1.jpeg\" \/>\n\t<meta property=\"og:image:width\" content=\"1000\" \/>\n\t<meta property=\"og:image:height\" content=\"500\" \/>\n\t<meta property=\"og:image:type\" content=\"image\/jpeg\" \/>\n<meta name=\"author\" content=\"libna\" \/>\n<meta name=\"twitter:card\" content=\"summary_large_image\" \/>\n<meta name=\"twitter:label1\" content=\"Escrito por\" \/>\n\t<meta name=\"twitter:data1\" content=\"libna\" \/>\n\t<meta name=\"twitter:label2\" content=\"Tiempo de lectura\" \/>\n\t<meta name=\"twitter:data2\" content=\"3 minutos\" \/>\n<script type=\"application\/ld+json\" class=\"yoast-schema-graph\">{\"@context\":\"https:\\\/\\\/schema.org\",\"@graph\":[{\"@type\":\"Article\",\"@id\":\"https:\\\/\\\/interamerica.org\\\/es\\\/2022\\\/02\\\/facultad-de-la-universidad-loma-linda-reconocida-por-iniciativa-sobre-vacuna-contra-covid-19\\\/#article\",\"isPartOf\":{\"@id\":\"https:\\\/\\\/interamerica.org\\\/es\\\/2022\\\/02\\\/facultad-de-la-universidad-loma-linda-reconocida-por-iniciativa-sobre-vacuna-contra-covid-19\\\/\"},\"author\":{\"name\":\"libna\",\"@id\":\"https:\\\/\\\/interamerica.org\\\/es\\\/#\\\/schema\\\/person\\\/29998f2bc2d8bd0d38662909289b54f1\"},\"headline\":\"Facultad de la Universidad Loma Linda reconocida por iniciativa sobre vacuna contra COVID-19\",\"datePublished\":\"2022-02-02T18:04:51+00:00\",\"dateModified\":\"2022-02-02T18:37:36+00:00\",\"mainEntityOfPage\":{\"@id\":\"https:\\\/\\\/interamerica.org\\\/es\\\/2022\\\/02\\\/facultad-de-la-universidad-loma-linda-reconocida-por-iniciativa-sobre-vacuna-contra-covid-19\\\/\"},\"wordCount\":567,\"image\":{\"@id\":\"https:\\\/\\\/interamerica.org\\\/es\\\/2022\\\/02\\\/facultad-de-la-universidad-loma-linda-reconocida-por-iniciativa-sobre-vacuna-contra-covid-19\\\/#primaryimage\"},\"thumbnailUrl\":\"https:\\\/\\\/interamerica.org\\\/wp-content\\\/uploads\\\/2022\\\/02\\\/loma-linda-university-faculty-awarded-for-covid-19-vaccine-initiative1.jpeg\",\"articleSection\":[\"Desde la iglesia mundial\",\"RSS Espa\u00f1ol\"],\"inLanguage\":\"es\"},{\"@type\":\"WebPage\",\"@id\":\"https:\\\/\\\/interamerica.org\\\/es\\\/2022\\\/02\\\/facultad-de-la-universidad-loma-linda-reconocida-por-iniciativa-sobre-vacuna-contra-covid-19\\\/\",\"url\":\"https:\\\/\\\/interamerica.org\\\/es\\\/2022\\\/02\\\/facultad-de-la-universidad-loma-linda-reconocida-por-iniciativa-sobre-vacuna-contra-covid-19\\\/\",\"name\":\"Facultad de la Universidad Loma Linda reconocida por iniciativa sobre vacuna contra COVID-19 - Iglesia Adventista del S\u00e9ptimo D\u00eda - Divisi\u00f3n Interamericana\",\"isPartOf\":{\"@id\":\"https:\\\/\\\/interamerica.org\\\/es\\\/#website\"},\"primaryImageOfPage\":{\"@id\":\"https:\\\/\\\/interamerica.org\\\/es\\\/2022\\\/02\\\/facultad-de-la-universidad-loma-linda-reconocida-por-iniciativa-sobre-vacuna-contra-covid-19\\\/#primaryimage\"},\"image\":{\"@id\":\"https:\\\/\\\/interamerica.org\\\/es\\\/2022\\\/02\\\/facultad-de-la-universidad-loma-linda-reconocida-por-iniciativa-sobre-vacuna-contra-covid-19\\\/#primaryimage\"},\"thumbnailUrl\":\"https:\\\/\\\/interamerica.org\\\/wp-content\\\/uploads\\\/2022\\\/02\\\/loma-linda-university-faculty-awarded-for-covid-19-vaccine-initiative1.jpeg\",\"datePublished\":\"2022-02-02T18:04:51+00:00\",\"dateModified\":\"2022-02-02T18:37:36+00:00\",\"author\":{\"@id\":\"https:\\\/\\\/interamerica.org\\\/es\\\/#\\\/schema\\\/person\\\/29998f2bc2d8bd0d38662909289b54f1\"},\"breadcrumb\":{\"@id\":\"https:\\\/\\\/interamerica.org\\\/es\\\/2022\\\/02\\\/facultad-de-la-universidad-loma-linda-reconocida-por-iniciativa-sobre-vacuna-contra-covid-19\\\/#breadcrumb\"},\"inLanguage\":\"es\",\"potentialAction\":[{\"@type\":\"ReadAction\",\"target\":[\"https:\\\/\\\/interamerica.org\\\/es\\\/2022\\\/02\\\/facultad-de-la-universidad-loma-linda-reconocida-por-iniciativa-sobre-vacuna-contra-covid-19\\\/\"]}]},{\"@type\":\"ImageObject\",\"inLanguage\":\"es\",\"@id\":\"https:\\\/\\\/interamerica.org\\\/es\\\/2022\\\/02\\\/facultad-de-la-universidad-loma-linda-reconocida-por-iniciativa-sobre-vacuna-contra-covid-19\\\/#primaryimage\",\"url\":\"https:\\\/\\\/interamerica.org\\\/wp-content\\\/uploads\\\/2022\\\/02\\\/loma-linda-university-faculty-awarded-for-covid-19-vaccine-initiative1.jpeg\",\"contentUrl\":\"https:\\\/\\\/interamerica.org\\\/wp-content\\\/uploads\\\/2022\\\/02\\\/loma-linda-university-faculty-awarded-for-covid-19-vaccine-initiative1.jpeg\",\"width\":1000,\"height\":500},{\"@type\":\"BreadcrumbList\",\"@id\":\"https:\\\/\\\/interamerica.org\\\/es\\\/2022\\\/02\\\/facultad-de-la-universidad-loma-linda-reconocida-por-iniciativa-sobre-vacuna-contra-covid-19\\\/#breadcrumb\",\"itemListElement\":[{\"@type\":\"ListItem\",\"position\":1,\"name\":\"Home\",\"item\":\"https:\\\/\\\/interamerica.org\\\/es\\\/\"},{\"@type\":\"ListItem\",\"position\":2,\"name\":\"Facultad de la Universidad Loma Linda reconocida por iniciativa sobre vacuna contra COVID-19\"}]},{\"@type\":\"WebSite\",\"@id\":\"https:\\\/\\\/interamerica.org\\\/es\\\/#website\",\"url\":\"https:\\\/\\\/interamerica.org\\\/es\\\/\",\"name\":\"Iglesia Adventista del S\u00e9ptimo D\u00eda - Divisi\u00f3n Interamericana\",\"description\":\"\",\"potentialAction\":[{\"@type\":\"SearchAction\",\"target\":{\"@type\":\"EntryPoint\",\"urlTemplate\":\"https:\\\/\\\/interamerica.org\\\/es\\\/?s={search_term_string}\"},\"query-input\":{\"@type\":\"PropertyValueSpecification\",\"valueRequired\":true,\"valueName\":\"search_term_string\"}}],\"inLanguage\":\"es\"},{\"@type\":\"Person\",\"@id\":\"https:\\\/\\\/interamerica.org\\\/es\\\/#\\\/schema\\\/person\\\/29998f2bc2d8bd0d38662909289b54f1\",\"name\":\"libna\",\"image\":{\"@type\":\"ImageObject\",\"inLanguage\":\"es\",\"@id\":\"https:\\\/\\\/secure.gravatar.com\\\/avatar\\\/7c5bd30ae4b47a9ba3c856590957fd1d96dc588bf3ac05719d247e126840331f?s=96&d=mm&r=g\",\"url\":\"https:\\\/\\\/secure.gravatar.com\\\/avatar\\\/7c5bd30ae4b47a9ba3c856590957fd1d96dc588bf3ac05719d247e126840331f?s=96&d=mm&r=g\",\"contentUrl\":\"https:\\\/\\\/secure.gravatar.com\\\/avatar\\\/7c5bd30ae4b47a9ba3c856590957fd1d96dc588bf3ac05719d247e126840331f?s=96&d=mm&r=g\",\"caption\":\"libna\"}}]}<\/script>\n<!-- \/ Yoast SEO plugin. -->","yoast_head_json":{"title":"Facultad de la Universidad Loma Linda reconocida por iniciativa sobre vacuna contra COVID-19 - Iglesia Adventista del S\u00e9ptimo D\u00eda - Divisi\u00f3n Interamericana","robots":{"index":"index","follow":"follow","max-snippet":"max-snippet:-1","max-image-preview":"max-image-preview:large","max-video-preview":"max-video-preview:-1"},"canonical":"https:\/\/interamerica.org\/es\/2022\/02\/facultad-de-la-universidad-loma-linda-reconocida-por-iniciativa-sobre-vacuna-contra-covid-19\/","og_locale":"es_ES","og_type":"article","og_title":"Facultad de la Universidad Loma Linda reconocida por iniciativa sobre vacuna contra COVID-19 - Iglesia Adventista del S\u00e9ptimo D\u00eda - Divisi\u00f3n Interamericana","og_description":"Miembros de facultad reciben reconocimiento por asegurar igualdad de acceso a inmunizaciones en la comunidad. &nbsp; 2 de febrero de 2022 | Loma Linda, California, Estados Unidos | Dona Jayne...","og_url":"https:\/\/interamerica.org\/es\/2022\/02\/facultad-de-la-universidad-loma-linda-reconocida-por-iniciativa-sobre-vacuna-contra-covid-19\/","og_site_name":"Iglesia Adventista del S\u00e9ptimo D\u00eda - Divisi\u00f3n Interamericana","article_published_time":"2022-02-02T18:04:51+00:00","article_modified_time":"2022-02-02T18:37:36+00:00","og_image":[{"width":1000,"height":500,"url":"https:\/\/interamerica.org\/wp-content\/uploads\/2022\/02\/loma-linda-university-faculty-awarded-for-covid-19-vaccine-initiative1.jpeg","type":"image\/jpeg"}],"author":"libna","twitter_card":"summary_large_image","twitter_misc":{"Escrito por":"libna","Tiempo de lectura":"3 minutos"},"schema":{"@context":"https:\/\/schema.org","@graph":[{"@type":"Article","@id":"https:\/\/interamerica.org\/es\/2022\/02\/facultad-de-la-universidad-loma-linda-reconocida-por-iniciativa-sobre-vacuna-contra-covid-19\/#article","isPartOf":{"@id":"https:\/\/interamerica.org\/es\/2022\/02\/facultad-de-la-universidad-loma-linda-reconocida-por-iniciativa-sobre-vacuna-contra-covid-19\/"},"author":{"name":"libna","@id":"https:\/\/interamerica.org\/es\/#\/schema\/person\/29998f2bc2d8bd0d38662909289b54f1"},"headline":"Facultad de la Universidad Loma Linda reconocida por iniciativa sobre vacuna contra COVID-19","datePublished":"2022-02-02T18:04:51+00:00","dateModified":"2022-02-02T18:37:36+00:00","mainEntityOfPage":{"@id":"https:\/\/interamerica.org\/es\/2022\/02\/facultad-de-la-universidad-loma-linda-reconocida-por-iniciativa-sobre-vacuna-contra-covid-19\/"},"wordCount":567,"image":{"@id":"https:\/\/interamerica.org\/es\/2022\/02\/facultad-de-la-universidad-loma-linda-reconocida-por-iniciativa-sobre-vacuna-contra-covid-19\/#primaryimage"},"thumbnailUrl":"https:\/\/interamerica.org\/wp-content\/uploads\/2022\/02\/loma-linda-university-faculty-awarded-for-covid-19-vaccine-initiative1.jpeg","articleSection":["Desde la iglesia mundial","RSS Espa\u00f1ol"],"inLanguage":"es"},{"@type":"WebPage","@id":"https:\/\/interamerica.org\/es\/2022\/02\/facultad-de-la-universidad-loma-linda-reconocida-por-iniciativa-sobre-vacuna-contra-covid-19\/","url":"https:\/\/interamerica.org\/es\/2022\/02\/facultad-de-la-universidad-loma-linda-reconocida-por-iniciativa-sobre-vacuna-contra-covid-19\/","name":"Facultad de la Universidad Loma Linda reconocida por iniciativa sobre vacuna contra COVID-19 - Iglesia Adventista del S\u00e9ptimo D\u00eda - Divisi\u00f3n Interamericana","isPartOf":{"@id":"https:\/\/interamerica.org\/es\/#website"},"primaryImageOfPage":{"@id":"https:\/\/interamerica.org\/es\/2022\/02\/facultad-de-la-universidad-loma-linda-reconocida-por-iniciativa-sobre-vacuna-contra-covid-19\/#primaryimage"},"image":{"@id":"https:\/\/interamerica.org\/es\/2022\/02\/facultad-de-la-universidad-loma-linda-reconocida-por-iniciativa-sobre-vacuna-contra-covid-19\/#primaryimage"},"thumbnailUrl":"https:\/\/interamerica.org\/wp-content\/uploads\/2022\/02\/loma-linda-university-faculty-awarded-for-covid-19-vaccine-initiative1.jpeg","datePublished":"2022-02-02T18:04:51+00:00","dateModified":"2022-02-02T18:37:36+00:00","author":{"@id":"https:\/\/interamerica.org\/es\/#\/schema\/person\/29998f2bc2d8bd0d38662909289b54f1"},"breadcrumb":{"@id":"https:\/\/interamerica.org\/es\/2022\/02\/facultad-de-la-universidad-loma-linda-reconocida-por-iniciativa-sobre-vacuna-contra-covid-19\/#breadcrumb"},"inLanguage":"es","potentialAction":[{"@type":"ReadAction","target":["https:\/\/interamerica.org\/es\/2022\/02\/facultad-de-la-universidad-loma-linda-reconocida-por-iniciativa-sobre-vacuna-contra-covid-19\/"]}]},{"@type":"ImageObject","inLanguage":"es","@id":"https:\/\/interamerica.org\/es\/2022\/02\/facultad-de-la-universidad-loma-linda-reconocida-por-iniciativa-sobre-vacuna-contra-covid-19\/#primaryimage","url":"https:\/\/interamerica.org\/wp-content\/uploads\/2022\/02\/loma-linda-university-faculty-awarded-for-covid-19-vaccine-initiative1.jpeg","contentUrl":"https:\/\/interamerica.org\/wp-content\/uploads\/2022\/02\/loma-linda-university-faculty-awarded-for-covid-19-vaccine-initiative1.jpeg","width":1000,"height":500},{"@type":"BreadcrumbList","@id":"https:\/\/interamerica.org\/es\/2022\/02\/facultad-de-la-universidad-loma-linda-reconocida-por-iniciativa-sobre-vacuna-contra-covid-19\/#breadcrumb","itemListElement":[{"@type":"ListItem","position":1,"name":"Home","item":"https:\/\/interamerica.org\/es\/"},{"@type":"ListItem","position":2,"name":"Facultad de la Universidad Loma Linda reconocida por iniciativa sobre vacuna contra COVID-19"}]},{"@type":"WebSite","@id":"https:\/\/interamerica.org\/es\/#website","url":"https:\/\/interamerica.org\/es\/","name":"Iglesia Adventista del S\u00e9ptimo D\u00eda - Divisi\u00f3n Interamericana","description":"","potentialAction":[{"@type":"SearchAction","target":{"@type":"EntryPoint","urlTemplate":"https:\/\/interamerica.org\/es\/?s={search_term_string}"},"query-input":{"@type":"PropertyValueSpecification","valueRequired":true,"valueName":"search_term_string"}}],"inLanguage":"es"},{"@type":"Person","@id":"https:\/\/interamerica.org\/es\/#\/schema\/person\/29998f2bc2d8bd0d38662909289b54f1","name":"libna","image":{"@type":"ImageObject","inLanguage":"es","@id":"https:\/\/secure.gravatar.com\/avatar\/7c5bd30ae4b47a9ba3c856590957fd1d96dc588bf3ac05719d247e126840331f?s=96&d=mm&r=g","url":"https:\/\/secure.gravatar.com\/avatar\/7c5bd30ae4b47a9ba3c856590957fd1d96dc588bf3ac05719d247e126840331f?s=96&d=mm&r=g","contentUrl":"https:\/\/secure.gravatar.com\/avatar\/7c5bd30ae4b47a9ba3c856590957fd1d96dc588bf3ac05719d247e126840331f?s=96&d=mm&r=g","caption":"libna"}}]}},"_links":{"self":[{"href":"https:\/\/interamerica.org\/es\/wp-json\/wp\/v2\/posts\/81024","targetHints":{"allow":["GET"]}}],"collection":[{"href":"https:\/\/interamerica.org\/es\/wp-json\/wp\/v2\/posts"}],"about":[{"href":"https:\/\/interamerica.org\/es\/wp-json\/wp\/v2\/types\/post"}],"author":[{"embeddable":true,"href":"https:\/\/interamerica.org\/es\/wp-json\/wp\/v2\/users\/3"}],"replies":[{"embeddable":true,"href":"https:\/\/interamerica.org\/es\/wp-json\/wp\/v2\/comments?post=81024"}],"version-history":[{"count":0,"href":"https:\/\/interamerica.org\/es\/wp-json\/wp\/v2\/posts\/81024\/revisions"}],"wp:featuredmedia":[{"embeddable":true,"href":"https:\/\/interamerica.org\/es\/wp-json\/wp\/v2\/media\/81009"}],"wp:attachment":[{"href":"https:\/\/interamerica.org\/es\/wp-json\/wp\/v2\/media?parent=81024"}],"wp:term":[{"taxonomy":"category","embeddable":true,"href":"https:\/\/interamerica.org\/es\/wp-json\/wp\/v2\/categories?post=81024"},{"taxonomy":"post_tag","embeddable":true,"href":"https:\/\/interamerica.org\/es\/wp-json\/wp\/v2\/tags?post=81024"}],"curies":[{"name":"wp","href":"https:\/\/api.w.org\/{rel}","templated":true}]}}