{"id":81169,"date":"2022-02-03T23:58:07","date_gmt":"2022-02-04T03:58:07","guid":{"rendered":"https:\/\/recursing-golick.147-182-135-0.plesk.page\/?p=81169"},"modified":"2022-02-04T12:25:55","modified_gmt":"2022-02-04T16:25:55","slug":"en-el-norte-de-colombia-estudiantes-universitarios-se-comprometen-a-hacer-brillar-su-luz-en-planteles-publicos","status":"publish","type":"post","link":"https:\/\/interamerica.org\/es\/2022\/02\/en-el-norte-de-colombia-estudiantes-universitarios-se-comprometen-a-hacer-brillar-su-luz-en-planteles-publicos\/","title":{"rendered":"En el norte de Colombia, estudiantes universitarios se comprometen a \u201chacer brillar su luz\u201d en planteles p\u00fablicos"},"content":{"rendered":"<p>3 de febrero de 2022 | Santa Marta, Magdalena, Colombia | Daniela Arrieta, Gabriel Moreno y Noticias de la Divisi\u00f3n Interamericana<\/p>\n<p>Centenares de estudiantes adventistas del s\u00e9ptimo d\u00eda, inscritos en universidades p\u00fablicas en todo el norte de Colombia, se reunieron en un reciente Congreso de Ministerio en Campus P\u00fablicos (PCM), en Santa Marta, Magdalena, Colombia.\u00a0Debido a la pandemia actual, los estudiantes no se hab\u00edan podido reunir desde el \u00faltimo Congreso PCM en 2018.<\/p>\n<p>Durante el Congreso de ese a\u00f1o, celebrado en el Campamento La Floresta, m\u00e1s de 400 estudiantes y profesionales j\u00f3venes recibieron instrucciones, entrenamiento y fueron motivados y equipados a trav\u00e9s de seminarios, presentaciones y sesiones de adoraci\u00f3n y oraci\u00f3n.<\/p>\n<p><div id=\"attachment_81079\" style=\"width: 910px\" class=\"wp-caption aligncenter\"><img fetchpriority=\"high\" decoding=\"async\" aria-describedby=\"caption-attachment-81079\" class=\"size-full wp-image-81079\" src=\"https:\/\/recursing-golick.147-182-135-0.plesk.page\/wp-content\/uploads\/2022\/02\/nocu-pcm-candle-ceremony.jpg\" alt=\"\" width=\"900\" height=\"675\" srcset=\"https:\/\/interamerica.org\/wp-content\/uploads\/2022\/02\/nocu-pcm-candle-ceremony.jpg 900w, https:\/\/interamerica.org\/wp-content\/uploads\/2022\/02\/nocu-pcm-candle-ceremony-300x225.jpg 300w, https:\/\/interamerica.org\/wp-content\/uploads\/2022\/02\/nocu-pcm-candle-ceremony-768x576.jpg 768w\" sizes=\"(max-width: 900px) 100vw, 900px\" \/><p id=\"caption-attachment-81079\" class=\"wp-caption-text\">Un grupo de estudiantes universitarios encienden velas durante la ceremonia de consagraci\u00f3n en el Congreso de Ministerio en Campus P\u00fablicos celebrado en el Campamento Adventista La Floresta, en Santa Marta, Magdalena, norte de Colombia, el 12 de noviembre de 2021. M\u00e1s de 400 estudiantes se reunieron en grupos para orar y comprometerse a hacer brillar la luz del evangelio como embajadores en sus respectivos planteles, durante el evento de tres d\u00edas de duraci\u00f3n. [Imagen: Uni\u00f3n Norte de Colombia]<\/p><\/div>\u201cEstoy muy agradecido con Dios por la forma en que este ministerio PCM contin\u00faa siendo una bendici\u00f3n para tantos j\u00f3venes que est\u00e1n altamente comprometidos con Dios y su iglesia\u201d, dijo el pastor Mauricio Buitrago, director de ministerio en campus p\u00fablicos de la iglesia en el norte de Colombia. El congreso tiene el fin de proveer herramientas a trav\u00e9s de actividades espirituales, sicol\u00f3gicas y acad\u00e9micas, a fin de fortalecer su fe y ayudarlos a enfrentar muchos desaf\u00edos, dijo el director Buitrago.<\/p>\n<p>\u201cEs importante que desarrollen una relaci\u00f3n estrecha con Cristo y se mantengan fieles en medio de su ambiente para que puedan ser instrumentos de Dios ayudando a otros j\u00f3venes y sus profesores a saber acerca de Dios y de su plan de salvaci\u00f3n\u201d, dijo el director Buitrago. Parte del plan es que regresen a sus planteles educativos con mayor seguridad, confianza y diligencia al dar a conocer a otros el evangelio, a\u00f1adi\u00f3.<\/p>\n<p>Los estudiantes adventistas que son miembros de los 18 cap\u00edtulos PCM en universidades p\u00fablicas en el norte de Colombia, tuvieron la oportunidad de presentar informes y dar sus testimonios acerca de lo que Dios ha hecho en su vida, as\u00ed como de dar grandes pasos en relaci\u00f3n con la libertad de expresi\u00f3n religiosa.<\/p>\n<p><div id=\"attachment_81073\" style=\"width: 882px\" class=\"wp-caption aligncenter\"><img decoding=\"async\" aria-describedby=\"caption-attachment-81073\" class=\" wp-image-81073\" src=\"https:\/\/recursing-golick.147-182-135-0.plesk.page\/wp-content\/uploads\/2022\/02\/nocu-pcm-hiram-ruiz-students.jpg\" alt=\"\" width=\"872\" height=\"491\" srcset=\"https:\/\/interamerica.org\/wp-content\/uploads\/2022\/02\/nocu-pcm-hiram-ruiz-students.jpg 1000w, https:\/\/interamerica.org\/wp-content\/uploads\/2022\/02\/nocu-pcm-hiram-ruiz-students-300x169.jpg 300w, https:\/\/interamerica.org\/wp-content\/uploads\/2022\/02\/nocu-pcm-hiram-ruiz-students-768x432.jpg 768w\" sizes=\"(max-width: 872px) 100vw, 872px\" \/><p id=\"caption-attachment-81073\" class=\"wp-caption-text\">El pastor Hiram Ruiz, director PCM de la iglesia en Interam\u00e9rica, ora durante un servicio de adoraci\u00f3n, despu\u00e9s de desafiar a los estudiantes universitarios a representar un cambio positivo en sus planteles cada d\u00eda. [Imagen: Uni\u00f3n Norte de Colombia]<\/p><\/div>Laura Pardo, de 21 a\u00f1os, est\u00e1 estudiando leyes en la Universidad Pontificia Bolivariana, una universidad cat\u00f3lica en Medell\u00edn.\u00a0La estudiante Laura, quien cursa su cuarto a\u00f1o de estudios universitarios, dijo que muchos de sus compa\u00f1eros adventistas tienen que luchar con ideas e invitaciones a unirse a religiones que son contrarias a la Palabra de Dios.<\/p>\n<p>Dijo tambi\u00e9n que ella y tres compa\u00f1eros adventistas le sugirieron a la administraci\u00f3n de la universidad que celebrara un d\u00eda internacional de la mujer y otros eventos especiales durante los cuales se podr\u00edan ofrecer abrazos gratis y oraci\u00f3n a todos los estudiantes.<\/p>\n<p>\u201cPara nuestra sorpresa, los administradores respondieron que eso era exactamente lo que la universidad necesitaba, dijo la estudiante Pardo. Estuvieron de acuerdo en que los adventistas y otros estudiantes deb\u00edan trabajar juntos durante actividades espirituales, a\u00f1adi\u00f3.<\/p>\n<p><div id=\"attachment_81070\" style=\"width: 856px\" class=\"wp-caption aligncenter\"><img decoding=\"async\" aria-describedby=\"caption-attachment-81070\" class=\" wp-image-81070\" src=\"https:\/\/recursing-golick.147-182-135-0.plesk.page\/wp-content\/uploads\/2022\/02\/nocu-pcm-group-shot-3.jpg\" alt=\"\" width=\"846\" height=\"530\" srcset=\"https:\/\/interamerica.org\/wp-content\/uploads\/2022\/02\/nocu-pcm-group-shot-3.jpg 1000w, https:\/\/interamerica.org\/wp-content\/uploads\/2022\/02\/nocu-pcm-group-shot-3-300x188.jpg 300w, https:\/\/interamerica.org\/wp-content\/uploads\/2022\/02\/nocu-pcm-group-shot-3-768x482.jpg 768w\" sizes=\"(max-width: 846px) 100vw, 846px\" \/><p id=\"caption-attachment-81070\" class=\"wp-caption-text\">L\u00edderes de estudiantes adventistas universitarios posan para una fotograf\u00eda de grupo con directores de Divisi\u00f3n y Uni\u00f3n durante el evento. [Imagen: Uni\u00f3n Norte de Colombia]<\/p><\/div>\u201cAprendimos que si Dios pone delante de nosotros desaf\u00edos, \u00e9l abrir\u00e1 el camino y har\u00e1 a un lado las barreras que enfrentamos, a fin de que podamos llevar a cabo la misi\u00f3n\u201d, dijo la estudiante Pardo.<\/p>\n<p>El pastor Hiram Ruiz, director de ministerio en campus p\u00fablicos de la iglesia en Interam\u00e9rica, anim\u00f3 a los estudiantes universitarios a continuar siendo la generaci\u00f3n que represente el cambio para el tiempo actual.<\/p>\n<p>\u201cEstamos en medio de una sociedad que necesita saber qui\u00e9n es Dios\u201d, dijo el director Ruiz. Desafi\u00f3 a los estudiantes a escribir su historia, as\u00ed como lo hizo Daniel y a declarar que Dios est\u00e1 al control. \u201cDios da sabidur\u00eda y \u00e9l desea que representes un cambio positivo en tu universidad\u201d.<\/p>\n<div id=\"attachment_81076\" style=\"width: 868px\" class=\"wp-caption aligncenter\"><img loading=\"lazy\" decoding=\"async\" aria-describedby=\"caption-attachment-81076\" class=\" wp-image-81076\" src=\"https:\/\/recursing-golick.147-182-135-0.plesk.page\/wp-content\/uploads\/2022\/02\/nocu-pcm-congress-4.jpg\" alt=\"\" width=\"858\" height=\"643\" srcset=\"https:\/\/interamerica.org\/wp-content\/uploads\/2022\/02\/nocu-pcm-congress-4.jpg 900w, https:\/\/interamerica.org\/wp-content\/uploads\/2022\/02\/nocu-pcm-congress-4-300x225.jpg 300w, https:\/\/interamerica.org\/wp-content\/uploads\/2022\/02\/nocu-pcm-congress-4-768x576.jpg 768w\" sizes=\"(max-width: 858px) 100vw, 858px\" \/><p id=\"caption-attachment-81076\" class=\"wp-caption-text\">Un estudiante universitario relata lo que est\u00e1 haciendo su cap\u00edtulo y c\u00f3mo Dios lo ha usado en su plantel.<\/p><\/div>\n<p>Para enterarte m\u00e1s acerca de la Iglesia Adventista del S\u00e9ptimo D\u00eda en el norte de Colombia, sus iniciativas y actividades, visita <a href=\"about:blank\">unioncolombiana.org.co<\/a>.<\/p>\n","protected":false},"excerpt":{"rendered":"<p>3 de febrero de 2022 | Santa Marta, Magdalena, Colombia | Daniela Arrieta, Gabriel Moreno y Noticias de la Divisi\u00f3n Interamericana Centenares de estudiantes adventistas del s\u00e9ptimo d\u00eda, inscritos en&#8230;<\/p>\n","protected":false},"author":3,"featured_media":81079,"comment_status":"closed","ping_status":"closed","sticky":false,"template":"","format":"standard","meta":{"_acf_changed":false,"footnotes":""},"categories":[17,15],"tags":[],"class_list":["post-81169","post","type-post","status-publish","format-standard","has-post-thumbnail","hentry","category-desde-el-campo","category-rss-espanol"],"acf":[],"yoast_head":"<!-- This site is optimized with the Yoast SEO plugin v27.3 - https:\/\/yoast.com\/product\/yoast-seo-wordpress\/ -->\n<title>En el norte de Colombia, estudiantes universitarios se comprometen a \u201chacer brillar su luz\u201d en planteles p\u00fablicos - Iglesia Adventista del S\u00e9ptimo D\u00eda - Divisi\u00f3n Interamericana<\/title>\n<meta name=\"robots\" content=\"index, follow, max-snippet:-1, max-image-preview:large, max-video-preview:-1\" \/>\n<link rel=\"canonical\" href=\"https:\/\/interamerica.org\/es\/2022\/02\/en-el-norte-de-colombia-estudiantes-universitarios-se-comprometen-a-hacer-brillar-su-luz-en-planteles-publicos\/\" \/>\n<meta property=\"og:locale\" content=\"es_ES\" \/>\n<meta property=\"og:type\" content=\"article\" \/>\n<meta property=\"og:title\" content=\"En el norte de Colombia, estudiantes universitarios se comprometen a \u201chacer brillar su luz\u201d en planteles p\u00fablicos - Iglesia Adventista del S\u00e9ptimo D\u00eda - Divisi\u00f3n Interamericana\" \/>\n<meta property=\"og:description\" content=\"3 de febrero de 2022 | Santa Marta, Magdalena, Colombia | Daniela Arrieta, Gabriel Moreno y Noticias de la Divisi\u00f3n Interamericana Centenares de estudiantes adventistas del s\u00e9ptimo d\u00eda, inscritos en...\" \/>\n<meta property=\"og:url\" content=\"https:\/\/interamerica.org\/es\/2022\/02\/en-el-norte-de-colombia-estudiantes-universitarios-se-comprometen-a-hacer-brillar-su-luz-en-planteles-publicos\/\" \/>\n<meta property=\"og:site_name\" content=\"Iglesia Adventista del S\u00e9ptimo D\u00eda - Divisi\u00f3n Interamericana\" \/>\n<meta property=\"article:published_time\" content=\"2022-02-04T03:58:07+00:00\" \/>\n<meta property=\"article:modified_time\" content=\"2022-02-04T16:25:55+00:00\" \/>\n<meta property=\"og:image\" content=\"https:\/\/interamerica.org\/wp-content\/uploads\/2022\/02\/nocu-pcm-candle-ceremony.jpg\" \/>\n\t<meta property=\"og:image:width\" content=\"900\" \/>\n\t<meta property=\"og:image:height\" content=\"675\" \/>\n\t<meta property=\"og:image:type\" content=\"image\/jpeg\" \/>\n<meta name=\"author\" content=\"libna\" \/>\n<meta name=\"twitter:card\" content=\"summary_large_image\" \/>\n<meta name=\"twitter:label1\" content=\"Escrito por\" \/>\n\t<meta name=\"twitter:data1\" content=\"libna\" \/>\n\t<meta name=\"twitter:label2\" content=\"Tiempo de lectura\" \/>\n\t<meta name=\"twitter:data2\" content=\"5 minutos\" \/>\n<script type=\"application\/ld+json\" class=\"yoast-schema-graph\">{\"@context\":\"https:\\\/\\\/schema.org\",\"@graph\":[{\"@type\":\"Article\",\"@id\":\"https:\\\/\\\/interamerica.org\\\/es\\\/2022\\\/02\\\/en-el-norte-de-colombia-estudiantes-universitarios-se-comprometen-a-hacer-brillar-su-luz-en-planteles-publicos\\\/#article\",\"isPartOf\":{\"@id\":\"https:\\\/\\\/interamerica.org\\\/es\\\/2022\\\/02\\\/en-el-norte-de-colombia-estudiantes-universitarios-se-comprometen-a-hacer-brillar-su-luz-en-planteles-publicos\\\/\"},\"author\":{\"name\":\"libna\",\"@id\":\"https:\\\/\\\/interamerica.org\\\/es\\\/#\\\/schema\\\/person\\\/29998f2bc2d8bd0d38662909289b54f1\"},\"headline\":\"En el norte de Colombia, estudiantes universitarios se comprometen a \u201chacer brillar su luz\u201d en planteles p\u00fablicos\",\"datePublished\":\"2022-02-04T03:58:07+00:00\",\"dateModified\":\"2022-02-04T16:25:55+00:00\",\"mainEntityOfPage\":{\"@id\":\"https:\\\/\\\/interamerica.org\\\/es\\\/2022\\\/02\\\/en-el-norte-de-colombia-estudiantes-universitarios-se-comprometen-a-hacer-brillar-su-luz-en-planteles-publicos\\\/\"},\"wordCount\":860,\"image\":{\"@id\":\"https:\\\/\\\/interamerica.org\\\/es\\\/2022\\\/02\\\/en-el-norte-de-colombia-estudiantes-universitarios-se-comprometen-a-hacer-brillar-su-luz-en-planteles-publicos\\\/#primaryimage\"},\"thumbnailUrl\":\"https:\\\/\\\/interamerica.org\\\/wp-content\\\/uploads\\\/2022\\\/02\\\/nocu-pcm-candle-ceremony.jpg\",\"articleSection\":[\"Desde el campo\",\"RSS Espa\u00f1ol\"],\"inLanguage\":\"es\"},{\"@type\":\"WebPage\",\"@id\":\"https:\\\/\\\/interamerica.org\\\/es\\\/2022\\\/02\\\/en-el-norte-de-colombia-estudiantes-universitarios-se-comprometen-a-hacer-brillar-su-luz-en-planteles-publicos\\\/\",\"url\":\"https:\\\/\\\/interamerica.org\\\/es\\\/2022\\\/02\\\/en-el-norte-de-colombia-estudiantes-universitarios-se-comprometen-a-hacer-brillar-su-luz-en-planteles-publicos\\\/\",\"name\":\"En el norte de Colombia, estudiantes universitarios se comprometen a \u201chacer brillar su luz\u201d en planteles p\u00fablicos - Iglesia Adventista del S\u00e9ptimo D\u00eda - Divisi\u00f3n Interamericana\",\"isPartOf\":{\"@id\":\"https:\\\/\\\/interamerica.org\\\/es\\\/#website\"},\"primaryImageOfPage\":{\"@id\":\"https:\\\/\\\/interamerica.org\\\/es\\\/2022\\\/02\\\/en-el-norte-de-colombia-estudiantes-universitarios-se-comprometen-a-hacer-brillar-su-luz-en-planteles-publicos\\\/#primaryimage\"},\"image\":{\"@id\":\"https:\\\/\\\/interamerica.org\\\/es\\\/2022\\\/02\\\/en-el-norte-de-colombia-estudiantes-universitarios-se-comprometen-a-hacer-brillar-su-luz-en-planteles-publicos\\\/#primaryimage\"},\"thumbnailUrl\":\"https:\\\/\\\/interamerica.org\\\/wp-content\\\/uploads\\\/2022\\\/02\\\/nocu-pcm-candle-ceremony.jpg\",\"datePublished\":\"2022-02-04T03:58:07+00:00\",\"dateModified\":\"2022-02-04T16:25:55+00:00\",\"author\":{\"@id\":\"https:\\\/\\\/interamerica.org\\\/es\\\/#\\\/schema\\\/person\\\/29998f2bc2d8bd0d38662909289b54f1\"},\"breadcrumb\":{\"@id\":\"https:\\\/\\\/interamerica.org\\\/es\\\/2022\\\/02\\\/en-el-norte-de-colombia-estudiantes-universitarios-se-comprometen-a-hacer-brillar-su-luz-en-planteles-publicos\\\/#breadcrumb\"},\"inLanguage\":\"es\",\"potentialAction\":[{\"@type\":\"ReadAction\",\"target\":[\"https:\\\/\\\/interamerica.org\\\/es\\\/2022\\\/02\\\/en-el-norte-de-colombia-estudiantes-universitarios-se-comprometen-a-hacer-brillar-su-luz-en-planteles-publicos\\\/\"]}]},{\"@type\":\"ImageObject\",\"inLanguage\":\"es\",\"@id\":\"https:\\\/\\\/interamerica.org\\\/es\\\/2022\\\/02\\\/en-el-norte-de-colombia-estudiantes-universitarios-se-comprometen-a-hacer-brillar-su-luz-en-planteles-publicos\\\/#primaryimage\",\"url\":\"https:\\\/\\\/interamerica.org\\\/wp-content\\\/uploads\\\/2022\\\/02\\\/nocu-pcm-candle-ceremony.jpg\",\"contentUrl\":\"https:\\\/\\\/interamerica.org\\\/wp-content\\\/uploads\\\/2022\\\/02\\\/nocu-pcm-candle-ceremony.jpg\",\"width\":900,\"height\":675,\"caption\":\"[Photo: North Colombia Union]\"},{\"@type\":\"BreadcrumbList\",\"@id\":\"https:\\\/\\\/interamerica.org\\\/es\\\/2022\\\/02\\\/en-el-norte-de-colombia-estudiantes-universitarios-se-comprometen-a-hacer-brillar-su-luz-en-planteles-publicos\\\/#breadcrumb\",\"itemListElement\":[{\"@type\":\"ListItem\",\"position\":1,\"name\":\"Home\",\"item\":\"https:\\\/\\\/interamerica.org\\\/es\\\/\"},{\"@type\":\"ListItem\",\"position\":2,\"name\":\"En el norte de Colombia, estudiantes universitarios se comprometen a \u201chacer brillar su luz\u201d en planteles p\u00fablicos\"}]},{\"@type\":\"WebSite\",\"@id\":\"https:\\\/\\\/interamerica.org\\\/es\\\/#website\",\"url\":\"https:\\\/\\\/interamerica.org\\\/es\\\/\",\"name\":\"Iglesia Adventista del S\u00e9ptimo D\u00eda - Divisi\u00f3n Interamericana\",\"description\":\"\",\"potentialAction\":[{\"@type\":\"SearchAction\",\"target\":{\"@type\":\"EntryPoint\",\"urlTemplate\":\"https:\\\/\\\/interamerica.org\\\/es\\\/?s={search_term_string}\"},\"query-input\":{\"@type\":\"PropertyValueSpecification\",\"valueRequired\":true,\"valueName\":\"search_term_string\"}}],\"inLanguage\":\"es\"},{\"@type\":\"Person\",\"@id\":\"https:\\\/\\\/interamerica.org\\\/es\\\/#\\\/schema\\\/person\\\/29998f2bc2d8bd0d38662909289b54f1\",\"name\":\"libna\",\"image\":{\"@type\":\"ImageObject\",\"inLanguage\":\"es\",\"@id\":\"https:\\\/\\\/secure.gravatar.com\\\/avatar\\\/7c5bd30ae4b47a9ba3c856590957fd1d96dc588bf3ac05719d247e126840331f?s=96&d=mm&r=g\",\"url\":\"https:\\\/\\\/secure.gravatar.com\\\/avatar\\\/7c5bd30ae4b47a9ba3c856590957fd1d96dc588bf3ac05719d247e126840331f?s=96&d=mm&r=g\",\"contentUrl\":\"https:\\\/\\\/secure.gravatar.com\\\/avatar\\\/7c5bd30ae4b47a9ba3c856590957fd1d96dc588bf3ac05719d247e126840331f?s=96&d=mm&r=g\",\"caption\":\"libna\"}}]}<\/script>\n<!-- \/ Yoast SEO plugin. -->","yoast_head_json":{"title":"En el norte de Colombia, estudiantes universitarios se comprometen a \u201chacer brillar su luz\u201d en planteles p\u00fablicos - Iglesia Adventista del S\u00e9ptimo D\u00eda - Divisi\u00f3n Interamericana","robots":{"index":"index","follow":"follow","max-snippet":"max-snippet:-1","max-image-preview":"max-image-preview:large","max-video-preview":"max-video-preview:-1"},"canonical":"https:\/\/interamerica.org\/es\/2022\/02\/en-el-norte-de-colombia-estudiantes-universitarios-se-comprometen-a-hacer-brillar-su-luz-en-planteles-publicos\/","og_locale":"es_ES","og_type":"article","og_title":"En el norte de Colombia, estudiantes universitarios se comprometen a \u201chacer brillar su luz\u201d en planteles p\u00fablicos - Iglesia Adventista del S\u00e9ptimo D\u00eda - Divisi\u00f3n Interamericana","og_description":"3 de febrero de 2022 | Santa Marta, Magdalena, Colombia | Daniela Arrieta, Gabriel Moreno y Noticias de la Divisi\u00f3n Interamericana Centenares de estudiantes adventistas del s\u00e9ptimo d\u00eda, inscritos en...","og_url":"https:\/\/interamerica.org\/es\/2022\/02\/en-el-norte-de-colombia-estudiantes-universitarios-se-comprometen-a-hacer-brillar-su-luz-en-planteles-publicos\/","og_site_name":"Iglesia Adventista del S\u00e9ptimo D\u00eda - Divisi\u00f3n Interamericana","article_published_time":"2022-02-04T03:58:07+00:00","article_modified_time":"2022-02-04T16:25:55+00:00","og_image":[{"width":900,"height":675,"url":"https:\/\/interamerica.org\/wp-content\/uploads\/2022\/02\/nocu-pcm-candle-ceremony.jpg","type":"image\/jpeg"}],"author":"libna","twitter_card":"summary_large_image","twitter_misc":{"Escrito por":"libna","Tiempo de lectura":"5 minutos"},"schema":{"@context":"https:\/\/schema.org","@graph":[{"@type":"Article","@id":"https:\/\/interamerica.org\/es\/2022\/02\/en-el-norte-de-colombia-estudiantes-universitarios-se-comprometen-a-hacer-brillar-su-luz-en-planteles-publicos\/#article","isPartOf":{"@id":"https:\/\/interamerica.org\/es\/2022\/02\/en-el-norte-de-colombia-estudiantes-universitarios-se-comprometen-a-hacer-brillar-su-luz-en-planteles-publicos\/"},"author":{"name":"libna","@id":"https:\/\/interamerica.org\/es\/#\/schema\/person\/29998f2bc2d8bd0d38662909289b54f1"},"headline":"En el norte de Colombia, estudiantes universitarios se comprometen a \u201chacer brillar su luz\u201d en planteles p\u00fablicos","datePublished":"2022-02-04T03:58:07+00:00","dateModified":"2022-02-04T16:25:55+00:00","mainEntityOfPage":{"@id":"https:\/\/interamerica.org\/es\/2022\/02\/en-el-norte-de-colombia-estudiantes-universitarios-se-comprometen-a-hacer-brillar-su-luz-en-planteles-publicos\/"},"wordCount":860,"image":{"@id":"https:\/\/interamerica.org\/es\/2022\/02\/en-el-norte-de-colombia-estudiantes-universitarios-se-comprometen-a-hacer-brillar-su-luz-en-planteles-publicos\/#primaryimage"},"thumbnailUrl":"https:\/\/interamerica.org\/wp-content\/uploads\/2022\/02\/nocu-pcm-candle-ceremony.jpg","articleSection":["Desde el campo","RSS Espa\u00f1ol"],"inLanguage":"es"},{"@type":"WebPage","@id":"https:\/\/interamerica.org\/es\/2022\/02\/en-el-norte-de-colombia-estudiantes-universitarios-se-comprometen-a-hacer-brillar-su-luz-en-planteles-publicos\/","url":"https:\/\/interamerica.org\/es\/2022\/02\/en-el-norte-de-colombia-estudiantes-universitarios-se-comprometen-a-hacer-brillar-su-luz-en-planteles-publicos\/","name":"En el norte de Colombia, estudiantes universitarios se comprometen a \u201chacer brillar su luz\u201d en planteles p\u00fablicos - Iglesia Adventista del S\u00e9ptimo D\u00eda - Divisi\u00f3n Interamericana","isPartOf":{"@id":"https:\/\/interamerica.org\/es\/#website"},"primaryImageOfPage":{"@id":"https:\/\/interamerica.org\/es\/2022\/02\/en-el-norte-de-colombia-estudiantes-universitarios-se-comprometen-a-hacer-brillar-su-luz-en-planteles-publicos\/#primaryimage"},"image":{"@id":"https:\/\/interamerica.org\/es\/2022\/02\/en-el-norte-de-colombia-estudiantes-universitarios-se-comprometen-a-hacer-brillar-su-luz-en-planteles-publicos\/#primaryimage"},"thumbnailUrl":"https:\/\/interamerica.org\/wp-content\/uploads\/2022\/02\/nocu-pcm-candle-ceremony.jpg","datePublished":"2022-02-04T03:58:07+00:00","dateModified":"2022-02-04T16:25:55+00:00","author":{"@id":"https:\/\/interamerica.org\/es\/#\/schema\/person\/29998f2bc2d8bd0d38662909289b54f1"},"breadcrumb":{"@id":"https:\/\/interamerica.org\/es\/2022\/02\/en-el-norte-de-colombia-estudiantes-universitarios-se-comprometen-a-hacer-brillar-su-luz-en-planteles-publicos\/#breadcrumb"},"inLanguage":"es","potentialAction":[{"@type":"ReadAction","target":["https:\/\/interamerica.org\/es\/2022\/02\/en-el-norte-de-colombia-estudiantes-universitarios-se-comprometen-a-hacer-brillar-su-luz-en-planteles-publicos\/"]}]},{"@type":"ImageObject","inLanguage":"es","@id":"https:\/\/interamerica.org\/es\/2022\/02\/en-el-norte-de-colombia-estudiantes-universitarios-se-comprometen-a-hacer-brillar-su-luz-en-planteles-publicos\/#primaryimage","url":"https:\/\/interamerica.org\/wp-content\/uploads\/2022\/02\/nocu-pcm-candle-ceremony.jpg","contentUrl":"https:\/\/interamerica.org\/wp-content\/uploads\/2022\/02\/nocu-pcm-candle-ceremony.jpg","width":900,"height":675,"caption":"[Photo: North Colombia Union]"},{"@type":"BreadcrumbList","@id":"https:\/\/interamerica.org\/es\/2022\/02\/en-el-norte-de-colombia-estudiantes-universitarios-se-comprometen-a-hacer-brillar-su-luz-en-planteles-publicos\/#breadcrumb","itemListElement":[{"@type":"ListItem","position":1,"name":"Home","item":"https:\/\/interamerica.org\/es\/"},{"@type":"ListItem","position":2,"name":"En el norte de Colombia, estudiantes universitarios se comprometen a \u201chacer brillar su luz\u201d en planteles p\u00fablicos"}]},{"@type":"WebSite","@id":"https:\/\/interamerica.org\/es\/#website","url":"https:\/\/interamerica.org\/es\/","name":"Iglesia Adventista del S\u00e9ptimo D\u00eda - Divisi\u00f3n Interamericana","description":"","potentialAction":[{"@type":"SearchAction","target":{"@type":"EntryPoint","urlTemplate":"https:\/\/interamerica.org\/es\/?s={search_term_string}"},"query-input":{"@type":"PropertyValueSpecification","valueRequired":true,"valueName":"search_term_string"}}],"inLanguage":"es"},{"@type":"Person","@id":"https:\/\/interamerica.org\/es\/#\/schema\/person\/29998f2bc2d8bd0d38662909289b54f1","name":"libna","image":{"@type":"ImageObject","inLanguage":"es","@id":"https:\/\/secure.gravatar.com\/avatar\/7c5bd30ae4b47a9ba3c856590957fd1d96dc588bf3ac05719d247e126840331f?s=96&d=mm&r=g","url":"https:\/\/secure.gravatar.com\/avatar\/7c5bd30ae4b47a9ba3c856590957fd1d96dc588bf3ac05719d247e126840331f?s=96&d=mm&r=g","contentUrl":"https:\/\/secure.gravatar.com\/avatar\/7c5bd30ae4b47a9ba3c856590957fd1d96dc588bf3ac05719d247e126840331f?s=96&d=mm&r=g","caption":"libna"}}]}},"_links":{"self":[{"href":"https:\/\/interamerica.org\/es\/wp-json\/wp\/v2\/posts\/81169","targetHints":{"allow":["GET"]}}],"collection":[{"href":"https:\/\/interamerica.org\/es\/wp-json\/wp\/v2\/posts"}],"about":[{"href":"https:\/\/interamerica.org\/es\/wp-json\/wp\/v2\/types\/post"}],"author":[{"embeddable":true,"href":"https:\/\/interamerica.org\/es\/wp-json\/wp\/v2\/users\/3"}],"replies":[{"embeddable":true,"href":"https:\/\/interamerica.org\/es\/wp-json\/wp\/v2\/comments?post=81169"}],"version-history":[{"count":0,"href":"https:\/\/interamerica.org\/es\/wp-json\/wp\/v2\/posts\/81169\/revisions"}],"wp:featuredmedia":[{"embeddable":true,"href":"https:\/\/interamerica.org\/es\/wp-json\/wp\/v2\/media\/81079"}],"wp:attachment":[{"href":"https:\/\/interamerica.org\/es\/wp-json\/wp\/v2\/media?parent=81169"}],"wp:term":[{"taxonomy":"category","embeddable":true,"href":"https:\/\/interamerica.org\/es\/wp-json\/wp\/v2\/categories?post=81169"},{"taxonomy":"post_tag","embeddable":true,"href":"https:\/\/interamerica.org\/es\/wp-json\/wp\/v2\/tags?post=81169"}],"curies":[{"name":"wp","href":"https:\/\/api.w.org\/{rel}","templated":true}]}}