{"id":81329,"date":"2022-02-07T12:47:25","date_gmt":"2022-02-07T16:47:25","guid":{"rendered":"https:\/\/recursing-golick.147-182-135-0.plesk.page\/?p=81329"},"modified":"2022-02-09T14:06:58","modified_gmt":"2022-02-09T18:06:58","slug":"adventistas-filipinos-apoyan-distribucion-de-alimentos-entre-familias-desplazadas","status":"publish","type":"post","link":"https:\/\/interamerica.org\/es\/2022\/02\/adventistas-filipinos-apoyan-distribucion-de-alimentos-entre-familias-desplazadas\/","title":{"rendered":"Adventistas filipinos apoyan distribuci\u00f3n de alimentos entre familias desplazadas"},"content":{"rendered":"<p>Miembros de iglesia de la regi\u00f3n central se movilizan para ayudar a residentes de Cebu City.<\/p>\n<p>7 de febrero de 2022 | Filipinas | Nadeth Quinto, Uni\u00f3n Asociaci\u00f3n Central de Filipinas y Divisi\u00f3n Asia-Pac\u00edfico Sur.<\/p>\n<p>Varias semanas despu\u00e9s de que el tif\u00f3n Rai devastara las principales ciudades en las partes central y sur de Filipinas, la Iglesia Adventista del S\u00e9ptimo D\u00eda, a trav\u00e9s de varias organizaciones en todo el pa\u00eds, contin\u00faa brindando asistencia a familias grandemente afectadas por tal calamidad.<\/p>\n<p>Miles de familias recibieron paquetes de alimentos el 31 de enero de 2022, en el gimnasio de la Academia Adventista Cebu, proveyendo con ello lo suficiente para sostener a los evacuados por varios d\u00edas.<\/p>\n<p>Esta iniciativa pudo hacerse posible a trav\u00e9s del liderazgo de la Asociaci\u00f3n Central Visayan (CVC), en coordinaci\u00f3n con los pastores de distrito y los Servicios Adventistas a la Comunidad (ACS) encabezados por el coordinador de CVC ACS, \u00a0Donato P. Barcenas y James B. Rubrico Sr., el coordinador ACS de la Uni\u00f3n Asociaci\u00f3n Central de Filipinas (CPUC).<\/p>\n<p>\u00abLos paquetes de alimentos incluyen cinco kilos de arroz, cinco paquetes de tallarines, cinco latas de sardinas, un paquete de tallarines locales y una barra de pan de canela\u201d, dijo el coordinador Barcenas.<\/p>\n<p><div id=\"attachment_81194\" style=\"width: 831px\" class=\"wp-caption aligncenter\"><img fetchpriority=\"high\" decoding=\"async\" aria-describedby=\"caption-attachment-81194\" class=\" wp-image-81194\" src=\"https:\/\/recursing-golick.147-182-135-0.plesk.page\/wp-content\/uploads\/2022\/02\/adra-philippines2-1024x683.jpg\" alt=\"\" width=\"821\" height=\"548\" srcset=\"https:\/\/interamerica.org\/wp-content\/uploads\/2022\/02\/adra-philippines2-1024x683.jpg 1024w, https:\/\/interamerica.org\/wp-content\/uploads\/2022\/02\/adra-philippines2-300x200.jpg 300w, https:\/\/interamerica.org\/wp-content\/uploads\/2022\/02\/adra-philippines2-768x512.jpg 768w, https:\/\/interamerica.org\/wp-content\/uploads\/2022\/02\/adra-philippines2-1536x1024.jpg 1536w, https:\/\/interamerica.org\/wp-content\/uploads\/2022\/02\/adra-philippines2.jpg 2048w\" sizes=\"(max-width: 821px) 100vw, 821px\" \/><p id=\"caption-attachment-81194\" class=\"wp-caption-text\">Miles de familias recibieron paquetes de alimentos el 31 de enero de 2022, en el gimnasio de la Academia Adventista Cebu gymnasium, proveyendo suficiente para sustentara los evacuados por varios d\u00edas. [Imagen: cortes\u00eda del departamento de Comunicaci\u00f3n de CPUC]<\/p><\/div>\u201cLa recuperaci\u00f3n tras esta calamidad es todo un desaf\u00edo, pero nosotros continuamos orando y encontrando formas en las que podamos ser de ayuda a esas familias en su jornada hacia la recuperaci\u00f3n\u201d, a\u00f1adi\u00f3.<\/p>\n<p>Los dirigentes de la Divisi\u00f3n Asia-Pac\u00edfico Sur (SSD) y de CPUC, tambi\u00e9n estuvieron presentes y participaron en la distribuci\u00f3n.<\/p>\n<p>Eliezer T. Barlizo Jr., presidente de la Iglesia Adventista en la regi\u00f3n central de Filipinas, agradeci\u00f3 a los l\u00edderes de la divisi\u00f3n por su presencia, su amor y su apoyo. Elogi\u00f3 tambi\u00e9n a la administraci\u00f3n, directores y pastores de distrito de la CVC por su iniciativa y esfuerzo unificado.<\/p>\n<p>Charles L. Nogra, presidente de CVC, expres\u00f3 tambi\u00e9n su gratitud a Dios por la oportunidad de poder compartir las bendiciones de Dios, juntamente con los dirigentes tan apoyadores de SSD, CPUC y CVC.<\/p>\n<p>\u201cAquellos que est\u00e1n dispuestos a extender su ayuda, favor de ponerse en contacto con nuestros dirigentes de la misi\u00f3n local y uni\u00f3n para prestar su ayuda en favor de nuestros hermanos que est\u00e1n en necesidad\u201d, dijo el presidente Nogra. \u201cCebu City y Bohol sufrieron mucho a causa del tif\u00f3n Odette [Tif\u00f3n Rai]. En un informe, nos enteramos de que en cuatro distritos en Bohol, un 90 por ciento de nuestros hermanos, est\u00e1n sin casa. Todav\u00eda no hay servicio el\u00e9ctrico en la provincia. As\u00ed que continuemos ayudando y orando por ellos\u201d.<\/p>\n<p>El presidente de SSD, Saw Samuel expres\u00f3 tambi\u00e9n su gratitud a Dios porque no hubo p\u00e9rdidas de vidas humanas y por el esp\u00edritu de resiliencia observado entre los miembros de la iglesia.<\/p>\n<p>\u201cDoy gracias a Dios por esta oportunidad de estar con nuestros dirigentes de la uni\u00f3n y asociaci\u00f3n; de sentarnos juntos y combinar nuestros esfuerzos en la reconstrucci\u00f3n de nuestras iglesias y de nuestras instituciones, a fin de que posamos seguir llevando adelante la misi\u00f3n que Dios nos ha confiado de avanzar\u201d, dijo el presidente Samuel. \u201cContinuemos haciendo nuestras las bendiciones y la orientaci\u00f3n de nuestro fiel y poderoso Dios. Juntos, vamos a reconstruir esta ciudad. Juntos, vamos a reconstruir nuestra iglesia. Juntos, continuaremos llevando adelante la obra que se nos ha encomendado en la regi\u00f3n central de Filipinas; y juntos, apresuraremos la venida de nuestro Se\u00f1or. Que Dios los bendiga\u201d.<\/p>\n<p>Los recipientes de la ayuda se mostraron felices y expresaron su gratitud a Dios por su fidelidad en medio de las pruebas que est\u00e1n enfrentando.<\/p>\n<p>\u00abEsta distribuci\u00f3n de alimentos nos ayuda mucho a nuestra familia, porque ahora podemos tener alimentos para nuestra cena. Por ello damos gracias a Dios por su Providencia\u201d, dijo Liezelda Valiente, despu\u00e9s de recibir el paquete de alimentos.<\/p>\n<p>Otra persona que recibi\u00f3 la ayuda, de nombre Elaine Panoncia, de Talisay City, dijo que no esperaba recibir el paquete de alimentos, pero que Dios prove\u00eda misericordiosamente para satisfacer sus necesidades. \u201cEstoy muy agradecida a Dios por las bendiciones. Muchas, muchas gracias a todos los patrocinadores y organizadores\u201d, dijo.<\/p>\n<p><em>La <\/em><a href=\"http:\/\/adventist.asia\/news\/adventist-church-in-central-philippines-facilitates-food-distribution-to-displaced-families-in-cebu\/\"><em>versi\u00f3n original <\/em><\/a>\u00a0<em>de esta historia se public\u00f3 en el <\/em><a href=\"http:\/\/adventist.asia\/news\/\"><em>sitio de noticias<\/em><\/a> <em>de la Divisi\u00f3n Asia-Pac\u00edfico Sur.<\/em><\/p>\n<p>Traducci\u00f3n \u2013 Gloria A. Castrej\u00f3n<\/p>\n<p>&nbsp;<\/p>\n","protected":false},"excerpt":{"rendered":"<p>Miembros de iglesia de la regi\u00f3n central se movilizan para ayudar a residentes de Cebu City. 7 de febrero de 2022 | Filipinas | Nadeth Quinto, Uni\u00f3n Asociaci\u00f3n Central de&#8230;<\/p>\n","protected":false},"author":3,"featured_media":81200,"comment_status":"closed","ping_status":"closed","sticky":false,"template":"","format":"standard","meta":{"_acf_changed":false,"footnotes":""},"categories":[14,15],"tags":[],"class_list":["post-81329","post","type-post","status-publish","format-standard","has-post-thumbnail","hentry","category-de-la-iglesia-mundial","category-rss-espanol"],"acf":[],"yoast_head":"<!-- This site is optimized with the Yoast SEO plugin v27.3 - https:\/\/yoast.com\/product\/yoast-seo-wordpress\/ -->\n<title>Adventistas filipinos apoyan distribuci\u00f3n de alimentos entre familias desplazadas - Iglesia Adventista del S\u00e9ptimo D\u00eda - Divisi\u00f3n Interamericana<\/title>\n<meta name=\"robots\" content=\"index, follow, max-snippet:-1, max-image-preview:large, max-video-preview:-1\" \/>\n<link rel=\"canonical\" href=\"https:\/\/interamerica.org\/es\/2022\/02\/adventistas-filipinos-apoyan-distribucion-de-alimentos-entre-familias-desplazadas\/\" \/>\n<meta property=\"og:locale\" content=\"es_ES\" \/>\n<meta property=\"og:type\" content=\"article\" \/>\n<meta property=\"og:title\" content=\"Adventistas filipinos apoyan distribuci\u00f3n de alimentos entre familias desplazadas - Iglesia Adventista del S\u00e9ptimo D\u00eda - Divisi\u00f3n Interamericana\" \/>\n<meta property=\"og:description\" content=\"Miembros de iglesia de la regi\u00f3n central se movilizan para ayudar a residentes de Cebu City. 7 de febrero de 2022 | Filipinas | Nadeth Quinto, Uni\u00f3n Asociaci\u00f3n Central de...\" \/>\n<meta property=\"og:url\" content=\"https:\/\/interamerica.org\/es\/2022\/02\/adventistas-filipinos-apoyan-distribucion-de-alimentos-entre-familias-desplazadas\/\" \/>\n<meta property=\"og:site_name\" content=\"Iglesia Adventista del S\u00e9ptimo D\u00eda - Divisi\u00f3n Interamericana\" \/>\n<meta property=\"article:published_time\" content=\"2022-02-07T16:47:25+00:00\" \/>\n<meta property=\"article:modified_time\" content=\"2022-02-09T18:06:58+00:00\" \/>\n<meta property=\"og:image\" content=\"https:\/\/interamerica.org\/wp-content\/uploads\/2022\/02\/philippines-adventists-support-food-distribution-to-displaced-families1.jpeg\" \/>\n\t<meta property=\"og:image:width\" content=\"1000\" \/>\n\t<meta property=\"og:image:height\" content=\"500\" \/>\n\t<meta property=\"og:image:type\" content=\"image\/jpeg\" \/>\n<meta name=\"author\" content=\"libna\" \/>\n<meta name=\"twitter:card\" content=\"summary_large_image\" \/>\n<meta name=\"twitter:label1\" content=\"Escrito por\" \/>\n\t<meta name=\"twitter:data1\" content=\"libna\" \/>\n\t<meta name=\"twitter:label2\" content=\"Tiempo de lectura\" \/>\n\t<meta name=\"twitter:data2\" content=\"4 minutos\" \/>\n<script type=\"application\/ld+json\" class=\"yoast-schema-graph\">{\"@context\":\"https:\\\/\\\/schema.org\",\"@graph\":[{\"@type\":\"Article\",\"@id\":\"https:\\\/\\\/interamerica.org\\\/es\\\/2022\\\/02\\\/adventistas-filipinos-apoyan-distribucion-de-alimentos-entre-familias-desplazadas\\\/#article\",\"isPartOf\":{\"@id\":\"https:\\\/\\\/interamerica.org\\\/es\\\/2022\\\/02\\\/adventistas-filipinos-apoyan-distribucion-de-alimentos-entre-familias-desplazadas\\\/\"},\"author\":{\"name\":\"libna\",\"@id\":\"https:\\\/\\\/interamerica.org\\\/es\\\/#\\\/schema\\\/person\\\/29998f2bc2d8bd0d38662909289b54f1\"},\"headline\":\"Adventistas filipinos apoyan distribuci\u00f3n de alimentos entre familias desplazadas\",\"datePublished\":\"2022-02-07T16:47:25+00:00\",\"dateModified\":\"2022-02-09T18:06:58+00:00\",\"mainEntityOfPage\":{\"@id\":\"https:\\\/\\\/interamerica.org\\\/es\\\/2022\\\/02\\\/adventistas-filipinos-apoyan-distribucion-de-alimentos-entre-familias-desplazadas\\\/\"},\"wordCount\":813,\"image\":{\"@id\":\"https:\\\/\\\/interamerica.org\\\/es\\\/2022\\\/02\\\/adventistas-filipinos-apoyan-distribucion-de-alimentos-entre-familias-desplazadas\\\/#primaryimage\"},\"thumbnailUrl\":\"https:\\\/\\\/interamerica.org\\\/wp-content\\\/uploads\\\/2022\\\/02\\\/philippines-adventists-support-food-distribution-to-displaced-families1.jpeg\",\"articleSection\":[\"Desde la iglesia mundial\",\"RSS Espa\u00f1ol\"],\"inLanguage\":\"es\"},{\"@type\":\"WebPage\",\"@id\":\"https:\\\/\\\/interamerica.org\\\/es\\\/2022\\\/02\\\/adventistas-filipinos-apoyan-distribucion-de-alimentos-entre-familias-desplazadas\\\/\",\"url\":\"https:\\\/\\\/interamerica.org\\\/es\\\/2022\\\/02\\\/adventistas-filipinos-apoyan-distribucion-de-alimentos-entre-familias-desplazadas\\\/\",\"name\":\"Adventistas filipinos apoyan distribuci\u00f3n de alimentos entre familias desplazadas - Iglesia Adventista del S\u00e9ptimo D\u00eda - Divisi\u00f3n Interamericana\",\"isPartOf\":{\"@id\":\"https:\\\/\\\/interamerica.org\\\/es\\\/#website\"},\"primaryImageOfPage\":{\"@id\":\"https:\\\/\\\/interamerica.org\\\/es\\\/2022\\\/02\\\/adventistas-filipinos-apoyan-distribucion-de-alimentos-entre-familias-desplazadas\\\/#primaryimage\"},\"image\":{\"@id\":\"https:\\\/\\\/interamerica.org\\\/es\\\/2022\\\/02\\\/adventistas-filipinos-apoyan-distribucion-de-alimentos-entre-familias-desplazadas\\\/#primaryimage\"},\"thumbnailUrl\":\"https:\\\/\\\/interamerica.org\\\/wp-content\\\/uploads\\\/2022\\\/02\\\/philippines-adventists-support-food-distribution-to-displaced-families1.jpeg\",\"datePublished\":\"2022-02-07T16:47:25+00:00\",\"dateModified\":\"2022-02-09T18:06:58+00:00\",\"author\":{\"@id\":\"https:\\\/\\\/interamerica.org\\\/es\\\/#\\\/schema\\\/person\\\/29998f2bc2d8bd0d38662909289b54f1\"},\"breadcrumb\":{\"@id\":\"https:\\\/\\\/interamerica.org\\\/es\\\/2022\\\/02\\\/adventistas-filipinos-apoyan-distribucion-de-alimentos-entre-familias-desplazadas\\\/#breadcrumb\"},\"inLanguage\":\"es\",\"potentialAction\":[{\"@type\":\"ReadAction\",\"target\":[\"https:\\\/\\\/interamerica.org\\\/es\\\/2022\\\/02\\\/adventistas-filipinos-apoyan-distribucion-de-alimentos-entre-familias-desplazadas\\\/\"]}]},{\"@type\":\"ImageObject\",\"inLanguage\":\"es\",\"@id\":\"https:\\\/\\\/interamerica.org\\\/es\\\/2022\\\/02\\\/adventistas-filipinos-apoyan-distribucion-de-alimentos-entre-familias-desplazadas\\\/#primaryimage\",\"url\":\"https:\\\/\\\/interamerica.org\\\/wp-content\\\/uploads\\\/2022\\\/02\\\/philippines-adventists-support-food-distribution-to-displaced-families1.jpeg\",\"contentUrl\":\"https:\\\/\\\/interamerica.org\\\/wp-content\\\/uploads\\\/2022\\\/02\\\/philippines-adventists-support-food-distribution-to-displaced-families1.jpeg\",\"width\":1000,\"height\":500},{\"@type\":\"BreadcrumbList\",\"@id\":\"https:\\\/\\\/interamerica.org\\\/es\\\/2022\\\/02\\\/adventistas-filipinos-apoyan-distribucion-de-alimentos-entre-familias-desplazadas\\\/#breadcrumb\",\"itemListElement\":[{\"@type\":\"ListItem\",\"position\":1,\"name\":\"Home\",\"item\":\"https:\\\/\\\/interamerica.org\\\/es\\\/\"},{\"@type\":\"ListItem\",\"position\":2,\"name\":\"Adventistas filipinos apoyan distribuci\u00f3n de alimentos entre familias desplazadas\"}]},{\"@type\":\"WebSite\",\"@id\":\"https:\\\/\\\/interamerica.org\\\/es\\\/#website\",\"url\":\"https:\\\/\\\/interamerica.org\\\/es\\\/\",\"name\":\"Iglesia Adventista del S\u00e9ptimo D\u00eda - Divisi\u00f3n Interamericana\",\"description\":\"\",\"potentialAction\":[{\"@type\":\"SearchAction\",\"target\":{\"@type\":\"EntryPoint\",\"urlTemplate\":\"https:\\\/\\\/interamerica.org\\\/es\\\/?s={search_term_string}\"},\"query-input\":{\"@type\":\"PropertyValueSpecification\",\"valueRequired\":true,\"valueName\":\"search_term_string\"}}],\"inLanguage\":\"es\"},{\"@type\":\"Person\",\"@id\":\"https:\\\/\\\/interamerica.org\\\/es\\\/#\\\/schema\\\/person\\\/29998f2bc2d8bd0d38662909289b54f1\",\"name\":\"libna\",\"image\":{\"@type\":\"ImageObject\",\"inLanguage\":\"es\",\"@id\":\"https:\\\/\\\/secure.gravatar.com\\\/avatar\\\/7c5bd30ae4b47a9ba3c856590957fd1d96dc588bf3ac05719d247e126840331f?s=96&d=mm&r=g\",\"url\":\"https:\\\/\\\/secure.gravatar.com\\\/avatar\\\/7c5bd30ae4b47a9ba3c856590957fd1d96dc588bf3ac05719d247e126840331f?s=96&d=mm&r=g\",\"contentUrl\":\"https:\\\/\\\/secure.gravatar.com\\\/avatar\\\/7c5bd30ae4b47a9ba3c856590957fd1d96dc588bf3ac05719d247e126840331f?s=96&d=mm&r=g\",\"caption\":\"libna\"}}]}<\/script>\n<!-- \/ Yoast SEO plugin. -->","yoast_head_json":{"title":"Adventistas filipinos apoyan distribuci\u00f3n de alimentos entre familias desplazadas - Iglesia Adventista del S\u00e9ptimo D\u00eda - Divisi\u00f3n Interamericana","robots":{"index":"index","follow":"follow","max-snippet":"max-snippet:-1","max-image-preview":"max-image-preview:large","max-video-preview":"max-video-preview:-1"},"canonical":"https:\/\/interamerica.org\/es\/2022\/02\/adventistas-filipinos-apoyan-distribucion-de-alimentos-entre-familias-desplazadas\/","og_locale":"es_ES","og_type":"article","og_title":"Adventistas filipinos apoyan distribuci\u00f3n de alimentos entre familias desplazadas - Iglesia Adventista del S\u00e9ptimo D\u00eda - Divisi\u00f3n Interamericana","og_description":"Miembros de iglesia de la regi\u00f3n central se movilizan para ayudar a residentes de Cebu City. 7 de febrero de 2022 | Filipinas | Nadeth Quinto, Uni\u00f3n Asociaci\u00f3n Central de...","og_url":"https:\/\/interamerica.org\/es\/2022\/02\/adventistas-filipinos-apoyan-distribucion-de-alimentos-entre-familias-desplazadas\/","og_site_name":"Iglesia Adventista del S\u00e9ptimo D\u00eda - Divisi\u00f3n Interamericana","article_published_time":"2022-02-07T16:47:25+00:00","article_modified_time":"2022-02-09T18:06:58+00:00","og_image":[{"width":1000,"height":500,"url":"https:\/\/interamerica.org\/wp-content\/uploads\/2022\/02\/philippines-adventists-support-food-distribution-to-displaced-families1.jpeg","type":"image\/jpeg"}],"author":"libna","twitter_card":"summary_large_image","twitter_misc":{"Escrito por":"libna","Tiempo de lectura":"4 minutos"},"schema":{"@context":"https:\/\/schema.org","@graph":[{"@type":"Article","@id":"https:\/\/interamerica.org\/es\/2022\/02\/adventistas-filipinos-apoyan-distribucion-de-alimentos-entre-familias-desplazadas\/#article","isPartOf":{"@id":"https:\/\/interamerica.org\/es\/2022\/02\/adventistas-filipinos-apoyan-distribucion-de-alimentos-entre-familias-desplazadas\/"},"author":{"name":"libna","@id":"https:\/\/interamerica.org\/es\/#\/schema\/person\/29998f2bc2d8bd0d38662909289b54f1"},"headline":"Adventistas filipinos apoyan distribuci\u00f3n de alimentos entre familias desplazadas","datePublished":"2022-02-07T16:47:25+00:00","dateModified":"2022-02-09T18:06:58+00:00","mainEntityOfPage":{"@id":"https:\/\/interamerica.org\/es\/2022\/02\/adventistas-filipinos-apoyan-distribucion-de-alimentos-entre-familias-desplazadas\/"},"wordCount":813,"image":{"@id":"https:\/\/interamerica.org\/es\/2022\/02\/adventistas-filipinos-apoyan-distribucion-de-alimentos-entre-familias-desplazadas\/#primaryimage"},"thumbnailUrl":"https:\/\/interamerica.org\/wp-content\/uploads\/2022\/02\/philippines-adventists-support-food-distribution-to-displaced-families1.jpeg","articleSection":["Desde la iglesia mundial","RSS Espa\u00f1ol"],"inLanguage":"es"},{"@type":"WebPage","@id":"https:\/\/interamerica.org\/es\/2022\/02\/adventistas-filipinos-apoyan-distribucion-de-alimentos-entre-familias-desplazadas\/","url":"https:\/\/interamerica.org\/es\/2022\/02\/adventistas-filipinos-apoyan-distribucion-de-alimentos-entre-familias-desplazadas\/","name":"Adventistas filipinos apoyan distribuci\u00f3n de alimentos entre familias desplazadas - Iglesia Adventista del S\u00e9ptimo D\u00eda - Divisi\u00f3n Interamericana","isPartOf":{"@id":"https:\/\/interamerica.org\/es\/#website"},"primaryImageOfPage":{"@id":"https:\/\/interamerica.org\/es\/2022\/02\/adventistas-filipinos-apoyan-distribucion-de-alimentos-entre-familias-desplazadas\/#primaryimage"},"image":{"@id":"https:\/\/interamerica.org\/es\/2022\/02\/adventistas-filipinos-apoyan-distribucion-de-alimentos-entre-familias-desplazadas\/#primaryimage"},"thumbnailUrl":"https:\/\/interamerica.org\/wp-content\/uploads\/2022\/02\/philippines-adventists-support-food-distribution-to-displaced-families1.jpeg","datePublished":"2022-02-07T16:47:25+00:00","dateModified":"2022-02-09T18:06:58+00:00","author":{"@id":"https:\/\/interamerica.org\/es\/#\/schema\/person\/29998f2bc2d8bd0d38662909289b54f1"},"breadcrumb":{"@id":"https:\/\/interamerica.org\/es\/2022\/02\/adventistas-filipinos-apoyan-distribucion-de-alimentos-entre-familias-desplazadas\/#breadcrumb"},"inLanguage":"es","potentialAction":[{"@type":"ReadAction","target":["https:\/\/interamerica.org\/es\/2022\/02\/adventistas-filipinos-apoyan-distribucion-de-alimentos-entre-familias-desplazadas\/"]}]},{"@type":"ImageObject","inLanguage":"es","@id":"https:\/\/interamerica.org\/es\/2022\/02\/adventistas-filipinos-apoyan-distribucion-de-alimentos-entre-familias-desplazadas\/#primaryimage","url":"https:\/\/interamerica.org\/wp-content\/uploads\/2022\/02\/philippines-adventists-support-food-distribution-to-displaced-families1.jpeg","contentUrl":"https:\/\/interamerica.org\/wp-content\/uploads\/2022\/02\/philippines-adventists-support-food-distribution-to-displaced-families1.jpeg","width":1000,"height":500},{"@type":"BreadcrumbList","@id":"https:\/\/interamerica.org\/es\/2022\/02\/adventistas-filipinos-apoyan-distribucion-de-alimentos-entre-familias-desplazadas\/#breadcrumb","itemListElement":[{"@type":"ListItem","position":1,"name":"Home","item":"https:\/\/interamerica.org\/es\/"},{"@type":"ListItem","position":2,"name":"Adventistas filipinos apoyan distribuci\u00f3n de alimentos entre familias desplazadas"}]},{"@type":"WebSite","@id":"https:\/\/interamerica.org\/es\/#website","url":"https:\/\/interamerica.org\/es\/","name":"Iglesia Adventista del S\u00e9ptimo D\u00eda - Divisi\u00f3n Interamericana","description":"","potentialAction":[{"@type":"SearchAction","target":{"@type":"EntryPoint","urlTemplate":"https:\/\/interamerica.org\/es\/?s={search_term_string}"},"query-input":{"@type":"PropertyValueSpecification","valueRequired":true,"valueName":"search_term_string"}}],"inLanguage":"es"},{"@type":"Person","@id":"https:\/\/interamerica.org\/es\/#\/schema\/person\/29998f2bc2d8bd0d38662909289b54f1","name":"libna","image":{"@type":"ImageObject","inLanguage":"es","@id":"https:\/\/secure.gravatar.com\/avatar\/7c5bd30ae4b47a9ba3c856590957fd1d96dc588bf3ac05719d247e126840331f?s=96&d=mm&r=g","url":"https:\/\/secure.gravatar.com\/avatar\/7c5bd30ae4b47a9ba3c856590957fd1d96dc588bf3ac05719d247e126840331f?s=96&d=mm&r=g","contentUrl":"https:\/\/secure.gravatar.com\/avatar\/7c5bd30ae4b47a9ba3c856590957fd1d96dc588bf3ac05719d247e126840331f?s=96&d=mm&r=g","caption":"libna"}}]}},"_links":{"self":[{"href":"https:\/\/interamerica.org\/es\/wp-json\/wp\/v2\/posts\/81329","targetHints":{"allow":["GET"]}}],"collection":[{"href":"https:\/\/interamerica.org\/es\/wp-json\/wp\/v2\/posts"}],"about":[{"href":"https:\/\/interamerica.org\/es\/wp-json\/wp\/v2\/types\/post"}],"author":[{"embeddable":true,"href":"https:\/\/interamerica.org\/es\/wp-json\/wp\/v2\/users\/3"}],"replies":[{"embeddable":true,"href":"https:\/\/interamerica.org\/es\/wp-json\/wp\/v2\/comments?post=81329"}],"version-history":[{"count":0,"href":"https:\/\/interamerica.org\/es\/wp-json\/wp\/v2\/posts\/81329\/revisions"}],"wp:featuredmedia":[{"embeddable":true,"href":"https:\/\/interamerica.org\/es\/wp-json\/wp\/v2\/media\/81200"}],"wp:attachment":[{"href":"https:\/\/interamerica.org\/es\/wp-json\/wp\/v2\/media?parent=81329"}],"wp:term":[{"taxonomy":"category","embeddable":true,"href":"https:\/\/interamerica.org\/es\/wp-json\/wp\/v2\/categories?post=81329"},{"taxonomy":"post_tag","embeddable":true,"href":"https:\/\/interamerica.org\/es\/wp-json\/wp\/v2\/tags?post=81329"}],"curies":[{"name":"wp","href":"https:\/\/api.w.org\/{rel}","templated":true}]}}