{"id":81426,"date":"2022-02-11T09:01:21","date_gmt":"2022-02-11T13:01:21","guid":{"rendered":"https:\/\/recursing-golick.147-182-135-0.plesk.page\/?p=81426"},"modified":"2022-02-15T12:43:32","modified_gmt":"2022-02-15T16:43:32","slug":"interamerica-continua-con-el-programa-de-certificacion-en-linea-para-ancianos-el-19-de-febrero","status":"publish","type":"post","link":"https:\/\/interamerica.org\/es\/2022\/02\/interamerica-continua-con-el-programa-de-certificacion-en-linea-para-ancianos-el-19-de-febrero\/","title":{"rendered":"Interam\u00e9rica contin\u00faa con el programa de certificaci\u00f3n en l\u00ednea para ancianos el 19 de febrero"},"content":{"rendered":"<p>11 de febrero de 2022 | Miami, Florida, Estados Unidos | Libna Stevens, Noticias de la Divisi\u00f3n Interamericana<\/p>\n<p>Miles de ancianos de iglesias locales de toda la Iglesia Adventista del S\u00e9ptimo D\u00eda en Interam\u00e9rica concluir\u00e1n su cuarto a\u00f1o de un programa especial de certificaci\u00f3n, durante un programa en l\u00ednea, el pr\u00f3ximo s\u00e1bado 19 de febrero de 2022. El programa de certificaci\u00f3n ayudar\u00e1 a que los ancianos de iglesias puedan estar equipados y ayudar mejor a los pastores y ministrar a la creciente feligres\u00eda en m\u00e1s de 23 mil congregaciones. El evento, que tendr\u00e1 dos horas de duraci\u00f3n, se llevar\u00e1 a cabo entre las 16:00 y las 18:00, Hora de Miami.<\/p>\n<p>M\u00e1s de 31 mil ancianos de iglesia ya han sido parte de la tarea de ministrar a las congregaciones locales con un programa abarcador de discipulado, de manera de ayudar a los miembros para que crezcan espiritualmente, garantizar que sus necesidades son satisfechas, enfrentar los desaf\u00edos del presente y motivarlos a tener un mejor impacto sobre sus comunidades con el evangelio, dijo el pastor Josney Rodr\u00edguez, secretario ministerial de la Iglesia Adventista en Interam\u00e9rica.<\/p>\n<p>\u201cEstamos buscando c\u00f3mo seguir brindando nuevas habilidades a los ancianos, para que puedan estar preparados y equipados para continuar ense\u00f1ando, ministrando, predicando, y administrando junto a los pastores, mientras se adaptan a los desaf\u00edos que enfrenta la iglesia en la actualidad\u201d, dijo Rodr\u00edguez.<\/p>\n<p>El evento tambi\u00e9n lanzar\u00e1 el comienzo del siguiente nivel de certificaci\u00f3n este a\u00f1o, con una capacitaci\u00f3n bajo el liderazgo de la Divisi\u00f3n Interamericana adem\u00e1s del liderazgo de las uniones, explic\u00f3. Este a\u00f1o, los c\u00f3nyuges de los ancianos tambi\u00e9n se sumar\u00e1n al programa de certificaci\u00f3n, una parte adicional que busca fortalecer la familia del anciano de iglesia en su servicio dedicado cada semana.<\/p>\n<p>El programa ser\u00e1 transmitido en vivo en l\u00ednea, y llevar\u00e1 a que miles se conecten o re\u00fanan en las diversas asociaciones y campos misioneros, en iglesias y grupos peque\u00f1os.<\/p>\n<p>El pastor Jerry Page, secretario ministerial de la Iglesia Adventista mundial ser\u00e1 el orador destacado, adem\u00e1s del pastor Elie Henry, presidente de la Divisi\u00f3n Interamericana, y otros l\u00edderes de las uniones del territorio durante el programa en l\u00ednea.<\/p>\n<p>El evento en l\u00ednea ser\u00e1 llevado a cabo en espa\u00f1ol, ingl\u00e9s y franc\u00e9s, y contar\u00e1 con iglesias destacadas que han certificado a sus ancianos, adem\u00e1s de incluir informes de todo el territorio de la Divisi\u00f3n Interamericana.<\/p>\n<p>Para ver el programa de certificaci\u00f3n en l\u00ednea de Interam\u00e9rica el pr\u00f3ximo s\u00e1bado 19 de febrero de 2022, entre las 16:00 y las 18:00, Hora de Miami, visite el canal en l\u00ednea de Conectividad de la Divisi\u00f3n Interamericana <a href=\"https:\/\/www.youtube.com\/channel\/UCmmSViewmBZOIO4HVliq71A\">AQU\u00cd<\/a><\/p>\n<p>Traducci\u00f3n de Marcos Paseggi<\/p>\n","protected":false},"excerpt":{"rendered":"<p>11 de febrero de 2022 | Miami, Florida, Estados Unidos | Libna Stevens, Noticias de la Divisi\u00f3n Interamericana Miles de ancianos de iglesias locales de toda la Iglesia Adventista del&#8230;<\/p>\n","protected":false},"author":3,"featured_media":55310,"comment_status":"closed","ping_status":"closed","sticky":false,"template":"","format":"standard","meta":{"_acf_changed":false,"footnotes":""},"categories":[16,15],"tags":[],"class_list":["post-81426","post","type-post","status-publish","format-standard","has-post-thumbnail","hentry","category-desde-la-sede","category-rss-espanol"],"acf":[],"yoast_head":"<!-- This site is optimized with the Yoast SEO plugin v27.3 - https:\/\/yoast.com\/product\/yoast-seo-wordpress\/ -->\n<title>Interam\u00e9rica contin\u00faa con el programa de certificaci\u00f3n en l\u00ednea para ancianos el 19 de febrero - Iglesia Adventista del S\u00e9ptimo D\u00eda - Divisi\u00f3n Interamericana<\/title>\n<meta name=\"robots\" content=\"index, follow, max-snippet:-1, max-image-preview:large, max-video-preview:-1\" \/>\n<link rel=\"canonical\" href=\"https:\/\/interamerica.org\/es\/2022\/02\/interamerica-continua-con-el-programa-de-certificacion-en-linea-para-ancianos-el-19-de-febrero\/\" \/>\n<meta property=\"og:locale\" content=\"es_ES\" \/>\n<meta property=\"og:type\" content=\"article\" \/>\n<meta property=\"og:title\" content=\"Interam\u00e9rica contin\u00faa con el programa de certificaci\u00f3n en l\u00ednea para ancianos el 19 de febrero - Iglesia Adventista del S\u00e9ptimo D\u00eda - Divisi\u00f3n Interamericana\" \/>\n<meta property=\"og:description\" content=\"11 de febrero de 2022 | Miami, Florida, Estados Unidos | Libna Stevens, Noticias de la Divisi\u00f3n Interamericana Miles de ancianos de iglesias locales de toda la Iglesia Adventista del...\" \/>\n<meta property=\"og:url\" content=\"https:\/\/interamerica.org\/es\/2022\/02\/interamerica-continua-con-el-programa-de-certificacion-en-linea-para-ancianos-el-19-de-febrero\/\" \/>\n<meta property=\"og:site_name\" content=\"Iglesia Adventista del S\u00e9ptimo D\u00eda - Divisi\u00f3n Interamericana\" \/>\n<meta property=\"article:published_time\" content=\"2022-02-11T13:01:21+00:00\" \/>\n<meta property=\"article:modified_time\" content=\"2022-02-15T16:43:32+00:00\" \/>\n<meta property=\"og:image\" content=\"https:\/\/interamerica.org\/wp-content\/uploads\/2020\/02\/online-certification-1280.jpg\" \/>\n\t<meta property=\"og:image:width\" content=\"1280\" \/>\n\t<meta property=\"og:image:height\" content=\"800\" \/>\n\t<meta property=\"og:image:type\" content=\"image\/jpeg\" \/>\n<meta name=\"author\" content=\"libna\" \/>\n<meta name=\"twitter:card\" content=\"summary_large_image\" \/>\n<meta name=\"twitter:label1\" content=\"Escrito por\" \/>\n\t<meta name=\"twitter:data1\" content=\"libna\" \/>\n\t<meta name=\"twitter:label2\" content=\"Tiempo de lectura\" \/>\n\t<meta name=\"twitter:data2\" content=\"2 minutos\" \/>\n<script type=\"application\/ld+json\" class=\"yoast-schema-graph\">{\"@context\":\"https:\\\/\\\/schema.org\",\"@graph\":[{\"@type\":\"Article\",\"@id\":\"https:\\\/\\\/interamerica.org\\\/es\\\/2022\\\/02\\\/interamerica-continua-con-el-programa-de-certificacion-en-linea-para-ancianos-el-19-de-febrero\\\/#article\",\"isPartOf\":{\"@id\":\"https:\\\/\\\/interamerica.org\\\/es\\\/2022\\\/02\\\/interamerica-continua-con-el-programa-de-certificacion-en-linea-para-ancianos-el-19-de-febrero\\\/\"},\"author\":{\"name\":\"libna\",\"@id\":\"https:\\\/\\\/interamerica.org\\\/es\\\/#\\\/schema\\\/person\\\/29998f2bc2d8bd0d38662909289b54f1\"},\"headline\":\"Interam\u00e9rica contin\u00faa con el programa de certificaci\u00f3n en l\u00ednea para ancianos el 19 de febrero\",\"datePublished\":\"2022-02-11T13:01:21+00:00\",\"dateModified\":\"2022-02-15T16:43:32+00:00\",\"mainEntityOfPage\":{\"@id\":\"https:\\\/\\\/interamerica.org\\\/es\\\/2022\\\/02\\\/interamerica-continua-con-el-programa-de-certificacion-en-linea-para-ancianos-el-19-de-febrero\\\/\"},\"wordCount\":493,\"image\":{\"@id\":\"https:\\\/\\\/interamerica.org\\\/es\\\/2022\\\/02\\\/interamerica-continua-con-el-programa-de-certificacion-en-linea-para-ancianos-el-19-de-febrero\\\/#primaryimage\"},\"thumbnailUrl\":\"https:\\\/\\\/interamerica.org\\\/wp-content\\\/uploads\\\/2020\\\/02\\\/online-certification-1280.jpg\",\"articleSection\":[\"Desde la sede\",\"RSS Espa\u00f1ol\"],\"inLanguage\":\"es\"},{\"@type\":\"WebPage\",\"@id\":\"https:\\\/\\\/interamerica.org\\\/es\\\/2022\\\/02\\\/interamerica-continua-con-el-programa-de-certificacion-en-linea-para-ancianos-el-19-de-febrero\\\/\",\"url\":\"https:\\\/\\\/interamerica.org\\\/es\\\/2022\\\/02\\\/interamerica-continua-con-el-programa-de-certificacion-en-linea-para-ancianos-el-19-de-febrero\\\/\",\"name\":\"Interam\u00e9rica contin\u00faa con el programa de certificaci\u00f3n en l\u00ednea para ancianos el 19 de febrero - Iglesia Adventista del S\u00e9ptimo D\u00eda - Divisi\u00f3n Interamericana\",\"isPartOf\":{\"@id\":\"https:\\\/\\\/interamerica.org\\\/es\\\/#website\"},\"primaryImageOfPage\":{\"@id\":\"https:\\\/\\\/interamerica.org\\\/es\\\/2022\\\/02\\\/interamerica-continua-con-el-programa-de-certificacion-en-linea-para-ancianos-el-19-de-febrero\\\/#primaryimage\"},\"image\":{\"@id\":\"https:\\\/\\\/interamerica.org\\\/es\\\/2022\\\/02\\\/interamerica-continua-con-el-programa-de-certificacion-en-linea-para-ancianos-el-19-de-febrero\\\/#primaryimage\"},\"thumbnailUrl\":\"https:\\\/\\\/interamerica.org\\\/wp-content\\\/uploads\\\/2020\\\/02\\\/online-certification-1280.jpg\",\"datePublished\":\"2022-02-11T13:01:21+00:00\",\"dateModified\":\"2022-02-15T16:43:32+00:00\",\"author\":{\"@id\":\"https:\\\/\\\/interamerica.org\\\/es\\\/#\\\/schema\\\/person\\\/29998f2bc2d8bd0d38662909289b54f1\"},\"breadcrumb\":{\"@id\":\"https:\\\/\\\/interamerica.org\\\/es\\\/2022\\\/02\\\/interamerica-continua-con-el-programa-de-certificacion-en-linea-para-ancianos-el-19-de-febrero\\\/#breadcrumb\"},\"inLanguage\":\"es\",\"potentialAction\":[{\"@type\":\"ReadAction\",\"target\":[\"https:\\\/\\\/interamerica.org\\\/es\\\/2022\\\/02\\\/interamerica-continua-con-el-programa-de-certificacion-en-linea-para-ancianos-el-19-de-febrero\\\/\"]}]},{\"@type\":\"ImageObject\",\"inLanguage\":\"es\",\"@id\":\"https:\\\/\\\/interamerica.org\\\/es\\\/2022\\\/02\\\/interamerica-continua-con-el-programa-de-certificacion-en-linea-para-ancianos-el-19-de-febrero\\\/#primaryimage\",\"url\":\"https:\\\/\\\/interamerica.org\\\/wp-content\\\/uploads\\\/2020\\\/02\\\/online-certification-1280.jpg\",\"contentUrl\":\"https:\\\/\\\/interamerica.org\\\/wp-content\\\/uploads\\\/2020\\\/02\\\/online-certification-1280.jpg\",\"width\":1280,\"height\":800},{\"@type\":\"BreadcrumbList\",\"@id\":\"https:\\\/\\\/interamerica.org\\\/es\\\/2022\\\/02\\\/interamerica-continua-con-el-programa-de-certificacion-en-linea-para-ancianos-el-19-de-febrero\\\/#breadcrumb\",\"itemListElement\":[{\"@type\":\"ListItem\",\"position\":1,\"name\":\"Home\",\"item\":\"https:\\\/\\\/interamerica.org\\\/es\\\/\"},{\"@type\":\"ListItem\",\"position\":2,\"name\":\"Interam\u00e9rica contin\u00faa con el programa de certificaci\u00f3n en l\u00ednea para ancianos el 19 de febrero\"}]},{\"@type\":\"WebSite\",\"@id\":\"https:\\\/\\\/interamerica.org\\\/es\\\/#website\",\"url\":\"https:\\\/\\\/interamerica.org\\\/es\\\/\",\"name\":\"Iglesia Adventista del S\u00e9ptimo D\u00eda - Divisi\u00f3n Interamericana\",\"description\":\"\",\"potentialAction\":[{\"@type\":\"SearchAction\",\"target\":{\"@type\":\"EntryPoint\",\"urlTemplate\":\"https:\\\/\\\/interamerica.org\\\/es\\\/?s={search_term_string}\"},\"query-input\":{\"@type\":\"PropertyValueSpecification\",\"valueRequired\":true,\"valueName\":\"search_term_string\"}}],\"inLanguage\":\"es\"},{\"@type\":\"Person\",\"@id\":\"https:\\\/\\\/interamerica.org\\\/es\\\/#\\\/schema\\\/person\\\/29998f2bc2d8bd0d38662909289b54f1\",\"name\":\"libna\",\"image\":{\"@type\":\"ImageObject\",\"inLanguage\":\"es\",\"@id\":\"https:\\\/\\\/secure.gravatar.com\\\/avatar\\\/7c5bd30ae4b47a9ba3c856590957fd1d96dc588bf3ac05719d247e126840331f?s=96&d=mm&r=g\",\"url\":\"https:\\\/\\\/secure.gravatar.com\\\/avatar\\\/7c5bd30ae4b47a9ba3c856590957fd1d96dc588bf3ac05719d247e126840331f?s=96&d=mm&r=g\",\"contentUrl\":\"https:\\\/\\\/secure.gravatar.com\\\/avatar\\\/7c5bd30ae4b47a9ba3c856590957fd1d96dc588bf3ac05719d247e126840331f?s=96&d=mm&r=g\",\"caption\":\"libna\"}}]}<\/script>\n<!-- \/ Yoast SEO plugin. -->","yoast_head_json":{"title":"Interam\u00e9rica contin\u00faa con el programa de certificaci\u00f3n en l\u00ednea para ancianos el 19 de febrero - Iglesia Adventista del S\u00e9ptimo D\u00eda - Divisi\u00f3n Interamericana","robots":{"index":"index","follow":"follow","max-snippet":"max-snippet:-1","max-image-preview":"max-image-preview:large","max-video-preview":"max-video-preview:-1"},"canonical":"https:\/\/interamerica.org\/es\/2022\/02\/interamerica-continua-con-el-programa-de-certificacion-en-linea-para-ancianos-el-19-de-febrero\/","og_locale":"es_ES","og_type":"article","og_title":"Interam\u00e9rica contin\u00faa con el programa de certificaci\u00f3n en l\u00ednea para ancianos el 19 de febrero - Iglesia Adventista del S\u00e9ptimo D\u00eda - Divisi\u00f3n Interamericana","og_description":"11 de febrero de 2022 | Miami, Florida, Estados Unidos | Libna Stevens, Noticias de la Divisi\u00f3n Interamericana Miles de ancianos de iglesias locales de toda la Iglesia Adventista del...","og_url":"https:\/\/interamerica.org\/es\/2022\/02\/interamerica-continua-con-el-programa-de-certificacion-en-linea-para-ancianos-el-19-de-febrero\/","og_site_name":"Iglesia Adventista del S\u00e9ptimo D\u00eda - Divisi\u00f3n Interamericana","article_published_time":"2022-02-11T13:01:21+00:00","article_modified_time":"2022-02-15T16:43:32+00:00","og_image":[{"width":1280,"height":800,"url":"https:\/\/interamerica.org\/wp-content\/uploads\/2020\/02\/online-certification-1280.jpg","type":"image\/jpeg"}],"author":"libna","twitter_card":"summary_large_image","twitter_misc":{"Escrito por":"libna","Tiempo de lectura":"2 minutos"},"schema":{"@context":"https:\/\/schema.org","@graph":[{"@type":"Article","@id":"https:\/\/interamerica.org\/es\/2022\/02\/interamerica-continua-con-el-programa-de-certificacion-en-linea-para-ancianos-el-19-de-febrero\/#article","isPartOf":{"@id":"https:\/\/interamerica.org\/es\/2022\/02\/interamerica-continua-con-el-programa-de-certificacion-en-linea-para-ancianos-el-19-de-febrero\/"},"author":{"name":"libna","@id":"https:\/\/interamerica.org\/es\/#\/schema\/person\/29998f2bc2d8bd0d38662909289b54f1"},"headline":"Interam\u00e9rica contin\u00faa con el programa de certificaci\u00f3n en l\u00ednea para ancianos el 19 de febrero","datePublished":"2022-02-11T13:01:21+00:00","dateModified":"2022-02-15T16:43:32+00:00","mainEntityOfPage":{"@id":"https:\/\/interamerica.org\/es\/2022\/02\/interamerica-continua-con-el-programa-de-certificacion-en-linea-para-ancianos-el-19-de-febrero\/"},"wordCount":493,"image":{"@id":"https:\/\/interamerica.org\/es\/2022\/02\/interamerica-continua-con-el-programa-de-certificacion-en-linea-para-ancianos-el-19-de-febrero\/#primaryimage"},"thumbnailUrl":"https:\/\/interamerica.org\/wp-content\/uploads\/2020\/02\/online-certification-1280.jpg","articleSection":["Desde la sede","RSS Espa\u00f1ol"],"inLanguage":"es"},{"@type":"WebPage","@id":"https:\/\/interamerica.org\/es\/2022\/02\/interamerica-continua-con-el-programa-de-certificacion-en-linea-para-ancianos-el-19-de-febrero\/","url":"https:\/\/interamerica.org\/es\/2022\/02\/interamerica-continua-con-el-programa-de-certificacion-en-linea-para-ancianos-el-19-de-febrero\/","name":"Interam\u00e9rica contin\u00faa con el programa de certificaci\u00f3n en l\u00ednea para ancianos el 19 de febrero - Iglesia Adventista del S\u00e9ptimo D\u00eda - Divisi\u00f3n Interamericana","isPartOf":{"@id":"https:\/\/interamerica.org\/es\/#website"},"primaryImageOfPage":{"@id":"https:\/\/interamerica.org\/es\/2022\/02\/interamerica-continua-con-el-programa-de-certificacion-en-linea-para-ancianos-el-19-de-febrero\/#primaryimage"},"image":{"@id":"https:\/\/interamerica.org\/es\/2022\/02\/interamerica-continua-con-el-programa-de-certificacion-en-linea-para-ancianos-el-19-de-febrero\/#primaryimage"},"thumbnailUrl":"https:\/\/interamerica.org\/wp-content\/uploads\/2020\/02\/online-certification-1280.jpg","datePublished":"2022-02-11T13:01:21+00:00","dateModified":"2022-02-15T16:43:32+00:00","author":{"@id":"https:\/\/interamerica.org\/es\/#\/schema\/person\/29998f2bc2d8bd0d38662909289b54f1"},"breadcrumb":{"@id":"https:\/\/interamerica.org\/es\/2022\/02\/interamerica-continua-con-el-programa-de-certificacion-en-linea-para-ancianos-el-19-de-febrero\/#breadcrumb"},"inLanguage":"es","potentialAction":[{"@type":"ReadAction","target":["https:\/\/interamerica.org\/es\/2022\/02\/interamerica-continua-con-el-programa-de-certificacion-en-linea-para-ancianos-el-19-de-febrero\/"]}]},{"@type":"ImageObject","inLanguage":"es","@id":"https:\/\/interamerica.org\/es\/2022\/02\/interamerica-continua-con-el-programa-de-certificacion-en-linea-para-ancianos-el-19-de-febrero\/#primaryimage","url":"https:\/\/interamerica.org\/wp-content\/uploads\/2020\/02\/online-certification-1280.jpg","contentUrl":"https:\/\/interamerica.org\/wp-content\/uploads\/2020\/02\/online-certification-1280.jpg","width":1280,"height":800},{"@type":"BreadcrumbList","@id":"https:\/\/interamerica.org\/es\/2022\/02\/interamerica-continua-con-el-programa-de-certificacion-en-linea-para-ancianos-el-19-de-febrero\/#breadcrumb","itemListElement":[{"@type":"ListItem","position":1,"name":"Home","item":"https:\/\/interamerica.org\/es\/"},{"@type":"ListItem","position":2,"name":"Interam\u00e9rica contin\u00faa con el programa de certificaci\u00f3n en l\u00ednea para ancianos el 19 de febrero"}]},{"@type":"WebSite","@id":"https:\/\/interamerica.org\/es\/#website","url":"https:\/\/interamerica.org\/es\/","name":"Iglesia Adventista del S\u00e9ptimo D\u00eda - Divisi\u00f3n Interamericana","description":"","potentialAction":[{"@type":"SearchAction","target":{"@type":"EntryPoint","urlTemplate":"https:\/\/interamerica.org\/es\/?s={search_term_string}"},"query-input":{"@type":"PropertyValueSpecification","valueRequired":true,"valueName":"search_term_string"}}],"inLanguage":"es"},{"@type":"Person","@id":"https:\/\/interamerica.org\/es\/#\/schema\/person\/29998f2bc2d8bd0d38662909289b54f1","name":"libna","image":{"@type":"ImageObject","inLanguage":"es","@id":"https:\/\/secure.gravatar.com\/avatar\/7c5bd30ae4b47a9ba3c856590957fd1d96dc588bf3ac05719d247e126840331f?s=96&d=mm&r=g","url":"https:\/\/secure.gravatar.com\/avatar\/7c5bd30ae4b47a9ba3c856590957fd1d96dc588bf3ac05719d247e126840331f?s=96&d=mm&r=g","contentUrl":"https:\/\/secure.gravatar.com\/avatar\/7c5bd30ae4b47a9ba3c856590957fd1d96dc588bf3ac05719d247e126840331f?s=96&d=mm&r=g","caption":"libna"}}]}},"_links":{"self":[{"href":"https:\/\/interamerica.org\/es\/wp-json\/wp\/v2\/posts\/81426","targetHints":{"allow":["GET"]}}],"collection":[{"href":"https:\/\/interamerica.org\/es\/wp-json\/wp\/v2\/posts"}],"about":[{"href":"https:\/\/interamerica.org\/es\/wp-json\/wp\/v2\/types\/post"}],"author":[{"embeddable":true,"href":"https:\/\/interamerica.org\/es\/wp-json\/wp\/v2\/users\/3"}],"replies":[{"embeddable":true,"href":"https:\/\/interamerica.org\/es\/wp-json\/wp\/v2\/comments?post=81426"}],"version-history":[{"count":0,"href":"https:\/\/interamerica.org\/es\/wp-json\/wp\/v2\/posts\/81426\/revisions"}],"wp:featuredmedia":[{"embeddable":true,"href":"https:\/\/interamerica.org\/es\/wp-json\/wp\/v2\/media\/55310"}],"wp:attachment":[{"href":"https:\/\/interamerica.org\/es\/wp-json\/wp\/v2\/media?parent=81426"}],"wp:term":[{"taxonomy":"category","embeddable":true,"href":"https:\/\/interamerica.org\/es\/wp-json\/wp\/v2\/categories?post=81426"},{"taxonomy":"post_tag","embeddable":true,"href":"https:\/\/interamerica.org\/es\/wp-json\/wp\/v2\/tags?post=81426"}],"curies":[{"name":"wp","href":"https:\/\/api.w.org\/{rel}","templated":true}]}}