{"id":81521,"date":"2022-02-15T16:47:05","date_gmt":"2022-02-15T20:47:05","guid":{"rendered":"https:\/\/recursing-golick.147-182-135-0.plesk.page\/?p=81521"},"modified":"2022-02-15T19:47:59","modified_gmt":"2022-02-15T23:47:59","slug":"region-de-la-iglesia-adventista-en-ee-uu-establece-congregacion-completamente-virtual","status":"publish","type":"post","link":"https:\/\/interamerica.org\/es\/2022\/02\/region-de-la-iglesia-adventista-en-ee-uu-establece-congregacion-completamente-virtual\/","title":{"rendered":"Regi\u00f3n de la Iglesia Adventista en EE.UU. establece congregaci\u00f3n completamente virtual"},"content":{"rendered":"<h4 id=\"headline-6-7\" class=\"ct-headline\"><span id=\"span-21-7\" class=\"ct-span\">Los l\u00edderes creen que la iniciativa abre un sinn\u00famero de nuevas posibilidades de obra comunitaria y misionera.<\/span><\/h4>\n<p id=\"headline-7-7\" class=\"ct-headline\"><span id=\"span-20-7\" class=\"ct-span\">15 de febrero de 2022 | Nueva York, Estados Unidos | Debra Cuadro, Noticias de la Uni\u00f3n Asociaci\u00f3n del Atl\u00e1ntico<\/span><\/p>\n<p>El 1 de febrero de 2022, la Junta Directiva de la Asociaci\u00f3n del Noreste, con sede en Jamaica, Nueva York, Estados Unidos, hizo historia en la regi\u00f3n al establecer su primer iglesia virtual. Los miembros votaron la Primera Iglesia Adventista En L\u00ednea Living Manna, y anunciaron que Ivor Myers ser\u00e1 su pastor. Myers hab\u00eda sido antes pastor en la iglesia adventista de Campbell en Campbell, California.<\/p>\n<p>Abraham Jules, presidente de la Asociaci\u00f3n del Noreste, est\u00e1 entusiasmado con la nueva iniciativa. \u201cLa pandemia nos ha ense\u00f1ado a todos algunas lecciones. Una de ellas es que podemos practicar la iglesia mientras estamos en nuestro hogar. Por medio de esta congregaci\u00f3n virtual, vamos a alcanzar a muchas personas que no podr\u00edamos alcanzar de otra manera\u201d, dijo.<\/p>\n<p><div id=\"attachment_81511\" style=\"width: 842px\" class=\"wp-caption aligncenter\"><img fetchpriority=\"high\" decoding=\"async\" aria-describedby=\"caption-attachment-81511\" class=\" wp-image-81511\" src=\"https:\/\/recursing-golick.147-182-135-0.plesk.page\/wp-content\/uploads\/2022\/02\/u-s-church-region-establishes-fully-virtual-local-church1.jpeg\" alt=\"\" width=\"832\" height=\"521\" srcset=\"https:\/\/interamerica.org\/wp-content\/uploads\/2022\/02\/u-s-church-region-establishes-fully-virtual-local-church1.jpeg 1000w, https:\/\/interamerica.org\/wp-content\/uploads\/2022\/02\/u-s-church-region-establishes-fully-virtual-local-church1-300x188.jpeg 300w, https:\/\/interamerica.org\/wp-content\/uploads\/2022\/02\/u-s-church-region-establishes-fully-virtual-local-church1-768x480.jpeg 768w\" sizes=\"(max-width: 832px) 100vw, 832px\" \/><p id=\"caption-attachment-81511\" class=\"wp-caption-text\">Sede de la Asociaci\u00f3n del Noreste de la Iglesia Adventista en Jamaica, Nueva York, Estados Unidos. [Fotograf\u00eda: Asociaci\u00f3n del Noreste]<\/p><\/div>Durante la pandemia, a medida que muchas iglesias trasladaron sus cultos en l\u00ednea, Myers cambi\u00f3 la manera de hacer las cosas, y comenz\u00f3 con una audiencia en l\u00ednea que se conectaba cada semana en Campbell para los cultos de la iglesia. Al interactuar con la audiencia en l\u00ednea durante sus presentaciones en vivo, not\u00f3 un incremento significativo en el alcance y el tama\u00f1o de su audiencia. \u201cNos est\u00e1bamos comunicando directamente con ellos. Vimos que sus comentarios se incrementaban y que pod\u00edamos responder en tiempo real. Eso termin\u00f3 siendo una real bendici\u00f3n\u201d, expres\u00f3.<\/p>\n<p>Myers se contact\u00f3 con la Asociaci\u00f3n del Noreste con la idea de formar una iglesia virtual. \u201cLa diferencia entre los servicios de transmisi\u00f3n en l\u00ednea y la formaci\u00f3n de una iglesia virtual es que las personas en l\u00ednea no est\u00e1n mirando desde afuera; no se est\u00e1n sumando a un culto; ellos <em>son<\/em> parte del culto\u201d, explic\u00f3 Myers. \u201cEs un concepto novedoso\u201d, dijo Jules. \u201cHe aprendido en mi vida y en mi ministerio que hay que tratar de hacer cosas nuevas, para poder conocer y alcanzar a [otras] personas para Cristo\u201d.<\/p>\n<p>Como iglesia virtual, Living Manna planea operar de manera muy similar a una iglesia tradicional en la que los miembros ocupan un espacio f\u00edsico. \u201cLa \u00fanica diferencia es que [los miembros] provendr\u00e1n de todo el mundo\u201d, dijo Jules. \u201cSer\u00e1n instruidos en las ense\u00f1anzas de la Iglesia Adventista, y tendremos elecciones como cualquier otra iglesia; todas las actividades auxiliares estar\u00e1n representadas en la iglesia virtual\u201d. Los miembros de Living Manna utilizar\u00e1n Adventist Giving en l\u00ednea para devolver los diezmos y dar ofrendas. Como iglesia virtual, Living Manna tambi\u00e9n operar\u00e1 siete d\u00edas a la semana por medio de diversos programas variados en l\u00ednea que se ocupan de la vida diaria, las finanzas y la salud mental, entre otras cosas.<\/p>\n<p><div id=\"attachment_81514\" style=\"width: 431px\" class=\"wp-caption aligncenter\"><img decoding=\"async\" aria-describedby=\"caption-attachment-81514\" class=\" wp-image-81514\" src=\"https:\/\/recursing-golick.147-182-135-0.plesk.page\/wp-content\/uploads\/2022\/02\/ivor-myers-500x547-274x300-1.jpeg\" alt=\"\" width=\"421\" height=\"461\" \/><p id=\"caption-attachment-81514\" class=\"wp-caption-text\">Ivor Myers, pastor de la nueva iglesia virtual votada por la Asociaci\u00f3n del Noreste. La base de Myers estar\u00e1 en la Universidad Oakwood en Huntsville, Alabama, mientras que la iglesia virtual es una entidad votada por la Asociaci\u00f3n del Noreste con sede en Jamaica, Nueva York. [Fotograf\u00eda: Atlantic Union <em>Gleaner<\/em>]<\/p><\/div>Ser pastor de una iglesia en l\u00ednea tambi\u00e9n permite que Myers y su esposa Atonte ministren desde un \u00e1rea diferente del pa\u00eds. Aunque la iglesia virtual es parte de la Asociaci\u00f3n del Noreste en Nueva York, los Myers viven actualmente en Huntsville, Alabama, donde su ministerio tambi\u00e9n incluye trabajar en la Universidad Oakwood. Atonte es una terapeuta familiar licenciada y ser\u00e1 la terapeuta licenciada en salud mental de la instituci\u00f3n, y Myers ser\u00e1 jefe de la residencia de varones de primer a\u00f1o.<\/p>\n<p>Cuando se le pregunt\u00f3 sobre los impactos positivos de los miembros que escogen apoyar una iglesia virtual y abandonar su iglesia local, Jules no se mostr\u00f3 preocupado. \u201cNo me preocupa que las personas dejen los templos para asistir a una iglesia virtual\u201d, dijo Jules. \u201cSiempre he dicho que si un pastor tiene miedo de perder miembros en otra congregaci\u00f3n, otro predicador o cualquier otro establecimiento del lugar, es porque es mejor perderlos. Si uno hace lo correcto y las personas aun as\u00ed se van, hay libertad de hacerlo. Uno hace lo mejor que puede para ministrar a otros\u201d.<\/p>\n<p>Nicardo Delahaye, secretario asociado de la Asociaci\u00f3n del Noreste, se mostr\u00f3 de acuerdo. \u201cLa iglesia en l\u00ednea est\u00e1 pensada para una audiencia diferente. Estamos detr\u00e1s de dos grupos demogr\u00e1ficos diferentes\u201d. Y a\u00f1adi\u00f3: \u201cNo creo que [Living Manna] se dedique a robar miembros de las iglesias reales. En todo caso, [Myers] complementar\u00e1 su dieta y contenidos religiosos, pero no creo que necesariamente les reste a los dem\u00e1s. Creo que algunos de nuestros miembros de los templos aprecian la historia de su iglesia, la comuni\u00f3n, las estructuras sociales que los conectan entre s\u00ed. El desaf\u00edo con la iglesia virtual ser\u00e1 tratar de fomentar que la congregaci\u00f3n se vea a s\u00ed misma como un sistema\u201d.<\/p>\n<p>\u201cLa iglesia en l\u00ednea no es para todos, pero es para algunos, y ese n\u00famero de personas es muy grande\u201d, dijo Myers. \u201cHay personas que no ingresar\u00e1n nunca a un templo, pero miran los cultos en l\u00ednea. No queremos aparecer como la competencia o una amenaza para la iglesia. Es por ello que nuestro \u00e9nfasis no es trasladar miembros adventistas a Living Manna sino conseguir nuevos miembros que a\u00fan no est\u00e1n en la iglesia. Anhelamos tambi\u00e9n ayudar a llenar otras iglesias\u201d.<\/p>\n<p><em>La <\/em><a href=\"https:\/\/atlanticuniongleaner.org\/news\/northeastern\/2022\/northeastern-conference-establishes-a-virtual-church\/\" target=\"_blank\" rel=\"noopener\"><em>version original<\/em><\/a><em> de esta noticia fue publicada por la revista <\/em> <a href=\"https:\/\/atlanticuniongleaner.org\/\" target=\"_blank\" rel=\"noopener\"><em>Atlantic Union<\/em> Gleaner<\/a>.<\/p>\n<p>Traducci\u00f3n de Marcos Paseggi<\/p>\n","protected":false},"excerpt":{"rendered":"<p>Los l\u00edderes creen que la iniciativa abre un sinn\u00famero de nuevas posibilidades de obra comunitaria y misionera. 15 de febrero de 2022 | Nueva York, Estados Unidos | Debra Cuadro,&#8230;<\/p>\n","protected":false},"author":3,"featured_media":81511,"comment_status":"closed","ping_status":"closed","sticky":false,"template":"","format":"standard","meta":{"_acf_changed":false,"footnotes":""},"categories":[14,15],"tags":[],"class_list":["post-81521","post","type-post","status-publish","format-standard","has-post-thumbnail","hentry","category-de-la-iglesia-mundial","category-rss-espanol"],"acf":[],"yoast_head":"<!-- This site is optimized with the Yoast SEO plugin v27.3 - https:\/\/yoast.com\/product\/yoast-seo-wordpress\/ -->\n<title>Regi\u00f3n de la Iglesia Adventista en EE.UU. establece congregaci\u00f3n completamente virtual - Iglesia Adventista del S\u00e9ptimo D\u00eda - Divisi\u00f3n Interamericana<\/title>\n<meta name=\"robots\" content=\"index, follow, max-snippet:-1, max-image-preview:large, max-video-preview:-1\" \/>\n<link rel=\"canonical\" href=\"https:\/\/interamerica.org\/es\/2022\/02\/region-de-la-iglesia-adventista-en-ee-uu-establece-congregacion-completamente-virtual\/\" \/>\n<meta property=\"og:locale\" content=\"es_ES\" \/>\n<meta property=\"og:type\" content=\"article\" \/>\n<meta property=\"og:title\" content=\"Regi\u00f3n de la Iglesia Adventista en EE.UU. establece congregaci\u00f3n completamente virtual - Iglesia Adventista del S\u00e9ptimo D\u00eda - Divisi\u00f3n Interamericana\" \/>\n<meta property=\"og:description\" content=\"Los l\u00edderes creen que la iniciativa abre un sinn\u00famero de nuevas posibilidades de obra comunitaria y misionera. 15 de febrero de 2022 | Nueva York, Estados Unidos | Debra Cuadro,...\" \/>\n<meta property=\"og:url\" content=\"https:\/\/interamerica.org\/es\/2022\/02\/region-de-la-iglesia-adventista-en-ee-uu-establece-congregacion-completamente-virtual\/\" \/>\n<meta property=\"og:site_name\" content=\"Iglesia Adventista del S\u00e9ptimo D\u00eda - Divisi\u00f3n Interamericana\" \/>\n<meta property=\"article:published_time\" content=\"2022-02-15T20:47:05+00:00\" \/>\n<meta property=\"article:modified_time\" content=\"2022-02-15T23:47:59+00:00\" \/>\n<meta property=\"og:image\" content=\"https:\/\/interamerica.org\/wp-content\/uploads\/2022\/02\/u-s-church-region-establishes-fully-virtual-local-church1.jpeg\" \/>\n\t<meta property=\"og:image:width\" content=\"1000\" \/>\n\t<meta property=\"og:image:height\" content=\"625\" \/>\n\t<meta property=\"og:image:type\" content=\"image\/jpeg\" \/>\n<meta name=\"author\" content=\"libna\" \/>\n<meta name=\"twitter:card\" content=\"summary_large_image\" \/>\n<meta name=\"twitter:label1\" content=\"Escrito por\" \/>\n\t<meta name=\"twitter:data1\" content=\"libna\" \/>\n\t<meta name=\"twitter:label2\" content=\"Tiempo de lectura\" \/>\n\t<meta name=\"twitter:data2\" content=\"5 minutos\" \/>\n<script type=\"application\/ld+json\" class=\"yoast-schema-graph\">{\"@context\":\"https:\\\/\\\/schema.org\",\"@graph\":[{\"@type\":\"Article\",\"@id\":\"https:\\\/\\\/interamerica.org\\\/es\\\/2022\\\/02\\\/region-de-la-iglesia-adventista-en-ee-uu-establece-congregacion-completamente-virtual\\\/#article\",\"isPartOf\":{\"@id\":\"https:\\\/\\\/interamerica.org\\\/es\\\/2022\\\/02\\\/region-de-la-iglesia-adventista-en-ee-uu-establece-congregacion-completamente-virtual\\\/\"},\"author\":{\"name\":\"libna\",\"@id\":\"https:\\\/\\\/interamerica.org\\\/es\\\/#\\\/schema\\\/person\\\/29998f2bc2d8bd0d38662909289b54f1\"},\"headline\":\"Regi\u00f3n de la Iglesia Adventista en EE.UU. establece congregaci\u00f3n completamente virtual\",\"datePublished\":\"2022-02-15T20:47:05+00:00\",\"dateModified\":\"2022-02-15T23:47:59+00:00\",\"mainEntityOfPage\":{\"@id\":\"https:\\\/\\\/interamerica.org\\\/es\\\/2022\\\/02\\\/region-de-la-iglesia-adventista-en-ee-uu-establece-congregacion-completamente-virtual\\\/\"},\"wordCount\":1010,\"image\":{\"@id\":\"https:\\\/\\\/interamerica.org\\\/es\\\/2022\\\/02\\\/region-de-la-iglesia-adventista-en-ee-uu-establece-congregacion-completamente-virtual\\\/#primaryimage\"},\"thumbnailUrl\":\"https:\\\/\\\/interamerica.org\\\/wp-content\\\/uploads\\\/2022\\\/02\\\/u-s-church-region-establishes-fully-virtual-local-church1.jpeg\",\"articleSection\":[\"Desde la iglesia mundial\",\"RSS Espa\u00f1ol\"],\"inLanguage\":\"es\"},{\"@type\":\"WebPage\",\"@id\":\"https:\\\/\\\/interamerica.org\\\/es\\\/2022\\\/02\\\/region-de-la-iglesia-adventista-en-ee-uu-establece-congregacion-completamente-virtual\\\/\",\"url\":\"https:\\\/\\\/interamerica.org\\\/es\\\/2022\\\/02\\\/region-de-la-iglesia-adventista-en-ee-uu-establece-congregacion-completamente-virtual\\\/\",\"name\":\"Regi\u00f3n de la Iglesia Adventista en EE.UU. establece congregaci\u00f3n completamente virtual - Iglesia Adventista del S\u00e9ptimo D\u00eda - Divisi\u00f3n Interamericana\",\"isPartOf\":{\"@id\":\"https:\\\/\\\/interamerica.org\\\/es\\\/#website\"},\"primaryImageOfPage\":{\"@id\":\"https:\\\/\\\/interamerica.org\\\/es\\\/2022\\\/02\\\/region-de-la-iglesia-adventista-en-ee-uu-establece-congregacion-completamente-virtual\\\/#primaryimage\"},\"image\":{\"@id\":\"https:\\\/\\\/interamerica.org\\\/es\\\/2022\\\/02\\\/region-de-la-iglesia-adventista-en-ee-uu-establece-congregacion-completamente-virtual\\\/#primaryimage\"},\"thumbnailUrl\":\"https:\\\/\\\/interamerica.org\\\/wp-content\\\/uploads\\\/2022\\\/02\\\/u-s-church-region-establishes-fully-virtual-local-church1.jpeg\",\"datePublished\":\"2022-02-15T20:47:05+00:00\",\"dateModified\":\"2022-02-15T23:47:59+00:00\",\"author\":{\"@id\":\"https:\\\/\\\/interamerica.org\\\/es\\\/#\\\/schema\\\/person\\\/29998f2bc2d8bd0d38662909289b54f1\"},\"breadcrumb\":{\"@id\":\"https:\\\/\\\/interamerica.org\\\/es\\\/2022\\\/02\\\/region-de-la-iglesia-adventista-en-ee-uu-establece-congregacion-completamente-virtual\\\/#breadcrumb\"},\"inLanguage\":\"es\",\"potentialAction\":[{\"@type\":\"ReadAction\",\"target\":[\"https:\\\/\\\/interamerica.org\\\/es\\\/2022\\\/02\\\/region-de-la-iglesia-adventista-en-ee-uu-establece-congregacion-completamente-virtual\\\/\"]}]},{\"@type\":\"ImageObject\",\"inLanguage\":\"es\",\"@id\":\"https:\\\/\\\/interamerica.org\\\/es\\\/2022\\\/02\\\/region-de-la-iglesia-adventista-en-ee-uu-establece-congregacion-completamente-virtual\\\/#primaryimage\",\"url\":\"https:\\\/\\\/interamerica.org\\\/wp-content\\\/uploads\\\/2022\\\/02\\\/u-s-church-region-establishes-fully-virtual-local-church1.jpeg\",\"contentUrl\":\"https:\\\/\\\/interamerica.org\\\/wp-content\\\/uploads\\\/2022\\\/02\\\/u-s-church-region-establishes-fully-virtual-local-church1.jpeg\",\"width\":1000,\"height\":625,\"caption\":\"Sede de la Asociaci\u00f3n del Noreste de la Iglesia Adventista en Jamaica, Nueva York, Estados Unidos. [Fotograf\u00eda: Asociaci\u00f3n del Noreste]\"},{\"@type\":\"BreadcrumbList\",\"@id\":\"https:\\\/\\\/interamerica.org\\\/es\\\/2022\\\/02\\\/region-de-la-iglesia-adventista-en-ee-uu-establece-congregacion-completamente-virtual\\\/#breadcrumb\",\"itemListElement\":[{\"@type\":\"ListItem\",\"position\":1,\"name\":\"Home\",\"item\":\"https:\\\/\\\/interamerica.org\\\/es\\\/\"},{\"@type\":\"ListItem\",\"position\":2,\"name\":\"Regi\u00f3n de la Iglesia Adventista en EE.UU. establece congregaci\u00f3n completamente virtual\"}]},{\"@type\":\"WebSite\",\"@id\":\"https:\\\/\\\/interamerica.org\\\/es\\\/#website\",\"url\":\"https:\\\/\\\/interamerica.org\\\/es\\\/\",\"name\":\"Iglesia Adventista del S\u00e9ptimo D\u00eda - Divisi\u00f3n Interamericana\",\"description\":\"\",\"potentialAction\":[{\"@type\":\"SearchAction\",\"target\":{\"@type\":\"EntryPoint\",\"urlTemplate\":\"https:\\\/\\\/interamerica.org\\\/es\\\/?s={search_term_string}\"},\"query-input\":{\"@type\":\"PropertyValueSpecification\",\"valueRequired\":true,\"valueName\":\"search_term_string\"}}],\"inLanguage\":\"es\"},{\"@type\":\"Person\",\"@id\":\"https:\\\/\\\/interamerica.org\\\/es\\\/#\\\/schema\\\/person\\\/29998f2bc2d8bd0d38662909289b54f1\",\"name\":\"libna\",\"image\":{\"@type\":\"ImageObject\",\"inLanguage\":\"es\",\"@id\":\"https:\\\/\\\/secure.gravatar.com\\\/avatar\\\/7c5bd30ae4b47a9ba3c856590957fd1d96dc588bf3ac05719d247e126840331f?s=96&d=mm&r=g\",\"url\":\"https:\\\/\\\/secure.gravatar.com\\\/avatar\\\/7c5bd30ae4b47a9ba3c856590957fd1d96dc588bf3ac05719d247e126840331f?s=96&d=mm&r=g\",\"contentUrl\":\"https:\\\/\\\/secure.gravatar.com\\\/avatar\\\/7c5bd30ae4b47a9ba3c856590957fd1d96dc588bf3ac05719d247e126840331f?s=96&d=mm&r=g\",\"caption\":\"libna\"}}]}<\/script>\n<!-- \/ Yoast SEO plugin. -->","yoast_head_json":{"title":"Regi\u00f3n de la Iglesia Adventista en EE.UU. establece congregaci\u00f3n completamente virtual - Iglesia Adventista del S\u00e9ptimo D\u00eda - Divisi\u00f3n Interamericana","robots":{"index":"index","follow":"follow","max-snippet":"max-snippet:-1","max-image-preview":"max-image-preview:large","max-video-preview":"max-video-preview:-1"},"canonical":"https:\/\/interamerica.org\/es\/2022\/02\/region-de-la-iglesia-adventista-en-ee-uu-establece-congregacion-completamente-virtual\/","og_locale":"es_ES","og_type":"article","og_title":"Regi\u00f3n de la Iglesia Adventista en EE.UU. establece congregaci\u00f3n completamente virtual - Iglesia Adventista del S\u00e9ptimo D\u00eda - Divisi\u00f3n Interamericana","og_description":"Los l\u00edderes creen que la iniciativa abre un sinn\u00famero de nuevas posibilidades de obra comunitaria y misionera. 15 de febrero de 2022 | Nueva York, Estados Unidos | Debra Cuadro,...","og_url":"https:\/\/interamerica.org\/es\/2022\/02\/region-de-la-iglesia-adventista-en-ee-uu-establece-congregacion-completamente-virtual\/","og_site_name":"Iglesia Adventista del S\u00e9ptimo D\u00eda - Divisi\u00f3n Interamericana","article_published_time":"2022-02-15T20:47:05+00:00","article_modified_time":"2022-02-15T23:47:59+00:00","og_image":[{"width":1000,"height":625,"url":"https:\/\/interamerica.org\/wp-content\/uploads\/2022\/02\/u-s-church-region-establishes-fully-virtual-local-church1.jpeg","type":"image\/jpeg"}],"author":"libna","twitter_card":"summary_large_image","twitter_misc":{"Escrito por":"libna","Tiempo de lectura":"5 minutos"},"schema":{"@context":"https:\/\/schema.org","@graph":[{"@type":"Article","@id":"https:\/\/interamerica.org\/es\/2022\/02\/region-de-la-iglesia-adventista-en-ee-uu-establece-congregacion-completamente-virtual\/#article","isPartOf":{"@id":"https:\/\/interamerica.org\/es\/2022\/02\/region-de-la-iglesia-adventista-en-ee-uu-establece-congregacion-completamente-virtual\/"},"author":{"name":"libna","@id":"https:\/\/interamerica.org\/es\/#\/schema\/person\/29998f2bc2d8bd0d38662909289b54f1"},"headline":"Regi\u00f3n de la Iglesia Adventista en EE.UU. establece congregaci\u00f3n completamente virtual","datePublished":"2022-02-15T20:47:05+00:00","dateModified":"2022-02-15T23:47:59+00:00","mainEntityOfPage":{"@id":"https:\/\/interamerica.org\/es\/2022\/02\/region-de-la-iglesia-adventista-en-ee-uu-establece-congregacion-completamente-virtual\/"},"wordCount":1010,"image":{"@id":"https:\/\/interamerica.org\/es\/2022\/02\/region-de-la-iglesia-adventista-en-ee-uu-establece-congregacion-completamente-virtual\/#primaryimage"},"thumbnailUrl":"https:\/\/interamerica.org\/wp-content\/uploads\/2022\/02\/u-s-church-region-establishes-fully-virtual-local-church1.jpeg","articleSection":["Desde la iglesia mundial","RSS Espa\u00f1ol"],"inLanguage":"es"},{"@type":"WebPage","@id":"https:\/\/interamerica.org\/es\/2022\/02\/region-de-la-iglesia-adventista-en-ee-uu-establece-congregacion-completamente-virtual\/","url":"https:\/\/interamerica.org\/es\/2022\/02\/region-de-la-iglesia-adventista-en-ee-uu-establece-congregacion-completamente-virtual\/","name":"Regi\u00f3n de la Iglesia Adventista en EE.UU. establece congregaci\u00f3n completamente virtual - Iglesia Adventista del S\u00e9ptimo D\u00eda - Divisi\u00f3n Interamericana","isPartOf":{"@id":"https:\/\/interamerica.org\/es\/#website"},"primaryImageOfPage":{"@id":"https:\/\/interamerica.org\/es\/2022\/02\/region-de-la-iglesia-adventista-en-ee-uu-establece-congregacion-completamente-virtual\/#primaryimage"},"image":{"@id":"https:\/\/interamerica.org\/es\/2022\/02\/region-de-la-iglesia-adventista-en-ee-uu-establece-congregacion-completamente-virtual\/#primaryimage"},"thumbnailUrl":"https:\/\/interamerica.org\/wp-content\/uploads\/2022\/02\/u-s-church-region-establishes-fully-virtual-local-church1.jpeg","datePublished":"2022-02-15T20:47:05+00:00","dateModified":"2022-02-15T23:47:59+00:00","author":{"@id":"https:\/\/interamerica.org\/es\/#\/schema\/person\/29998f2bc2d8bd0d38662909289b54f1"},"breadcrumb":{"@id":"https:\/\/interamerica.org\/es\/2022\/02\/region-de-la-iglesia-adventista-en-ee-uu-establece-congregacion-completamente-virtual\/#breadcrumb"},"inLanguage":"es","potentialAction":[{"@type":"ReadAction","target":["https:\/\/interamerica.org\/es\/2022\/02\/region-de-la-iglesia-adventista-en-ee-uu-establece-congregacion-completamente-virtual\/"]}]},{"@type":"ImageObject","inLanguage":"es","@id":"https:\/\/interamerica.org\/es\/2022\/02\/region-de-la-iglesia-adventista-en-ee-uu-establece-congregacion-completamente-virtual\/#primaryimage","url":"https:\/\/interamerica.org\/wp-content\/uploads\/2022\/02\/u-s-church-region-establishes-fully-virtual-local-church1.jpeg","contentUrl":"https:\/\/interamerica.org\/wp-content\/uploads\/2022\/02\/u-s-church-region-establishes-fully-virtual-local-church1.jpeg","width":1000,"height":625,"caption":"Sede de la Asociaci\u00f3n del Noreste de la Iglesia Adventista en Jamaica, Nueva York, Estados Unidos. [Fotograf\u00eda: Asociaci\u00f3n del Noreste]"},{"@type":"BreadcrumbList","@id":"https:\/\/interamerica.org\/es\/2022\/02\/region-de-la-iglesia-adventista-en-ee-uu-establece-congregacion-completamente-virtual\/#breadcrumb","itemListElement":[{"@type":"ListItem","position":1,"name":"Home","item":"https:\/\/interamerica.org\/es\/"},{"@type":"ListItem","position":2,"name":"Regi\u00f3n de la Iglesia Adventista en EE.UU. establece congregaci\u00f3n completamente virtual"}]},{"@type":"WebSite","@id":"https:\/\/interamerica.org\/es\/#website","url":"https:\/\/interamerica.org\/es\/","name":"Iglesia Adventista del S\u00e9ptimo D\u00eda - Divisi\u00f3n Interamericana","description":"","potentialAction":[{"@type":"SearchAction","target":{"@type":"EntryPoint","urlTemplate":"https:\/\/interamerica.org\/es\/?s={search_term_string}"},"query-input":{"@type":"PropertyValueSpecification","valueRequired":true,"valueName":"search_term_string"}}],"inLanguage":"es"},{"@type":"Person","@id":"https:\/\/interamerica.org\/es\/#\/schema\/person\/29998f2bc2d8bd0d38662909289b54f1","name":"libna","image":{"@type":"ImageObject","inLanguage":"es","@id":"https:\/\/secure.gravatar.com\/avatar\/7c5bd30ae4b47a9ba3c856590957fd1d96dc588bf3ac05719d247e126840331f?s=96&d=mm&r=g","url":"https:\/\/secure.gravatar.com\/avatar\/7c5bd30ae4b47a9ba3c856590957fd1d96dc588bf3ac05719d247e126840331f?s=96&d=mm&r=g","contentUrl":"https:\/\/secure.gravatar.com\/avatar\/7c5bd30ae4b47a9ba3c856590957fd1d96dc588bf3ac05719d247e126840331f?s=96&d=mm&r=g","caption":"libna"}}]}},"_links":{"self":[{"href":"https:\/\/interamerica.org\/es\/wp-json\/wp\/v2\/posts\/81521","targetHints":{"allow":["GET"]}}],"collection":[{"href":"https:\/\/interamerica.org\/es\/wp-json\/wp\/v2\/posts"}],"about":[{"href":"https:\/\/interamerica.org\/es\/wp-json\/wp\/v2\/types\/post"}],"author":[{"embeddable":true,"href":"https:\/\/interamerica.org\/es\/wp-json\/wp\/v2\/users\/3"}],"replies":[{"embeddable":true,"href":"https:\/\/interamerica.org\/es\/wp-json\/wp\/v2\/comments?post=81521"}],"version-history":[{"count":0,"href":"https:\/\/interamerica.org\/es\/wp-json\/wp\/v2\/posts\/81521\/revisions"}],"wp:featuredmedia":[{"embeddable":true,"href":"https:\/\/interamerica.org\/es\/wp-json\/wp\/v2\/media\/81511"}],"wp:attachment":[{"href":"https:\/\/interamerica.org\/es\/wp-json\/wp\/v2\/media?parent=81521"}],"wp:term":[{"taxonomy":"category","embeddable":true,"href":"https:\/\/interamerica.org\/es\/wp-json\/wp\/v2\/categories?post=81521"},{"taxonomy":"post_tag","embeddable":true,"href":"https:\/\/interamerica.org\/es\/wp-json\/wp\/v2\/tags?post=81521"}],"curies":[{"name":"wp","href":"https:\/\/api.w.org\/{rel}","templated":true}]}}