{"id":81709,"date":"2022-02-23T11:11:58","date_gmt":"2022-02-23T15:11:58","guid":{"rendered":"https:\/\/recursing-golick.147-182-135-0.plesk.page\/?p=81709"},"modified":"2022-02-23T15:38:24","modified_gmt":"2022-02-23T19:38:24","slug":"damos-las-gracias-a-cada-soldado-policia-enfermero-medico-y-servidor-publico","status":"publish","type":"post","link":"https:\/\/interamerica.org\/es\/2022\/02\/damos-las-gracias-a-cada-soldado-policia-enfermero-medico-y-servidor-publico\/","title":{"rendered":"\u2018Damos las gracias a cada soldado, polic\u00eda, enfermero, m\u00e9dico y servidor p\u00fablico\u2019"},"content":{"rendered":"<p><strong>En Filipinas, los adventistas reconocen el apoyo del gobierno a la labor humanitaria. <\/strong><\/p>\n<p>22 de febrero de 2022 | Mindoro, Filipinas | Edward Rodr\u00edguez, Divisi\u00f3n Asia-Pac\u00edfico Sur y Adventist Review<\/p>\n<p>La \u00a0Iglesia Adventista del S\u00e9ptimo D\u00eda promueve varias iniciativas en todo el mundo; y los dirigentes de la iglesia piensan que el firme y decidido apoyo por parte de la organizaci\u00f3n de la iglesia y de la sociedad en general, es esencial para garantizar su eficacia e influencia dentro de la comunidad. La iglesia adventista y los funcionarios de gobierno en Mindoro, Filipinas, han trabajado en conjunto en varios proyectos. Esto ha ayudado a reforzar los programas y apoyo de la iglesia en relaci\u00f3n con espiritualidad, salud, familia y una vida llena de esperanza, dijeron los dirigentes de la iglesia.<\/p>\n<p>\u201cLa obra del Se\u00f1or es una labor colaborativa. No podemos hacerla por nosotros mismos. El Se\u00f1or nos permite encontrarnos con personas con la misma pasi\u00f3n y el mismo coraz\u00f3n hacia la obra de Dios, para asegurar que esta obra se lleve a cabo\u201d, dijo Saw Samuel, presidente de la Divisi\u00f3n Asia-Pac\u00edfico Sur (APS) de la Iglesia Adventista. \u201cLes damos las gracias a cada soldado, polic\u00eda, enfermero, m\u00e9dico, servidor p\u00fablico. Todos ustedes jugaron un papel de crucial importancia al convertirse en canales del amor de Dios en este lugar\u201d, a\u00f1adi\u00f3.<\/p>\n<p>La isla de Mindoro, con oficinas gubernamentales tanto de las provincias orientales como en las occidentales, se ha involucrado en forma activa, extendiendo su apoyo en la implementaci\u00f3n de programas de la iglesia en toda la isla. Con este enfoque inclusivo al llevar el mensaje de esperanza a la gente, la iglesia ha organizado una serie de programas que oscilan entre misiones m\u00e9dicas, seminarios para mejoramiento de la familia, reuniones de mayordom\u00eda, campa\u00f1as de evangelizaci\u00f3n y reuniones sociales.<\/p>\n<p>En ceremonia reciente, los dirigentes adventistas reconocieron y agradecieron al gobierno por su apoyo a los esfuerzos e iniciativas de la iglesia. Los funcionarios de gobierno dijeron que ellos tambi\u00e9n estaban muy agradecidos por los v\u00ednculos de colaboraci\u00f3n con la Iglesia Adventista.<\/p>\n<p>\u201cCon toda sinceridad, estoy muy agradecido a la Iglesia Adventista. Todav\u00eda tengo muchas cosas que debo hacer hoy, pero me voy a casa con el coraz\u00f3n bendecido. Pablo nos record\u00f3 que debemos estar agradecidos en el nombre de Cristo, de manera que tengamos siempre un coraz\u00f3n lleno de gratitud\u201d, dijo Humerlito \u201cBonz\u201d Dolor, gobernador de la zona oriental de Mindoro \u201cEstoy seguro de que esta noche nuestro coraz\u00f3n est\u00e1 lleno del amor que proviene del Se\u00f1or. Damos gracias al Se\u00f1or por el amor \u00e1gape que podemos compartir con otros y con cualquiera que trabaje lado a lado con el Se\u00f1or\u201d, a\u00f1adi\u00f3.<\/p>\n<p>En diciembre de 2021, la iglesia adventista y el gobierno se unieron en el proyecto de acercarse a los grupos minoritarios y rebeldes situados en las profundas regiones monta\u00f1osas de la isla. Radio Mundial Adventista, la red oficial de transmisi\u00f3n radial de la Iglesia Adventista, estuvo a la cabeza de esta iniciativa, que trajo como resultado la entrega y aceptaci\u00f3n de Jes\u00fas a trav\u00e9s del bautismo, de grupos minoritarios y rebeldes.<\/p>\n<p>Los dirigentes de la iglesia adventista dijeron que a trav\u00e9s de oraci\u00f3n ferviente y consistente coordinaci\u00f3n, los miembros de la iglesia enfocados en la misi\u00f3n, ayudaron a organizar la reuni\u00f3n de evangelizaci\u00f3n que cubri\u00f3 toda la isla. \u201cTrajo como resultado una colaboraci\u00f3n valiosa entre la iglesia y el gobierno de Mindoro\u201d, dijeron.<\/p>\n<p><em>La <\/em><a href=\"https:\/\/adventist.asia\/news\/adventists-church-recognizes-government-contributions-in-various-humanitarian-efforts-in-mindoro-philippines\/\"><em>versi\u00f3n original <\/em><\/a>\u00a0<em>de esta noticia se public\u00f3 en el <\/em><a href=\"https:\/\/adventist.asia\/news\"><em>sitio de noticias<\/em><\/a> <em>de la Divisi\u00f3n Asia-Pacifico Sur<\/em><\/p>\n<p>Traducci\u00f3n \u2013 Gloria A. Castrej\u00f3n<\/p>\n<h4 id=\"headline-6-7\" class=\"ct-headline\"><span id=\"span-21-7\" class=\"ct-span\">\u00a0\u00a0<\/span><\/h4>\n","protected":false},"excerpt":{"rendered":"<p>En Filipinas, los adventistas reconocen el apoyo del gobierno a la labor humanitaria. 22 de febrero de 2022 | Mindoro, Filipinas | Edward Rodr\u00edguez, Divisi\u00f3n Asia-Pac\u00edfico Sur y Adventist Review&#8230;<\/p>\n","protected":false},"author":3,"featured_media":81679,"comment_status":"closed","ping_status":"closed","sticky":false,"template":"","format":"standard","meta":{"_acf_changed":false,"footnotes":""},"categories":[14,15],"tags":[],"class_list":["post-81709","post","type-post","status-publish","format-standard","has-post-thumbnail","hentry","category-de-la-iglesia-mundial","category-rss-espanol"],"acf":[],"yoast_head":"<!-- This site is optimized with the Yoast SEO plugin v27.3 - https:\/\/yoast.com\/product\/yoast-seo-wordpress\/ -->\n<title>\u2018Damos las gracias a cada soldado, polic\u00eda, enfermero, m\u00e9dico y servidor p\u00fablico\u2019 - Iglesia Adventista del S\u00e9ptimo D\u00eda - Divisi\u00f3n Interamericana<\/title>\n<meta name=\"robots\" content=\"index, follow, max-snippet:-1, max-image-preview:large, max-video-preview:-1\" \/>\n<link rel=\"canonical\" href=\"https:\/\/interamerica.org\/es\/2022\/02\/damos-las-gracias-a-cada-soldado-policia-enfermero-medico-y-servidor-publico\/\" \/>\n<meta property=\"og:locale\" content=\"es_ES\" \/>\n<meta property=\"og:type\" content=\"article\" \/>\n<meta property=\"og:title\" content=\"\u2018Damos las gracias a cada soldado, polic\u00eda, enfermero, m\u00e9dico y servidor p\u00fablico\u2019 - Iglesia Adventista del S\u00e9ptimo D\u00eda - Divisi\u00f3n Interamericana\" \/>\n<meta property=\"og:description\" content=\"En Filipinas, los adventistas reconocen el apoyo del gobierno a la labor humanitaria. 22 de febrero de 2022 | Mindoro, Filipinas | Edward Rodr\u00edguez, Divisi\u00f3n Asia-Pac\u00edfico Sur y Adventist Review...\" \/>\n<meta property=\"og:url\" content=\"https:\/\/interamerica.org\/es\/2022\/02\/damos-las-gracias-a-cada-soldado-policia-enfermero-medico-y-servidor-publico\/\" \/>\n<meta property=\"og:site_name\" content=\"Iglesia Adventista del S\u00e9ptimo D\u00eda - Divisi\u00f3n Interamericana\" \/>\n<meta property=\"article:published_time\" content=\"2022-02-23T15:11:58+00:00\" \/>\n<meta property=\"article:modified_time\" content=\"2022-02-23T19:38:24+00:00\" \/>\n<meta property=\"og:image\" content=\"https:\/\/interamerica.org\/wp-content\/uploads\/2022\/02\/we-are-thankful-for-every-soldier-policeman-nurse-doctor-and-public-servant1.jpg\" \/>\n\t<meta property=\"og:image:width\" content=\"926\" \/>\n\t<meta property=\"og:image:height\" content=\"500\" \/>\n\t<meta property=\"og:image:type\" content=\"image\/jpeg\" \/>\n<meta name=\"author\" content=\"libna\" \/>\n<meta name=\"twitter:card\" content=\"summary_large_image\" \/>\n<meta name=\"twitter:label1\" content=\"Escrito por\" \/>\n\t<meta name=\"twitter:data1\" content=\"libna\" \/>\n\t<meta name=\"twitter:label2\" content=\"Tiempo de lectura\" \/>\n\t<meta name=\"twitter:data2\" content=\"3 minutos\" \/>\n<script type=\"application\/ld+json\" class=\"yoast-schema-graph\">{\"@context\":\"https:\\\/\\\/schema.org\",\"@graph\":[{\"@type\":\"Article\",\"@id\":\"https:\\\/\\\/interamerica.org\\\/es\\\/2022\\\/02\\\/damos-las-gracias-a-cada-soldado-policia-enfermero-medico-y-servidor-publico\\\/#article\",\"isPartOf\":{\"@id\":\"https:\\\/\\\/interamerica.org\\\/es\\\/2022\\\/02\\\/damos-las-gracias-a-cada-soldado-policia-enfermero-medico-y-servidor-publico\\\/\"},\"author\":{\"name\":\"libna\",\"@id\":\"https:\\\/\\\/interamerica.org\\\/es\\\/#\\\/schema\\\/person\\\/29998f2bc2d8bd0d38662909289b54f1\"},\"headline\":\"\u2018Damos las gracias a cada soldado, polic\u00eda, enfermero, m\u00e9dico y servidor p\u00fablico\u2019\",\"datePublished\":\"2022-02-23T15:11:58+00:00\",\"dateModified\":\"2022-02-23T19:38:24+00:00\",\"mainEntityOfPage\":{\"@id\":\"https:\\\/\\\/interamerica.org\\\/es\\\/2022\\\/02\\\/damos-las-gracias-a-cada-soldado-policia-enfermero-medico-y-servidor-publico\\\/\"},\"wordCount\":644,\"image\":{\"@id\":\"https:\\\/\\\/interamerica.org\\\/es\\\/2022\\\/02\\\/damos-las-gracias-a-cada-soldado-policia-enfermero-medico-y-servidor-publico\\\/#primaryimage\"},\"thumbnailUrl\":\"https:\\\/\\\/interamerica.org\\\/wp-content\\\/uploads\\\/2022\\\/02\\\/we-are-thankful-for-every-soldier-policeman-nurse-doctor-and-public-servant1.jpg\",\"articleSection\":[\"Desde la iglesia mundial\",\"RSS Espa\u00f1ol\"],\"inLanguage\":\"es\"},{\"@type\":\"WebPage\",\"@id\":\"https:\\\/\\\/interamerica.org\\\/es\\\/2022\\\/02\\\/damos-las-gracias-a-cada-soldado-policia-enfermero-medico-y-servidor-publico\\\/\",\"url\":\"https:\\\/\\\/interamerica.org\\\/es\\\/2022\\\/02\\\/damos-las-gracias-a-cada-soldado-policia-enfermero-medico-y-servidor-publico\\\/\",\"name\":\"\u2018Damos las gracias a cada soldado, polic\u00eda, enfermero, m\u00e9dico y servidor p\u00fablico\u2019 - Iglesia Adventista del S\u00e9ptimo D\u00eda - Divisi\u00f3n Interamericana\",\"isPartOf\":{\"@id\":\"https:\\\/\\\/interamerica.org\\\/es\\\/#website\"},\"primaryImageOfPage\":{\"@id\":\"https:\\\/\\\/interamerica.org\\\/es\\\/2022\\\/02\\\/damos-las-gracias-a-cada-soldado-policia-enfermero-medico-y-servidor-publico\\\/#primaryimage\"},\"image\":{\"@id\":\"https:\\\/\\\/interamerica.org\\\/es\\\/2022\\\/02\\\/damos-las-gracias-a-cada-soldado-policia-enfermero-medico-y-servidor-publico\\\/#primaryimage\"},\"thumbnailUrl\":\"https:\\\/\\\/interamerica.org\\\/wp-content\\\/uploads\\\/2022\\\/02\\\/we-are-thankful-for-every-soldier-policeman-nurse-doctor-and-public-servant1.jpg\",\"datePublished\":\"2022-02-23T15:11:58+00:00\",\"dateModified\":\"2022-02-23T19:38:24+00:00\",\"author\":{\"@id\":\"https:\\\/\\\/interamerica.org\\\/es\\\/#\\\/schema\\\/person\\\/29998f2bc2d8bd0d38662909289b54f1\"},\"breadcrumb\":{\"@id\":\"https:\\\/\\\/interamerica.org\\\/es\\\/2022\\\/02\\\/damos-las-gracias-a-cada-soldado-policia-enfermero-medico-y-servidor-publico\\\/#breadcrumb\"},\"inLanguage\":\"es\",\"potentialAction\":[{\"@type\":\"ReadAction\",\"target\":[\"https:\\\/\\\/interamerica.org\\\/es\\\/2022\\\/02\\\/damos-las-gracias-a-cada-soldado-policia-enfermero-medico-y-servidor-publico\\\/\"]}]},{\"@type\":\"ImageObject\",\"inLanguage\":\"es\",\"@id\":\"https:\\\/\\\/interamerica.org\\\/es\\\/2022\\\/02\\\/damos-las-gracias-a-cada-soldado-policia-enfermero-medico-y-servidor-publico\\\/#primaryimage\",\"url\":\"https:\\\/\\\/interamerica.org\\\/wp-content\\\/uploads\\\/2022\\\/02\\\/we-are-thankful-for-every-soldier-policeman-nurse-doctor-and-public-servant1.jpg\",\"contentUrl\":\"https:\\\/\\\/interamerica.org\\\/wp-content\\\/uploads\\\/2022\\\/02\\\/we-are-thankful-for-every-soldier-policeman-nurse-doctor-and-public-servant1.jpg\",\"width\":926,\"height\":500},{\"@type\":\"BreadcrumbList\",\"@id\":\"https:\\\/\\\/interamerica.org\\\/es\\\/2022\\\/02\\\/damos-las-gracias-a-cada-soldado-policia-enfermero-medico-y-servidor-publico\\\/#breadcrumb\",\"itemListElement\":[{\"@type\":\"ListItem\",\"position\":1,\"name\":\"Home\",\"item\":\"https:\\\/\\\/interamerica.org\\\/es\\\/\"},{\"@type\":\"ListItem\",\"position\":2,\"name\":\"\u2018Damos las gracias a cada soldado, polic\u00eda, enfermero, m\u00e9dico y servidor p\u00fablico\u2019\"}]},{\"@type\":\"WebSite\",\"@id\":\"https:\\\/\\\/interamerica.org\\\/es\\\/#website\",\"url\":\"https:\\\/\\\/interamerica.org\\\/es\\\/\",\"name\":\"Iglesia Adventista del S\u00e9ptimo D\u00eda - Divisi\u00f3n Interamericana\",\"description\":\"\",\"potentialAction\":[{\"@type\":\"SearchAction\",\"target\":{\"@type\":\"EntryPoint\",\"urlTemplate\":\"https:\\\/\\\/interamerica.org\\\/es\\\/?s={search_term_string}\"},\"query-input\":{\"@type\":\"PropertyValueSpecification\",\"valueRequired\":true,\"valueName\":\"search_term_string\"}}],\"inLanguage\":\"es\"},{\"@type\":\"Person\",\"@id\":\"https:\\\/\\\/interamerica.org\\\/es\\\/#\\\/schema\\\/person\\\/29998f2bc2d8bd0d38662909289b54f1\",\"name\":\"libna\",\"image\":{\"@type\":\"ImageObject\",\"inLanguage\":\"es\",\"@id\":\"https:\\\/\\\/secure.gravatar.com\\\/avatar\\\/7c5bd30ae4b47a9ba3c856590957fd1d96dc588bf3ac05719d247e126840331f?s=96&d=mm&r=g\",\"url\":\"https:\\\/\\\/secure.gravatar.com\\\/avatar\\\/7c5bd30ae4b47a9ba3c856590957fd1d96dc588bf3ac05719d247e126840331f?s=96&d=mm&r=g\",\"contentUrl\":\"https:\\\/\\\/secure.gravatar.com\\\/avatar\\\/7c5bd30ae4b47a9ba3c856590957fd1d96dc588bf3ac05719d247e126840331f?s=96&d=mm&r=g\",\"caption\":\"libna\"}}]}<\/script>\n<!-- \/ Yoast SEO plugin. -->","yoast_head_json":{"title":"\u2018Damos las gracias a cada soldado, polic\u00eda, enfermero, m\u00e9dico y servidor p\u00fablico\u2019 - Iglesia Adventista del S\u00e9ptimo D\u00eda - Divisi\u00f3n Interamericana","robots":{"index":"index","follow":"follow","max-snippet":"max-snippet:-1","max-image-preview":"max-image-preview:large","max-video-preview":"max-video-preview:-1"},"canonical":"https:\/\/interamerica.org\/es\/2022\/02\/damos-las-gracias-a-cada-soldado-policia-enfermero-medico-y-servidor-publico\/","og_locale":"es_ES","og_type":"article","og_title":"\u2018Damos las gracias a cada soldado, polic\u00eda, enfermero, m\u00e9dico y servidor p\u00fablico\u2019 - Iglesia Adventista del S\u00e9ptimo D\u00eda - Divisi\u00f3n Interamericana","og_description":"En Filipinas, los adventistas reconocen el apoyo del gobierno a la labor humanitaria. 22 de febrero de 2022 | Mindoro, Filipinas | Edward Rodr\u00edguez, Divisi\u00f3n Asia-Pac\u00edfico Sur y Adventist Review...","og_url":"https:\/\/interamerica.org\/es\/2022\/02\/damos-las-gracias-a-cada-soldado-policia-enfermero-medico-y-servidor-publico\/","og_site_name":"Iglesia Adventista del S\u00e9ptimo D\u00eda - Divisi\u00f3n Interamericana","article_published_time":"2022-02-23T15:11:58+00:00","article_modified_time":"2022-02-23T19:38:24+00:00","og_image":[{"width":926,"height":500,"url":"https:\/\/interamerica.org\/wp-content\/uploads\/2022\/02\/we-are-thankful-for-every-soldier-policeman-nurse-doctor-and-public-servant1.jpg","type":"image\/jpeg"}],"author":"libna","twitter_card":"summary_large_image","twitter_misc":{"Escrito por":"libna","Tiempo de lectura":"3 minutos"},"schema":{"@context":"https:\/\/schema.org","@graph":[{"@type":"Article","@id":"https:\/\/interamerica.org\/es\/2022\/02\/damos-las-gracias-a-cada-soldado-policia-enfermero-medico-y-servidor-publico\/#article","isPartOf":{"@id":"https:\/\/interamerica.org\/es\/2022\/02\/damos-las-gracias-a-cada-soldado-policia-enfermero-medico-y-servidor-publico\/"},"author":{"name":"libna","@id":"https:\/\/interamerica.org\/es\/#\/schema\/person\/29998f2bc2d8bd0d38662909289b54f1"},"headline":"\u2018Damos las gracias a cada soldado, polic\u00eda, enfermero, m\u00e9dico y servidor p\u00fablico\u2019","datePublished":"2022-02-23T15:11:58+00:00","dateModified":"2022-02-23T19:38:24+00:00","mainEntityOfPage":{"@id":"https:\/\/interamerica.org\/es\/2022\/02\/damos-las-gracias-a-cada-soldado-policia-enfermero-medico-y-servidor-publico\/"},"wordCount":644,"image":{"@id":"https:\/\/interamerica.org\/es\/2022\/02\/damos-las-gracias-a-cada-soldado-policia-enfermero-medico-y-servidor-publico\/#primaryimage"},"thumbnailUrl":"https:\/\/interamerica.org\/wp-content\/uploads\/2022\/02\/we-are-thankful-for-every-soldier-policeman-nurse-doctor-and-public-servant1.jpg","articleSection":["Desde la iglesia mundial","RSS Espa\u00f1ol"],"inLanguage":"es"},{"@type":"WebPage","@id":"https:\/\/interamerica.org\/es\/2022\/02\/damos-las-gracias-a-cada-soldado-policia-enfermero-medico-y-servidor-publico\/","url":"https:\/\/interamerica.org\/es\/2022\/02\/damos-las-gracias-a-cada-soldado-policia-enfermero-medico-y-servidor-publico\/","name":"\u2018Damos las gracias a cada soldado, polic\u00eda, enfermero, m\u00e9dico y servidor p\u00fablico\u2019 - Iglesia Adventista del S\u00e9ptimo D\u00eda - Divisi\u00f3n Interamericana","isPartOf":{"@id":"https:\/\/interamerica.org\/es\/#website"},"primaryImageOfPage":{"@id":"https:\/\/interamerica.org\/es\/2022\/02\/damos-las-gracias-a-cada-soldado-policia-enfermero-medico-y-servidor-publico\/#primaryimage"},"image":{"@id":"https:\/\/interamerica.org\/es\/2022\/02\/damos-las-gracias-a-cada-soldado-policia-enfermero-medico-y-servidor-publico\/#primaryimage"},"thumbnailUrl":"https:\/\/interamerica.org\/wp-content\/uploads\/2022\/02\/we-are-thankful-for-every-soldier-policeman-nurse-doctor-and-public-servant1.jpg","datePublished":"2022-02-23T15:11:58+00:00","dateModified":"2022-02-23T19:38:24+00:00","author":{"@id":"https:\/\/interamerica.org\/es\/#\/schema\/person\/29998f2bc2d8bd0d38662909289b54f1"},"breadcrumb":{"@id":"https:\/\/interamerica.org\/es\/2022\/02\/damos-las-gracias-a-cada-soldado-policia-enfermero-medico-y-servidor-publico\/#breadcrumb"},"inLanguage":"es","potentialAction":[{"@type":"ReadAction","target":["https:\/\/interamerica.org\/es\/2022\/02\/damos-las-gracias-a-cada-soldado-policia-enfermero-medico-y-servidor-publico\/"]}]},{"@type":"ImageObject","inLanguage":"es","@id":"https:\/\/interamerica.org\/es\/2022\/02\/damos-las-gracias-a-cada-soldado-policia-enfermero-medico-y-servidor-publico\/#primaryimage","url":"https:\/\/interamerica.org\/wp-content\/uploads\/2022\/02\/we-are-thankful-for-every-soldier-policeman-nurse-doctor-and-public-servant1.jpg","contentUrl":"https:\/\/interamerica.org\/wp-content\/uploads\/2022\/02\/we-are-thankful-for-every-soldier-policeman-nurse-doctor-and-public-servant1.jpg","width":926,"height":500},{"@type":"BreadcrumbList","@id":"https:\/\/interamerica.org\/es\/2022\/02\/damos-las-gracias-a-cada-soldado-policia-enfermero-medico-y-servidor-publico\/#breadcrumb","itemListElement":[{"@type":"ListItem","position":1,"name":"Home","item":"https:\/\/interamerica.org\/es\/"},{"@type":"ListItem","position":2,"name":"\u2018Damos las gracias a cada soldado, polic\u00eda, enfermero, m\u00e9dico y servidor p\u00fablico\u2019"}]},{"@type":"WebSite","@id":"https:\/\/interamerica.org\/es\/#website","url":"https:\/\/interamerica.org\/es\/","name":"Iglesia Adventista del S\u00e9ptimo D\u00eda - Divisi\u00f3n Interamericana","description":"","potentialAction":[{"@type":"SearchAction","target":{"@type":"EntryPoint","urlTemplate":"https:\/\/interamerica.org\/es\/?s={search_term_string}"},"query-input":{"@type":"PropertyValueSpecification","valueRequired":true,"valueName":"search_term_string"}}],"inLanguage":"es"},{"@type":"Person","@id":"https:\/\/interamerica.org\/es\/#\/schema\/person\/29998f2bc2d8bd0d38662909289b54f1","name":"libna","image":{"@type":"ImageObject","inLanguage":"es","@id":"https:\/\/secure.gravatar.com\/avatar\/7c5bd30ae4b47a9ba3c856590957fd1d96dc588bf3ac05719d247e126840331f?s=96&d=mm&r=g","url":"https:\/\/secure.gravatar.com\/avatar\/7c5bd30ae4b47a9ba3c856590957fd1d96dc588bf3ac05719d247e126840331f?s=96&d=mm&r=g","contentUrl":"https:\/\/secure.gravatar.com\/avatar\/7c5bd30ae4b47a9ba3c856590957fd1d96dc588bf3ac05719d247e126840331f?s=96&d=mm&r=g","caption":"libna"}}]}},"_links":{"self":[{"href":"https:\/\/interamerica.org\/es\/wp-json\/wp\/v2\/posts\/81709","targetHints":{"allow":["GET"]}}],"collection":[{"href":"https:\/\/interamerica.org\/es\/wp-json\/wp\/v2\/posts"}],"about":[{"href":"https:\/\/interamerica.org\/es\/wp-json\/wp\/v2\/types\/post"}],"author":[{"embeddable":true,"href":"https:\/\/interamerica.org\/es\/wp-json\/wp\/v2\/users\/3"}],"replies":[{"embeddable":true,"href":"https:\/\/interamerica.org\/es\/wp-json\/wp\/v2\/comments?post=81709"}],"version-history":[{"count":0,"href":"https:\/\/interamerica.org\/es\/wp-json\/wp\/v2\/posts\/81709\/revisions"}],"wp:featuredmedia":[{"embeddable":true,"href":"https:\/\/interamerica.org\/es\/wp-json\/wp\/v2\/media\/81679"}],"wp:attachment":[{"href":"https:\/\/interamerica.org\/es\/wp-json\/wp\/v2\/media?parent=81709"}],"wp:term":[{"taxonomy":"category","embeddable":true,"href":"https:\/\/interamerica.org\/es\/wp-json\/wp\/v2\/categories?post=81709"},{"taxonomy":"post_tag","embeddable":true,"href":"https:\/\/interamerica.org\/es\/wp-json\/wp\/v2\/tags?post=81709"}],"curies":[{"name":"wp","href":"https:\/\/api.w.org\/{rel}","templated":true}]}}