{"id":81796,"date":"2022-02-24T09:42:32","date_gmt":"2022-02-24T13:42:32","guid":{"rendered":"https:\/\/recursing-golick.147-182-135-0.plesk.page\/?p=81796"},"modified":"2022-02-24T11:23:40","modified_gmt":"2022-02-24T15:23:40","slug":"interamerica-presentara-el-nuevo-programa-de-la-experiencia-biblica-de-vacaciones-el-27-de-febrero","status":"publish","type":"post","link":"https:\/\/interamerica.org\/es\/2022\/02\/interamerica-presentara-el-nuevo-programa-de-la-experiencia-biblica-de-vacaciones-el-27-de-febrero\/","title":{"rendered":"Interam\u00e9rica presentar\u00e1 el nuevo programa de la Experiencia B\u00edblica de Vacaciones el 27 de febrero"},"content":{"rendered":"<p>23 de febrero de 2022 | Miami, Florida, Estados Unidos | Libna Stevens, Noticias de la Divisi\u00f3n Interamericana<\/p>\n<p>La Iglesia Adventista del S\u00e9ptimo D\u00eda en Interam\u00e9rica presentar\u00e1 su m\u00e1s reciente programa de la Experiencia B\u00edblica de Vacaciones para este a\u00f1o, durante un taller especial en l\u00ednea el pr\u00f3ximo domingo 27 de febrero de 2022. El taller de una hora y media de duraci\u00f3n presentar\u00e1 el lema, los personajes, los c\u00e1nticos y los recursos, mientras que reafirmar\u00e1 la obra de miles de l\u00edderes de los ministerios del ni\u00f1o y el adolescente en las iglesias locales de las diversas congregaciones y escuelas, y su compromiso de ense\u00f1ar el amor de Jes\u00fas a cada ni\u00f1o que se registre en la iniciativa anual.<\/p>\n<p>El programa abarcador de la Experiencia B\u00edblica de Vacaciones (VBE) promete impactar la vida de m\u00e1s de trescientos mil ni\u00f1os y adolescentes, dijeron los organizadores.<\/p>\n<p>\u201cNos sentimos muy entusiasmados de compartir el nuevo programa que ha fomentado la colaboraci\u00f3n de muchos de nuestros directores regionales, que tienen tanta pasi\u00f3n por este hermoso ministerio e iniciativa anual\u201d, dice Edith Ruiz Espinoza, directora de ministerios del ni\u00f1o y el adolescente de la Iglesia Adventista en Interam\u00e9rica. \u201cNuestro objetivo es alcanzar a los ni\u00f1os y adolescentes de la iglesia y la comunidad de Interam\u00e9rica con lecciones pr\u00e1cticas de las historias maravillosas de la Biblia que tienen efectos positivos duraderos sobre la vida diaria\u201d.<\/p>\n<p>El programa abarcador, que ha sido anticipado por los l\u00edderes de las iglesias locales en todo el territorio de la Divisi\u00f3n Interamericana, ser\u00e1 explicado paso a paso durante el segmento en l\u00ednea, con un elemento sorpresa, dice Espinoza. \u201cNuestros directores de las uniones est\u00e1n entusiasmados de contar con los l\u00edderes correspondientes de todas las asociaciones y congregaciones locales, que ver\u00e1n de primera mano el taller en l\u00ednea\u201d.<\/p>\n<p>El programa en l\u00ednea ser\u00e1 lanzado en espa\u00f1ol a las 10.00, Hora de Miami, el domingo 27 de febrero de 2022. Puede ver el taller en l\u00ednea de Interam\u00e9rica <a href=\"https:\/\/www.youtube.com\/c\/InterAmericanDivision\">AQU\u00cd<\/a><\/p>\n<p>El taller en l\u00ednea de la Experiencia B\u00edblica de Vacaciones en ingl\u00e9s y franc\u00e9s ser\u00e1 lanzado el 13 de marzo de 2022.<\/p>\n<p><iframe title=\"Taller de EBV 2022\" width=\"500\" height=\"281\" src=\"https:\/\/www.youtube.com\/embed\/asjlXcQacsw?feature=oembed\" frameborder=\"0\" allow=\"accelerometer; autoplay; clipboard-write; encrypted-media; gyroscope; picture-in-picture; web-share\" referrerpolicy=\"strict-origin-when-cross-origin\" allowfullscreen><\/iframe><\/p>\n<p>Traducci\u00f3n de Marcos Paseggi<\/p>\n","protected":false},"excerpt":{"rendered":"<p>23 de febrero de 2022 | Miami, Florida, Estados Unidos | Libna Stevens, Noticias de la Divisi\u00f3n Interamericana La Iglesia Adventista del S\u00e9ptimo D\u00eda en Interam\u00e9rica presentar\u00e1 su m\u00e1s reciente&#8230;<\/p>\n","protected":false},"author":3,"featured_media":81792,"comment_status":"closed","ping_status":"closed","sticky":false,"template":"","format":"standard","meta":{"_acf_changed":false,"footnotes":""},"categories":[16,15],"tags":[],"class_list":["post-81796","post","type-post","status-publish","format-standard","has-post-thumbnail","hentry","category-desde-la-sede","category-rss-espanol"],"acf":[],"yoast_head":"<!-- This site is optimized with the Yoast SEO plugin v27.3 - https:\/\/yoast.com\/product\/yoast-seo-wordpress\/ -->\n<title>Interam\u00e9rica presentar\u00e1 el nuevo programa de la Experiencia B\u00edblica de Vacaciones el 27 de febrero - Iglesia Adventista del S\u00e9ptimo D\u00eda - Divisi\u00f3n Interamericana<\/title>\n<meta name=\"robots\" content=\"index, follow, max-snippet:-1, max-image-preview:large, max-video-preview:-1\" \/>\n<link rel=\"canonical\" href=\"https:\/\/interamerica.org\/es\/2022\/02\/interamerica-presentara-el-nuevo-programa-de-la-experiencia-biblica-de-vacaciones-el-27-de-febrero\/\" \/>\n<meta property=\"og:locale\" content=\"es_ES\" \/>\n<meta property=\"og:type\" content=\"article\" \/>\n<meta property=\"og:title\" content=\"Interam\u00e9rica presentar\u00e1 el nuevo programa de la Experiencia B\u00edblica de Vacaciones el 27 de febrero - Iglesia Adventista del S\u00e9ptimo D\u00eda - Divisi\u00f3n Interamericana\" \/>\n<meta property=\"og:description\" content=\"23 de febrero de 2022 | Miami, Florida, Estados Unidos | Libna Stevens, Noticias de la Divisi\u00f3n Interamericana La Iglesia Adventista del S\u00e9ptimo D\u00eda en Interam\u00e9rica presentar\u00e1 su m\u00e1s reciente...\" \/>\n<meta property=\"og:url\" content=\"https:\/\/interamerica.org\/es\/2022\/02\/interamerica-presentara-el-nuevo-programa-de-la-experiencia-biblica-de-vacaciones-el-27-de-febrero\/\" \/>\n<meta property=\"og:site_name\" content=\"Iglesia Adventista del S\u00e9ptimo D\u00eda - Divisi\u00f3n Interamericana\" \/>\n<meta property=\"article:published_time\" content=\"2022-02-24T13:42:32+00:00\" \/>\n<meta property=\"article:modified_time\" content=\"2022-02-24T15:23:40+00:00\" \/>\n<meta property=\"og:image\" content=\"https:\/\/interamerica.org\/wp-content\/uploads\/2022\/02\/children-erika-giraud-4efed-vtgu4-unsplash.jpg\" \/>\n\t<meta property=\"og:image:width\" content=\"1000\" \/>\n\t<meta property=\"og:image:height\" content=\"625\" \/>\n\t<meta property=\"og:image:type\" content=\"image\/jpeg\" \/>\n<meta name=\"author\" content=\"libna\" \/>\n<meta name=\"twitter:card\" content=\"summary_large_image\" \/>\n<meta name=\"twitter:label1\" content=\"Escrito por\" \/>\n\t<meta name=\"twitter:data1\" content=\"libna\" \/>\n\t<meta name=\"twitter:label2\" content=\"Tiempo de lectura\" \/>\n\t<meta name=\"twitter:data2\" content=\"2 minutos\" \/>\n<script type=\"application\/ld+json\" class=\"yoast-schema-graph\">{\"@context\":\"https:\\\/\\\/schema.org\",\"@graph\":[{\"@type\":\"Article\",\"@id\":\"https:\\\/\\\/interamerica.org\\\/es\\\/2022\\\/02\\\/interamerica-presentara-el-nuevo-programa-de-la-experiencia-biblica-de-vacaciones-el-27-de-febrero\\\/#article\",\"isPartOf\":{\"@id\":\"https:\\\/\\\/interamerica.org\\\/es\\\/2022\\\/02\\\/interamerica-presentara-el-nuevo-programa-de-la-experiencia-biblica-de-vacaciones-el-27-de-febrero\\\/\"},\"author\":{\"name\":\"libna\",\"@id\":\"https:\\\/\\\/interamerica.org\\\/es\\\/#\\\/schema\\\/person\\\/29998f2bc2d8bd0d38662909289b54f1\"},\"headline\":\"Interam\u00e9rica presentar\u00e1 el nuevo programa de la Experiencia B\u00edblica de Vacaciones el 27 de febrero\",\"datePublished\":\"2022-02-24T13:42:32+00:00\",\"dateModified\":\"2022-02-24T15:23:40+00:00\",\"mainEntityOfPage\":{\"@id\":\"https:\\\/\\\/interamerica.org\\\/es\\\/2022\\\/02\\\/interamerica-presentara-el-nuevo-programa-de-la-experiencia-biblica-de-vacaciones-el-27-de-febrero\\\/\"},\"wordCount\":406,\"image\":{\"@id\":\"https:\\\/\\\/interamerica.org\\\/es\\\/2022\\\/02\\\/interamerica-presentara-el-nuevo-programa-de-la-experiencia-biblica-de-vacaciones-el-27-de-febrero\\\/#primaryimage\"},\"thumbnailUrl\":\"https:\\\/\\\/interamerica.org\\\/wp-content\\\/uploads\\\/2022\\\/02\\\/children-erika-giraud-4efed-vtgu4-unsplash.jpg\",\"articleSection\":[\"Desde la sede\",\"RSS Espa\u00f1ol\"],\"inLanguage\":\"es\"},{\"@type\":\"WebPage\",\"@id\":\"https:\\\/\\\/interamerica.org\\\/es\\\/2022\\\/02\\\/interamerica-presentara-el-nuevo-programa-de-la-experiencia-biblica-de-vacaciones-el-27-de-febrero\\\/\",\"url\":\"https:\\\/\\\/interamerica.org\\\/es\\\/2022\\\/02\\\/interamerica-presentara-el-nuevo-programa-de-la-experiencia-biblica-de-vacaciones-el-27-de-febrero\\\/\",\"name\":\"Interam\u00e9rica presentar\u00e1 el nuevo programa de la Experiencia B\u00edblica de Vacaciones el 27 de febrero - Iglesia Adventista del S\u00e9ptimo D\u00eda - Divisi\u00f3n Interamericana\",\"isPartOf\":{\"@id\":\"https:\\\/\\\/interamerica.org\\\/es\\\/#website\"},\"primaryImageOfPage\":{\"@id\":\"https:\\\/\\\/interamerica.org\\\/es\\\/2022\\\/02\\\/interamerica-presentara-el-nuevo-programa-de-la-experiencia-biblica-de-vacaciones-el-27-de-febrero\\\/#primaryimage\"},\"image\":{\"@id\":\"https:\\\/\\\/interamerica.org\\\/es\\\/2022\\\/02\\\/interamerica-presentara-el-nuevo-programa-de-la-experiencia-biblica-de-vacaciones-el-27-de-febrero\\\/#primaryimage\"},\"thumbnailUrl\":\"https:\\\/\\\/interamerica.org\\\/wp-content\\\/uploads\\\/2022\\\/02\\\/children-erika-giraud-4efed-vtgu4-unsplash.jpg\",\"datePublished\":\"2022-02-24T13:42:32+00:00\",\"dateModified\":\"2022-02-24T15:23:40+00:00\",\"author\":{\"@id\":\"https:\\\/\\\/interamerica.org\\\/es\\\/#\\\/schema\\\/person\\\/29998f2bc2d8bd0d38662909289b54f1\"},\"breadcrumb\":{\"@id\":\"https:\\\/\\\/interamerica.org\\\/es\\\/2022\\\/02\\\/interamerica-presentara-el-nuevo-programa-de-la-experiencia-biblica-de-vacaciones-el-27-de-febrero\\\/#breadcrumb\"},\"inLanguage\":\"es\",\"potentialAction\":[{\"@type\":\"ReadAction\",\"target\":[\"https:\\\/\\\/interamerica.org\\\/es\\\/2022\\\/02\\\/interamerica-presentara-el-nuevo-programa-de-la-experiencia-biblica-de-vacaciones-el-27-de-febrero\\\/\"]}]},{\"@type\":\"ImageObject\",\"inLanguage\":\"es\",\"@id\":\"https:\\\/\\\/interamerica.org\\\/es\\\/2022\\\/02\\\/interamerica-presentara-el-nuevo-programa-de-la-experiencia-biblica-de-vacaciones-el-27-de-febrero\\\/#primaryimage\",\"url\":\"https:\\\/\\\/interamerica.org\\\/wp-content\\\/uploads\\\/2022\\\/02\\\/children-erika-giraud-4efed-vtgu4-unsplash.jpg\",\"contentUrl\":\"https:\\\/\\\/interamerica.org\\\/wp-content\\\/uploads\\\/2022\\\/02\\\/children-erika-giraud-4efed-vtgu4-unsplash.jpg\",\"width\":1000,\"height\":625},{\"@type\":\"BreadcrumbList\",\"@id\":\"https:\\\/\\\/interamerica.org\\\/es\\\/2022\\\/02\\\/interamerica-presentara-el-nuevo-programa-de-la-experiencia-biblica-de-vacaciones-el-27-de-febrero\\\/#breadcrumb\",\"itemListElement\":[{\"@type\":\"ListItem\",\"position\":1,\"name\":\"Home\",\"item\":\"https:\\\/\\\/interamerica.org\\\/es\\\/\"},{\"@type\":\"ListItem\",\"position\":2,\"name\":\"Interam\u00e9rica presentar\u00e1 el nuevo programa de la Experiencia B\u00edblica de Vacaciones el 27 de febrero\"}]},{\"@type\":\"WebSite\",\"@id\":\"https:\\\/\\\/interamerica.org\\\/es\\\/#website\",\"url\":\"https:\\\/\\\/interamerica.org\\\/es\\\/\",\"name\":\"Iglesia Adventista del S\u00e9ptimo D\u00eda - Divisi\u00f3n Interamericana\",\"description\":\"\",\"potentialAction\":[{\"@type\":\"SearchAction\",\"target\":{\"@type\":\"EntryPoint\",\"urlTemplate\":\"https:\\\/\\\/interamerica.org\\\/es\\\/?s={search_term_string}\"},\"query-input\":{\"@type\":\"PropertyValueSpecification\",\"valueRequired\":true,\"valueName\":\"search_term_string\"}}],\"inLanguage\":\"es\"},{\"@type\":\"Person\",\"@id\":\"https:\\\/\\\/interamerica.org\\\/es\\\/#\\\/schema\\\/person\\\/29998f2bc2d8bd0d38662909289b54f1\",\"name\":\"libna\",\"image\":{\"@type\":\"ImageObject\",\"inLanguage\":\"es\",\"@id\":\"https:\\\/\\\/secure.gravatar.com\\\/avatar\\\/7c5bd30ae4b47a9ba3c856590957fd1d96dc588bf3ac05719d247e126840331f?s=96&d=mm&r=g\",\"url\":\"https:\\\/\\\/secure.gravatar.com\\\/avatar\\\/7c5bd30ae4b47a9ba3c856590957fd1d96dc588bf3ac05719d247e126840331f?s=96&d=mm&r=g\",\"contentUrl\":\"https:\\\/\\\/secure.gravatar.com\\\/avatar\\\/7c5bd30ae4b47a9ba3c856590957fd1d96dc588bf3ac05719d247e126840331f?s=96&d=mm&r=g\",\"caption\":\"libna\"}}]}<\/script>\n<!-- \/ Yoast SEO plugin. -->","yoast_head_json":{"title":"Interam\u00e9rica presentar\u00e1 el nuevo programa de la Experiencia B\u00edblica de Vacaciones el 27 de febrero - Iglesia Adventista del S\u00e9ptimo D\u00eda - Divisi\u00f3n Interamericana","robots":{"index":"index","follow":"follow","max-snippet":"max-snippet:-1","max-image-preview":"max-image-preview:large","max-video-preview":"max-video-preview:-1"},"canonical":"https:\/\/interamerica.org\/es\/2022\/02\/interamerica-presentara-el-nuevo-programa-de-la-experiencia-biblica-de-vacaciones-el-27-de-febrero\/","og_locale":"es_ES","og_type":"article","og_title":"Interam\u00e9rica presentar\u00e1 el nuevo programa de la Experiencia B\u00edblica de Vacaciones el 27 de febrero - Iglesia Adventista del S\u00e9ptimo D\u00eda - Divisi\u00f3n Interamericana","og_description":"23 de febrero de 2022 | Miami, Florida, Estados Unidos | Libna Stevens, Noticias de la Divisi\u00f3n Interamericana La Iglesia Adventista del S\u00e9ptimo D\u00eda en Interam\u00e9rica presentar\u00e1 su m\u00e1s reciente...","og_url":"https:\/\/interamerica.org\/es\/2022\/02\/interamerica-presentara-el-nuevo-programa-de-la-experiencia-biblica-de-vacaciones-el-27-de-febrero\/","og_site_name":"Iglesia Adventista del S\u00e9ptimo D\u00eda - Divisi\u00f3n Interamericana","article_published_time":"2022-02-24T13:42:32+00:00","article_modified_time":"2022-02-24T15:23:40+00:00","og_image":[{"width":1000,"height":625,"url":"https:\/\/interamerica.org\/wp-content\/uploads\/2022\/02\/children-erika-giraud-4efed-vtgu4-unsplash.jpg","type":"image\/jpeg"}],"author":"libna","twitter_card":"summary_large_image","twitter_misc":{"Escrito por":"libna","Tiempo de lectura":"2 minutos"},"schema":{"@context":"https:\/\/schema.org","@graph":[{"@type":"Article","@id":"https:\/\/interamerica.org\/es\/2022\/02\/interamerica-presentara-el-nuevo-programa-de-la-experiencia-biblica-de-vacaciones-el-27-de-febrero\/#article","isPartOf":{"@id":"https:\/\/interamerica.org\/es\/2022\/02\/interamerica-presentara-el-nuevo-programa-de-la-experiencia-biblica-de-vacaciones-el-27-de-febrero\/"},"author":{"name":"libna","@id":"https:\/\/interamerica.org\/es\/#\/schema\/person\/29998f2bc2d8bd0d38662909289b54f1"},"headline":"Interam\u00e9rica presentar\u00e1 el nuevo programa de la Experiencia B\u00edblica de Vacaciones el 27 de febrero","datePublished":"2022-02-24T13:42:32+00:00","dateModified":"2022-02-24T15:23:40+00:00","mainEntityOfPage":{"@id":"https:\/\/interamerica.org\/es\/2022\/02\/interamerica-presentara-el-nuevo-programa-de-la-experiencia-biblica-de-vacaciones-el-27-de-febrero\/"},"wordCount":406,"image":{"@id":"https:\/\/interamerica.org\/es\/2022\/02\/interamerica-presentara-el-nuevo-programa-de-la-experiencia-biblica-de-vacaciones-el-27-de-febrero\/#primaryimage"},"thumbnailUrl":"https:\/\/interamerica.org\/wp-content\/uploads\/2022\/02\/children-erika-giraud-4efed-vtgu4-unsplash.jpg","articleSection":["Desde la sede","RSS Espa\u00f1ol"],"inLanguage":"es"},{"@type":"WebPage","@id":"https:\/\/interamerica.org\/es\/2022\/02\/interamerica-presentara-el-nuevo-programa-de-la-experiencia-biblica-de-vacaciones-el-27-de-febrero\/","url":"https:\/\/interamerica.org\/es\/2022\/02\/interamerica-presentara-el-nuevo-programa-de-la-experiencia-biblica-de-vacaciones-el-27-de-febrero\/","name":"Interam\u00e9rica presentar\u00e1 el nuevo programa de la Experiencia B\u00edblica de Vacaciones el 27 de febrero - Iglesia Adventista del S\u00e9ptimo D\u00eda - Divisi\u00f3n Interamericana","isPartOf":{"@id":"https:\/\/interamerica.org\/es\/#website"},"primaryImageOfPage":{"@id":"https:\/\/interamerica.org\/es\/2022\/02\/interamerica-presentara-el-nuevo-programa-de-la-experiencia-biblica-de-vacaciones-el-27-de-febrero\/#primaryimage"},"image":{"@id":"https:\/\/interamerica.org\/es\/2022\/02\/interamerica-presentara-el-nuevo-programa-de-la-experiencia-biblica-de-vacaciones-el-27-de-febrero\/#primaryimage"},"thumbnailUrl":"https:\/\/interamerica.org\/wp-content\/uploads\/2022\/02\/children-erika-giraud-4efed-vtgu4-unsplash.jpg","datePublished":"2022-02-24T13:42:32+00:00","dateModified":"2022-02-24T15:23:40+00:00","author":{"@id":"https:\/\/interamerica.org\/es\/#\/schema\/person\/29998f2bc2d8bd0d38662909289b54f1"},"breadcrumb":{"@id":"https:\/\/interamerica.org\/es\/2022\/02\/interamerica-presentara-el-nuevo-programa-de-la-experiencia-biblica-de-vacaciones-el-27-de-febrero\/#breadcrumb"},"inLanguage":"es","potentialAction":[{"@type":"ReadAction","target":["https:\/\/interamerica.org\/es\/2022\/02\/interamerica-presentara-el-nuevo-programa-de-la-experiencia-biblica-de-vacaciones-el-27-de-febrero\/"]}]},{"@type":"ImageObject","inLanguage":"es","@id":"https:\/\/interamerica.org\/es\/2022\/02\/interamerica-presentara-el-nuevo-programa-de-la-experiencia-biblica-de-vacaciones-el-27-de-febrero\/#primaryimage","url":"https:\/\/interamerica.org\/wp-content\/uploads\/2022\/02\/children-erika-giraud-4efed-vtgu4-unsplash.jpg","contentUrl":"https:\/\/interamerica.org\/wp-content\/uploads\/2022\/02\/children-erika-giraud-4efed-vtgu4-unsplash.jpg","width":1000,"height":625},{"@type":"BreadcrumbList","@id":"https:\/\/interamerica.org\/es\/2022\/02\/interamerica-presentara-el-nuevo-programa-de-la-experiencia-biblica-de-vacaciones-el-27-de-febrero\/#breadcrumb","itemListElement":[{"@type":"ListItem","position":1,"name":"Home","item":"https:\/\/interamerica.org\/es\/"},{"@type":"ListItem","position":2,"name":"Interam\u00e9rica presentar\u00e1 el nuevo programa de la Experiencia B\u00edblica de Vacaciones el 27 de febrero"}]},{"@type":"WebSite","@id":"https:\/\/interamerica.org\/es\/#website","url":"https:\/\/interamerica.org\/es\/","name":"Iglesia Adventista del S\u00e9ptimo D\u00eda - Divisi\u00f3n Interamericana","description":"","potentialAction":[{"@type":"SearchAction","target":{"@type":"EntryPoint","urlTemplate":"https:\/\/interamerica.org\/es\/?s={search_term_string}"},"query-input":{"@type":"PropertyValueSpecification","valueRequired":true,"valueName":"search_term_string"}}],"inLanguage":"es"},{"@type":"Person","@id":"https:\/\/interamerica.org\/es\/#\/schema\/person\/29998f2bc2d8bd0d38662909289b54f1","name":"libna","image":{"@type":"ImageObject","inLanguage":"es","@id":"https:\/\/secure.gravatar.com\/avatar\/7c5bd30ae4b47a9ba3c856590957fd1d96dc588bf3ac05719d247e126840331f?s=96&d=mm&r=g","url":"https:\/\/secure.gravatar.com\/avatar\/7c5bd30ae4b47a9ba3c856590957fd1d96dc588bf3ac05719d247e126840331f?s=96&d=mm&r=g","contentUrl":"https:\/\/secure.gravatar.com\/avatar\/7c5bd30ae4b47a9ba3c856590957fd1d96dc588bf3ac05719d247e126840331f?s=96&d=mm&r=g","caption":"libna"}}]}},"_links":{"self":[{"href":"https:\/\/interamerica.org\/es\/wp-json\/wp\/v2\/posts\/81796","targetHints":{"allow":["GET"]}}],"collection":[{"href":"https:\/\/interamerica.org\/es\/wp-json\/wp\/v2\/posts"}],"about":[{"href":"https:\/\/interamerica.org\/es\/wp-json\/wp\/v2\/types\/post"}],"author":[{"embeddable":true,"href":"https:\/\/interamerica.org\/es\/wp-json\/wp\/v2\/users\/3"}],"replies":[{"embeddable":true,"href":"https:\/\/interamerica.org\/es\/wp-json\/wp\/v2\/comments?post=81796"}],"version-history":[{"count":0,"href":"https:\/\/interamerica.org\/es\/wp-json\/wp\/v2\/posts\/81796\/revisions"}],"wp:featuredmedia":[{"embeddable":true,"href":"https:\/\/interamerica.org\/es\/wp-json\/wp\/v2\/media\/81792"}],"wp:attachment":[{"href":"https:\/\/interamerica.org\/es\/wp-json\/wp\/v2\/media?parent=81796"}],"wp:term":[{"taxonomy":"category","embeddable":true,"href":"https:\/\/interamerica.org\/es\/wp-json\/wp\/v2\/categories?post=81796"},{"taxonomy":"post_tag","embeddable":true,"href":"https:\/\/interamerica.org\/es\/wp-json\/wp\/v2\/tags?post=81796"}],"curies":[{"name":"wp","href":"https:\/\/api.w.org\/{rel}","templated":true}]}}