{"id":81872,"date":"2022-02-24T22:53:26","date_gmt":"2022-02-25T02:53:26","guid":{"rendered":"https:\/\/recursing-golick.147-182-135-0.plesk.page\/?p=81872"},"modified":"2022-02-25T10:24:22","modified_gmt":"2022-02-25T14:24:22","slug":"un-llamado-urgente-a-la-oracion","status":"publish","type":"post","link":"https:\/\/interamerica.org\/es\/2022\/02\/un-llamado-urgente-a-la-oracion\/","title":{"rendered":"Un llamado urgente a la oraci\u00f3n"},"content":{"rendered":"<h4 id=\"headline-6-7\" class=\"ct-headline\"><span id=\"span-21-7\" class=\"ct-span\"> Ted N. C. Wilson, presidente de la Iglesia Adventista mundial, insta a todos los miembros a que oren por nuestros hermanos en Europea Oriental.<\/span><\/h4>\n<p>24 de febrero de 2022 | Silver Spring, Maryland, Estados Unidos | Ted N.C. Wilson, presidente de la Asociaci\u00f3n General de los Adventistas del S\u00e9ptimo D\u00eda<\/p>\n<p>Apreciados amigos:<\/p>\n<p>Sin duda, han estado siguiendo los eventos internacionales actuales. Es imperativo que oremos por nuestros queridos hermanos de Europa Oriental, en Ucrania y en Rusia. Los desaf\u00edos que acompa\u00f1an a un conflicto abierto son horrendos. Hay miles de miembros de iglesia en esa regi\u00f3n del mundo. Necesitan de nuestras oraciones y apoyo de todas las maneras posibles. Por favor, mant\u00e9nganlos a ellos y sus familias en sus oraciones, mientras pedimos paz para este mundo, para que los mensajes de los tres \u00e1ngeles puedan ir a cada hogar y coraz\u00f3n en estos \u00faltimos d\u00edas de la historia de la tierra. Por favor, oren por nuestros pastores, miembros de iglesia, l\u00edderes, estudiantes y las instituciones de Ucrania, que incluyen a nuestra instituci\u00f3n educativa de educaci\u00f3n superior en Bucha, a m\u00e1s o menos una hora de viaje de Kiev, nuestra maravillosa cl\u00ednica y centro m\u00e9dico en el centro de Kiev, nuestra casa publicadora en el complejo de la uni\u00f3n, nuestro din\u00e1mico Centro Adventista de Medios, la sede de la Uni\u00f3n Ucraniana en Kiev, las diversas sedes de las asociaciones, cientos de iglesias, y numerosas instituciones educativas.<\/p>\n<p>Despu\u00e9s de haber vivido en esa regi\u00f3n por algunos a\u00f1os, y de haber visitado a nuestros queridos miembros de iglesia en muchas partes de la Divisi\u00f3n Euroasi\u00e1tica, incluido Ucrania, mi coraz\u00f3n est\u00e1 con ellos. Son adventistas del s\u00e9ptimo d\u00eda fieles y dedicados. Por favor, oren por su valor y testificaci\u00f3n cristianos durante estos momentos tan dif\u00edciles. Que la presencia y la fortaleza de Dios pueda ser palpable en cada uno de ellos y que \u00e9l los llene de paz al guiarlos durante esta situaci\u00f3n tan dif\u00edcil. Las promesas preciosas son siempre seguras, como por ejemplo las de Isa\u00edas 26:3, Isa\u00edas 41:10, 13, y Josu\u00e9 1:9.<\/p>\n<p>En el d\u00eda de hoy, casi trescientos empleados de la sede central de la Iglesia Adventista del S\u00e9ptimo D\u00eda en Silver Spring, Maryland, Estados Unidos, se reunieron en Zoom para una Sesi\u00f3n Especial de Oraci\u00f3n del Personal. Estamos listos para ayudar de cualquier manera posible a la Divisi\u00f3n Euroasi\u00e1tica, que incluye a Ucrania. Los ayudaremos con apoyo moral, consejos, oraciones y les brindaremos asistencia financiera. ADRA est\u00e1 actualmente buscando maneras de brindar asistencia humanitaria en el pa\u00eds, adem\u00e1s de ayudar a los que enfrentan el estatus de refugiados.<\/p>\n<p>Por supuesto, la iglesia es impotente desde el punto de vista humano para efectuar cambios mensurables en la situaci\u00f3n actual, pero todos tenemos el poder disponible de la oraci\u00f3n, y nos apoyamos por completo en el Dios Todopoderoso, para que intervenga y ponga fin al derramamiento de sangre y restaure la paz.<\/p>\n<p>La Divisi\u00f3n Euroasi\u00e1tica ha emitido un anuncio especial a todos los miembros de iglesia en el territorio de la divisi\u00f3n para que se unan en una sesi\u00f3n de oraci\u00f3n unida a las 19:00, a partir de hoy 24 de febrero y hasta el 4 de marzo. Asimismo, este s\u00e1bado 26 de febrero ser\u00e1 un d\u00eda de ayuno y oraci\u00f3n a lo largo y a lo ancho de ese vasto territorio de la divisi\u00f3n. Los invito, como familia de la iglesia mundial, a sumarse a nuestros preciosos hermanos de la Divisi\u00f3n Euroasi\u00e1tica en este momento especial de oraci\u00f3n, al orar por la paz y para que el Esp\u00edritu de Dios controle la situaci\u00f3n.<\/p>\n<p>Adem\u00e1s de ello, tengan presente a los miembros de la China, que est\u00e1n enfrentando restricciones cada vez mayores, a los miembros de Birmania, que enfrentan represi\u00f3n, a los miles de miembros de Sud\u00e1n del Sur, que enfrentan una pr\u00f3xima hambruna, a los miles de miembros en Etiop\u00eda, que enfrentan conflictos, y a muchos otros lugares del mundo que est\u00e1n experimentando dificultades. Por cierto, estas son se\u00f1ales del pronto regreso de Cristo.<\/p>\n<p>Necesitamos implorar al Se\u00f1or por medio de la oraci\u00f3n por la paz y el \u00e1nimo en favor de nuestros preciosos hermanos de la Divisi\u00f3n Euroasi\u00e1tica y del mundo. Que el Se\u00f1or lleve sanaci\u00f3n y paz a todos los lugares del mundo que presentan desaf\u00edos. Sabemos que Cristo viene pronto. Qu\u00e9 bienaventurada esperanza tenemos al descansar con seguridad en sus manos. Gracias por sus oraciones.<\/p>\n<p>Ted N.C. Wilson<br \/>\nPresidente de la Iglesia Adventista del S\u00e9ptimo D\u00eda<br \/>\n24 de febrero de 2022<\/p>\n","protected":false},"excerpt":{"rendered":"<p>Ted N. C. Wilson, presidente de la Iglesia Adventista mundial, insta a todos los miembros a que oren por nuestros hermanos en Europea Oriental. 24 de febrero de 2022 |&#8230;<\/p>\n","protected":false},"author":3,"featured_media":81862,"comment_status":"closed","ping_status":"closed","sticky":false,"template":"","format":"standard","meta":{"_acf_changed":false,"footnotes":""},"categories":[14,15],"tags":[],"class_list":["post-81872","post","type-post","status-publish","format-standard","has-post-thumbnail","hentry","category-de-la-iglesia-mundial","category-rss-espanol"],"acf":[],"yoast_head":"<!-- This site is optimized with the Yoast SEO plugin v27.3 - https:\/\/yoast.com\/product\/yoast-seo-wordpress\/ -->\n<title>Un llamado urgente a la oraci\u00f3n - Iglesia Adventista del S\u00e9ptimo D\u00eda - Divisi\u00f3n Interamericana<\/title>\n<meta name=\"robots\" content=\"index, follow, max-snippet:-1, max-image-preview:large, max-video-preview:-1\" \/>\n<link rel=\"canonical\" href=\"https:\/\/interamerica.org\/es\/2022\/02\/un-llamado-urgente-a-la-oracion\/\" \/>\n<meta property=\"og:locale\" content=\"es_ES\" \/>\n<meta property=\"og:type\" content=\"article\" \/>\n<meta property=\"og:title\" content=\"Un llamado urgente a la oraci\u00f3n - Iglesia Adventista del S\u00e9ptimo D\u00eda - Divisi\u00f3n Interamericana\" \/>\n<meta property=\"og:description\" content=\"Ted N. C. Wilson, presidente de la Iglesia Adventista mundial, insta a todos los miembros a que oren por nuestros hermanos en Europea Oriental. 24 de febrero de 2022 |...\" \/>\n<meta property=\"og:url\" content=\"https:\/\/interamerica.org\/es\/2022\/02\/un-llamado-urgente-a-la-oracion\/\" \/>\n<meta property=\"og:site_name\" content=\"Iglesia Adventista del S\u00e9ptimo D\u00eda - Divisi\u00f3n Interamericana\" \/>\n<meta property=\"article:published_time\" content=\"2022-02-25T02:53:26+00:00\" \/>\n<meta property=\"article:modified_time\" content=\"2022-02-25T14:24:22+00:00\" \/>\n<meta property=\"og:image\" content=\"https:\/\/interamerica.org\/wp-content\/uploads\/2022\/02\/prayer-1024x640-rev2.jpg\" \/>\n\t<meta property=\"og:image:width\" content=\"1280\" \/>\n\t<meta property=\"og:image:height\" content=\"800\" \/>\n\t<meta property=\"og:image:type\" content=\"image\/jpeg\" \/>\n<meta name=\"author\" content=\"libna\" \/>\n<meta name=\"twitter:card\" content=\"summary_large_image\" \/>\n<meta name=\"twitter:label1\" content=\"Escrito por\" \/>\n\t<meta name=\"twitter:data1\" content=\"libna\" \/>\n\t<meta name=\"twitter:label2\" content=\"Tiempo de lectura\" \/>\n\t<meta name=\"twitter:data2\" content=\"4 minutos\" \/>\n<script type=\"application\/ld+json\" class=\"yoast-schema-graph\">{\"@context\":\"https:\\\/\\\/schema.org\",\"@graph\":[{\"@type\":\"Article\",\"@id\":\"https:\\\/\\\/interamerica.org\\\/es\\\/2022\\\/02\\\/un-llamado-urgente-a-la-oracion\\\/#article\",\"isPartOf\":{\"@id\":\"https:\\\/\\\/interamerica.org\\\/es\\\/2022\\\/02\\\/un-llamado-urgente-a-la-oracion\\\/\"},\"author\":{\"name\":\"libna\",\"@id\":\"https:\\\/\\\/interamerica.org\\\/es\\\/#\\\/schema\\\/person\\\/29998f2bc2d8bd0d38662909289b54f1\"},\"headline\":\"Un llamado urgente a la oraci\u00f3n\",\"datePublished\":\"2022-02-25T02:53:26+00:00\",\"dateModified\":\"2022-02-25T14:24:22+00:00\",\"mainEntityOfPage\":{\"@id\":\"https:\\\/\\\/interamerica.org\\\/es\\\/2022\\\/02\\\/un-llamado-urgente-a-la-oracion\\\/\"},\"wordCount\":812,\"image\":{\"@id\":\"https:\\\/\\\/interamerica.org\\\/es\\\/2022\\\/02\\\/un-llamado-urgente-a-la-oracion\\\/#primaryimage\"},\"thumbnailUrl\":\"https:\\\/\\\/interamerica.org\\\/wp-content\\\/uploads\\\/2022\\\/02\\\/prayer-1024x640-rev2.jpg\",\"articleSection\":[\"Desde la iglesia mundial\",\"RSS Espa\u00f1ol\"],\"inLanguage\":\"es\"},{\"@type\":\"WebPage\",\"@id\":\"https:\\\/\\\/interamerica.org\\\/es\\\/2022\\\/02\\\/un-llamado-urgente-a-la-oracion\\\/\",\"url\":\"https:\\\/\\\/interamerica.org\\\/es\\\/2022\\\/02\\\/un-llamado-urgente-a-la-oracion\\\/\",\"name\":\"Un llamado urgente a la oraci\u00f3n - Iglesia Adventista del S\u00e9ptimo D\u00eda - Divisi\u00f3n Interamericana\",\"isPartOf\":{\"@id\":\"https:\\\/\\\/interamerica.org\\\/es\\\/#website\"},\"primaryImageOfPage\":{\"@id\":\"https:\\\/\\\/interamerica.org\\\/es\\\/2022\\\/02\\\/un-llamado-urgente-a-la-oracion\\\/#primaryimage\"},\"image\":{\"@id\":\"https:\\\/\\\/interamerica.org\\\/es\\\/2022\\\/02\\\/un-llamado-urgente-a-la-oracion\\\/#primaryimage\"},\"thumbnailUrl\":\"https:\\\/\\\/interamerica.org\\\/wp-content\\\/uploads\\\/2022\\\/02\\\/prayer-1024x640-rev2.jpg\",\"datePublished\":\"2022-02-25T02:53:26+00:00\",\"dateModified\":\"2022-02-25T14:24:22+00:00\",\"author\":{\"@id\":\"https:\\\/\\\/interamerica.org\\\/es\\\/#\\\/schema\\\/person\\\/29998f2bc2d8bd0d38662909289b54f1\"},\"breadcrumb\":{\"@id\":\"https:\\\/\\\/interamerica.org\\\/es\\\/2022\\\/02\\\/un-llamado-urgente-a-la-oracion\\\/#breadcrumb\"},\"inLanguage\":\"es\",\"potentialAction\":[{\"@type\":\"ReadAction\",\"target\":[\"https:\\\/\\\/interamerica.org\\\/es\\\/2022\\\/02\\\/un-llamado-urgente-a-la-oracion\\\/\"]}]},{\"@type\":\"ImageObject\",\"inLanguage\":\"es\",\"@id\":\"https:\\\/\\\/interamerica.org\\\/es\\\/2022\\\/02\\\/un-llamado-urgente-a-la-oracion\\\/#primaryimage\",\"url\":\"https:\\\/\\\/interamerica.org\\\/wp-content\\\/uploads\\\/2022\\\/02\\\/prayer-1024x640-rev2.jpg\",\"contentUrl\":\"https:\\\/\\\/interamerica.org\\\/wp-content\\\/uploads\\\/2022\\\/02\\\/prayer-1024x640-rev2.jpg\",\"width\":1280,\"height\":800},{\"@type\":\"BreadcrumbList\",\"@id\":\"https:\\\/\\\/interamerica.org\\\/es\\\/2022\\\/02\\\/un-llamado-urgente-a-la-oracion\\\/#breadcrumb\",\"itemListElement\":[{\"@type\":\"ListItem\",\"position\":1,\"name\":\"Home\",\"item\":\"https:\\\/\\\/interamerica.org\\\/es\\\/\"},{\"@type\":\"ListItem\",\"position\":2,\"name\":\"Un llamado urgente a la oraci\u00f3n\"}]},{\"@type\":\"WebSite\",\"@id\":\"https:\\\/\\\/interamerica.org\\\/es\\\/#website\",\"url\":\"https:\\\/\\\/interamerica.org\\\/es\\\/\",\"name\":\"Iglesia Adventista del S\u00e9ptimo D\u00eda - Divisi\u00f3n Interamericana\",\"description\":\"\",\"potentialAction\":[{\"@type\":\"SearchAction\",\"target\":{\"@type\":\"EntryPoint\",\"urlTemplate\":\"https:\\\/\\\/interamerica.org\\\/es\\\/?s={search_term_string}\"},\"query-input\":{\"@type\":\"PropertyValueSpecification\",\"valueRequired\":true,\"valueName\":\"search_term_string\"}}],\"inLanguage\":\"es\"},{\"@type\":\"Person\",\"@id\":\"https:\\\/\\\/interamerica.org\\\/es\\\/#\\\/schema\\\/person\\\/29998f2bc2d8bd0d38662909289b54f1\",\"name\":\"libna\",\"image\":{\"@type\":\"ImageObject\",\"inLanguage\":\"es\",\"@id\":\"https:\\\/\\\/secure.gravatar.com\\\/avatar\\\/7c5bd30ae4b47a9ba3c856590957fd1d96dc588bf3ac05719d247e126840331f?s=96&d=mm&r=g\",\"url\":\"https:\\\/\\\/secure.gravatar.com\\\/avatar\\\/7c5bd30ae4b47a9ba3c856590957fd1d96dc588bf3ac05719d247e126840331f?s=96&d=mm&r=g\",\"contentUrl\":\"https:\\\/\\\/secure.gravatar.com\\\/avatar\\\/7c5bd30ae4b47a9ba3c856590957fd1d96dc588bf3ac05719d247e126840331f?s=96&d=mm&r=g\",\"caption\":\"libna\"}}]}<\/script>\n<!-- \/ Yoast SEO plugin. -->","yoast_head_json":{"title":"Un llamado urgente a la oraci\u00f3n - Iglesia Adventista del S\u00e9ptimo D\u00eda - Divisi\u00f3n Interamericana","robots":{"index":"index","follow":"follow","max-snippet":"max-snippet:-1","max-image-preview":"max-image-preview:large","max-video-preview":"max-video-preview:-1"},"canonical":"https:\/\/interamerica.org\/es\/2022\/02\/un-llamado-urgente-a-la-oracion\/","og_locale":"es_ES","og_type":"article","og_title":"Un llamado urgente a la oraci\u00f3n - Iglesia Adventista del S\u00e9ptimo D\u00eda - Divisi\u00f3n Interamericana","og_description":"Ted N. C. Wilson, presidente de la Iglesia Adventista mundial, insta a todos los miembros a que oren por nuestros hermanos en Europea Oriental. 24 de febrero de 2022 |...","og_url":"https:\/\/interamerica.org\/es\/2022\/02\/un-llamado-urgente-a-la-oracion\/","og_site_name":"Iglesia Adventista del S\u00e9ptimo D\u00eda - Divisi\u00f3n Interamericana","article_published_time":"2022-02-25T02:53:26+00:00","article_modified_time":"2022-02-25T14:24:22+00:00","og_image":[{"width":1280,"height":800,"url":"https:\/\/interamerica.org\/wp-content\/uploads\/2022\/02\/prayer-1024x640-rev2.jpg","type":"image\/jpeg"}],"author":"libna","twitter_card":"summary_large_image","twitter_misc":{"Escrito por":"libna","Tiempo de lectura":"4 minutos"},"schema":{"@context":"https:\/\/schema.org","@graph":[{"@type":"Article","@id":"https:\/\/interamerica.org\/es\/2022\/02\/un-llamado-urgente-a-la-oracion\/#article","isPartOf":{"@id":"https:\/\/interamerica.org\/es\/2022\/02\/un-llamado-urgente-a-la-oracion\/"},"author":{"name":"libna","@id":"https:\/\/interamerica.org\/es\/#\/schema\/person\/29998f2bc2d8bd0d38662909289b54f1"},"headline":"Un llamado urgente a la oraci\u00f3n","datePublished":"2022-02-25T02:53:26+00:00","dateModified":"2022-02-25T14:24:22+00:00","mainEntityOfPage":{"@id":"https:\/\/interamerica.org\/es\/2022\/02\/un-llamado-urgente-a-la-oracion\/"},"wordCount":812,"image":{"@id":"https:\/\/interamerica.org\/es\/2022\/02\/un-llamado-urgente-a-la-oracion\/#primaryimage"},"thumbnailUrl":"https:\/\/interamerica.org\/wp-content\/uploads\/2022\/02\/prayer-1024x640-rev2.jpg","articleSection":["Desde la iglesia mundial","RSS Espa\u00f1ol"],"inLanguage":"es"},{"@type":"WebPage","@id":"https:\/\/interamerica.org\/es\/2022\/02\/un-llamado-urgente-a-la-oracion\/","url":"https:\/\/interamerica.org\/es\/2022\/02\/un-llamado-urgente-a-la-oracion\/","name":"Un llamado urgente a la oraci\u00f3n - Iglesia Adventista del S\u00e9ptimo D\u00eda - Divisi\u00f3n Interamericana","isPartOf":{"@id":"https:\/\/interamerica.org\/es\/#website"},"primaryImageOfPage":{"@id":"https:\/\/interamerica.org\/es\/2022\/02\/un-llamado-urgente-a-la-oracion\/#primaryimage"},"image":{"@id":"https:\/\/interamerica.org\/es\/2022\/02\/un-llamado-urgente-a-la-oracion\/#primaryimage"},"thumbnailUrl":"https:\/\/interamerica.org\/wp-content\/uploads\/2022\/02\/prayer-1024x640-rev2.jpg","datePublished":"2022-02-25T02:53:26+00:00","dateModified":"2022-02-25T14:24:22+00:00","author":{"@id":"https:\/\/interamerica.org\/es\/#\/schema\/person\/29998f2bc2d8bd0d38662909289b54f1"},"breadcrumb":{"@id":"https:\/\/interamerica.org\/es\/2022\/02\/un-llamado-urgente-a-la-oracion\/#breadcrumb"},"inLanguage":"es","potentialAction":[{"@type":"ReadAction","target":["https:\/\/interamerica.org\/es\/2022\/02\/un-llamado-urgente-a-la-oracion\/"]}]},{"@type":"ImageObject","inLanguage":"es","@id":"https:\/\/interamerica.org\/es\/2022\/02\/un-llamado-urgente-a-la-oracion\/#primaryimage","url":"https:\/\/interamerica.org\/wp-content\/uploads\/2022\/02\/prayer-1024x640-rev2.jpg","contentUrl":"https:\/\/interamerica.org\/wp-content\/uploads\/2022\/02\/prayer-1024x640-rev2.jpg","width":1280,"height":800},{"@type":"BreadcrumbList","@id":"https:\/\/interamerica.org\/es\/2022\/02\/un-llamado-urgente-a-la-oracion\/#breadcrumb","itemListElement":[{"@type":"ListItem","position":1,"name":"Home","item":"https:\/\/interamerica.org\/es\/"},{"@type":"ListItem","position":2,"name":"Un llamado urgente a la oraci\u00f3n"}]},{"@type":"WebSite","@id":"https:\/\/interamerica.org\/es\/#website","url":"https:\/\/interamerica.org\/es\/","name":"Iglesia Adventista del S\u00e9ptimo D\u00eda - Divisi\u00f3n Interamericana","description":"","potentialAction":[{"@type":"SearchAction","target":{"@type":"EntryPoint","urlTemplate":"https:\/\/interamerica.org\/es\/?s={search_term_string}"},"query-input":{"@type":"PropertyValueSpecification","valueRequired":true,"valueName":"search_term_string"}}],"inLanguage":"es"},{"@type":"Person","@id":"https:\/\/interamerica.org\/es\/#\/schema\/person\/29998f2bc2d8bd0d38662909289b54f1","name":"libna","image":{"@type":"ImageObject","inLanguage":"es","@id":"https:\/\/secure.gravatar.com\/avatar\/7c5bd30ae4b47a9ba3c856590957fd1d96dc588bf3ac05719d247e126840331f?s=96&d=mm&r=g","url":"https:\/\/secure.gravatar.com\/avatar\/7c5bd30ae4b47a9ba3c856590957fd1d96dc588bf3ac05719d247e126840331f?s=96&d=mm&r=g","contentUrl":"https:\/\/secure.gravatar.com\/avatar\/7c5bd30ae4b47a9ba3c856590957fd1d96dc588bf3ac05719d247e126840331f?s=96&d=mm&r=g","caption":"libna"}}]}},"_links":{"self":[{"href":"https:\/\/interamerica.org\/es\/wp-json\/wp\/v2\/posts\/81872","targetHints":{"allow":["GET"]}}],"collection":[{"href":"https:\/\/interamerica.org\/es\/wp-json\/wp\/v2\/posts"}],"about":[{"href":"https:\/\/interamerica.org\/es\/wp-json\/wp\/v2\/types\/post"}],"author":[{"embeddable":true,"href":"https:\/\/interamerica.org\/es\/wp-json\/wp\/v2\/users\/3"}],"replies":[{"embeddable":true,"href":"https:\/\/interamerica.org\/es\/wp-json\/wp\/v2\/comments?post=81872"}],"version-history":[{"count":0,"href":"https:\/\/interamerica.org\/es\/wp-json\/wp\/v2\/posts\/81872\/revisions"}],"wp:featuredmedia":[{"embeddable":true,"href":"https:\/\/interamerica.org\/es\/wp-json\/wp\/v2\/media\/81862"}],"wp:attachment":[{"href":"https:\/\/interamerica.org\/es\/wp-json\/wp\/v2\/media?parent=81872"}],"wp:term":[{"taxonomy":"category","embeddable":true,"href":"https:\/\/interamerica.org\/es\/wp-json\/wp\/v2\/categories?post=81872"},{"taxonomy":"post_tag","embeddable":true,"href":"https:\/\/interamerica.org\/es\/wp-json\/wp\/v2\/tags?post=81872"}],"curies":[{"name":"wp","href":"https:\/\/api.w.org\/{rel}","templated":true}]}}