{"id":81906,"date":"2022-02-27T10:45:36","date_gmt":"2022-02-27T14:45:36","guid":{"rendered":"https:\/\/recursing-golick.147-182-135-0.plesk.page\/?p=81906"},"modified":"2022-02-28T07:33:36","modified_gmt":"2022-02-28T11:33:36","slug":"adra-hace-llamado-a-la-paz-para-el-pueblo-de-ucrania-y-moviliza-asistencia-en-favor-de-millones-impactados-por-la-guerra","status":"publish","type":"post","link":"https:\/\/interamerica.org\/es\/2022\/02\/adra-hace-llamado-a-la-paz-para-el-pueblo-de-ucrania-y-moviliza-asistencia-en-favor-de-millones-impactados-por-la-guerra\/","title":{"rendered":"ADRA hace llamado a la paz para el pueblo de Ucrania y moviliza asistencia en favor de millones impactados por la guerra"},"content":{"rendered":"<p><strong>La agencia humanitaria lanza campa\u00f1a en apoyo de refugiados \u00a0<\/strong><\/p>\n<p>26 de febrero de 2022 | Silver Spring, Maryland, Estados Unidos | Iris Argueta, ADRA International<\/p>\n<p>La Agencia Adventista de Desarrollo y Recursos Asistenciales (ADRA) est\u00e1 incrementando sus operaciones de env\u00edo de ayuda humanitaria a los ni\u00f1os y familias desplazados por la guerra en Ucrania. Esta agencia asistencial ha lanzado una campa\u00f1a para reunir fondos monetarios a fin de fortalecer programas en favor de refugiados procedentes de Ucrania y otras comunidades mundiales. De acuerdo con las Naciones Unidas, aproximadamente 100,000 ucranianos se han visto forzados a abandonar sus hogares. Se espera que m\u00e1s de 5 millones procuren refugio en otras naciones, incluyendo los Estados Unidos.<\/p>\n<p>\u201cADRA hace un llamado a la paz y a la protecci\u00f3n de los millones de personas afectados por la crisis en Ucrania. \u00dananse a nosotros en oraci\u00f3n por la seguridad y bienestar de decenas de miles de ni\u00f1os y familias que se encuentran en peligro y han sido o ser\u00e1n desplazadas\u201d, dijo Michael Kruger, presidente de ADRA. \u201cEstamos tomando medidas para asegurar la protecci\u00f3n de nuestro personal en ese lugar y trabajando con socios confiables y la Iglesia Adventista, para asegurarnos de que nuestra ayuda humanitaria pueda llegar r\u00e1pidamente a quienes la necesitan\u201d.<\/p>\n<p>\u201cADRA est\u00e1 siguiendo muy de cerca la situaci\u00f3n en ese lugar. Hay refugiados en movimiento dentro de Ucrania, abandonando las ciudades que est\u00e1n bajo ataque. Muchos de ellos han cruzado ya la frontera rumbo a Polonia, Eslovaquia, Hungr\u00eda y otros pa\u00edses cercanos\u201d, dijo Mario Oliveira, director de ADRA para manejo de emergencias. \u201cVoluntarios de la Iglesia Adventista de esas regiones est\u00e1n ayudando a distribuir alimentos, agua y art\u00edculos de higiene. En Rumania, estamos ya proporcionando refugio en centros juveniles y edificios de iglesias a los refugiados y esperamos acomodar en ellos a cientos de familias\u201d.<\/p>\n<p>ADRA proveer\u00e1 tambi\u00e9n paquetes de bienvenida con ropa, art\u00edculos de primera necesidad y \u00a0bonos o v\u00e1ucher prepagados con dinero en efectivo, siendo que los bancos en Ucrania han suspendido sus operaciones. ADRA tiene planes de proveer apoyo sicol\u00f3gico a largo plazo y otros servicios de atenci\u00f3n a la salud, a la poblaci\u00f3n vulnerable que reside en asentamientos aislados.<\/p>\n<p>Para saber m\u00e1s acerca de la respuesta de ADRA, o para enviar donaciones para ayudar a los esfuerzos de asistencia en Ucrania y en todo el mundo, visita <a href=\"https:\/\/adra.org\/\">ADRA.org<\/a>.<\/p>\n<p>Traducci\u00f3n \u2013 Gloria A Castrej\u00f3n<\/p>\n<h4><\/h4>\n","protected":false},"excerpt":{"rendered":"<p>La agencia humanitaria lanza campa\u00f1a en apoyo de refugiados \u00a0 26 de febrero de 2022 | Silver Spring, Maryland, Estados Unidos | Iris Argueta, ADRA International La Agencia Adventista de&#8230;<\/p>\n","protected":false},"author":3,"featured_media":81895,"comment_status":"closed","ping_status":"closed","sticky":false,"template":"","format":"standard","meta":{"_acf_changed":false,"footnotes":""},"categories":[14,15],"tags":[],"class_list":["post-81906","post","type-post","status-publish","format-standard","has-post-thumbnail","hentry","category-de-la-iglesia-mundial","category-rss-espanol"],"acf":[],"yoast_head":"<!-- This site is optimized with the Yoast SEO plugin v27.3 - https:\/\/yoast.com\/product\/yoast-seo-wordpress\/ -->\n<title>ADRA hace llamado a la paz para el pueblo de Ucrania y moviliza asistencia en favor de millones impactados por la guerra - Iglesia Adventista del S\u00e9ptimo D\u00eda - Divisi\u00f3n Interamericana<\/title>\n<meta name=\"robots\" content=\"index, follow, max-snippet:-1, max-image-preview:large, max-video-preview:-1\" \/>\n<link rel=\"canonical\" href=\"https:\/\/interamerica.org\/es\/2022\/02\/adra-hace-llamado-a-la-paz-para-el-pueblo-de-ucrania-y-moviliza-asistencia-en-favor-de-millones-impactados-por-la-guerra\/\" \/>\n<meta property=\"og:locale\" content=\"es_ES\" \/>\n<meta property=\"og:type\" content=\"article\" \/>\n<meta property=\"og:title\" content=\"ADRA hace llamado a la paz para el pueblo de Ucrania y moviliza asistencia en favor de millones impactados por la guerra - Iglesia Adventista del S\u00e9ptimo D\u00eda - Divisi\u00f3n Interamericana\" \/>\n<meta property=\"og:description\" content=\"La agencia humanitaria lanza campa\u00f1a en apoyo de refugiados \u00a0 26 de febrero de 2022 | Silver Spring, Maryland, Estados Unidos | Iris Argueta, ADRA International La Agencia Adventista de...\" \/>\n<meta property=\"og:url\" content=\"https:\/\/interamerica.org\/es\/2022\/02\/adra-hace-llamado-a-la-paz-para-el-pueblo-de-ucrania-y-moviliza-asistencia-en-favor-de-millones-impactados-por-la-guerra\/\" \/>\n<meta property=\"og:site_name\" content=\"Iglesia Adventista del S\u00e9ptimo D\u00eda - Divisi\u00f3n Interamericana\" \/>\n<meta property=\"article:published_time\" content=\"2022-02-27T14:45:36+00:00\" \/>\n<meta property=\"article:modified_time\" content=\"2022-02-28T11:33:36+00:00\" \/>\n<meta property=\"og:image\" content=\"https:\/\/interamerica.org\/wp-content\/uploads\/2022\/02\/adra-international-ukraine1280.jpg\" \/>\n\t<meta property=\"og:image:width\" content=\"1280\" \/>\n\t<meta property=\"og:image:height\" content=\"800\" \/>\n\t<meta property=\"og:image:type\" content=\"image\/jpeg\" \/>\n<meta name=\"author\" content=\"libna\" \/>\n<meta name=\"twitter:card\" content=\"summary_large_image\" \/>\n<meta name=\"twitter:label1\" content=\"Escrito por\" \/>\n\t<meta name=\"twitter:data1\" content=\"libna\" \/>\n\t<meta name=\"twitter:label2\" content=\"Tiempo de lectura\" \/>\n\t<meta name=\"twitter:data2\" content=\"2 minutos\" \/>\n<script type=\"application\/ld+json\" class=\"yoast-schema-graph\">{\"@context\":\"https:\\\/\\\/schema.org\",\"@graph\":[{\"@type\":\"Article\",\"@id\":\"https:\\\/\\\/interamerica.org\\\/es\\\/2022\\\/02\\\/adra-hace-llamado-a-la-paz-para-el-pueblo-de-ucrania-y-moviliza-asistencia-en-favor-de-millones-impactados-por-la-guerra\\\/#article\",\"isPartOf\":{\"@id\":\"https:\\\/\\\/interamerica.org\\\/es\\\/2022\\\/02\\\/adra-hace-llamado-a-la-paz-para-el-pueblo-de-ucrania-y-moviliza-asistencia-en-favor-de-millones-impactados-por-la-guerra\\\/\"},\"author\":{\"name\":\"libna\",\"@id\":\"https:\\\/\\\/interamerica.org\\\/es\\\/#\\\/schema\\\/person\\\/29998f2bc2d8bd0d38662909289b54f1\"},\"headline\":\"ADRA hace llamado a la paz para el pueblo de Ucrania y moviliza asistencia en favor de millones impactados por la guerra\",\"datePublished\":\"2022-02-27T14:45:36+00:00\",\"dateModified\":\"2022-02-28T11:33:36+00:00\",\"mainEntityOfPage\":{\"@id\":\"https:\\\/\\\/interamerica.org\\\/es\\\/2022\\\/02\\\/adra-hace-llamado-a-la-paz-para-el-pueblo-de-ucrania-y-moviliza-asistencia-en-favor-de-millones-impactados-por-la-guerra\\\/\"},\"wordCount\":436,\"image\":{\"@id\":\"https:\\\/\\\/interamerica.org\\\/es\\\/2022\\\/02\\\/adra-hace-llamado-a-la-paz-para-el-pueblo-de-ucrania-y-moviliza-asistencia-en-favor-de-millones-impactados-por-la-guerra\\\/#primaryimage\"},\"thumbnailUrl\":\"https:\\\/\\\/interamerica.org\\\/wp-content\\\/uploads\\\/2022\\\/02\\\/adra-international-ukraine1280.jpg\",\"articleSection\":[\"Desde la iglesia mundial\",\"RSS Espa\u00f1ol\"],\"inLanguage\":\"es\"},{\"@type\":\"WebPage\",\"@id\":\"https:\\\/\\\/interamerica.org\\\/es\\\/2022\\\/02\\\/adra-hace-llamado-a-la-paz-para-el-pueblo-de-ucrania-y-moviliza-asistencia-en-favor-de-millones-impactados-por-la-guerra\\\/\",\"url\":\"https:\\\/\\\/interamerica.org\\\/es\\\/2022\\\/02\\\/adra-hace-llamado-a-la-paz-para-el-pueblo-de-ucrania-y-moviliza-asistencia-en-favor-de-millones-impactados-por-la-guerra\\\/\",\"name\":\"ADRA hace llamado a la paz para el pueblo de Ucrania y moviliza asistencia en favor de millones impactados por la guerra - Iglesia Adventista del S\u00e9ptimo D\u00eda - Divisi\u00f3n Interamericana\",\"isPartOf\":{\"@id\":\"https:\\\/\\\/interamerica.org\\\/es\\\/#website\"},\"primaryImageOfPage\":{\"@id\":\"https:\\\/\\\/interamerica.org\\\/es\\\/2022\\\/02\\\/adra-hace-llamado-a-la-paz-para-el-pueblo-de-ucrania-y-moviliza-asistencia-en-favor-de-millones-impactados-por-la-guerra\\\/#primaryimage\"},\"image\":{\"@id\":\"https:\\\/\\\/interamerica.org\\\/es\\\/2022\\\/02\\\/adra-hace-llamado-a-la-paz-para-el-pueblo-de-ucrania-y-moviliza-asistencia-en-favor-de-millones-impactados-por-la-guerra\\\/#primaryimage\"},\"thumbnailUrl\":\"https:\\\/\\\/interamerica.org\\\/wp-content\\\/uploads\\\/2022\\\/02\\\/adra-international-ukraine1280.jpg\",\"datePublished\":\"2022-02-27T14:45:36+00:00\",\"dateModified\":\"2022-02-28T11:33:36+00:00\",\"author\":{\"@id\":\"https:\\\/\\\/interamerica.org\\\/es\\\/#\\\/schema\\\/person\\\/29998f2bc2d8bd0d38662909289b54f1\"},\"breadcrumb\":{\"@id\":\"https:\\\/\\\/interamerica.org\\\/es\\\/2022\\\/02\\\/adra-hace-llamado-a-la-paz-para-el-pueblo-de-ucrania-y-moviliza-asistencia-en-favor-de-millones-impactados-por-la-guerra\\\/#breadcrumb\"},\"inLanguage\":\"es\",\"potentialAction\":[{\"@type\":\"ReadAction\",\"target\":[\"https:\\\/\\\/interamerica.org\\\/es\\\/2022\\\/02\\\/adra-hace-llamado-a-la-paz-para-el-pueblo-de-ucrania-y-moviliza-asistencia-en-favor-de-millones-impactados-por-la-guerra\\\/\"]}]},{\"@type\":\"ImageObject\",\"inLanguage\":\"es\",\"@id\":\"https:\\\/\\\/interamerica.org\\\/es\\\/2022\\\/02\\\/adra-hace-llamado-a-la-paz-para-el-pueblo-de-ucrania-y-moviliza-asistencia-en-favor-de-millones-impactados-por-la-guerra\\\/#primaryimage\",\"url\":\"https:\\\/\\\/interamerica.org\\\/wp-content\\\/uploads\\\/2022\\\/02\\\/adra-international-ukraine1280.jpg\",\"contentUrl\":\"https:\\\/\\\/interamerica.org\\\/wp-content\\\/uploads\\\/2022\\\/02\\\/adra-international-ukraine1280.jpg\",\"width\":1280,\"height\":800,\"caption\":\"[Imagen: ADRA International]\"},{\"@type\":\"BreadcrumbList\",\"@id\":\"https:\\\/\\\/interamerica.org\\\/es\\\/2022\\\/02\\\/adra-hace-llamado-a-la-paz-para-el-pueblo-de-ucrania-y-moviliza-asistencia-en-favor-de-millones-impactados-por-la-guerra\\\/#breadcrumb\",\"itemListElement\":[{\"@type\":\"ListItem\",\"position\":1,\"name\":\"Home\",\"item\":\"https:\\\/\\\/interamerica.org\\\/es\\\/\"},{\"@type\":\"ListItem\",\"position\":2,\"name\":\"ADRA hace llamado a la paz para el pueblo de Ucrania y moviliza asistencia en favor de millones impactados por la guerra\"}]},{\"@type\":\"WebSite\",\"@id\":\"https:\\\/\\\/interamerica.org\\\/es\\\/#website\",\"url\":\"https:\\\/\\\/interamerica.org\\\/es\\\/\",\"name\":\"Iglesia Adventista del S\u00e9ptimo D\u00eda - Divisi\u00f3n Interamericana\",\"description\":\"\",\"potentialAction\":[{\"@type\":\"SearchAction\",\"target\":{\"@type\":\"EntryPoint\",\"urlTemplate\":\"https:\\\/\\\/interamerica.org\\\/es\\\/?s={search_term_string}\"},\"query-input\":{\"@type\":\"PropertyValueSpecification\",\"valueRequired\":true,\"valueName\":\"search_term_string\"}}],\"inLanguage\":\"es\"},{\"@type\":\"Person\",\"@id\":\"https:\\\/\\\/interamerica.org\\\/es\\\/#\\\/schema\\\/person\\\/29998f2bc2d8bd0d38662909289b54f1\",\"name\":\"libna\",\"image\":{\"@type\":\"ImageObject\",\"inLanguage\":\"es\",\"@id\":\"https:\\\/\\\/secure.gravatar.com\\\/avatar\\\/7c5bd30ae4b47a9ba3c856590957fd1d96dc588bf3ac05719d247e126840331f?s=96&d=mm&r=g\",\"url\":\"https:\\\/\\\/secure.gravatar.com\\\/avatar\\\/7c5bd30ae4b47a9ba3c856590957fd1d96dc588bf3ac05719d247e126840331f?s=96&d=mm&r=g\",\"contentUrl\":\"https:\\\/\\\/secure.gravatar.com\\\/avatar\\\/7c5bd30ae4b47a9ba3c856590957fd1d96dc588bf3ac05719d247e126840331f?s=96&d=mm&r=g\",\"caption\":\"libna\"}}]}<\/script>\n<!-- \/ Yoast SEO plugin. -->","yoast_head_json":{"title":"ADRA hace llamado a la paz para el pueblo de Ucrania y moviliza asistencia en favor de millones impactados por la guerra - Iglesia Adventista del S\u00e9ptimo D\u00eda - Divisi\u00f3n Interamericana","robots":{"index":"index","follow":"follow","max-snippet":"max-snippet:-1","max-image-preview":"max-image-preview:large","max-video-preview":"max-video-preview:-1"},"canonical":"https:\/\/interamerica.org\/es\/2022\/02\/adra-hace-llamado-a-la-paz-para-el-pueblo-de-ucrania-y-moviliza-asistencia-en-favor-de-millones-impactados-por-la-guerra\/","og_locale":"es_ES","og_type":"article","og_title":"ADRA hace llamado a la paz para el pueblo de Ucrania y moviliza asistencia en favor de millones impactados por la guerra - Iglesia Adventista del S\u00e9ptimo D\u00eda - Divisi\u00f3n Interamericana","og_description":"La agencia humanitaria lanza campa\u00f1a en apoyo de refugiados \u00a0 26 de febrero de 2022 | Silver Spring, Maryland, Estados Unidos | Iris Argueta, ADRA International La Agencia Adventista de...","og_url":"https:\/\/interamerica.org\/es\/2022\/02\/adra-hace-llamado-a-la-paz-para-el-pueblo-de-ucrania-y-moviliza-asistencia-en-favor-de-millones-impactados-por-la-guerra\/","og_site_name":"Iglesia Adventista del S\u00e9ptimo D\u00eda - Divisi\u00f3n Interamericana","article_published_time":"2022-02-27T14:45:36+00:00","article_modified_time":"2022-02-28T11:33:36+00:00","og_image":[{"width":1280,"height":800,"url":"https:\/\/interamerica.org\/wp-content\/uploads\/2022\/02\/adra-international-ukraine1280.jpg","type":"image\/jpeg"}],"author":"libna","twitter_card":"summary_large_image","twitter_misc":{"Escrito por":"libna","Tiempo de lectura":"2 minutos"},"schema":{"@context":"https:\/\/schema.org","@graph":[{"@type":"Article","@id":"https:\/\/interamerica.org\/es\/2022\/02\/adra-hace-llamado-a-la-paz-para-el-pueblo-de-ucrania-y-moviliza-asistencia-en-favor-de-millones-impactados-por-la-guerra\/#article","isPartOf":{"@id":"https:\/\/interamerica.org\/es\/2022\/02\/adra-hace-llamado-a-la-paz-para-el-pueblo-de-ucrania-y-moviliza-asistencia-en-favor-de-millones-impactados-por-la-guerra\/"},"author":{"name":"libna","@id":"https:\/\/interamerica.org\/es\/#\/schema\/person\/29998f2bc2d8bd0d38662909289b54f1"},"headline":"ADRA hace llamado a la paz para el pueblo de Ucrania y moviliza asistencia en favor de millones impactados por la guerra","datePublished":"2022-02-27T14:45:36+00:00","dateModified":"2022-02-28T11:33:36+00:00","mainEntityOfPage":{"@id":"https:\/\/interamerica.org\/es\/2022\/02\/adra-hace-llamado-a-la-paz-para-el-pueblo-de-ucrania-y-moviliza-asistencia-en-favor-de-millones-impactados-por-la-guerra\/"},"wordCount":436,"image":{"@id":"https:\/\/interamerica.org\/es\/2022\/02\/adra-hace-llamado-a-la-paz-para-el-pueblo-de-ucrania-y-moviliza-asistencia-en-favor-de-millones-impactados-por-la-guerra\/#primaryimage"},"thumbnailUrl":"https:\/\/interamerica.org\/wp-content\/uploads\/2022\/02\/adra-international-ukraine1280.jpg","articleSection":["Desde la iglesia mundial","RSS Espa\u00f1ol"],"inLanguage":"es"},{"@type":"WebPage","@id":"https:\/\/interamerica.org\/es\/2022\/02\/adra-hace-llamado-a-la-paz-para-el-pueblo-de-ucrania-y-moviliza-asistencia-en-favor-de-millones-impactados-por-la-guerra\/","url":"https:\/\/interamerica.org\/es\/2022\/02\/adra-hace-llamado-a-la-paz-para-el-pueblo-de-ucrania-y-moviliza-asistencia-en-favor-de-millones-impactados-por-la-guerra\/","name":"ADRA hace llamado a la paz para el pueblo de Ucrania y moviliza asistencia en favor de millones impactados por la guerra - Iglesia Adventista del S\u00e9ptimo D\u00eda - Divisi\u00f3n Interamericana","isPartOf":{"@id":"https:\/\/interamerica.org\/es\/#website"},"primaryImageOfPage":{"@id":"https:\/\/interamerica.org\/es\/2022\/02\/adra-hace-llamado-a-la-paz-para-el-pueblo-de-ucrania-y-moviliza-asistencia-en-favor-de-millones-impactados-por-la-guerra\/#primaryimage"},"image":{"@id":"https:\/\/interamerica.org\/es\/2022\/02\/adra-hace-llamado-a-la-paz-para-el-pueblo-de-ucrania-y-moviliza-asistencia-en-favor-de-millones-impactados-por-la-guerra\/#primaryimage"},"thumbnailUrl":"https:\/\/interamerica.org\/wp-content\/uploads\/2022\/02\/adra-international-ukraine1280.jpg","datePublished":"2022-02-27T14:45:36+00:00","dateModified":"2022-02-28T11:33:36+00:00","author":{"@id":"https:\/\/interamerica.org\/es\/#\/schema\/person\/29998f2bc2d8bd0d38662909289b54f1"},"breadcrumb":{"@id":"https:\/\/interamerica.org\/es\/2022\/02\/adra-hace-llamado-a-la-paz-para-el-pueblo-de-ucrania-y-moviliza-asistencia-en-favor-de-millones-impactados-por-la-guerra\/#breadcrumb"},"inLanguage":"es","potentialAction":[{"@type":"ReadAction","target":["https:\/\/interamerica.org\/es\/2022\/02\/adra-hace-llamado-a-la-paz-para-el-pueblo-de-ucrania-y-moviliza-asistencia-en-favor-de-millones-impactados-por-la-guerra\/"]}]},{"@type":"ImageObject","inLanguage":"es","@id":"https:\/\/interamerica.org\/es\/2022\/02\/adra-hace-llamado-a-la-paz-para-el-pueblo-de-ucrania-y-moviliza-asistencia-en-favor-de-millones-impactados-por-la-guerra\/#primaryimage","url":"https:\/\/interamerica.org\/wp-content\/uploads\/2022\/02\/adra-international-ukraine1280.jpg","contentUrl":"https:\/\/interamerica.org\/wp-content\/uploads\/2022\/02\/adra-international-ukraine1280.jpg","width":1280,"height":800,"caption":"[Imagen: ADRA International]"},{"@type":"BreadcrumbList","@id":"https:\/\/interamerica.org\/es\/2022\/02\/adra-hace-llamado-a-la-paz-para-el-pueblo-de-ucrania-y-moviliza-asistencia-en-favor-de-millones-impactados-por-la-guerra\/#breadcrumb","itemListElement":[{"@type":"ListItem","position":1,"name":"Home","item":"https:\/\/interamerica.org\/es\/"},{"@type":"ListItem","position":2,"name":"ADRA hace llamado a la paz para el pueblo de Ucrania y moviliza asistencia en favor de millones impactados por la guerra"}]},{"@type":"WebSite","@id":"https:\/\/interamerica.org\/es\/#website","url":"https:\/\/interamerica.org\/es\/","name":"Iglesia Adventista del S\u00e9ptimo D\u00eda - Divisi\u00f3n Interamericana","description":"","potentialAction":[{"@type":"SearchAction","target":{"@type":"EntryPoint","urlTemplate":"https:\/\/interamerica.org\/es\/?s={search_term_string}"},"query-input":{"@type":"PropertyValueSpecification","valueRequired":true,"valueName":"search_term_string"}}],"inLanguage":"es"},{"@type":"Person","@id":"https:\/\/interamerica.org\/es\/#\/schema\/person\/29998f2bc2d8bd0d38662909289b54f1","name":"libna","image":{"@type":"ImageObject","inLanguage":"es","@id":"https:\/\/secure.gravatar.com\/avatar\/7c5bd30ae4b47a9ba3c856590957fd1d96dc588bf3ac05719d247e126840331f?s=96&d=mm&r=g","url":"https:\/\/secure.gravatar.com\/avatar\/7c5bd30ae4b47a9ba3c856590957fd1d96dc588bf3ac05719d247e126840331f?s=96&d=mm&r=g","contentUrl":"https:\/\/secure.gravatar.com\/avatar\/7c5bd30ae4b47a9ba3c856590957fd1d96dc588bf3ac05719d247e126840331f?s=96&d=mm&r=g","caption":"libna"}}]}},"_links":{"self":[{"href":"https:\/\/interamerica.org\/es\/wp-json\/wp\/v2\/posts\/81906","targetHints":{"allow":["GET"]}}],"collection":[{"href":"https:\/\/interamerica.org\/es\/wp-json\/wp\/v2\/posts"}],"about":[{"href":"https:\/\/interamerica.org\/es\/wp-json\/wp\/v2\/types\/post"}],"author":[{"embeddable":true,"href":"https:\/\/interamerica.org\/es\/wp-json\/wp\/v2\/users\/3"}],"replies":[{"embeddable":true,"href":"https:\/\/interamerica.org\/es\/wp-json\/wp\/v2\/comments?post=81906"}],"version-history":[{"count":0,"href":"https:\/\/interamerica.org\/es\/wp-json\/wp\/v2\/posts\/81906\/revisions"}],"wp:featuredmedia":[{"embeddable":true,"href":"https:\/\/interamerica.org\/es\/wp-json\/wp\/v2\/media\/81895"}],"wp:attachment":[{"href":"https:\/\/interamerica.org\/es\/wp-json\/wp\/v2\/media?parent=81906"}],"wp:term":[{"taxonomy":"category","embeddable":true,"href":"https:\/\/interamerica.org\/es\/wp-json\/wp\/v2\/categories?post=81906"},{"taxonomy":"post_tag","embeddable":true,"href":"https:\/\/interamerica.org\/es\/wp-json\/wp\/v2\/tags?post=81906"}],"curies":[{"name":"wp","href":"https:\/\/api.w.org\/{rel}","templated":true}]}}